{"id":52016,"date":"2020-01-16T08:47:19","date_gmt":"2020-01-16T14:47:19","guid":{"rendered":"http:\/\/www.lospoliticosveracruz.com.mx\/?p=52016"},"modified":"2020-01-16T08:47:19","modified_gmt":"2020-01-16T14:47:19","slug":"ultima-oportunidad-para-cuic","status":"publish","type":"post","link":"https:\/\/lospoliticosveracruz.com\/?p=52016","title":{"rendered":"\u00a1\u00daltima oportunidad para Cuic!"},"content":{"rendered":"<p><strong>Ricardo Ch\u00faa<\/strong><\/p>\n<p><em>Sale y Vale<\/em><\/p>\n<p>EXCLUSIVA&#8230; El Tribunal Electoral del Poder Judicial de la Federaci\u00f3n correspondiente a la Tercera Circunscripci\u00f3n Plurinominal con sede en Xalapa&#8230; LE DESHECHO el RECURSO DE RECONSIDERACI\u00d3N a Pepe Mancha-Do para no reconocer el triunfo de la dirigencia estatal del PAN a Joaqu\u00edn Rosendo Guzm\u00e1n Aviles.. Dado que el de Tantuyuca dice el \u00f3rgano judicial no viol\u00f3 la ley con el tema de expedici\u00f3n de la convocatoria&#8230; Tampoco fall\u00f3 el computo estatal en elecci\u00f3n extraordinaria&#8230; Por lo cual, todo se queda como est\u00e1 en el PAN \u00abjaocho\u00bb&#8230;<\/p>\n<p>Este resolutivo se encuentra en la C\u00e9dula de Notificaci\u00f3n Por Estrados con el n\u00famero de expediente: SUP-REC-619\/2019 y fue emitido por el TEPJF&#8230; En pocas palabras y pa que se entienda&#8230; Este \u00abround\u00bb lo perdi\u00f3 Mancha y lo gan\u00f3 el \u00abChapito\u00bb&#8230; Y a Mancha-Do ya s\u00f3lo le queda la Sala Superior del tribunal electoral en CDMX&#8230; Si lo pierde, a \u00abEl Chapo\u00bb no lo quita del PAN estatal, ni Dios padre&#8230; S\u00f3lo AMLO&#8230; Sin m\u00e1s, el \u00abPAN-Caca\u00bb va ganando o \u00abMORAN\u00bb como lo quieran llamar&#8230; M\u00e1s cerca de MORENA no se puede&#8230; MOCOS PETRA&#8230;<\/p>\n<p>CUITL\u00c1HUAC, LA \u00daLTIMA OPORTUNIDAD&#8230; Fuentes cercanas al gobierno estatal de MORENA en Veracruz se\u00f1alan que el gobierno federal, por orden directa, de Andr\u00e9s Manuel L\u00f3pez Obrador, al entregarle los resultados de las \u00faltimas mediciones de diciembre y la primera semana de enero, las reales, no las que mandan a pagar con encuestadoras y observ\u00f3 que Cuitl\u00e1huac Garc\u00eda, no cay\u00f3 m\u00e1s y ronda en los 25 puntos de aceptaci\u00f3n ciudadana&#8230;Por eso ha decidido \u00abecharle\u00bb una mano&#8230;<\/p>\n<p>En pocas palabras&#8230; Le van a dar SU \u00daLTIMA OPORTUNIDAD para ver si puede repuntar en el 2020, ya que estar\u00e1 en la antesala de elecciones que enfrentar\u00e1 en 2021, la estatal y la federal, para renovar el Congreso Local y los 19 distritos electorales que tendr\u00e1 que entregar cuentas a L\u00f3pez Obrador&#8230; Si no el 2021, en caso de perder, ser\u00e1 el inicio del caos en su administraci\u00f3n&#8230; Y aun as\u00ed seguramente en diciembre del 2020 habr\u00e1 otra medici\u00f3n para saber su futuro inmediato&#8230; \u00bfResistir\u00e1?&#8230;<\/p>\n<p>Por ello es que el gobierno estatal con todo el control que tiene del Congreso Local ha iniciado una \u00abcacer\u00eda de brujas\u00bb a todo lo que \u00abhuela\u00bb a Yunes Azules, a los alcaldes panistas que no obedecen al \u00abChapito\u00bb Guzm\u00e1n Avil\u00e9s&#8230;. A todo fuerza pol\u00edtica ligada al PRI de Marlon Ram\u00edrez.. Al PRD de Rogelio Franco&#8230; A las organizaciones sociales y l\u00edderes pol\u00edticos que no comulguen con el gobierno estatal&#8230; Hasta con periodistas y actores sociales anti-Morenos&#8230; Los que no, ya est\u00e1n de su lado&#8230; S\u00f3lo lean \u00abAlabado sea Cuitl\u00e1huac\u00bb&#8230;<\/p>\n<p>Raz\u00f3n por la cual, empezaron como parte de una estrategia estos \u00abataques\u00bb primero a Yunes Linares y su descendencia para \u00abempoderar\u00bb a Cuitl\u00e1huac&#8230; Y quieren como su primer trofeo, el tema del alcalde de Actopan, Jos\u00e9 Paulino Dom\u00ednguez S\u00e1nchez, cuya historia la mencionamos en este espacio&#8230; Ya para los Morenos y Cuitl\u00e1hac, el desenlace es lo de menos&#8230; Por ley tiene que subir el suplente, pero quieren que quede a fuerza el regidor tercero, Eduardo Carranza Barradas, de Movimiento Ciudadano&#8230; Una salida pol\u00edtica, no jur\u00eddica&#8230;<\/p>\n<p>Parte de esta estrategia es buscar que Dante Delgado y el MC en Veracruz&#8230; Que saben que ir\u00e1 solo en las elecciones del 2021&#8230; Busquen la forma de que sea un \u00abaliado ocasional\u00bb de Cuitl\u00e1huac y MORENA&#8230; Y los votos que obtenga, la mayor\u00eda sea del PAN o PRI, no de Morenos&#8230; Por eso, tienen la intenci\u00f3n de dejar en varios sitios donde \u00abhar\u00e1n travesuras\u00bb pol\u00edticas a personajes ligados al ex gobernador convergente&#8230; As\u00ed de f\u00e1cil&#8230;<\/p>\n<p>La idea, nos cuentan, que se est\u00e1n bas\u00e1ndose en MORENA y el operador que tiene Cuitl\u00e1huac haciendo la estrategia&#8230; Es que sienten si en su momento, Dante Delgado y los senadores de Movimiento Ciudadano votaron por la Reforma Fiscal, que present\u00f3 el gobierno de L\u00f3pez Obrador y que se tiene en este pa\u00eds&#8230; No puede ser dif\u00edcil \u00abconvencerlo\u00bb que si no \u00abopera\u00bb a favor del PAN-PRI, simplemente que no se meta contra los Morenos en Veracruz&#8230; Y que deje ver y deje correr&#8230;<\/p>\n<p>Ya que como \u00abpiensan\u00bb en MORENA deben de imaginar que Dante podr\u00eda estar \u00abcooperativo\u00bb con ellos (No se han dado cuenta que es juego pol\u00edtico)&#8230; Y que una forma de \u00abpagarles factura\u00bb es dejarle espacios de poder en la entidad (Caso Actopan) de esa forma \u00abempezar una negociaci\u00f3n\u00bb con el ex gobernador y Movimiento Ciudadano&#8230; Que ilusos los Morenos, que creen que Dante va perder todo lo ganado cuando en 2018 no \u00abjug\u00f3\u00bb con ellos&#8230; Y ahora lo ven como una opci\u00f3n real de oposici\u00f3n&#8230; Al menos en Veracruz, lejos de Cuitl\u00e1huac&#8230;<\/p>\n<p>As\u00ed que esa famosa \u00abconexi\u00f3n\u00bb Dante-MORENA que intentar\u00e1n en Veracruz para tener un apoyo de alg\u00fan ex gobernador porque en este momento Javier Duarte no puede, tal como en 2016 lo denunci\u00f3 H\u00e9ctor Yunes, que ayud\u00f3 a Cuitl\u00e1huac en esa primera elecci\u00f3n, no puede hacerlo.. Intentan buscar una negociaci\u00f3n con el ex convergente&#8230; ESTO \u00daLTIMO ES CLAVE&#8230; MC se \u00abfortalecer\u00e1\u00bb en 2024 y buscar\u00e1n aliarse con \u00e9l&#8230; El PT y PVEM seguramente pasaran a segundo termino para AMLO&#8230;Van por Dante&#8230;<br \/>\nSi bien es cierto a Cuitl\u00e1huac en este momento, es dif\u00edcil hacerlo crecer, lo van a intentar&#8230; No hay 2024 sin 2021&#8230; Por eso buscar\u00e1n al ex gobernador cordob\u00e9s&#8230; L\u00f3pez Obrador le meter\u00e1 todo lo que pueda a Veracruz en 2020 para apuntalar a Cuitl\u00e1huac&#8230; El Presidente cree que puede ayudarlo para el 2021.. Pero tendr\u00e1 que pasar la prueba de la medici\u00f3n de diciembre de este a\u00f1o.. De no hacerlo&#8230; La suerte del gobernador de Veracruz est\u00e1 echada&#8230; Le van a dar oportunidad, ya lo salvaron de la SCJN y de su destituci\u00f3n por desacato&#8230;<\/p>\n<p>Y tanto es la idea que tiene L\u00f3pez Obrador con el caso Veracruz de que pueden mejorar su gobierno y MORENA (Pese a los -piquetes de ojos- entre el Gober y Manuel Huerta por el control del partido)&#8230; Que, por ejemplo, han \u00abguardado\u00bb del escenario p\u00fablico, al secretario de Gobierno, Eric Cisneros.. As\u00ed mantendr\u00e1n a Patrocinio&#8230; Tranquilo y m\u00e1s cuando se han dado cuenta, que le est\u00e1 haciendo \u00absombra\u00bb&#8230; En este escenario&#8230; Cuitl\u00e1huac ser\u00e1 la figura en Veracruz en 2020&#8230; El motivo: Est\u00e1n muy preocupados por el 2021&#8230; DIOS LOS BENDIGA&#8230;<\/p>\n","protected":false},"excerpt":{"rendered":"<p>Ricardo Ch\u00faa Sale y Vale EXCLUSIVA&#8230; El Tribunal Electoral del Poder Judicial de la Federaci\u00f3n correspondiente a la Tercera Circunscripci\u00f3n Plurinominal con sede en Xalapa&#8230; LE DESHECHO el RECURSO DE RECONSIDERACI\u00d3N a Pepe Mancha-Do para no reconocer el triunfo de la dirigencia estatal del PAN a Joaqu\u00edn Rosendo Guzm\u00e1n Aviles.. Dado que el de Tantuyuca [&hellip;]<\/p>\n","protected":false},"author":2,"featured_media":50893,"comment_status":"open","ping_status":"open","sticky":false,"template":"","format":"standard","meta":{"tdm_status":"","tdm_grid_status":"","footnotes":""},"categories":[70],"tags":[618,1563,2814,16162,1706,1026,1065,12731,195],"class_list":{"0":"post-52016","1":"post","2":"type-post","3":"status-publish","4":"format-standard","5":"has-post-thumbnail","7":"category-de-opinion","8":"tag-andres-manuel-lopez-obrador","9":"tag-cuitlahuac-garcia-jimenez","10":"tag-joaquin-rosendo-guzman-aviles","11":"tag-jose-paulino-dominguez-sanchez","12":"tag-marlon-ramirez","13":"tag-morena","14":"tag-pepe-mancha","15":"tag-tribunal-electoral","16":"tag-veracruz"},"yoast_head":"<!-- This site is optimized with the Yoast SEO plugin v27.4 - https:\/\/yoast.com\/product\/yoast-seo-wordpress\/ -->\n<title>\u00a1\u00daltima oportunidad para Cuic! - Los pol\u00edticos Veracruz<\/title>\n<meta name=\"robots\" content=\"index, follow, max-snippet:-1, max-image-preview:large, max-video-preview:-1\" \/>\n<link rel=\"canonical\" href=\"https:\/\/lospoliticosveracruz.com\/?p=52016\" \/>\n<meta property=\"og:locale\" content=\"es_ES\" \/>\n<meta property=\"og:type\" content=\"article\" \/>\n<meta property=\"og:title\" content=\"\u00a1\u00daltima oportunidad para Cuic! - Los pol\u00edticos Veracruz\" \/>\n<meta property=\"og:description\" content=\"Ricardo Ch\u00faa Sale y Vale EXCLUSIVA&#8230; El Tribunal Electoral del Poder Judicial de la Federaci\u00f3n correspondiente a la Tercera Circunscripci\u00f3n Plurinominal con sede en Xalapa&#8230; LE DESHECHO el RECURSO DE RECONSIDERACI\u00d3N a Pepe Mancha-Do para no reconocer el triunfo de la dirigencia estatal del PAN a Joaqu\u00edn Rosendo Guzm\u00e1n Aviles.. Dado que el de Tantuyuca [&hellip;]\" \/>\n<meta property=\"og:url\" content=\"https:\/\/lospoliticosveracruz.com\/?p=52016\" \/>\n<meta property=\"og:site_name\" content=\"Los pol\u00edticos Veracruz\" \/>\n<meta property=\"article:publisher\" content=\"https:\/\/www.facebook.com\/people\/Notimemes-de-los-Polticos\/61565672886568\/\" \/>\n<meta property=\"article:published_time\" content=\"2020-01-16T14:47:19+00:00\" \/>\n<meta property=\"og:image\" content=\"https:\/\/lospoliticosveracruz.com\/wp-content\/uploads\/2019\/11\/Cuic2.jpg\" \/>\n\t<meta property=\"og:image:width\" content=\"600\" \/>\n\t<meta property=\"og:image:height\" content=\"386\" \/>\n\t<meta property=\"og:image:type\" content=\"image\/jpeg\" \/>\n<meta name=\"author\" content=\"Lo viste en Los Pol\u00edticos\" \/>\n<meta name=\"twitter:card\" content=\"summary_large_image\" \/>\n<meta name=\"twitter:creator\" content=\"@LosPoliticosVer\" \/>\n<meta name=\"twitter:site\" content=\"@LosPoliticosVer\" \/>\n<meta name=\"twitter:label1\" content=\"Escrito por\" \/>\n\t<meta name=\"twitter:data1\" content=\"Lo viste en Los Pol\u00edticos\" \/>\n\t<meta name=\"twitter:label2\" content=\"Tiempo de lectura\" \/>\n\t<meta name=\"twitter:data2\" content=\"6 minutos\" \/>\n<script type=\"application\/ld+json\" class=\"yoast-schema-graph\">{\"@context\":\"https:\\\/\\\/schema.org\",\"@graph\":[{\"@type\":\"Article\",\"@id\":\"https:\\\/\\\/lospoliticosveracruz.com\\\/?p=52016#article\",\"isPartOf\":{\"@id\":\"https:\\\/\\\/lospoliticosveracruz.com\\\/?p=52016\"},\"author\":{\"name\":\"Lo viste en Los Pol\u00edticos\",\"@id\":\"https:\\\/\\\/lospoliticosveracruz.com\\\/#\\\/schema\\\/person\\\/b8702bb0e538456e6efd07080bf2a4a2\"},\"headline\":\"\u00a1\u00daltima oportunidad para Cuic!\",\"datePublished\":\"2020-01-16T14:47:19+00:00\",\"mainEntityOfPage\":{\"@id\":\"https:\\\/\\\/lospoliticosveracruz.com\\\/?p=52016\"},\"wordCount\":1113,\"commentCount\":0,\"publisher\":{\"@id\":\"https:\\\/\\\/lospoliticosveracruz.com\\\/#organization\"},\"image\":{\"@id\":\"https:\\\/\\\/lospoliticosveracruz.com\\\/?p=52016#primaryimage\"},\"thumbnailUrl\":\"https:\\\/\\\/lospoliticosveracruz.com\\\/wp-content\\\/uploads\\\/2019\\\/11\\\/Cuic2.jpg\",\"keywords\":[\"Andr\u00e9s Manuel L\u00f3pez Obrador\",\"Cuitl\u00e1huac Garc\u00eda Jim\u00e9nez\",\"Joaqu\u00edn Rosendo Guzm\u00e1n Avil\u00e9s\",\"Jos\u00e9 Paulino Dom\u00ednguez S\u00e1nchez\",\"Marlon Ram\u00edrez\",\"Morena\",\"Pepe Mancha\",\"Tribunal Electoral\",\"Veracruz\"],\"articleSection\":[\"De Opini\u00f3n\"],\"inLanguage\":\"es\",\"potentialAction\":[{\"@type\":\"CommentAction\",\"name\":\"Comment\",\"target\":[\"https:\\\/\\\/lospoliticosveracruz.com\\\/?p=52016#respond\"]}]},{\"@type\":\"WebPage\",\"@id\":\"https:\\\/\\\/lospoliticosveracruz.com\\\/?p=52016\",\"url\":\"https:\\\/\\\/lospoliticosveracruz.com\\\/?p=52016\",\"name\":\"\u00a1\u00daltima oportunidad para Cuic! - Los pol\u00edticos Veracruz\",\"isPartOf\":{\"@id\":\"https:\\\/\\\/lospoliticosveracruz.com\\\/#website\"},\"primaryImageOfPage\":{\"@id\":\"https:\\\/\\\/lospoliticosveracruz.com\\\/?p=52016#primaryimage\"},\"image\":{\"@id\":\"https:\\\/\\\/lospoliticosveracruz.com\\\/?p=52016#primaryimage\"},\"thumbnailUrl\":\"https:\\\/\\\/lospoliticosveracruz.com\\\/wp-content\\\/uploads\\\/2019\\\/11\\\/Cuic2.jpg\",\"datePublished\":\"2020-01-16T14:47:19+00:00\",\"breadcrumb\":{\"@id\":\"https:\\\/\\\/lospoliticosveracruz.com\\\/?p=52016#breadcrumb\"},\"inLanguage\":\"es\",\"potentialAction\":[{\"@type\":\"ReadAction\",\"target\":[\"https:\\\/\\\/lospoliticosveracruz.com\\\/?p=52016\"]}]},{\"@type\":\"ImageObject\",\"inLanguage\":\"es\",\"@id\":\"https:\\\/\\\/lospoliticosveracruz.com\\\/?p=52016#primaryimage\",\"url\":\"https:\\\/\\\/lospoliticosveracruz.com\\\/wp-content\\\/uploads\\\/2019\\\/11\\\/Cuic2.jpg\",\"contentUrl\":\"https:\\\/\\\/lospoliticosveracruz.com\\\/wp-content\\\/uploads\\\/2019\\\/11\\\/Cuic2.jpg\",\"width\":600,\"height\":386},{\"@type\":\"BreadcrumbList\",\"@id\":\"https:\\\/\\\/lospoliticosveracruz.com\\\/?p=52016#breadcrumb\",\"itemListElement\":[{\"@type\":\"ListItem\",\"position\":1,\"name\":\"Portada\",\"item\":\"https:\\\/\\\/lospoliticosveracruz.com\\\/\"},{\"@type\":\"ListItem\",\"position\":2,\"name\":\"\u00a1\u00daltima oportunidad para Cuic!\"}]},{\"@type\":\"WebSite\",\"@id\":\"https:\\\/\\\/lospoliticosveracruz.com\\\/#website\",\"url\":\"https:\\\/\\\/lospoliticosveracruz.com\\\/\",\"name\":\"Los pol\u00edticos Veracruz\",\"description\":\"\",\"publisher\":{\"@id\":\"https:\\\/\\\/lospoliticosveracruz.com\\\/#organization\"},\"potentialAction\":[{\"@type\":\"SearchAction\",\"target\":{\"@type\":\"EntryPoint\",\"urlTemplate\":\"https:\\\/\\\/lospoliticosveracruz.com\\\/?s={search_term_string}\"},\"query-input\":{\"@type\":\"PropertyValueSpecification\",\"valueRequired\":true,\"valueName\":\"search_term_string\"}}],\"inLanguage\":\"es\"},{\"@type\":\"Organization\",\"@id\":\"https:\\\/\\\/lospoliticosveracruz.com\\\/#organization\",\"name\":\"Los pol\u00edticos Veracruz\",\"url\":\"https:\\\/\\\/lospoliticosveracruz.com\\\/\",\"logo\":{\"@type\":\"ImageObject\",\"inLanguage\":\"es\",\"@id\":\"https:\\\/\\\/lospoliticosveracruz.com\\\/#\\\/schema\\\/logo\\\/image\\\/\",\"url\":\"https:\\\/\\\/lospoliticosveracruz.com\\\/wp-content\\\/uploads\\\/2025\\\/12\\\/Logo-Nuevo-LOS-POLITICOS-1.jpg\",\"contentUrl\":\"https:\\\/\\\/lospoliticosveracruz.com\\\/wp-content\\\/uploads\\\/2025\\\/12\\\/Logo-Nuevo-LOS-POLITICOS-1.jpg\",\"width\":260,\"height\":70,\"caption\":\"Los pol\u00edticos Veracruz\"},\"image\":{\"@id\":\"https:\\\/\\\/lospoliticosveracruz.com\\\/#\\\/schema\\\/logo\\\/image\\\/\"},\"sameAs\":[\"https:\\\/\\\/www.facebook.com\\\/people\\\/Notimemes-de-los-Polticos\\\/61565672886568\\\/\",\"https:\\\/\\\/x.com\\\/LosPoliticosVer\"]},{\"@type\":\"Person\",\"@id\":\"https:\\\/\\\/lospoliticosveracruz.com\\\/#\\\/schema\\\/person\\\/b8702bb0e538456e6efd07080bf2a4a2\",\"name\":\"Lo viste en Los Pol\u00edticos\",\"image\":{\"@type\":\"ImageObject\",\"inLanguage\":\"es\",\"@id\":\"https:\\\/\\\/secure.gravatar.com\\\/avatar\\\/3a8de04a2656d44082be478bd6c086daa447c4651605818287b9532d3d0bd435?s=96&d=mm&r=g\",\"url\":\"https:\\\/\\\/secure.gravatar.com\\\/avatar\\\/3a8de04a2656d44082be478bd6c086daa447c4651605818287b9532d3d0bd435?s=96&d=mm&r=g\",\"contentUrl\":\"https:\\\/\\\/secure.gravatar.com\\\/avatar\\\/3a8de04a2656d44082be478bd6c086daa447c4651605818287b9532d3d0bd435?s=96&d=mm&r=g\",\"caption\":\"Lo viste en Los Pol\u00edticos\"},\"url\":\"https:\\\/\\\/lospoliticosveracruz.com\\\/?author=2\"}]}<\/script>\n<!-- \/ Yoast SEO plugin. -->","yoast_head_json":{"title":"\u00a1\u00daltima oportunidad para Cuic! - Los pol\u00edticos Veracruz","robots":{"index":"index","follow":"follow","max-snippet":"max-snippet:-1","max-image-preview":"max-image-preview:large","max-video-preview":"max-video-preview:-1"},"canonical":"https:\/\/lospoliticosveracruz.com\/?p=52016","og_locale":"es_ES","og_type":"article","og_title":"\u00a1\u00daltima oportunidad para Cuic! - Los pol\u00edticos Veracruz","og_description":"Ricardo Ch\u00faa Sale y Vale EXCLUSIVA&#8230; El Tribunal Electoral del Poder Judicial de la Federaci\u00f3n correspondiente a la Tercera Circunscripci\u00f3n Plurinominal con sede en Xalapa&#8230; LE DESHECHO el RECURSO DE RECONSIDERACI\u00d3N a Pepe Mancha-Do para no reconocer el triunfo de la dirigencia estatal del PAN a Joaqu\u00edn Rosendo Guzm\u00e1n Aviles.. Dado que el de Tantuyuca [&hellip;]","og_url":"https:\/\/lospoliticosveracruz.com\/?p=52016","og_site_name":"Los pol\u00edticos Veracruz","article_publisher":"https:\/\/www.facebook.com\/people\/Notimemes-de-los-Polticos\/61565672886568\/","article_published_time":"2020-01-16T14:47:19+00:00","og_image":[{"width":600,"height":386,"url":"https:\/\/lospoliticosveracruz.com\/wp-content\/uploads\/2019\/11\/Cuic2.jpg","type":"image\/jpeg"}],"author":"Lo viste en Los Pol\u00edticos","twitter_card":"summary_large_image","twitter_creator":"@LosPoliticosVer","twitter_site":"@LosPoliticosVer","twitter_misc":{"Escrito por":"Lo viste en Los Pol\u00edticos","Tiempo de lectura":"6 minutos"},"schema":{"@context":"https:\/\/schema.org","@graph":[{"@type":"Article","@id":"https:\/\/lospoliticosveracruz.com\/?p=52016#article","isPartOf":{"@id":"https:\/\/lospoliticosveracruz.com\/?p=52016"},"author":{"name":"Lo viste en Los Pol\u00edticos","@id":"https:\/\/lospoliticosveracruz.com\/#\/schema\/person\/b8702bb0e538456e6efd07080bf2a4a2"},"headline":"\u00a1\u00daltima oportunidad para Cuic!","datePublished":"2020-01-16T14:47:19+00:00","mainEntityOfPage":{"@id":"https:\/\/lospoliticosveracruz.com\/?p=52016"},"wordCount":1113,"commentCount":0,"publisher":{"@id":"https:\/\/lospoliticosveracruz.com\/#organization"},"image":{"@id":"https:\/\/lospoliticosveracruz.com\/?p=52016#primaryimage"},"thumbnailUrl":"https:\/\/lospoliticosveracruz.com\/wp-content\/uploads\/2019\/11\/Cuic2.jpg","keywords":["Andr\u00e9s Manuel L\u00f3pez Obrador","Cuitl\u00e1huac Garc\u00eda Jim\u00e9nez","Joaqu\u00edn Rosendo Guzm\u00e1n Avil\u00e9s","Jos\u00e9 Paulino Dom\u00ednguez S\u00e1nchez","Marlon Ram\u00edrez","Morena","Pepe Mancha","Tribunal Electoral","Veracruz"],"articleSection":["De Opini\u00f3n"],"inLanguage":"es","potentialAction":[{"@type":"CommentAction","name":"Comment","target":["https:\/\/lospoliticosveracruz.com\/?p=52016#respond"]}]},{"@type":"WebPage","@id":"https:\/\/lospoliticosveracruz.com\/?p=52016","url":"https:\/\/lospoliticosveracruz.com\/?p=52016","name":"\u00a1\u00daltima oportunidad para Cuic! - Los pol\u00edticos Veracruz","isPartOf":{"@id":"https:\/\/lospoliticosveracruz.com\/#website"},"primaryImageOfPage":{"@id":"https:\/\/lospoliticosveracruz.com\/?p=52016#primaryimage"},"image":{"@id":"https:\/\/lospoliticosveracruz.com\/?p=52016#primaryimage"},"thumbnailUrl":"https:\/\/lospoliticosveracruz.com\/wp-content\/uploads\/2019\/11\/Cuic2.jpg","datePublished":"2020-01-16T14:47:19+00:00","breadcrumb":{"@id":"https:\/\/lospoliticosveracruz.com\/?p=52016#breadcrumb"},"inLanguage":"es","potentialAction":[{"@type":"ReadAction","target":["https:\/\/lospoliticosveracruz.com\/?p=52016"]}]},{"@type":"ImageObject","inLanguage":"es","@id":"https:\/\/lospoliticosveracruz.com\/?p=52016#primaryimage","url":"https:\/\/lospoliticosveracruz.com\/wp-content\/uploads\/2019\/11\/Cuic2.jpg","contentUrl":"https:\/\/lospoliticosveracruz.com\/wp-content\/uploads\/2019\/11\/Cuic2.jpg","width":600,"height":386},{"@type":"BreadcrumbList","@id":"https:\/\/lospoliticosveracruz.com\/?p=52016#breadcrumb","itemListElement":[{"@type":"ListItem","position":1,"name":"Portada","item":"https:\/\/lospoliticosveracruz.com\/"},{"@type":"ListItem","position":2,"name":"\u00a1\u00daltima oportunidad para Cuic!"}]},{"@type":"WebSite","@id":"https:\/\/lospoliticosveracruz.com\/#website","url":"https:\/\/lospoliticosveracruz.com\/","name":"Los pol\u00edticos Veracruz","description":"","publisher":{"@id":"https:\/\/lospoliticosveracruz.com\/#organization"},"potentialAction":[{"@type":"SearchAction","target":{"@type":"EntryPoint","urlTemplate":"https:\/\/lospoliticosveracruz.com\/?s={search_term_string}"},"query-input":{"@type":"PropertyValueSpecification","valueRequired":true,"valueName":"search_term_string"}}],"inLanguage":"es"},{"@type":"Organization","@id":"https:\/\/lospoliticosveracruz.com\/#organization","name":"Los pol\u00edticos Veracruz","url":"https:\/\/lospoliticosveracruz.com\/","logo":{"@type":"ImageObject","inLanguage":"es","@id":"https:\/\/lospoliticosveracruz.com\/#\/schema\/logo\/image\/","url":"https:\/\/lospoliticosveracruz.com\/wp-content\/uploads\/2025\/12\/Logo-Nuevo-LOS-POLITICOS-1.jpg","contentUrl":"https:\/\/lospoliticosveracruz.com\/wp-content\/uploads\/2025\/12\/Logo-Nuevo-LOS-POLITICOS-1.jpg","width":260,"height":70,"caption":"Los pol\u00edticos Veracruz"},"image":{"@id":"https:\/\/lospoliticosveracruz.com\/#\/schema\/logo\/image\/"},"sameAs":["https:\/\/www.facebook.com\/people\/Notimemes-de-los-Polticos\/61565672886568\/","https:\/\/x.com\/LosPoliticosVer"]},{"@type":"Person","@id":"https:\/\/lospoliticosveracruz.com\/#\/schema\/person\/b8702bb0e538456e6efd07080bf2a4a2","name":"Lo viste en Los Pol\u00edticos","image":{"@type":"ImageObject","inLanguage":"es","@id":"https:\/\/secure.gravatar.com\/avatar\/3a8de04a2656d44082be478bd6c086daa447c4651605818287b9532d3d0bd435?s=96&d=mm&r=g","url":"https:\/\/secure.gravatar.com\/avatar\/3a8de04a2656d44082be478bd6c086daa447c4651605818287b9532d3d0bd435?s=96&d=mm&r=g","contentUrl":"https:\/\/secure.gravatar.com\/avatar\/3a8de04a2656d44082be478bd6c086daa447c4651605818287b9532d3d0bd435?s=96&d=mm&r=g","caption":"Lo viste en Los Pol\u00edticos"},"url":"https:\/\/lospoliticosveracruz.com\/?author=2"}]}},"_links":{"self":[{"href":"https:\/\/lospoliticosveracruz.com\/index.php?rest_route=\/wp\/v2\/posts\/52016","targetHints":{"allow":["GET"]}}],"collection":[{"href":"https:\/\/lospoliticosveracruz.com\/index.php?rest_route=\/wp\/v2\/posts"}],"about":[{"href":"https:\/\/lospoliticosveracruz.com\/index.php?rest_route=\/wp\/v2\/types\/post"}],"author":[{"embeddable":true,"href":"https:\/\/lospoliticosveracruz.com\/index.php?rest_route=\/wp\/v2\/users\/2"}],"replies":[{"embeddable":true,"href":"https:\/\/lospoliticosveracruz.com\/index.php?rest_route=%2Fwp%2Fv2%2Fcomments&post=52016"}],"version-history":[{"count":1,"href":"https:\/\/lospoliticosveracruz.com\/index.php?rest_route=\/wp\/v2\/posts\/52016\/revisions"}],"predecessor-version":[{"id":52017,"href":"https:\/\/lospoliticosveracruz.com\/index.php?rest_route=\/wp\/v2\/posts\/52016\/revisions\/52017"}],"wp:featuredmedia":[{"embeddable":true,"href":"https:\/\/lospoliticosveracruz.com\/index.php?rest_route=\/wp\/v2\/media\/50893"}],"wp:attachment":[{"href":"https:\/\/lospoliticosveracruz.com\/index.php?rest_route=%2Fwp%2Fv2%2Fmedia&parent=52016"}],"wp:term":[{"taxonomy":"category","embeddable":true,"href":"https:\/\/lospoliticosveracruz.com\/index.php?rest_route=%2Fwp%2Fv2%2Fcategories&post=52016"},{"taxonomy":"post_tag","embeddable":true,"href":"https:\/\/lospoliticosveracruz.com\/index.php?rest_route=%2Fwp%2Fv2%2Ftags&post=52016"}],"curies":[{"name":"wp","href":"https:\/\/api.w.org\/{rel}","templated":true}]}}