{"id":52041,"date":"2020-01-17T08:45:11","date_gmt":"2020-01-17T14:45:11","guid":{"rendered":"http:\/\/www.lospoliticosveracruz.com.mx\/?p=52041"},"modified":"2020-01-17T08:45:11","modified_gmt":"2020-01-17T14:45:11","slug":"tarzan-boy-trompo-a-la-una-para-cuic","status":"publish","type":"post","link":"https:\/\/lospoliticosveracruz.com\/?p=52041","title":{"rendered":"Tarzan Boy: Trompo a la u\u00f1a para Cuic"},"content":{"rendered":"<p><strong>Ricardo Ch\u00faa<\/strong><\/p>\n<p><em>Sale y Vale<\/em><\/p>\n<p>OJO&#8230; Para qu\u00e9 se hacen bolas y especulan sobre la sucesi\u00f3n del 2024 en MORENA si aun no superan el \u00abescollo\u00bb del 2021&#8230; Adem\u00e1s por m\u00e1s que lo deseen sus cercanos&#8230; Ni Rocio Nahle y Ricardo Ahued son ELEGIBLES como candidatos a gobernador o ser suplentes de Cuitl\u00e1huac en diciembre pr\u00f3ximo&#8230; La Constituci\u00f3n Local es clara&#8230; No pueden gobernar la entidad porque NO SON NACIDOS EN VERACRUZ O SON HIJOS DE PADRES VERACRUZANOS&#8230;.As\u00ed se amparen o hagan \u00abberrinche\u00bb no pueden&#8230; La ley se los proh\u00edbe&#8230;<\/p>\n<p>Esta ley que la impulso en su momento Miguel Angel Yunes Linares en 1997 cuando era secretario de Gobierno de Veracruz&#8230;. 23 a\u00f1os despu\u00e9s le impide a Nahle o Ahued ser tomados en cuenta&#8230; Al menos que el Congreso Local en este 2020 modifique la constituci\u00f3n veracruzana y permita a los NO NACIDOS en Veracruz ser aspirantes a gobernador&#8230; Algo que dif\u00edcilmente ocurrir\u00e1 porque ni Pozos Castro o G\u00f3mez Cazar\u00edn lo har\u00e1n porque se \u00abmeter\u00e1n un balazo en el p\u00ede\u00bb, con eso de que ambos se sienten candidateables&#8230;.<\/p>\n<p>Adem\u00e1s por l\u00f3gica Cuitl\u00e1huac no va a permitirlo porque ser\u00eda restarle poder a su mermado gobierno estatal&#8230; Acaso creen que si los diputados reforman la constituci\u00f3n&#8230; No se ver\u00e1 que es una ley dirigida.. Y nadie (De MORENA o los que esperan que les toque -hueso-) ir\u00e1n a Palacio de Gobierno a Xalapa a pedir algo&#8230; NO HAY QUE SER ILUSOS&#8230;. Todos ir\u00edan a CDMX a Aduanas o Villahermosa en SENER a presentar sus respetos&#8230; Y desde ahorita a Cuitl\u00e1huac le dir\u00edan: \u00abEl Rey a muerto&#8230; Viva el \u00bfRey o la Reina?&#8230; Cuesti\u00f3n de gustos o enfoques&#8230;<\/p>\n<p>TARZAN BOY, BAJO SOSPECHA&#8230; Tan s\u00f3lo el tema que document\u00f3 el periodista, V\u00edctor Hugo Arteaga,.el que realiz\u00f3 el trabajo de las investigaciones de las empresas \u00abfantasmas\u00bb del gobierno de Javier Duarte.. Uno de los motivos por el cual, mantienen al ex gobernador en la c\u00e1rcel&#8230; Sobre los presuntos cobros que realiza el secretario de Educaci\u00f3n, Zenyanzen Escobar, por permitir que particulares OPEREN ECON\u00d3MICAMENTE las cooperativas escolares&#8230; Es digna de una investigaci\u00f3n de la Contralor\u00eda del Estado por la denuncia p\u00fablica&#8230;<\/p>\n<p>Ser\u00e1 el sereno y dir\u00e1n lo que quieran&#8230; Pero si Cuitl\u00e1huac Garc\u00eda y Eric Cisneros se han LLENADO LA BOCA diciendo que en Veracruz no ser\u00e1 el de antes&#8230; No se permitir\u00e1 corrupci\u00f3n&#8230; Ah\u00ed tienen la PRUEBA DE FUEGO&#8230;. \u00bfSe atrever\u00e1 o m\u00e1s bien dejar\u00e1n a Mercedes Santoyo investigar a \u00abTarz\u00e1n Boy\u00bb sobre esos se\u00f1alamientos?&#8230; Pese a que es uno de los funcionarios \u00abFAVORITOS\u00bb del gobernador de Veracruz&#8230; Es una acusaci\u00f3n muy grave&#8230; De que al a\u00f1o se embolsa 3 mil 600 millones de pesos por esta cuesti\u00f3n y nadie sabe a d\u00f3nde va ese recurso&#8230;<\/p>\n<p>Los datos son duros y directos&#8230; Arteaga se\u00f1ala que 18 mil 208 escuelas p\u00fablicas pueden tener cooperativas escolares, le cobrar\u00edan 60 mil pesos por permiso para trabajar&#8230; Pero que si s\u00f3lo la mitad de los planteles tiene cooperativa, les dar\u00eda la cantidad de 600 millones de pesos.. M\u00e1s 35 mil pesos mensuales por dejarlos vender. ser\u00edan un total de 300 millones de pesos al mes&#8230; Que nadie sabe a que bolsillo va a parar&#8230;. Que acusaci\u00f3n GRAVE para Zenyazen&#8230; Mucho se puede decir de eso&#8230; Pero nadie a salido a desmentir el tema&#8230;<\/p>\n<p>As\u00ed que si quieren \u00abcurarse en salud\u00bb para evitar m\u00e1s sospechas.. Cuitl\u00e1huac proteger\u00eda m\u00e1s a \u00abTarzan Boy\u00bb investig\u00e1ndolo y no encontr\u00e1ndole nada&#8230; Que hacerse el occiso&#8230; Ya que entonces la percepci\u00f3n dir\u00e1 que \u00e9l no investiga porque sus motivos tendr\u00e1&#8230; Tal como pas\u00f3 con L\u00f3pez Obrador con Napito o Bartlett&#8230; Casos consumados&#8230; Y si es falso todo eso, tienen la v\u00eda jur\u00eddica para proceder contra el periodista que p\u00fablico eso&#8230; Pero no hacen nada&#8230;<\/p>\n<p>\u00bfPor qu\u00e9 tardan tanto en actuar?&#8230; Esto en tiempos de Duarte o Yunes, organizaciones civiles ya habr\u00edan tomado la SEV&#8230; Por desgracia ya se descubri\u00f3 para qu\u00e9 y quienes sirvieron&#8230; Al final de cuentas, en Veraruz no pasa nada&#8230; Ejecutan a una ni\u00f1a y no pasa nada&#8230; El gobernador se hace que se enoja para \u00bfinfundir miedo? o \u00abfideli\u00f1a\u00bb&#8230; Pero en caso de \u00abTarzan Boy\u00bb no pasara nada&#8230; Nadie indagara nada&#8230; Lo VAN A PROTEGER por ser cercano a Cuitl\u00e1huac&#8230; Finalmente es su \u00abfavorito\u00bb&#8230; A sucederlo&#8230; ALABADO SEAS TARZAN&#8230;<\/p>\n<p>REGIDORES PORTE\u00d1OS&#8230; Nadie sabe el por qu\u00e9 el regidor del ayuntamiento porte\u00f1o, Luis Pineda, del PAN, le dio el \u00abSindrome Eric Cisneros\u00bb y desapareci\u00f3 de pronto del entorno medi\u00e1tico que lo envolvi\u00f3 el primer y segundo a\u00f1o del gobierno&#8230; Antes era el primero en llegar a los eventos para que la prensa lo entrevistara&#8230; Declaraba de todo hasta de los an\u00edmales en extinci\u00f3n como los tlacuaches&#8230; Pero un d\u00eda de pronto&#8230; PUM ya no sali\u00f3 mas&#8230;<\/p>\n<p>Las \u00ablenguas de doble filo\u00bb dicen que lo \u00abenfriaron\u00bb porque andaba insoportable y \u00abenfermo\u00bb de importancia&#8230; Que sus actitudes met\u00edan en problemas a los otros regidores&#8230; Otros dicen que le bajo al ver que hay otros arriba de \u00e9l para el 2021&#8230; As\u00ed que ni gastas, ni te desgastas&#8230; Tan es as\u00ed que antes estaba para todos en su oficina del Palacio y hoy s\u00f3lo acude a firmar y lo ven s\u00f3lo y taciturno por los caf\u00e9s&#8230; As\u00ed pasa cuando sucede&#8230; Dejas de ser Luzbel para convertirte en Lucifer&#8230; Y m\u00e1s que en el puerto, el color del cielo es azul&#8230;. TAN&#8230; TAN&#8230;<\/p>\n<p>Caso distinto a Miguel Hermida anda activo en redes sociales por su \u00absegundo\u00bb Informe de Labores, raro porque pocos ediles lo hacen&#8230; Se supone que su trabajo entra en la informaci\u00f3n cuando un alcalde hace su informe&#8230; Pero en fin&#8230; Al parecer buscar un \u00abrollo\u00bb pol\u00edtico ya que no hace su evento en cabildo o un sal\u00f3n del ayuntamiento porte\u00f1o&#8230; Se va a la colonia Amapolas y lo anuncia que ser\u00e1 el pr\u00f3ximo 10 de febrero a las 16:30 horas&#8230; Ja ja ja&#8230; \u00bfInforme de Labores o ser tomado en cuenta pa el 21?&#8230;<\/p>\n<p>Al parecer se dio cuenta que la lucha interna en el PAN ser\u00e1 canija para los pr\u00f3ximos cargos de elecci\u00f3n popular&#8230; Ya que no s\u00f3lo \u00e9l anda buscando plataforma medi\u00e1tica&#8230; Por eso espera que venga Pepe Mancha-Do a su informe, ya pertenece a su grupo pol\u00edtico&#8230; Pero ya le corri\u00f3 la cortes\u00eda al \u00abChapito\u00bb Guzm\u00e1n&#8230; Lo interesante ser\u00e1 ver si estos dos personajes coinciden&#8230; Luego que ayer por la tarde le echaron para abajo la impugnaci\u00f3n a Pepe Mancha a la elecci\u00f3n por la dirigencia estatal del PAN&#8230; Se la gan\u00f3 el Chapo&#8230;<\/p>\n","protected":false},"excerpt":{"rendered":"<p>Ricardo Ch\u00faa Sale y Vale OJO&#8230; Para qu\u00e9 se hacen bolas y especulan sobre la sucesi\u00f3n del 2024 en MORENA si aun no superan el \u00abescollo\u00bb del 2021&#8230; Adem\u00e1s por m\u00e1s que lo deseen sus cercanos&#8230; Ni Rocio Nahle y Ricardo Ahued son ELEGIBLES como candidatos a gobernador o ser suplentes de Cuitl\u00e1huac en diciembre [&hellip;]<\/p>\n","protected":false},"author":2,"featured_media":0,"comment_status":"open","ping_status":"open","sticky":false,"template":"","format":"standard","meta":{"tdm_status":"","tdm_grid_status":"","footnotes":""},"categories":[70],"tags":[1681,1030,12686,11958,12695,16172,428,1026,266,876,13604,3578,13098,195],"class_list":{"0":"post-52041","1":"post","2":"type-post","3":"status-publish","4":"format-standard","6":"category-de-opinion","7":"tag-cuitlahuac-garcia","8":"tag-educacion","9":"tag-eric-cisneros","10":"tag-jose-manuel-pozos-castro","11":"tag-juan-javier-gomez-cazarin","12":"tag-luis-pineda","13":"tag-miguel-angel-yunes-linares","14":"tag-morena","15":"tag-pan","16":"tag-ricardo-ahued","17":"tag-ricardo-chua","18":"tag-rocio-nahle","19":"tag-tarzan-boy","20":"tag-veracruz"},"yoast_head":"<!-- This site is optimized with the Yoast SEO plugin v27.4 - https:\/\/yoast.com\/product\/yoast-seo-wordpress\/ -->\n<title>Tarzan Boy: Trompo a la u\u00f1a para Cuic - Los pol\u00edticos Veracruz<\/title>\n<meta name=\"robots\" content=\"index, follow, max-snippet:-1, max-image-preview:large, max-video-preview:-1\" \/>\n<link rel=\"canonical\" href=\"https:\/\/lospoliticosveracruz.com\/?p=52041\" \/>\n<meta property=\"og:locale\" content=\"es_ES\" \/>\n<meta property=\"og:type\" content=\"article\" \/>\n<meta property=\"og:title\" content=\"Tarzan Boy: Trompo a la u\u00f1a para Cuic - Los pol\u00edticos Veracruz\" \/>\n<meta property=\"og:description\" content=\"Ricardo Ch\u00faa Sale y Vale OJO&#8230; Para qu\u00e9 se hacen bolas y especulan sobre la sucesi\u00f3n del 2024 en MORENA si aun no superan el \u00abescollo\u00bb del 2021&#8230; Adem\u00e1s por m\u00e1s que lo deseen sus cercanos&#8230; Ni Rocio Nahle y Ricardo Ahued son ELEGIBLES como candidatos a gobernador o ser suplentes de Cuitl\u00e1huac en diciembre [&hellip;]\" \/>\n<meta property=\"og:url\" content=\"https:\/\/lospoliticosveracruz.com\/?p=52041\" \/>\n<meta property=\"og:site_name\" content=\"Los pol\u00edticos Veracruz\" \/>\n<meta property=\"article:publisher\" content=\"https:\/\/www.facebook.com\/people\/Notimemes-de-los-Polticos\/61565672886568\/\" \/>\n<meta property=\"article:published_time\" content=\"2020-01-17T14:45:11+00:00\" \/>\n<meta property=\"og:image\" content=\"https:\/\/lospoliticosveracruz.com\/wp-content\/uploads\/2016\/07\/Logo-Dor.jpg\" \/>\n\t<meta property=\"og:image:width\" content=\"200\" \/>\n\t<meta property=\"og:image:height\" content=\"200\" \/>\n\t<meta property=\"og:image:type\" content=\"image\/jpeg\" \/>\n<meta name=\"author\" content=\"Lo viste en Los Pol\u00edticos\" \/>\n<meta name=\"twitter:card\" content=\"summary_large_image\" \/>\n<meta name=\"twitter:creator\" content=\"@LosPoliticosVer\" \/>\n<meta name=\"twitter:site\" content=\"@LosPoliticosVer\" \/>\n<meta name=\"twitter:label1\" content=\"Escrito por\" \/>\n\t<meta name=\"twitter:data1\" content=\"Lo viste en Los Pol\u00edticos\" \/>\n\t<meta name=\"twitter:label2\" content=\"Tiempo de lectura\" \/>\n\t<meta name=\"twitter:data2\" content=\"6 minutos\" \/>\n<script type=\"application\/ld+json\" class=\"yoast-schema-graph\">{\"@context\":\"https:\\\/\\\/schema.org\",\"@graph\":[{\"@type\":\"Article\",\"@id\":\"https:\\\/\\\/lospoliticosveracruz.com\\\/?p=52041#article\",\"isPartOf\":{\"@id\":\"https:\\\/\\\/lospoliticosveracruz.com\\\/?p=52041\"},\"author\":{\"name\":\"Lo viste en Los Pol\u00edticos\",\"@id\":\"https:\\\/\\\/lospoliticosveracruz.com\\\/#\\\/schema\\\/person\\\/b8702bb0e538456e6efd07080bf2a4a2\"},\"headline\":\"Tarzan Boy: Trompo a la u\u00f1a para Cuic\",\"datePublished\":\"2020-01-17T14:45:11+00:00\",\"mainEntityOfPage\":{\"@id\":\"https:\\\/\\\/lospoliticosveracruz.com\\\/?p=52041\"},\"wordCount\":1163,\"commentCount\":0,\"publisher\":{\"@id\":\"https:\\\/\\\/lospoliticosveracruz.com\\\/#organization\"},\"keywords\":[\"Cuitl\u00e1huac Garc\u00eda\",\"educaci\u00f3n\",\"Eric Cisneros\",\"Jos\u00e9 Manuel Pozos Castro\",\"Juan Javier G\u00f3mez Cazar\u00edn\",\"Luis Pineda\",\"Miguel Angel Yunes Linares\",\"Morena\",\"PAN\",\"Ricardo Ahued\",\"Ricardo Ch\u00faa\",\"Roc\u00edo Nahle\",\"Tarzan Boy\",\"Veracruz\"],\"articleSection\":[\"De Opini\u00f3n\"],\"inLanguage\":\"es\",\"potentialAction\":[{\"@type\":\"CommentAction\",\"name\":\"Comment\",\"target\":[\"https:\\\/\\\/lospoliticosveracruz.com\\\/?p=52041#respond\"]}]},{\"@type\":\"WebPage\",\"@id\":\"https:\\\/\\\/lospoliticosveracruz.com\\\/?p=52041\",\"url\":\"https:\\\/\\\/lospoliticosveracruz.com\\\/?p=52041\",\"name\":\"Tarzan Boy: Trompo a la u\u00f1a para Cuic - Los pol\u00edticos Veracruz\",\"isPartOf\":{\"@id\":\"https:\\\/\\\/lospoliticosveracruz.com\\\/#website\"},\"datePublished\":\"2020-01-17T14:45:11+00:00\",\"breadcrumb\":{\"@id\":\"https:\\\/\\\/lospoliticosveracruz.com\\\/?p=52041#breadcrumb\"},\"inLanguage\":\"es\",\"potentialAction\":[{\"@type\":\"ReadAction\",\"target\":[\"https:\\\/\\\/lospoliticosveracruz.com\\\/?p=52041\"]}]},{\"@type\":\"BreadcrumbList\",\"@id\":\"https:\\\/\\\/lospoliticosveracruz.com\\\/?p=52041#breadcrumb\",\"itemListElement\":[{\"@type\":\"ListItem\",\"position\":1,\"name\":\"Portada\",\"item\":\"https:\\\/\\\/lospoliticosveracruz.com\\\/\"},{\"@type\":\"ListItem\",\"position\":2,\"name\":\"Tarzan Boy: Trompo a la u\u00f1a para Cuic\"}]},{\"@type\":\"WebSite\",\"@id\":\"https:\\\/\\\/lospoliticosveracruz.com\\\/#website\",\"url\":\"https:\\\/\\\/lospoliticosveracruz.com\\\/\",\"name\":\"Los pol\u00edticos Veracruz\",\"description\":\"\",\"publisher\":{\"@id\":\"https:\\\/\\\/lospoliticosveracruz.com\\\/#organization\"},\"potentialAction\":[{\"@type\":\"SearchAction\",\"target\":{\"@type\":\"EntryPoint\",\"urlTemplate\":\"https:\\\/\\\/lospoliticosveracruz.com\\\/?s={search_term_string}\"},\"query-input\":{\"@type\":\"PropertyValueSpecification\",\"valueRequired\":true,\"valueName\":\"search_term_string\"}}],\"inLanguage\":\"es\"},{\"@type\":\"Organization\",\"@id\":\"https:\\\/\\\/lospoliticosveracruz.com\\\/#organization\",\"name\":\"Los pol\u00edticos Veracruz\",\"url\":\"https:\\\/\\\/lospoliticosveracruz.com\\\/\",\"logo\":{\"@type\":\"ImageObject\",\"inLanguage\":\"es\",\"@id\":\"https:\\\/\\\/lospoliticosveracruz.com\\\/#\\\/schema\\\/logo\\\/image\\\/\",\"url\":\"https:\\\/\\\/lospoliticosveracruz.com\\\/wp-content\\\/uploads\\\/2025\\\/12\\\/Logo-Nuevo-LOS-POLITICOS-1.jpg\",\"contentUrl\":\"https:\\\/\\\/lospoliticosveracruz.com\\\/wp-content\\\/uploads\\\/2025\\\/12\\\/Logo-Nuevo-LOS-POLITICOS-1.jpg\",\"width\":260,\"height\":70,\"caption\":\"Los pol\u00edticos Veracruz\"},\"image\":{\"@id\":\"https:\\\/\\\/lospoliticosveracruz.com\\\/#\\\/schema\\\/logo\\\/image\\\/\"},\"sameAs\":[\"https:\\\/\\\/www.facebook.com\\\/people\\\/Notimemes-de-los-Polticos\\\/61565672886568\\\/\",\"https:\\\/\\\/x.com\\\/LosPoliticosVer\"]},{\"@type\":\"Person\",\"@id\":\"https:\\\/\\\/lospoliticosveracruz.com\\\/#\\\/schema\\\/person\\\/b8702bb0e538456e6efd07080bf2a4a2\",\"name\":\"Lo viste en Los Pol\u00edticos\",\"image\":{\"@type\":\"ImageObject\",\"inLanguage\":\"es\",\"@id\":\"https:\\\/\\\/secure.gravatar.com\\\/avatar\\\/3a8de04a2656d44082be478bd6c086daa447c4651605818287b9532d3d0bd435?s=96&d=mm&r=g\",\"url\":\"https:\\\/\\\/secure.gravatar.com\\\/avatar\\\/3a8de04a2656d44082be478bd6c086daa447c4651605818287b9532d3d0bd435?s=96&d=mm&r=g\",\"contentUrl\":\"https:\\\/\\\/secure.gravatar.com\\\/avatar\\\/3a8de04a2656d44082be478bd6c086daa447c4651605818287b9532d3d0bd435?s=96&d=mm&r=g\",\"caption\":\"Lo viste en Los Pol\u00edticos\"},\"url\":\"https:\\\/\\\/lospoliticosveracruz.com\\\/?author=2\"}]}<\/script>\n<!-- \/ Yoast SEO plugin. -->","yoast_head_json":{"title":"Tarzan Boy: Trompo a la u\u00f1a para Cuic - Los pol\u00edticos Veracruz","robots":{"index":"index","follow":"follow","max-snippet":"max-snippet:-1","max-image-preview":"max-image-preview:large","max-video-preview":"max-video-preview:-1"},"canonical":"https:\/\/lospoliticosveracruz.com\/?p=52041","og_locale":"es_ES","og_type":"article","og_title":"Tarzan Boy: Trompo a la u\u00f1a para Cuic - Los pol\u00edticos Veracruz","og_description":"Ricardo Ch\u00faa Sale y Vale OJO&#8230; Para qu\u00e9 se hacen bolas y especulan sobre la sucesi\u00f3n del 2024 en MORENA si aun no superan el \u00abescollo\u00bb del 2021&#8230; Adem\u00e1s por m\u00e1s que lo deseen sus cercanos&#8230; Ni Rocio Nahle y Ricardo Ahued son ELEGIBLES como candidatos a gobernador o ser suplentes de Cuitl\u00e1huac en diciembre [&hellip;]","og_url":"https:\/\/lospoliticosveracruz.com\/?p=52041","og_site_name":"Los pol\u00edticos Veracruz","article_publisher":"https:\/\/www.facebook.com\/people\/Notimemes-de-los-Polticos\/61565672886568\/","article_published_time":"2020-01-17T14:45:11+00:00","og_image":[{"width":200,"height":200,"url":"https:\/\/lospoliticosveracruz.com\/wp-content\/uploads\/2016\/07\/Logo-Dor.jpg","type":"image\/jpeg"}],"author":"Lo viste en Los Pol\u00edticos","twitter_card":"summary_large_image","twitter_creator":"@LosPoliticosVer","twitter_site":"@LosPoliticosVer","twitter_misc":{"Escrito por":"Lo viste en Los Pol\u00edticos","Tiempo de lectura":"6 minutos"},"schema":{"@context":"https:\/\/schema.org","@graph":[{"@type":"Article","@id":"https:\/\/lospoliticosveracruz.com\/?p=52041#article","isPartOf":{"@id":"https:\/\/lospoliticosveracruz.com\/?p=52041"},"author":{"name":"Lo viste en Los Pol\u00edticos","@id":"https:\/\/lospoliticosveracruz.com\/#\/schema\/person\/b8702bb0e538456e6efd07080bf2a4a2"},"headline":"Tarzan Boy: Trompo a la u\u00f1a para Cuic","datePublished":"2020-01-17T14:45:11+00:00","mainEntityOfPage":{"@id":"https:\/\/lospoliticosveracruz.com\/?p=52041"},"wordCount":1163,"commentCount":0,"publisher":{"@id":"https:\/\/lospoliticosveracruz.com\/#organization"},"keywords":["Cuitl\u00e1huac Garc\u00eda","educaci\u00f3n","Eric Cisneros","Jos\u00e9 Manuel Pozos Castro","Juan Javier G\u00f3mez Cazar\u00edn","Luis Pineda","Miguel Angel Yunes Linares","Morena","PAN","Ricardo Ahued","Ricardo Ch\u00faa","Roc\u00edo Nahle","Tarzan Boy","Veracruz"],"articleSection":["De Opini\u00f3n"],"inLanguage":"es","potentialAction":[{"@type":"CommentAction","name":"Comment","target":["https:\/\/lospoliticosveracruz.com\/?p=52041#respond"]}]},{"@type":"WebPage","@id":"https:\/\/lospoliticosveracruz.com\/?p=52041","url":"https:\/\/lospoliticosveracruz.com\/?p=52041","name":"Tarzan Boy: Trompo a la u\u00f1a para Cuic - Los pol\u00edticos Veracruz","isPartOf":{"@id":"https:\/\/lospoliticosveracruz.com\/#website"},"datePublished":"2020-01-17T14:45:11+00:00","breadcrumb":{"@id":"https:\/\/lospoliticosveracruz.com\/?p=52041#breadcrumb"},"inLanguage":"es","potentialAction":[{"@type":"ReadAction","target":["https:\/\/lospoliticosveracruz.com\/?p=52041"]}]},{"@type":"BreadcrumbList","@id":"https:\/\/lospoliticosveracruz.com\/?p=52041#breadcrumb","itemListElement":[{"@type":"ListItem","position":1,"name":"Portada","item":"https:\/\/lospoliticosveracruz.com\/"},{"@type":"ListItem","position":2,"name":"Tarzan Boy: Trompo a la u\u00f1a para Cuic"}]},{"@type":"WebSite","@id":"https:\/\/lospoliticosveracruz.com\/#website","url":"https:\/\/lospoliticosveracruz.com\/","name":"Los pol\u00edticos Veracruz","description":"","publisher":{"@id":"https:\/\/lospoliticosveracruz.com\/#organization"},"potentialAction":[{"@type":"SearchAction","target":{"@type":"EntryPoint","urlTemplate":"https:\/\/lospoliticosveracruz.com\/?s={search_term_string}"},"query-input":{"@type":"PropertyValueSpecification","valueRequired":true,"valueName":"search_term_string"}}],"inLanguage":"es"},{"@type":"Organization","@id":"https:\/\/lospoliticosveracruz.com\/#organization","name":"Los pol\u00edticos Veracruz","url":"https:\/\/lospoliticosveracruz.com\/","logo":{"@type":"ImageObject","inLanguage":"es","@id":"https:\/\/lospoliticosveracruz.com\/#\/schema\/logo\/image\/","url":"https:\/\/lospoliticosveracruz.com\/wp-content\/uploads\/2025\/12\/Logo-Nuevo-LOS-POLITICOS-1.jpg","contentUrl":"https:\/\/lospoliticosveracruz.com\/wp-content\/uploads\/2025\/12\/Logo-Nuevo-LOS-POLITICOS-1.jpg","width":260,"height":70,"caption":"Los pol\u00edticos Veracruz"},"image":{"@id":"https:\/\/lospoliticosveracruz.com\/#\/schema\/logo\/image\/"},"sameAs":["https:\/\/www.facebook.com\/people\/Notimemes-de-los-Polticos\/61565672886568\/","https:\/\/x.com\/LosPoliticosVer"]},{"@type":"Person","@id":"https:\/\/lospoliticosveracruz.com\/#\/schema\/person\/b8702bb0e538456e6efd07080bf2a4a2","name":"Lo viste en Los Pol\u00edticos","image":{"@type":"ImageObject","inLanguage":"es","@id":"https:\/\/secure.gravatar.com\/avatar\/3a8de04a2656d44082be478bd6c086daa447c4651605818287b9532d3d0bd435?s=96&d=mm&r=g","url":"https:\/\/secure.gravatar.com\/avatar\/3a8de04a2656d44082be478bd6c086daa447c4651605818287b9532d3d0bd435?s=96&d=mm&r=g","contentUrl":"https:\/\/secure.gravatar.com\/avatar\/3a8de04a2656d44082be478bd6c086daa447c4651605818287b9532d3d0bd435?s=96&d=mm&r=g","caption":"Lo viste en Los Pol\u00edticos"},"url":"https:\/\/lospoliticosveracruz.com\/?author=2"}]}},"_links":{"self":[{"href":"https:\/\/lospoliticosveracruz.com\/index.php?rest_route=\/wp\/v2\/posts\/52041","targetHints":{"allow":["GET"]}}],"collection":[{"href":"https:\/\/lospoliticosveracruz.com\/index.php?rest_route=\/wp\/v2\/posts"}],"about":[{"href":"https:\/\/lospoliticosveracruz.com\/index.php?rest_route=\/wp\/v2\/types\/post"}],"author":[{"embeddable":true,"href":"https:\/\/lospoliticosveracruz.com\/index.php?rest_route=\/wp\/v2\/users\/2"}],"replies":[{"embeddable":true,"href":"https:\/\/lospoliticosveracruz.com\/index.php?rest_route=%2Fwp%2Fv2%2Fcomments&post=52041"}],"version-history":[{"count":1,"href":"https:\/\/lospoliticosveracruz.com\/index.php?rest_route=\/wp\/v2\/posts\/52041\/revisions"}],"predecessor-version":[{"id":52042,"href":"https:\/\/lospoliticosveracruz.com\/index.php?rest_route=\/wp\/v2\/posts\/52041\/revisions\/52042"}],"wp:attachment":[{"href":"https:\/\/lospoliticosveracruz.com\/index.php?rest_route=%2Fwp%2Fv2%2Fmedia&parent=52041"}],"wp:term":[{"taxonomy":"category","embeddable":true,"href":"https:\/\/lospoliticosveracruz.com\/index.php?rest_route=%2Fwp%2Fv2%2Fcategories&post=52041"},{"taxonomy":"post_tag","embeddable":true,"href":"https:\/\/lospoliticosveracruz.com\/index.php?rest_route=%2Fwp%2Fv2%2Ftags&post=52041"}],"curies":[{"name":"wp","href":"https:\/\/api.w.org\/{rel}","templated":true}]}}