{"id":52045,"date":"2020-01-17T10:56:34","date_gmt":"2020-01-17T16:56:34","guid":{"rendered":"http:\/\/www.lospoliticosveracruz.com.mx\/?p=52045"},"modified":"2020-01-17T10:56:34","modified_gmt":"2020-01-17T16:56:34","slug":"insabi-ejemplo-de-mal-gobierno-y-corrupcion","status":"publish","type":"post","link":"https:\/\/lospoliticosveracruz.com\/?p=52045","title":{"rendered":"Insabi: Ejemplo de mal gobierno y corrupci\u00f3n"},"content":{"rendered":"<p><strong>Felipe de Jes\u00fas Fern\u00e1ndez Basilio<\/strong><br \/>\n<em>Desde A Janela<\/em><br \/>\nIniciamos esta d\u00e9cada con el estreno del Insabi (Instituto de Salud para el Bienestar) organismo p\u00fablico federal que supuestamente va a dar un servicio de salud a toda la poblaci\u00f3n no asegurada de este pa\u00eds y con el cual se va lograr tener un nivel de salud p\u00fablica similar al de los pa\u00edses n\u00f3rdicos del continente europeo tal y como lo dijo L\u00f3pez tanto en campa\u00f1a como cuando asumi\u00f3.<\/p>\n<p>Y con la creaci\u00f3n de este instituto se reemplaza al Seguro Popular, un sistema de salud creado por el doctor Julio Frenk Mora quien fue secretario de salud en el sexenio de Fox y que fue dise\u00f1ado precisamente para proteger m\u00e9dicamente a todos aquellos a quienes el tradicional sistema de salud mexicano ten\u00eda en franca discriminaci\u00f3n.<\/p>\n<p>No hay que olvidar que el sistema de salud en este pa\u00eds se divide entre quienes se encuentran laborando de manera personal subordinada y que por lo mismo son asegurados ya sea en el IMSS, en el ISSSTE o en cualquier esquema gremial de salud a los que era proclive el corporativismo del antiguo PRI y todos aquellos que trabajan por cuenta propia o en la informalidad a quienes se ten\u00eda pr\u00e1cticamente abandonados a su suerte.<\/p>\n<p>Siendo as\u00ed que el Seguro Popular fue concebido para cubrir las necesidades m\u00e9dicas de toda esa poblaci\u00f3n no asegurada en el esquema corporativista y as\u00ed mismo fue creado con un sistema de operaci\u00f3n muy claro desde el principio y que privilegiaba dos ejes: la mayor afiliaci\u00f3n de poblaci\u00f3n objetivo y la descentralizaci\u00f3n de la prestaci\u00f3n de los servicios de salud cubiertos.<\/p>\n<p>Y esto era as\u00ed porque los recursos no se distribu\u00edan de acuerdo a la infraestructura hospitalaria de cada estado, sino que se otorgaban de acuerdo al n\u00famero de afiliados que cada entidad lograba y as\u00ed mismo el Seguro Popular era operado por los sistemas estatales de salud, quienes se beneficiaban porque si aseguraban una mayor cantidad de personas, las partidas presupuestales aumentaban.<\/p>\n<p>Claro, el Seguro Popular tambi\u00e9n ten\u00eda sus inconvenientes y los principales radicaban precisamente en las diferencias de desarrollo de los sistemas de salud estatales, no hay que olvidar que hay estados m\u00e1s desarrollados que otros, as\u00ed como en que no cubr\u00eda todo el cat\u00e1logo de enfermedades, cosa que por cierto tampoco lo hace el Seguro Social, siendo esas cosas subsanables y que se supon\u00eda que con el tiempo deb\u00edan de mejorar.<\/p>\n<p>Pero eso no va a suceder, porque ahora tenemos un gobierno que piensa solamente en destruir lo existente, aunque no tenga claro c\u00f3mo lo va a sustituir, ya que su consigna es destruir por destruir sin importar qu\u00e9 es lo que se destruye y para qu\u00e9 serv\u00eda ni mucho menos c\u00f3mo va a funcionar lo nuevo.<\/p>\n<p>De hecho es muy poco lo que se sabe del Insabi, tan es as\u00ed que los que ni sus operadores saben claramente que cubre y que no cubre y consecuencia de ello fue que de la nada empezaron a dispararse los costos para los usuarios, ya que tuvieron que pagar de su bolsillo lo que antes era cubierto por el Seguro Popular al no saber los servidores del sistema de salud si esos conceptos eran o no cubiertos por el Insabi, ese fen\u00f3meno se dio m\u00e1s en las entidades gobernadas por Morena que ni prestas ni perezosas se integraron en el nuevo esquema.<\/p>\n<p>Lo que s\u00ed se sabe es que con el Insabi se pretende volver a centralizar la prestaci\u00f3n de los servicios de salud a la poblaci\u00f3n no asegurada ya que como su nombre lo indica es un instituto nacional que va a prestar esos servicios, un retroceso de por lo menos 40 a\u00f1os en palabras del Dr. Frenk, y para colmo sin contar con la asignaci\u00f3n presupuestaria necesaria para cubrir a toda la poblaci\u00f3n del pa\u00eds que requiera de sus servicios debido a que el a\u00f1o pasado hubo un fuerte recorte presupuestal en salud y este a\u00f1o la cifra se mantiene parecida.<\/p>\n<p>Encontr\u00e1ndose aqu\u00ed la mala planeaci\u00f3n y por tanto el mal gobierno que da acceso a la corrupci\u00f3n, ya que mientras el Seguro Popular era un programa de salud que utilizaba la infraestructura de cada estado para prestar sus servicios, ahora se cre\u00f3 un monstruo nacional para brindar servicios m\u00e9dicos a la poblaci\u00f3n no asegurada, monstruo que nace sin instalaciones, ni presupuesto ni reglas claras sobre su funcionamiento ni sobre su personal y que por su naturaleza va a generar m\u00e1s corrupci\u00f3n de la que ya hab\u00eda en el sistema de salud, ya que un monopolio centralizado es m\u00e1s proclive a la corrupci\u00f3n y de esto tenemos ya muchos ejemplos en M\u00e9xico.<\/p>\n<p>Pero como ya se dijo, la consigna es destruir por destruir y a eso le podemos a\u00f1adir que para el gobierno de L\u00f3pez siempre ser\u00e1 mejor un elefante centralizado que un programa perfectible pero eficiente que ya operaba y lo hac\u00eda con bastante \u00e9xito.<\/p>\n<p>Como colof\u00f3n, no puedo pasar por alto que resulta ir\u00f3nico y hasta rid\u00edculo que el nieto del presidente haya nacido en Estados Unidos en lugar de haberlo hecho en el pa\u00eds y estrenando el famoso Insabi, \u00bfSer\u00e1 porque ni sus creadores conf\u00edan en su monstruo?<\/p>\n<p><a href=\"mailto:felfebas@gmail.com\">felfebas@gmail.com<\/a><\/p>\n<p>Twitter: @FelipeFBasilio<\/p>\n","protected":false},"excerpt":{"rendered":"<p>Felipe de Jes\u00fas Fern\u00e1ndez Basilio Desde A Janela Iniciamos esta d\u00e9cada con el estreno del Insabi (Instituto de Salud para el Bienestar) organismo p\u00fablico federal que supuestamente va a dar un servicio de salud a toda la poblaci\u00f3n no asegurada de este pa\u00eds y con el cual se va lograr tener un nivel de salud [&hellip;]<\/p>\n","protected":false},"author":2,"featured_media":0,"comment_status":"open","ping_status":"open","sticky":false,"template":"","format":"standard","meta":{"tdm_status":"","tdm_grid_status":"","footnotes":""},"categories":[70],"tags":[1208,15530,16176,895,16177,1969],"class_list":{"0":"post-52045","1":"post","2":"type-post","3":"status-publish","4":"format-standard","6":"category-de-opinion","7":"tag-imss","8":"tag-insabi","9":"tag-instituto-de-salud-para-el-bienestar","10":"tag-issste","11":"tag-julio-frenk-mora","12":"tag-seguro-popular"},"yoast_head":"<!-- This site is optimized with the Yoast SEO plugin v27.4 - https:\/\/yoast.com\/product\/yoast-seo-wordpress\/ -->\n<title>Insabi: Ejemplo de mal gobierno y corrupci\u00f3n - Los pol\u00edticos Veracruz<\/title>\n<meta name=\"robots\" content=\"index, follow, max-snippet:-1, max-image-preview:large, max-video-preview:-1\" \/>\n<link rel=\"canonical\" href=\"https:\/\/lospoliticosveracruz.com\/?p=52045\" \/>\n<meta property=\"og:locale\" content=\"es_ES\" \/>\n<meta property=\"og:type\" content=\"article\" \/>\n<meta property=\"og:title\" content=\"Insabi: Ejemplo de mal gobierno y corrupci\u00f3n - Los pol\u00edticos Veracruz\" \/>\n<meta property=\"og:description\" content=\"Felipe de Jes\u00fas Fern\u00e1ndez Basilio Desde A Janela Iniciamos esta d\u00e9cada con el estreno del Insabi (Instituto de Salud para el Bienestar) organismo p\u00fablico federal que supuestamente va a dar un servicio de salud a toda la poblaci\u00f3n no asegurada de este pa\u00eds y con el cual se va lograr tener un nivel de salud [&hellip;]\" \/>\n<meta property=\"og:url\" content=\"https:\/\/lospoliticosveracruz.com\/?p=52045\" \/>\n<meta property=\"og:site_name\" content=\"Los pol\u00edticos Veracruz\" \/>\n<meta property=\"article:publisher\" content=\"https:\/\/www.facebook.com\/people\/Notimemes-de-los-Polticos\/61565672886568\/\" \/>\n<meta property=\"article:published_time\" content=\"2020-01-17T16:56:34+00:00\" \/>\n<meta property=\"og:image\" content=\"https:\/\/lospoliticosveracruz.com\/wp-content\/uploads\/2016\/07\/Logo-Dor.jpg\" \/>\n\t<meta property=\"og:image:width\" content=\"200\" \/>\n\t<meta property=\"og:image:height\" content=\"200\" \/>\n\t<meta property=\"og:image:type\" content=\"image\/jpeg\" \/>\n<meta name=\"author\" content=\"Lo viste en Los Pol\u00edticos\" \/>\n<meta name=\"twitter:card\" content=\"summary_large_image\" \/>\n<meta name=\"twitter:creator\" content=\"@LosPoliticosVer\" \/>\n<meta name=\"twitter:site\" content=\"@LosPoliticosVer\" \/>\n<meta name=\"twitter:label1\" content=\"Escrito por\" \/>\n\t<meta name=\"twitter:data1\" content=\"Lo viste en Los Pol\u00edticos\" \/>\n\t<meta name=\"twitter:label2\" content=\"Tiempo de lectura\" \/>\n\t<meta name=\"twitter:data2\" content=\"5 minutos\" \/>\n<script type=\"application\/ld+json\" class=\"yoast-schema-graph\">{\"@context\":\"https:\\\/\\\/schema.org\",\"@graph\":[{\"@type\":\"Article\",\"@id\":\"https:\\\/\\\/lospoliticosveracruz.com\\\/?p=52045#article\",\"isPartOf\":{\"@id\":\"https:\\\/\\\/lospoliticosveracruz.com\\\/?p=52045\"},\"author\":{\"name\":\"Lo viste en Los Pol\u00edticos\",\"@id\":\"https:\\\/\\\/lospoliticosveracruz.com\\\/#\\\/schema\\\/person\\\/b8702bb0e538456e6efd07080bf2a4a2\"},\"headline\":\"Insabi: Ejemplo de mal gobierno y corrupci\u00f3n\",\"datePublished\":\"2020-01-17T16:56:34+00:00\",\"mainEntityOfPage\":{\"@id\":\"https:\\\/\\\/lospoliticosveracruz.com\\\/?p=52045\"},\"wordCount\":942,\"commentCount\":0,\"publisher\":{\"@id\":\"https:\\\/\\\/lospoliticosveracruz.com\\\/#organization\"},\"keywords\":[\"IMSS\",\"Insabi\",\"Instituto de Salud para el Bienestar\",\"Issste\",\"Julio Frenk Mora\",\"Seguro Popular\"],\"articleSection\":[\"De Opini\u00f3n\"],\"inLanguage\":\"es\",\"potentialAction\":[{\"@type\":\"CommentAction\",\"name\":\"Comment\",\"target\":[\"https:\\\/\\\/lospoliticosveracruz.com\\\/?p=52045#respond\"]}]},{\"@type\":\"WebPage\",\"@id\":\"https:\\\/\\\/lospoliticosveracruz.com\\\/?p=52045\",\"url\":\"https:\\\/\\\/lospoliticosveracruz.com\\\/?p=52045\",\"name\":\"Insabi: Ejemplo de mal gobierno y corrupci\u00f3n - Los pol\u00edticos Veracruz\",\"isPartOf\":{\"@id\":\"https:\\\/\\\/lospoliticosveracruz.com\\\/#website\"},\"datePublished\":\"2020-01-17T16:56:34+00:00\",\"breadcrumb\":{\"@id\":\"https:\\\/\\\/lospoliticosveracruz.com\\\/?p=52045#breadcrumb\"},\"inLanguage\":\"es\",\"potentialAction\":[{\"@type\":\"ReadAction\",\"target\":[\"https:\\\/\\\/lospoliticosveracruz.com\\\/?p=52045\"]}]},{\"@type\":\"BreadcrumbList\",\"@id\":\"https:\\\/\\\/lospoliticosveracruz.com\\\/?p=52045#breadcrumb\",\"itemListElement\":[{\"@type\":\"ListItem\",\"position\":1,\"name\":\"Portada\",\"item\":\"https:\\\/\\\/lospoliticosveracruz.com\\\/\"},{\"@type\":\"ListItem\",\"position\":2,\"name\":\"Insabi: Ejemplo de mal gobierno y corrupci\u00f3n\"}]},{\"@type\":\"WebSite\",\"@id\":\"https:\\\/\\\/lospoliticosveracruz.com\\\/#website\",\"url\":\"https:\\\/\\\/lospoliticosveracruz.com\\\/\",\"name\":\"Los pol\u00edticos Veracruz\",\"description\":\"\",\"publisher\":{\"@id\":\"https:\\\/\\\/lospoliticosveracruz.com\\\/#organization\"},\"potentialAction\":[{\"@type\":\"SearchAction\",\"target\":{\"@type\":\"EntryPoint\",\"urlTemplate\":\"https:\\\/\\\/lospoliticosveracruz.com\\\/?s={search_term_string}\"},\"query-input\":{\"@type\":\"PropertyValueSpecification\",\"valueRequired\":true,\"valueName\":\"search_term_string\"}}],\"inLanguage\":\"es\"},{\"@type\":\"Organization\",\"@id\":\"https:\\\/\\\/lospoliticosveracruz.com\\\/#organization\",\"name\":\"Los pol\u00edticos Veracruz\",\"url\":\"https:\\\/\\\/lospoliticosveracruz.com\\\/\",\"logo\":{\"@type\":\"ImageObject\",\"inLanguage\":\"es\",\"@id\":\"https:\\\/\\\/lospoliticosveracruz.com\\\/#\\\/schema\\\/logo\\\/image\\\/\",\"url\":\"https:\\\/\\\/lospoliticosveracruz.com\\\/wp-content\\\/uploads\\\/2025\\\/12\\\/Logo-Nuevo-LOS-POLITICOS-1.jpg\",\"contentUrl\":\"https:\\\/\\\/lospoliticosveracruz.com\\\/wp-content\\\/uploads\\\/2025\\\/12\\\/Logo-Nuevo-LOS-POLITICOS-1.jpg\",\"width\":260,\"height\":70,\"caption\":\"Los pol\u00edticos Veracruz\"},\"image\":{\"@id\":\"https:\\\/\\\/lospoliticosveracruz.com\\\/#\\\/schema\\\/logo\\\/image\\\/\"},\"sameAs\":[\"https:\\\/\\\/www.facebook.com\\\/people\\\/Notimemes-de-los-Polticos\\\/61565672886568\\\/\",\"https:\\\/\\\/x.com\\\/LosPoliticosVer\"]},{\"@type\":\"Person\",\"@id\":\"https:\\\/\\\/lospoliticosveracruz.com\\\/#\\\/schema\\\/person\\\/b8702bb0e538456e6efd07080bf2a4a2\",\"name\":\"Lo viste en Los Pol\u00edticos\",\"image\":{\"@type\":\"ImageObject\",\"inLanguage\":\"es\",\"@id\":\"https:\\\/\\\/secure.gravatar.com\\\/avatar\\\/3a8de04a2656d44082be478bd6c086daa447c4651605818287b9532d3d0bd435?s=96&d=mm&r=g\",\"url\":\"https:\\\/\\\/secure.gravatar.com\\\/avatar\\\/3a8de04a2656d44082be478bd6c086daa447c4651605818287b9532d3d0bd435?s=96&d=mm&r=g\",\"contentUrl\":\"https:\\\/\\\/secure.gravatar.com\\\/avatar\\\/3a8de04a2656d44082be478bd6c086daa447c4651605818287b9532d3d0bd435?s=96&d=mm&r=g\",\"caption\":\"Lo viste en Los Pol\u00edticos\"},\"url\":\"https:\\\/\\\/lospoliticosveracruz.com\\\/?author=2\"}]}<\/script>\n<!-- \/ Yoast SEO plugin. -->","yoast_head_json":{"title":"Insabi: Ejemplo de mal gobierno y corrupci\u00f3n - Los pol\u00edticos Veracruz","robots":{"index":"index","follow":"follow","max-snippet":"max-snippet:-1","max-image-preview":"max-image-preview:large","max-video-preview":"max-video-preview:-1"},"canonical":"https:\/\/lospoliticosveracruz.com\/?p=52045","og_locale":"es_ES","og_type":"article","og_title":"Insabi: Ejemplo de mal gobierno y corrupci\u00f3n - Los pol\u00edticos Veracruz","og_description":"Felipe de Jes\u00fas Fern\u00e1ndez Basilio Desde A Janela Iniciamos esta d\u00e9cada con el estreno del Insabi (Instituto de Salud para el Bienestar) organismo p\u00fablico federal que supuestamente va a dar un servicio de salud a toda la poblaci\u00f3n no asegurada de este pa\u00eds y con el cual se va lograr tener un nivel de salud [&hellip;]","og_url":"https:\/\/lospoliticosveracruz.com\/?p=52045","og_site_name":"Los pol\u00edticos Veracruz","article_publisher":"https:\/\/www.facebook.com\/people\/Notimemes-de-los-Polticos\/61565672886568\/","article_published_time":"2020-01-17T16:56:34+00:00","og_image":[{"width":200,"height":200,"url":"https:\/\/lospoliticosveracruz.com\/wp-content\/uploads\/2016\/07\/Logo-Dor.jpg","type":"image\/jpeg"}],"author":"Lo viste en Los Pol\u00edticos","twitter_card":"summary_large_image","twitter_creator":"@LosPoliticosVer","twitter_site":"@LosPoliticosVer","twitter_misc":{"Escrito por":"Lo viste en Los Pol\u00edticos","Tiempo de lectura":"5 minutos"},"schema":{"@context":"https:\/\/schema.org","@graph":[{"@type":"Article","@id":"https:\/\/lospoliticosveracruz.com\/?p=52045#article","isPartOf":{"@id":"https:\/\/lospoliticosveracruz.com\/?p=52045"},"author":{"name":"Lo viste en Los Pol\u00edticos","@id":"https:\/\/lospoliticosveracruz.com\/#\/schema\/person\/b8702bb0e538456e6efd07080bf2a4a2"},"headline":"Insabi: Ejemplo de mal gobierno y corrupci\u00f3n","datePublished":"2020-01-17T16:56:34+00:00","mainEntityOfPage":{"@id":"https:\/\/lospoliticosveracruz.com\/?p=52045"},"wordCount":942,"commentCount":0,"publisher":{"@id":"https:\/\/lospoliticosveracruz.com\/#organization"},"keywords":["IMSS","Insabi","Instituto de Salud para el Bienestar","Issste","Julio Frenk Mora","Seguro Popular"],"articleSection":["De Opini\u00f3n"],"inLanguage":"es","potentialAction":[{"@type":"CommentAction","name":"Comment","target":["https:\/\/lospoliticosveracruz.com\/?p=52045#respond"]}]},{"@type":"WebPage","@id":"https:\/\/lospoliticosveracruz.com\/?p=52045","url":"https:\/\/lospoliticosveracruz.com\/?p=52045","name":"Insabi: Ejemplo de mal gobierno y corrupci\u00f3n - Los pol\u00edticos Veracruz","isPartOf":{"@id":"https:\/\/lospoliticosveracruz.com\/#website"},"datePublished":"2020-01-17T16:56:34+00:00","breadcrumb":{"@id":"https:\/\/lospoliticosveracruz.com\/?p=52045#breadcrumb"},"inLanguage":"es","potentialAction":[{"@type":"ReadAction","target":["https:\/\/lospoliticosveracruz.com\/?p=52045"]}]},{"@type":"BreadcrumbList","@id":"https:\/\/lospoliticosveracruz.com\/?p=52045#breadcrumb","itemListElement":[{"@type":"ListItem","position":1,"name":"Portada","item":"https:\/\/lospoliticosveracruz.com\/"},{"@type":"ListItem","position":2,"name":"Insabi: Ejemplo de mal gobierno y corrupci\u00f3n"}]},{"@type":"WebSite","@id":"https:\/\/lospoliticosveracruz.com\/#website","url":"https:\/\/lospoliticosveracruz.com\/","name":"Los pol\u00edticos Veracruz","description":"","publisher":{"@id":"https:\/\/lospoliticosveracruz.com\/#organization"},"potentialAction":[{"@type":"SearchAction","target":{"@type":"EntryPoint","urlTemplate":"https:\/\/lospoliticosveracruz.com\/?s={search_term_string}"},"query-input":{"@type":"PropertyValueSpecification","valueRequired":true,"valueName":"search_term_string"}}],"inLanguage":"es"},{"@type":"Organization","@id":"https:\/\/lospoliticosveracruz.com\/#organization","name":"Los pol\u00edticos Veracruz","url":"https:\/\/lospoliticosveracruz.com\/","logo":{"@type":"ImageObject","inLanguage":"es","@id":"https:\/\/lospoliticosveracruz.com\/#\/schema\/logo\/image\/","url":"https:\/\/lospoliticosveracruz.com\/wp-content\/uploads\/2025\/12\/Logo-Nuevo-LOS-POLITICOS-1.jpg","contentUrl":"https:\/\/lospoliticosveracruz.com\/wp-content\/uploads\/2025\/12\/Logo-Nuevo-LOS-POLITICOS-1.jpg","width":260,"height":70,"caption":"Los pol\u00edticos Veracruz"},"image":{"@id":"https:\/\/lospoliticosveracruz.com\/#\/schema\/logo\/image\/"},"sameAs":["https:\/\/www.facebook.com\/people\/Notimemes-de-los-Polticos\/61565672886568\/","https:\/\/x.com\/LosPoliticosVer"]},{"@type":"Person","@id":"https:\/\/lospoliticosveracruz.com\/#\/schema\/person\/b8702bb0e538456e6efd07080bf2a4a2","name":"Lo viste en Los Pol\u00edticos","image":{"@type":"ImageObject","inLanguage":"es","@id":"https:\/\/secure.gravatar.com\/avatar\/3a8de04a2656d44082be478bd6c086daa447c4651605818287b9532d3d0bd435?s=96&d=mm&r=g","url":"https:\/\/secure.gravatar.com\/avatar\/3a8de04a2656d44082be478bd6c086daa447c4651605818287b9532d3d0bd435?s=96&d=mm&r=g","contentUrl":"https:\/\/secure.gravatar.com\/avatar\/3a8de04a2656d44082be478bd6c086daa447c4651605818287b9532d3d0bd435?s=96&d=mm&r=g","caption":"Lo viste en Los Pol\u00edticos"},"url":"https:\/\/lospoliticosveracruz.com\/?author=2"}]}},"_links":{"self":[{"href":"https:\/\/lospoliticosveracruz.com\/index.php?rest_route=\/wp\/v2\/posts\/52045","targetHints":{"allow":["GET"]}}],"collection":[{"href":"https:\/\/lospoliticosveracruz.com\/index.php?rest_route=\/wp\/v2\/posts"}],"about":[{"href":"https:\/\/lospoliticosveracruz.com\/index.php?rest_route=\/wp\/v2\/types\/post"}],"author":[{"embeddable":true,"href":"https:\/\/lospoliticosveracruz.com\/index.php?rest_route=\/wp\/v2\/users\/2"}],"replies":[{"embeddable":true,"href":"https:\/\/lospoliticosveracruz.com\/index.php?rest_route=%2Fwp%2Fv2%2Fcomments&post=52045"}],"version-history":[{"count":1,"href":"https:\/\/lospoliticosveracruz.com\/index.php?rest_route=\/wp\/v2\/posts\/52045\/revisions"}],"predecessor-version":[{"id":52047,"href":"https:\/\/lospoliticosveracruz.com\/index.php?rest_route=\/wp\/v2\/posts\/52045\/revisions\/52047"}],"wp:attachment":[{"href":"https:\/\/lospoliticosveracruz.com\/index.php?rest_route=%2Fwp%2Fv2%2Fmedia&parent=52045"}],"wp:term":[{"taxonomy":"category","embeddable":true,"href":"https:\/\/lospoliticosveracruz.com\/index.php?rest_route=%2Fwp%2Fv2%2Fcategories&post=52045"},{"taxonomy":"post_tag","embeddable":true,"href":"https:\/\/lospoliticosveracruz.com\/index.php?rest_route=%2Fwp%2Fv2%2Ftags&post=52045"}],"curies":[{"name":"wp","href":"https:\/\/api.w.org\/{rel}","templated":true}]}}