{"id":52063,"date":"2020-01-19T23:00:57","date_gmt":"2020-01-20T05:00:57","guid":{"rendered":"http:\/\/www.lospoliticosveracruz.com.mx\/?p=52063"},"modified":"2020-01-19T18:15:54","modified_gmt":"2020-01-20T00:15:54","slug":"xalapa-al-100","status":"publish","type":"post","link":"https:\/\/lospoliticosveracruz.com\/?p=52063","title":{"rendered":"Xalapa \u00bfal 100?"},"content":{"rendered":"<p><strong>Salvador Mu\u00f1oz<\/strong><\/p>\n<p><em>Los Pol\u00edticos<\/em><\/p>\n<p><span style=\"font-weight: 400;\">Pol\u00edticos o ciudadanos, he ah\u00ed el dilema al que desde hace unos comicios se enfrenta tanto el partido pol\u00edtico como el elector. Hay una frase com\u00fan que empez\u00f3 a resonar entre la gente cada vez que se anunciaba un candidato: \u00bfQu\u00e9 no hay otros? En Veracruz, tal situaci\u00f3n cobr\u00f3 m\u00e1s fuerza cuando al menos en las tres \u00faltimas elecciones para Gobernador, m\u00ednimo, un Yunes particip\u00f3\u2026 ya ni se diga para alcalde, diputado o senador\u2026 el caso de los Yunes es s\u00f3lo un ejemplo\u2026 es seguro que en su municipio o distrito haya una familia pol\u00edtica que en cada proceso electoral, ya participe un apellido com\u00fan con el padre, hijo, esposa, sobrino, etc\u00e9tera\u2026 por eso, desde hace algunos procesos electorales, tanto ciudadanos como partidos se enfrentan a un dilema a la hora de elegir: pol\u00edticos o ciudadanos.<\/span><\/p>\n<p><span style=\"font-weight: 400;\">II<\/span><\/p>\n<p><span style=\"font-weight: 400;\">Xalapa, en este nuevo siglo, si la memoria no me falla, ha sido gobernada por dos ciudadanos que surgieron de la Iniciativa Privada: Ricardo Ahued y David Velasco Chedraui.<\/span><\/p>\n<p><span style=\"font-weight: 400;\">Cada ateniense tendr\u00e1 su opini\u00f3n muy personal de la forma de gobernar de estos dos personajes que en sus apellidos llevan una marca registrada, as\u00ed como de los pol\u00edticos que lo han hecho\u2026 y el acad\u00e9mico que actualmente lo hace. La pregunta es \u00bfqui\u00e9n consideran que ha hecho una mejor administraci\u00f3n? \u00bfel empresario o el pol\u00edtico?<\/span><\/p>\n<p><span style=\"font-weight: 400;\">Mientras uno piensa en resolver este dilema, y faltando menos de dos a\u00f1os para renovar el poder municipal, en Xalapa hay quienes se empiezan a mover en pos de alcald\u00eda de la Atenas Veracruzana\u2026<\/span><\/p>\n<p><span style=\"font-weight: 400;\">III<\/span><\/p>\n<p><span style=\"font-weight: 400;\">Uno de ellos es Cuauht\u00e9moc Vel\u00e1zquez con su #RescatemosXalapa que se parece mucho al del 2016 del PAN: \u201cRescatemos Veracruz\u201d.<\/span><\/p>\n<p><span style=\"font-weight: 400;\">Por supuesto, si bien la labor altruista de Cuauht\u00e9moc es bien recibida por sus receptores (a qui\u00e9n le dan pan que llore), es inherente recordar el origen del buen Cuau\u2026 de cuna pri\u00edsta. No obstante ello, hay que reconocer en \u00e9l su habilidad y empat\u00eda para las relaciones p\u00fablicas y pol\u00edticas, pues lo mismo se lleva con panistas que verdes, morenos y de cualquier color. Claro que por ganas no para Cuauht\u00e9moc, quien en esta competencia por los \u201csuspiros\u201d tiene mucha desventaja, y no nos referimos a otros citados como es el caso de Omar Miranda, Sergio Hern\u00e1ndez, David Velasco o Am\u00e9rico Z\u00fa\u00f1iga\u2026 \u00bfQu\u00e9 tal si entra a la contienda electoral Ricardo Ahued?<\/span><\/p>\n<p><span style=\"font-weight: 400;\">IV<\/span><\/p>\n<p><span style=\"font-weight: 400;\">\u00bfRicardo Ahued de nuevo por la alcald\u00eda de Xalapa? La idea no es mala, salvo por un ligero detalle: en esta ocasi\u00f3n no nos referimos al de las Aduanas, sino a su hijo, Ricardo Ahued Scala, quien bien podr\u00eda desestabilizar los sue\u00f1os de un par de Morenas si se aplicara en la pol\u00edtica el \u201cDe tal palo, tal astilla\u201d o \u201cHijo de tigre, pintito\u201d y entonces suponer que as\u00ed como el padre hizo un papel decoroso cuando alcalde \u00bfpor qu\u00e9 no el hijo? En Morena, un candidato como Ahued Scala podr\u00eda de cierto modo, resarcir la confianza que el xalape\u00f1o ha perdido por este partido gracias a la pobre labor que en dos a\u00f1os ha realizado Hip\u00f3lito Rodr\u00edguez Herrero\u2026 pero esto es \u201cun supuesto\u201d, tanto pensar que si el padre fue bueno, el hijo igual, como esperar que Ahued Scala tenga intenciones de participar en la contienda electoral por Morena\u2026 pero\u2026<\/span><\/p>\n<p><span style=\"font-weight: 400;\">\u00bfQu\u00e9 \u201cPero\u201d se le pondr\u00eda a esta posibilidad? La misma con la que se inici\u00f3 esta columna: El riesgo de que Los Ahued pasen de la actividad empresarial a hacer de la pol\u00edtica, un modus vivendi por su familia\u2026<\/span><\/p>\n<p><span style=\"font-weight: 400;\">V<\/span><\/p>\n<p><span style=\"font-weight: 400;\">\u00bfEntonces\u2026 qu\u00e9 otras opciones le quedan al xalape\u00f1o? En la iniciativa privada ven con buenos ojos a uno de sus iguales que su apellido ha empezado a acompa\u00f1arse con un \u201c\u00bfPor qu\u00e9 no?\u201d Nos referimos a Manuel Cienfuegos Garc\u00eda, due\u00f1o de una cadena exitosa de restaurantes en la Atenas Veracruzana: Asadero 100.<\/span><\/p>\n<p><span style=\"font-weight: 400;\">Quienes ven a Cienfuegos como opci\u00f3n, anteponen la dedicaci\u00f3n y esfuerzo de este empresario que no s\u00f3lo ha crecido \u00e9l, sino a su lado, cientos de familias quienes de manera directa o indirecta, tienen empleo.<\/span><\/p>\n<p><span style=\"font-weight: 400;\">Conf\u00edan en su manejo administrativo as\u00ed como en su visi\u00f3n, de tal manera que la pueda llevar a la ciudad y los empresarios est\u00e1n dispuestos a jug\u00e1rsela con \u00e9l pues saben que si Xalapa vuelve a ser la ciudad que era antes, les ir\u00e1 bien a todos\u2026 ahora s\u00ed, como quien dice, se trata de que a Xalapa \u00a1le vaya al !00!<\/span><\/p>\n<p><span style=\"font-weight: 400;\">Y volver\u00eda a la pregunta inicial: con qui\u00e9n se la jugar\u00e1n los partidos pol\u00edticos: \u00bfcon un militante o con un ciudadano? dependiendo de su decisi\u00f3n, es que el elector entonces igual decida\u2026<\/span><\/p>\n<p>&nbsp;<\/p>\n<p><span style=\"font-weight: 400;\">smcainito@gmail.com<\/span><\/p>\n","protected":false},"excerpt":{"rendered":"<p>Salvador Mu\u00f1oz Los Pol\u00edticos Pol\u00edticos o ciudadanos, he ah\u00ed el dilema al que desde hace unos comicios se enfrenta tanto el partido pol\u00edtico como el elector. Hay una frase com\u00fan que empez\u00f3 a resonar entre la gente cada vez que se anunciaba un candidato: \u00bfQu\u00e9 no hay otros? En Veracruz, tal situaci\u00f3n cobr\u00f3 m\u00e1s fuerza [&hellip;]<\/p>\n","protected":false},"author":2,"featured_media":0,"comment_status":"open","ping_status":"open","sticky":false,"template":"","format":"standard","meta":{"tdm_status":"","tdm_grid_status":"","footnotes":""},"categories":[70],"tags":[483,16188,407,16189,1026,12807,266,16187,16186,2646,6142,96],"class_list":{"0":"post-52063","1":"post","2":"type-post","3":"status-publish","4":"format-standard","6":"category-de-opinion","7":"tag-americo-zuniga","8":"tag-cuauhtemoc-velazquez","9":"tag-david-velasco-chedraui","10":"tag-manuel-cienfuegos-garcia","11":"tag-morena","12":"tag-omar-miranda","13":"tag-pan","14":"tag-rescatemos-veracruz","15":"tag-ricardo-ahued-scala","16":"tag-salvador-munoz","17":"tag-sergio-hernandez","18":"tag-xalapa"},"yoast_head":"<!-- This site is optimized with the Yoast SEO plugin v27.4 - https:\/\/yoast.com\/product\/yoast-seo-wordpress\/ -->\n<title>Xalapa \u00bfal 100? - Los pol\u00edticos Veracruz<\/title>\n<meta name=\"robots\" content=\"index, follow, max-snippet:-1, max-image-preview:large, max-video-preview:-1\" \/>\n<link rel=\"canonical\" href=\"https:\/\/lospoliticosveracruz.com\/?p=52063\" \/>\n<meta property=\"og:locale\" content=\"es_ES\" \/>\n<meta property=\"og:type\" content=\"article\" \/>\n<meta property=\"og:title\" content=\"Xalapa \u00bfal 100? - Los pol\u00edticos Veracruz\" \/>\n<meta property=\"og:description\" content=\"Salvador Mu\u00f1oz Los Pol\u00edticos Pol\u00edticos o ciudadanos, he ah\u00ed el dilema al que desde hace unos comicios se enfrenta tanto el partido pol\u00edtico como el elector. Hay una frase com\u00fan que empez\u00f3 a resonar entre la gente cada vez que se anunciaba un candidato: \u00bfQu\u00e9 no hay otros? En Veracruz, tal situaci\u00f3n cobr\u00f3 m\u00e1s fuerza [&hellip;]\" \/>\n<meta property=\"og:url\" content=\"https:\/\/lospoliticosveracruz.com\/?p=52063\" \/>\n<meta property=\"og:site_name\" content=\"Los pol\u00edticos Veracruz\" \/>\n<meta property=\"article:publisher\" content=\"https:\/\/www.facebook.com\/people\/Notimemes-de-los-Polticos\/61565672886568\/\" \/>\n<meta property=\"article:published_time\" content=\"2020-01-20T05:00:57+00:00\" \/>\n<meta property=\"og:image\" content=\"https:\/\/lospoliticosveracruz.com\/wp-content\/uploads\/2016\/07\/Logo-Dor.jpg\" \/>\n\t<meta property=\"og:image:width\" content=\"200\" \/>\n\t<meta property=\"og:image:height\" content=\"200\" \/>\n\t<meta property=\"og:image:type\" content=\"image\/jpeg\" \/>\n<meta name=\"author\" content=\"Lo viste en Los Pol\u00edticos\" \/>\n<meta name=\"twitter:card\" content=\"summary_large_image\" \/>\n<meta name=\"twitter:creator\" content=\"@LosPoliticosVer\" \/>\n<meta name=\"twitter:site\" content=\"@LosPoliticosVer\" \/>\n<meta name=\"twitter:label1\" content=\"Escrito por\" \/>\n\t<meta name=\"twitter:data1\" content=\"Lo viste en Los Pol\u00edticos\" \/>\n\t<meta name=\"twitter:label2\" content=\"Tiempo de lectura\" \/>\n\t<meta name=\"twitter:data2\" content=\"4 minutos\" \/>\n<script type=\"application\/ld+json\" class=\"yoast-schema-graph\">{\"@context\":\"https:\\\/\\\/schema.org\",\"@graph\":[{\"@type\":\"Article\",\"@id\":\"https:\\\/\\\/lospoliticosveracruz.com\\\/?p=52063#article\",\"isPartOf\":{\"@id\":\"https:\\\/\\\/lospoliticosveracruz.com\\\/?p=52063\"},\"author\":{\"name\":\"Lo viste en Los Pol\u00edticos\",\"@id\":\"https:\\\/\\\/lospoliticosveracruz.com\\\/#\\\/schema\\\/person\\\/b8702bb0e538456e6efd07080bf2a4a2\"},\"headline\":\"Xalapa \u00bfal 100?\",\"datePublished\":\"2020-01-20T05:00:57+00:00\",\"mainEntityOfPage\":{\"@id\":\"https:\\\/\\\/lospoliticosveracruz.com\\\/?p=52063\"},\"wordCount\":831,\"commentCount\":0,\"publisher\":{\"@id\":\"https:\\\/\\\/lospoliticosveracruz.com\\\/#organization\"},\"keywords\":[\"Am\u00e9rico Z\u00fa\u00f1iga\",\"Cuauht\u00e9moc Vel\u00e1zquez\",\"David Velasco Chedraui\",\"Manuel Cienfuegos Garc\u00eda\",\"Morena\",\"Omar Miranda\",\"PAN\",\"Rescatemos Veracruz\",\"Ricardo Ahued Scala\",\"Salvador Mu\u00f1oz\",\"Sergio Hern\u00e1ndez\",\"Xalapa\"],\"articleSection\":[\"De Opini\u00f3n\"],\"inLanguage\":\"es\",\"potentialAction\":[{\"@type\":\"CommentAction\",\"name\":\"Comment\",\"target\":[\"https:\\\/\\\/lospoliticosveracruz.com\\\/?p=52063#respond\"]}]},{\"@type\":\"WebPage\",\"@id\":\"https:\\\/\\\/lospoliticosveracruz.com\\\/?p=52063\",\"url\":\"https:\\\/\\\/lospoliticosveracruz.com\\\/?p=52063\",\"name\":\"Xalapa \u00bfal 100? - Los pol\u00edticos Veracruz\",\"isPartOf\":{\"@id\":\"https:\\\/\\\/lospoliticosveracruz.com\\\/#website\"},\"datePublished\":\"2020-01-20T05:00:57+00:00\",\"breadcrumb\":{\"@id\":\"https:\\\/\\\/lospoliticosveracruz.com\\\/?p=52063#breadcrumb\"},\"inLanguage\":\"es\",\"potentialAction\":[{\"@type\":\"ReadAction\",\"target\":[\"https:\\\/\\\/lospoliticosveracruz.com\\\/?p=52063\"]}]},{\"@type\":\"BreadcrumbList\",\"@id\":\"https:\\\/\\\/lospoliticosveracruz.com\\\/?p=52063#breadcrumb\",\"itemListElement\":[{\"@type\":\"ListItem\",\"position\":1,\"name\":\"Portada\",\"item\":\"https:\\\/\\\/lospoliticosveracruz.com\\\/\"},{\"@type\":\"ListItem\",\"position\":2,\"name\":\"Xalapa \u00bfal 100?\"}]},{\"@type\":\"WebSite\",\"@id\":\"https:\\\/\\\/lospoliticosveracruz.com\\\/#website\",\"url\":\"https:\\\/\\\/lospoliticosveracruz.com\\\/\",\"name\":\"Los pol\u00edticos Veracruz\",\"description\":\"\",\"publisher\":{\"@id\":\"https:\\\/\\\/lospoliticosveracruz.com\\\/#organization\"},\"potentialAction\":[{\"@type\":\"SearchAction\",\"target\":{\"@type\":\"EntryPoint\",\"urlTemplate\":\"https:\\\/\\\/lospoliticosveracruz.com\\\/?s={search_term_string}\"},\"query-input\":{\"@type\":\"PropertyValueSpecification\",\"valueRequired\":true,\"valueName\":\"search_term_string\"}}],\"inLanguage\":\"es\"},{\"@type\":\"Organization\",\"@id\":\"https:\\\/\\\/lospoliticosveracruz.com\\\/#organization\",\"name\":\"Los pol\u00edticos Veracruz\",\"url\":\"https:\\\/\\\/lospoliticosveracruz.com\\\/\",\"logo\":{\"@type\":\"ImageObject\",\"inLanguage\":\"es\",\"@id\":\"https:\\\/\\\/lospoliticosveracruz.com\\\/#\\\/schema\\\/logo\\\/image\\\/\",\"url\":\"https:\\\/\\\/lospoliticosveracruz.com\\\/wp-content\\\/uploads\\\/2025\\\/12\\\/Logo-Nuevo-LOS-POLITICOS-1.jpg\",\"contentUrl\":\"https:\\\/\\\/lospoliticosveracruz.com\\\/wp-content\\\/uploads\\\/2025\\\/12\\\/Logo-Nuevo-LOS-POLITICOS-1.jpg\",\"width\":260,\"height\":70,\"caption\":\"Los pol\u00edticos Veracruz\"},\"image\":{\"@id\":\"https:\\\/\\\/lospoliticosveracruz.com\\\/#\\\/schema\\\/logo\\\/image\\\/\"},\"sameAs\":[\"https:\\\/\\\/www.facebook.com\\\/people\\\/Notimemes-de-los-Polticos\\\/61565672886568\\\/\",\"https:\\\/\\\/x.com\\\/LosPoliticosVer\"]},{\"@type\":\"Person\",\"@id\":\"https:\\\/\\\/lospoliticosveracruz.com\\\/#\\\/schema\\\/person\\\/b8702bb0e538456e6efd07080bf2a4a2\",\"name\":\"Lo viste en Los Pol\u00edticos\",\"image\":{\"@type\":\"ImageObject\",\"inLanguage\":\"es\",\"@id\":\"https:\\\/\\\/secure.gravatar.com\\\/avatar\\\/3a8de04a2656d44082be478bd6c086daa447c4651605818287b9532d3d0bd435?s=96&d=mm&r=g\",\"url\":\"https:\\\/\\\/secure.gravatar.com\\\/avatar\\\/3a8de04a2656d44082be478bd6c086daa447c4651605818287b9532d3d0bd435?s=96&d=mm&r=g\",\"contentUrl\":\"https:\\\/\\\/secure.gravatar.com\\\/avatar\\\/3a8de04a2656d44082be478bd6c086daa447c4651605818287b9532d3d0bd435?s=96&d=mm&r=g\",\"caption\":\"Lo viste en Los Pol\u00edticos\"},\"url\":\"https:\\\/\\\/lospoliticosveracruz.com\\\/?author=2\"}]}<\/script>\n<!-- \/ Yoast SEO plugin. -->","yoast_head_json":{"title":"Xalapa \u00bfal 100? - Los pol\u00edticos Veracruz","robots":{"index":"index","follow":"follow","max-snippet":"max-snippet:-1","max-image-preview":"max-image-preview:large","max-video-preview":"max-video-preview:-1"},"canonical":"https:\/\/lospoliticosveracruz.com\/?p=52063","og_locale":"es_ES","og_type":"article","og_title":"Xalapa \u00bfal 100? - Los pol\u00edticos Veracruz","og_description":"Salvador Mu\u00f1oz Los Pol\u00edticos Pol\u00edticos o ciudadanos, he ah\u00ed el dilema al que desde hace unos comicios se enfrenta tanto el partido pol\u00edtico como el elector. Hay una frase com\u00fan que empez\u00f3 a resonar entre la gente cada vez que se anunciaba un candidato: \u00bfQu\u00e9 no hay otros? En Veracruz, tal situaci\u00f3n cobr\u00f3 m\u00e1s fuerza [&hellip;]","og_url":"https:\/\/lospoliticosveracruz.com\/?p=52063","og_site_name":"Los pol\u00edticos Veracruz","article_publisher":"https:\/\/www.facebook.com\/people\/Notimemes-de-los-Polticos\/61565672886568\/","article_published_time":"2020-01-20T05:00:57+00:00","og_image":[{"width":200,"height":200,"url":"https:\/\/lospoliticosveracruz.com\/wp-content\/uploads\/2016\/07\/Logo-Dor.jpg","type":"image\/jpeg"}],"author":"Lo viste en Los Pol\u00edticos","twitter_card":"summary_large_image","twitter_creator":"@LosPoliticosVer","twitter_site":"@LosPoliticosVer","twitter_misc":{"Escrito por":"Lo viste en Los Pol\u00edticos","Tiempo de lectura":"4 minutos"},"schema":{"@context":"https:\/\/schema.org","@graph":[{"@type":"Article","@id":"https:\/\/lospoliticosveracruz.com\/?p=52063#article","isPartOf":{"@id":"https:\/\/lospoliticosveracruz.com\/?p=52063"},"author":{"name":"Lo viste en Los Pol\u00edticos","@id":"https:\/\/lospoliticosveracruz.com\/#\/schema\/person\/b8702bb0e538456e6efd07080bf2a4a2"},"headline":"Xalapa \u00bfal 100?","datePublished":"2020-01-20T05:00:57+00:00","mainEntityOfPage":{"@id":"https:\/\/lospoliticosveracruz.com\/?p=52063"},"wordCount":831,"commentCount":0,"publisher":{"@id":"https:\/\/lospoliticosveracruz.com\/#organization"},"keywords":["Am\u00e9rico Z\u00fa\u00f1iga","Cuauht\u00e9moc Vel\u00e1zquez","David Velasco Chedraui","Manuel Cienfuegos Garc\u00eda","Morena","Omar Miranda","PAN","Rescatemos Veracruz","Ricardo Ahued Scala","Salvador Mu\u00f1oz","Sergio Hern\u00e1ndez","Xalapa"],"articleSection":["De Opini\u00f3n"],"inLanguage":"es","potentialAction":[{"@type":"CommentAction","name":"Comment","target":["https:\/\/lospoliticosveracruz.com\/?p=52063#respond"]}]},{"@type":"WebPage","@id":"https:\/\/lospoliticosveracruz.com\/?p=52063","url":"https:\/\/lospoliticosveracruz.com\/?p=52063","name":"Xalapa \u00bfal 100? - Los pol\u00edticos Veracruz","isPartOf":{"@id":"https:\/\/lospoliticosveracruz.com\/#website"},"datePublished":"2020-01-20T05:00:57+00:00","breadcrumb":{"@id":"https:\/\/lospoliticosveracruz.com\/?p=52063#breadcrumb"},"inLanguage":"es","potentialAction":[{"@type":"ReadAction","target":["https:\/\/lospoliticosveracruz.com\/?p=52063"]}]},{"@type":"BreadcrumbList","@id":"https:\/\/lospoliticosveracruz.com\/?p=52063#breadcrumb","itemListElement":[{"@type":"ListItem","position":1,"name":"Portada","item":"https:\/\/lospoliticosveracruz.com\/"},{"@type":"ListItem","position":2,"name":"Xalapa \u00bfal 100?"}]},{"@type":"WebSite","@id":"https:\/\/lospoliticosveracruz.com\/#website","url":"https:\/\/lospoliticosveracruz.com\/","name":"Los pol\u00edticos Veracruz","description":"","publisher":{"@id":"https:\/\/lospoliticosveracruz.com\/#organization"},"potentialAction":[{"@type":"SearchAction","target":{"@type":"EntryPoint","urlTemplate":"https:\/\/lospoliticosveracruz.com\/?s={search_term_string}"},"query-input":{"@type":"PropertyValueSpecification","valueRequired":true,"valueName":"search_term_string"}}],"inLanguage":"es"},{"@type":"Organization","@id":"https:\/\/lospoliticosveracruz.com\/#organization","name":"Los pol\u00edticos Veracruz","url":"https:\/\/lospoliticosveracruz.com\/","logo":{"@type":"ImageObject","inLanguage":"es","@id":"https:\/\/lospoliticosveracruz.com\/#\/schema\/logo\/image\/","url":"https:\/\/lospoliticosveracruz.com\/wp-content\/uploads\/2025\/12\/Logo-Nuevo-LOS-POLITICOS-1.jpg","contentUrl":"https:\/\/lospoliticosveracruz.com\/wp-content\/uploads\/2025\/12\/Logo-Nuevo-LOS-POLITICOS-1.jpg","width":260,"height":70,"caption":"Los pol\u00edticos Veracruz"},"image":{"@id":"https:\/\/lospoliticosveracruz.com\/#\/schema\/logo\/image\/"},"sameAs":["https:\/\/www.facebook.com\/people\/Notimemes-de-los-Polticos\/61565672886568\/","https:\/\/x.com\/LosPoliticosVer"]},{"@type":"Person","@id":"https:\/\/lospoliticosveracruz.com\/#\/schema\/person\/b8702bb0e538456e6efd07080bf2a4a2","name":"Lo viste en Los Pol\u00edticos","image":{"@type":"ImageObject","inLanguage":"es","@id":"https:\/\/secure.gravatar.com\/avatar\/3a8de04a2656d44082be478bd6c086daa447c4651605818287b9532d3d0bd435?s=96&d=mm&r=g","url":"https:\/\/secure.gravatar.com\/avatar\/3a8de04a2656d44082be478bd6c086daa447c4651605818287b9532d3d0bd435?s=96&d=mm&r=g","contentUrl":"https:\/\/secure.gravatar.com\/avatar\/3a8de04a2656d44082be478bd6c086daa447c4651605818287b9532d3d0bd435?s=96&d=mm&r=g","caption":"Lo viste en Los Pol\u00edticos"},"url":"https:\/\/lospoliticosveracruz.com\/?author=2"}]}},"_links":{"self":[{"href":"https:\/\/lospoliticosveracruz.com\/index.php?rest_route=\/wp\/v2\/posts\/52063","targetHints":{"allow":["GET"]}}],"collection":[{"href":"https:\/\/lospoliticosveracruz.com\/index.php?rest_route=\/wp\/v2\/posts"}],"about":[{"href":"https:\/\/lospoliticosveracruz.com\/index.php?rest_route=\/wp\/v2\/types\/post"}],"author":[{"embeddable":true,"href":"https:\/\/lospoliticosveracruz.com\/index.php?rest_route=\/wp\/v2\/users\/2"}],"replies":[{"embeddable":true,"href":"https:\/\/lospoliticosveracruz.com\/index.php?rest_route=%2Fwp%2Fv2%2Fcomments&post=52063"}],"version-history":[{"count":1,"href":"https:\/\/lospoliticosveracruz.com\/index.php?rest_route=\/wp\/v2\/posts\/52063\/revisions"}],"predecessor-version":[{"id":52065,"href":"https:\/\/lospoliticosveracruz.com\/index.php?rest_route=\/wp\/v2\/posts\/52063\/revisions\/52065"}],"wp:attachment":[{"href":"https:\/\/lospoliticosveracruz.com\/index.php?rest_route=%2Fwp%2Fv2%2Fmedia&parent=52063"}],"wp:term":[{"taxonomy":"category","embeddable":true,"href":"https:\/\/lospoliticosveracruz.com\/index.php?rest_route=%2Fwp%2Fv2%2Fcategories&post=52063"},{"taxonomy":"post_tag","embeddable":true,"href":"https:\/\/lospoliticosveracruz.com\/index.php?rest_route=%2Fwp%2Fv2%2Ftags&post=52063"}],"curies":[{"name":"wp","href":"https:\/\/api.w.org\/{rel}","templated":true}]}}