{"id":52066,"date":"2020-01-19T23:07:32","date_gmt":"2020-01-20T05:07:32","guid":{"rendered":"http:\/\/www.lospoliticosveracruz.com.mx\/?p=52066"},"modified":"2020-01-19T20:10:40","modified_gmt":"2020-01-20T02:10:40","slug":"una-mujer-para-xalapa","status":"publish","type":"post","link":"https:\/\/lospoliticosveracruz.com\/?p=52066","title":{"rendered":"Una mujer para Xalapa"},"content":{"rendered":"<p><b>Brenda Caballero<\/b><\/p>\n<p><em>N\u00fameros Rojos<b>\u00a0<\/b><\/em><\/p>\n<p><span style=\"font-weight: 400;\">No recuerdo que en lo que ser\u00eda \u201clas candidaturas de estufa\u201d para la elecci\u00f3n de alcalde, en este caso, para Xalapa, se mencionaran a tantas mujeres. S\u00ed, igual se citan los nombres de algunos varones pero al menos en un s\u00f3lo partido, tenemos a tres diputadas con posibilidades,\u00a0 junto con otras tres pol\u00edticas bajo el riesgo de que omita a una m\u00e1s.<\/span><\/p>\n<p><span style=\"font-weight: 400;\">Si empezamos por Morena, hay quienes citan a dos legisladoras locales, como son Ana Miriam Ferr\u00e1ez Centeno y Rosalinda Galindo Silva, as\u00ed como la diputada federal Dorheny Garc\u00eda Cayetano. En esta tercia de Morenas se podr\u00eda empezar por las \u201cconsentidas\u201d del Gobierno estatal: Rosalinda y Dorheny. El t\u00e9rmino no intenta ser despectivo ni denostativo, simplemente es para acompa\u00f1ar el sentido que se le pretende dar cuando se sabe que el hoy Gobernador Cuitl\u00e1huac Garc\u00eda Jim\u00e9nez era asiduo visitante de los hogares de ambas legisladoras. Compartieron comidas, cenas, tertulias, reuniones, estrategias, cuartos de guerra, sin contar que Galindo fue secretaria del entonces diputado federal y Dorheny, considerada una de las mejores amigas de Garc\u00eda Jim\u00e9nez.<\/span><\/p>\n<p><span style=\"font-weight: 400;\">Por eso se insiste en la posibilidad de que pudiera salir la candidata de Morena por la alcald\u00eda de Xalapa, entre estas dos mujeres, aunque siendo fr\u00eda, ambas cuentan con sus pros y contras. Rosalinda tiene un desgaste tremendo en el tema del \u201cNepotismo\u201d como han dado por llamar el hecho de que tenga a varios familiares en distintas n\u00f3minas de dependencias estatales y hasta un cu\u00f1ado en el Congreso local\u2026<\/span><\/p>\n<p><span style=\"font-weight: 400;\">A Dorheny la responsabilizan de ser parte importante en el arribo de Elio Hern\u00e1ndez (dicen que es su primo) en la SIOP, aunque es de todos sabido que esa decisi\u00f3n compete al Gobernador\u2026 aunque no la recomendaci\u00f3n\u2026 se pudiera decir entonces \u201cPecata minuta\u201d para\u00a0 Dorheny, como el hecho de que la cataloguen como \u201cMuy joven\u201d para contender por la presidencia municipal\u2026 de acuerdo a nuestras leyes, lo puede hacer.<\/span><\/p>\n<p><span style=\"font-weight: 400;\">En el caso de Ana Miriam, habr\u00eda que considerar dos puntos a favor de ella, que pudieran convertirse en tres: El primero, es que cuenta con un apellido que es considerado Marca Registrada; segundo: su participaci\u00f3n en dos procesos electorales y checar el n\u00famero\u00a0 de votos que obtuvo tanto en su alianza con el PAN-PRD y despu\u00e9s con Morena\u2026 es decir, al final, Ana Miriam no deja de ser una candidata rentable\u2026 \u00a1ah! y no dejemos de citar que se quiera o no, su participaci\u00f3n en la radio es un elemento que igual influye (a favor o en contra, depende s\u00f3lo de ella).<\/span><\/p>\n<p><span style=\"font-weight: 400;\">Ahora bien, hay que tomar en cuenta, que si Morena no se decide por lanzar a una mujer por la candidatura de Xalapa, las tres deber\u00e1n vender cara su derrota, es decir, en la planilla de regidores\u2026 o m\u00e1s bien, regidoras, porque est\u00e1n en su momento de seguir creciendo y\u00a0 generar junto con Morena, su proyecto personal aparte de lo que implica seguir los preceptos de L\u00f3pez Obrador\u2026<\/span><\/p>\n<p><span style=\"font-weight: 400;\">En el caso del PRI, mencionan a Erika Ayala R\u00edos\u2026 es posible que haya varones entre los citados del tricolor, pero en el caso de las mujeres, Erika es la \u00fanica que sobresale\u2026 es cierto, ha sido duramente criticada, atacada, se\u00f1alada (en ella parece aplicar, lo que no te tira, te hace m\u00e1s fuerte) pero hasta el momento, no\u00a0 pasa de ser eso y si se pone en la balanza con su trabajo en el Congreso, sea como l\u00edder de la bancada PRI-Verde o de manera individual, deber\u00eda pesar m\u00e1s esto, que los cuestionamientos.<\/span><\/p>\n<p><span style=\"font-weight: 400;\">En el caso de Movimiento Ciudadano, est\u00e1 Dulce Mar\u00eda M\u00e9ndez de la Luz Dauz\u00f3n, quien en el Congreso local ha tenido una interesante actividad aunque curiosamente, \u00e9sta no ha hecho ruido, eco, resonancia en Xalapa; la ventaja que tiene es que al igual que Ana Miriam,\u00a0 tiene Marca Registrada por partida doble: Por un lado, su padre, don Armando, con una trayectoria pol\u00edtica envidiable, adem\u00e1s de un acervo cultural destacable; por el otro, su madre Dulce, que no su Dulce madre\u2026 due\u00f1a de reconocida cadena de panader\u00edas\u2026 las Dauz\u00f3n, las que por cierto premian hasta con viaje a sus empleadas; adem\u00e1s de esta joven legisladora federal, hay quienes consideran que una bocanada de aire puro bien podr\u00eda ser Maribel Ram\u00edrez Topete, activa militante de este partido\u2026 no la confunda con su hermana Marisol, quien por cierto, ya fue diputada local\u2026<\/span><\/p>\n<p><span style=\"font-weight: 400;\">\u00bfY por el PAN? Curioso, pero en Xalapa, no se oye que citen a panistas mujeres porque el pleito por esta candidatura est\u00e1 entre dos varones: Sergio Hern\u00e1ndez y Omar Miranda y si bien, en ellos se ha concentrado este pleito ranchero que ha llegado hasta el Congreso\u00a0 local, no se sabe qu\u00e9 tanto repercuta negativamente al final, es decir, de aqu\u00ed al 2021.<\/span><\/p>\n<p><span style=\"font-weight: 400;\">\u00a1Ah! y hay otra mujer, que por el momento no tiene partido, pero que pudiera estar apunt\u00e1ndose tambi\u00e9n a esta contienda: Cinthya Lobato Calder\u00f3n<\/span><\/p>\n<p><span style=\"font-weight: 400;\">Por\u00a0 lo mientras, al menos en Xalapa, las mujeres suenan y suena fuerte. Aunque los electores tendr\u00e1n la \u00faltima palabra.<\/span><\/p>\n<p><span style=\"font-weight: 400;\">\u00a0<\/span><\/p>\n<p><span style=\"font-weight: 400;\">@NumerosRojos_BC<\/span><\/p>\n<p><span style=\"font-weight: 400;\">caballero_brenda@hotmail.com<\/span><\/p>\n","protected":false},"excerpt":{"rendered":"<p>Brenda Caballero N\u00fameros Rojos\u00a0 No recuerdo que en lo que ser\u00eda \u201clas candidaturas de estufa\u201d para la elecci\u00f3n de alcalde, en este caso, para Xalapa, se mencionaran a tantas mujeres. S\u00ed, igual se citan los nombres de algunos varones pero al menos en un s\u00f3lo partido, tenemos a tres diputadas con posibilidades,\u00a0 junto con otras [&hellip;]<\/p>\n","protected":false},"author":2,"featured_media":0,"comment_status":"open","ping_status":"open","sticky":false,"template":"","format":"standard","meta":{"tdm_status":"","tdm_grid_status":"","footnotes":""},"categories":[70],"tags":[2687,5021,1563,16190,13904,3525,1003,10808,10668,1026,2327,251,10669,96],"class_list":{"0":"post-52066","1":"post","2":"type-post","3":"status-publish","4":"format-standard","6":"category-de-opinion","7":"tag-brenda-caballero","8":"tag-cinthya-lobato-calderon","9":"tag-cuitlahuac-garcia-jimenez","10":"tag-dorheny-garcia","11":"tag-dulce-maria-mendez-de-la-luz-dauzon","12":"tag-erika-ayala-rios","13":"tag-lopez-obrador","14":"tag-maribel-ramirez-topete","15":"tag-marisol-ramirez-topete","16":"tag-morena","17":"tag-movimiento-ciudadano","18":"tag-pri","19":"tag-rosalinda-galindo-silva","20":"tag-xalapa"},"yoast_head":"<!-- This site is optimized with the Yoast SEO plugin v27.4 - https:\/\/yoast.com\/product\/yoast-seo-wordpress\/ -->\n<title>Una mujer para Xalapa - Los pol\u00edticos Veracruz<\/title>\n<meta name=\"robots\" content=\"index, follow, max-snippet:-1, max-image-preview:large, max-video-preview:-1\" \/>\n<link rel=\"canonical\" href=\"https:\/\/lospoliticosveracruz.com\/?p=52066\" \/>\n<meta property=\"og:locale\" content=\"es_ES\" \/>\n<meta property=\"og:type\" content=\"article\" \/>\n<meta property=\"og:title\" content=\"Una mujer para Xalapa - Los pol\u00edticos Veracruz\" \/>\n<meta property=\"og:description\" content=\"Brenda Caballero N\u00fameros Rojos\u00a0 No recuerdo que en lo que ser\u00eda \u201clas candidaturas de estufa\u201d para la elecci\u00f3n de alcalde, en este caso, para Xalapa, se mencionaran a tantas mujeres. S\u00ed, igual se citan los nombres de algunos varones pero al menos en un s\u00f3lo partido, tenemos a tres diputadas con posibilidades,\u00a0 junto con otras [&hellip;]\" \/>\n<meta property=\"og:url\" content=\"https:\/\/lospoliticosveracruz.com\/?p=52066\" \/>\n<meta property=\"og:site_name\" content=\"Los pol\u00edticos Veracruz\" \/>\n<meta property=\"article:publisher\" content=\"https:\/\/www.facebook.com\/people\/Notimemes-de-los-Polticos\/61565672886568\/\" \/>\n<meta property=\"article:published_time\" content=\"2020-01-20T05:07:32+00:00\" \/>\n<meta property=\"og:image\" content=\"https:\/\/lospoliticosveracruz.com\/wp-content\/uploads\/2016\/07\/Logo-Dor.jpg\" \/>\n\t<meta property=\"og:image:width\" content=\"200\" \/>\n\t<meta property=\"og:image:height\" content=\"200\" \/>\n\t<meta property=\"og:image:type\" content=\"image\/jpeg\" \/>\n<meta name=\"author\" content=\"Lo viste en Los Pol\u00edticos\" \/>\n<meta name=\"twitter:card\" content=\"summary_large_image\" \/>\n<meta name=\"twitter:creator\" content=\"@LosPoliticosVer\" \/>\n<meta name=\"twitter:site\" content=\"@LosPoliticosVer\" \/>\n<meta name=\"twitter:label1\" content=\"Escrito por\" \/>\n\t<meta name=\"twitter:data1\" content=\"Lo viste en Los Pol\u00edticos\" \/>\n\t<meta name=\"twitter:label2\" content=\"Tiempo de lectura\" \/>\n\t<meta name=\"twitter:data2\" content=\"4 minutos\" \/>\n<script type=\"application\/ld+json\" class=\"yoast-schema-graph\">{\"@context\":\"https:\\\/\\\/schema.org\",\"@graph\":[{\"@type\":\"Article\",\"@id\":\"https:\\\/\\\/lospoliticosveracruz.com\\\/?p=52066#article\",\"isPartOf\":{\"@id\":\"https:\\\/\\\/lospoliticosveracruz.com\\\/?p=52066\"},\"author\":{\"name\":\"Lo viste en Los Pol\u00edticos\",\"@id\":\"https:\\\/\\\/lospoliticosveracruz.com\\\/#\\\/schema\\\/person\\\/b8702bb0e538456e6efd07080bf2a4a2\"},\"headline\":\"Una mujer para Xalapa\",\"datePublished\":\"2020-01-20T05:07:32+00:00\",\"mainEntityOfPage\":{\"@id\":\"https:\\\/\\\/lospoliticosveracruz.com\\\/?p=52066\"},\"wordCount\":897,\"commentCount\":0,\"publisher\":{\"@id\":\"https:\\\/\\\/lospoliticosveracruz.com\\\/#organization\"},\"keywords\":[\"Brenda Caballero\",\"Cinthya Lobato Calder\u00f3n\",\"Cuitl\u00e1huac Garc\u00eda Jim\u00e9nez\",\"Dorheny Garc\u00eda\",\"Dulce Mar\u00eda M\u00e9ndez de la Luz Dauz\u00f3n\",\"Erika Ayala R\u00edos\",\"L\u00f3pez Obrador\",\"Maribel Ram\u00edrez Topete\",\"Marisol Ram\u00edrez Topete\",\"Morena\",\"Movimiento Ciudadano\",\"PRI\",\"Rosalinda Galindo Silva\",\"Xalapa\"],\"articleSection\":[\"De Opini\u00f3n\"],\"inLanguage\":\"es\",\"potentialAction\":[{\"@type\":\"CommentAction\",\"name\":\"Comment\",\"target\":[\"https:\\\/\\\/lospoliticosveracruz.com\\\/?p=52066#respond\"]}]},{\"@type\":\"WebPage\",\"@id\":\"https:\\\/\\\/lospoliticosveracruz.com\\\/?p=52066\",\"url\":\"https:\\\/\\\/lospoliticosveracruz.com\\\/?p=52066\",\"name\":\"Una mujer para Xalapa - Los pol\u00edticos Veracruz\",\"isPartOf\":{\"@id\":\"https:\\\/\\\/lospoliticosveracruz.com\\\/#website\"},\"datePublished\":\"2020-01-20T05:07:32+00:00\",\"breadcrumb\":{\"@id\":\"https:\\\/\\\/lospoliticosveracruz.com\\\/?p=52066#breadcrumb\"},\"inLanguage\":\"es\",\"potentialAction\":[{\"@type\":\"ReadAction\",\"target\":[\"https:\\\/\\\/lospoliticosveracruz.com\\\/?p=52066\"]}]},{\"@type\":\"BreadcrumbList\",\"@id\":\"https:\\\/\\\/lospoliticosveracruz.com\\\/?p=52066#breadcrumb\",\"itemListElement\":[{\"@type\":\"ListItem\",\"position\":1,\"name\":\"Portada\",\"item\":\"https:\\\/\\\/lospoliticosveracruz.com\\\/\"},{\"@type\":\"ListItem\",\"position\":2,\"name\":\"Una mujer para Xalapa\"}]},{\"@type\":\"WebSite\",\"@id\":\"https:\\\/\\\/lospoliticosveracruz.com\\\/#website\",\"url\":\"https:\\\/\\\/lospoliticosveracruz.com\\\/\",\"name\":\"Los pol\u00edticos Veracruz\",\"description\":\"\",\"publisher\":{\"@id\":\"https:\\\/\\\/lospoliticosveracruz.com\\\/#organization\"},\"potentialAction\":[{\"@type\":\"SearchAction\",\"target\":{\"@type\":\"EntryPoint\",\"urlTemplate\":\"https:\\\/\\\/lospoliticosveracruz.com\\\/?s={search_term_string}\"},\"query-input\":{\"@type\":\"PropertyValueSpecification\",\"valueRequired\":true,\"valueName\":\"search_term_string\"}}],\"inLanguage\":\"es\"},{\"@type\":\"Organization\",\"@id\":\"https:\\\/\\\/lospoliticosveracruz.com\\\/#organization\",\"name\":\"Los pol\u00edticos Veracruz\",\"url\":\"https:\\\/\\\/lospoliticosveracruz.com\\\/\",\"logo\":{\"@type\":\"ImageObject\",\"inLanguage\":\"es\",\"@id\":\"https:\\\/\\\/lospoliticosveracruz.com\\\/#\\\/schema\\\/logo\\\/image\\\/\",\"url\":\"https:\\\/\\\/lospoliticosveracruz.com\\\/wp-content\\\/uploads\\\/2025\\\/12\\\/Logo-Nuevo-LOS-POLITICOS-1.jpg\",\"contentUrl\":\"https:\\\/\\\/lospoliticosveracruz.com\\\/wp-content\\\/uploads\\\/2025\\\/12\\\/Logo-Nuevo-LOS-POLITICOS-1.jpg\",\"width\":260,\"height\":70,\"caption\":\"Los pol\u00edticos Veracruz\"},\"image\":{\"@id\":\"https:\\\/\\\/lospoliticosveracruz.com\\\/#\\\/schema\\\/logo\\\/image\\\/\"},\"sameAs\":[\"https:\\\/\\\/www.facebook.com\\\/people\\\/Notimemes-de-los-Polticos\\\/61565672886568\\\/\",\"https:\\\/\\\/x.com\\\/LosPoliticosVer\"]},{\"@type\":\"Person\",\"@id\":\"https:\\\/\\\/lospoliticosveracruz.com\\\/#\\\/schema\\\/person\\\/b8702bb0e538456e6efd07080bf2a4a2\",\"name\":\"Lo viste en Los Pol\u00edticos\",\"image\":{\"@type\":\"ImageObject\",\"inLanguage\":\"es\",\"@id\":\"https:\\\/\\\/secure.gravatar.com\\\/avatar\\\/3a8de04a2656d44082be478bd6c086daa447c4651605818287b9532d3d0bd435?s=96&d=mm&r=g\",\"url\":\"https:\\\/\\\/secure.gravatar.com\\\/avatar\\\/3a8de04a2656d44082be478bd6c086daa447c4651605818287b9532d3d0bd435?s=96&d=mm&r=g\",\"contentUrl\":\"https:\\\/\\\/secure.gravatar.com\\\/avatar\\\/3a8de04a2656d44082be478bd6c086daa447c4651605818287b9532d3d0bd435?s=96&d=mm&r=g\",\"caption\":\"Lo viste en Los Pol\u00edticos\"},\"url\":\"https:\\\/\\\/lospoliticosveracruz.com\\\/?author=2\"}]}<\/script>\n<!-- \/ Yoast SEO plugin. -->","yoast_head_json":{"title":"Una mujer para Xalapa - Los pol\u00edticos Veracruz","robots":{"index":"index","follow":"follow","max-snippet":"max-snippet:-1","max-image-preview":"max-image-preview:large","max-video-preview":"max-video-preview:-1"},"canonical":"https:\/\/lospoliticosveracruz.com\/?p=52066","og_locale":"es_ES","og_type":"article","og_title":"Una mujer para Xalapa - Los pol\u00edticos Veracruz","og_description":"Brenda Caballero N\u00fameros Rojos\u00a0 No recuerdo que en lo que ser\u00eda \u201clas candidaturas de estufa\u201d para la elecci\u00f3n de alcalde, en este caso, para Xalapa, se mencionaran a tantas mujeres. S\u00ed, igual se citan los nombres de algunos varones pero al menos en un s\u00f3lo partido, tenemos a tres diputadas con posibilidades,\u00a0 junto con otras [&hellip;]","og_url":"https:\/\/lospoliticosveracruz.com\/?p=52066","og_site_name":"Los pol\u00edticos Veracruz","article_publisher":"https:\/\/www.facebook.com\/people\/Notimemes-de-los-Polticos\/61565672886568\/","article_published_time":"2020-01-20T05:07:32+00:00","og_image":[{"width":200,"height":200,"url":"https:\/\/lospoliticosveracruz.com\/wp-content\/uploads\/2016\/07\/Logo-Dor.jpg","type":"image\/jpeg"}],"author":"Lo viste en Los Pol\u00edticos","twitter_card":"summary_large_image","twitter_creator":"@LosPoliticosVer","twitter_site":"@LosPoliticosVer","twitter_misc":{"Escrito por":"Lo viste en Los Pol\u00edticos","Tiempo de lectura":"4 minutos"},"schema":{"@context":"https:\/\/schema.org","@graph":[{"@type":"Article","@id":"https:\/\/lospoliticosveracruz.com\/?p=52066#article","isPartOf":{"@id":"https:\/\/lospoliticosveracruz.com\/?p=52066"},"author":{"name":"Lo viste en Los Pol\u00edticos","@id":"https:\/\/lospoliticosveracruz.com\/#\/schema\/person\/b8702bb0e538456e6efd07080bf2a4a2"},"headline":"Una mujer para Xalapa","datePublished":"2020-01-20T05:07:32+00:00","mainEntityOfPage":{"@id":"https:\/\/lospoliticosveracruz.com\/?p=52066"},"wordCount":897,"commentCount":0,"publisher":{"@id":"https:\/\/lospoliticosveracruz.com\/#organization"},"keywords":["Brenda Caballero","Cinthya Lobato Calder\u00f3n","Cuitl\u00e1huac Garc\u00eda Jim\u00e9nez","Dorheny Garc\u00eda","Dulce Mar\u00eda M\u00e9ndez de la Luz Dauz\u00f3n","Erika Ayala R\u00edos","L\u00f3pez Obrador","Maribel Ram\u00edrez Topete","Marisol Ram\u00edrez Topete","Morena","Movimiento Ciudadano","PRI","Rosalinda Galindo Silva","Xalapa"],"articleSection":["De Opini\u00f3n"],"inLanguage":"es","potentialAction":[{"@type":"CommentAction","name":"Comment","target":["https:\/\/lospoliticosveracruz.com\/?p=52066#respond"]}]},{"@type":"WebPage","@id":"https:\/\/lospoliticosveracruz.com\/?p=52066","url":"https:\/\/lospoliticosveracruz.com\/?p=52066","name":"Una mujer para Xalapa - Los pol\u00edticos Veracruz","isPartOf":{"@id":"https:\/\/lospoliticosveracruz.com\/#website"},"datePublished":"2020-01-20T05:07:32+00:00","breadcrumb":{"@id":"https:\/\/lospoliticosveracruz.com\/?p=52066#breadcrumb"},"inLanguage":"es","potentialAction":[{"@type":"ReadAction","target":["https:\/\/lospoliticosveracruz.com\/?p=52066"]}]},{"@type":"BreadcrumbList","@id":"https:\/\/lospoliticosveracruz.com\/?p=52066#breadcrumb","itemListElement":[{"@type":"ListItem","position":1,"name":"Portada","item":"https:\/\/lospoliticosveracruz.com\/"},{"@type":"ListItem","position":2,"name":"Una mujer para Xalapa"}]},{"@type":"WebSite","@id":"https:\/\/lospoliticosveracruz.com\/#website","url":"https:\/\/lospoliticosveracruz.com\/","name":"Los pol\u00edticos Veracruz","description":"","publisher":{"@id":"https:\/\/lospoliticosveracruz.com\/#organization"},"potentialAction":[{"@type":"SearchAction","target":{"@type":"EntryPoint","urlTemplate":"https:\/\/lospoliticosveracruz.com\/?s={search_term_string}"},"query-input":{"@type":"PropertyValueSpecification","valueRequired":true,"valueName":"search_term_string"}}],"inLanguage":"es"},{"@type":"Organization","@id":"https:\/\/lospoliticosveracruz.com\/#organization","name":"Los pol\u00edticos Veracruz","url":"https:\/\/lospoliticosveracruz.com\/","logo":{"@type":"ImageObject","inLanguage":"es","@id":"https:\/\/lospoliticosveracruz.com\/#\/schema\/logo\/image\/","url":"https:\/\/lospoliticosveracruz.com\/wp-content\/uploads\/2025\/12\/Logo-Nuevo-LOS-POLITICOS-1.jpg","contentUrl":"https:\/\/lospoliticosveracruz.com\/wp-content\/uploads\/2025\/12\/Logo-Nuevo-LOS-POLITICOS-1.jpg","width":260,"height":70,"caption":"Los pol\u00edticos Veracruz"},"image":{"@id":"https:\/\/lospoliticosveracruz.com\/#\/schema\/logo\/image\/"},"sameAs":["https:\/\/www.facebook.com\/people\/Notimemes-de-los-Polticos\/61565672886568\/","https:\/\/x.com\/LosPoliticosVer"]},{"@type":"Person","@id":"https:\/\/lospoliticosveracruz.com\/#\/schema\/person\/b8702bb0e538456e6efd07080bf2a4a2","name":"Lo viste en Los Pol\u00edticos","image":{"@type":"ImageObject","inLanguage":"es","@id":"https:\/\/secure.gravatar.com\/avatar\/3a8de04a2656d44082be478bd6c086daa447c4651605818287b9532d3d0bd435?s=96&d=mm&r=g","url":"https:\/\/secure.gravatar.com\/avatar\/3a8de04a2656d44082be478bd6c086daa447c4651605818287b9532d3d0bd435?s=96&d=mm&r=g","contentUrl":"https:\/\/secure.gravatar.com\/avatar\/3a8de04a2656d44082be478bd6c086daa447c4651605818287b9532d3d0bd435?s=96&d=mm&r=g","caption":"Lo viste en Los Pol\u00edticos"},"url":"https:\/\/lospoliticosveracruz.com\/?author=2"}]}},"_links":{"self":[{"href":"https:\/\/lospoliticosveracruz.com\/index.php?rest_route=\/wp\/v2\/posts\/52066","targetHints":{"allow":["GET"]}}],"collection":[{"href":"https:\/\/lospoliticosveracruz.com\/index.php?rest_route=\/wp\/v2\/posts"}],"about":[{"href":"https:\/\/lospoliticosveracruz.com\/index.php?rest_route=\/wp\/v2\/types\/post"}],"author":[{"embeddable":true,"href":"https:\/\/lospoliticosveracruz.com\/index.php?rest_route=\/wp\/v2\/users\/2"}],"replies":[{"embeddable":true,"href":"https:\/\/lospoliticosveracruz.com\/index.php?rest_route=%2Fwp%2Fv2%2Fcomments&post=52066"}],"version-history":[{"count":1,"href":"https:\/\/lospoliticosveracruz.com\/index.php?rest_route=\/wp\/v2\/posts\/52066\/revisions"}],"predecessor-version":[{"id":52068,"href":"https:\/\/lospoliticosveracruz.com\/index.php?rest_route=\/wp\/v2\/posts\/52066\/revisions\/52068"}],"wp:attachment":[{"href":"https:\/\/lospoliticosveracruz.com\/index.php?rest_route=%2Fwp%2Fv2%2Fmedia&parent=52066"}],"wp:term":[{"taxonomy":"category","embeddable":true,"href":"https:\/\/lospoliticosveracruz.com\/index.php?rest_route=%2Fwp%2Fv2%2Fcategories&post=52066"},{"taxonomy":"post_tag","embeddable":true,"href":"https:\/\/lospoliticosveracruz.com\/index.php?rest_route=%2Fwp%2Fv2%2Ftags&post=52066"}],"curies":[{"name":"wp","href":"https:\/\/api.w.org\/{rel}","templated":true}]}}