{"id":52080,"date":"2020-01-20T09:00:57","date_gmt":"2020-01-20T15:00:57","guid":{"rendered":"http:\/\/www.lospoliticosveracruz.com.mx\/?p=52080"},"modified":"2020-01-20T09:00:57","modified_gmt":"2020-01-20T15:00:57","slug":"la-violencia-ya-no-respeta-ni-a-morena","status":"publish","type":"post","link":"https:\/\/lospoliticosveracruz.com\/?p=52080","title":{"rendered":"La violencia ya no respeta ni a Morena"},"content":{"rendered":"<p><strong>Ricardo Ch\u00faa<\/strong><\/p>\n<p><em>Sale y Vale<\/em><\/p>\n<p>OJO&#8230; Nos cuentan que los \u00abComunnity Manager\u00bb que manejan las redes sociales de Cuitl\u00e1huac Garc\u00eda de \u00abbloquear\u00bb en las mismas&#8230;. A todos aquellos que sean \u00abindeseables\u00bb para su persona y para su gobierno&#8230; Pero para que te \u00abbloqueen\u00bb de sus cuentas, tienen que tener una caracter\u00edstica: Ser persona que influyan ante la opini\u00f3n p\u00fablica, es decir, que sean \u00abinfluencer\u00bb&#8230; Que los seguidores en las cuentas de estos \u00abenemigos del r\u00e9gimen\u00bb sean personas que tambi\u00e9n tengan influencia ante la sociedad&#8230;<\/p>\n<p>Por eso a estos \u00abenemigos\u00bb de Cuitl\u00e1huac&#8230; Los segregan de los dem\u00e1s y les bloquean la cuenta del Gober&#8230; Si ya de por si a Garc\u00eda Jim\u00e9nez le va en feria en sus redes sociales&#8230; Pues lo que quieren evitar es que estos contrincantes crezcan m\u00e1s en sus redes sociales&#8230; Y ya sean \u00abgranjas\u00bb los que lo se\u00f1alen&#8230; Por eso bloquean a los que les pueden decir: Crean conciencia ciudadana&#8230; As\u00ed que a los que son \u00abhijos de vecino\u00bb los dejan aunque los golpeen&#8230; S\u00f3lo \u00abexpulsan\u00bb a los \u00abinfluencer\u00bb&#8230; Mira que canijos peo ni as\u00ed&#8230;. TAN Y TAN&#8230;<\/p>\n<p>VIOLENCIA Y PODER&#8230; Sin duda, lo ocurrido en Veracruz con dos personajes de MORENA en la primera l\u00ednea de poder&#8230; Y que al menos una de ellas en P\u00e1nuco fue v\u00edctima fatal de estos hechos de violencia y el otro fue liberado de un presunto secuestro en el estado de Campeche&#8230;Deja claro que ya los grupos ilegales no est\u00e1n respetando a nadie&#8230; Ni siquiera a ellos como personajes dentro del grupo de poder pol\u00edtico que domina la entidad y que son Morenos&#8230; Ya tambi\u00e9n est\u00e1n sintiendo los efectos de la delincuencia&#8230;<\/p>\n<p>En pocas palabras como se dice en el argot period\u00edstico&#8230; \u00abEsto ya se puso bueno\u00bb&#8230; Ya que de continuar con estos tipos de hechos en Veracruz, se dar\u00eda como lectura, que los van a \u00abapretar\u00bb&#8230; Quiz\u00e1s ese sea el COSTO DE LA BANALIDAD&#8230; La ambici\u00f3n muy desmedida &#8230;Y por supuesto&#8230; Con una l\u00f3gica pol\u00edtica muy definida&#8230; El caso es que los hombres de poder en Veracruz, tambi\u00e9n sienten ya los estragos, de lo que siente cualquier ciudadano cuando es objeto de este tipo de hechos en su vida personal&#8230; Las cosas cambian&#8230;<\/p>\n<p>Es un hecho que lo ocurrido en Panuco y en Campeche con el hermano de poderoso diputado de MORENA en el Congreso Local veracruzano&#8230; Es tocar a la clase pol\u00edtica dominante, donde se pone al descubierto que los grupos ilegales saben que tambi\u00e9n son vulnerables&#8230; Y que hasta dejan entrever con mensajes en el sitio donde ocurre la desgracia, que presuntamente ten\u00edan v\u00ednculos con bandas rivales&#8230;. Muy duro golpe a un partido que aun no tiene el control total del pa\u00eds&#8230; As\u00ed de simple&#8230;<\/p>\n<p>El consultor en temas de seguridad de Colombia y uno de los m\u00e1s famosos en el mundo&#8230; Eduardo Buscagl\u00eda siempre ha expresado, que las pol\u00edticas de seguridad que no est\u00e1n funcionando y pese a ello el r\u00e9gimen las mantiene, en un pa\u00eds o un estado empiezan a cambiar cuando los hechos de violencia llegan a tocar a las familias de los pol\u00edticos en el poder&#8230; Tal como sucedi\u00f3 este fin de semana en Veracruz y Campeche&#8230; Al sentirse vulnerables, ellos mismos piden cambios al mismo r\u00e9gimen que representan y la sociedad sale ganando&#8230;<\/p>\n<p>Ya veremos si Javier G\u00f3mez Cazar\u00edn y los grupos de MORENA no le piden al gobierno de Veracruz una nueva estrategia en materia de seguridad y que de resultados para evitar m\u00e1s hechos funestos como los de Panuco&#8230; Sobre todo para evitar que los vinculen a los grupos ilegales y despu\u00e9s este hecho sea aprovechado por \u00abRadio Bemba\u00bb y la sociedad no les refrende el voto en el 2021 por estos presuntos v\u00ednculos&#8230; Ya les demostraron que son vulnerables&#8230; Y con esa gente no se juega&#8230; AMEN&#8230;<\/p>\n<p>LAS REUNIONES DE MARL\u00d3N&#8230; En los \u00faltimos d\u00edas se ha observado que en redes sociales se est\u00e1 criticando en demas\u00eda&#8230; Las reuniones que ha sostenido el presidente del PRI estatal, Marl\u00f3n Ram\u00edrez Mar\u00edn con personajes que presuntamente cometieron acciones en contra de la sociedad veracruzana&#8230; Pero que en los juicios no les han encontrado nada&#8230; Siendo as\u00ed qu\u00e9 tiene de malo esas reuniones&#8230; Si se esta buscando la restructura y recomposici\u00f3n de un partido, pues, esa es la f\u00f3rmula&#8230; Se tiene que sentar con todos&#8230;<\/p>\n<p>En que parte del mundo se ha visto que un dirigente de un organismo pol\u00edtico, se tenga que encerrar en su oficina y que ah\u00ed lo vayan a buscar o peor aun que no se quiera reuniones con otros actores pol\u00edticos para llegar a acuerdos&#8230; Eso es pol\u00edtica&#8230; Pero al parecer en MORENA todo es al rev\u00e9s&#8230; Ya est\u00e1 cerca el 2021 para que vean si su estrategia de exclusi\u00f3n funcion\u00f3 o no&#8230;. Si t\u00fa buscas recomposici\u00f3n&#8230; Acaso hay otro camino que no sea la inclusi\u00f3n.. Y el buen juez por la casa empieza&#8230;<\/p>\n<p>As\u00ed que es seguro que en los pr\u00f3ximos d\u00edas se contin\u00faen con estas reuniones con personajes que en su momento fueron ligados con el PRI.. Con la finalidad de buscar esta restructura y empezar a trabajar con ellos&#8230; El empoderamiento del organismo priista con miras a la elecci\u00f3n del 2021&#8230; Si Marl\u00f3n ya se sent\u00f3 hasta con sus rivales y contrincantes pol\u00edticos&#8230; Por qu\u00e9 no se ha de sentar a construir acuerdos con otros personajes priistas&#8230; Al final la situaci\u00f3n legal de todos ellos, lo define un juez&#8230; No el PRI&#8230;<\/p>\n<p>PD&#8230; Desde este espacio pedimos una disculpa a la militante de MORENA (Al menos eso tenemos entendido), Leslie Garibo Puga&#8230; Que ayer en este espacio, se cometi\u00f3 el ERROR INVOLUNTARIO de mencionarla como Contralora General del Estado cuando tiene 3 meses que dej\u00f3 esa funci\u00f3n, que ahora ostenta como encargada, Mercedes Santoyo, en el tema de cobros \u00abpor debajo del agua\u00bb por parte de cercanos a Zenyanzen Escoba, titular de la SEV y que presuntamente deja ganancias por miles de millones de pesos&#8230; Una disculpa, pues, a la se\u00f1ora Garibo&#8230; Fue sin querer queriendo&#8230; AMEN&#8230;<\/p>\n","protected":false},"excerpt":{"rendered":"<p>Ricardo Ch\u00faa Sale y Vale OJO&#8230; Nos cuentan que los \u00abComunnity Manager\u00bb que manejan las redes sociales de Cuitl\u00e1huac Garc\u00eda de \u00abbloquear\u00bb en las mismas&#8230;. A todos aquellos que sean \u00abindeseables\u00bb para su persona y para su gobierno&#8230; Pero para que te \u00abbloqueen\u00bb de sus cuentas, tienen que tener una caracter\u00edstica: Ser persona que influyan [&hellip;]<\/p>\n","protected":false},"author":2,"featured_media":0,"comment_status":"open","ping_status":"open","sticky":false,"template":"","format":"standard","meta":{"tdm_status":"","tdm_grid_status":"","footnotes":""},"categories":[70],"tags":[2230,16196,1681,16197,2908,1026,935,13604,195],"class_list":{"0":"post-52080","1":"post","2":"type-post","3":"status-publish","4":"format-standard","6":"category-de-opinion","7":"tag-campeche","8":"tag-comunnity-manager","9":"tag-cuitlahuac-garcia","10":"tag-influencer","11":"tag-marlon-ramirez-marin","12":"tag-morena","13":"tag-panuco","14":"tag-ricardo-chua","15":"tag-veracruz"},"yoast_head":"<!-- This site is optimized with the Yoast SEO plugin v27.4 - https:\/\/yoast.com\/product\/yoast-seo-wordpress\/ -->\n<title>La violencia ya no respeta ni a Morena - Los pol\u00edticos Veracruz<\/title>\n<meta name=\"robots\" content=\"index, follow, max-snippet:-1, max-image-preview:large, max-video-preview:-1\" \/>\n<link rel=\"canonical\" href=\"https:\/\/lospoliticosveracruz.com\/?p=52080\" \/>\n<meta property=\"og:locale\" content=\"es_ES\" \/>\n<meta property=\"og:type\" content=\"article\" \/>\n<meta property=\"og:title\" content=\"La violencia ya no respeta ni a Morena - Los pol\u00edticos Veracruz\" \/>\n<meta property=\"og:description\" content=\"Ricardo Ch\u00faa Sale y Vale OJO&#8230; Nos cuentan que los \u00abComunnity Manager\u00bb que manejan las redes sociales de Cuitl\u00e1huac Garc\u00eda de \u00abbloquear\u00bb en las mismas&#8230;. A todos aquellos que sean \u00abindeseables\u00bb para su persona y para su gobierno&#8230; Pero para que te \u00abbloqueen\u00bb de sus cuentas, tienen que tener una caracter\u00edstica: Ser persona que influyan [&hellip;]\" \/>\n<meta property=\"og:url\" content=\"https:\/\/lospoliticosveracruz.com\/?p=52080\" \/>\n<meta property=\"og:site_name\" content=\"Los pol\u00edticos Veracruz\" \/>\n<meta property=\"article:publisher\" content=\"https:\/\/www.facebook.com\/people\/Notimemes-de-los-Polticos\/61565672886568\/\" \/>\n<meta property=\"article:published_time\" content=\"2020-01-20T15:00:57+00:00\" \/>\n<meta property=\"og:image\" content=\"https:\/\/lospoliticosveracruz.com\/wp-content\/uploads\/2016\/07\/Logo-Dor.jpg\" \/>\n\t<meta property=\"og:image:width\" content=\"200\" \/>\n\t<meta property=\"og:image:height\" content=\"200\" \/>\n\t<meta property=\"og:image:type\" content=\"image\/jpeg\" \/>\n<meta name=\"author\" content=\"Lo viste en Los Pol\u00edticos\" \/>\n<meta name=\"twitter:card\" content=\"summary_large_image\" \/>\n<meta name=\"twitter:creator\" content=\"@LosPoliticosVer\" \/>\n<meta name=\"twitter:site\" content=\"@LosPoliticosVer\" \/>\n<meta name=\"twitter:label1\" content=\"Escrito por\" \/>\n\t<meta name=\"twitter:data1\" content=\"Lo viste en Los Pol\u00edticos\" \/>\n\t<meta name=\"twitter:label2\" content=\"Tiempo de lectura\" \/>\n\t<meta name=\"twitter:data2\" content=\"5 minutos\" \/>\n<script type=\"application\/ld+json\" class=\"yoast-schema-graph\">{\"@context\":\"https:\\\/\\\/schema.org\",\"@graph\":[{\"@type\":\"Article\",\"@id\":\"https:\\\/\\\/lospoliticosveracruz.com\\\/?p=52080#article\",\"isPartOf\":{\"@id\":\"https:\\\/\\\/lospoliticosveracruz.com\\\/?p=52080\"},\"author\":{\"name\":\"Lo viste en Los Pol\u00edticos\",\"@id\":\"https:\\\/\\\/lospoliticosveracruz.com\\\/#\\\/schema\\\/person\\\/b8702bb0e538456e6efd07080bf2a4a2\"},\"headline\":\"La violencia ya no respeta ni a Morena\",\"datePublished\":\"2020-01-20T15:00:57+00:00\",\"mainEntityOfPage\":{\"@id\":\"https:\\\/\\\/lospoliticosveracruz.com\\\/?p=52080\"},\"wordCount\":1070,\"commentCount\":0,\"publisher\":{\"@id\":\"https:\\\/\\\/lospoliticosveracruz.com\\\/#organization\"},\"keywords\":[\"Campeche\",\"Comunnity Manager\",\"Cuitl\u00e1huac Garc\u00eda\",\"influencer\",\"Marlon Ram\u00edrez Mar\u00edn\",\"Morena\",\"P\u00e1nuco\",\"Ricardo Ch\u00faa\",\"Veracruz\"],\"articleSection\":[\"De Opini\u00f3n\"],\"inLanguage\":\"es\",\"potentialAction\":[{\"@type\":\"CommentAction\",\"name\":\"Comment\",\"target\":[\"https:\\\/\\\/lospoliticosveracruz.com\\\/?p=52080#respond\"]}]},{\"@type\":\"WebPage\",\"@id\":\"https:\\\/\\\/lospoliticosveracruz.com\\\/?p=52080\",\"url\":\"https:\\\/\\\/lospoliticosveracruz.com\\\/?p=52080\",\"name\":\"La violencia ya no respeta ni a Morena - Los pol\u00edticos Veracruz\",\"isPartOf\":{\"@id\":\"https:\\\/\\\/lospoliticosveracruz.com\\\/#website\"},\"datePublished\":\"2020-01-20T15:00:57+00:00\",\"breadcrumb\":{\"@id\":\"https:\\\/\\\/lospoliticosveracruz.com\\\/?p=52080#breadcrumb\"},\"inLanguage\":\"es\",\"potentialAction\":[{\"@type\":\"ReadAction\",\"target\":[\"https:\\\/\\\/lospoliticosveracruz.com\\\/?p=52080\"]}]},{\"@type\":\"BreadcrumbList\",\"@id\":\"https:\\\/\\\/lospoliticosveracruz.com\\\/?p=52080#breadcrumb\",\"itemListElement\":[{\"@type\":\"ListItem\",\"position\":1,\"name\":\"Portada\",\"item\":\"https:\\\/\\\/lospoliticosveracruz.com\\\/\"},{\"@type\":\"ListItem\",\"position\":2,\"name\":\"La violencia ya no respeta ni a Morena\"}]},{\"@type\":\"WebSite\",\"@id\":\"https:\\\/\\\/lospoliticosveracruz.com\\\/#website\",\"url\":\"https:\\\/\\\/lospoliticosveracruz.com\\\/\",\"name\":\"Los pol\u00edticos Veracruz\",\"description\":\"\",\"publisher\":{\"@id\":\"https:\\\/\\\/lospoliticosveracruz.com\\\/#organization\"},\"potentialAction\":[{\"@type\":\"SearchAction\",\"target\":{\"@type\":\"EntryPoint\",\"urlTemplate\":\"https:\\\/\\\/lospoliticosveracruz.com\\\/?s={search_term_string}\"},\"query-input\":{\"@type\":\"PropertyValueSpecification\",\"valueRequired\":true,\"valueName\":\"search_term_string\"}}],\"inLanguage\":\"es\"},{\"@type\":\"Organization\",\"@id\":\"https:\\\/\\\/lospoliticosveracruz.com\\\/#organization\",\"name\":\"Los pol\u00edticos Veracruz\",\"url\":\"https:\\\/\\\/lospoliticosveracruz.com\\\/\",\"logo\":{\"@type\":\"ImageObject\",\"inLanguage\":\"es\",\"@id\":\"https:\\\/\\\/lospoliticosveracruz.com\\\/#\\\/schema\\\/logo\\\/image\\\/\",\"url\":\"https:\\\/\\\/lospoliticosveracruz.com\\\/wp-content\\\/uploads\\\/2025\\\/12\\\/Logo-Nuevo-LOS-POLITICOS-1.jpg\",\"contentUrl\":\"https:\\\/\\\/lospoliticosveracruz.com\\\/wp-content\\\/uploads\\\/2025\\\/12\\\/Logo-Nuevo-LOS-POLITICOS-1.jpg\",\"width\":260,\"height\":70,\"caption\":\"Los pol\u00edticos Veracruz\"},\"image\":{\"@id\":\"https:\\\/\\\/lospoliticosveracruz.com\\\/#\\\/schema\\\/logo\\\/image\\\/\"},\"sameAs\":[\"https:\\\/\\\/www.facebook.com\\\/people\\\/Notimemes-de-los-Polticos\\\/61565672886568\\\/\",\"https:\\\/\\\/x.com\\\/LosPoliticosVer\"]},{\"@type\":\"Person\",\"@id\":\"https:\\\/\\\/lospoliticosveracruz.com\\\/#\\\/schema\\\/person\\\/b8702bb0e538456e6efd07080bf2a4a2\",\"name\":\"Lo viste en Los Pol\u00edticos\",\"image\":{\"@type\":\"ImageObject\",\"inLanguage\":\"es\",\"@id\":\"https:\\\/\\\/secure.gravatar.com\\\/avatar\\\/3a8de04a2656d44082be478bd6c086daa447c4651605818287b9532d3d0bd435?s=96&d=mm&r=g\",\"url\":\"https:\\\/\\\/secure.gravatar.com\\\/avatar\\\/3a8de04a2656d44082be478bd6c086daa447c4651605818287b9532d3d0bd435?s=96&d=mm&r=g\",\"contentUrl\":\"https:\\\/\\\/secure.gravatar.com\\\/avatar\\\/3a8de04a2656d44082be478bd6c086daa447c4651605818287b9532d3d0bd435?s=96&d=mm&r=g\",\"caption\":\"Lo viste en Los Pol\u00edticos\"},\"url\":\"https:\\\/\\\/lospoliticosveracruz.com\\\/?author=2\"}]}<\/script>\n<!-- \/ Yoast SEO plugin. -->","yoast_head_json":{"title":"La violencia ya no respeta ni a Morena - Los pol\u00edticos Veracruz","robots":{"index":"index","follow":"follow","max-snippet":"max-snippet:-1","max-image-preview":"max-image-preview:large","max-video-preview":"max-video-preview:-1"},"canonical":"https:\/\/lospoliticosveracruz.com\/?p=52080","og_locale":"es_ES","og_type":"article","og_title":"La violencia ya no respeta ni a Morena - Los pol\u00edticos Veracruz","og_description":"Ricardo Ch\u00faa Sale y Vale OJO&#8230; Nos cuentan que los \u00abComunnity Manager\u00bb que manejan las redes sociales de Cuitl\u00e1huac Garc\u00eda de \u00abbloquear\u00bb en las mismas&#8230;. A todos aquellos que sean \u00abindeseables\u00bb para su persona y para su gobierno&#8230; Pero para que te \u00abbloqueen\u00bb de sus cuentas, tienen que tener una caracter\u00edstica: Ser persona que influyan [&hellip;]","og_url":"https:\/\/lospoliticosveracruz.com\/?p=52080","og_site_name":"Los pol\u00edticos Veracruz","article_publisher":"https:\/\/www.facebook.com\/people\/Notimemes-de-los-Polticos\/61565672886568\/","article_published_time":"2020-01-20T15:00:57+00:00","og_image":[{"width":200,"height":200,"url":"https:\/\/lospoliticosveracruz.com\/wp-content\/uploads\/2016\/07\/Logo-Dor.jpg","type":"image\/jpeg"}],"author":"Lo viste en Los Pol\u00edticos","twitter_card":"summary_large_image","twitter_creator":"@LosPoliticosVer","twitter_site":"@LosPoliticosVer","twitter_misc":{"Escrito por":"Lo viste en Los Pol\u00edticos","Tiempo de lectura":"5 minutos"},"schema":{"@context":"https:\/\/schema.org","@graph":[{"@type":"Article","@id":"https:\/\/lospoliticosveracruz.com\/?p=52080#article","isPartOf":{"@id":"https:\/\/lospoliticosveracruz.com\/?p=52080"},"author":{"name":"Lo viste en Los Pol\u00edticos","@id":"https:\/\/lospoliticosveracruz.com\/#\/schema\/person\/b8702bb0e538456e6efd07080bf2a4a2"},"headline":"La violencia ya no respeta ni a Morena","datePublished":"2020-01-20T15:00:57+00:00","mainEntityOfPage":{"@id":"https:\/\/lospoliticosveracruz.com\/?p=52080"},"wordCount":1070,"commentCount":0,"publisher":{"@id":"https:\/\/lospoliticosveracruz.com\/#organization"},"keywords":["Campeche","Comunnity Manager","Cuitl\u00e1huac Garc\u00eda","influencer","Marlon Ram\u00edrez Mar\u00edn","Morena","P\u00e1nuco","Ricardo Ch\u00faa","Veracruz"],"articleSection":["De Opini\u00f3n"],"inLanguage":"es","potentialAction":[{"@type":"CommentAction","name":"Comment","target":["https:\/\/lospoliticosveracruz.com\/?p=52080#respond"]}]},{"@type":"WebPage","@id":"https:\/\/lospoliticosveracruz.com\/?p=52080","url":"https:\/\/lospoliticosveracruz.com\/?p=52080","name":"La violencia ya no respeta ni a Morena - Los pol\u00edticos Veracruz","isPartOf":{"@id":"https:\/\/lospoliticosveracruz.com\/#website"},"datePublished":"2020-01-20T15:00:57+00:00","breadcrumb":{"@id":"https:\/\/lospoliticosveracruz.com\/?p=52080#breadcrumb"},"inLanguage":"es","potentialAction":[{"@type":"ReadAction","target":["https:\/\/lospoliticosveracruz.com\/?p=52080"]}]},{"@type":"BreadcrumbList","@id":"https:\/\/lospoliticosveracruz.com\/?p=52080#breadcrumb","itemListElement":[{"@type":"ListItem","position":1,"name":"Portada","item":"https:\/\/lospoliticosveracruz.com\/"},{"@type":"ListItem","position":2,"name":"La violencia ya no respeta ni a Morena"}]},{"@type":"WebSite","@id":"https:\/\/lospoliticosveracruz.com\/#website","url":"https:\/\/lospoliticosveracruz.com\/","name":"Los pol\u00edticos Veracruz","description":"","publisher":{"@id":"https:\/\/lospoliticosveracruz.com\/#organization"},"potentialAction":[{"@type":"SearchAction","target":{"@type":"EntryPoint","urlTemplate":"https:\/\/lospoliticosveracruz.com\/?s={search_term_string}"},"query-input":{"@type":"PropertyValueSpecification","valueRequired":true,"valueName":"search_term_string"}}],"inLanguage":"es"},{"@type":"Organization","@id":"https:\/\/lospoliticosveracruz.com\/#organization","name":"Los pol\u00edticos Veracruz","url":"https:\/\/lospoliticosveracruz.com\/","logo":{"@type":"ImageObject","inLanguage":"es","@id":"https:\/\/lospoliticosveracruz.com\/#\/schema\/logo\/image\/","url":"https:\/\/lospoliticosveracruz.com\/wp-content\/uploads\/2025\/12\/Logo-Nuevo-LOS-POLITICOS-1.jpg","contentUrl":"https:\/\/lospoliticosveracruz.com\/wp-content\/uploads\/2025\/12\/Logo-Nuevo-LOS-POLITICOS-1.jpg","width":260,"height":70,"caption":"Los pol\u00edticos Veracruz"},"image":{"@id":"https:\/\/lospoliticosveracruz.com\/#\/schema\/logo\/image\/"},"sameAs":["https:\/\/www.facebook.com\/people\/Notimemes-de-los-Polticos\/61565672886568\/","https:\/\/x.com\/LosPoliticosVer"]},{"@type":"Person","@id":"https:\/\/lospoliticosveracruz.com\/#\/schema\/person\/b8702bb0e538456e6efd07080bf2a4a2","name":"Lo viste en Los Pol\u00edticos","image":{"@type":"ImageObject","inLanguage":"es","@id":"https:\/\/secure.gravatar.com\/avatar\/3a8de04a2656d44082be478bd6c086daa447c4651605818287b9532d3d0bd435?s=96&d=mm&r=g","url":"https:\/\/secure.gravatar.com\/avatar\/3a8de04a2656d44082be478bd6c086daa447c4651605818287b9532d3d0bd435?s=96&d=mm&r=g","contentUrl":"https:\/\/secure.gravatar.com\/avatar\/3a8de04a2656d44082be478bd6c086daa447c4651605818287b9532d3d0bd435?s=96&d=mm&r=g","caption":"Lo viste en Los Pol\u00edticos"},"url":"https:\/\/lospoliticosveracruz.com\/?author=2"}]}},"_links":{"self":[{"href":"https:\/\/lospoliticosveracruz.com\/index.php?rest_route=\/wp\/v2\/posts\/52080","targetHints":{"allow":["GET"]}}],"collection":[{"href":"https:\/\/lospoliticosveracruz.com\/index.php?rest_route=\/wp\/v2\/posts"}],"about":[{"href":"https:\/\/lospoliticosveracruz.com\/index.php?rest_route=\/wp\/v2\/types\/post"}],"author":[{"embeddable":true,"href":"https:\/\/lospoliticosveracruz.com\/index.php?rest_route=\/wp\/v2\/users\/2"}],"replies":[{"embeddable":true,"href":"https:\/\/lospoliticosveracruz.com\/index.php?rest_route=%2Fwp%2Fv2%2Fcomments&post=52080"}],"version-history":[{"count":1,"href":"https:\/\/lospoliticosveracruz.com\/index.php?rest_route=\/wp\/v2\/posts\/52080\/revisions"}],"predecessor-version":[{"id":52081,"href":"https:\/\/lospoliticosveracruz.com\/index.php?rest_route=\/wp\/v2\/posts\/52080\/revisions\/52081"}],"wp:attachment":[{"href":"https:\/\/lospoliticosveracruz.com\/index.php?rest_route=%2Fwp%2Fv2%2Fmedia&parent=52080"}],"wp:term":[{"taxonomy":"category","embeddable":true,"href":"https:\/\/lospoliticosveracruz.com\/index.php?rest_route=%2Fwp%2Fv2%2Fcategories&post=52080"},{"taxonomy":"post_tag","embeddable":true,"href":"https:\/\/lospoliticosveracruz.com\/index.php?rest_route=%2Fwp%2Fv2%2Ftags&post=52080"}],"curies":[{"name":"wp","href":"https:\/\/api.w.org\/{rel}","templated":true}]}}