{"id":52162,"date":"2020-01-23T23:00:16","date_gmt":"2020-01-24T05:00:16","guid":{"rendered":"http:\/\/www.lospoliticosveracruz.com.mx\/?p=52162"},"modified":"2020-01-23T14:35:52","modified_gmt":"2020-01-23T20:35:52","slug":"duarte-no-saldra","status":"publish","type":"post","link":"https:\/\/lospoliticosveracruz.com\/?p=52162","title":{"rendered":"Duarte no saldr\u00e1"},"content":{"rendered":"<p><strong>Brenda Caballero<\/strong><\/p>\n<p><em>N\u00fameros Rojos<\/em><\/p>\n<p><span style=\"font-weight: 400;\">Si realmente Santiago Nieto Castillo hace todo lo que el Presidente le dice, como el mismo Andr\u00e9s Manuel L\u00f3pez Obrador lo ha declarado, entonces Javier Duarte de Ochoa, ex gobernador de Veracruz, no saldr\u00e1 de la c\u00e1rcel&#8230; al menos en este sexenio.<\/span><\/p>\n<p><span style=\"font-weight: 400;\">Se escuchaban tantos rumores de que Duarte ten\u00eda un pie casi fuera del Reclusorio Norte por la forma en que se estaba llevando su proceso penal; incluso, en su \u00faltima audiencia, Duarte arremeti\u00f3 contra todos, incluyendo al periodista Carlos Loret de Mola, pero hoy podr\u00eda estar alej\u00e1ndose esa posibilidad.<\/span><\/p>\n<p><span style=\"font-weight: 400;\">Primero se dijo que al llegar Morena al poder, de inmediato saldr\u00eda; despu\u00e9s, que a finales de diciembre; otros m\u00e1s aventurados afirman que en febrero, es decir, en menos de un mes\u2026 pero, \u00bfser\u00eda un acierto pol\u00ectico la libertad de Javier Duarte, si apostamos a que todo se mueve en M\u00e9xico con pol\u00edtica, por encima de las Leyes?<\/span><\/p>\n<p><span style=\"font-weight: 400;\">Definitivamente no, y m\u00e1s cuando esa noticia incrementar\u00eda el malestar de la poblaci\u00f3n que pide medicamentos para el c\u00e1ncer a nivel nacional. Recordemos que a Duarte se le vincula directamente con esa versi\u00f3n de que adquiri\u00f3 su Gobierno agua destilada para las quimioterapias de los ni\u00f1os veracruzanos.<\/span><\/p>\n<p><span style=\"font-weight: 400;\">Pero como los abogados de Duarte han hecho su trabajo para sacarlo del bote, ya entr\u00f3 en acci\u00f3n \u201cSan Santiago Nieto\u201d con su Unidad de Inteligencia Financiera con el objetivo de detener el proceso; \u00bfc\u00f3mo?: presentando un recurso de revisi\u00f3n contra el amparo logrado por Javier Duarte y sus abogados y apelar la condena de nueve a\u00f1os y multa de 58 mil 890 pesos que le impusieron por haberse apegado al procedimiento abreviado y declararse culpable. Dicho recurso ser\u00e1 revisado nada m\u00e1s y nada menos que por la Suprema Corte de Justicia de la Naci\u00f3n.<\/span><\/p>\n<p><span style=\"font-weight: 400;\">Otro antecedente que indica que Duarte se queda, es la denuncia de hechos que realiz\u00f3 la UIF ante la Funci\u00f3n P\u00fablica contra el ex Director de Procesos Legales, Mauricio Moreno Balbuena, por haber beneficiado a Duarte de Ochoa con la reclasificaci\u00f3n del delito de delincuencia organizada por el de asociaci\u00f3n delictuosa, logrando la reducci\u00f3n de su condena de manera significativa, pues le tocaban entre 20 y 40 a\u00f1os de prisi\u00f3n.<\/span><\/p>\n<p><span style=\"font-weight: 400;\">En conclusi\u00f3n: la injerencia de la UIF en el caso Duarte puede tener varias acepciones:<\/span><\/p>\n<p><span style=\"font-weight: 400;\">1.- AMLO no quiere que salga Javier Duarte, al menos no ser\u00e1 durante su mandato.<\/span><\/p>\n<p><span style=\"font-weight: 400;\">2.- Va toda la Inteligencia Financiera contra Javier Duarte y posibles c\u00f3mplices.<\/span><\/p>\n<p><span style=\"font-weight: 400;\">3.- Al entrar la UIF, habr\u00e1 congelamiento de cuentas, y aunque dicen que las cuentas de Duarte ten\u00edan unos cuantos pesos cuando se le congelaron, buscar\u00e1n otras fuentes de financiamiento y rutas de dinero fuera del pa\u00eds; incluso, pueden pedir apoyo y colaboraci\u00f3n a las Unidades de otros pa\u00ecses del mundo.<\/span><\/p>\n<p><span style=\"font-weight: 400;\">4.- Si encuentran discrepancia fiscal o posible evasi\u00f3n de impuestos, tendr\u00e1 que pagarlos con sus multas y recargos.<\/span><\/p>\n<p><span style=\"font-weight: 400;\">5.- De nada le servir\u00e1 a Duarte echarle la culpa a los gobiernos anteriores.<\/span><\/p>\n<p>&nbsp;<\/p>\n<p><span style=\"font-weight: 400;\">caballero_brenda@hotmail.com<\/span><\/p>\n<p><span style=\"font-weight: 400;\">@NumerosRojos_BC<\/span><\/p>\n","protected":false},"excerpt":{"rendered":"<p>Brenda Caballero N\u00fameros Rojos Si realmente Santiago Nieto Castillo hace todo lo que el Presidente le dice, como el mismo Andr\u00e9s Manuel L\u00f3pez Obrador lo ha declarado, entonces Javier Duarte de Ochoa, ex gobernador de Veracruz, no saldr\u00e1 de la c\u00e1rcel&#8230; al menos en este sexenio. Se escuchaban tantos rumores de que Duarte ten\u00eda un [&hellip;]<\/p>\n","protected":false},"author":2,"featured_media":0,"comment_status":"open","ping_status":"open","sticky":false,"template":"","format":"standard","meta":{"tdm_status":"","tdm_grid_status":"","footnotes":""},"categories":[70],"tags":[2687,4891,260,16228,1026,16227,10715,7967,14697,195],"class_list":{"0":"post-52162","1":"post","2":"type-post","3":"status-publish","4":"format-standard","6":"category-de-opinion","7":"tag-brenda-caballero","8":"tag-carlos-loret-de-mola","9":"tag-javier-duarte-de-ochoa","10":"tag-mauricio-moreno-balbuena","11":"tag-morena","12":"tag-procesos-legales","13":"tag-reclusorio-norte","14":"tag-santiago-nieto-castillo","15":"tag-unidad-de-inteligencia-financiera","16":"tag-veracruz"},"yoast_head":"<!-- This site is optimized with the Yoast SEO plugin v27.4 - https:\/\/yoast.com\/product\/yoast-seo-wordpress\/ -->\n<title>Duarte no saldr\u00e1 - Los pol\u00edticos Veracruz<\/title>\n<meta name=\"robots\" content=\"index, follow, max-snippet:-1, max-image-preview:large, max-video-preview:-1\" \/>\n<link rel=\"canonical\" href=\"https:\/\/lospoliticosveracruz.com\/?p=52162\" \/>\n<meta property=\"og:locale\" content=\"es_ES\" \/>\n<meta property=\"og:type\" content=\"article\" \/>\n<meta property=\"og:title\" content=\"Duarte no saldr\u00e1 - Los pol\u00edticos Veracruz\" \/>\n<meta property=\"og:description\" content=\"Brenda Caballero N\u00fameros Rojos Si realmente Santiago Nieto Castillo hace todo lo que el Presidente le dice, como el mismo Andr\u00e9s Manuel L\u00f3pez Obrador lo ha declarado, entonces Javier Duarte de Ochoa, ex gobernador de Veracruz, no saldr\u00e1 de la c\u00e1rcel&#8230; al menos en este sexenio. Se escuchaban tantos rumores de que Duarte ten\u00eda un [&hellip;]\" \/>\n<meta property=\"og:url\" content=\"https:\/\/lospoliticosveracruz.com\/?p=52162\" \/>\n<meta property=\"og:site_name\" content=\"Los pol\u00edticos Veracruz\" \/>\n<meta property=\"article:publisher\" content=\"https:\/\/www.facebook.com\/people\/Notimemes-de-los-Polticos\/61565672886568\/\" \/>\n<meta property=\"article:published_time\" content=\"2020-01-24T05:00:16+00:00\" \/>\n<meta property=\"og:image\" content=\"https:\/\/lospoliticosveracruz.com\/wp-content\/uploads\/2016\/07\/Logo-Dor.jpg\" \/>\n\t<meta property=\"og:image:width\" content=\"200\" \/>\n\t<meta property=\"og:image:height\" content=\"200\" \/>\n\t<meta property=\"og:image:type\" content=\"image\/jpeg\" \/>\n<meta name=\"author\" content=\"Lo viste en Los Pol\u00edticos\" \/>\n<meta name=\"twitter:card\" content=\"summary_large_image\" \/>\n<meta name=\"twitter:creator\" content=\"@LosPoliticosVer\" \/>\n<meta name=\"twitter:site\" content=\"@LosPoliticosVer\" \/>\n<meta name=\"twitter:label1\" content=\"Escrito por\" \/>\n\t<meta name=\"twitter:data1\" content=\"Lo viste en Los Pol\u00edticos\" \/>\n\t<meta name=\"twitter:label2\" content=\"Tiempo de lectura\" \/>\n\t<meta name=\"twitter:data2\" content=\"3 minutos\" \/>\n<script type=\"application\/ld+json\" class=\"yoast-schema-graph\">{\"@context\":\"https:\\\/\\\/schema.org\",\"@graph\":[{\"@type\":\"Article\",\"@id\":\"https:\\\/\\\/lospoliticosveracruz.com\\\/?p=52162#article\",\"isPartOf\":{\"@id\":\"https:\\\/\\\/lospoliticosveracruz.com\\\/?p=52162\"},\"author\":{\"name\":\"Lo viste en Los Pol\u00edticos\",\"@id\":\"https:\\\/\\\/lospoliticosveracruz.com\\\/#\\\/schema\\\/person\\\/b8702bb0e538456e6efd07080bf2a4a2\"},\"headline\":\"Duarte no saldr\u00e1\",\"datePublished\":\"2020-01-24T05:00:16+00:00\",\"mainEntityOfPage\":{\"@id\":\"https:\\\/\\\/lospoliticosveracruz.com\\\/?p=52162\"},\"wordCount\":537,\"commentCount\":0,\"publisher\":{\"@id\":\"https:\\\/\\\/lospoliticosveracruz.com\\\/#organization\"},\"keywords\":[\"Brenda Caballero\",\"Carlos Loret de Mola\",\"Javier Duarte de Ochoa\",\"Mauricio Moreno Balbuena\",\"Morena\",\"Procesos Legales\",\"Reclusorio Norte\",\"Santiago Nieto Castillo\",\"Unidad de Inteligencia Financiera\",\"Veracruz\"],\"articleSection\":[\"De Opini\u00f3n\"],\"inLanguage\":\"es\",\"potentialAction\":[{\"@type\":\"CommentAction\",\"name\":\"Comment\",\"target\":[\"https:\\\/\\\/lospoliticosveracruz.com\\\/?p=52162#respond\"]}]},{\"@type\":\"WebPage\",\"@id\":\"https:\\\/\\\/lospoliticosveracruz.com\\\/?p=52162\",\"url\":\"https:\\\/\\\/lospoliticosveracruz.com\\\/?p=52162\",\"name\":\"Duarte no saldr\u00e1 - Los pol\u00edticos Veracruz\",\"isPartOf\":{\"@id\":\"https:\\\/\\\/lospoliticosveracruz.com\\\/#website\"},\"datePublished\":\"2020-01-24T05:00:16+00:00\",\"breadcrumb\":{\"@id\":\"https:\\\/\\\/lospoliticosveracruz.com\\\/?p=52162#breadcrumb\"},\"inLanguage\":\"es\",\"potentialAction\":[{\"@type\":\"ReadAction\",\"target\":[\"https:\\\/\\\/lospoliticosveracruz.com\\\/?p=52162\"]}]},{\"@type\":\"BreadcrumbList\",\"@id\":\"https:\\\/\\\/lospoliticosveracruz.com\\\/?p=52162#breadcrumb\",\"itemListElement\":[{\"@type\":\"ListItem\",\"position\":1,\"name\":\"Portada\",\"item\":\"https:\\\/\\\/lospoliticosveracruz.com\\\/\"},{\"@type\":\"ListItem\",\"position\":2,\"name\":\"Duarte no saldr\u00e1\"}]},{\"@type\":\"WebSite\",\"@id\":\"https:\\\/\\\/lospoliticosveracruz.com\\\/#website\",\"url\":\"https:\\\/\\\/lospoliticosveracruz.com\\\/\",\"name\":\"Los pol\u00edticos Veracruz\",\"description\":\"\",\"publisher\":{\"@id\":\"https:\\\/\\\/lospoliticosveracruz.com\\\/#organization\"},\"potentialAction\":[{\"@type\":\"SearchAction\",\"target\":{\"@type\":\"EntryPoint\",\"urlTemplate\":\"https:\\\/\\\/lospoliticosveracruz.com\\\/?s={search_term_string}\"},\"query-input\":{\"@type\":\"PropertyValueSpecification\",\"valueRequired\":true,\"valueName\":\"search_term_string\"}}],\"inLanguage\":\"es\"},{\"@type\":\"Organization\",\"@id\":\"https:\\\/\\\/lospoliticosveracruz.com\\\/#organization\",\"name\":\"Los pol\u00edticos Veracruz\",\"url\":\"https:\\\/\\\/lospoliticosveracruz.com\\\/\",\"logo\":{\"@type\":\"ImageObject\",\"inLanguage\":\"es\",\"@id\":\"https:\\\/\\\/lospoliticosveracruz.com\\\/#\\\/schema\\\/logo\\\/image\\\/\",\"url\":\"https:\\\/\\\/lospoliticosveracruz.com\\\/wp-content\\\/uploads\\\/2025\\\/12\\\/Logo-Nuevo-LOS-POLITICOS-1.jpg\",\"contentUrl\":\"https:\\\/\\\/lospoliticosveracruz.com\\\/wp-content\\\/uploads\\\/2025\\\/12\\\/Logo-Nuevo-LOS-POLITICOS-1.jpg\",\"width\":260,\"height\":70,\"caption\":\"Los pol\u00edticos Veracruz\"},\"image\":{\"@id\":\"https:\\\/\\\/lospoliticosveracruz.com\\\/#\\\/schema\\\/logo\\\/image\\\/\"},\"sameAs\":[\"https:\\\/\\\/www.facebook.com\\\/people\\\/Notimemes-de-los-Polticos\\\/61565672886568\\\/\",\"https:\\\/\\\/x.com\\\/LosPoliticosVer\"]},{\"@type\":\"Person\",\"@id\":\"https:\\\/\\\/lospoliticosveracruz.com\\\/#\\\/schema\\\/person\\\/b8702bb0e538456e6efd07080bf2a4a2\",\"name\":\"Lo viste en Los Pol\u00edticos\",\"image\":{\"@type\":\"ImageObject\",\"inLanguage\":\"es\",\"@id\":\"https:\\\/\\\/secure.gravatar.com\\\/avatar\\\/3a8de04a2656d44082be478bd6c086daa447c4651605818287b9532d3d0bd435?s=96&d=mm&r=g\",\"url\":\"https:\\\/\\\/secure.gravatar.com\\\/avatar\\\/3a8de04a2656d44082be478bd6c086daa447c4651605818287b9532d3d0bd435?s=96&d=mm&r=g\",\"contentUrl\":\"https:\\\/\\\/secure.gravatar.com\\\/avatar\\\/3a8de04a2656d44082be478bd6c086daa447c4651605818287b9532d3d0bd435?s=96&d=mm&r=g\",\"caption\":\"Lo viste en Los Pol\u00edticos\"},\"url\":\"https:\\\/\\\/lospoliticosveracruz.com\\\/?author=2\"}]}<\/script>\n<!-- \/ Yoast SEO plugin. -->","yoast_head_json":{"title":"Duarte no saldr\u00e1 - Los pol\u00edticos Veracruz","robots":{"index":"index","follow":"follow","max-snippet":"max-snippet:-1","max-image-preview":"max-image-preview:large","max-video-preview":"max-video-preview:-1"},"canonical":"https:\/\/lospoliticosveracruz.com\/?p=52162","og_locale":"es_ES","og_type":"article","og_title":"Duarte no saldr\u00e1 - Los pol\u00edticos Veracruz","og_description":"Brenda Caballero N\u00fameros Rojos Si realmente Santiago Nieto Castillo hace todo lo que el Presidente le dice, como el mismo Andr\u00e9s Manuel L\u00f3pez Obrador lo ha declarado, entonces Javier Duarte de Ochoa, ex gobernador de Veracruz, no saldr\u00e1 de la c\u00e1rcel&#8230; al menos en este sexenio. Se escuchaban tantos rumores de que Duarte ten\u00eda un [&hellip;]","og_url":"https:\/\/lospoliticosveracruz.com\/?p=52162","og_site_name":"Los pol\u00edticos Veracruz","article_publisher":"https:\/\/www.facebook.com\/people\/Notimemes-de-los-Polticos\/61565672886568\/","article_published_time":"2020-01-24T05:00:16+00:00","og_image":[{"width":200,"height":200,"url":"https:\/\/lospoliticosveracruz.com\/wp-content\/uploads\/2016\/07\/Logo-Dor.jpg","type":"image\/jpeg"}],"author":"Lo viste en Los Pol\u00edticos","twitter_card":"summary_large_image","twitter_creator":"@LosPoliticosVer","twitter_site":"@LosPoliticosVer","twitter_misc":{"Escrito por":"Lo viste en Los Pol\u00edticos","Tiempo de lectura":"3 minutos"},"schema":{"@context":"https:\/\/schema.org","@graph":[{"@type":"Article","@id":"https:\/\/lospoliticosveracruz.com\/?p=52162#article","isPartOf":{"@id":"https:\/\/lospoliticosveracruz.com\/?p=52162"},"author":{"name":"Lo viste en Los Pol\u00edticos","@id":"https:\/\/lospoliticosveracruz.com\/#\/schema\/person\/b8702bb0e538456e6efd07080bf2a4a2"},"headline":"Duarte no saldr\u00e1","datePublished":"2020-01-24T05:00:16+00:00","mainEntityOfPage":{"@id":"https:\/\/lospoliticosveracruz.com\/?p=52162"},"wordCount":537,"commentCount":0,"publisher":{"@id":"https:\/\/lospoliticosveracruz.com\/#organization"},"keywords":["Brenda Caballero","Carlos Loret de Mola","Javier Duarte de Ochoa","Mauricio Moreno Balbuena","Morena","Procesos Legales","Reclusorio Norte","Santiago Nieto Castillo","Unidad de Inteligencia Financiera","Veracruz"],"articleSection":["De Opini\u00f3n"],"inLanguage":"es","potentialAction":[{"@type":"CommentAction","name":"Comment","target":["https:\/\/lospoliticosveracruz.com\/?p=52162#respond"]}]},{"@type":"WebPage","@id":"https:\/\/lospoliticosveracruz.com\/?p=52162","url":"https:\/\/lospoliticosveracruz.com\/?p=52162","name":"Duarte no saldr\u00e1 - Los pol\u00edticos Veracruz","isPartOf":{"@id":"https:\/\/lospoliticosveracruz.com\/#website"},"datePublished":"2020-01-24T05:00:16+00:00","breadcrumb":{"@id":"https:\/\/lospoliticosveracruz.com\/?p=52162#breadcrumb"},"inLanguage":"es","potentialAction":[{"@type":"ReadAction","target":["https:\/\/lospoliticosveracruz.com\/?p=52162"]}]},{"@type":"BreadcrumbList","@id":"https:\/\/lospoliticosveracruz.com\/?p=52162#breadcrumb","itemListElement":[{"@type":"ListItem","position":1,"name":"Portada","item":"https:\/\/lospoliticosveracruz.com\/"},{"@type":"ListItem","position":2,"name":"Duarte no saldr\u00e1"}]},{"@type":"WebSite","@id":"https:\/\/lospoliticosveracruz.com\/#website","url":"https:\/\/lospoliticosveracruz.com\/","name":"Los pol\u00edticos Veracruz","description":"","publisher":{"@id":"https:\/\/lospoliticosveracruz.com\/#organization"},"potentialAction":[{"@type":"SearchAction","target":{"@type":"EntryPoint","urlTemplate":"https:\/\/lospoliticosveracruz.com\/?s={search_term_string}"},"query-input":{"@type":"PropertyValueSpecification","valueRequired":true,"valueName":"search_term_string"}}],"inLanguage":"es"},{"@type":"Organization","@id":"https:\/\/lospoliticosveracruz.com\/#organization","name":"Los pol\u00edticos Veracruz","url":"https:\/\/lospoliticosveracruz.com\/","logo":{"@type":"ImageObject","inLanguage":"es","@id":"https:\/\/lospoliticosveracruz.com\/#\/schema\/logo\/image\/","url":"https:\/\/lospoliticosveracruz.com\/wp-content\/uploads\/2025\/12\/Logo-Nuevo-LOS-POLITICOS-1.jpg","contentUrl":"https:\/\/lospoliticosveracruz.com\/wp-content\/uploads\/2025\/12\/Logo-Nuevo-LOS-POLITICOS-1.jpg","width":260,"height":70,"caption":"Los pol\u00edticos Veracruz"},"image":{"@id":"https:\/\/lospoliticosveracruz.com\/#\/schema\/logo\/image\/"},"sameAs":["https:\/\/www.facebook.com\/people\/Notimemes-de-los-Polticos\/61565672886568\/","https:\/\/x.com\/LosPoliticosVer"]},{"@type":"Person","@id":"https:\/\/lospoliticosveracruz.com\/#\/schema\/person\/b8702bb0e538456e6efd07080bf2a4a2","name":"Lo viste en Los Pol\u00edticos","image":{"@type":"ImageObject","inLanguage":"es","@id":"https:\/\/secure.gravatar.com\/avatar\/3a8de04a2656d44082be478bd6c086daa447c4651605818287b9532d3d0bd435?s=96&d=mm&r=g","url":"https:\/\/secure.gravatar.com\/avatar\/3a8de04a2656d44082be478bd6c086daa447c4651605818287b9532d3d0bd435?s=96&d=mm&r=g","contentUrl":"https:\/\/secure.gravatar.com\/avatar\/3a8de04a2656d44082be478bd6c086daa447c4651605818287b9532d3d0bd435?s=96&d=mm&r=g","caption":"Lo viste en Los Pol\u00edticos"},"url":"https:\/\/lospoliticosveracruz.com\/?author=2"}]}},"_links":{"self":[{"href":"https:\/\/lospoliticosveracruz.com\/index.php?rest_route=\/wp\/v2\/posts\/52162","targetHints":{"allow":["GET"]}}],"collection":[{"href":"https:\/\/lospoliticosveracruz.com\/index.php?rest_route=\/wp\/v2\/posts"}],"about":[{"href":"https:\/\/lospoliticosveracruz.com\/index.php?rest_route=\/wp\/v2\/types\/post"}],"author":[{"embeddable":true,"href":"https:\/\/lospoliticosveracruz.com\/index.php?rest_route=\/wp\/v2\/users\/2"}],"replies":[{"embeddable":true,"href":"https:\/\/lospoliticosveracruz.com\/index.php?rest_route=%2Fwp%2Fv2%2Fcomments&post=52162"}],"version-history":[{"count":1,"href":"https:\/\/lospoliticosveracruz.com\/index.php?rest_route=\/wp\/v2\/posts\/52162\/revisions"}],"predecessor-version":[{"id":52164,"href":"https:\/\/lospoliticosveracruz.com\/index.php?rest_route=\/wp\/v2\/posts\/52162\/revisions\/52164"}],"wp:attachment":[{"href":"https:\/\/lospoliticosveracruz.com\/index.php?rest_route=%2Fwp%2Fv2%2Fmedia&parent=52162"}],"wp:term":[{"taxonomy":"category","embeddable":true,"href":"https:\/\/lospoliticosveracruz.com\/index.php?rest_route=%2Fwp%2Fv2%2Fcategories&post=52162"},{"taxonomy":"post_tag","embeddable":true,"href":"https:\/\/lospoliticosveracruz.com\/index.php?rest_route=%2Fwp%2Fv2%2Ftags&post=52162"}],"curies":[{"name":"wp","href":"https:\/\/api.w.org\/{rel}","templated":true}]}}