{"id":52165,"date":"2020-01-23T23:00:29","date_gmt":"2020-01-24T05:00:29","guid":{"rendered":"http:\/\/www.lospoliticosveracruz.com.mx\/?p=52165"},"modified":"2020-01-23T19:18:20","modified_gmt":"2020-01-24T01:18:20","slug":"el-nepotismo-moderno-de-henri","status":"publish","type":"post","link":"https:\/\/lospoliticosveracruz.com\/?p=52165","title":{"rendered":"El Nepotismo Moderno de Henri"},"content":{"rendered":"<p><strong>Salvador Mu\u00f1oz<\/strong><\/p>\n<p><em>Los Pol\u00edticos<\/em><\/p>\n<p><span style=\"font-weight: 400;\">\u00bfSe imagina que una Ley prohibiera que la esposa del Presidente municipal pudiera ser postulada como candidata al cargo que ocupa su marido? O pi\u00e9nselo en la historia pasada reciente: Que esa misma Ley hubiera impedido a Miguel \u00c1ngel Yunes M\u00e1rquez ser candidato a Gobernador porque su padre lo era en ese momento. De golpe y porrazo suena bonito, \u00bfno? Pues estas \u201cmedidas de restricci\u00f3n\u201d las llev\u00f3 a cabo ayer en calidad de Iniciativa el diputado Henri Christophe G\u00f3mez S\u00e1nchez, del grupo legislativo de Morena.<\/span><\/p>\n<p><span style=\"font-weight: 400;\">Hay excesiva \u201cbuena intenci\u00f3n\u201d en la propuesta de Henri Christophe porque pretende de cierto modo, a como \u00e9l lo expuso, acabar con \u201cel nepotismo\u201d\u2026 pero vamos por partes.<\/span><\/p>\n<p><span style=\"font-weight: 400;\">La definici\u00f3n simple de \u201cNepotismo\u201d es: Trato de favor hacia familiares o amigos, a los que se otorgan cargos o empleos p\u00fablicos por el mero hecho de serlo, sin tener en cuenta otros m\u00e9ritos.<\/span><\/p>\n<p><span style=\"font-weight: 400;\">\u00bfQueda claro? \u00a1Bueno! \u00bfPues qu\u00e9 creen? Henri Christophe le da un nuevo significado a esta palabra\u2026 transcribo:<\/span><\/p>\n<p><span style=\"font-weight: 400;\">\u201cEntendemos como acepci\u00f3n moderna del t\u00e9rmino \u2018Nepotismo\u2019 a aquella predilecci\u00f3n o favorecimiento que algunos ejecutivos en el cargo, ll\u00e1mese Gobernador o Presidente Municipal, que ocupan cargos de elecci\u00f3n popular, poseen el poder para heredarlo a su familia, a la hora de realizar las designaciones de candidatos a ocupar la futura gubernatura o presidencia municipal, dan preferencia a los familiares\u201d. (Sic)<\/span><\/p>\n<p><span style=\"font-weight: 400;\">En pocas palabras, y en espera de haberle entendido, creo que Henri Christophe piensa que una Candidatura es \u201cun cargo\u201d o \u201cempleo p\u00fablico\u201d para dejar de ser \u201cPropuesta\u201d.<\/span><\/p>\n<p><span style=\"font-weight: 400;\">Se insiste: Hay mucha \u201cbuena intenci\u00f3n\u201d en la Iniciativa del Diputado\u2026 y tambi\u00e9n, en parte, mucha raz\u00f3n\u2026 cu\u00e1ntos familiares de alcaldes o gobernadores no compiten por un cargo de elecci\u00f3n popular\u2026 bueno, siendo sinceros, el caso m\u00e1s reciente de un pariente de mandatario estatal que particip\u00f3 en una elecci\u00f3n, fue el de los Yunes y perdi\u00f3\u2026 \u00a1ah! es que se le olvida algo al diputado y me extra\u00f1a, porque su Gobernador emana de un proceso democr\u00e1tico donde la mayor\u00eda del pueblo veracruzano es el que decidi\u00f3 por encima de lo que \u00e9l cree que es Nepotismo enfocado en una candidatura\u2026<\/span><\/p>\n<p><span style=\"font-weight: 400;\">M\u00e1s que Nepotismo, yo dir\u00eda que es Influyentismo\u2026 al final, se quiera o no, la palabra del Gobernador en turno tiene peso en el partido que milita; al final, la palabra del Presidente Municipal tiene peso por ser la autoridad regional y en la que se supone, trabaja como la mayor\u00eda del pol\u00edtico, con un solo fin: perpetuarse en el Poder.<\/span><\/p>\n<p><span style=\"font-weight: 400;\">Vuelvo a repetir e insistir: Veo mucha buen intenci\u00f3n del diputado plurinominal en su propuesta y hasta de cierto modo, razonable, salvo 35 ligeros detalles:<\/span><\/p>\n<p><span style=\"font-weight: 400;\">Art\u00edculo 35 de la Constituci\u00f3n Pol\u00edtica de los Estados Unidos Mexicanos:<\/span><span style=\"font-weight: 400;\"><br \/>\n<\/span><span style=\"font-weight: 400;\">Son derechos del ciudadano:<\/span><\/p>\n<ol>\n<li><span style=\"font-weight: 400;\"> Poder ser votada en condiciones de paridad para todos los cargos de elecci\u00f3n popular, teniendo las calidades que establezca la ley.<\/span><\/li>\n<\/ol>\n<p><span style=\"font-weight: 400;\">En pocas palabras, antes de ser hijo, hermano, t\u00edo, prima (que est\u00e1 de moda), sobrino de Gobernador o de Presidente Municipal, se es Mexicano&#8230; y a menos que Henri quiera cambiar la Carta Magna, ya no veo claro&#8230;<\/span><\/p>\n<p><span style=\"font-weight: 400;\">Ahora bien, si tantas ganas tiene de acabar con el \u201cNepotismo Moderno\u201d que esgrime (que yo llamo Influyentismo), deber\u00eda entonces pedirle al Gobernador Cuitl\u00e1huac Garc\u00eda Jim\u00e9nez que retire a su primo Eleazar Guerrero del cargo que ostenta en Sefiplan, o para no ir m\u00e1s lejos, que le pida a su compa\u00f1era de bancada, Rosalinda Galindo Silva, que renuncie la parentela que tiene en diversas dependencias del Gobierno estatal, porque el buen diputado, por Morena empieza\u2026<\/span><\/p>\n<p><span style=\"font-weight: 400;\">PD A lo mejor quiere que todos los partidos propongan sacar sus candidaturas desde la t\u00f3mbola\u2026 habr\u00e1 que conocer los m\u00e9ritos que tuvo el Diputado Henri Christopher para ganarse la \u201cpluri\u201d&#8230;<\/span><\/p>\n<p>&nbsp;<\/p>\n<p><span style=\"font-weight: 400;\">smcainito@gmail.com<\/span><\/p>\n<p>&nbsp;<\/p>\n","protected":false},"excerpt":{"rendered":"<p>Salvador Mu\u00f1oz Los Pol\u00edticos \u00bfSe imagina que una Ley prohibiera que la esposa del Presidente municipal pudiera ser postulada como candidata al cargo que ocupa su marido? O pi\u00e9nselo en la historia pasada reciente: Que esa misma Ley hubiera impedido a Miguel \u00c1ngel Yunes M\u00e1rquez ser candidato a Gobernador porque su padre lo era en [&hellip;]<\/p>\n","protected":false},"author":2,"featured_media":0,"comment_status":"open","ping_status":"open","sticky":false,"template":"","format":"standard","meta":{"tdm_status":"","tdm_grid_status":"","footnotes":""},"categories":[70],"tags":[4059,451,13006,14133,16229,2646],"class_list":{"0":"post-52165","1":"post","2":"type-post","3":"status-publish","4":"format-standard","6":"category-de-opinion","7":"tag-candidatura","8":"tag-gobernador","9":"tag-henri-christophe-gomez-sanchez","10":"tag-nepotismo","11":"tag-presidente-municipal","12":"tag-salvador-munoz"},"yoast_head":"<!-- This site is optimized with the Yoast SEO plugin v27.4 - https:\/\/yoast.com\/product\/yoast-seo-wordpress\/ -->\n<title>El Nepotismo Moderno de Henri - Los pol\u00edticos Veracruz<\/title>\n<meta name=\"robots\" content=\"index, follow, max-snippet:-1, max-image-preview:large, max-video-preview:-1\" \/>\n<link rel=\"canonical\" href=\"https:\/\/lospoliticosveracruz.com\/?p=52165\" \/>\n<meta property=\"og:locale\" content=\"es_ES\" \/>\n<meta property=\"og:type\" content=\"article\" \/>\n<meta property=\"og:title\" content=\"El Nepotismo Moderno de Henri - Los pol\u00edticos Veracruz\" \/>\n<meta property=\"og:description\" content=\"Salvador Mu\u00f1oz Los Pol\u00edticos \u00bfSe imagina que una Ley prohibiera que la esposa del Presidente municipal pudiera ser postulada como candidata al cargo que ocupa su marido? O pi\u00e9nselo en la historia pasada reciente: Que esa misma Ley hubiera impedido a Miguel \u00c1ngel Yunes M\u00e1rquez ser candidato a Gobernador porque su padre lo era en [&hellip;]\" \/>\n<meta property=\"og:url\" content=\"https:\/\/lospoliticosveracruz.com\/?p=52165\" \/>\n<meta property=\"og:site_name\" content=\"Los pol\u00edticos Veracruz\" \/>\n<meta property=\"article:publisher\" content=\"https:\/\/www.facebook.com\/people\/Notimemes-de-los-Polticos\/61565672886568\/\" \/>\n<meta property=\"article:published_time\" content=\"2020-01-24T05:00:29+00:00\" \/>\n<meta property=\"og:image\" content=\"https:\/\/lospoliticosveracruz.com\/wp-content\/uploads\/2016\/07\/Logo-Dor.jpg\" \/>\n\t<meta property=\"og:image:width\" content=\"200\" \/>\n\t<meta property=\"og:image:height\" content=\"200\" \/>\n\t<meta property=\"og:image:type\" content=\"image\/jpeg\" \/>\n<meta name=\"author\" content=\"Lo viste en Los Pol\u00edticos\" \/>\n<meta name=\"twitter:card\" content=\"summary_large_image\" \/>\n<meta name=\"twitter:creator\" content=\"@LosPoliticosVer\" \/>\n<meta name=\"twitter:site\" content=\"@LosPoliticosVer\" \/>\n<meta name=\"twitter:label1\" content=\"Escrito por\" \/>\n\t<meta name=\"twitter:data1\" content=\"Lo viste en Los Pol\u00edticos\" \/>\n\t<meta name=\"twitter:label2\" content=\"Tiempo de lectura\" \/>\n\t<meta name=\"twitter:data2\" content=\"3 minutos\" \/>\n<script type=\"application\/ld+json\" class=\"yoast-schema-graph\">{\"@context\":\"https:\\\/\\\/schema.org\",\"@graph\":[{\"@type\":\"Article\",\"@id\":\"https:\\\/\\\/lospoliticosveracruz.com\\\/?p=52165#article\",\"isPartOf\":{\"@id\":\"https:\\\/\\\/lospoliticosveracruz.com\\\/?p=52165\"},\"author\":{\"name\":\"Lo viste en Los Pol\u00edticos\",\"@id\":\"https:\\\/\\\/lospoliticosveracruz.com\\\/#\\\/schema\\\/person\\\/b8702bb0e538456e6efd07080bf2a4a2\"},\"headline\":\"El Nepotismo Moderno de Henri\",\"datePublished\":\"2020-01-24T05:00:29+00:00\",\"mainEntityOfPage\":{\"@id\":\"https:\\\/\\\/lospoliticosveracruz.com\\\/?p=52165\"},\"wordCount\":675,\"commentCount\":0,\"publisher\":{\"@id\":\"https:\\\/\\\/lospoliticosveracruz.com\\\/#organization\"},\"keywords\":[\"candidatura\",\"gobernador\",\"Henri Christophe G\u00f3mez S\u00e1nchez\",\"nepotismo\",\"Presidente municipal\",\"Salvador Mu\u00f1oz\"],\"articleSection\":[\"De Opini\u00f3n\"],\"inLanguage\":\"es\",\"potentialAction\":[{\"@type\":\"CommentAction\",\"name\":\"Comment\",\"target\":[\"https:\\\/\\\/lospoliticosveracruz.com\\\/?p=52165#respond\"]}]},{\"@type\":\"WebPage\",\"@id\":\"https:\\\/\\\/lospoliticosveracruz.com\\\/?p=52165\",\"url\":\"https:\\\/\\\/lospoliticosveracruz.com\\\/?p=52165\",\"name\":\"El Nepotismo Moderno de Henri - Los pol\u00edticos Veracruz\",\"isPartOf\":{\"@id\":\"https:\\\/\\\/lospoliticosveracruz.com\\\/#website\"},\"datePublished\":\"2020-01-24T05:00:29+00:00\",\"breadcrumb\":{\"@id\":\"https:\\\/\\\/lospoliticosveracruz.com\\\/?p=52165#breadcrumb\"},\"inLanguage\":\"es\",\"potentialAction\":[{\"@type\":\"ReadAction\",\"target\":[\"https:\\\/\\\/lospoliticosveracruz.com\\\/?p=52165\"]}]},{\"@type\":\"BreadcrumbList\",\"@id\":\"https:\\\/\\\/lospoliticosveracruz.com\\\/?p=52165#breadcrumb\",\"itemListElement\":[{\"@type\":\"ListItem\",\"position\":1,\"name\":\"Portada\",\"item\":\"https:\\\/\\\/lospoliticosveracruz.com\\\/\"},{\"@type\":\"ListItem\",\"position\":2,\"name\":\"El Nepotismo Moderno de Henri\"}]},{\"@type\":\"WebSite\",\"@id\":\"https:\\\/\\\/lospoliticosveracruz.com\\\/#website\",\"url\":\"https:\\\/\\\/lospoliticosveracruz.com\\\/\",\"name\":\"Los pol\u00edticos Veracruz\",\"description\":\"\",\"publisher\":{\"@id\":\"https:\\\/\\\/lospoliticosveracruz.com\\\/#organization\"},\"potentialAction\":[{\"@type\":\"SearchAction\",\"target\":{\"@type\":\"EntryPoint\",\"urlTemplate\":\"https:\\\/\\\/lospoliticosveracruz.com\\\/?s={search_term_string}\"},\"query-input\":{\"@type\":\"PropertyValueSpecification\",\"valueRequired\":true,\"valueName\":\"search_term_string\"}}],\"inLanguage\":\"es\"},{\"@type\":\"Organization\",\"@id\":\"https:\\\/\\\/lospoliticosveracruz.com\\\/#organization\",\"name\":\"Los pol\u00edticos Veracruz\",\"url\":\"https:\\\/\\\/lospoliticosveracruz.com\\\/\",\"logo\":{\"@type\":\"ImageObject\",\"inLanguage\":\"es\",\"@id\":\"https:\\\/\\\/lospoliticosveracruz.com\\\/#\\\/schema\\\/logo\\\/image\\\/\",\"url\":\"https:\\\/\\\/lospoliticosveracruz.com\\\/wp-content\\\/uploads\\\/2025\\\/12\\\/Logo-Nuevo-LOS-POLITICOS-1.jpg\",\"contentUrl\":\"https:\\\/\\\/lospoliticosveracruz.com\\\/wp-content\\\/uploads\\\/2025\\\/12\\\/Logo-Nuevo-LOS-POLITICOS-1.jpg\",\"width\":260,\"height\":70,\"caption\":\"Los pol\u00edticos Veracruz\"},\"image\":{\"@id\":\"https:\\\/\\\/lospoliticosveracruz.com\\\/#\\\/schema\\\/logo\\\/image\\\/\"},\"sameAs\":[\"https:\\\/\\\/www.facebook.com\\\/people\\\/Notimemes-de-los-Polticos\\\/61565672886568\\\/\",\"https:\\\/\\\/x.com\\\/LosPoliticosVer\"]},{\"@type\":\"Person\",\"@id\":\"https:\\\/\\\/lospoliticosveracruz.com\\\/#\\\/schema\\\/person\\\/b8702bb0e538456e6efd07080bf2a4a2\",\"name\":\"Lo viste en Los Pol\u00edticos\",\"image\":{\"@type\":\"ImageObject\",\"inLanguage\":\"es\",\"@id\":\"https:\\\/\\\/secure.gravatar.com\\\/avatar\\\/3a8de04a2656d44082be478bd6c086daa447c4651605818287b9532d3d0bd435?s=96&d=mm&r=g\",\"url\":\"https:\\\/\\\/secure.gravatar.com\\\/avatar\\\/3a8de04a2656d44082be478bd6c086daa447c4651605818287b9532d3d0bd435?s=96&d=mm&r=g\",\"contentUrl\":\"https:\\\/\\\/secure.gravatar.com\\\/avatar\\\/3a8de04a2656d44082be478bd6c086daa447c4651605818287b9532d3d0bd435?s=96&d=mm&r=g\",\"caption\":\"Lo viste en Los Pol\u00edticos\"},\"url\":\"https:\\\/\\\/lospoliticosveracruz.com\\\/?author=2\"}]}<\/script>\n<!-- \/ Yoast SEO plugin. -->","yoast_head_json":{"title":"El Nepotismo Moderno de Henri - Los pol\u00edticos Veracruz","robots":{"index":"index","follow":"follow","max-snippet":"max-snippet:-1","max-image-preview":"max-image-preview:large","max-video-preview":"max-video-preview:-1"},"canonical":"https:\/\/lospoliticosveracruz.com\/?p=52165","og_locale":"es_ES","og_type":"article","og_title":"El Nepotismo Moderno de Henri - Los pol\u00edticos Veracruz","og_description":"Salvador Mu\u00f1oz Los Pol\u00edticos \u00bfSe imagina que una Ley prohibiera que la esposa del Presidente municipal pudiera ser postulada como candidata al cargo que ocupa su marido? O pi\u00e9nselo en la historia pasada reciente: Que esa misma Ley hubiera impedido a Miguel \u00c1ngel Yunes M\u00e1rquez ser candidato a Gobernador porque su padre lo era en [&hellip;]","og_url":"https:\/\/lospoliticosveracruz.com\/?p=52165","og_site_name":"Los pol\u00edticos Veracruz","article_publisher":"https:\/\/www.facebook.com\/people\/Notimemes-de-los-Polticos\/61565672886568\/","article_published_time":"2020-01-24T05:00:29+00:00","og_image":[{"width":200,"height":200,"url":"https:\/\/lospoliticosveracruz.com\/wp-content\/uploads\/2016\/07\/Logo-Dor.jpg","type":"image\/jpeg"}],"author":"Lo viste en Los Pol\u00edticos","twitter_card":"summary_large_image","twitter_creator":"@LosPoliticosVer","twitter_site":"@LosPoliticosVer","twitter_misc":{"Escrito por":"Lo viste en Los Pol\u00edticos","Tiempo de lectura":"3 minutos"},"schema":{"@context":"https:\/\/schema.org","@graph":[{"@type":"Article","@id":"https:\/\/lospoliticosveracruz.com\/?p=52165#article","isPartOf":{"@id":"https:\/\/lospoliticosveracruz.com\/?p=52165"},"author":{"name":"Lo viste en Los Pol\u00edticos","@id":"https:\/\/lospoliticosveracruz.com\/#\/schema\/person\/b8702bb0e538456e6efd07080bf2a4a2"},"headline":"El Nepotismo Moderno de Henri","datePublished":"2020-01-24T05:00:29+00:00","mainEntityOfPage":{"@id":"https:\/\/lospoliticosveracruz.com\/?p=52165"},"wordCount":675,"commentCount":0,"publisher":{"@id":"https:\/\/lospoliticosveracruz.com\/#organization"},"keywords":["candidatura","gobernador","Henri Christophe G\u00f3mez S\u00e1nchez","nepotismo","Presidente municipal","Salvador Mu\u00f1oz"],"articleSection":["De Opini\u00f3n"],"inLanguage":"es","potentialAction":[{"@type":"CommentAction","name":"Comment","target":["https:\/\/lospoliticosveracruz.com\/?p=52165#respond"]}]},{"@type":"WebPage","@id":"https:\/\/lospoliticosveracruz.com\/?p=52165","url":"https:\/\/lospoliticosveracruz.com\/?p=52165","name":"El Nepotismo Moderno de Henri - Los pol\u00edticos Veracruz","isPartOf":{"@id":"https:\/\/lospoliticosveracruz.com\/#website"},"datePublished":"2020-01-24T05:00:29+00:00","breadcrumb":{"@id":"https:\/\/lospoliticosveracruz.com\/?p=52165#breadcrumb"},"inLanguage":"es","potentialAction":[{"@type":"ReadAction","target":["https:\/\/lospoliticosveracruz.com\/?p=52165"]}]},{"@type":"BreadcrumbList","@id":"https:\/\/lospoliticosveracruz.com\/?p=52165#breadcrumb","itemListElement":[{"@type":"ListItem","position":1,"name":"Portada","item":"https:\/\/lospoliticosveracruz.com\/"},{"@type":"ListItem","position":2,"name":"El Nepotismo Moderno de Henri"}]},{"@type":"WebSite","@id":"https:\/\/lospoliticosveracruz.com\/#website","url":"https:\/\/lospoliticosveracruz.com\/","name":"Los pol\u00edticos Veracruz","description":"","publisher":{"@id":"https:\/\/lospoliticosveracruz.com\/#organization"},"potentialAction":[{"@type":"SearchAction","target":{"@type":"EntryPoint","urlTemplate":"https:\/\/lospoliticosveracruz.com\/?s={search_term_string}"},"query-input":{"@type":"PropertyValueSpecification","valueRequired":true,"valueName":"search_term_string"}}],"inLanguage":"es"},{"@type":"Organization","@id":"https:\/\/lospoliticosveracruz.com\/#organization","name":"Los pol\u00edticos Veracruz","url":"https:\/\/lospoliticosveracruz.com\/","logo":{"@type":"ImageObject","inLanguage":"es","@id":"https:\/\/lospoliticosveracruz.com\/#\/schema\/logo\/image\/","url":"https:\/\/lospoliticosveracruz.com\/wp-content\/uploads\/2025\/12\/Logo-Nuevo-LOS-POLITICOS-1.jpg","contentUrl":"https:\/\/lospoliticosveracruz.com\/wp-content\/uploads\/2025\/12\/Logo-Nuevo-LOS-POLITICOS-1.jpg","width":260,"height":70,"caption":"Los pol\u00edticos Veracruz"},"image":{"@id":"https:\/\/lospoliticosveracruz.com\/#\/schema\/logo\/image\/"},"sameAs":["https:\/\/www.facebook.com\/people\/Notimemes-de-los-Polticos\/61565672886568\/","https:\/\/x.com\/LosPoliticosVer"]},{"@type":"Person","@id":"https:\/\/lospoliticosveracruz.com\/#\/schema\/person\/b8702bb0e538456e6efd07080bf2a4a2","name":"Lo viste en Los Pol\u00edticos","image":{"@type":"ImageObject","inLanguage":"es","@id":"https:\/\/secure.gravatar.com\/avatar\/3a8de04a2656d44082be478bd6c086daa447c4651605818287b9532d3d0bd435?s=96&d=mm&r=g","url":"https:\/\/secure.gravatar.com\/avatar\/3a8de04a2656d44082be478bd6c086daa447c4651605818287b9532d3d0bd435?s=96&d=mm&r=g","contentUrl":"https:\/\/secure.gravatar.com\/avatar\/3a8de04a2656d44082be478bd6c086daa447c4651605818287b9532d3d0bd435?s=96&d=mm&r=g","caption":"Lo viste en Los Pol\u00edticos"},"url":"https:\/\/lospoliticosveracruz.com\/?author=2"}]}},"_links":{"self":[{"href":"https:\/\/lospoliticosveracruz.com\/index.php?rest_route=\/wp\/v2\/posts\/52165","targetHints":{"allow":["GET"]}}],"collection":[{"href":"https:\/\/lospoliticosveracruz.com\/index.php?rest_route=\/wp\/v2\/posts"}],"about":[{"href":"https:\/\/lospoliticosveracruz.com\/index.php?rest_route=\/wp\/v2\/types\/post"}],"author":[{"embeddable":true,"href":"https:\/\/lospoliticosveracruz.com\/index.php?rest_route=\/wp\/v2\/users\/2"}],"replies":[{"embeddable":true,"href":"https:\/\/lospoliticosveracruz.com\/index.php?rest_route=%2Fwp%2Fv2%2Fcomments&post=52165"}],"version-history":[{"count":1,"href":"https:\/\/lospoliticosveracruz.com\/index.php?rest_route=\/wp\/v2\/posts\/52165\/revisions"}],"predecessor-version":[{"id":52167,"href":"https:\/\/lospoliticosveracruz.com\/index.php?rest_route=\/wp\/v2\/posts\/52165\/revisions\/52167"}],"wp:attachment":[{"href":"https:\/\/lospoliticosveracruz.com\/index.php?rest_route=%2Fwp%2Fv2%2Fmedia&parent=52165"}],"wp:term":[{"taxonomy":"category","embeddable":true,"href":"https:\/\/lospoliticosveracruz.com\/index.php?rest_route=%2Fwp%2Fv2%2Fcategories&post=52165"},{"taxonomy":"post_tag","embeddable":true,"href":"https:\/\/lospoliticosveracruz.com\/index.php?rest_route=%2Fwp%2Fv2%2Ftags&post=52165"}],"curies":[{"name":"wp","href":"https:\/\/api.w.org\/{rel}","templated":true}]}}