{"id":52228,"date":"2020-01-27T08:48:21","date_gmt":"2020-01-27T14:48:21","guid":{"rendered":"http:\/\/www.lospoliticosveracruz.com.mx\/?p=52228"},"modified":"2020-01-27T08:48:21","modified_gmt":"2020-01-27T14:48:21","slug":"veronica-carreteras-de-alto-riesgo-y-su-prima","status":"publish","type":"post","link":"https:\/\/lospoliticosveracruz.com\/?p=52228","title":{"rendered":"Ver\u00f3nica, carreteras de alto riesgo y su Prima"},"content":{"rendered":"<p><strong>Ricardo Ch\u00faa<\/strong><\/p>\n<p><em>Sale y Vale<\/em><\/p>\n<p>OJO&#8230; Sin duda, este semana en Veracruz fue de revelaciones dentro del gobierno estatal y la Fiscal\u00eda del Estado&#8230; Y el comit\u00e9 estatal del PAN no podr\u00eda ser diferente&#8230; La Fuente nos dice que desde hace varios d\u00edas&#8230; Ya el \u00abChapito\u00bb Guzn\u00e1n Avil\u00e9s no es qui\u00e9n toma las decisiones dentro de su partido&#8230; Ya lo acotaron y ahora es una \u00abmano blanca\u00bb la que trae, el \u00abteje y maneje\u00bb de Acci\u00f3n Nacional en la entidad y se comporta como oposici\u00f3n a MORENA&#8230; Es decir, el de Tantoyuca ya no resisti\u00f3 y se \u00abdobleg\u00f3\u00bb&#8230; Se acab\u00f3 el MORAN&#8230; ZUCUTUM&#8230;<\/p>\n<p>La prueba est\u00e1 que el jueves sali\u00f3 a declarar a medios y redes sociales&#8230; Que el tema de la Fiscal, Ver\u00f3nica Hern\u00e1ndez y el caso de la #PrimaIncomoda desde el Congreso Local se debe aplicar la misma medida que le aplicaron a Jorge Winckler cuando se dieron cuenta que no cumpl\u00eda con el examen de control y confianza&#8230;. El Chapito desde que gan\u00f3 se mantuvo callado y ahora sale a se\u00f1alar a sus \u00abpresuntos\u00bb aliados Morenos&#8230;.\u00bfCongruencia? o \u00bfpresi\u00f3n?&#8230; MOCOS PETRA&#8230; .<\/p>\n<p>VERACRUZ Y SU MAPA DELICTIVO&#8230; Todav\u00eda el gobierno federal de Andr\u00e9s Manuel L\u00f3pez Obrador y el estatal de Cuitl\u00e1huac Garc\u00eda, no salen de la crisis por el tema de la #PrimaIncomoda de la Fiscal, Ver\u00f3nica Hern\u00e1ndez, que presuntamente pertenece a una banda delictiva&#8230; Cuando ayer mismo aparece publicado el Mapa Delictivo Nacional por la consultora \u00abMSD Inventig por Life\u00bb, famosa en el pa\u00eds en estas mediciones, y el estado aparece como una de las de alto riesgo en tramos carreteros y municipios&#8230; M\u00e1s \u00able\u00f1a al fuego\u00bb&#8230;<\/p>\n<p>Este mapa de MSD determina rangos de riesgo, considerados por estos aspectos: Presencia del crimen organizado, tendencia de delitos de alto y bajo impacto e \u00edndice delictivo por Estado&#8230; Y, Veracruz gobernado por Cuitl\u00e1huac Garc\u00eda no sale bien librado&#8230; Ya que la entidad tiene los rangos de color rojo y naranja&#8230; El rojo significa \u00abProhibici\u00f3n\u00bb que recomienda no realizar viajes a esos sitios&#8230; Y naranja que es \u00abExtremar Precauciones\u00bb de s\u00f3lo realizar viajes con un prop\u00f3sito esencial&#8230; En pocas palabras&#8230; Veracruz es inseguro para hacer negocios&#8230;<\/p>\n<p>El tema aqu\u00ed es que en entidades y municipios marcados de alto riesgo&#8230; Tienen prohibido realizar viajes de negocios: La actividad delictiva puede ocasionar situaciones de peligro eminente y da\u00f1o a la poblaci\u00f3n civil con delitos de alto impacto&#8230; Y los municipios que est\u00e1n marcados como de ALTO RIESGO son: Orizaba, Coatzacoalcos, Minatitlan, Las Choapas, Xalapa, C\u00f3rdoba, Acayucan y Fort\u00edn de Las Flores&#8230; OJO MORENA lleva 14 meses gobernando y esos \u00edndices no bajan&#8230;.<\/p>\n<p>Pero no s\u00f3lo son los municipios sino tambi\u00e9n las carreteras que cruzan por la entidad&#8230; Y las que est\u00e1n marcadas como ALTO RIESGO son: Carretera 127 Potrero del Llano-Tampico&#8230; La 129 Nautla-Teziutl\u00e1n&#8230; La 145 Loma Bonita-Sayula de Alem\u00e1n&#8230; La 185 Minatitlan-Sayula de Alem\u00e1n-Colonia Nuevo Morelos&#8230; Casi todas est\u00e1n marcadas as\u00ed&#8230; En resumen: Veracruz se encuentra azolado por el crimen y la inseguridad.. Las cifras no mienten y ah\u00ed est\u00e1n los mapas delictivos carreteros por empresas expertas en esta materia&#8230;<\/p>\n<p>Entre las recomendaciones que se dan&#8230; Es que en Veracruz se encuentra PROHIBIDO operar camiones de carga o de servicio de transporte p\u00fablico en sus carreteras por la noche en todo el Estado&#8230; Y se requiere ayuda por situaciones de seguridad, hay que acudir a corporaciones polic\u00edacas estatales o federales (no municipales) y que se deben extremar precauciones en la frontera con Tabasco por el combate de la SEDENA y SEMAR contra el robo de combustible y por los probables enfrentamiento entre bandas delictivas y militares&#8230;<\/p>\n<p>Para el colmo la PROSPECTIVA que tienen sobre Veracruz, es que existe una disparidad entre las cifras oficiales y medios tradicionales sobre los \u00edndices de violencia.. Lo cual refleja una probable situaci\u00f3n pol\u00edtica en el manejo de informaci\u00f3n (dicho de otra manera, que el gobierno estatal de Cuitl\u00e1huac y Fiscal\u00eda de Veracruz de Ver\u00f3nica Hern\u00e1ndez, \u00abmaquillan\u00bb las cifras de los \u00edndices delictivos).. Por lo cual, MSD asegura que los delitos seguir\u00e1n a la alza especialmente SECUESTROS y que el robo de carga sigue en niveles muy altos&#8230; JODER&#8230;<\/p>\n<p>Como dato esta medici\u00f3n de seguridad, MSD la hace mensualmente.. Y la consultan empresas que mueven productos y las compa\u00f1\u00edas de seguros suelen monitorearlas por los \u00edndices de seguridad&#8230; As\u00ed que m\u00e1s que esta informaci\u00f3n le \u00abpegue\u00bb alg\u00fan aspirante a la sucesi\u00f3n en Veracruz del 2024&#8230; Lo grave del caso es que el mapa del universo carretero, dentro del sem\u00e1foro de seguridad es muy delicado y peligroso, pues, la econom\u00eda y el desarrollo requiere de v\u00edas de comunicaci\u00f3n en buen estado y sobre todo seguras&#8230; Y Veracruz no las tiene&#8230;<\/p>\n<p>Sobre todo que las empresas m\u00e1s fuertes del pa\u00eds, suelen contratar esta medici\u00f3n, para conocer rutas seguras de Log\u00edstica y Movilidad terrestre&#8230;Aqu\u00ed hay 3 puertos fundamentales Veracruz, Tuxpan y Coatzacoalcos&#8230;. Y al menos, propios reportes del gobierno federal y los medios se\u00f1alan que muchas de estas carreteras y zonas portuarias est\u00e1n controladas por el crimen organizado&#8230; Y los empresarios necesitan certidumbre, adem\u00e1s de los ciudadanos&#8230; Y se ha visto que el gobierno estatal no se los da&#8230;<\/p>\n<p>As\u00ed que el tema va m\u00e1s all\u00e1&#8230; De las afectaciones de las aspiraciones de un precandidato a gobernador por MORENA que maneja los puertos&#8230; El caso aqu\u00ed es que la econom\u00eda en Veracruz seguir\u00e1 sin crecer, pues, la inseguridad, aunque los nieguen los funcionarios estatales, inhibe las inversiones para generar riqueza y trabajo&#8230; No habr\u00e1 el desarrollo deseado sobre todo de capitales nacionales y extranjeros, m\u00e1s que el capital local aunque tambi\u00e9n se ven afectados&#8230; Esta de la madre&#8230;<\/p>\n<p>PD&#8230; Ahora pueden entender el por qu\u00e9 el gobierno federal y estatal de MORENA le urge REMOVER a la Fiscal, Ver\u00f3nica Hern\u00e1ndez como Encargada de la FGE, ya que sus nexos familiares, con una pariente que operaba presuntamente con grupos fuera de la ley, estaba inmersa en delitos del fuero com\u00fan como los que se\u00f1ala MSD en este mapa&#8230; Y Hern\u00e1ndez Gadians era la responsable de investigarlos&#8230; Simple conflictos de intereses&#8230;. Y este mapa delictivo, le vino a dar la \u00abpuntilla\u00bb&#8230; BYE&#8230;<\/p>\n<p>Quiz\u00e1s ese martes la propia Fiscal se dio cuenta, de lo que le ven\u00eda por la pregunta de Jos\u00e9 Manuel Pozos Castro&#8230; Pero fue tanta su desesperaci\u00f3n, que Hern\u00e1ndez le EXIGI\u00d3 a gritos al jefe de prensa de la FGE, Jair Garc\u00eda, que parara toda la informaci\u00f3n en su contra y que bajara la nota de los portales y peri\u00f3dicos&#8230; Algo imposible porque el da\u00f1o estaba hecho&#8230; Jair es buen periodista, pero no un MAGO&#8230; Obvio hubo rega\u00f1os, acusaciones y gritos para su equipo de prensa&#8230; Lo dem\u00e1s es historia&#8230; CONSUMATUM EST&#8230;<\/p>\n","protected":false},"excerpt":{"rendered":"<p>Ricardo Ch\u00faa Sale y Vale OJO&#8230; Sin duda, este semana en Veracruz fue de revelaciones dentro del gobierno estatal y la Fiscal\u00eda del Estado&#8230; Y el comit\u00e9 estatal del PAN no podr\u00eda ser diferente&#8230; La Fuente nos dice que desde hace varios d\u00edas&#8230; Ya el \u00abChapito\u00bb Guzn\u00e1n Avil\u00e9s no es qui\u00e9n toma las decisiones dentro [&hellip;]<\/p>\n","protected":false},"author":2,"featured_media":0,"comment_status":"open","ping_status":"open","sticky":false,"template":"","format":"standard","meta":{"tdm_status":"","tdm_grid_status":"","footnotes":""},"categories":[70],"tags":[103,618,371,751,1681,10526,2209,3288,6869,3628,373,1026,1639,266,195,96],"class_list":{"0":"post-52228","1":"post","2":"type-post","3":"status-publish","4":"format-standard","6":"category-de-opinion","7":"tag-acayucan","8":"tag-andres-manuel-lopez-obrador","9":"tag-coatzacoalcos","10":"tag-cordoba","11":"tag-cuitlahuac-garcia","12":"tag-fiscal","13":"tag-fortin","14":"tag-joaquin-guzman-aviles","15":"tag-jorge-winckler","16":"tag-las-choapas","17":"tag-minatitlan","18":"tag-morena","19":"tag-orizaba","20":"tag-pan","21":"tag-veracruz","22":"tag-xalapa"},"yoast_head":"<!-- This site is optimized with the Yoast SEO plugin v27.4 - https:\/\/yoast.com\/product\/yoast-seo-wordpress\/ -->\n<title>Ver\u00f3nica, carreteras de alto riesgo y su Prima - Los pol\u00edticos Veracruz<\/title>\n<meta name=\"robots\" content=\"index, follow, max-snippet:-1, max-image-preview:large, max-video-preview:-1\" \/>\n<link rel=\"canonical\" href=\"https:\/\/lospoliticosveracruz.com\/?p=52228\" \/>\n<meta property=\"og:locale\" content=\"es_ES\" \/>\n<meta property=\"og:type\" content=\"article\" \/>\n<meta property=\"og:title\" content=\"Ver\u00f3nica, carreteras de alto riesgo y su Prima - Los pol\u00edticos Veracruz\" \/>\n<meta property=\"og:description\" content=\"Ricardo Ch\u00faa Sale y Vale OJO&#8230; Sin duda, este semana en Veracruz fue de revelaciones dentro del gobierno estatal y la Fiscal\u00eda del Estado&#8230; Y el comit\u00e9 estatal del PAN no podr\u00eda ser diferente&#8230; La Fuente nos dice que desde hace varios d\u00edas&#8230; Ya el \u00abChapito\u00bb Guzn\u00e1n Avil\u00e9s no es qui\u00e9n toma las decisiones dentro [&hellip;]\" \/>\n<meta property=\"og:url\" content=\"https:\/\/lospoliticosveracruz.com\/?p=52228\" \/>\n<meta property=\"og:site_name\" content=\"Los pol\u00edticos Veracruz\" \/>\n<meta property=\"article:publisher\" content=\"https:\/\/www.facebook.com\/people\/Notimemes-de-los-Polticos\/61565672886568\/\" \/>\n<meta property=\"article:published_time\" content=\"2020-01-27T14:48:21+00:00\" \/>\n<meta property=\"og:image\" content=\"https:\/\/lospoliticosveracruz.com\/wp-content\/uploads\/2016\/07\/Logo-Dor.jpg\" \/>\n\t<meta property=\"og:image:width\" content=\"200\" \/>\n\t<meta property=\"og:image:height\" content=\"200\" \/>\n\t<meta property=\"og:image:type\" content=\"image\/jpeg\" \/>\n<meta name=\"author\" content=\"Lo viste en Los Pol\u00edticos\" \/>\n<meta name=\"twitter:card\" content=\"summary_large_image\" \/>\n<meta name=\"twitter:creator\" content=\"@LosPoliticosVer\" \/>\n<meta name=\"twitter:site\" content=\"@LosPoliticosVer\" \/>\n<meta name=\"twitter:label1\" content=\"Escrito por\" \/>\n\t<meta name=\"twitter:data1\" content=\"Lo viste en Los Pol\u00edticos\" \/>\n\t<meta name=\"twitter:label2\" content=\"Tiempo de lectura\" \/>\n\t<meta name=\"twitter:data2\" content=\"6 minutos\" \/>\n<script type=\"application\/ld+json\" class=\"yoast-schema-graph\">{\"@context\":\"https:\\\/\\\/schema.org\",\"@graph\":[{\"@type\":\"Article\",\"@id\":\"https:\\\/\\\/lospoliticosveracruz.com\\\/?p=52228#article\",\"isPartOf\":{\"@id\":\"https:\\\/\\\/lospoliticosveracruz.com\\\/?p=52228\"},\"author\":{\"name\":\"Lo viste en Los Pol\u00edticos\",\"@id\":\"https:\\\/\\\/lospoliticosveracruz.com\\\/#\\\/schema\\\/person\\\/b8702bb0e538456e6efd07080bf2a4a2\"},\"headline\":\"Ver\u00f3nica, carreteras de alto riesgo y su Prima\",\"datePublished\":\"2020-01-27T14:48:21+00:00\",\"mainEntityOfPage\":{\"@id\":\"https:\\\/\\\/lospoliticosveracruz.com\\\/?p=52228\"},\"wordCount\":1194,\"commentCount\":0,\"publisher\":{\"@id\":\"https:\\\/\\\/lospoliticosveracruz.com\\\/#organization\"},\"keywords\":[\"Acayucan\",\"Andr\u00e9s Manuel L\u00f3pez Obrador\",\"Coatzacoalcos\",\"C\u00f3rdoba\",\"Cuitl\u00e1huac Garc\u00eda\",\"Fiscal\",\"Fort\u00edn\",\"Joaqu\u00edn Guzm\u00e1n Avil\u00e9s\",\"Jorge Winckler\",\"Las Choapas\",\"Minatitl\u00e1n\",\"Morena\",\"Orizaba\",\"PAN\",\"Veracruz\",\"Xalapa\"],\"articleSection\":[\"De Opini\u00f3n\"],\"inLanguage\":\"es\",\"potentialAction\":[{\"@type\":\"CommentAction\",\"name\":\"Comment\",\"target\":[\"https:\\\/\\\/lospoliticosveracruz.com\\\/?p=52228#respond\"]}]},{\"@type\":\"WebPage\",\"@id\":\"https:\\\/\\\/lospoliticosveracruz.com\\\/?p=52228\",\"url\":\"https:\\\/\\\/lospoliticosveracruz.com\\\/?p=52228\",\"name\":\"Ver\u00f3nica, carreteras de alto riesgo y su Prima - Los pol\u00edticos Veracruz\",\"isPartOf\":{\"@id\":\"https:\\\/\\\/lospoliticosveracruz.com\\\/#website\"},\"datePublished\":\"2020-01-27T14:48:21+00:00\",\"breadcrumb\":{\"@id\":\"https:\\\/\\\/lospoliticosveracruz.com\\\/?p=52228#breadcrumb\"},\"inLanguage\":\"es\",\"potentialAction\":[{\"@type\":\"ReadAction\",\"target\":[\"https:\\\/\\\/lospoliticosveracruz.com\\\/?p=52228\"]}]},{\"@type\":\"BreadcrumbList\",\"@id\":\"https:\\\/\\\/lospoliticosveracruz.com\\\/?p=52228#breadcrumb\",\"itemListElement\":[{\"@type\":\"ListItem\",\"position\":1,\"name\":\"Portada\",\"item\":\"https:\\\/\\\/lospoliticosveracruz.com\\\/\"},{\"@type\":\"ListItem\",\"position\":2,\"name\":\"Ver\u00f3nica, carreteras de alto riesgo y su Prima\"}]},{\"@type\":\"WebSite\",\"@id\":\"https:\\\/\\\/lospoliticosveracruz.com\\\/#website\",\"url\":\"https:\\\/\\\/lospoliticosveracruz.com\\\/\",\"name\":\"Los pol\u00edticos Veracruz\",\"description\":\"\",\"publisher\":{\"@id\":\"https:\\\/\\\/lospoliticosveracruz.com\\\/#organization\"},\"potentialAction\":[{\"@type\":\"SearchAction\",\"target\":{\"@type\":\"EntryPoint\",\"urlTemplate\":\"https:\\\/\\\/lospoliticosveracruz.com\\\/?s={search_term_string}\"},\"query-input\":{\"@type\":\"PropertyValueSpecification\",\"valueRequired\":true,\"valueName\":\"search_term_string\"}}],\"inLanguage\":\"es\"},{\"@type\":\"Organization\",\"@id\":\"https:\\\/\\\/lospoliticosveracruz.com\\\/#organization\",\"name\":\"Los pol\u00edticos Veracruz\",\"url\":\"https:\\\/\\\/lospoliticosveracruz.com\\\/\",\"logo\":{\"@type\":\"ImageObject\",\"inLanguage\":\"es\",\"@id\":\"https:\\\/\\\/lospoliticosveracruz.com\\\/#\\\/schema\\\/logo\\\/image\\\/\",\"url\":\"https:\\\/\\\/lospoliticosveracruz.com\\\/wp-content\\\/uploads\\\/2025\\\/12\\\/Logo-Nuevo-LOS-POLITICOS-1.jpg\",\"contentUrl\":\"https:\\\/\\\/lospoliticosveracruz.com\\\/wp-content\\\/uploads\\\/2025\\\/12\\\/Logo-Nuevo-LOS-POLITICOS-1.jpg\",\"width\":260,\"height\":70,\"caption\":\"Los pol\u00edticos Veracruz\"},\"image\":{\"@id\":\"https:\\\/\\\/lospoliticosveracruz.com\\\/#\\\/schema\\\/logo\\\/image\\\/\"},\"sameAs\":[\"https:\\\/\\\/www.facebook.com\\\/people\\\/Notimemes-de-los-Polticos\\\/61565672886568\\\/\",\"https:\\\/\\\/x.com\\\/LosPoliticosVer\"]},{\"@type\":\"Person\",\"@id\":\"https:\\\/\\\/lospoliticosveracruz.com\\\/#\\\/schema\\\/person\\\/b8702bb0e538456e6efd07080bf2a4a2\",\"name\":\"Lo viste en Los Pol\u00edticos\",\"image\":{\"@type\":\"ImageObject\",\"inLanguage\":\"es\",\"@id\":\"https:\\\/\\\/secure.gravatar.com\\\/avatar\\\/3a8de04a2656d44082be478bd6c086daa447c4651605818287b9532d3d0bd435?s=96&d=mm&r=g\",\"url\":\"https:\\\/\\\/secure.gravatar.com\\\/avatar\\\/3a8de04a2656d44082be478bd6c086daa447c4651605818287b9532d3d0bd435?s=96&d=mm&r=g\",\"contentUrl\":\"https:\\\/\\\/secure.gravatar.com\\\/avatar\\\/3a8de04a2656d44082be478bd6c086daa447c4651605818287b9532d3d0bd435?s=96&d=mm&r=g\",\"caption\":\"Lo viste en Los Pol\u00edticos\"},\"url\":\"https:\\\/\\\/lospoliticosveracruz.com\\\/?author=2\"}]}<\/script>\n<!-- \/ Yoast SEO plugin. -->","yoast_head_json":{"title":"Ver\u00f3nica, carreteras de alto riesgo y su Prima - Los pol\u00edticos Veracruz","robots":{"index":"index","follow":"follow","max-snippet":"max-snippet:-1","max-image-preview":"max-image-preview:large","max-video-preview":"max-video-preview:-1"},"canonical":"https:\/\/lospoliticosveracruz.com\/?p=52228","og_locale":"es_ES","og_type":"article","og_title":"Ver\u00f3nica, carreteras de alto riesgo y su Prima - Los pol\u00edticos Veracruz","og_description":"Ricardo Ch\u00faa Sale y Vale OJO&#8230; Sin duda, este semana en Veracruz fue de revelaciones dentro del gobierno estatal y la Fiscal\u00eda del Estado&#8230; Y el comit\u00e9 estatal del PAN no podr\u00eda ser diferente&#8230; La Fuente nos dice que desde hace varios d\u00edas&#8230; Ya el \u00abChapito\u00bb Guzn\u00e1n Avil\u00e9s no es qui\u00e9n toma las decisiones dentro [&hellip;]","og_url":"https:\/\/lospoliticosveracruz.com\/?p=52228","og_site_name":"Los pol\u00edticos Veracruz","article_publisher":"https:\/\/www.facebook.com\/people\/Notimemes-de-los-Polticos\/61565672886568\/","article_published_time":"2020-01-27T14:48:21+00:00","og_image":[{"width":200,"height":200,"url":"https:\/\/lospoliticosveracruz.com\/wp-content\/uploads\/2016\/07\/Logo-Dor.jpg","type":"image\/jpeg"}],"author":"Lo viste en Los Pol\u00edticos","twitter_card":"summary_large_image","twitter_creator":"@LosPoliticosVer","twitter_site":"@LosPoliticosVer","twitter_misc":{"Escrito por":"Lo viste en Los Pol\u00edticos","Tiempo de lectura":"6 minutos"},"schema":{"@context":"https:\/\/schema.org","@graph":[{"@type":"Article","@id":"https:\/\/lospoliticosveracruz.com\/?p=52228#article","isPartOf":{"@id":"https:\/\/lospoliticosveracruz.com\/?p=52228"},"author":{"name":"Lo viste en Los Pol\u00edticos","@id":"https:\/\/lospoliticosveracruz.com\/#\/schema\/person\/b8702bb0e538456e6efd07080bf2a4a2"},"headline":"Ver\u00f3nica, carreteras de alto riesgo y su Prima","datePublished":"2020-01-27T14:48:21+00:00","mainEntityOfPage":{"@id":"https:\/\/lospoliticosveracruz.com\/?p=52228"},"wordCount":1194,"commentCount":0,"publisher":{"@id":"https:\/\/lospoliticosveracruz.com\/#organization"},"keywords":["Acayucan","Andr\u00e9s Manuel L\u00f3pez Obrador","Coatzacoalcos","C\u00f3rdoba","Cuitl\u00e1huac Garc\u00eda","Fiscal","Fort\u00edn","Joaqu\u00edn Guzm\u00e1n Avil\u00e9s","Jorge Winckler","Las Choapas","Minatitl\u00e1n","Morena","Orizaba","PAN","Veracruz","Xalapa"],"articleSection":["De Opini\u00f3n"],"inLanguage":"es","potentialAction":[{"@type":"CommentAction","name":"Comment","target":["https:\/\/lospoliticosveracruz.com\/?p=52228#respond"]}]},{"@type":"WebPage","@id":"https:\/\/lospoliticosveracruz.com\/?p=52228","url":"https:\/\/lospoliticosveracruz.com\/?p=52228","name":"Ver\u00f3nica, carreteras de alto riesgo y su Prima - Los pol\u00edticos Veracruz","isPartOf":{"@id":"https:\/\/lospoliticosveracruz.com\/#website"},"datePublished":"2020-01-27T14:48:21+00:00","breadcrumb":{"@id":"https:\/\/lospoliticosveracruz.com\/?p=52228#breadcrumb"},"inLanguage":"es","potentialAction":[{"@type":"ReadAction","target":["https:\/\/lospoliticosveracruz.com\/?p=52228"]}]},{"@type":"BreadcrumbList","@id":"https:\/\/lospoliticosveracruz.com\/?p=52228#breadcrumb","itemListElement":[{"@type":"ListItem","position":1,"name":"Portada","item":"https:\/\/lospoliticosveracruz.com\/"},{"@type":"ListItem","position":2,"name":"Ver\u00f3nica, carreteras de alto riesgo y su Prima"}]},{"@type":"WebSite","@id":"https:\/\/lospoliticosveracruz.com\/#website","url":"https:\/\/lospoliticosveracruz.com\/","name":"Los pol\u00edticos Veracruz","description":"","publisher":{"@id":"https:\/\/lospoliticosveracruz.com\/#organization"},"potentialAction":[{"@type":"SearchAction","target":{"@type":"EntryPoint","urlTemplate":"https:\/\/lospoliticosveracruz.com\/?s={search_term_string}"},"query-input":{"@type":"PropertyValueSpecification","valueRequired":true,"valueName":"search_term_string"}}],"inLanguage":"es"},{"@type":"Organization","@id":"https:\/\/lospoliticosveracruz.com\/#organization","name":"Los pol\u00edticos Veracruz","url":"https:\/\/lospoliticosveracruz.com\/","logo":{"@type":"ImageObject","inLanguage":"es","@id":"https:\/\/lospoliticosveracruz.com\/#\/schema\/logo\/image\/","url":"https:\/\/lospoliticosveracruz.com\/wp-content\/uploads\/2025\/12\/Logo-Nuevo-LOS-POLITICOS-1.jpg","contentUrl":"https:\/\/lospoliticosveracruz.com\/wp-content\/uploads\/2025\/12\/Logo-Nuevo-LOS-POLITICOS-1.jpg","width":260,"height":70,"caption":"Los pol\u00edticos Veracruz"},"image":{"@id":"https:\/\/lospoliticosveracruz.com\/#\/schema\/logo\/image\/"},"sameAs":["https:\/\/www.facebook.com\/people\/Notimemes-de-los-Polticos\/61565672886568\/","https:\/\/x.com\/LosPoliticosVer"]},{"@type":"Person","@id":"https:\/\/lospoliticosveracruz.com\/#\/schema\/person\/b8702bb0e538456e6efd07080bf2a4a2","name":"Lo viste en Los Pol\u00edticos","image":{"@type":"ImageObject","inLanguage":"es","@id":"https:\/\/secure.gravatar.com\/avatar\/3a8de04a2656d44082be478bd6c086daa447c4651605818287b9532d3d0bd435?s=96&d=mm&r=g","url":"https:\/\/secure.gravatar.com\/avatar\/3a8de04a2656d44082be478bd6c086daa447c4651605818287b9532d3d0bd435?s=96&d=mm&r=g","contentUrl":"https:\/\/secure.gravatar.com\/avatar\/3a8de04a2656d44082be478bd6c086daa447c4651605818287b9532d3d0bd435?s=96&d=mm&r=g","caption":"Lo viste en Los Pol\u00edticos"},"url":"https:\/\/lospoliticosveracruz.com\/?author=2"}]}},"_links":{"self":[{"href":"https:\/\/lospoliticosveracruz.com\/index.php?rest_route=\/wp\/v2\/posts\/52228","targetHints":{"allow":["GET"]}}],"collection":[{"href":"https:\/\/lospoliticosveracruz.com\/index.php?rest_route=\/wp\/v2\/posts"}],"about":[{"href":"https:\/\/lospoliticosveracruz.com\/index.php?rest_route=\/wp\/v2\/types\/post"}],"author":[{"embeddable":true,"href":"https:\/\/lospoliticosveracruz.com\/index.php?rest_route=\/wp\/v2\/users\/2"}],"replies":[{"embeddable":true,"href":"https:\/\/lospoliticosveracruz.com\/index.php?rest_route=%2Fwp%2Fv2%2Fcomments&post=52228"}],"version-history":[{"count":1,"href":"https:\/\/lospoliticosveracruz.com\/index.php?rest_route=\/wp\/v2\/posts\/52228\/revisions"}],"predecessor-version":[{"id":52230,"href":"https:\/\/lospoliticosveracruz.com\/index.php?rest_route=\/wp\/v2\/posts\/52228\/revisions\/52230"}],"wp:attachment":[{"href":"https:\/\/lospoliticosveracruz.com\/index.php?rest_route=%2Fwp%2Fv2%2Fmedia&parent=52228"}],"wp:term":[{"taxonomy":"category","embeddable":true,"href":"https:\/\/lospoliticosveracruz.com\/index.php?rest_route=%2Fwp%2Fv2%2Fcategories&post=52228"},{"taxonomy":"post_tag","embeddable":true,"href":"https:\/\/lospoliticosveracruz.com\/index.php?rest_route=%2Fwp%2Fv2%2Ftags&post=52228"}],"curies":[{"name":"wp","href":"https:\/\/api.w.org\/{rel}","templated":true}]}}