{"id":52249,"date":"2020-01-27T23:00:49","date_gmt":"2020-01-28T05:00:49","guid":{"rendered":"http:\/\/www.lospoliticosveracruz.com.mx\/?p=52249"},"modified":"2020-01-27T16:47:29","modified_gmt":"2020-01-27T22:47:29","slug":"los-bueyes-de-henri","status":"publish","type":"post","link":"https:\/\/lospoliticosveracruz.com\/?p=52249","title":{"rendered":"Los bueyes de Henri"},"content":{"rendered":"<p><strong>Salvador Mu\u00f1oz<\/strong><\/p>\n<p><em>Los Pol\u00edticos<\/em><\/p>\n<p><span style=\"font-weight: 400;\">\u00bfSe acuerdan que hace unos d\u00edas, el diputado de Morena Henri Christophe G\u00f3mez hablaba de acabar con las monarqu\u00edas y el nepotismo contempor\u00e1neo que hab\u00eda en las presidencias municipales?<\/span><\/p>\n<p><span style=\"font-weight: 400;\">\u00bfY se acuerdan que pretende que reformando las Leyes, se proh\u00edba a parientes de Gobernador y alcaldes en turno, competir en una contienda electoral?<\/span><\/p>\n<p><span style=\"font-weight: 400;\">Quiz\u00e1s tambi\u00e9n recuerden que se sugiri\u00f3 en esta columna que ello parec\u00eda m\u00e1s un atentado a los derechos del Ciudadano a ser votado\u2026<\/span><\/p>\n<p><span style=\"font-weight: 400;\">Incluso se le sugiri\u00f3 que antes de hacer esta propuesta, deb\u00eda empezar por el primo del Gobernador, Eleazar Guerrero, funcionario de Sefiplan, aunque cabe precisar que por ser un cargo que no es competencia del Gobernador, sino del titular de Finanzas, m\u00e1s que \u201cnepotismo moderno\u201d o \u201cnepotismo contempor\u00e1neo\u201d, parec\u00eda m\u00e1s influyentismo. \u00a1Y ojo! Porque se insiste que Eleazar Guerrero sue\u00f1a con ser candidato a la alcald\u00eda de Xalapa\u2026<\/span><\/p>\n<p><span style=\"font-weight: 400;\">Igual en esa columna, se cit\u00f3 el caso de los familiares de la compa\u00f1era del diputado G\u00f3mez, Rosalinda Galindo Silva, ubicados en diversas dependencias de Gobierno del Estado\u2026 s\u00ed, tampoco es \u201cnepotismo\u201d pero s\u00ed hay influyentismo\u2026<\/span><\/p>\n<p><span style=\"font-weight: 400;\">\u00a1Pues qu\u00e9 creen! Lectores dicen estar de acuerdo con nosotros y que si Henri Christophe quiere acabar con el \u201cnepotismo moderno\u201d o \u201cnepotismo contempor\u00e1neo\u201d, deber\u00eda de empezar \u00a1por \u00e9l mismo!<\/span><\/p>\n<p><span style=\"font-weight: 400;\">Los se\u00f1alamientos que hacen al diputado G\u00f3mez S\u00e1nchez, de ser ciertos, ser\u00edan para el moreno un tremendo \u201c\u00a1ca\u2019tel\u2019ocico!\u201d, o dicho en cristiano: \u201c\u00a1tremendo tapaboca!\u201d<\/span><\/p>\n<p><span style=\"font-weight: 400;\">Aseguran que Henri Christophe tiene en n\u00f3mina al se\u00f1or Jes\u00fas G\u00f3mez Becerril, que no tendr\u00eda nada extraordinario de no ser su T\u00edo. Indican que don Jes\u00fas es hermano de Urbano G\u00f3mez Becerril, a quien le endilgan la dirigencia de Antorcha Campesina en el municipio de San Rafael y a la vez, padre del legislador que pretende acabar con el \u201cNepotismo moderno\u201d, \u00a1ah! y adem\u00e1s, de origen panista.<\/span><\/p>\n<p><span style=\"font-weight: 400;\">S\u00f3lo para hacer memoria, don Urbano es a quien se se\u00f1ala de encabezar el desalojo en un predio ubicado en Mart\u00ednez de la Torre, cuando era regidor panista cuando era secretario de Gobierno Reynaldo Escobar P\u00e9rez.<\/span><\/p>\n<p><span style=\"font-weight: 400;\">De acuerdo a los lectores, Henri Christophe tiene como \u201cAsesor\u201d a su t\u00edo. En la p\u00e1gina de transparencia del Congreso local, en el apartado de Remuneraciones Bruta y Neta de todos los(as) servidores(as) p\u00fablicos(as) de Base y de Confianza del Poder Legislativo, aparece como \u201cAsistente Legislativo\u201d con un sueldo de 22 mil pesos mensuales.<\/span><\/p>\n<p><span style=\"font-weight: 400;\">Conste\u2026 hasta ac\u00e1, s\u00f3lo es el se\u00f1alamiento de los lectores que dan como un hecho que Jes\u00fas G\u00f3mez Becerril es hermano del ex regidor de Mart\u00ednez de la Torre, Urbano G\u00f3mez Becerril, padre del diputado, y por ende, t\u00edo de Henri Christophe G\u00f3mez.<\/span><\/p>\n<p><span style=\"font-weight: 400;\">Si esto es verdad, cierto, estar\u00edamos ya no s\u00f3lo conociendo la dimensi\u00f3n de las propuestas legislativas de Henri Christophe G\u00f3mez, sino el tama\u00f1o de su pol\u00edtica, donde pide que se haga la Ley en los bueyes del vecino, nom\u00e1s no le toquen al t\u00edo.<\/span><\/p>\n<p>&nbsp;<\/p>\n<p><span style=\"font-weight: 400;\">smcainito@gmail.com<\/span><\/p>\n<p>&nbsp;<\/p>\n","protected":false},"excerpt":{"rendered":"<p>Salvador Mu\u00f1oz Los Pol\u00edticos \u00bfSe acuerdan que hace unos d\u00edas, el diputado de Morena Henri Christophe G\u00f3mez hablaba de acabar con las monarqu\u00edas y el nepotismo contempor\u00e1neo que hab\u00eda en las presidencias municipales? \u00bfY se acuerdan que pretende que reformando las Leyes, se proh\u00edba a parientes de Gobernador y alcaldes en turno, competir en una [&hellip;]<\/p>\n","protected":false},"author":2,"featured_media":0,"comment_status":"open","ping_status":"open","sticky":false,"template":"","format":"standard","meta":{"tdm_status":"","tdm_grid_status":"","footnotes":""},"categories":[70],"tags":[13640,16257,16258,1026,14133,2646],"class_list":{"0":"post-52249","1":"post","2":"type-post","3":"status-publish","4":"format-standard","6":"category-de-opinion","7":"tag-eleazar-guerrero","8":"tag-henri-christophe-gomez","9":"tag-jesus-gomez-becerril","10":"tag-morena","11":"tag-nepotismo","12":"tag-salvador-munoz"},"yoast_head":"<!-- This site is optimized with the Yoast SEO plugin v27.4 - https:\/\/yoast.com\/product\/yoast-seo-wordpress\/ -->\n<title>Los bueyes de Henri - Los pol\u00edticos Veracruz<\/title>\n<meta name=\"robots\" content=\"index, follow, max-snippet:-1, max-image-preview:large, max-video-preview:-1\" \/>\n<link rel=\"canonical\" href=\"https:\/\/lospoliticosveracruz.com\/?p=52249\" \/>\n<meta property=\"og:locale\" content=\"es_ES\" \/>\n<meta property=\"og:type\" content=\"article\" \/>\n<meta property=\"og:title\" content=\"Los bueyes de Henri - Los pol\u00edticos Veracruz\" \/>\n<meta property=\"og:description\" content=\"Salvador Mu\u00f1oz Los Pol\u00edticos \u00bfSe acuerdan que hace unos d\u00edas, el diputado de Morena Henri Christophe G\u00f3mez hablaba de acabar con las monarqu\u00edas y el nepotismo contempor\u00e1neo que hab\u00eda en las presidencias municipales? \u00bfY se acuerdan que pretende que reformando las Leyes, se proh\u00edba a parientes de Gobernador y alcaldes en turno, competir en una [&hellip;]\" \/>\n<meta property=\"og:url\" content=\"https:\/\/lospoliticosveracruz.com\/?p=52249\" \/>\n<meta property=\"og:site_name\" content=\"Los pol\u00edticos Veracruz\" \/>\n<meta property=\"article:publisher\" content=\"https:\/\/www.facebook.com\/people\/Notimemes-de-los-Polticos\/61565672886568\/\" \/>\n<meta property=\"article:published_time\" content=\"2020-01-28T05:00:49+00:00\" \/>\n<meta property=\"og:image\" content=\"https:\/\/lospoliticosveracruz.com\/wp-content\/uploads\/2016\/07\/Logo-Dor.jpg\" \/>\n\t<meta property=\"og:image:width\" content=\"200\" \/>\n\t<meta property=\"og:image:height\" content=\"200\" \/>\n\t<meta property=\"og:image:type\" content=\"image\/jpeg\" \/>\n<meta name=\"author\" content=\"Lo viste en Los Pol\u00edticos\" \/>\n<meta name=\"twitter:card\" content=\"summary_large_image\" \/>\n<meta name=\"twitter:creator\" content=\"@LosPoliticosVer\" \/>\n<meta name=\"twitter:site\" content=\"@LosPoliticosVer\" \/>\n<meta name=\"twitter:label1\" content=\"Escrito por\" \/>\n\t<meta name=\"twitter:data1\" content=\"Lo viste en Los Pol\u00edticos\" \/>\n\t<meta name=\"twitter:label2\" content=\"Tiempo de lectura\" \/>\n\t<meta name=\"twitter:data2\" content=\"3 minutos\" \/>\n<script type=\"application\/ld+json\" class=\"yoast-schema-graph\">{\"@context\":\"https:\\\/\\\/schema.org\",\"@graph\":[{\"@type\":\"Article\",\"@id\":\"https:\\\/\\\/lospoliticosveracruz.com\\\/?p=52249#article\",\"isPartOf\":{\"@id\":\"https:\\\/\\\/lospoliticosveracruz.com\\\/?p=52249\"},\"author\":{\"name\":\"Lo viste en Los Pol\u00edticos\",\"@id\":\"https:\\\/\\\/lospoliticosveracruz.com\\\/#\\\/schema\\\/person\\\/b8702bb0e538456e6efd07080bf2a4a2\"},\"headline\":\"Los bueyes de Henri\",\"datePublished\":\"2020-01-28T05:00:49+00:00\",\"mainEntityOfPage\":{\"@id\":\"https:\\\/\\\/lospoliticosveracruz.com\\\/?p=52249\"},\"wordCount\":554,\"commentCount\":0,\"publisher\":{\"@id\":\"https:\\\/\\\/lospoliticosveracruz.com\\\/#organization\"},\"keywords\":[\"Eleazar Guerrero\",\"Henri Christophe G\u00f3mez\",\"Jes\u00fas G\u00f3mez Becerril\",\"Morena\",\"nepotismo\",\"Salvador Mu\u00f1oz\"],\"articleSection\":[\"De Opini\u00f3n\"],\"inLanguage\":\"es\",\"potentialAction\":[{\"@type\":\"CommentAction\",\"name\":\"Comment\",\"target\":[\"https:\\\/\\\/lospoliticosveracruz.com\\\/?p=52249#respond\"]}]},{\"@type\":\"WebPage\",\"@id\":\"https:\\\/\\\/lospoliticosveracruz.com\\\/?p=52249\",\"url\":\"https:\\\/\\\/lospoliticosveracruz.com\\\/?p=52249\",\"name\":\"Los bueyes de Henri - Los pol\u00edticos Veracruz\",\"isPartOf\":{\"@id\":\"https:\\\/\\\/lospoliticosveracruz.com\\\/#website\"},\"datePublished\":\"2020-01-28T05:00:49+00:00\",\"breadcrumb\":{\"@id\":\"https:\\\/\\\/lospoliticosveracruz.com\\\/?p=52249#breadcrumb\"},\"inLanguage\":\"es\",\"potentialAction\":[{\"@type\":\"ReadAction\",\"target\":[\"https:\\\/\\\/lospoliticosveracruz.com\\\/?p=52249\"]}]},{\"@type\":\"BreadcrumbList\",\"@id\":\"https:\\\/\\\/lospoliticosveracruz.com\\\/?p=52249#breadcrumb\",\"itemListElement\":[{\"@type\":\"ListItem\",\"position\":1,\"name\":\"Portada\",\"item\":\"https:\\\/\\\/lospoliticosveracruz.com\\\/\"},{\"@type\":\"ListItem\",\"position\":2,\"name\":\"Los bueyes de Henri\"}]},{\"@type\":\"WebSite\",\"@id\":\"https:\\\/\\\/lospoliticosveracruz.com\\\/#website\",\"url\":\"https:\\\/\\\/lospoliticosveracruz.com\\\/\",\"name\":\"Los pol\u00edticos Veracruz\",\"description\":\"\",\"publisher\":{\"@id\":\"https:\\\/\\\/lospoliticosveracruz.com\\\/#organization\"},\"potentialAction\":[{\"@type\":\"SearchAction\",\"target\":{\"@type\":\"EntryPoint\",\"urlTemplate\":\"https:\\\/\\\/lospoliticosveracruz.com\\\/?s={search_term_string}\"},\"query-input\":{\"@type\":\"PropertyValueSpecification\",\"valueRequired\":true,\"valueName\":\"search_term_string\"}}],\"inLanguage\":\"es\"},{\"@type\":\"Organization\",\"@id\":\"https:\\\/\\\/lospoliticosveracruz.com\\\/#organization\",\"name\":\"Los pol\u00edticos Veracruz\",\"url\":\"https:\\\/\\\/lospoliticosveracruz.com\\\/\",\"logo\":{\"@type\":\"ImageObject\",\"inLanguage\":\"es\",\"@id\":\"https:\\\/\\\/lospoliticosveracruz.com\\\/#\\\/schema\\\/logo\\\/image\\\/\",\"url\":\"https:\\\/\\\/lospoliticosveracruz.com\\\/wp-content\\\/uploads\\\/2025\\\/12\\\/Logo-Nuevo-LOS-POLITICOS-1.jpg\",\"contentUrl\":\"https:\\\/\\\/lospoliticosveracruz.com\\\/wp-content\\\/uploads\\\/2025\\\/12\\\/Logo-Nuevo-LOS-POLITICOS-1.jpg\",\"width\":260,\"height\":70,\"caption\":\"Los pol\u00edticos Veracruz\"},\"image\":{\"@id\":\"https:\\\/\\\/lospoliticosveracruz.com\\\/#\\\/schema\\\/logo\\\/image\\\/\"},\"sameAs\":[\"https:\\\/\\\/www.facebook.com\\\/people\\\/Notimemes-de-los-Polticos\\\/61565672886568\\\/\",\"https:\\\/\\\/x.com\\\/LosPoliticosVer\"]},{\"@type\":\"Person\",\"@id\":\"https:\\\/\\\/lospoliticosveracruz.com\\\/#\\\/schema\\\/person\\\/b8702bb0e538456e6efd07080bf2a4a2\",\"name\":\"Lo viste en Los Pol\u00edticos\",\"image\":{\"@type\":\"ImageObject\",\"inLanguage\":\"es\",\"@id\":\"https:\\\/\\\/secure.gravatar.com\\\/avatar\\\/3a8de04a2656d44082be478bd6c086daa447c4651605818287b9532d3d0bd435?s=96&d=mm&r=g\",\"url\":\"https:\\\/\\\/secure.gravatar.com\\\/avatar\\\/3a8de04a2656d44082be478bd6c086daa447c4651605818287b9532d3d0bd435?s=96&d=mm&r=g\",\"contentUrl\":\"https:\\\/\\\/secure.gravatar.com\\\/avatar\\\/3a8de04a2656d44082be478bd6c086daa447c4651605818287b9532d3d0bd435?s=96&d=mm&r=g\",\"caption\":\"Lo viste en Los Pol\u00edticos\"},\"url\":\"https:\\\/\\\/lospoliticosveracruz.com\\\/?author=2\"}]}<\/script>\n<!-- \/ Yoast SEO plugin. -->","yoast_head_json":{"title":"Los bueyes de Henri - Los pol\u00edticos Veracruz","robots":{"index":"index","follow":"follow","max-snippet":"max-snippet:-1","max-image-preview":"max-image-preview:large","max-video-preview":"max-video-preview:-1"},"canonical":"https:\/\/lospoliticosveracruz.com\/?p=52249","og_locale":"es_ES","og_type":"article","og_title":"Los bueyes de Henri - Los pol\u00edticos Veracruz","og_description":"Salvador Mu\u00f1oz Los Pol\u00edticos \u00bfSe acuerdan que hace unos d\u00edas, el diputado de Morena Henri Christophe G\u00f3mez hablaba de acabar con las monarqu\u00edas y el nepotismo contempor\u00e1neo que hab\u00eda en las presidencias municipales? \u00bfY se acuerdan que pretende que reformando las Leyes, se proh\u00edba a parientes de Gobernador y alcaldes en turno, competir en una [&hellip;]","og_url":"https:\/\/lospoliticosveracruz.com\/?p=52249","og_site_name":"Los pol\u00edticos Veracruz","article_publisher":"https:\/\/www.facebook.com\/people\/Notimemes-de-los-Polticos\/61565672886568\/","article_published_time":"2020-01-28T05:00:49+00:00","og_image":[{"width":200,"height":200,"url":"https:\/\/lospoliticosveracruz.com\/wp-content\/uploads\/2016\/07\/Logo-Dor.jpg","type":"image\/jpeg"}],"author":"Lo viste en Los Pol\u00edticos","twitter_card":"summary_large_image","twitter_creator":"@LosPoliticosVer","twitter_site":"@LosPoliticosVer","twitter_misc":{"Escrito por":"Lo viste en Los Pol\u00edticos","Tiempo de lectura":"3 minutos"},"schema":{"@context":"https:\/\/schema.org","@graph":[{"@type":"Article","@id":"https:\/\/lospoliticosveracruz.com\/?p=52249#article","isPartOf":{"@id":"https:\/\/lospoliticosveracruz.com\/?p=52249"},"author":{"name":"Lo viste en Los Pol\u00edticos","@id":"https:\/\/lospoliticosveracruz.com\/#\/schema\/person\/b8702bb0e538456e6efd07080bf2a4a2"},"headline":"Los bueyes de Henri","datePublished":"2020-01-28T05:00:49+00:00","mainEntityOfPage":{"@id":"https:\/\/lospoliticosveracruz.com\/?p=52249"},"wordCount":554,"commentCount":0,"publisher":{"@id":"https:\/\/lospoliticosveracruz.com\/#organization"},"keywords":["Eleazar Guerrero","Henri Christophe G\u00f3mez","Jes\u00fas G\u00f3mez Becerril","Morena","nepotismo","Salvador Mu\u00f1oz"],"articleSection":["De Opini\u00f3n"],"inLanguage":"es","potentialAction":[{"@type":"CommentAction","name":"Comment","target":["https:\/\/lospoliticosveracruz.com\/?p=52249#respond"]}]},{"@type":"WebPage","@id":"https:\/\/lospoliticosveracruz.com\/?p=52249","url":"https:\/\/lospoliticosveracruz.com\/?p=52249","name":"Los bueyes de Henri - Los pol\u00edticos Veracruz","isPartOf":{"@id":"https:\/\/lospoliticosveracruz.com\/#website"},"datePublished":"2020-01-28T05:00:49+00:00","breadcrumb":{"@id":"https:\/\/lospoliticosveracruz.com\/?p=52249#breadcrumb"},"inLanguage":"es","potentialAction":[{"@type":"ReadAction","target":["https:\/\/lospoliticosveracruz.com\/?p=52249"]}]},{"@type":"BreadcrumbList","@id":"https:\/\/lospoliticosveracruz.com\/?p=52249#breadcrumb","itemListElement":[{"@type":"ListItem","position":1,"name":"Portada","item":"https:\/\/lospoliticosveracruz.com\/"},{"@type":"ListItem","position":2,"name":"Los bueyes de Henri"}]},{"@type":"WebSite","@id":"https:\/\/lospoliticosveracruz.com\/#website","url":"https:\/\/lospoliticosveracruz.com\/","name":"Los pol\u00edticos Veracruz","description":"","publisher":{"@id":"https:\/\/lospoliticosveracruz.com\/#organization"},"potentialAction":[{"@type":"SearchAction","target":{"@type":"EntryPoint","urlTemplate":"https:\/\/lospoliticosveracruz.com\/?s={search_term_string}"},"query-input":{"@type":"PropertyValueSpecification","valueRequired":true,"valueName":"search_term_string"}}],"inLanguage":"es"},{"@type":"Organization","@id":"https:\/\/lospoliticosveracruz.com\/#organization","name":"Los pol\u00edticos Veracruz","url":"https:\/\/lospoliticosveracruz.com\/","logo":{"@type":"ImageObject","inLanguage":"es","@id":"https:\/\/lospoliticosveracruz.com\/#\/schema\/logo\/image\/","url":"https:\/\/lospoliticosveracruz.com\/wp-content\/uploads\/2025\/12\/Logo-Nuevo-LOS-POLITICOS-1.jpg","contentUrl":"https:\/\/lospoliticosveracruz.com\/wp-content\/uploads\/2025\/12\/Logo-Nuevo-LOS-POLITICOS-1.jpg","width":260,"height":70,"caption":"Los pol\u00edticos Veracruz"},"image":{"@id":"https:\/\/lospoliticosveracruz.com\/#\/schema\/logo\/image\/"},"sameAs":["https:\/\/www.facebook.com\/people\/Notimemes-de-los-Polticos\/61565672886568\/","https:\/\/x.com\/LosPoliticosVer"]},{"@type":"Person","@id":"https:\/\/lospoliticosveracruz.com\/#\/schema\/person\/b8702bb0e538456e6efd07080bf2a4a2","name":"Lo viste en Los Pol\u00edticos","image":{"@type":"ImageObject","inLanguage":"es","@id":"https:\/\/secure.gravatar.com\/avatar\/3a8de04a2656d44082be478bd6c086daa447c4651605818287b9532d3d0bd435?s=96&d=mm&r=g","url":"https:\/\/secure.gravatar.com\/avatar\/3a8de04a2656d44082be478bd6c086daa447c4651605818287b9532d3d0bd435?s=96&d=mm&r=g","contentUrl":"https:\/\/secure.gravatar.com\/avatar\/3a8de04a2656d44082be478bd6c086daa447c4651605818287b9532d3d0bd435?s=96&d=mm&r=g","caption":"Lo viste en Los Pol\u00edticos"},"url":"https:\/\/lospoliticosveracruz.com\/?author=2"}]}},"_links":{"self":[{"href":"https:\/\/lospoliticosveracruz.com\/index.php?rest_route=\/wp\/v2\/posts\/52249","targetHints":{"allow":["GET"]}}],"collection":[{"href":"https:\/\/lospoliticosveracruz.com\/index.php?rest_route=\/wp\/v2\/posts"}],"about":[{"href":"https:\/\/lospoliticosveracruz.com\/index.php?rest_route=\/wp\/v2\/types\/post"}],"author":[{"embeddable":true,"href":"https:\/\/lospoliticosveracruz.com\/index.php?rest_route=\/wp\/v2\/users\/2"}],"replies":[{"embeddable":true,"href":"https:\/\/lospoliticosveracruz.com\/index.php?rest_route=%2Fwp%2Fv2%2Fcomments&post=52249"}],"version-history":[{"count":1,"href":"https:\/\/lospoliticosveracruz.com\/index.php?rest_route=\/wp\/v2\/posts\/52249\/revisions"}],"predecessor-version":[{"id":52251,"href":"https:\/\/lospoliticosveracruz.com\/index.php?rest_route=\/wp\/v2\/posts\/52249\/revisions\/52251"}],"wp:attachment":[{"href":"https:\/\/lospoliticosveracruz.com\/index.php?rest_route=%2Fwp%2Fv2%2Fmedia&parent=52249"}],"wp:term":[{"taxonomy":"category","embeddable":true,"href":"https:\/\/lospoliticosveracruz.com\/index.php?rest_route=%2Fwp%2Fv2%2Fcategories&post=52249"},{"taxonomy":"post_tag","embeddable":true,"href":"https:\/\/lospoliticosveracruz.com\/index.php?rest_route=%2Fwp%2Fv2%2Ftags&post=52249"}],"curies":[{"name":"wp","href":"https:\/\/api.w.org\/{rel}","templated":true}]}}