{"id":52252,"date":"2020-01-27T17:49:06","date_gmt":"2020-01-27T23:49:06","guid":{"rendered":"http:\/\/www.lospoliticosveracruz.com.mx\/?p=52252"},"modified":"2020-01-27T17:49:06","modified_gmt":"2020-01-27T23:49:06","slug":"el-disco-rayado-del-cambio","status":"publish","type":"post","link":"https:\/\/lospoliticosveracruz.com\/?p=52252","title":{"rendered":"El disco rayado del cambio"},"content":{"rendered":"<p><strong>Jorge Arturo Rodr\u00edguez<\/strong><\/p>\n<p><em>Tierra de Babel<\/em><\/p>\n<p style=\"text-align: right;\"><em>\u201c\u00bfSabe cu\u00e1l es mi enfermedad? La utop\u00eda. \u00bfSabe cu\u00e1l es la suya? La rutina. La utop\u00eda es el porvenir que se esfuerza en nacer. La rutina es el pasado que se obstina en seguir\u201d. (V\u00edctor Hugo).<\/em><\/p>\n<p>En este mundo cruel y despiadado, casi al t\u00e9rmino del final -\u00bfes pleonasmo o perogrullada?-, por ah\u00ed andan diciendo que el fin del mundo se acerca -\u00bfen serio?- empujado, arrojado por la amenaza de la guerra nuclear y la crisis clim\u00e1tica y la sin raz\u00f3n humana -\u00bfcu\u00e1ndo la perdimos? El mencionado \u201cReloj del Apocalipsis\u201d, seg\u00fan informes de expertos del Bolet\u00edn de Cient\u00edficos At\u00f3micos, actualizados al 2019, nos encontramos a 100 segundos del abismo; afirman: \u201cAhora estamos expresando lo cerca que est\u00e1 el mundo de la cat\u00e1strofe en segundos, no en horas o en minutos. Es lo m\u00e1s cerca que hemos estado del fin. Encaramos ahora una verdadera emergencia, un estado de los asuntos globales realmente inaceptable que ha eliminado cualquier margen de error o retraso\u201d. Nos lleva la que nos trajo\u2026 \u00bfQui\u00e9n madres nos trajo? O m\u00e1s bien, \u00bfa d\u00f3nde carajos vamos? \u00bfC\u00f3mo saldremos de esta mierda que, lo queramos o no, estamos todos inmersos, porque pagan unos cuantos justos por un chingo de pecadores. \u00bfO al rev\u00e9s? Porque la culpa no la tiene el indio \u2013sin discriminar- si no quien lo hace compadre. En este valle de l\u00e1grimas todos somos si ya no hermanos, al menos compadres y comadres\u2026 en la lavander\u00eda cibern\u00e9tica, donde somos y no somos, donde estamos y no estamos.<br \/>\nImporta que \u201clo importante es la totalidad de la evidencia de m\u00faltiples conjuntos de datos independientes de que la Tierra se est\u00e1 calentando, que la actividad humana la est\u00e1 impulsando y los impactos se est\u00e1n sintiendo claramente.<br \/>\nEstos anuncios pueden sonar como un disco rayado, pero lo que se est\u00e1 escuchando es el tambor del Antropoceno\u201d. (G. Schmidt. Nasa\u2019s Goddard Institute for Space Studies. The Guardian, 15-01-20).<br \/>\nPero me he desviado tantito; as\u00ed andamos: atontados. Nos despertamos al amanecer de otra noche m\u00e1s. No es contradicci\u00f3n ni sentido figurado ni met\u00e1fora. \u00bfPor qu\u00e9 la noche cae y no se levanta? Otra vez el desvar\u00edo. \u00bfS\u00edntoma del andar vac\u00edo, o ando? Quiz\u00e1s es ya la coronavirus, o el miedo que nos meten pa\u2019 dejarnos inm\u00f3viles.<br \/>\nLo dijo el quinto nieto de Mahatma Gandhi, el pensador y activista Arun Gandhi: \u201cHemos encontrado que la forma m\u00e1s f\u00e1cil de controlar a la gente es a trav\u00e9s del miedo y entre m\u00e1s miedo puedas infundir en la gente, m\u00e1s control puedes tener. Hacemos esto con nuestros hijos, cada vez que los amenazamos con castigarlos si no se comportan, les estamos ense\u00f1ando que la gente debe ser controlada con el miedo. Miedo al castigo, miedo al poder\u201d.<br \/>\nLuego afirma: \u201cTenemos que enfocarnos m\u00e1s en la violencia pasiva porque se ha convertido en la gasolina que enciende la violencia f\u00edsica. Si queremos eliminar la violencia f\u00edsica tenemos que cortar ese combustible que viene de cada uno de nosotros, tenemos que ser el cambio\u201d. Y remata: \u201cMucha gente que se va a dormir con hambre porque no pueden costear la comida y esa es la peor forma de violencia pasiva, donde tenemos toda esa cantidad de comida pero no se la damos a nadie porque es todo sobre hacer dinero\u201d. (elpais.com, 03-12-19).<br \/>\nHay que moverse, bailar, no por aquello de que con dinero baila el perro, sino con la alegr\u00eda que todos llevamos dentro.<\/p>\n<p><strong>Los d\u00edas y los temas<\/strong><\/p>\n<p>Directo, preciso y claro, el diputado el presidente de la Junta de Coordinaci\u00f3n Pol\u00edtica de la LXV Legislatura, diputado Juan Javier G\u00f3mez Cazar\u00edn, el pasado 23 de enero, al asistir al s\u00e9ptimo de los Encuentros por la Igualdad y No Discriminaci\u00f3n-Hacia un C\u00f3digo Civil m\u00e1s incluyente, expres\u00f3: \u201cHacer buenas leyes es una responsabilidad enorme. A veces una sola palabra escrita en una ley puede afectar para bien o para mal la vida de much\u00edsimas personas. Por ello, es importante siempre legislar de forma cuidadosa. Es importante darnos el espacio y el tiempo para reflexionar al lado de la sociedad los beneficios de cualquier reforma. Prestar mucha atenci\u00f3n a las fuentes reales de las leyes, que son el sentir de la gente, sus opiniones, sus aportaciones\u2026 incluso sus advertencias\u201d.<br \/>\nAgreg\u00f3: \u201cCelebrar este encuentro es un ejercicio de reconocimiento a lo que la sociedad nos tiene que decir. Es atender a las expresiones de todas y todos, con respeto y tolerancia\u2026 con inclusi\u00f3n a las diversidades \u00e9tnicas\u2026con garant\u00eda a las libertades religiosas. Y m\u00e1s, trat\u00e1ndose de un tema tan sensible como el C\u00f3digo Civil\u201d. Ansina es.<br \/>\nPor cierto, en el Diccionario filos\u00f3fico, Voltaire escribe sobre \u201cLeyes civiles y eclesi\u00e1sticas\u201d: \u201cEntre los papeles de un jurisconsulto han sido halladas unas notas que acaso merezcan ser examinadas:<br \/>\n\u201cQue jam\u00e1s tenga vigencia ninguna ley eclesi\u00e1stica que no haya recibido sanci\u00f3n expresa del gobierno. Por este motivo nunca estallaron discordias religiosas en Grecia ni en Roma, discordias que son patrimonio de las naciones b\u00e1rbaras o que han degenerado en la barbarie.<br \/>\n\u201cQue \u00fanicamente el magistrado pueda permitir o prohibir el trabajo durante los d\u00edas de fiesta, porque a los sacerdotes no les incumbe prohibir a los hombres que cultiven sus campos.<br \/>\n\u201cQue todo cuanto concierna al matrimonio dependa exclusivamente del magistrado y los sacerdotes se limiten a la augusta funci\u00f3n de bendecirlo.<br \/>\n\u201cQue el pr\u00e9stamo a inter\u00e9s sea puramente objeto de la ley civil, porque \u00e9sta sola preside el comercio.<br \/>\n\u201cQue todos los eclesi\u00e1sticos est\u00e9n sometidos en cualquier caso al gobierno porque son s\u00fabditos del Estado.<br \/>\n\u201cQue jam\u00e1s se d\u00e9 el caso vergonzoso y rid\u00edculo de pagar a un sacerdote extranjero la primera anualidad de la renta de una tierra que los ciudadanos hayan otorgado a un sacerdote conciudadano.<br \/>\n\u201cQue ning\u00fan sacerdote pueda nunca privar a un ciudadano de la menor prerrogativa bajo pretexto de que es pecador, porque el sacerdote, que tambi\u00e9n lo es, debe rogar por los pecadores y no juzgarles.<br \/>\n\u201cQue los magistrados, los trabajadores y los sacerdotes, paguen igualmente las cargas estatales, porque todos pertenecen igualmente al Estado.<br \/>\n\u201cQue no exista m\u00e1s que un peso, una medida y un derecho consuetudinario.<br \/>\n\u201cQue los suplicios de los criminales sean \u00fatiles. Un hombre ahorcado no sirve para nada; en cambio, un hombre condenado a trabajos p\u00fablicos es todav\u00eda \u00fatil a la patria y ofrece una lecci\u00f3n viva.<br \/>\n\u201cQue todas las leyes sean claras, uniformes y precisas; interpretarlas equivale casi siempre a corromperlas.<br \/>\n\u201cQue nada sea considerado infame, a no ser el vicio.<br \/>\n\u201cQue los impuestos sean siempre proporcionales.<br \/>\n\u201cQue la ley jam\u00e1s est\u00e9 en contradicci\u00f3n con la costumbre, pues si la costumbre es buena la ley no sirve para nada\u201d.<br \/>\nBueno, a pensar y examinar y\u2026<\/p>\n<p><strong>De cinismo y anexas<\/strong><\/p>\n<p>No recuerdo donde le\u00ed: \u201cVivimos en un mundo donde vibra m\u00e1s un tel\u00e9fono que un coraz\u00f3n, y as\u00ed nos va\u201d.<br \/>\nAh\u00ed se ven.<\/p>\n","protected":false},"excerpt":{"rendered":"<p>Jorge Arturo Rodr\u00edguez Tierra de Babel \u201c\u00bfSabe cu\u00e1l es mi enfermedad? La utop\u00eda. \u00bfSabe cu\u00e1l es la suya? La rutina. La utop\u00eda es el porvenir que se esfuerza en nacer. La rutina es el pasado que se obstina en seguir\u201d. (V\u00edctor Hugo). En este mundo cruel y despiadado, casi al t\u00e9rmino del final -\u00bfes pleonasmo [&hellip;]<\/p>\n","protected":false},"author":2,"featured_media":0,"comment_status":"open","ping_status":"open","sticky":false,"template":"","format":"standard","meta":{"tdm_status":"","tdm_grid_status":"","footnotes":""},"categories":[70],"tags":[271,16264,16261,16267,16260,12695,16265,16262],"class_list":{"0":"post-52252","1":"post","2":"type-post","3":"status-publish","4":"format-standard","6":"category-de-opinion","7":"tag-codigo-civil","8":"tag-coronavirus","9":"tag-crisis-climatica","10":"tag-encuentros-por-la-igualdad-y-no-discriminacion","11":"tag-guerra-nuclear","12":"tag-juan-javier-gomez-cazarin","13":"tag-mahatma-gandhi","14":"tag-reloj-del-apocalipsis"},"yoast_head":"<!-- This site is optimized with the Yoast SEO plugin v27.4 - https:\/\/yoast.com\/product\/yoast-seo-wordpress\/ -->\n<title>El disco rayado del cambio - Los pol\u00edticos Veracruz<\/title>\n<meta name=\"robots\" content=\"index, follow, max-snippet:-1, max-image-preview:large, max-video-preview:-1\" \/>\n<link rel=\"canonical\" href=\"https:\/\/lospoliticosveracruz.com\/?p=52252\" \/>\n<meta property=\"og:locale\" content=\"es_ES\" \/>\n<meta property=\"og:type\" content=\"article\" \/>\n<meta property=\"og:title\" content=\"El disco rayado del cambio - Los pol\u00edticos Veracruz\" \/>\n<meta property=\"og:description\" content=\"Jorge Arturo Rodr\u00edguez Tierra de Babel \u201c\u00bfSabe cu\u00e1l es mi enfermedad? La utop\u00eda. \u00bfSabe cu\u00e1l es la suya? La rutina. La utop\u00eda es el porvenir que se esfuerza en nacer. La rutina es el pasado que se obstina en seguir\u201d. (V\u00edctor Hugo). En este mundo cruel y despiadado, casi al t\u00e9rmino del final -\u00bfes pleonasmo [&hellip;]\" \/>\n<meta property=\"og:url\" content=\"https:\/\/lospoliticosveracruz.com\/?p=52252\" \/>\n<meta property=\"og:site_name\" content=\"Los pol\u00edticos Veracruz\" \/>\n<meta property=\"article:publisher\" content=\"https:\/\/www.facebook.com\/people\/Notimemes-de-los-Polticos\/61565672886568\/\" \/>\n<meta property=\"article:published_time\" content=\"2020-01-27T23:49:06+00:00\" \/>\n<meta property=\"og:image\" content=\"https:\/\/lospoliticosveracruz.com\/wp-content\/uploads\/2016\/07\/Logo-Dor.jpg\" \/>\n\t<meta property=\"og:image:width\" content=\"200\" \/>\n\t<meta property=\"og:image:height\" content=\"200\" \/>\n\t<meta property=\"og:image:type\" content=\"image\/jpeg\" \/>\n<meta name=\"author\" content=\"Lo viste en Los Pol\u00edticos\" \/>\n<meta name=\"twitter:card\" content=\"summary_large_image\" \/>\n<meta name=\"twitter:creator\" content=\"@LosPoliticosVer\" \/>\n<meta name=\"twitter:site\" content=\"@LosPoliticosVer\" \/>\n<meta name=\"twitter:label1\" content=\"Escrito por\" \/>\n\t<meta name=\"twitter:data1\" content=\"Lo viste en Los Pol\u00edticos\" \/>\n\t<meta name=\"twitter:label2\" content=\"Tiempo de lectura\" \/>\n\t<meta name=\"twitter:data2\" content=\"6 minutos\" \/>\n<script type=\"application\/ld+json\" class=\"yoast-schema-graph\">{\"@context\":\"https:\\\/\\\/schema.org\",\"@graph\":[{\"@type\":\"Article\",\"@id\":\"https:\\\/\\\/lospoliticosveracruz.com\\\/?p=52252#article\",\"isPartOf\":{\"@id\":\"https:\\\/\\\/lospoliticosveracruz.com\\\/?p=52252\"},\"author\":{\"name\":\"Lo viste en Los Pol\u00edticos\",\"@id\":\"https:\\\/\\\/lospoliticosveracruz.com\\\/#\\\/schema\\\/person\\\/b8702bb0e538456e6efd07080bf2a4a2\"},\"headline\":\"El disco rayado del cambio\",\"datePublished\":\"2020-01-27T23:49:06+00:00\",\"mainEntityOfPage\":{\"@id\":\"https:\\\/\\\/lospoliticosveracruz.com\\\/?p=52252\"},\"wordCount\":1235,\"commentCount\":0,\"publisher\":{\"@id\":\"https:\\\/\\\/lospoliticosveracruz.com\\\/#organization\"},\"keywords\":[\"C\u00f3digo Civil\",\"coronavirus\",\"crisis clim\u00e1tica\",\"Encuentros por la Igualdad y No Discriminaci\u00f3n\",\"guerra nuclear\",\"Juan Javier G\u00f3mez Cazar\u00edn\",\"Mahatma Gandhi\",\"Reloj del Apocalipsis\"],\"articleSection\":[\"De Opini\u00f3n\"],\"inLanguage\":\"es\",\"potentialAction\":[{\"@type\":\"CommentAction\",\"name\":\"Comment\",\"target\":[\"https:\\\/\\\/lospoliticosveracruz.com\\\/?p=52252#respond\"]}]},{\"@type\":\"WebPage\",\"@id\":\"https:\\\/\\\/lospoliticosveracruz.com\\\/?p=52252\",\"url\":\"https:\\\/\\\/lospoliticosveracruz.com\\\/?p=52252\",\"name\":\"El disco rayado del cambio - Los pol\u00edticos Veracruz\",\"isPartOf\":{\"@id\":\"https:\\\/\\\/lospoliticosveracruz.com\\\/#website\"},\"datePublished\":\"2020-01-27T23:49:06+00:00\",\"breadcrumb\":{\"@id\":\"https:\\\/\\\/lospoliticosveracruz.com\\\/?p=52252#breadcrumb\"},\"inLanguage\":\"es\",\"potentialAction\":[{\"@type\":\"ReadAction\",\"target\":[\"https:\\\/\\\/lospoliticosveracruz.com\\\/?p=52252\"]}]},{\"@type\":\"BreadcrumbList\",\"@id\":\"https:\\\/\\\/lospoliticosveracruz.com\\\/?p=52252#breadcrumb\",\"itemListElement\":[{\"@type\":\"ListItem\",\"position\":1,\"name\":\"Portada\",\"item\":\"https:\\\/\\\/lospoliticosveracruz.com\\\/\"},{\"@type\":\"ListItem\",\"position\":2,\"name\":\"El disco rayado del cambio\"}]},{\"@type\":\"WebSite\",\"@id\":\"https:\\\/\\\/lospoliticosveracruz.com\\\/#website\",\"url\":\"https:\\\/\\\/lospoliticosveracruz.com\\\/\",\"name\":\"Los pol\u00edticos Veracruz\",\"description\":\"\",\"publisher\":{\"@id\":\"https:\\\/\\\/lospoliticosveracruz.com\\\/#organization\"},\"potentialAction\":[{\"@type\":\"SearchAction\",\"target\":{\"@type\":\"EntryPoint\",\"urlTemplate\":\"https:\\\/\\\/lospoliticosveracruz.com\\\/?s={search_term_string}\"},\"query-input\":{\"@type\":\"PropertyValueSpecification\",\"valueRequired\":true,\"valueName\":\"search_term_string\"}}],\"inLanguage\":\"es\"},{\"@type\":\"Organization\",\"@id\":\"https:\\\/\\\/lospoliticosveracruz.com\\\/#organization\",\"name\":\"Los pol\u00edticos Veracruz\",\"url\":\"https:\\\/\\\/lospoliticosveracruz.com\\\/\",\"logo\":{\"@type\":\"ImageObject\",\"inLanguage\":\"es\",\"@id\":\"https:\\\/\\\/lospoliticosveracruz.com\\\/#\\\/schema\\\/logo\\\/image\\\/\",\"url\":\"https:\\\/\\\/lospoliticosveracruz.com\\\/wp-content\\\/uploads\\\/2025\\\/12\\\/Logo-Nuevo-LOS-POLITICOS-1.jpg\",\"contentUrl\":\"https:\\\/\\\/lospoliticosveracruz.com\\\/wp-content\\\/uploads\\\/2025\\\/12\\\/Logo-Nuevo-LOS-POLITICOS-1.jpg\",\"width\":260,\"height\":70,\"caption\":\"Los pol\u00edticos Veracruz\"},\"image\":{\"@id\":\"https:\\\/\\\/lospoliticosveracruz.com\\\/#\\\/schema\\\/logo\\\/image\\\/\"},\"sameAs\":[\"https:\\\/\\\/www.facebook.com\\\/people\\\/Notimemes-de-los-Polticos\\\/61565672886568\\\/\",\"https:\\\/\\\/x.com\\\/LosPoliticosVer\"]},{\"@type\":\"Person\",\"@id\":\"https:\\\/\\\/lospoliticosveracruz.com\\\/#\\\/schema\\\/person\\\/b8702bb0e538456e6efd07080bf2a4a2\",\"name\":\"Lo viste en Los Pol\u00edticos\",\"image\":{\"@type\":\"ImageObject\",\"inLanguage\":\"es\",\"@id\":\"https:\\\/\\\/secure.gravatar.com\\\/avatar\\\/3a8de04a2656d44082be478bd6c086daa447c4651605818287b9532d3d0bd435?s=96&d=mm&r=g\",\"url\":\"https:\\\/\\\/secure.gravatar.com\\\/avatar\\\/3a8de04a2656d44082be478bd6c086daa447c4651605818287b9532d3d0bd435?s=96&d=mm&r=g\",\"contentUrl\":\"https:\\\/\\\/secure.gravatar.com\\\/avatar\\\/3a8de04a2656d44082be478bd6c086daa447c4651605818287b9532d3d0bd435?s=96&d=mm&r=g\",\"caption\":\"Lo viste en Los Pol\u00edticos\"},\"url\":\"https:\\\/\\\/lospoliticosveracruz.com\\\/?author=2\"}]}<\/script>\n<!-- \/ Yoast SEO plugin. -->","yoast_head_json":{"title":"El disco rayado del cambio - Los pol\u00edticos Veracruz","robots":{"index":"index","follow":"follow","max-snippet":"max-snippet:-1","max-image-preview":"max-image-preview:large","max-video-preview":"max-video-preview:-1"},"canonical":"https:\/\/lospoliticosveracruz.com\/?p=52252","og_locale":"es_ES","og_type":"article","og_title":"El disco rayado del cambio - Los pol\u00edticos Veracruz","og_description":"Jorge Arturo Rodr\u00edguez Tierra de Babel \u201c\u00bfSabe cu\u00e1l es mi enfermedad? La utop\u00eda. \u00bfSabe cu\u00e1l es la suya? La rutina. La utop\u00eda es el porvenir que se esfuerza en nacer. La rutina es el pasado que se obstina en seguir\u201d. (V\u00edctor Hugo). En este mundo cruel y despiadado, casi al t\u00e9rmino del final -\u00bfes pleonasmo [&hellip;]","og_url":"https:\/\/lospoliticosveracruz.com\/?p=52252","og_site_name":"Los pol\u00edticos Veracruz","article_publisher":"https:\/\/www.facebook.com\/people\/Notimemes-de-los-Polticos\/61565672886568\/","article_published_time":"2020-01-27T23:49:06+00:00","og_image":[{"width":200,"height":200,"url":"https:\/\/lospoliticosveracruz.com\/wp-content\/uploads\/2016\/07\/Logo-Dor.jpg","type":"image\/jpeg"}],"author":"Lo viste en Los Pol\u00edticos","twitter_card":"summary_large_image","twitter_creator":"@LosPoliticosVer","twitter_site":"@LosPoliticosVer","twitter_misc":{"Escrito por":"Lo viste en Los Pol\u00edticos","Tiempo de lectura":"6 minutos"},"schema":{"@context":"https:\/\/schema.org","@graph":[{"@type":"Article","@id":"https:\/\/lospoliticosveracruz.com\/?p=52252#article","isPartOf":{"@id":"https:\/\/lospoliticosveracruz.com\/?p=52252"},"author":{"name":"Lo viste en Los Pol\u00edticos","@id":"https:\/\/lospoliticosveracruz.com\/#\/schema\/person\/b8702bb0e538456e6efd07080bf2a4a2"},"headline":"El disco rayado del cambio","datePublished":"2020-01-27T23:49:06+00:00","mainEntityOfPage":{"@id":"https:\/\/lospoliticosveracruz.com\/?p=52252"},"wordCount":1235,"commentCount":0,"publisher":{"@id":"https:\/\/lospoliticosveracruz.com\/#organization"},"keywords":["C\u00f3digo Civil","coronavirus","crisis clim\u00e1tica","Encuentros por la Igualdad y No Discriminaci\u00f3n","guerra nuclear","Juan Javier G\u00f3mez Cazar\u00edn","Mahatma Gandhi","Reloj del Apocalipsis"],"articleSection":["De Opini\u00f3n"],"inLanguage":"es","potentialAction":[{"@type":"CommentAction","name":"Comment","target":["https:\/\/lospoliticosveracruz.com\/?p=52252#respond"]}]},{"@type":"WebPage","@id":"https:\/\/lospoliticosveracruz.com\/?p=52252","url":"https:\/\/lospoliticosveracruz.com\/?p=52252","name":"El disco rayado del cambio - Los pol\u00edticos Veracruz","isPartOf":{"@id":"https:\/\/lospoliticosveracruz.com\/#website"},"datePublished":"2020-01-27T23:49:06+00:00","breadcrumb":{"@id":"https:\/\/lospoliticosveracruz.com\/?p=52252#breadcrumb"},"inLanguage":"es","potentialAction":[{"@type":"ReadAction","target":["https:\/\/lospoliticosveracruz.com\/?p=52252"]}]},{"@type":"BreadcrumbList","@id":"https:\/\/lospoliticosveracruz.com\/?p=52252#breadcrumb","itemListElement":[{"@type":"ListItem","position":1,"name":"Portada","item":"https:\/\/lospoliticosveracruz.com\/"},{"@type":"ListItem","position":2,"name":"El disco rayado del cambio"}]},{"@type":"WebSite","@id":"https:\/\/lospoliticosveracruz.com\/#website","url":"https:\/\/lospoliticosveracruz.com\/","name":"Los pol\u00edticos Veracruz","description":"","publisher":{"@id":"https:\/\/lospoliticosveracruz.com\/#organization"},"potentialAction":[{"@type":"SearchAction","target":{"@type":"EntryPoint","urlTemplate":"https:\/\/lospoliticosveracruz.com\/?s={search_term_string}"},"query-input":{"@type":"PropertyValueSpecification","valueRequired":true,"valueName":"search_term_string"}}],"inLanguage":"es"},{"@type":"Organization","@id":"https:\/\/lospoliticosveracruz.com\/#organization","name":"Los pol\u00edticos Veracruz","url":"https:\/\/lospoliticosveracruz.com\/","logo":{"@type":"ImageObject","inLanguage":"es","@id":"https:\/\/lospoliticosveracruz.com\/#\/schema\/logo\/image\/","url":"https:\/\/lospoliticosveracruz.com\/wp-content\/uploads\/2025\/12\/Logo-Nuevo-LOS-POLITICOS-1.jpg","contentUrl":"https:\/\/lospoliticosveracruz.com\/wp-content\/uploads\/2025\/12\/Logo-Nuevo-LOS-POLITICOS-1.jpg","width":260,"height":70,"caption":"Los pol\u00edticos Veracruz"},"image":{"@id":"https:\/\/lospoliticosveracruz.com\/#\/schema\/logo\/image\/"},"sameAs":["https:\/\/www.facebook.com\/people\/Notimemes-de-los-Polticos\/61565672886568\/","https:\/\/x.com\/LosPoliticosVer"]},{"@type":"Person","@id":"https:\/\/lospoliticosveracruz.com\/#\/schema\/person\/b8702bb0e538456e6efd07080bf2a4a2","name":"Lo viste en Los Pol\u00edticos","image":{"@type":"ImageObject","inLanguage":"es","@id":"https:\/\/secure.gravatar.com\/avatar\/3a8de04a2656d44082be478bd6c086daa447c4651605818287b9532d3d0bd435?s=96&d=mm&r=g","url":"https:\/\/secure.gravatar.com\/avatar\/3a8de04a2656d44082be478bd6c086daa447c4651605818287b9532d3d0bd435?s=96&d=mm&r=g","contentUrl":"https:\/\/secure.gravatar.com\/avatar\/3a8de04a2656d44082be478bd6c086daa447c4651605818287b9532d3d0bd435?s=96&d=mm&r=g","caption":"Lo viste en Los Pol\u00edticos"},"url":"https:\/\/lospoliticosveracruz.com\/?author=2"}]}},"_links":{"self":[{"href":"https:\/\/lospoliticosveracruz.com\/index.php?rest_route=\/wp\/v2\/posts\/52252","targetHints":{"allow":["GET"]}}],"collection":[{"href":"https:\/\/lospoliticosveracruz.com\/index.php?rest_route=\/wp\/v2\/posts"}],"about":[{"href":"https:\/\/lospoliticosveracruz.com\/index.php?rest_route=\/wp\/v2\/types\/post"}],"author":[{"embeddable":true,"href":"https:\/\/lospoliticosveracruz.com\/index.php?rest_route=\/wp\/v2\/users\/2"}],"replies":[{"embeddable":true,"href":"https:\/\/lospoliticosveracruz.com\/index.php?rest_route=%2Fwp%2Fv2%2Fcomments&post=52252"}],"version-history":[{"count":1,"href":"https:\/\/lospoliticosveracruz.com\/index.php?rest_route=\/wp\/v2\/posts\/52252\/revisions"}],"predecessor-version":[{"id":52256,"href":"https:\/\/lospoliticosveracruz.com\/index.php?rest_route=\/wp\/v2\/posts\/52252\/revisions\/52256"}],"wp:attachment":[{"href":"https:\/\/lospoliticosveracruz.com\/index.php?rest_route=%2Fwp%2Fv2%2Fmedia&parent=52252"}],"wp:term":[{"taxonomy":"category","embeddable":true,"href":"https:\/\/lospoliticosveracruz.com\/index.php?rest_route=%2Fwp%2Fv2%2Fcategories&post=52252"},{"taxonomy":"post_tag","embeddable":true,"href":"https:\/\/lospoliticosveracruz.com\/index.php?rest_route=%2Fwp%2Fv2%2Ftags&post=52252"}],"curies":[{"name":"wp","href":"https:\/\/api.w.org\/{rel}","templated":true}]}}