{"id":52309,"date":"2020-01-30T08:30:26","date_gmt":"2020-01-30T14:30:26","guid":{"rendered":"http:\/\/www.lospoliticosveracruz.com.mx\/?p=52309"},"modified":"2020-01-30T08:30:26","modified_gmt":"2020-01-30T14:30:26","slug":"cuic-mas-cercano-a-hipolito-y-moreira-que-a-fidel-y-mayl","status":"publish","type":"post","link":"https:\/\/lospoliticosveracruz.com\/?p=52309","title":{"rendered":"Cuic, m\u00e1s cercano a Hip\u00f3lito y Moreira, que a Fidel y MAYL"},"content":{"rendered":"<p><strong>Ricardo Ch\u00faa<\/strong><\/p>\n<p><em>Sale y Vale<\/em><\/p>\n<p>OJO&#8230; S\u00f3lo esperamos que en Veracruz, Cuitl\u00e1huac Garc\u00eda, no salga \u00abemulo\u00bb del ex gobernador priista de Coahuila, Humberto Moreira&#8230; Y empiece su gobierno a demandar por \u00abda\u00f1o moral\u00bb a todo aquel que lo critica (Iglesia, iniciativa privada, sociedad y periodistas) por su forma de dirigir su administraci\u00f3n&#8230; Y ojal\u00e1 s\u00f3lo lo \u00abe-mule\u00bb en el gusto que tiene el coahuilense por el caf\u00e9 del Primo Marce, Angel o To\u00f1o cada que viene al puerto de visita&#8230; No ser\u00eda saludable para \u00e9l, su gobierno, ni MORENA, menos para su jefe, Andr\u00e9s Manuel L\u00f3pez Obrador&#8230;<\/p>\n<p>Sobre todo el que un gobernador del partido del Presidente, tenga las mismas pr\u00e1cticas de los pol\u00edticos \u00abneoliberales\u00bb&#8230; Cual imagen p\u00fablica internacional dar\u00eda de un gobierno que coopta la libertad de expresi\u00f3n&#8230; Pero hey, atentos, no \u00absuden aun calenturas ajenas\u00bb&#8230; Es s\u00f3lo por si se les ocurre llegarlo a pensar&#8230; En Veracruz ser\u00eda catastr\u00f3fico tener un Sergio Aguayo o persecuci\u00f3n de m\u00e1s periodistas&#8230; El gobierno perder\u00eda la legitimidad ganada en 2018&#8230; AMEN<\/p>\n<p>EL SUBEJERCICIO&#8230; Ojal\u00e1 en el mes de marzo, no salga el gobernador, Cuit\u00e1huac Garc\u00eda, de que esos 4 MIL MILLONES DE PESOS que no ha ejercido su gobierno en el presupuesto de 2019 se regresan al gobierno federal de L\u00f3pez Obrador, simplemente y sencillamente porque no se gast\u00f3&#8230; Y con la sospecha, que lo hace deliberadamente, para que AMLO tenga dinero suficiente para su proyecto del Tren Maya o la Refiner\u00eda de \u00abDos Bocas\u00bb&#8230;. Ser\u00eda la peor decisi\u00f3n de Cuitl\u00e1huac&#8230; Pero bueno sabemos que no se manda solo&#8230;<\/p>\n<p>Veraruz est\u00e1 inmerso en su peor crisis econ\u00f3mica, social y pol\u00edtica de la cual se tenga historia&#8230; Ni en los peores tiempos del priismo estuvo de esta manera&#8230; Ese dinero por lo menos lo pueden ocupar para comprar medicamentos, pagar a maestros, deudas a empresarios, remodelar carreteras u hospitales&#8230; Y si acusaran al Gobernador de haber desviado partidas, seguro el pueblo le dar\u00eda todo el respaldo porque se sabr\u00eda que lo hizo de manera noble para ayudar al veracruzano necesitado&#8230;<\/p>\n<p>Pero ahora que el mundo le ha cambiado a Cuitl\u00e1huac&#8230; Que se sabe due\u00f1o, hasta donde llega MORENA, de Veracruz&#8230; Su postura es s\u00f3lo hacer y deshacer lo que le diga el gobierno federal&#8230; Lejos qued\u00f3 aquel joven amable, dicharachero, sonriente y feliz&#8230; Pareciera que ser Gobernador es una \u00ablosa\u00bb y se le nota cada d\u00eda m\u00e1s&#8230; Como si quisiera mandar todo al carajo y ser el Cuitl\u00e1huac de siempre&#8230; \u00abEl Cuit\u00bb como le llaman, los que verdaderamente lo estiman.. Al parecer eso tambi\u00e9n lo perdi\u00f3 como el subejercicio de gobierno&#8230;<\/p>\n<p>El jueves pasado en la cena de \u00abEl Vadiro&#8217;s\u00bb a Cuitl\u00e1huac le qued\u00f3 claro&#8230; Y esa sonrisa se perdi\u00f3 por completo&#8230; Se le nota enojado, molesto, retador por las decisiones que toma&#8230; No deja contento ni a los suyos y eso es grave&#8230; No aplica la \u00abfideli\u00f1a\u00bb o impone miedo como Yunes&#8230; Simplemente ya la sociedad tiene la opini\u00f3n de \u00e9l que si no puede arreglar a su gobierno por si solo, entonces, que otros lo hagan&#8230; Y que en Veracruz no pasar\u00e1 nada hasta el 2021.. Aunque todos le digan: \u00abCuitl\u00e1huac, el que no ha encontrado la br\u00fajula\u00bb&#8230; AS\u00cd SEA&#8230;<\/p>\n<p>DESPU\u00c9S DEL RESPALDO&#8230; Ver\u00f3nica Hern\u00e1ndez, la Fiscal respalda por Cuitl\u00e1huac, tendr\u00e1 que dar r\u00e1pida respuesta con el tema del crimen contra Narciso Elvira y su hijo, suceso ocurrido el martes por la tarde en Paso del Toro&#8230; A pesar de que la violencia de nuevo en Veracruz se desat\u00f3 esta semana, primero con los cr\u00edmenes en el sur, el secuestro de Jaime Crivelli y ahora el asesinato de ex beisbolista de Grandes Ligas en EU&#8230; Es su propia imagen como titular encargada de la FGE la que est\u00e1 en \u00abjuego\u00bb&#8230;<\/p>\n<p>Y que no se equivoque Hern\u00e1ndez Giadans&#8230; No est\u00e1 en juego en los medios locales o nacionales que se supone no le interesan, pero que se enoja y molesta&#8230; Esta en \u00abjuego\u00bb su propia imagen con la prensa internacional y con ligas profesionales del beisbol mundial&#8230; \u00abEl Chicho\u00bb Elvira no era un beisbolista cualquiera&#8230; Era un deportista reconocido a nivel mundial&#8230; As\u00ed que de nuevo su figura est\u00e1 bajo esa presi\u00f3n&#8230; Y aunque no es culpa de ella, ahora es la responsable respaldada por el Gobernador&#8230; Con eso de que la FGE es \u00abaut\u00f3noma\u00bb&#8230;<\/p>\n<p>La Fiscal sabe y bien que hace unos d\u00edas la tra\u00edan de encargo por el tema de su prima hermana \u00abLa Jefa\u00bb y es un asunto que no ha quedado en el olvido&#8230; Cada hecho como Crivelli y los Elvira, le son recordados&#8230; Y SE ESPECULA del tema&#8230; As\u00ed que por el bien de su figura p\u00fablica, de su labor profesional y pa no dejar m\u00e1s mal parado a Cuitl\u00e1huac, tiene que dar resultados pronto&#8230; Sino ahora todo \u00abSer\u00e1 culpa de Cuitl\u00e1huac\u00bb por haberla dejado ah\u00ed o de ella por no haber dimito como le aconsejo la senadora de MORENA, Gloria S\u00e1nchez&#8230; AMEN&#8230;<\/p>\n<p>NORA LAGUNES, \u00bfVETADA?&#8230; La que al parecer trae el \u00absanto de espaldas\u00bb es la diputada local por Huatusco, Nora Lagunes J\u00e1uregui&#8230; Ya que esta legisadora que al principio lleg\u00f3 por el PAN, apoyada por los Yunes azules- Pepe Mancha&#8230; Le dio el \u00absindrome Omar Miranda\u00bb y se fue a buscar desde el 2019 \u00abrefugio\u00bb en Palacio de Gobierno para operar como parte del grupo del PAN pero siguiendo los lineamientos de MORENA&#8230; Por eso se le llama la \u00abDiputada del MORAN\u00bb&#8230;.<\/p>\n<p>El caso es que quisieron medir su \u00abpulso y fuerza\u00bb ante los Morenos&#8230; Y no falt\u00f3 alguien cercano a Cuitl\u00e1huac Garc\u00eda, que fue hablar \u00abmuy bien\u00bb de ella a Palacio Nacional para ver la posibilidad de postularla como candidata a diputada federal en 2021 por el distrito de Huatusco&#8230; Para sorpresa de Lagunes, al personaje le mandaron a decir que no&#8230; Que el propio Andr\u00e9s Manuel la vet\u00f3 y que del distrito de Huatusco se encargar\u00eda directamente \u00e9l&#8230; ZUCUTUM&#8230; Cay\u00f3 el primero&#8230;<\/p>\n<p>Ojal\u00e1 esta no sea una mala nueva para la diputada.. Ya que de ser as\u00ed, la oriunda de Comapa, no podr\u00eda siquiera buscar gobernar su pueblo en 2021&#8230; Para ser postulada como candidata a la alcald\u00eda&#8230; Capaz que a Cuitl\u00e1huac, fiel seguidor de los lineamientos que manda Andr\u00e9s Manuel, se le de tambi\u00e9n eso de \u00abvetar\u00bb a pol\u00edticos que veta el Presidente&#8230; Ya se ver\u00e1&#8230; Por lo pronto, ese rumor corre y bastante por los pasillos del Congreso Local&#8230; Recuerden que en Veracruz no se sabe, s\u00f3lo lo que no ha ocurrido&#8230; TAN, TAN&#8230;.<\/p>\n","protected":false},"excerpt":{"rendered":"<p>Ricardo Ch\u00faa Sale y Vale OJO&#8230; S\u00f3lo esperamos que en Veracruz, Cuitl\u00e1huac Garc\u00eda, no salga \u00abemulo\u00bb del ex gobernador priista de Coahuila, Humberto Moreira&#8230; Y empiece su gobierno a demandar por \u00abda\u00f1o moral\u00bb a todo aquel que lo critica (Iglesia, iniciativa privada, sociedad y periodistas) por su forma de dirigir su administraci\u00f3n&#8230; Y ojal\u00e1 s\u00f3lo [&hellip;]<\/p>\n","protected":false},"author":2,"featured_media":48046,"comment_status":"open","ping_status":"open","sticky":false,"template":"","format":"standard","meta":{"tdm_status":"","tdm_grid_status":"","footnotes":""},"categories":[70],"tags":[2355,1681,14643,4116,4599,7354,15052,1312,16303,13466,195,15165],"class_list":{"0":"post-52309","1":"post","2":"type-post","3":"status-publish","4":"format-standard","5":"has-post-thumbnail","7":"category-de-opinion","8":"tag-coahuila","9":"tag-cuitlahuac-garcia","10":"tag-dos-bocas","11":"tag-fiscalia-general-del-estado","12":"tag-humberto-moreira","13":"tag-narciso-elvira","14":"tag-nora-lagunes","15":"tag-periodistas","16":"tag-primo-marce","17":"tag-tren-maya","18":"tag-veracruz","19":"tag-veronica-hernandez-giadans"},"yoast_head":"<!-- This site is optimized with the Yoast SEO plugin v27.4 - https:\/\/yoast.com\/product\/yoast-seo-wordpress\/ -->\n<title>Cuic, m\u00e1s cercano a Hip\u00f3lito y Moreira, que a Fidel y MAYL - Los pol\u00edticos Veracruz<\/title>\n<meta name=\"robots\" content=\"index, follow, max-snippet:-1, max-image-preview:large, max-video-preview:-1\" \/>\n<link rel=\"canonical\" href=\"https:\/\/lospoliticosveracruz.com\/?p=52309\" \/>\n<meta property=\"og:locale\" content=\"es_ES\" \/>\n<meta property=\"og:type\" content=\"article\" \/>\n<meta property=\"og:title\" content=\"Cuic, m\u00e1s cercano a Hip\u00f3lito y Moreira, que a Fidel y MAYL - Los pol\u00edticos Veracruz\" \/>\n<meta property=\"og:description\" content=\"Ricardo Ch\u00faa Sale y Vale OJO&#8230; S\u00f3lo esperamos que en Veracruz, Cuitl\u00e1huac Garc\u00eda, no salga \u00abemulo\u00bb del ex gobernador priista de Coahuila, Humberto Moreira&#8230; Y empiece su gobierno a demandar por \u00abda\u00f1o moral\u00bb a todo aquel que lo critica (Iglesia, iniciativa privada, sociedad y periodistas) por su forma de dirigir su administraci\u00f3n&#8230; Y ojal\u00e1 s\u00f3lo [&hellip;]\" \/>\n<meta property=\"og:url\" content=\"https:\/\/lospoliticosveracruz.com\/?p=52309\" \/>\n<meta property=\"og:site_name\" content=\"Los pol\u00edticos Veracruz\" \/>\n<meta property=\"article:publisher\" content=\"https:\/\/www.facebook.com\/people\/Notimemes-de-los-Polticos\/61565672886568\/\" \/>\n<meta property=\"article:published_time\" content=\"2020-01-30T14:30:26+00:00\" \/>\n<meta property=\"og:image\" content=\"https:\/\/lospoliticosveracruz.com\/wp-content\/uploads\/2019\/05\/Cuitlahuac-Patrullas.jpg\" \/>\n\t<meta property=\"og:image:width\" content=\"600\" \/>\n\t<meta property=\"og:image:height\" content=\"416\" \/>\n\t<meta property=\"og:image:type\" content=\"image\/jpeg\" \/>\n<meta name=\"author\" content=\"Lo viste en Los Pol\u00edticos\" \/>\n<meta name=\"twitter:card\" content=\"summary_large_image\" \/>\n<meta name=\"twitter:creator\" content=\"@LosPoliticosVer\" \/>\n<meta name=\"twitter:site\" content=\"@LosPoliticosVer\" \/>\n<meta name=\"twitter:label1\" content=\"Escrito por\" \/>\n\t<meta name=\"twitter:data1\" content=\"Lo viste en Los Pol\u00edticos\" \/>\n\t<meta name=\"twitter:label2\" content=\"Tiempo de lectura\" \/>\n\t<meta name=\"twitter:data2\" content=\"6 minutos\" \/>\n<script type=\"application\/ld+json\" class=\"yoast-schema-graph\">{\"@context\":\"https:\\\/\\\/schema.org\",\"@graph\":[{\"@type\":\"Article\",\"@id\":\"https:\\\/\\\/lospoliticosveracruz.com\\\/?p=52309#article\",\"isPartOf\":{\"@id\":\"https:\\\/\\\/lospoliticosveracruz.com\\\/?p=52309\"},\"author\":{\"name\":\"Lo viste en Los Pol\u00edticos\",\"@id\":\"https:\\\/\\\/lospoliticosveracruz.com\\\/#\\\/schema\\\/person\\\/b8702bb0e538456e6efd07080bf2a4a2\"},\"headline\":\"Cuic, m\u00e1s cercano a Hip\u00f3lito y Moreira, que a Fidel y MAYL\",\"datePublished\":\"2020-01-30T14:30:26+00:00\",\"mainEntityOfPage\":{\"@id\":\"https:\\\/\\\/lospoliticosveracruz.com\\\/?p=52309\"},\"wordCount\":1154,\"commentCount\":0,\"publisher\":{\"@id\":\"https:\\\/\\\/lospoliticosveracruz.com\\\/#organization\"},\"image\":{\"@id\":\"https:\\\/\\\/lospoliticosveracruz.com\\\/?p=52309#primaryimage\"},\"thumbnailUrl\":\"https:\\\/\\\/lospoliticosveracruz.com\\\/wp-content\\\/uploads\\\/2019\\\/05\\\/Cuitlahuac-Patrullas.jpg\",\"keywords\":[\"Coahuila\",\"Cuitl\u00e1huac Garc\u00eda\",\"Dos Bocas\",\"Fiscal\u00eda General del Estado\",\"Humberto Moreira\",\"Narciso Elvira\",\"Nora Lagunes\",\"periodistas\",\"Primo Marce\",\"Tren Maya\",\"Veracruz\",\"Ver\u00f3nica Hern\u00e1ndez Giad\u00e1ns\"],\"articleSection\":[\"De Opini\u00f3n\"],\"inLanguage\":\"es\",\"potentialAction\":[{\"@type\":\"CommentAction\",\"name\":\"Comment\",\"target\":[\"https:\\\/\\\/lospoliticosveracruz.com\\\/?p=52309#respond\"]}]},{\"@type\":\"WebPage\",\"@id\":\"https:\\\/\\\/lospoliticosveracruz.com\\\/?p=52309\",\"url\":\"https:\\\/\\\/lospoliticosveracruz.com\\\/?p=52309\",\"name\":\"Cuic, m\u00e1s cercano a Hip\u00f3lito y Moreira, que a Fidel y MAYL - Los pol\u00edticos Veracruz\",\"isPartOf\":{\"@id\":\"https:\\\/\\\/lospoliticosveracruz.com\\\/#website\"},\"primaryImageOfPage\":{\"@id\":\"https:\\\/\\\/lospoliticosveracruz.com\\\/?p=52309#primaryimage\"},\"image\":{\"@id\":\"https:\\\/\\\/lospoliticosveracruz.com\\\/?p=52309#primaryimage\"},\"thumbnailUrl\":\"https:\\\/\\\/lospoliticosveracruz.com\\\/wp-content\\\/uploads\\\/2019\\\/05\\\/Cuitlahuac-Patrullas.jpg\",\"datePublished\":\"2020-01-30T14:30:26+00:00\",\"breadcrumb\":{\"@id\":\"https:\\\/\\\/lospoliticosveracruz.com\\\/?p=52309#breadcrumb\"},\"inLanguage\":\"es\",\"potentialAction\":[{\"@type\":\"ReadAction\",\"target\":[\"https:\\\/\\\/lospoliticosveracruz.com\\\/?p=52309\"]}]},{\"@type\":\"ImageObject\",\"inLanguage\":\"es\",\"@id\":\"https:\\\/\\\/lospoliticosveracruz.com\\\/?p=52309#primaryimage\",\"url\":\"https:\\\/\\\/lospoliticosveracruz.com\\\/wp-content\\\/uploads\\\/2019\\\/05\\\/Cuitlahuac-Patrullas.jpg\",\"contentUrl\":\"https:\\\/\\\/lospoliticosveracruz.com\\\/wp-content\\\/uploads\\\/2019\\\/05\\\/Cuitlahuac-Patrullas.jpg\",\"width\":600,\"height\":416},{\"@type\":\"BreadcrumbList\",\"@id\":\"https:\\\/\\\/lospoliticosveracruz.com\\\/?p=52309#breadcrumb\",\"itemListElement\":[{\"@type\":\"ListItem\",\"position\":1,\"name\":\"Portada\",\"item\":\"https:\\\/\\\/lospoliticosveracruz.com\\\/\"},{\"@type\":\"ListItem\",\"position\":2,\"name\":\"Cuic, m\u00e1s cercano a Hip\u00f3lito y Moreira, que a Fidel y MAYL\"}]},{\"@type\":\"WebSite\",\"@id\":\"https:\\\/\\\/lospoliticosveracruz.com\\\/#website\",\"url\":\"https:\\\/\\\/lospoliticosveracruz.com\\\/\",\"name\":\"Los pol\u00edticos Veracruz\",\"description\":\"\",\"publisher\":{\"@id\":\"https:\\\/\\\/lospoliticosveracruz.com\\\/#organization\"},\"potentialAction\":[{\"@type\":\"SearchAction\",\"target\":{\"@type\":\"EntryPoint\",\"urlTemplate\":\"https:\\\/\\\/lospoliticosveracruz.com\\\/?s={search_term_string}\"},\"query-input\":{\"@type\":\"PropertyValueSpecification\",\"valueRequired\":true,\"valueName\":\"search_term_string\"}}],\"inLanguage\":\"es\"},{\"@type\":\"Organization\",\"@id\":\"https:\\\/\\\/lospoliticosveracruz.com\\\/#organization\",\"name\":\"Los pol\u00edticos Veracruz\",\"url\":\"https:\\\/\\\/lospoliticosveracruz.com\\\/\",\"logo\":{\"@type\":\"ImageObject\",\"inLanguage\":\"es\",\"@id\":\"https:\\\/\\\/lospoliticosveracruz.com\\\/#\\\/schema\\\/logo\\\/image\\\/\",\"url\":\"https:\\\/\\\/lospoliticosveracruz.com\\\/wp-content\\\/uploads\\\/2025\\\/12\\\/Logo-Nuevo-LOS-POLITICOS-1.jpg\",\"contentUrl\":\"https:\\\/\\\/lospoliticosveracruz.com\\\/wp-content\\\/uploads\\\/2025\\\/12\\\/Logo-Nuevo-LOS-POLITICOS-1.jpg\",\"width\":260,\"height\":70,\"caption\":\"Los pol\u00edticos Veracruz\"},\"image\":{\"@id\":\"https:\\\/\\\/lospoliticosveracruz.com\\\/#\\\/schema\\\/logo\\\/image\\\/\"},\"sameAs\":[\"https:\\\/\\\/www.facebook.com\\\/people\\\/Notimemes-de-los-Polticos\\\/61565672886568\\\/\",\"https:\\\/\\\/x.com\\\/LosPoliticosVer\"]},{\"@type\":\"Person\",\"@id\":\"https:\\\/\\\/lospoliticosveracruz.com\\\/#\\\/schema\\\/person\\\/b8702bb0e538456e6efd07080bf2a4a2\",\"name\":\"Lo viste en Los Pol\u00edticos\",\"image\":{\"@type\":\"ImageObject\",\"inLanguage\":\"es\",\"@id\":\"https:\\\/\\\/secure.gravatar.com\\\/avatar\\\/3a8de04a2656d44082be478bd6c086daa447c4651605818287b9532d3d0bd435?s=96&d=mm&r=g\",\"url\":\"https:\\\/\\\/secure.gravatar.com\\\/avatar\\\/3a8de04a2656d44082be478bd6c086daa447c4651605818287b9532d3d0bd435?s=96&d=mm&r=g\",\"contentUrl\":\"https:\\\/\\\/secure.gravatar.com\\\/avatar\\\/3a8de04a2656d44082be478bd6c086daa447c4651605818287b9532d3d0bd435?s=96&d=mm&r=g\",\"caption\":\"Lo viste en Los Pol\u00edticos\"},\"url\":\"https:\\\/\\\/lospoliticosveracruz.com\\\/?author=2\"}]}<\/script>\n<!-- \/ Yoast SEO plugin. -->","yoast_head_json":{"title":"Cuic, m\u00e1s cercano a Hip\u00f3lito y Moreira, que a Fidel y MAYL - Los pol\u00edticos Veracruz","robots":{"index":"index","follow":"follow","max-snippet":"max-snippet:-1","max-image-preview":"max-image-preview:large","max-video-preview":"max-video-preview:-1"},"canonical":"https:\/\/lospoliticosveracruz.com\/?p=52309","og_locale":"es_ES","og_type":"article","og_title":"Cuic, m\u00e1s cercano a Hip\u00f3lito y Moreira, que a Fidel y MAYL - Los pol\u00edticos Veracruz","og_description":"Ricardo Ch\u00faa Sale y Vale OJO&#8230; S\u00f3lo esperamos que en Veracruz, Cuitl\u00e1huac Garc\u00eda, no salga \u00abemulo\u00bb del ex gobernador priista de Coahuila, Humberto Moreira&#8230; Y empiece su gobierno a demandar por \u00abda\u00f1o moral\u00bb a todo aquel que lo critica (Iglesia, iniciativa privada, sociedad y periodistas) por su forma de dirigir su administraci\u00f3n&#8230; Y ojal\u00e1 s\u00f3lo [&hellip;]","og_url":"https:\/\/lospoliticosveracruz.com\/?p=52309","og_site_name":"Los pol\u00edticos Veracruz","article_publisher":"https:\/\/www.facebook.com\/people\/Notimemes-de-los-Polticos\/61565672886568\/","article_published_time":"2020-01-30T14:30:26+00:00","og_image":[{"width":600,"height":416,"url":"https:\/\/lospoliticosveracruz.com\/wp-content\/uploads\/2019\/05\/Cuitlahuac-Patrullas.jpg","type":"image\/jpeg"}],"author":"Lo viste en Los Pol\u00edticos","twitter_card":"summary_large_image","twitter_creator":"@LosPoliticosVer","twitter_site":"@LosPoliticosVer","twitter_misc":{"Escrito por":"Lo viste en Los Pol\u00edticos","Tiempo de lectura":"6 minutos"},"schema":{"@context":"https:\/\/schema.org","@graph":[{"@type":"Article","@id":"https:\/\/lospoliticosveracruz.com\/?p=52309#article","isPartOf":{"@id":"https:\/\/lospoliticosveracruz.com\/?p=52309"},"author":{"name":"Lo viste en Los Pol\u00edticos","@id":"https:\/\/lospoliticosveracruz.com\/#\/schema\/person\/b8702bb0e538456e6efd07080bf2a4a2"},"headline":"Cuic, m\u00e1s cercano a Hip\u00f3lito y Moreira, que a Fidel y MAYL","datePublished":"2020-01-30T14:30:26+00:00","mainEntityOfPage":{"@id":"https:\/\/lospoliticosveracruz.com\/?p=52309"},"wordCount":1154,"commentCount":0,"publisher":{"@id":"https:\/\/lospoliticosveracruz.com\/#organization"},"image":{"@id":"https:\/\/lospoliticosveracruz.com\/?p=52309#primaryimage"},"thumbnailUrl":"https:\/\/lospoliticosveracruz.com\/wp-content\/uploads\/2019\/05\/Cuitlahuac-Patrullas.jpg","keywords":["Coahuila","Cuitl\u00e1huac Garc\u00eda","Dos Bocas","Fiscal\u00eda General del Estado","Humberto Moreira","Narciso Elvira","Nora Lagunes","periodistas","Primo Marce","Tren Maya","Veracruz","Ver\u00f3nica Hern\u00e1ndez Giad\u00e1ns"],"articleSection":["De Opini\u00f3n"],"inLanguage":"es","potentialAction":[{"@type":"CommentAction","name":"Comment","target":["https:\/\/lospoliticosveracruz.com\/?p=52309#respond"]}]},{"@type":"WebPage","@id":"https:\/\/lospoliticosveracruz.com\/?p=52309","url":"https:\/\/lospoliticosveracruz.com\/?p=52309","name":"Cuic, m\u00e1s cercano a Hip\u00f3lito y Moreira, que a Fidel y MAYL - Los pol\u00edticos Veracruz","isPartOf":{"@id":"https:\/\/lospoliticosveracruz.com\/#website"},"primaryImageOfPage":{"@id":"https:\/\/lospoliticosveracruz.com\/?p=52309#primaryimage"},"image":{"@id":"https:\/\/lospoliticosveracruz.com\/?p=52309#primaryimage"},"thumbnailUrl":"https:\/\/lospoliticosveracruz.com\/wp-content\/uploads\/2019\/05\/Cuitlahuac-Patrullas.jpg","datePublished":"2020-01-30T14:30:26+00:00","breadcrumb":{"@id":"https:\/\/lospoliticosveracruz.com\/?p=52309#breadcrumb"},"inLanguage":"es","potentialAction":[{"@type":"ReadAction","target":["https:\/\/lospoliticosveracruz.com\/?p=52309"]}]},{"@type":"ImageObject","inLanguage":"es","@id":"https:\/\/lospoliticosveracruz.com\/?p=52309#primaryimage","url":"https:\/\/lospoliticosveracruz.com\/wp-content\/uploads\/2019\/05\/Cuitlahuac-Patrullas.jpg","contentUrl":"https:\/\/lospoliticosveracruz.com\/wp-content\/uploads\/2019\/05\/Cuitlahuac-Patrullas.jpg","width":600,"height":416},{"@type":"BreadcrumbList","@id":"https:\/\/lospoliticosveracruz.com\/?p=52309#breadcrumb","itemListElement":[{"@type":"ListItem","position":1,"name":"Portada","item":"https:\/\/lospoliticosveracruz.com\/"},{"@type":"ListItem","position":2,"name":"Cuic, m\u00e1s cercano a Hip\u00f3lito y Moreira, que a Fidel y MAYL"}]},{"@type":"WebSite","@id":"https:\/\/lospoliticosveracruz.com\/#website","url":"https:\/\/lospoliticosveracruz.com\/","name":"Los pol\u00edticos Veracruz","description":"","publisher":{"@id":"https:\/\/lospoliticosveracruz.com\/#organization"},"potentialAction":[{"@type":"SearchAction","target":{"@type":"EntryPoint","urlTemplate":"https:\/\/lospoliticosveracruz.com\/?s={search_term_string}"},"query-input":{"@type":"PropertyValueSpecification","valueRequired":true,"valueName":"search_term_string"}}],"inLanguage":"es"},{"@type":"Organization","@id":"https:\/\/lospoliticosveracruz.com\/#organization","name":"Los pol\u00edticos Veracruz","url":"https:\/\/lospoliticosveracruz.com\/","logo":{"@type":"ImageObject","inLanguage":"es","@id":"https:\/\/lospoliticosveracruz.com\/#\/schema\/logo\/image\/","url":"https:\/\/lospoliticosveracruz.com\/wp-content\/uploads\/2025\/12\/Logo-Nuevo-LOS-POLITICOS-1.jpg","contentUrl":"https:\/\/lospoliticosveracruz.com\/wp-content\/uploads\/2025\/12\/Logo-Nuevo-LOS-POLITICOS-1.jpg","width":260,"height":70,"caption":"Los pol\u00edticos Veracruz"},"image":{"@id":"https:\/\/lospoliticosveracruz.com\/#\/schema\/logo\/image\/"},"sameAs":["https:\/\/www.facebook.com\/people\/Notimemes-de-los-Polticos\/61565672886568\/","https:\/\/x.com\/LosPoliticosVer"]},{"@type":"Person","@id":"https:\/\/lospoliticosveracruz.com\/#\/schema\/person\/b8702bb0e538456e6efd07080bf2a4a2","name":"Lo viste en Los Pol\u00edticos","image":{"@type":"ImageObject","inLanguage":"es","@id":"https:\/\/secure.gravatar.com\/avatar\/3a8de04a2656d44082be478bd6c086daa447c4651605818287b9532d3d0bd435?s=96&d=mm&r=g","url":"https:\/\/secure.gravatar.com\/avatar\/3a8de04a2656d44082be478bd6c086daa447c4651605818287b9532d3d0bd435?s=96&d=mm&r=g","contentUrl":"https:\/\/secure.gravatar.com\/avatar\/3a8de04a2656d44082be478bd6c086daa447c4651605818287b9532d3d0bd435?s=96&d=mm&r=g","caption":"Lo viste en Los Pol\u00edticos"},"url":"https:\/\/lospoliticosveracruz.com\/?author=2"}]}},"_links":{"self":[{"href":"https:\/\/lospoliticosveracruz.com\/index.php?rest_route=\/wp\/v2\/posts\/52309","targetHints":{"allow":["GET"]}}],"collection":[{"href":"https:\/\/lospoliticosveracruz.com\/index.php?rest_route=\/wp\/v2\/posts"}],"about":[{"href":"https:\/\/lospoliticosveracruz.com\/index.php?rest_route=\/wp\/v2\/types\/post"}],"author":[{"embeddable":true,"href":"https:\/\/lospoliticosveracruz.com\/index.php?rest_route=\/wp\/v2\/users\/2"}],"replies":[{"embeddable":true,"href":"https:\/\/lospoliticosveracruz.com\/index.php?rest_route=%2Fwp%2Fv2%2Fcomments&post=52309"}],"version-history":[{"count":2,"href":"https:\/\/lospoliticosveracruz.com\/index.php?rest_route=\/wp\/v2\/posts\/52309\/revisions"}],"predecessor-version":[{"id":52312,"href":"https:\/\/lospoliticosveracruz.com\/index.php?rest_route=\/wp\/v2\/posts\/52309\/revisions\/52312"}],"wp:featuredmedia":[{"embeddable":true,"href":"https:\/\/lospoliticosveracruz.com\/index.php?rest_route=\/wp\/v2\/media\/48046"}],"wp:attachment":[{"href":"https:\/\/lospoliticosveracruz.com\/index.php?rest_route=%2Fwp%2Fv2%2Fmedia&parent=52309"}],"wp:term":[{"taxonomy":"category","embeddable":true,"href":"https:\/\/lospoliticosveracruz.com\/index.php?rest_route=%2Fwp%2Fv2%2Fcategories&post=52309"},{"taxonomy":"post_tag","embeddable":true,"href":"https:\/\/lospoliticosveracruz.com\/index.php?rest_route=%2Fwp%2Fv2%2Ftags&post=52309"}],"curies":[{"name":"wp","href":"https:\/\/api.w.org\/{rel}","templated":true}]}}