{"id":52323,"date":"2020-01-31T08:44:43","date_gmt":"2020-01-31T14:44:43","guid":{"rendered":"http:\/\/www.lospoliticosveracruz.com.mx\/?p=52323"},"modified":"2020-01-31T08:44:43","modified_gmt":"2020-01-31T14:44:43","slug":"amlo-con-mano-en-candidaturas-federales-cuic-ni-en-alcaldias","status":"publish","type":"post","link":"https:\/\/lospoliticosveracruz.com\/?p=52323","title":{"rendered":"AMLO, con mano en candidaturas federales; Cuic, ni en alcald\u00edas&#8230;"},"content":{"rendered":"<p><strong>Ricardo Ch\u00faa<\/strong><\/p>\n<p><em>Sale y Vale<\/em><\/p>\n<p>OJO&#8230; Gobernadores como Cuitl\u00e1huac Garc\u00eda ya est\u00e1n informados, delegados federales como Manuel Huerta tambi\u00e9n&#8230; De que en los 19 distritos electorales que habr\u00e1 en Veracruz en el 2021, donde habr\u00e1n de disputarse los procesos a diputados federales en la entidad&#8230; Los candidatos nominados por MORENA ser\u00e1n una decisi\u00f3n \u00fanica y exclusivamente del Presidente de M\u00e9xico, Andr\u00e9s Manuel L\u00f3pez Obrador&#8230; El pondr\u00e1 a sus aspirantes al Congreso Federal en los 300 distritos del pa\u00eds&#8230;. EL Y S\u00d3LO \u00c9L&#8230; Nadie m\u00e1s&#8230; MOCOS PETRA&#8230;<\/p>\n<p>As\u00ed que a todos aquellos a los cuales los gobernantes veracruzanos les han prometido, que pueden lograr la candidatura&#8230; Anden con tiento&#8230; S\u00f3lo ser\u00e1n si los aprueba el Presidente, no Cuitl\u00e1huac, no Huerta&#8230; Si para junio de este a\u00f1o, no han recibido la llamada que les indique se muevan&#8230; Ni gasten, ni se desgaten porque al menos en MORENA no ser\u00e1n tomados en cuenta para la elecci\u00f3n federal&#8230; As\u00ed de claro&#8230;<\/p>\n<p>Sin embargo&#8230; Se ha \u00abfiltrado\u00bb desde Palacio Nacional que hay dos personajes en Veracruz&#8230; Que L\u00f3pez Obrador ve con buenos OJO para que sean candidatos por sus distritos a diputados federales.. Uno de ellos es en Coatzacoalcos con Amado Cruz Malpica&#8230; El diputado local por MORENA que est\u00e1 \u00abgrillado\u00bb por Cuitl\u00e1huac y Patrocinio, por su presunta cercan\u00eda a Miguel Yunes Linares&#8230; Y el otro es Ricardo Exsome para que repita por Veracruz puerto&#8230; S\u00f3lo esos dos .. Lo dem\u00e1s son pura especulaci\u00f3n y falacias&#8230; Y CUITL\u00c1HUAC LO SABE.. AMEN<\/p>\n<p>XALAPA, LA DISPUTA MORENA&#8230;.La maestra y senadora, Gloria S\u00e1nchez, suplente de Rocio Nahle&#8230; Es una de las pol\u00edticas de MORENA en Veracruz que trae \u00abbendici\u00f3n\u00bb Presidencial y cercan\u00eda con Julio Scherer&#8230; Para \u00abmover\u00bb uno que otro \u00abhilo\u00bb de la pol\u00edtica al interior de los Morenos para buscar colocar a personajes allegados a ella a cargos de elecci\u00f3n popular en su natal Xalapa.. Como el caso de la candidatura a la alcald\u00eda ser\u00eda para su sobrino, Guillermo Fern\u00e1ndez S\u00e1nchez, titular de SEDESOL estatal&#8230; Pese a quien le pese&#8230;<\/p>\n<p>De esa manera, le gana \u00abel brinco\u00bb a Cuitl\u00e1huac con la intenci\u00f3n de imponer al sucesor de Hipo-Crito Rodr\u00edguez&#8230; Al menos, que Hipo-Crito ya no aguante la \u00abgrilla\u00bb en contra y termine dimitiendo antes que acabe su periodo&#8230; Ser\u00eda la \u00fanica forma, de que el gobernador ponga al sucesor en la alcald\u00eda&#8230; Ya que a pesar de que Fern\u00e1ndez S\u00e1nchez es su subalterno en el gobierno estatal&#8230;. Este no es un personaje leal a \u00e9l sino a la Senadora y que adem\u00e1s tiene cercan\u00eda con L\u00f3pez Obrador&#8230; Por eso Cuitl\u00e1huac tiene cierto temor&#8230;<\/p>\n<p>As\u00ed que al menos, esa posici\u00f3n, no es de Cuitl\u00e1huac, ni de Manuel Huerta&#8230; Es de Gloria S\u00e1nchez, una de las detractoras pol\u00edticas del gobernador&#8230; Aliada de Scherer y Monreal&#8230; No, si la maestra y ex diputada federal sali\u00f3 bien \u00ababusada\u00bb pa esto de la \u00abgrilla\u00bb&#8230; Si se le puso al \u00abtiro\u00bb a Dante Delgado en 1986 y 1988 cuando era del PRI y luego en el 2006 cuando fue candidato por el PRD-Convergencia al Senado&#8230; Garc\u00eda Jim\u00e9nez es \u00abpan comido\u00bb, no tiene la estatura de Dante&#8230;CONSUMATUM EST&#8230;<\/p>\n<p>PERO no todo est\u00e1 perdido para Cuitl\u00e1huac en Xalapa (Para Huerta si, no para el Gober)&#8230; Ya que desde meses anda postulando como candidata a diputada local por el distrito rural de Xalapa a Tania Carola Viveros, actual asesora o secretar\u00eda Particular, de Guadalupe Osorno, titular de la Secretar\u00eda de Protecci\u00f3n Civil&#8230; Con Cuitlahuac a Tanya lo une una \u00abqu\u00edmica\u00bb especial , por eso y muchas cosas mas, el gobernador insiste en llevarla como legisladora local&#8230; Cargo que ya ocup\u00f3 en el bienio de PapaYunes&#8230; Y la est\u00e1 dando todo&#8230;.<\/p>\n<p>El caso m\u00e1s EMBLEM\u00c1TICO&#8230; Es con la actual diputada federal \u00abpluri\u00bb MORENA, Dorheny Garc\u00eda Cayetano&#8230; Que para Cuitl\u00e1huac es su legisladora favorita.. Quiz\u00e1s porque se apellida como \u00e9l: Garc\u00eda&#8230; A ella, el mandatario la promueve para diputada local por el distrito urbano de Xalapa.. Y a todo mundo le hace patente su cercan\u00eda, es a la \u00fanica que atiende en Palacio de Gobierno&#8230; Hay que recordar las quejas al interior de los Morenos que Garc\u00eda Jim\u00e9nez no toma en cuenta a los diputados federales, s\u00f3lo a Dorheny&#8230;<\/p>\n<p>Eso a pesar que Dorheny, en eventos p\u00fablicos, se presenta s\u00f3lo con su segundo apellido: Cayetano&#8230; Nadie sabe porque se quita Garc\u00eda&#8230; Es la duda que hay en Xalapa&#8230; Pero el tema tambi\u00e9n con la legisladora, es que la militancia de MORENA est\u00e1 encanijada con ella porque no acude a sus brigadas&#8230; Se disculpa diciendo que es una acad\u00e9mica y s\u00f3lo va citas culturales&#8230; No partidistas&#8230; Finalmente Garc\u00eda&#8230; Los jugadores cambian, el juego no&#8230; ALABADO SEA EL SE\u00d1OR&#8230;<\/p>\n<p>PD&#8230; Qu\u00e9 famoso periodista de radio y televisi\u00f3n de la conurbaci\u00f3n de Veracruz-Boca del R\u00edo&#8230;. Ser\u00e1 invitado a buscar ser precandidato a la diputaci\u00f3n local por el distrito urbano por el partido MORENA&#8230; Y es que el partido en el poder en la entidad, sabe que con lo que tiene adentro, no le alcanza&#8230; Pero adem\u00e1s a este comunicador le han prometido \u00abamarrar\u00bb, en dado caso que no se les den las condiciones para lograr la candidatura, por lo menos una regidur\u00eda en el pr\u00f3ximo ayuntamiento de Veracruz&#8230;<\/p>\n<p>Lo que es un hecho que con esto demuestra que los Morenos no tienen ya perfiles confiables para contender&#8230; Y esto tambi\u00e9n es palpable que les est\u00e1 llegando la desesperaci\u00f3n al m\u00e1ximo porque no tienen con qui\u00e9n competir y sobre todo que el \u00abEfecto L\u00f3pez Obrador\u00bb del 2018, ya se acabo&#8230;. Este famoso comunicador, lo quieren \u00abtentar\u00bb con el \u00abcanto de las sirenas\u00bb y bueno ya se est\u00e1n dando los primeros acercamientos&#8230;. \u00bfQui\u00e9n ser\u00e1?&#8230; No s\u00f3lo es un talento de televisi\u00f3n&#8230;<\/p>\n","protected":false},"excerpt":{"rendered":"<p>Ricardo Ch\u00faa Sale y Vale OJO&#8230; Gobernadores como Cuitl\u00e1huac Garc\u00eda ya est\u00e1n informados, delegados federales como Manuel Huerta tambi\u00e9n&#8230; De que en los 19 distritos electorales que habr\u00e1 en Veracruz en el 2021, donde habr\u00e1n de disputarse los procesos a diputados federales en la entidad&#8230; Los candidatos nominados por MORENA ser\u00e1n una decisi\u00f3n \u00fanica y [&hellip;]<\/p>\n","protected":false},"author":2,"featured_media":0,"comment_status":"open","ping_status":"open","sticky":false,"template":"","format":"standard","meta":{"tdm_status":"","tdm_grid_status":"","footnotes":""},"categories":[70],"tags":[5618,618,1681,13336,15116,16305,10317,428,1026,13604,14721,3578],"class_list":{"0":"post-52323","1":"post","2":"type-post","3":"status-publish","4":"format-standard","6":"category-de-opinion","7":"tag-amado-cruz-malpica","8":"tag-andres-manuel-lopez-obrador","9":"tag-cuitlahuac-garcia","10":"tag-gloria-sanchez","11":"tag-guillermo-fernandez-sanchez","12":"tag-julio-scherer","13":"tag-manuel-huerta","14":"tag-miguel-angel-yunes-linares","15":"tag-morena","16":"tag-ricardo-chua","17":"tag-ricardo-exsome","18":"tag-rocio-nahle"},"yoast_head":"<!-- This site is optimized with the Yoast SEO plugin v27.4 - https:\/\/yoast.com\/product\/yoast-seo-wordpress\/ -->\n<title>AMLO, con mano en candidaturas federales; Cuic, ni en alcald\u00edas... - Los pol\u00edticos Veracruz<\/title>\n<meta name=\"robots\" content=\"index, follow, max-snippet:-1, max-image-preview:large, max-video-preview:-1\" \/>\n<link rel=\"canonical\" href=\"https:\/\/lospoliticosveracruz.com\/?p=52323\" \/>\n<meta property=\"og:locale\" content=\"es_ES\" \/>\n<meta property=\"og:type\" content=\"article\" \/>\n<meta property=\"og:title\" content=\"AMLO, con mano en candidaturas federales; Cuic, ni en alcald\u00edas... - Los pol\u00edticos Veracruz\" \/>\n<meta property=\"og:description\" content=\"Ricardo Ch\u00faa Sale y Vale OJO&#8230; Gobernadores como Cuitl\u00e1huac Garc\u00eda ya est\u00e1n informados, delegados federales como Manuel Huerta tambi\u00e9n&#8230; De que en los 19 distritos electorales que habr\u00e1 en Veracruz en el 2021, donde habr\u00e1n de disputarse los procesos a diputados federales en la entidad&#8230; Los candidatos nominados por MORENA ser\u00e1n una decisi\u00f3n \u00fanica y [&hellip;]\" \/>\n<meta property=\"og:url\" content=\"https:\/\/lospoliticosveracruz.com\/?p=52323\" \/>\n<meta property=\"og:site_name\" content=\"Los pol\u00edticos Veracruz\" \/>\n<meta property=\"article:publisher\" content=\"https:\/\/www.facebook.com\/people\/Notimemes-de-los-Polticos\/61565672886568\/\" \/>\n<meta property=\"article:published_time\" content=\"2020-01-31T14:44:43+00:00\" \/>\n<meta property=\"og:image\" content=\"https:\/\/lospoliticosveracruz.com\/wp-content\/uploads\/2016\/07\/Logo-Dor.jpg\" \/>\n\t<meta property=\"og:image:width\" content=\"200\" \/>\n\t<meta property=\"og:image:height\" content=\"200\" \/>\n\t<meta property=\"og:image:type\" content=\"image\/jpeg\" \/>\n<meta name=\"author\" content=\"Lo viste en Los Pol\u00edticos\" \/>\n<meta name=\"twitter:card\" content=\"summary_large_image\" \/>\n<meta name=\"twitter:creator\" content=\"@LosPoliticosVer\" \/>\n<meta name=\"twitter:site\" content=\"@LosPoliticosVer\" \/>\n<meta name=\"twitter:label1\" content=\"Escrito por\" \/>\n\t<meta name=\"twitter:data1\" content=\"Lo viste en Los Pol\u00edticos\" \/>\n\t<meta name=\"twitter:label2\" content=\"Tiempo de lectura\" \/>\n\t<meta name=\"twitter:data2\" content=\"5 minutos\" \/>\n<script type=\"application\/ld+json\" class=\"yoast-schema-graph\">{\"@context\":\"https:\\\/\\\/schema.org\",\"@graph\":[{\"@type\":\"Article\",\"@id\":\"https:\\\/\\\/lospoliticosveracruz.com\\\/?p=52323#article\",\"isPartOf\":{\"@id\":\"https:\\\/\\\/lospoliticosveracruz.com\\\/?p=52323\"},\"author\":{\"name\":\"Lo viste en Los Pol\u00edticos\",\"@id\":\"https:\\\/\\\/lospoliticosveracruz.com\\\/#\\\/schema\\\/person\\\/b8702bb0e538456e6efd07080bf2a4a2\"},\"headline\":\"AMLO, con mano en candidaturas federales; Cuic, ni en alcald\u00edas&#8230;\",\"datePublished\":\"2020-01-31T14:44:43+00:00\",\"mainEntityOfPage\":{\"@id\":\"https:\\\/\\\/lospoliticosveracruz.com\\\/?p=52323\"},\"wordCount\":1035,\"commentCount\":0,\"publisher\":{\"@id\":\"https:\\\/\\\/lospoliticosveracruz.com\\\/#organization\"},\"keywords\":[\"Amado Cruz Malpica\",\"Andr\u00e9s Manuel L\u00f3pez Obrador\",\"Cuitl\u00e1huac Garc\u00eda\",\"Gloria S\u00e1nchez\",\"Guillermo Fern\u00e1ndez S\u00e1nchez\",\"Julio Scherer\",\"Manuel Huerta\",\"Miguel Angel Yunes Linares\",\"Morena\",\"Ricardo Ch\u00faa\",\"Ricardo Exsome\",\"Roc\u00edo Nahle\"],\"articleSection\":[\"De Opini\u00f3n\"],\"inLanguage\":\"es\",\"potentialAction\":[{\"@type\":\"CommentAction\",\"name\":\"Comment\",\"target\":[\"https:\\\/\\\/lospoliticosveracruz.com\\\/?p=52323#respond\"]}]},{\"@type\":\"WebPage\",\"@id\":\"https:\\\/\\\/lospoliticosveracruz.com\\\/?p=52323\",\"url\":\"https:\\\/\\\/lospoliticosveracruz.com\\\/?p=52323\",\"name\":\"AMLO, con mano en candidaturas federales; Cuic, ni en alcald\u00edas... - Los pol\u00edticos Veracruz\",\"isPartOf\":{\"@id\":\"https:\\\/\\\/lospoliticosveracruz.com\\\/#website\"},\"datePublished\":\"2020-01-31T14:44:43+00:00\",\"breadcrumb\":{\"@id\":\"https:\\\/\\\/lospoliticosveracruz.com\\\/?p=52323#breadcrumb\"},\"inLanguage\":\"es\",\"potentialAction\":[{\"@type\":\"ReadAction\",\"target\":[\"https:\\\/\\\/lospoliticosveracruz.com\\\/?p=52323\"]}]},{\"@type\":\"BreadcrumbList\",\"@id\":\"https:\\\/\\\/lospoliticosveracruz.com\\\/?p=52323#breadcrumb\",\"itemListElement\":[{\"@type\":\"ListItem\",\"position\":1,\"name\":\"Portada\",\"item\":\"https:\\\/\\\/lospoliticosveracruz.com\\\/\"},{\"@type\":\"ListItem\",\"position\":2,\"name\":\"AMLO, con mano en candidaturas federales; Cuic, ni en alcald\u00edas&#8230;\"}]},{\"@type\":\"WebSite\",\"@id\":\"https:\\\/\\\/lospoliticosveracruz.com\\\/#website\",\"url\":\"https:\\\/\\\/lospoliticosveracruz.com\\\/\",\"name\":\"Los pol\u00edticos Veracruz\",\"description\":\"\",\"publisher\":{\"@id\":\"https:\\\/\\\/lospoliticosveracruz.com\\\/#organization\"},\"potentialAction\":[{\"@type\":\"SearchAction\",\"target\":{\"@type\":\"EntryPoint\",\"urlTemplate\":\"https:\\\/\\\/lospoliticosveracruz.com\\\/?s={search_term_string}\"},\"query-input\":{\"@type\":\"PropertyValueSpecification\",\"valueRequired\":true,\"valueName\":\"search_term_string\"}}],\"inLanguage\":\"es\"},{\"@type\":\"Organization\",\"@id\":\"https:\\\/\\\/lospoliticosveracruz.com\\\/#organization\",\"name\":\"Los pol\u00edticos Veracruz\",\"url\":\"https:\\\/\\\/lospoliticosveracruz.com\\\/\",\"logo\":{\"@type\":\"ImageObject\",\"inLanguage\":\"es\",\"@id\":\"https:\\\/\\\/lospoliticosveracruz.com\\\/#\\\/schema\\\/logo\\\/image\\\/\",\"url\":\"https:\\\/\\\/lospoliticosveracruz.com\\\/wp-content\\\/uploads\\\/2025\\\/12\\\/Logo-Nuevo-LOS-POLITICOS-1.jpg\",\"contentUrl\":\"https:\\\/\\\/lospoliticosveracruz.com\\\/wp-content\\\/uploads\\\/2025\\\/12\\\/Logo-Nuevo-LOS-POLITICOS-1.jpg\",\"width\":260,\"height\":70,\"caption\":\"Los pol\u00edticos Veracruz\"},\"image\":{\"@id\":\"https:\\\/\\\/lospoliticosveracruz.com\\\/#\\\/schema\\\/logo\\\/image\\\/\"},\"sameAs\":[\"https:\\\/\\\/www.facebook.com\\\/people\\\/Notimemes-de-los-Polticos\\\/61565672886568\\\/\",\"https:\\\/\\\/x.com\\\/LosPoliticosVer\"]},{\"@type\":\"Person\",\"@id\":\"https:\\\/\\\/lospoliticosveracruz.com\\\/#\\\/schema\\\/person\\\/b8702bb0e538456e6efd07080bf2a4a2\",\"name\":\"Lo viste en Los Pol\u00edticos\",\"image\":{\"@type\":\"ImageObject\",\"inLanguage\":\"es\",\"@id\":\"https:\\\/\\\/secure.gravatar.com\\\/avatar\\\/3a8de04a2656d44082be478bd6c086daa447c4651605818287b9532d3d0bd435?s=96&d=mm&r=g\",\"url\":\"https:\\\/\\\/secure.gravatar.com\\\/avatar\\\/3a8de04a2656d44082be478bd6c086daa447c4651605818287b9532d3d0bd435?s=96&d=mm&r=g\",\"contentUrl\":\"https:\\\/\\\/secure.gravatar.com\\\/avatar\\\/3a8de04a2656d44082be478bd6c086daa447c4651605818287b9532d3d0bd435?s=96&d=mm&r=g\",\"caption\":\"Lo viste en Los Pol\u00edticos\"},\"url\":\"https:\\\/\\\/lospoliticosveracruz.com\\\/?author=2\"}]}<\/script>\n<!-- \/ Yoast SEO plugin. -->","yoast_head_json":{"title":"AMLO, con mano en candidaturas federales; Cuic, ni en alcald\u00edas... - Los pol\u00edticos Veracruz","robots":{"index":"index","follow":"follow","max-snippet":"max-snippet:-1","max-image-preview":"max-image-preview:large","max-video-preview":"max-video-preview:-1"},"canonical":"https:\/\/lospoliticosveracruz.com\/?p=52323","og_locale":"es_ES","og_type":"article","og_title":"AMLO, con mano en candidaturas federales; Cuic, ni en alcald\u00edas... - Los pol\u00edticos Veracruz","og_description":"Ricardo Ch\u00faa Sale y Vale OJO&#8230; Gobernadores como Cuitl\u00e1huac Garc\u00eda ya est\u00e1n informados, delegados federales como Manuel Huerta tambi\u00e9n&#8230; De que en los 19 distritos electorales que habr\u00e1 en Veracruz en el 2021, donde habr\u00e1n de disputarse los procesos a diputados federales en la entidad&#8230; Los candidatos nominados por MORENA ser\u00e1n una decisi\u00f3n \u00fanica y [&hellip;]","og_url":"https:\/\/lospoliticosveracruz.com\/?p=52323","og_site_name":"Los pol\u00edticos Veracruz","article_publisher":"https:\/\/www.facebook.com\/people\/Notimemes-de-los-Polticos\/61565672886568\/","article_published_time":"2020-01-31T14:44:43+00:00","og_image":[{"width":200,"height":200,"url":"https:\/\/lospoliticosveracruz.com\/wp-content\/uploads\/2016\/07\/Logo-Dor.jpg","type":"image\/jpeg"}],"author":"Lo viste en Los Pol\u00edticos","twitter_card":"summary_large_image","twitter_creator":"@LosPoliticosVer","twitter_site":"@LosPoliticosVer","twitter_misc":{"Escrito por":"Lo viste en Los Pol\u00edticos","Tiempo de lectura":"5 minutos"},"schema":{"@context":"https:\/\/schema.org","@graph":[{"@type":"Article","@id":"https:\/\/lospoliticosveracruz.com\/?p=52323#article","isPartOf":{"@id":"https:\/\/lospoliticosveracruz.com\/?p=52323"},"author":{"name":"Lo viste en Los Pol\u00edticos","@id":"https:\/\/lospoliticosveracruz.com\/#\/schema\/person\/b8702bb0e538456e6efd07080bf2a4a2"},"headline":"AMLO, con mano en candidaturas federales; Cuic, ni en alcald\u00edas&#8230;","datePublished":"2020-01-31T14:44:43+00:00","mainEntityOfPage":{"@id":"https:\/\/lospoliticosveracruz.com\/?p=52323"},"wordCount":1035,"commentCount":0,"publisher":{"@id":"https:\/\/lospoliticosveracruz.com\/#organization"},"keywords":["Amado Cruz Malpica","Andr\u00e9s Manuel L\u00f3pez Obrador","Cuitl\u00e1huac Garc\u00eda","Gloria S\u00e1nchez","Guillermo Fern\u00e1ndez S\u00e1nchez","Julio Scherer","Manuel Huerta","Miguel Angel Yunes Linares","Morena","Ricardo Ch\u00faa","Ricardo Exsome","Roc\u00edo Nahle"],"articleSection":["De Opini\u00f3n"],"inLanguage":"es","potentialAction":[{"@type":"CommentAction","name":"Comment","target":["https:\/\/lospoliticosveracruz.com\/?p=52323#respond"]}]},{"@type":"WebPage","@id":"https:\/\/lospoliticosveracruz.com\/?p=52323","url":"https:\/\/lospoliticosveracruz.com\/?p=52323","name":"AMLO, con mano en candidaturas federales; Cuic, ni en alcald\u00edas... - Los pol\u00edticos Veracruz","isPartOf":{"@id":"https:\/\/lospoliticosveracruz.com\/#website"},"datePublished":"2020-01-31T14:44:43+00:00","breadcrumb":{"@id":"https:\/\/lospoliticosveracruz.com\/?p=52323#breadcrumb"},"inLanguage":"es","potentialAction":[{"@type":"ReadAction","target":["https:\/\/lospoliticosveracruz.com\/?p=52323"]}]},{"@type":"BreadcrumbList","@id":"https:\/\/lospoliticosveracruz.com\/?p=52323#breadcrumb","itemListElement":[{"@type":"ListItem","position":1,"name":"Portada","item":"https:\/\/lospoliticosveracruz.com\/"},{"@type":"ListItem","position":2,"name":"AMLO, con mano en candidaturas federales; Cuic, ni en alcald\u00edas&#8230;"}]},{"@type":"WebSite","@id":"https:\/\/lospoliticosveracruz.com\/#website","url":"https:\/\/lospoliticosveracruz.com\/","name":"Los pol\u00edticos Veracruz","description":"","publisher":{"@id":"https:\/\/lospoliticosveracruz.com\/#organization"},"potentialAction":[{"@type":"SearchAction","target":{"@type":"EntryPoint","urlTemplate":"https:\/\/lospoliticosveracruz.com\/?s={search_term_string}"},"query-input":{"@type":"PropertyValueSpecification","valueRequired":true,"valueName":"search_term_string"}}],"inLanguage":"es"},{"@type":"Organization","@id":"https:\/\/lospoliticosveracruz.com\/#organization","name":"Los pol\u00edticos Veracruz","url":"https:\/\/lospoliticosveracruz.com\/","logo":{"@type":"ImageObject","inLanguage":"es","@id":"https:\/\/lospoliticosveracruz.com\/#\/schema\/logo\/image\/","url":"https:\/\/lospoliticosveracruz.com\/wp-content\/uploads\/2025\/12\/Logo-Nuevo-LOS-POLITICOS-1.jpg","contentUrl":"https:\/\/lospoliticosveracruz.com\/wp-content\/uploads\/2025\/12\/Logo-Nuevo-LOS-POLITICOS-1.jpg","width":260,"height":70,"caption":"Los pol\u00edticos Veracruz"},"image":{"@id":"https:\/\/lospoliticosveracruz.com\/#\/schema\/logo\/image\/"},"sameAs":["https:\/\/www.facebook.com\/people\/Notimemes-de-los-Polticos\/61565672886568\/","https:\/\/x.com\/LosPoliticosVer"]},{"@type":"Person","@id":"https:\/\/lospoliticosveracruz.com\/#\/schema\/person\/b8702bb0e538456e6efd07080bf2a4a2","name":"Lo viste en Los Pol\u00edticos","image":{"@type":"ImageObject","inLanguage":"es","@id":"https:\/\/secure.gravatar.com\/avatar\/3a8de04a2656d44082be478bd6c086daa447c4651605818287b9532d3d0bd435?s=96&d=mm&r=g","url":"https:\/\/secure.gravatar.com\/avatar\/3a8de04a2656d44082be478bd6c086daa447c4651605818287b9532d3d0bd435?s=96&d=mm&r=g","contentUrl":"https:\/\/secure.gravatar.com\/avatar\/3a8de04a2656d44082be478bd6c086daa447c4651605818287b9532d3d0bd435?s=96&d=mm&r=g","caption":"Lo viste en Los Pol\u00edticos"},"url":"https:\/\/lospoliticosveracruz.com\/?author=2"}]}},"_links":{"self":[{"href":"https:\/\/lospoliticosveracruz.com\/index.php?rest_route=\/wp\/v2\/posts\/52323","targetHints":{"allow":["GET"]}}],"collection":[{"href":"https:\/\/lospoliticosveracruz.com\/index.php?rest_route=\/wp\/v2\/posts"}],"about":[{"href":"https:\/\/lospoliticosveracruz.com\/index.php?rest_route=\/wp\/v2\/types\/post"}],"author":[{"embeddable":true,"href":"https:\/\/lospoliticosveracruz.com\/index.php?rest_route=\/wp\/v2\/users\/2"}],"replies":[{"embeddable":true,"href":"https:\/\/lospoliticosveracruz.com\/index.php?rest_route=%2Fwp%2Fv2%2Fcomments&post=52323"}],"version-history":[{"count":1,"href":"https:\/\/lospoliticosveracruz.com\/index.php?rest_route=\/wp\/v2\/posts\/52323\/revisions"}],"predecessor-version":[{"id":52325,"href":"https:\/\/lospoliticosveracruz.com\/index.php?rest_route=\/wp\/v2\/posts\/52323\/revisions\/52325"}],"wp:attachment":[{"href":"https:\/\/lospoliticosveracruz.com\/index.php?rest_route=%2Fwp%2Fv2%2Fmedia&parent=52323"}],"wp:term":[{"taxonomy":"category","embeddable":true,"href":"https:\/\/lospoliticosveracruz.com\/index.php?rest_route=%2Fwp%2Fv2%2Fcategories&post=52323"},{"taxonomy":"post_tag","embeddable":true,"href":"https:\/\/lospoliticosveracruz.com\/index.php?rest_route=%2Fwp%2Fv2%2Ftags&post=52323"}],"curies":[{"name":"wp","href":"https:\/\/api.w.org\/{rel}","templated":true}]}}