{"id":52367,"date":"2020-02-03T10:05:03","date_gmt":"2020-02-03T16:05:03","guid":{"rendered":"http:\/\/www.lospoliticosveracruz.com.mx\/?p=52367"},"modified":"2020-02-03T10:05:03","modified_gmt":"2020-02-03T16:05:03","slug":"la-crisis-en-veracruz","status":"publish","type":"post","link":"https:\/\/lospoliticosveracruz.com\/?p=52367","title":{"rendered":"La crisis en Veracruz"},"content":{"rendered":"<p><strong>Ricardo Ch\u00faa<\/strong><\/p>\n<p><em>Sale y Vale<\/em><\/p>\n<p>Ni con el gobierno municipal y estatal de MORENA&#8230; Xalapa, la capital de la entidad, se salva de la recesi\u00f3n econ\u00f3mica que vive la entidad y que arreci\u00f3 hace 14 meses que Cuitl\u00e1huac Garc\u00eda y su 4T lleg\u00f3 al poder&#8230; Por eso desde hace meses a la capital veracruzana la conoce como: \u00abLa ciudad de se renta o se vende\u00bb&#8230; As\u00ed la llaman los oriundos y las personas que viven en este sitio desde hace a\u00f1os y que llegaron a trabajar principalmente a la funci\u00f3n p\u00fablica&#8230;<\/p>\n<p>Para todos es sabido que en Xalapa no abunda la industria o las empresas que den trabajo a sus habitantes&#8230; Su econom\u00eda se basa en la burocracia que hay por ser la sede de los poderes ejecutivo, judicial y legislativo por ser la capital veracruzana&#8230; El magisterio y todo lo que gira alrededor de la Universidad Veracruzana es otra de las formas en que se basa la econom\u00eda de este lugar&#8230; Y cuando todo eso se contrae por \u00abrecortes\u00bb y por \u00abla austeridad\u00bb que dicen practican los Morenos&#8230; La recesi\u00f3n llega a su mayor nivel&#8230;.<\/p>\n<p>Tan s\u00f3lo hay que darse una vuelta por las avenidas que atraviesan las grandes zonas comerciales de la capital y sus propios fraccionamientos&#8230; Antes llenos de negocios y comercios&#8230; Ahora todos cerrados&#8230; Parece la \u00abciudad de los muertos\u00bb&#8230; No hay movimiento los fines de semana como anta\u00f1o, que iba el turismo ha conocer la capital y sus alrededores&#8230; Los propios habitantes se\u00f1alan que la inseguridad y la recesi\u00f3n est\u00e1 logrando que la capital se \u00abapague\u00bb cada d\u00eda m\u00e1s&#8230;<\/p>\n<p>Si se dan una vuelta por la avenida principal que cruza fraccionamientos como Las Animas, Indeco-Animas y el novedoso Montemagno&#8230; Podr\u00e1n notar como las residencias antes ocupadas por funcionarios p\u00fablicos o estudiantes que iban a cursar la universidad ahora ya no lo est\u00e1n&#8230; Y donde voltees s\u00f3lo dice \u00abSe renta o se vende\u00bb&#8230; Pero como todo, hay residencias fastuosas que aun habitan pol\u00edticos y sus familias, que hicieron grandes fortunas en cargos p\u00fablicos&#8230; S\u00f3lo esas est\u00e1n habitadas y cuentan con servidumbre&#8230; Las dem\u00e1s ya no&#8230;<\/p>\n<p>Los caf\u00e9s y los centros comerciales de esos lugares est\u00e1n con los locales vacios o desocupados&#8230; Y los que aun est\u00e1n abiertos, la clientela les escasea&#8230; Ya casi no salen a gastar los fines de semana en la capital&#8230; Los restaurantes han bajado casi 60 por ciento sus ventas, dicen sus due\u00f1os, en este 2019&#8230; Y es insostenible tener abiertos esos comercios dos meses m\u00e1s si la cosa no empieza a mejorar&#8230; Pero cada d\u00eda, hay menos circulante de dinero por la capital&#8230;<\/p>\n<p>El caso m\u00e1s pat\u00e9tico se ve en las veterinarias de la zona&#8230; Hace unos dos a\u00f1os, no se daban abasto con la cantidad de clientela que ten\u00edan&#8230; Si no hab\u00eda cita de por medio, tu mascota no era atendida&#8230; Y hoy es distinto&#8230; Comentan due\u00f1os de estos negocios que de 6 meses a la fecha&#8230; Sus otrora clientes ha llegado a pedirles que pongan a sus mascotas, perritos de raza \u00abFifi\u00bb en adopci\u00f3n responsable, no pueden ni con esos gastos&#8230; Esos clientes ten\u00edan hasta 3 perritos de raza&#8230; Y no quieren esa responsabilidad&#8230; As\u00ed como lo leen&#8230;<\/p>\n<p>Esto s\u00f3lo es un ejemplo como la \u00abfachada\u00bb de un gobierno que prometi\u00f3 un progreso y bienestar, se \u00abcae en pedazos\u00bb&#8230; Ya que esto no s\u00f3lo afecta al \u00abpudiente\u00bb, \u00abfifi\u00bb o conservador&#8230; Afecta a todas las clases sociales porque si no hay circulante&#8230; No hay progreso&#8230; Cierran hoteles, negocios y comercios porque la econom\u00eda va a la baja&#8230;. As\u00ed que no s\u00f3lo la inseguridad sino la recesi\u00f3n est\u00e1 dejando al gobierno de Cuitl\u00e1huac en medio de una crisis econ\u00f3mica latente&#8230; Que por lo que se ve, no tiene ni idea de como se va a resolver&#8230; Y esto se va a \u00abpique\u00bb&#8230;<\/p>\n<p>Adem\u00e1s aun vienen m\u00e1s \u00abrecortes\u00bb de personal en su administraci\u00f3n estatal&#8230; Es decir, m\u00e1s clase trabajadora que en unas semanas estar\u00e1 desempleada&#8230; M\u00e1s lo que falta porque ser\u00e1 dif\u00edcil que todo se quede as\u00ed&#8230; Esa una de las razones por la cual, \u00e9l como gobernador es rechazado por la sociedad xalape\u00f1a&#8230; La prueba fue el caso de la USBI, la noche del jueves&#8230; Donde nadie lo saludo&#8230; Eso fue un hecho de la vida real&#8230; Hasta v\u00eddeo hay del tema&#8230;<\/p>\n<p>Quiz\u00e1s no se acercaron porque a lo mejor no lo reconocieron (malo para una figura pol\u00edtica) o quiz\u00e1s porque por ah\u00ed entre los asistentes estaba uno que otro afectado, que vot\u00f3 por MORENA, pero que no le respetaron su acuerdo o su empleo&#8230; El caso es que por su investidura, Cuitl\u00e1huac deber\u00eda ser el m\u00e1s poderoso cuadro y activo pol\u00edtico de los Morenos en Veracruz&#8230; Pero no es as\u00ed&#8230; Es todo lo contrario.. Y eso que es el gobernador&#8230; AMEN&#8230;<\/p>\n<p>PD&#8230; Mientras eso le sucede a Cuitl\u00e1huac en Xalapa&#8230; Situaci\u00f3n que ya tambi\u00e9n le pas\u00f3 en Veracruz puerto, en pleno zonas de Los Portales, donde nadie se acerc\u00f3 a saludarlo hace unas semanas a pleno mediod\u00eda&#8230; Caso contrario le ocurri\u00f3 a otro personaje ligado a MORENA y Andr\u00e9s Manuel L\u00f3pez Obrador hace unas dos semanas que estuvo en el puerto&#8230; Y nos referimos al Administrador General de Aduanas del gobierno federal, Ricardo Ahued Bardahuil&#8230; Que fue bien recibido en este puerto&#8230;<\/p>\n<p>Ya que resulta que despu\u00e9s de una visita a la Aduana del puerto de Veracruz&#8230; Al ex diputado priista se le ocurri\u00f3 caminar por el centro hist\u00f3rico para ir a tomar un \u00ablechero\u00bb con el Primo To\u00f1o&#8230; Al recorrer Independencia, no falt\u00f3 quien lo reconociera y lo saludara, \u00e9l atento se paraba y atend\u00eda peticiones, repart\u00eda abrazos y apretones de mano&#8230; Cosa contraria a lo que sucedi\u00f3 con Cuitl\u00e1huac&#8230; En beneficio de Ahued se puede decir que tiene m\u00e1s a\u00f1os en esto y m\u00e1s exposici\u00f3n medi\u00e1tica&#8230;<\/p>\n<p>Que adem\u00e1s de ser un alcalde famoso priista en la \u00e9poca de Fidel Herrera&#8230; Adquiri\u00f3 m\u00e1s fama nacional cuando en el 2010 se opuso al incremento del IVA cuando era diputado federal&#8230; Fue de los pocos veracruzanos que lo hicieron&#8230; Y luego como diputado local tambi\u00e9n adquiri\u00f3 fama por tener diferencias con Javier Duarte&#8230; Al parecer Ahued, al igual que Amado Cruz y Gonzalo Guisa se salvan del escarnio y rechazo&#8230; Es el principal ejemplo que \u00abEl pueblo bueno\u00bb no olvida&#8230; Sin comparar, pero aqu\u00ed hay una diferencia del \u00abcielo al infierno\u00bb&#8230;. TAN.. TAN&#8230;<\/p>\n","protected":false},"excerpt":{"rendered":"<p>Ricardo Ch\u00faa Sale y Vale Ni con el gobierno municipal y estatal de MORENA&#8230; Xalapa, la capital de la entidad, se salva de la recesi\u00f3n econ\u00f3mica que vive la entidad y que arreci\u00f3 hace 14 meses que Cuitl\u00e1huac Garc\u00eda y su 4T lleg\u00f3 al poder&#8230; Por eso desde hace meses a la capital veracruzana la [&hellip;]<\/p>\n","protected":false},"author":2,"featured_media":0,"comment_status":"open","ping_status":"open","sticky":false,"template":"","format":"standard","meta":{"tdm_status":"","tdm_grid_status":"","footnotes":""},"categories":[70],"tags":[5618,7059,2228,438,1026,876,13604,219,195,96],"class_list":{"0":"post-52367","1":"post","2":"type-post","3":"status-publish","4":"format-standard","6":"category-de-opinion","7":"tag-amado-cruz-malpica","8":"tag-burocracia","9":"tag-economia","10":"tag-gonzalo-guizar-valladares","11":"tag-morena","12":"tag-ricardo-ahued","13":"tag-ricardo-chua","14":"tag-universidad-veracruzana","15":"tag-veracruz","16":"tag-xalapa"},"yoast_head":"<!-- This site is optimized with the Yoast SEO plugin v27.4 - https:\/\/yoast.com\/product\/yoast-seo-wordpress\/ -->\n<title>La crisis en Veracruz - Los pol\u00edticos Veracruz<\/title>\n<meta name=\"robots\" content=\"index, follow, max-snippet:-1, max-image-preview:large, max-video-preview:-1\" \/>\n<link rel=\"canonical\" href=\"https:\/\/lospoliticosveracruz.com\/?p=52367\" \/>\n<meta property=\"og:locale\" content=\"es_ES\" \/>\n<meta property=\"og:type\" content=\"article\" \/>\n<meta property=\"og:title\" content=\"La crisis en Veracruz - Los pol\u00edticos Veracruz\" \/>\n<meta property=\"og:description\" content=\"Ricardo Ch\u00faa Sale y Vale Ni con el gobierno municipal y estatal de MORENA&#8230; Xalapa, la capital de la entidad, se salva de la recesi\u00f3n econ\u00f3mica que vive la entidad y que arreci\u00f3 hace 14 meses que Cuitl\u00e1huac Garc\u00eda y su 4T lleg\u00f3 al poder&#8230; Por eso desde hace meses a la capital veracruzana la [&hellip;]\" \/>\n<meta property=\"og:url\" content=\"https:\/\/lospoliticosveracruz.com\/?p=52367\" \/>\n<meta property=\"og:site_name\" content=\"Los pol\u00edticos Veracruz\" \/>\n<meta property=\"article:publisher\" content=\"https:\/\/www.facebook.com\/people\/Notimemes-de-los-Polticos\/61565672886568\/\" \/>\n<meta property=\"article:published_time\" content=\"2020-02-03T16:05:03+00:00\" \/>\n<meta property=\"og:image\" content=\"https:\/\/lospoliticosveracruz.com\/wp-content\/uploads\/2016\/07\/Logo-Dor.jpg\" \/>\n\t<meta property=\"og:image:width\" content=\"200\" \/>\n\t<meta property=\"og:image:height\" content=\"200\" \/>\n\t<meta property=\"og:image:type\" content=\"image\/jpeg\" \/>\n<meta name=\"author\" content=\"Lo viste en Los Pol\u00edticos\" \/>\n<meta name=\"twitter:card\" content=\"summary_large_image\" \/>\n<meta name=\"twitter:creator\" content=\"@LosPoliticosVer\" \/>\n<meta name=\"twitter:site\" content=\"@LosPoliticosVer\" \/>\n<meta name=\"twitter:label1\" content=\"Escrito por\" \/>\n\t<meta name=\"twitter:data1\" content=\"Lo viste en Los Pol\u00edticos\" \/>\n\t<meta name=\"twitter:label2\" content=\"Tiempo de lectura\" \/>\n\t<meta name=\"twitter:data2\" content=\"6 minutos\" \/>\n<script type=\"application\/ld+json\" class=\"yoast-schema-graph\">{\"@context\":\"https:\\\/\\\/schema.org\",\"@graph\":[{\"@type\":\"Article\",\"@id\":\"https:\\\/\\\/lospoliticosveracruz.com\\\/?p=52367#article\",\"isPartOf\":{\"@id\":\"https:\\\/\\\/lospoliticosveracruz.com\\\/?p=52367\"},\"author\":{\"name\":\"Lo viste en Los Pol\u00edticos\",\"@id\":\"https:\\\/\\\/lospoliticosveracruz.com\\\/#\\\/schema\\\/person\\\/b8702bb0e538456e6efd07080bf2a4a2\"},\"headline\":\"La crisis en Veracruz\",\"datePublished\":\"2020-02-03T16:05:03+00:00\",\"mainEntityOfPage\":{\"@id\":\"https:\\\/\\\/lospoliticosveracruz.com\\\/?p=52367\"},\"wordCount\":1132,\"commentCount\":0,\"publisher\":{\"@id\":\"https:\\\/\\\/lospoliticosveracruz.com\\\/#organization\"},\"keywords\":[\"Amado Cruz Malpica\",\"Burocracia\",\"Econom\u00eda\",\"Gonzalo Gu\u00edzar Valladares\",\"Morena\",\"Ricardo Ahued\",\"Ricardo Ch\u00faa\",\"Universidad Veracruzana\",\"Veracruz\",\"Xalapa\"],\"articleSection\":[\"De Opini\u00f3n\"],\"inLanguage\":\"es\",\"potentialAction\":[{\"@type\":\"CommentAction\",\"name\":\"Comment\",\"target\":[\"https:\\\/\\\/lospoliticosveracruz.com\\\/?p=52367#respond\"]}]},{\"@type\":\"WebPage\",\"@id\":\"https:\\\/\\\/lospoliticosveracruz.com\\\/?p=52367\",\"url\":\"https:\\\/\\\/lospoliticosveracruz.com\\\/?p=52367\",\"name\":\"La crisis en Veracruz - Los pol\u00edticos Veracruz\",\"isPartOf\":{\"@id\":\"https:\\\/\\\/lospoliticosveracruz.com\\\/#website\"},\"datePublished\":\"2020-02-03T16:05:03+00:00\",\"breadcrumb\":{\"@id\":\"https:\\\/\\\/lospoliticosveracruz.com\\\/?p=52367#breadcrumb\"},\"inLanguage\":\"es\",\"potentialAction\":[{\"@type\":\"ReadAction\",\"target\":[\"https:\\\/\\\/lospoliticosveracruz.com\\\/?p=52367\"]}]},{\"@type\":\"BreadcrumbList\",\"@id\":\"https:\\\/\\\/lospoliticosveracruz.com\\\/?p=52367#breadcrumb\",\"itemListElement\":[{\"@type\":\"ListItem\",\"position\":1,\"name\":\"Portada\",\"item\":\"https:\\\/\\\/lospoliticosveracruz.com\\\/\"},{\"@type\":\"ListItem\",\"position\":2,\"name\":\"La crisis en Veracruz\"}]},{\"@type\":\"WebSite\",\"@id\":\"https:\\\/\\\/lospoliticosveracruz.com\\\/#website\",\"url\":\"https:\\\/\\\/lospoliticosveracruz.com\\\/\",\"name\":\"Los pol\u00edticos Veracruz\",\"description\":\"\",\"publisher\":{\"@id\":\"https:\\\/\\\/lospoliticosveracruz.com\\\/#organization\"},\"potentialAction\":[{\"@type\":\"SearchAction\",\"target\":{\"@type\":\"EntryPoint\",\"urlTemplate\":\"https:\\\/\\\/lospoliticosveracruz.com\\\/?s={search_term_string}\"},\"query-input\":{\"@type\":\"PropertyValueSpecification\",\"valueRequired\":true,\"valueName\":\"search_term_string\"}}],\"inLanguage\":\"es\"},{\"@type\":\"Organization\",\"@id\":\"https:\\\/\\\/lospoliticosveracruz.com\\\/#organization\",\"name\":\"Los pol\u00edticos Veracruz\",\"url\":\"https:\\\/\\\/lospoliticosveracruz.com\\\/\",\"logo\":{\"@type\":\"ImageObject\",\"inLanguage\":\"es\",\"@id\":\"https:\\\/\\\/lospoliticosveracruz.com\\\/#\\\/schema\\\/logo\\\/image\\\/\",\"url\":\"https:\\\/\\\/lospoliticosveracruz.com\\\/wp-content\\\/uploads\\\/2025\\\/12\\\/Logo-Nuevo-LOS-POLITICOS-1.jpg\",\"contentUrl\":\"https:\\\/\\\/lospoliticosveracruz.com\\\/wp-content\\\/uploads\\\/2025\\\/12\\\/Logo-Nuevo-LOS-POLITICOS-1.jpg\",\"width\":260,\"height\":70,\"caption\":\"Los pol\u00edticos Veracruz\"},\"image\":{\"@id\":\"https:\\\/\\\/lospoliticosveracruz.com\\\/#\\\/schema\\\/logo\\\/image\\\/\"},\"sameAs\":[\"https:\\\/\\\/www.facebook.com\\\/people\\\/Notimemes-de-los-Polticos\\\/61565672886568\\\/\",\"https:\\\/\\\/x.com\\\/LosPoliticosVer\"]},{\"@type\":\"Person\",\"@id\":\"https:\\\/\\\/lospoliticosveracruz.com\\\/#\\\/schema\\\/person\\\/b8702bb0e538456e6efd07080bf2a4a2\",\"name\":\"Lo viste en Los Pol\u00edticos\",\"image\":{\"@type\":\"ImageObject\",\"inLanguage\":\"es\",\"@id\":\"https:\\\/\\\/secure.gravatar.com\\\/avatar\\\/3a8de04a2656d44082be478bd6c086daa447c4651605818287b9532d3d0bd435?s=96&d=mm&r=g\",\"url\":\"https:\\\/\\\/secure.gravatar.com\\\/avatar\\\/3a8de04a2656d44082be478bd6c086daa447c4651605818287b9532d3d0bd435?s=96&d=mm&r=g\",\"contentUrl\":\"https:\\\/\\\/secure.gravatar.com\\\/avatar\\\/3a8de04a2656d44082be478bd6c086daa447c4651605818287b9532d3d0bd435?s=96&d=mm&r=g\",\"caption\":\"Lo viste en Los Pol\u00edticos\"},\"url\":\"https:\\\/\\\/lospoliticosveracruz.com\\\/?author=2\"}]}<\/script>\n<!-- \/ Yoast SEO plugin. -->","yoast_head_json":{"title":"La crisis en Veracruz - Los pol\u00edticos Veracruz","robots":{"index":"index","follow":"follow","max-snippet":"max-snippet:-1","max-image-preview":"max-image-preview:large","max-video-preview":"max-video-preview:-1"},"canonical":"https:\/\/lospoliticosveracruz.com\/?p=52367","og_locale":"es_ES","og_type":"article","og_title":"La crisis en Veracruz - Los pol\u00edticos Veracruz","og_description":"Ricardo Ch\u00faa Sale y Vale Ni con el gobierno municipal y estatal de MORENA&#8230; Xalapa, la capital de la entidad, se salva de la recesi\u00f3n econ\u00f3mica que vive la entidad y que arreci\u00f3 hace 14 meses que Cuitl\u00e1huac Garc\u00eda y su 4T lleg\u00f3 al poder&#8230; Por eso desde hace meses a la capital veracruzana la [&hellip;]","og_url":"https:\/\/lospoliticosveracruz.com\/?p=52367","og_site_name":"Los pol\u00edticos Veracruz","article_publisher":"https:\/\/www.facebook.com\/people\/Notimemes-de-los-Polticos\/61565672886568\/","article_published_time":"2020-02-03T16:05:03+00:00","og_image":[{"width":200,"height":200,"url":"https:\/\/lospoliticosveracruz.com\/wp-content\/uploads\/2016\/07\/Logo-Dor.jpg","type":"image\/jpeg"}],"author":"Lo viste en Los Pol\u00edticos","twitter_card":"summary_large_image","twitter_creator":"@LosPoliticosVer","twitter_site":"@LosPoliticosVer","twitter_misc":{"Escrito por":"Lo viste en Los Pol\u00edticos","Tiempo de lectura":"6 minutos"},"schema":{"@context":"https:\/\/schema.org","@graph":[{"@type":"Article","@id":"https:\/\/lospoliticosveracruz.com\/?p=52367#article","isPartOf":{"@id":"https:\/\/lospoliticosveracruz.com\/?p=52367"},"author":{"name":"Lo viste en Los Pol\u00edticos","@id":"https:\/\/lospoliticosveracruz.com\/#\/schema\/person\/b8702bb0e538456e6efd07080bf2a4a2"},"headline":"La crisis en Veracruz","datePublished":"2020-02-03T16:05:03+00:00","mainEntityOfPage":{"@id":"https:\/\/lospoliticosveracruz.com\/?p=52367"},"wordCount":1132,"commentCount":0,"publisher":{"@id":"https:\/\/lospoliticosveracruz.com\/#organization"},"keywords":["Amado Cruz Malpica","Burocracia","Econom\u00eda","Gonzalo Gu\u00edzar Valladares","Morena","Ricardo Ahued","Ricardo Ch\u00faa","Universidad Veracruzana","Veracruz","Xalapa"],"articleSection":["De Opini\u00f3n"],"inLanguage":"es","potentialAction":[{"@type":"CommentAction","name":"Comment","target":["https:\/\/lospoliticosveracruz.com\/?p=52367#respond"]}]},{"@type":"WebPage","@id":"https:\/\/lospoliticosveracruz.com\/?p=52367","url":"https:\/\/lospoliticosveracruz.com\/?p=52367","name":"La crisis en Veracruz - Los pol\u00edticos Veracruz","isPartOf":{"@id":"https:\/\/lospoliticosveracruz.com\/#website"},"datePublished":"2020-02-03T16:05:03+00:00","breadcrumb":{"@id":"https:\/\/lospoliticosveracruz.com\/?p=52367#breadcrumb"},"inLanguage":"es","potentialAction":[{"@type":"ReadAction","target":["https:\/\/lospoliticosveracruz.com\/?p=52367"]}]},{"@type":"BreadcrumbList","@id":"https:\/\/lospoliticosveracruz.com\/?p=52367#breadcrumb","itemListElement":[{"@type":"ListItem","position":1,"name":"Portada","item":"https:\/\/lospoliticosveracruz.com\/"},{"@type":"ListItem","position":2,"name":"La crisis en Veracruz"}]},{"@type":"WebSite","@id":"https:\/\/lospoliticosveracruz.com\/#website","url":"https:\/\/lospoliticosveracruz.com\/","name":"Los pol\u00edticos Veracruz","description":"","publisher":{"@id":"https:\/\/lospoliticosveracruz.com\/#organization"},"potentialAction":[{"@type":"SearchAction","target":{"@type":"EntryPoint","urlTemplate":"https:\/\/lospoliticosveracruz.com\/?s={search_term_string}"},"query-input":{"@type":"PropertyValueSpecification","valueRequired":true,"valueName":"search_term_string"}}],"inLanguage":"es"},{"@type":"Organization","@id":"https:\/\/lospoliticosveracruz.com\/#organization","name":"Los pol\u00edticos Veracruz","url":"https:\/\/lospoliticosveracruz.com\/","logo":{"@type":"ImageObject","inLanguage":"es","@id":"https:\/\/lospoliticosveracruz.com\/#\/schema\/logo\/image\/","url":"https:\/\/lospoliticosveracruz.com\/wp-content\/uploads\/2025\/12\/Logo-Nuevo-LOS-POLITICOS-1.jpg","contentUrl":"https:\/\/lospoliticosveracruz.com\/wp-content\/uploads\/2025\/12\/Logo-Nuevo-LOS-POLITICOS-1.jpg","width":260,"height":70,"caption":"Los pol\u00edticos Veracruz"},"image":{"@id":"https:\/\/lospoliticosveracruz.com\/#\/schema\/logo\/image\/"},"sameAs":["https:\/\/www.facebook.com\/people\/Notimemes-de-los-Polticos\/61565672886568\/","https:\/\/x.com\/LosPoliticosVer"]},{"@type":"Person","@id":"https:\/\/lospoliticosveracruz.com\/#\/schema\/person\/b8702bb0e538456e6efd07080bf2a4a2","name":"Lo viste en Los Pol\u00edticos","image":{"@type":"ImageObject","inLanguage":"es","@id":"https:\/\/secure.gravatar.com\/avatar\/3a8de04a2656d44082be478bd6c086daa447c4651605818287b9532d3d0bd435?s=96&d=mm&r=g","url":"https:\/\/secure.gravatar.com\/avatar\/3a8de04a2656d44082be478bd6c086daa447c4651605818287b9532d3d0bd435?s=96&d=mm&r=g","contentUrl":"https:\/\/secure.gravatar.com\/avatar\/3a8de04a2656d44082be478bd6c086daa447c4651605818287b9532d3d0bd435?s=96&d=mm&r=g","caption":"Lo viste en Los Pol\u00edticos"},"url":"https:\/\/lospoliticosveracruz.com\/?author=2"}]}},"_links":{"self":[{"href":"https:\/\/lospoliticosveracruz.com\/index.php?rest_route=\/wp\/v2\/posts\/52367","targetHints":{"allow":["GET"]}}],"collection":[{"href":"https:\/\/lospoliticosveracruz.com\/index.php?rest_route=\/wp\/v2\/posts"}],"about":[{"href":"https:\/\/lospoliticosveracruz.com\/index.php?rest_route=\/wp\/v2\/types\/post"}],"author":[{"embeddable":true,"href":"https:\/\/lospoliticosveracruz.com\/index.php?rest_route=\/wp\/v2\/users\/2"}],"replies":[{"embeddable":true,"href":"https:\/\/lospoliticosveracruz.com\/index.php?rest_route=%2Fwp%2Fv2%2Fcomments&post=52367"}],"version-history":[{"count":1,"href":"https:\/\/lospoliticosveracruz.com\/index.php?rest_route=\/wp\/v2\/posts\/52367\/revisions"}],"predecessor-version":[{"id":52369,"href":"https:\/\/lospoliticosveracruz.com\/index.php?rest_route=\/wp\/v2\/posts\/52367\/revisions\/52369"}],"wp:attachment":[{"href":"https:\/\/lospoliticosveracruz.com\/index.php?rest_route=%2Fwp%2Fv2%2Fmedia&parent=52367"}],"wp:term":[{"taxonomy":"category","embeddable":true,"href":"https:\/\/lospoliticosveracruz.com\/index.php?rest_route=%2Fwp%2Fv2%2Fcategories&post=52367"},{"taxonomy":"post_tag","embeddable":true,"href":"https:\/\/lospoliticosveracruz.com\/index.php?rest_route=%2Fwp%2Fv2%2Ftags&post=52367"}],"curies":[{"name":"wp","href":"https:\/\/api.w.org\/{rel}","templated":true}]}}