{"id":52397,"date":"2020-02-04T10:02:58","date_gmt":"2020-02-04T16:02:58","guid":{"rendered":"http:\/\/www.lospoliticosveracruz.com.mx\/?p=52397"},"modified":"2020-02-04T10:02:58","modified_gmt":"2020-02-04T16:02:58","slug":"la-violencia-desatada","status":"publish","type":"post","link":"https:\/\/lospoliticosveracruz.com\/?p=52397","title":{"rendered":"\u00a1La violencia, desatada!"},"content":{"rendered":"<p><strong>Ricardo Ch\u00faa<\/strong><\/p>\n<p><em>Sale y Vale<\/em><\/p>\n<p>LUNES \u00abHORRIBILIS\u00bb&#8230; La seguridad es cada vez m\u00e1s insegura en Veracruz&#8230; No hay d\u00eda que pase y por m\u00e1s discursos o \u00abrollos\u00bb de que se est\u00e1 combatiendo al crimen en la entidad&#8230; Esta cada d\u00eda le gana m\u00e1s espacio al gobierno de MORENA en el Estado&#8230; Ni la federaci\u00f3n, ni la administraci\u00f3n de Cuitl\u00e1huac Garc\u00eda pueden con ella&#8230; Ya en este momento, hay m\u00e1s \u00edndice de criminalidad que cuando estaba Fidel, Duarte o Yunes&#8230; Cuitl\u00e1huac ya va ganando la \u00abcarrera\u00bb&#8230;<\/p>\n<p>Y eso que ya tiene a su modo una Fiscal\u00eda Estatal con una encargada que fue respaldada por \u00e9l hace apenas unos 8 d\u00edas&#8230;. Y la violencia se encuentra desatada&#8230; No se puede \u00abtapar el sol con un dedo\u00bb&#8230; Ni con Winckler o Fis-Cul\u00edn Bravo ten\u00edan esos \u00edndices&#8230; La gesti\u00f3n de Ver\u00f3nica Hern\u00e1ndez puede ser la que m\u00e1s cr\u00edmenes tiene que investigar&#8230;. El que la respaldo se le esta haciendo \u00abagua\u00bb la seguridad y, pues, no hay como \u00abmaquillar\u00bb cifras&#8230; Las \u00abbenditas\u00bb redes sociales lo dicen todo&#8230;<\/p>\n<p>As\u00ed que por mucho que Cuitl\u00e1hauc presuma sus reuniones de \u00abMesas de Seguridad\u00bb en distintos puntos del Estado&#8230; La violencia se le \u00abdestapa\u00bb y volvemos a la misma canci\u00f3n: Pareciera que no tienen idea de como pararla&#8230; Coatzacoalcos y todo el sur de la entidad sigue siendo \u00absu tal\u00f3n de \u00c1quiles\u00bb.. No tienen como mantener controlado los \u00edndices de criminalidad en esos 30 kilometros que representa esta conurbaci\u00f3n con Minatilan&#8230; Los grandes consorcios comerciales como SORIANA ya cerraron en algunas plazas&#8230;. El motivo: La inseguridad&#8230;<\/p>\n<p>Lo mismo sucede con medianos y peque\u00f1os comercios&#8230; Ya ni siquiera los bufetes de abogados y contadores tienen sus anuncios afuera de sus oficinas&#8230; El miedo es tremendo&#8230;.Y nadie se salva&#8230; Miren como ayer balearon enfrente del Centro Penitenciario de \u00abDuport Osti\u00f3n\u00bb de aquella ciudad, al director de este penal, Enrique Alvarez Timoteo&#8230; Se acercaron dos sicarios y lo balearon&#8230; Al parecer salv\u00f3 la vida&#8230; Pero nadie sabe hasta el momento el motivo&#8230; Sigue al \u00abRojo Vivo\u00bb&#8230; Y el gobernador s\u00f3lo y su alma&#8230;<\/p>\n<p>Pero los eventos graves no s\u00f3lo ocurrieron all\u00e1 en el sur sino tambi\u00e9n en la zona centro de Veracruz&#8230; Donde fueron encontrados sin vida&#8230; Dos elementos de la Guardia Nacional, en Cotaxtla, que ten\u00edan varios d\u00edas de desaparecidos y ah\u00ed los fueron a dejar&#8230; Uno de la secretar\u00eda de Marina y el otro era de la Secretar\u00eda de la Defensa Nacional&#8230; Y de estos hechos, ni la Fiscal\u00eda o el gobierno estatal han emitido comunicado al respecto&#8230;. Todo es hermetismo y el rumor le gana la partida de nuevo&#8230;<\/p>\n<p>Para desgracia de Cuitl\u00e1huac a la Guardia Nacional no le ha ido bien en Veracruz&#8230; Ya que llegaron despu\u00e9s de la masacre de Minatitlan en abril pasado&#8230; Y han sido m\u00e1s los esc\u00e1ndalos en los que se han visto inmerso donde se han visto v\u00eddeos con sus elementos en estado de ebriedad, adem\u00e1s de los actos violentos en contra como el ocurrido en Minatitlan una semana despu\u00e9s de la masacre y que fue en una cantina y luego estos hechos de ayer en Cotaxtla&#8230; As\u00ed que la GN no ha sido la respuesta para dar esa seguridad que necesita el ciudadano&#8230;<\/p>\n<p>Adem\u00e1s de todo eso los cr\u00edmenes y asaltos est\u00e1n a la orden del d\u00eda como el asesinato de la se\u00f1ora de la tercera edad que fue victimada a balazos en la Unidad Habitacional \u00abLas Brisas\u00bb en el puerto de Veracruz junto con su hijo gravemente herido&#8230; Y que decir, del empresario de renta de carros que fue secuestrado en Coatepec y encontrado asesinado 10 d\u00edas despu\u00e9s en el basurero de esta ciudad y puerto&#8230; Es decir, el crimen no para en ninguna parte del Estado&#8230;<\/p>\n<p>Ya de por si la Fiscal\u00eda tiene con que \u00abentretenerse\u00bb junto con Ver\u00f3nica Hern\u00e1ndez con los temas del secuestro de Jaime Crivelii y los asesinatos de Narciso Elvira y su hijo junto con el ex alcalde de Soconusco, Jorge Baruch&#8230; Y se le suman todo lo anterior y con el incendi\u00f3 del mercado de C\u00f3rdoba&#8230; Se puede decir que si la Fiscal no da respuesta r\u00e1pida y cre\u00edble a estos asuntos&#8230; Su credibilidad, ya de por si endeble, caer\u00e1 aun m\u00e1s junto con el que la \u00abrespaldo\u00bb en el cargo&#8230;<\/p>\n<p>Al final de cuentas, esa inacci\u00f3n del gobernador de Veracruz ante todo estos hechos violentos&#8230; S\u00f3lo demuestran que no tienen como \u00abenfrentar\u00bb todo eso ante la opini\u00f3n p\u00fablica&#8230; Optan por la pol\u00edtica del \u00abavestruz\u00bb que es la de \u00abesconder la cabeza\u00bb&#8230; Y mientras eso contin\u00fae as\u00ed&#8230; Todo lo que digan despu\u00e9s no le servir\u00e1 de nada porque el da\u00f1o ya est\u00e1 hecho&#8230; Y como la violencia no baja&#8230; Todo su discurso ser\u00e1 tomado como DEMAGOGO&#8230; Las consecuencias de todo esto, se pagan en las urnas&#8230; Quien diga lo contrario miente&#8230;<\/p>\n<p>PD&#8230;. La gran falla de que los hechos violentos en Veracruz causen un alto impacto en la sociedad&#8230; Es debido a la falta de una adecuada pol\u00edtica de comunicaci\u00f3n social del gobierno de Veracruz&#8230; Iv\u00e1n Luna ser\u00e1 un muchacho muy ahorrativo, muy buena persona, con una visi\u00f3n de izquierda en el gasto corriente de un \u00e1rea tan delicada como es el manejo de medios&#8230; Pero LA PRINCIPAL FALLA de este chico es que NO LE CUIDA LA IMAGEN A SU JEFE&#8230; Que suponemos es el gobernador, Cuitl\u00e1huac Garc\u00eda&#8230;<\/p>\n<p>En vez de dar la informaci\u00f3n requerida cuando suceden estos eventos para que el RUMOR no le gane la partida a la verdad&#8230; No lo hace as\u00ed.. Luna se esconde, no dice nada y la figura de su Jefe queda mal parada&#8230; Como si sus acciones fuera incorrectas en el tema del combate a la violencia (en eso cuando menos)&#8230; Lo m\u00e1s raro del asunto es que, si \u00e9l no tiene la experiencia o no la ha adquirido en los 14 meses que lleva a cargo de la Coordinaci\u00f3n de Comunicaci\u00f3n Social&#8230; Que PIDA AYUDA a los que tiene ah\u00ed&#8230; Hay muchos m\u00e1s experimentados que \u00e9l&#8230;<br \/>\nSi no conf\u00eda en ellos, entonces, que se asesore con medios con los cuales el gobierno tiene convenios publicitarios, austeros o no, pero finalmente paga.. Para que no cometa pifias en su dependencia&#8230; Al final de cuentas, para nadie es un secreto que la carrera profesional de este muchacho en la CGCS depende de la suerte de Cuitl\u00e1huac Garc\u00eda en el gobierno&#8230; Por lo menos que lo cuide&#8230; No sea que despu\u00e9s Roy Campos les \u00abrecete\u00bb que como Gobernador, Yunes manejo mejor su imagen a diferencia como la maneja Cuitl\u00e1huac&#8230; Y todo ser\u00e1 culpa de El\u00edas Assad&#8230;<\/p>\n","protected":false},"excerpt":{"rendered":"<p>Ricardo Ch\u00faa Sale y Vale LUNES \u00abHORRIBILIS\u00bb&#8230; La seguridad es cada vez m\u00e1s insegura en Veracruz&#8230; No hay d\u00eda que pase y por m\u00e1s discursos o \u00abrollos\u00bb de que se est\u00e1 combatiendo al crimen en la entidad&#8230; Esta cada d\u00eda le gana m\u00e1s espacio al gobierno de MORENA en el Estado&#8230; Ni la federaci\u00f3n, ni [&hellip;]<\/p>\n","protected":false},"author":2,"featured_media":48521,"comment_status":"open","ping_status":"open","sticky":false,"template":"","format":"standard","meta":{"tdm_status":"","tdm_grid_status":"","footnotes":""},"categories":[70],"tags":[371,7192,1681,16380,16381,13512,196,12282,16383,16384,373,1026,7354,13604,16382,4069,195,463],"class_list":{"0":"post-52397","1":"post","2":"type-post","3":"status-publish","4":"format-standard","5":"has-post-thumbnail","7":"category-de-opinion","8":"tag-coatzacoalcos","9":"tag-cotaxtla","10":"tag-cuitlahuac-garcia","11":"tag-duport-ostion","12":"tag-enrique-alvarez-timoteo","13":"tag-guardia-nacional","14":"tag-inseguridad","15":"tag-ivan-luna","16":"tag-jaime-crivelli","17":"tag-jorge-baruch","18":"tag-minatitlan","19":"tag-morena","20":"tag-narciso-elvira","21":"tag-ricardo-chua","22":"tag-secretaria-de-la-defensa-nacional","23":"tag-soriana","24":"tag-veracruz","25":"tag-violencia"},"yoast_head":"<!-- This site is optimized with the Yoast SEO plugin v27.4 - https:\/\/yoast.com\/product\/yoast-seo-wordpress\/ -->\n<title>\u00a1La violencia, desatada! - Los pol\u00edticos Veracruz<\/title>\n<meta name=\"robots\" content=\"index, follow, max-snippet:-1, max-image-preview:large, max-video-preview:-1\" \/>\n<link rel=\"canonical\" href=\"https:\/\/lospoliticosveracruz.com\/?p=52397\" \/>\n<meta property=\"og:locale\" content=\"es_ES\" \/>\n<meta property=\"og:type\" content=\"article\" \/>\n<meta property=\"og:title\" content=\"\u00a1La violencia, desatada! - Los pol\u00edticos Veracruz\" \/>\n<meta property=\"og:description\" content=\"Ricardo Ch\u00faa Sale y Vale LUNES \u00abHORRIBILIS\u00bb&#8230; La seguridad es cada vez m\u00e1s insegura en Veracruz&#8230; No hay d\u00eda que pase y por m\u00e1s discursos o \u00abrollos\u00bb de que se est\u00e1 combatiendo al crimen en la entidad&#8230; Esta cada d\u00eda le gana m\u00e1s espacio al gobierno de MORENA en el Estado&#8230; Ni la federaci\u00f3n, ni [&hellip;]\" \/>\n<meta property=\"og:url\" content=\"https:\/\/lospoliticosveracruz.com\/?p=52397\" \/>\n<meta property=\"og:site_name\" content=\"Los pol\u00edticos Veracruz\" \/>\n<meta property=\"article:publisher\" content=\"https:\/\/www.facebook.com\/people\/Notimemes-de-los-Polticos\/61565672886568\/\" \/>\n<meta property=\"article:published_time\" content=\"2020-02-04T16:02:58+00:00\" \/>\n<meta property=\"og:image\" content=\"https:\/\/lospoliticosveracruz.com\/wp-content\/uploads\/2019\/06\/veraruz-violencia-migracion.jpg\" \/>\n\t<meta property=\"og:image:width\" content=\"650\" \/>\n\t<meta property=\"og:image:height\" content=\"366\" \/>\n\t<meta property=\"og:image:type\" content=\"image\/jpeg\" \/>\n<meta name=\"author\" content=\"Lo viste en Los Pol\u00edticos\" \/>\n<meta name=\"twitter:card\" content=\"summary_large_image\" \/>\n<meta name=\"twitter:creator\" content=\"@LosPoliticosVer\" \/>\n<meta name=\"twitter:site\" content=\"@LosPoliticosVer\" \/>\n<meta name=\"twitter:label1\" content=\"Escrito por\" \/>\n\t<meta name=\"twitter:data1\" content=\"Lo viste en Los Pol\u00edticos\" \/>\n\t<meta name=\"twitter:label2\" content=\"Tiempo de lectura\" \/>\n\t<meta name=\"twitter:data2\" content=\"6 minutos\" \/>\n<script type=\"application\/ld+json\" class=\"yoast-schema-graph\">{\"@context\":\"https:\\\/\\\/schema.org\",\"@graph\":[{\"@type\":\"Article\",\"@id\":\"https:\\\/\\\/lospoliticosveracruz.com\\\/?p=52397#article\",\"isPartOf\":{\"@id\":\"https:\\\/\\\/lospoliticosveracruz.com\\\/?p=52397\"},\"author\":{\"name\":\"Lo viste en Los Pol\u00edticos\",\"@id\":\"https:\\\/\\\/lospoliticosveracruz.com\\\/#\\\/schema\\\/person\\\/b8702bb0e538456e6efd07080bf2a4a2\"},\"headline\":\"\u00a1La violencia, desatada!\",\"datePublished\":\"2020-02-04T16:02:58+00:00\",\"mainEntityOfPage\":{\"@id\":\"https:\\\/\\\/lospoliticosveracruz.com\\\/?p=52397\"},\"wordCount\":1168,\"commentCount\":0,\"publisher\":{\"@id\":\"https:\\\/\\\/lospoliticosveracruz.com\\\/#organization\"},\"image\":{\"@id\":\"https:\\\/\\\/lospoliticosveracruz.com\\\/?p=52397#primaryimage\"},\"thumbnailUrl\":\"https:\\\/\\\/lospoliticosveracruz.com\\\/wp-content\\\/uploads\\\/2019\\\/06\\\/veraruz-violencia-migracion.jpg\",\"keywords\":[\"Coatzacoalcos\",\"Cotaxtla\",\"Cuitl\u00e1huac Garc\u00eda\",\"Duport Osti\u00f3n\",\"Enrique Alvarez Timoteo\",\"Guardia Nacional\",\"inseguridad\",\"Iv\u00e1n Luna\",\"Jaime Crivelli\",\"Jorge Baruch\",\"Minatitl\u00e1n\",\"Morena\",\"Narciso Elvira\",\"Ricardo Ch\u00faa\",\"Secretar\u00eda de la Defensa Nacional\",\"Soriana\",\"Veracruz\",\"violencia\"],\"articleSection\":[\"De Opini\u00f3n\"],\"inLanguage\":\"es\",\"potentialAction\":[{\"@type\":\"CommentAction\",\"name\":\"Comment\",\"target\":[\"https:\\\/\\\/lospoliticosveracruz.com\\\/?p=52397#respond\"]}]},{\"@type\":\"WebPage\",\"@id\":\"https:\\\/\\\/lospoliticosveracruz.com\\\/?p=52397\",\"url\":\"https:\\\/\\\/lospoliticosveracruz.com\\\/?p=52397\",\"name\":\"\u00a1La violencia, desatada! - Los pol\u00edticos Veracruz\",\"isPartOf\":{\"@id\":\"https:\\\/\\\/lospoliticosveracruz.com\\\/#website\"},\"primaryImageOfPage\":{\"@id\":\"https:\\\/\\\/lospoliticosveracruz.com\\\/?p=52397#primaryimage\"},\"image\":{\"@id\":\"https:\\\/\\\/lospoliticosveracruz.com\\\/?p=52397#primaryimage\"},\"thumbnailUrl\":\"https:\\\/\\\/lospoliticosveracruz.com\\\/wp-content\\\/uploads\\\/2019\\\/06\\\/veraruz-violencia-migracion.jpg\",\"datePublished\":\"2020-02-04T16:02:58+00:00\",\"breadcrumb\":{\"@id\":\"https:\\\/\\\/lospoliticosveracruz.com\\\/?p=52397#breadcrumb\"},\"inLanguage\":\"es\",\"potentialAction\":[{\"@type\":\"ReadAction\",\"target\":[\"https:\\\/\\\/lospoliticosveracruz.com\\\/?p=52397\"]}]},{\"@type\":\"ImageObject\",\"inLanguage\":\"es\",\"@id\":\"https:\\\/\\\/lospoliticosveracruz.com\\\/?p=52397#primaryimage\",\"url\":\"https:\\\/\\\/lospoliticosveracruz.com\\\/wp-content\\\/uploads\\\/2019\\\/06\\\/veraruz-violencia-migracion.jpg\",\"contentUrl\":\"https:\\\/\\\/lospoliticosveracruz.com\\\/wp-content\\\/uploads\\\/2019\\\/06\\\/veraruz-violencia-migracion.jpg\",\"width\":650,\"height\":366},{\"@type\":\"BreadcrumbList\",\"@id\":\"https:\\\/\\\/lospoliticosveracruz.com\\\/?p=52397#breadcrumb\",\"itemListElement\":[{\"@type\":\"ListItem\",\"position\":1,\"name\":\"Portada\",\"item\":\"https:\\\/\\\/lospoliticosveracruz.com\\\/\"},{\"@type\":\"ListItem\",\"position\":2,\"name\":\"\u00a1La violencia, desatada!\"}]},{\"@type\":\"WebSite\",\"@id\":\"https:\\\/\\\/lospoliticosveracruz.com\\\/#website\",\"url\":\"https:\\\/\\\/lospoliticosveracruz.com\\\/\",\"name\":\"Los pol\u00edticos Veracruz\",\"description\":\"\",\"publisher\":{\"@id\":\"https:\\\/\\\/lospoliticosveracruz.com\\\/#organization\"},\"potentialAction\":[{\"@type\":\"SearchAction\",\"target\":{\"@type\":\"EntryPoint\",\"urlTemplate\":\"https:\\\/\\\/lospoliticosveracruz.com\\\/?s={search_term_string}\"},\"query-input\":{\"@type\":\"PropertyValueSpecification\",\"valueRequired\":true,\"valueName\":\"search_term_string\"}}],\"inLanguage\":\"es\"},{\"@type\":\"Organization\",\"@id\":\"https:\\\/\\\/lospoliticosveracruz.com\\\/#organization\",\"name\":\"Los pol\u00edticos Veracruz\",\"url\":\"https:\\\/\\\/lospoliticosveracruz.com\\\/\",\"logo\":{\"@type\":\"ImageObject\",\"inLanguage\":\"es\",\"@id\":\"https:\\\/\\\/lospoliticosveracruz.com\\\/#\\\/schema\\\/logo\\\/image\\\/\",\"url\":\"https:\\\/\\\/lospoliticosveracruz.com\\\/wp-content\\\/uploads\\\/2025\\\/12\\\/Logo-Nuevo-LOS-POLITICOS-1.jpg\",\"contentUrl\":\"https:\\\/\\\/lospoliticosveracruz.com\\\/wp-content\\\/uploads\\\/2025\\\/12\\\/Logo-Nuevo-LOS-POLITICOS-1.jpg\",\"width\":260,\"height\":70,\"caption\":\"Los pol\u00edticos Veracruz\"},\"image\":{\"@id\":\"https:\\\/\\\/lospoliticosveracruz.com\\\/#\\\/schema\\\/logo\\\/image\\\/\"},\"sameAs\":[\"https:\\\/\\\/www.facebook.com\\\/people\\\/Notimemes-de-los-Polticos\\\/61565672886568\\\/\",\"https:\\\/\\\/x.com\\\/LosPoliticosVer\"]},{\"@type\":\"Person\",\"@id\":\"https:\\\/\\\/lospoliticosveracruz.com\\\/#\\\/schema\\\/person\\\/b8702bb0e538456e6efd07080bf2a4a2\",\"name\":\"Lo viste en Los Pol\u00edticos\",\"image\":{\"@type\":\"ImageObject\",\"inLanguage\":\"es\",\"@id\":\"https:\\\/\\\/secure.gravatar.com\\\/avatar\\\/3a8de04a2656d44082be478bd6c086daa447c4651605818287b9532d3d0bd435?s=96&d=mm&r=g\",\"url\":\"https:\\\/\\\/secure.gravatar.com\\\/avatar\\\/3a8de04a2656d44082be478bd6c086daa447c4651605818287b9532d3d0bd435?s=96&d=mm&r=g\",\"contentUrl\":\"https:\\\/\\\/secure.gravatar.com\\\/avatar\\\/3a8de04a2656d44082be478bd6c086daa447c4651605818287b9532d3d0bd435?s=96&d=mm&r=g\",\"caption\":\"Lo viste en Los Pol\u00edticos\"},\"url\":\"https:\\\/\\\/lospoliticosveracruz.com\\\/?author=2\"}]}<\/script>\n<!-- \/ Yoast SEO plugin. -->","yoast_head_json":{"title":"\u00a1La violencia, desatada! - Los pol\u00edticos Veracruz","robots":{"index":"index","follow":"follow","max-snippet":"max-snippet:-1","max-image-preview":"max-image-preview:large","max-video-preview":"max-video-preview:-1"},"canonical":"https:\/\/lospoliticosveracruz.com\/?p=52397","og_locale":"es_ES","og_type":"article","og_title":"\u00a1La violencia, desatada! - Los pol\u00edticos Veracruz","og_description":"Ricardo Ch\u00faa Sale y Vale LUNES \u00abHORRIBILIS\u00bb&#8230; La seguridad es cada vez m\u00e1s insegura en Veracruz&#8230; No hay d\u00eda que pase y por m\u00e1s discursos o \u00abrollos\u00bb de que se est\u00e1 combatiendo al crimen en la entidad&#8230; Esta cada d\u00eda le gana m\u00e1s espacio al gobierno de MORENA en el Estado&#8230; Ni la federaci\u00f3n, ni [&hellip;]","og_url":"https:\/\/lospoliticosveracruz.com\/?p=52397","og_site_name":"Los pol\u00edticos Veracruz","article_publisher":"https:\/\/www.facebook.com\/people\/Notimemes-de-los-Polticos\/61565672886568\/","article_published_time":"2020-02-04T16:02:58+00:00","og_image":[{"width":650,"height":366,"url":"https:\/\/lospoliticosveracruz.com\/wp-content\/uploads\/2019\/06\/veraruz-violencia-migracion.jpg","type":"image\/jpeg"}],"author":"Lo viste en Los Pol\u00edticos","twitter_card":"summary_large_image","twitter_creator":"@LosPoliticosVer","twitter_site":"@LosPoliticosVer","twitter_misc":{"Escrito por":"Lo viste en Los Pol\u00edticos","Tiempo de lectura":"6 minutos"},"schema":{"@context":"https:\/\/schema.org","@graph":[{"@type":"Article","@id":"https:\/\/lospoliticosveracruz.com\/?p=52397#article","isPartOf":{"@id":"https:\/\/lospoliticosveracruz.com\/?p=52397"},"author":{"name":"Lo viste en Los Pol\u00edticos","@id":"https:\/\/lospoliticosveracruz.com\/#\/schema\/person\/b8702bb0e538456e6efd07080bf2a4a2"},"headline":"\u00a1La violencia, desatada!","datePublished":"2020-02-04T16:02:58+00:00","mainEntityOfPage":{"@id":"https:\/\/lospoliticosveracruz.com\/?p=52397"},"wordCount":1168,"commentCount":0,"publisher":{"@id":"https:\/\/lospoliticosveracruz.com\/#organization"},"image":{"@id":"https:\/\/lospoliticosveracruz.com\/?p=52397#primaryimage"},"thumbnailUrl":"https:\/\/lospoliticosveracruz.com\/wp-content\/uploads\/2019\/06\/veraruz-violencia-migracion.jpg","keywords":["Coatzacoalcos","Cotaxtla","Cuitl\u00e1huac Garc\u00eda","Duport Osti\u00f3n","Enrique Alvarez Timoteo","Guardia Nacional","inseguridad","Iv\u00e1n Luna","Jaime Crivelli","Jorge Baruch","Minatitl\u00e1n","Morena","Narciso Elvira","Ricardo Ch\u00faa","Secretar\u00eda de la Defensa Nacional","Soriana","Veracruz","violencia"],"articleSection":["De Opini\u00f3n"],"inLanguage":"es","potentialAction":[{"@type":"CommentAction","name":"Comment","target":["https:\/\/lospoliticosveracruz.com\/?p=52397#respond"]}]},{"@type":"WebPage","@id":"https:\/\/lospoliticosveracruz.com\/?p=52397","url":"https:\/\/lospoliticosveracruz.com\/?p=52397","name":"\u00a1La violencia, desatada! - Los pol\u00edticos Veracruz","isPartOf":{"@id":"https:\/\/lospoliticosveracruz.com\/#website"},"primaryImageOfPage":{"@id":"https:\/\/lospoliticosveracruz.com\/?p=52397#primaryimage"},"image":{"@id":"https:\/\/lospoliticosveracruz.com\/?p=52397#primaryimage"},"thumbnailUrl":"https:\/\/lospoliticosveracruz.com\/wp-content\/uploads\/2019\/06\/veraruz-violencia-migracion.jpg","datePublished":"2020-02-04T16:02:58+00:00","breadcrumb":{"@id":"https:\/\/lospoliticosveracruz.com\/?p=52397#breadcrumb"},"inLanguage":"es","potentialAction":[{"@type":"ReadAction","target":["https:\/\/lospoliticosveracruz.com\/?p=52397"]}]},{"@type":"ImageObject","inLanguage":"es","@id":"https:\/\/lospoliticosveracruz.com\/?p=52397#primaryimage","url":"https:\/\/lospoliticosveracruz.com\/wp-content\/uploads\/2019\/06\/veraruz-violencia-migracion.jpg","contentUrl":"https:\/\/lospoliticosveracruz.com\/wp-content\/uploads\/2019\/06\/veraruz-violencia-migracion.jpg","width":650,"height":366},{"@type":"BreadcrumbList","@id":"https:\/\/lospoliticosveracruz.com\/?p=52397#breadcrumb","itemListElement":[{"@type":"ListItem","position":1,"name":"Portada","item":"https:\/\/lospoliticosveracruz.com\/"},{"@type":"ListItem","position":2,"name":"\u00a1La violencia, desatada!"}]},{"@type":"WebSite","@id":"https:\/\/lospoliticosveracruz.com\/#website","url":"https:\/\/lospoliticosveracruz.com\/","name":"Los pol\u00edticos Veracruz","description":"","publisher":{"@id":"https:\/\/lospoliticosveracruz.com\/#organization"},"potentialAction":[{"@type":"SearchAction","target":{"@type":"EntryPoint","urlTemplate":"https:\/\/lospoliticosveracruz.com\/?s={search_term_string}"},"query-input":{"@type":"PropertyValueSpecification","valueRequired":true,"valueName":"search_term_string"}}],"inLanguage":"es"},{"@type":"Organization","@id":"https:\/\/lospoliticosveracruz.com\/#organization","name":"Los pol\u00edticos Veracruz","url":"https:\/\/lospoliticosveracruz.com\/","logo":{"@type":"ImageObject","inLanguage":"es","@id":"https:\/\/lospoliticosveracruz.com\/#\/schema\/logo\/image\/","url":"https:\/\/lospoliticosveracruz.com\/wp-content\/uploads\/2025\/12\/Logo-Nuevo-LOS-POLITICOS-1.jpg","contentUrl":"https:\/\/lospoliticosveracruz.com\/wp-content\/uploads\/2025\/12\/Logo-Nuevo-LOS-POLITICOS-1.jpg","width":260,"height":70,"caption":"Los pol\u00edticos Veracruz"},"image":{"@id":"https:\/\/lospoliticosveracruz.com\/#\/schema\/logo\/image\/"},"sameAs":["https:\/\/www.facebook.com\/people\/Notimemes-de-los-Polticos\/61565672886568\/","https:\/\/x.com\/LosPoliticosVer"]},{"@type":"Person","@id":"https:\/\/lospoliticosveracruz.com\/#\/schema\/person\/b8702bb0e538456e6efd07080bf2a4a2","name":"Lo viste en Los Pol\u00edticos","image":{"@type":"ImageObject","inLanguage":"es","@id":"https:\/\/secure.gravatar.com\/avatar\/3a8de04a2656d44082be478bd6c086daa447c4651605818287b9532d3d0bd435?s=96&d=mm&r=g","url":"https:\/\/secure.gravatar.com\/avatar\/3a8de04a2656d44082be478bd6c086daa447c4651605818287b9532d3d0bd435?s=96&d=mm&r=g","contentUrl":"https:\/\/secure.gravatar.com\/avatar\/3a8de04a2656d44082be478bd6c086daa447c4651605818287b9532d3d0bd435?s=96&d=mm&r=g","caption":"Lo viste en Los Pol\u00edticos"},"url":"https:\/\/lospoliticosveracruz.com\/?author=2"}]}},"_links":{"self":[{"href":"https:\/\/lospoliticosveracruz.com\/index.php?rest_route=\/wp\/v2\/posts\/52397","targetHints":{"allow":["GET"]}}],"collection":[{"href":"https:\/\/lospoliticosveracruz.com\/index.php?rest_route=\/wp\/v2\/posts"}],"about":[{"href":"https:\/\/lospoliticosveracruz.com\/index.php?rest_route=\/wp\/v2\/types\/post"}],"author":[{"embeddable":true,"href":"https:\/\/lospoliticosveracruz.com\/index.php?rest_route=\/wp\/v2\/users\/2"}],"replies":[{"embeddable":true,"href":"https:\/\/lospoliticosveracruz.com\/index.php?rest_route=%2Fwp%2Fv2%2Fcomments&post=52397"}],"version-history":[{"count":1,"href":"https:\/\/lospoliticosveracruz.com\/index.php?rest_route=\/wp\/v2\/posts\/52397\/revisions"}],"predecessor-version":[{"id":52398,"href":"https:\/\/lospoliticosveracruz.com\/index.php?rest_route=\/wp\/v2\/posts\/52397\/revisions\/52398"}],"wp:featuredmedia":[{"embeddable":true,"href":"https:\/\/lospoliticosveracruz.com\/index.php?rest_route=\/wp\/v2\/media\/48521"}],"wp:attachment":[{"href":"https:\/\/lospoliticosveracruz.com\/index.php?rest_route=%2Fwp%2Fv2%2Fmedia&parent=52397"}],"wp:term":[{"taxonomy":"category","embeddable":true,"href":"https:\/\/lospoliticosveracruz.com\/index.php?rest_route=%2Fwp%2Fv2%2Fcategories&post=52397"},{"taxonomy":"post_tag","embeddable":true,"href":"https:\/\/lospoliticosveracruz.com\/index.php?rest_route=%2Fwp%2Fv2%2Ftags&post=52397"}],"curies":[{"name":"wp","href":"https:\/\/api.w.org\/{rel}","templated":true}]}}