{"id":52419,"date":"2020-02-05T07:56:04","date_gmt":"2020-02-05T13:56:04","guid":{"rendered":"http:\/\/www.lospoliticosveracruz.com.mx\/?p=52419"},"modified":"2020-02-05T07:56:04","modified_gmt":"2020-02-05T13:56:04","slug":"4t-y-b8-proyectos-bifurcados","status":"publish","type":"post","link":"https:\/\/lospoliticosveracruz.com\/?p=52419","title":{"rendered":"4T y B8: Proyectos bifurcados"},"content":{"rendered":"<p dir=\"ltr\"><strong>Salvador Mu\u00f1oz<\/strong><\/p>\n<p><em>Los Pol\u00edticos<\/em><\/p>\n<p dir=\"ltr\">La cuatrise\u00f1al de Juan Javier G\u00f3mez Cazar\u00edn en cada foto que le toman hablan de un proyecto que bien puede gustar a muchos y a otros no, como en toda democracia que se respete. As\u00ed, vemos al diputado del Distrito XXV por San Andr\u00e9s Tuxtla, en cada trabajo de gestor\u00eda, como lo fue Coyame, camino en Tebanca o en la estructura de lo que ha de ser una planta de renovaci\u00f3n de llantas haciendo lo que cualquier pol\u00edtico hace: trabajando por un proyecto, en este caso el de la 4T expresada en la mano del legislador mostrando cuatro dedos. Un caso particular, reciente, es ver al Car\u00f3n, como se le conoce en Hueyapan de Ocampo, en la pavimentaci\u00f3n de 8.5 kil\u00f3metros de la carretera Jos\u00e9 Azueta-Tesechoac\u00e1n, donde estuvo acompa\u00f1ado por dos diputados: Brianda Kristel Hern\u00e1ndez Topete y Henri Christophe G\u00f3mez.<\/p>\n<p dir=\"ltr\">En el caso de la diputada por el distrito XXIV de Santiago Tuxtla, hay que destacar que llega a la curul bajo las siglas del PRD y si bien puede haber diferencias de criterios e ideolog\u00edas, al menos en este caso, los uni\u00f3 el bien com\u00fan en pro de los habitantes de esta regi\u00f3n\u2026<\/p>\n<p dir=\"ltr\">En el caso del diputado plurinominal, el que llev\u00f3 a Tribuna una iniciativa que pretende acabar con el \u201cNepotismo por herencia\u201d en cargos de representaci\u00f3n popular, nos hace recordar todo lo contrario a lo que profesa Juan Javier G\u00f3mez Cazar\u00edn\u2026 pero ahora no por las apariencias de Henri, sino de otro diputado, pero para citar al legislador hay que pasar antes por la Secretar\u00eda de Gobierno y despu\u00e9s por el Registro Civil.<\/p>\n<p dir=\"ltr\">Para nadie es un secreto que si hay alguien que trabaje en su proyecci\u00f3n pol\u00edtica personal, lejos de la Cuarta Transformaci\u00f3n, es Eric Cisneros Burgos, quien dej\u00f3 de hacer ruido tras el asesinato de Juan Carlos Molina Palacios, pero sigue operando desde Otatitl\u00e1n.<\/p>\n<p dir=\"ltr\">La idea, generar \u201cliderazgos\u201d, primero, en la zona de la Cuenca del Papaloapan as\u00ed como los Llanos del Sotavento; luego, extenderlos y para ello, requiere de aliados, entre ellos, ex alcaldes como Amanda Gasper\u00edn Bulbarela, quien pretende ser de nuevo presidenta municipal por Juan Rodr\u00edguez Clara, pero v\u00eda Morena; otros aliados son los diputados, como Eric Dom\u00ednguez V\u00e1zquez, del Distrito VI de Papantla.<\/p>\n<p dir=\"ltr\">El mismo Eric Cisneros sabe que su tocayo est\u00e1 donde est\u00e1 por el efecto AMLO y dif\u00edcilmente por s\u00ed podr\u00eda competir por otro cargo de representaci\u00f3n popular, para ello (ac\u00e1 entra la Tesis de Henri Christophe), entra el primo del Diputado papanteco: Manuel Arturo Dom\u00ednguez Galv\u00e1n. Si se pregunta qui\u00e9n es, se trata del titular del Registro Civil en el Estado\u2026<\/p>\n<p dir=\"ltr\">Ahora bien, este s\u00e1bado y domingo la Brigada del Registro Civil estar\u00e1 en la zona de Papantla y si bien, estas jornadas se hacen en nombre del Gobernador, baste recordar cu\u00e1ntos cr\u00edmenes se cometieron en las cruzadas \u201cen el nombre de Dios\u201d.<\/p>\n<p dir=\"ltr\">Muchos pueden decir que las Jornadas son ben\u00e9ficas porque se acercan a la gente, y es cierto, pero antes de trabajar afuera hay que empezar adentro, porque para muchos empleados y ciudadanos que acuden a la esquina de L\u00e1zaro C\u00e1rdenas con Encanto, es evidente el\u00a0 relajito laboral que hay en las oficinas centrales de Registro Civil, pues a un a\u00f1o de estar en el cargo, se percibe la misma incapacidad de proponer o hacer algo, o en el peor de los casos, aceptar sugerencias para dar un mejor servicio a la gente que viene de lejos para realizar alg\u00fan tr\u00e1mite, mismo que tiene un promedio de realizaci\u00f3n de 5 a 15 d\u00edas \u00a1o m\u00e1s! Al final, el fin justifica los medios: Promover al \u201cDiputado Con el Pueblo Nada\u201d, frase c\u00e9lebre de Eric Dom\u00ednguez.<\/p>\n<p dir=\"ltr\">\u00a1Ah! A muchos nos queda claro que por su extensi\u00f3n, requiere atenci\u00f3n especial Papantla, \u00a1pero \u00e9sta ser\u00e1 la tercera ocasi\u00f3n en que Eric Dom\u00ednguez V\u00e1zquez tendr\u00e1 oportunidad de pararse el cuello al lado del secretario de Gobierno y, s\u00ed, igual el primo, Manuel Arturo, quien ya destaca como promotor de talentos en J\u00f3venes Construyendo el Futuro, como fue el caso de la nueva Oficial en Xico\u2026 en pocos meses, de cero a Jefa.<\/p>\n<p dir=\"ltr\">As\u00ed, en Morena, hay quienes trabajan bajo el proyecto de la 4T y otros, en el proyecto de la B8\u2026<\/p>\n<p>&nbsp;<\/p>\n<p dir=\"ltr\"><a href=\"mailto:smcainito@gmail.com\" target=\"_blank\">smcainito@gmail.com<\/a><\/p>\n","protected":false},"excerpt":{"rendered":"<p>Salvador Mu\u00f1oz Los Pol\u00edticos La cuatrise\u00f1al de Juan Javier G\u00f3mez Cazar\u00edn en cada foto que le toman hablan de un proyecto que bien puede gustar a muchos y a otros no, como en toda democracia que se respete. As\u00ed, vemos al diputado del Distrito XXV por San Andr\u00e9s Tuxtla, en cada trabajo de gestor\u00eda, como [&hellip;]<\/p>\n","protected":false},"author":2,"featured_media":0,"comment_status":"open","ping_status":"open","sticky":false,"template":"","format":"standard","meta":{"tdm_status":"","tdm_grid_status":"","footnotes":""},"categories":[70],"tags":[13814,12744,12698,12299,13135,16257,12695,16168,3315,2029,2646,1105],"class_list":{"0":"post-52419","1":"post","2":"type-post","3":"status-publish","4":"format-standard","6":"category-de-opinion","7":"tag-brianda-kristel-hernandez-topete","8":"tag-cuarta-transformacion","9":"tag-el-caron","10":"tag-eric-cisneros-burgos","11":"tag-eric-dominguez-vazquez","12":"tag-henri-christophe-gomez","13":"tag-juan-javier-gomez-cazarin","14":"tag-manuel-arturo-dominguez-galvan","15":"tag-papantla","16":"tag-registro-civil","17":"tag-salvador-munoz","18":"tag-santiago-tuxtla"},"yoast_head":"<!-- This site is optimized with the Yoast SEO plugin v27.4 - https:\/\/yoast.com\/product\/yoast-seo-wordpress\/ -->\n<title>4T y B8: Proyectos bifurcados - Los pol\u00edticos Veracruz<\/title>\n<meta name=\"robots\" content=\"index, follow, max-snippet:-1, max-image-preview:large, max-video-preview:-1\" \/>\n<link rel=\"canonical\" href=\"https:\/\/lospoliticosveracruz.com\/?p=52419\" \/>\n<meta property=\"og:locale\" content=\"es_ES\" \/>\n<meta property=\"og:type\" content=\"article\" \/>\n<meta property=\"og:title\" content=\"4T y B8: Proyectos bifurcados - Los pol\u00edticos Veracruz\" \/>\n<meta property=\"og:description\" content=\"Salvador Mu\u00f1oz Los Pol\u00edticos La cuatrise\u00f1al de Juan Javier G\u00f3mez Cazar\u00edn en cada foto que le toman hablan de un proyecto que bien puede gustar a muchos y a otros no, como en toda democracia que se respete. As\u00ed, vemos al diputado del Distrito XXV por San Andr\u00e9s Tuxtla, en cada trabajo de gestor\u00eda, como [&hellip;]\" \/>\n<meta property=\"og:url\" content=\"https:\/\/lospoliticosveracruz.com\/?p=52419\" \/>\n<meta property=\"og:site_name\" content=\"Los pol\u00edticos Veracruz\" \/>\n<meta property=\"article:publisher\" content=\"https:\/\/www.facebook.com\/people\/Notimemes-de-los-Polticos\/61565672886568\/\" \/>\n<meta property=\"article:published_time\" content=\"2020-02-05T13:56:04+00:00\" \/>\n<meta property=\"og:image\" content=\"https:\/\/lospoliticosveracruz.com\/wp-content\/uploads\/2016\/07\/Logo-Dor.jpg\" \/>\n\t<meta property=\"og:image:width\" content=\"200\" \/>\n\t<meta property=\"og:image:height\" content=\"200\" \/>\n\t<meta property=\"og:image:type\" content=\"image\/jpeg\" \/>\n<meta name=\"author\" content=\"Lo viste en Los Pol\u00edticos\" \/>\n<meta name=\"twitter:card\" content=\"summary_large_image\" \/>\n<meta name=\"twitter:creator\" content=\"@LosPoliticosVer\" \/>\n<meta name=\"twitter:site\" content=\"@LosPoliticosVer\" \/>\n<meta name=\"twitter:label1\" content=\"Escrito por\" \/>\n\t<meta name=\"twitter:data1\" content=\"Lo viste en Los Pol\u00edticos\" \/>\n\t<meta name=\"twitter:label2\" content=\"Tiempo de lectura\" \/>\n\t<meta name=\"twitter:data2\" content=\"4 minutos\" \/>\n<script type=\"application\/ld+json\" class=\"yoast-schema-graph\">{\"@context\":\"https:\\\/\\\/schema.org\",\"@graph\":[{\"@type\":\"Article\",\"@id\":\"https:\\\/\\\/lospoliticosveracruz.com\\\/?p=52419#article\",\"isPartOf\":{\"@id\":\"https:\\\/\\\/lospoliticosveracruz.com\\\/?p=52419\"},\"author\":{\"name\":\"Lo viste en Los Pol\u00edticos\",\"@id\":\"https:\\\/\\\/lospoliticosveracruz.com\\\/#\\\/schema\\\/person\\\/b8702bb0e538456e6efd07080bf2a4a2\"},\"headline\":\"4T y B8: Proyectos bifurcados\",\"datePublished\":\"2020-02-05T13:56:04+00:00\",\"mainEntityOfPage\":{\"@id\":\"https:\\\/\\\/lospoliticosveracruz.com\\\/?p=52419\"},\"wordCount\":770,\"commentCount\":0,\"publisher\":{\"@id\":\"https:\\\/\\\/lospoliticosveracruz.com\\\/#organization\"},\"keywords\":[\"Brianda Kristel Hern\u00e1ndez Topete\",\"Cuarta Transformaci\u00f3n\",\"El Car\u00f3n\",\"Eric Cisneros Burgos\",\"Eric Dom\u00ednguez V\u00e1zquez\",\"Henri Christophe G\u00f3mez\",\"Juan Javier G\u00f3mez Cazar\u00edn\",\"Manuel Arturo Dom\u00ednguez Galv\u00e1n\",\"Papantla\",\"Registro Civil\",\"Salvador Mu\u00f1oz\",\"Santiago Tuxtla\"],\"articleSection\":[\"De Opini\u00f3n\"],\"inLanguage\":\"es\",\"potentialAction\":[{\"@type\":\"CommentAction\",\"name\":\"Comment\",\"target\":[\"https:\\\/\\\/lospoliticosveracruz.com\\\/?p=52419#respond\"]}]},{\"@type\":\"WebPage\",\"@id\":\"https:\\\/\\\/lospoliticosveracruz.com\\\/?p=52419\",\"url\":\"https:\\\/\\\/lospoliticosveracruz.com\\\/?p=52419\",\"name\":\"4T y B8: Proyectos bifurcados - Los pol\u00edticos Veracruz\",\"isPartOf\":{\"@id\":\"https:\\\/\\\/lospoliticosveracruz.com\\\/#website\"},\"datePublished\":\"2020-02-05T13:56:04+00:00\",\"breadcrumb\":{\"@id\":\"https:\\\/\\\/lospoliticosveracruz.com\\\/?p=52419#breadcrumb\"},\"inLanguage\":\"es\",\"potentialAction\":[{\"@type\":\"ReadAction\",\"target\":[\"https:\\\/\\\/lospoliticosveracruz.com\\\/?p=52419\"]}]},{\"@type\":\"BreadcrumbList\",\"@id\":\"https:\\\/\\\/lospoliticosveracruz.com\\\/?p=52419#breadcrumb\",\"itemListElement\":[{\"@type\":\"ListItem\",\"position\":1,\"name\":\"Portada\",\"item\":\"https:\\\/\\\/lospoliticosveracruz.com\\\/\"},{\"@type\":\"ListItem\",\"position\":2,\"name\":\"4T y B8: Proyectos bifurcados\"}]},{\"@type\":\"WebSite\",\"@id\":\"https:\\\/\\\/lospoliticosveracruz.com\\\/#website\",\"url\":\"https:\\\/\\\/lospoliticosveracruz.com\\\/\",\"name\":\"Los pol\u00edticos Veracruz\",\"description\":\"\",\"publisher\":{\"@id\":\"https:\\\/\\\/lospoliticosveracruz.com\\\/#organization\"},\"potentialAction\":[{\"@type\":\"SearchAction\",\"target\":{\"@type\":\"EntryPoint\",\"urlTemplate\":\"https:\\\/\\\/lospoliticosveracruz.com\\\/?s={search_term_string}\"},\"query-input\":{\"@type\":\"PropertyValueSpecification\",\"valueRequired\":true,\"valueName\":\"search_term_string\"}}],\"inLanguage\":\"es\"},{\"@type\":\"Organization\",\"@id\":\"https:\\\/\\\/lospoliticosveracruz.com\\\/#organization\",\"name\":\"Los pol\u00edticos Veracruz\",\"url\":\"https:\\\/\\\/lospoliticosveracruz.com\\\/\",\"logo\":{\"@type\":\"ImageObject\",\"inLanguage\":\"es\",\"@id\":\"https:\\\/\\\/lospoliticosveracruz.com\\\/#\\\/schema\\\/logo\\\/image\\\/\",\"url\":\"https:\\\/\\\/lospoliticosveracruz.com\\\/wp-content\\\/uploads\\\/2025\\\/12\\\/Logo-Nuevo-LOS-POLITICOS-1.jpg\",\"contentUrl\":\"https:\\\/\\\/lospoliticosveracruz.com\\\/wp-content\\\/uploads\\\/2025\\\/12\\\/Logo-Nuevo-LOS-POLITICOS-1.jpg\",\"width\":260,\"height\":70,\"caption\":\"Los pol\u00edticos Veracruz\"},\"image\":{\"@id\":\"https:\\\/\\\/lospoliticosveracruz.com\\\/#\\\/schema\\\/logo\\\/image\\\/\"},\"sameAs\":[\"https:\\\/\\\/www.facebook.com\\\/people\\\/Notimemes-de-los-Polticos\\\/61565672886568\\\/\",\"https:\\\/\\\/x.com\\\/LosPoliticosVer\"]},{\"@type\":\"Person\",\"@id\":\"https:\\\/\\\/lospoliticosveracruz.com\\\/#\\\/schema\\\/person\\\/b8702bb0e538456e6efd07080bf2a4a2\",\"name\":\"Lo viste en Los Pol\u00edticos\",\"image\":{\"@type\":\"ImageObject\",\"inLanguage\":\"es\",\"@id\":\"https:\\\/\\\/secure.gravatar.com\\\/avatar\\\/3a8de04a2656d44082be478bd6c086daa447c4651605818287b9532d3d0bd435?s=96&d=mm&r=g\",\"url\":\"https:\\\/\\\/secure.gravatar.com\\\/avatar\\\/3a8de04a2656d44082be478bd6c086daa447c4651605818287b9532d3d0bd435?s=96&d=mm&r=g\",\"contentUrl\":\"https:\\\/\\\/secure.gravatar.com\\\/avatar\\\/3a8de04a2656d44082be478bd6c086daa447c4651605818287b9532d3d0bd435?s=96&d=mm&r=g\",\"caption\":\"Lo viste en Los Pol\u00edticos\"},\"url\":\"https:\\\/\\\/lospoliticosveracruz.com\\\/?author=2\"}]}<\/script>\n<!-- \/ Yoast SEO plugin. -->","yoast_head_json":{"title":"4T y B8: Proyectos bifurcados - Los pol\u00edticos Veracruz","robots":{"index":"index","follow":"follow","max-snippet":"max-snippet:-1","max-image-preview":"max-image-preview:large","max-video-preview":"max-video-preview:-1"},"canonical":"https:\/\/lospoliticosveracruz.com\/?p=52419","og_locale":"es_ES","og_type":"article","og_title":"4T y B8: Proyectos bifurcados - Los pol\u00edticos Veracruz","og_description":"Salvador Mu\u00f1oz Los Pol\u00edticos La cuatrise\u00f1al de Juan Javier G\u00f3mez Cazar\u00edn en cada foto que le toman hablan de un proyecto que bien puede gustar a muchos y a otros no, como en toda democracia que se respete. As\u00ed, vemos al diputado del Distrito XXV por San Andr\u00e9s Tuxtla, en cada trabajo de gestor\u00eda, como [&hellip;]","og_url":"https:\/\/lospoliticosveracruz.com\/?p=52419","og_site_name":"Los pol\u00edticos Veracruz","article_publisher":"https:\/\/www.facebook.com\/people\/Notimemes-de-los-Polticos\/61565672886568\/","article_published_time":"2020-02-05T13:56:04+00:00","og_image":[{"width":200,"height":200,"url":"https:\/\/lospoliticosveracruz.com\/wp-content\/uploads\/2016\/07\/Logo-Dor.jpg","type":"image\/jpeg"}],"author":"Lo viste en Los Pol\u00edticos","twitter_card":"summary_large_image","twitter_creator":"@LosPoliticosVer","twitter_site":"@LosPoliticosVer","twitter_misc":{"Escrito por":"Lo viste en Los Pol\u00edticos","Tiempo de lectura":"4 minutos"},"schema":{"@context":"https:\/\/schema.org","@graph":[{"@type":"Article","@id":"https:\/\/lospoliticosveracruz.com\/?p=52419#article","isPartOf":{"@id":"https:\/\/lospoliticosveracruz.com\/?p=52419"},"author":{"name":"Lo viste en Los Pol\u00edticos","@id":"https:\/\/lospoliticosveracruz.com\/#\/schema\/person\/b8702bb0e538456e6efd07080bf2a4a2"},"headline":"4T y B8: Proyectos bifurcados","datePublished":"2020-02-05T13:56:04+00:00","mainEntityOfPage":{"@id":"https:\/\/lospoliticosveracruz.com\/?p=52419"},"wordCount":770,"commentCount":0,"publisher":{"@id":"https:\/\/lospoliticosveracruz.com\/#organization"},"keywords":["Brianda Kristel Hern\u00e1ndez Topete","Cuarta Transformaci\u00f3n","El Car\u00f3n","Eric Cisneros Burgos","Eric Dom\u00ednguez V\u00e1zquez","Henri Christophe G\u00f3mez","Juan Javier G\u00f3mez Cazar\u00edn","Manuel Arturo Dom\u00ednguez Galv\u00e1n","Papantla","Registro Civil","Salvador Mu\u00f1oz","Santiago Tuxtla"],"articleSection":["De Opini\u00f3n"],"inLanguage":"es","potentialAction":[{"@type":"CommentAction","name":"Comment","target":["https:\/\/lospoliticosveracruz.com\/?p=52419#respond"]}]},{"@type":"WebPage","@id":"https:\/\/lospoliticosveracruz.com\/?p=52419","url":"https:\/\/lospoliticosveracruz.com\/?p=52419","name":"4T y B8: Proyectos bifurcados - Los pol\u00edticos Veracruz","isPartOf":{"@id":"https:\/\/lospoliticosveracruz.com\/#website"},"datePublished":"2020-02-05T13:56:04+00:00","breadcrumb":{"@id":"https:\/\/lospoliticosveracruz.com\/?p=52419#breadcrumb"},"inLanguage":"es","potentialAction":[{"@type":"ReadAction","target":["https:\/\/lospoliticosveracruz.com\/?p=52419"]}]},{"@type":"BreadcrumbList","@id":"https:\/\/lospoliticosveracruz.com\/?p=52419#breadcrumb","itemListElement":[{"@type":"ListItem","position":1,"name":"Portada","item":"https:\/\/lospoliticosveracruz.com\/"},{"@type":"ListItem","position":2,"name":"4T y B8: Proyectos bifurcados"}]},{"@type":"WebSite","@id":"https:\/\/lospoliticosveracruz.com\/#website","url":"https:\/\/lospoliticosveracruz.com\/","name":"Los pol\u00edticos Veracruz","description":"","publisher":{"@id":"https:\/\/lospoliticosveracruz.com\/#organization"},"potentialAction":[{"@type":"SearchAction","target":{"@type":"EntryPoint","urlTemplate":"https:\/\/lospoliticosveracruz.com\/?s={search_term_string}"},"query-input":{"@type":"PropertyValueSpecification","valueRequired":true,"valueName":"search_term_string"}}],"inLanguage":"es"},{"@type":"Organization","@id":"https:\/\/lospoliticosveracruz.com\/#organization","name":"Los pol\u00edticos Veracruz","url":"https:\/\/lospoliticosveracruz.com\/","logo":{"@type":"ImageObject","inLanguage":"es","@id":"https:\/\/lospoliticosveracruz.com\/#\/schema\/logo\/image\/","url":"https:\/\/lospoliticosveracruz.com\/wp-content\/uploads\/2025\/12\/Logo-Nuevo-LOS-POLITICOS-1.jpg","contentUrl":"https:\/\/lospoliticosveracruz.com\/wp-content\/uploads\/2025\/12\/Logo-Nuevo-LOS-POLITICOS-1.jpg","width":260,"height":70,"caption":"Los pol\u00edticos Veracruz"},"image":{"@id":"https:\/\/lospoliticosveracruz.com\/#\/schema\/logo\/image\/"},"sameAs":["https:\/\/www.facebook.com\/people\/Notimemes-de-los-Polticos\/61565672886568\/","https:\/\/x.com\/LosPoliticosVer"]},{"@type":"Person","@id":"https:\/\/lospoliticosveracruz.com\/#\/schema\/person\/b8702bb0e538456e6efd07080bf2a4a2","name":"Lo viste en Los Pol\u00edticos","image":{"@type":"ImageObject","inLanguage":"es","@id":"https:\/\/secure.gravatar.com\/avatar\/3a8de04a2656d44082be478bd6c086daa447c4651605818287b9532d3d0bd435?s=96&d=mm&r=g","url":"https:\/\/secure.gravatar.com\/avatar\/3a8de04a2656d44082be478bd6c086daa447c4651605818287b9532d3d0bd435?s=96&d=mm&r=g","contentUrl":"https:\/\/secure.gravatar.com\/avatar\/3a8de04a2656d44082be478bd6c086daa447c4651605818287b9532d3d0bd435?s=96&d=mm&r=g","caption":"Lo viste en Los Pol\u00edticos"},"url":"https:\/\/lospoliticosveracruz.com\/?author=2"}]}},"_links":{"self":[{"href":"https:\/\/lospoliticosveracruz.com\/index.php?rest_route=\/wp\/v2\/posts\/52419","targetHints":{"allow":["GET"]}}],"collection":[{"href":"https:\/\/lospoliticosveracruz.com\/index.php?rest_route=\/wp\/v2\/posts"}],"about":[{"href":"https:\/\/lospoliticosveracruz.com\/index.php?rest_route=\/wp\/v2\/types\/post"}],"author":[{"embeddable":true,"href":"https:\/\/lospoliticosveracruz.com\/index.php?rest_route=\/wp\/v2\/users\/2"}],"replies":[{"embeddable":true,"href":"https:\/\/lospoliticosveracruz.com\/index.php?rest_route=%2Fwp%2Fv2%2Fcomments&post=52419"}],"version-history":[{"count":1,"href":"https:\/\/lospoliticosveracruz.com\/index.php?rest_route=\/wp\/v2\/posts\/52419\/revisions"}],"predecessor-version":[{"id":52421,"href":"https:\/\/lospoliticosveracruz.com\/index.php?rest_route=\/wp\/v2\/posts\/52419\/revisions\/52421"}],"wp:attachment":[{"href":"https:\/\/lospoliticosveracruz.com\/index.php?rest_route=%2Fwp%2Fv2%2Fmedia&parent=52419"}],"wp:term":[{"taxonomy":"category","embeddable":true,"href":"https:\/\/lospoliticosveracruz.com\/index.php?rest_route=%2Fwp%2Fv2%2Fcategories&post=52419"},{"taxonomy":"post_tag","embeddable":true,"href":"https:\/\/lospoliticosveracruz.com\/index.php?rest_route=%2Fwp%2Fv2%2Ftags&post=52419"}],"curies":[{"name":"wp","href":"https:\/\/api.w.org\/{rel}","templated":true}]}}