{"id":52444,"date":"2020-02-06T08:50:11","date_gmt":"2020-02-06T14:50:11","guid":{"rendered":"http:\/\/www.lospoliticosveracruz.com.mx\/?p=52444"},"modified":"2020-02-06T08:50:11","modified_gmt":"2020-02-06T14:50:11","slug":"desbanca-nahle-a-cuic","status":"publish","type":"post","link":"https:\/\/lospoliticosveracruz.com\/?p=52444","title":{"rendered":"Desbanca Nahle a Cuic"},"content":{"rendered":"<p><strong>Ricardo Ch\u00faa<\/strong><\/p>\n<p><em>Sale y Vale<\/em><\/p>\n<p>MORENA, LA CA\u00cdDA&#8230;. Un partido de oposici\u00f3n a MORENA en Veracruz hizo un estudio sobre el manejo en las redes sociales de la imagen de los principales actores pol\u00edticos del partido del poder en la entidad.. Sobre todo en la aceptaci\u00f3n que tienen en ellas&#8230; Y la gran sorpresa, es que en su gran mayor\u00eda son negativas.. S\u00f3lo 3 personajes de este \u00ablinchamiento\u00bb a sus \u00abcomunnity Manager\u00bb se salvan&#8230; A los dem\u00e1s la sociedad, los partidos y los \u00abbots\u00bb no les dan tregua&#8230;<\/p>\n<p>Pero OJO si pensaron que el personaje m\u00e1s se\u00f1alado con aspectos negativos en redes era el gobernador, Cuitl\u00e1huac Garc\u00eda&#8230; No, no, no&#8230; Est\u00e1n en error&#8230; La persona que carga m\u00e1s negativos con un 90 por ciento de comentarios adversos cuando publica algo, es nada menos que la titular de la Secretar\u00eda de Energ\u00eda, Rocio Nahle&#8230; La senadora con licencia es atacada con todo sobre todo en el sureste veracruzano&#8230; No la sueltan&#8230;. Dos Bocas, su compadre, V\u00edctor Carranza y Coatzacoalcos, son los principales motivos&#8230;<\/p>\n<p>El otro personaje m\u00e1s se\u00f1alado con NEGATIVOS es el titular de la SEV, Zenyanzen Escobar&#8230; Al \u00abTarz\u00e1n Boy\u00bb las redes lo traen de a tiro por viaje&#8230; Tambi\u00e9n lo acusan de Influyentismo y compadrazos en la secretaria y la \u00abmina de oro\u00bb que representa para \u00e9l, todo el manejo de las cooperativas escolares $$$$&#8230; Y, ahora si, le sigue Cuitl\u00e1huac Garc\u00eda como el tercero m\u00e1s se\u00f1alado con negativos&#8230; Los motivos es de todos conocidos&#8230; Pa que gastar tinta en inseguridad, inexperiencia y la terquedad de tener sumido a un estado en recesi\u00f3n econ\u00f3mica&#8230;<\/p>\n<p>Ya lo dem\u00e1s ni los conocen como funcionarios&#8230; En el mismo nivel andan Eric Cisneros y Xochitl Arbes\u00fa&#8230;. Que son otros de los m\u00e1s se\u00f1alados pero como han mantenido un perfil bajo&#8230; S\u00f3lo cuando sacan la \u00abcabeza\u00bb los \u00abtunden&#8230;. El caso contrario a ellos es Ricardo Ahued, al administrador General de Aduanas, muy poco lo se\u00f1alan con negativos&#8230; Quiz\u00e1s s\u00f3lo de priista y que fue diputado con Duarte&#8230; Pero no de otras cosas tan severas como se\u00f1alan los primeros&#8230; Es decir, la libra y bien&#8230;<\/p>\n<p>Qui\u00e9n iba a decir que Ricardo Ahued se convertir\u00eda en el principal activo pol\u00edtico de MORENA en Veracruz&#8230; Y eso que Manuel Huerta lo ve\u00eda dentro de ese partido pero \u00ablavando los ba\u00f1os\u00bb&#8230; Ja Ja Ja&#8230; Y m\u00edrenlo&#8230; Es el que mejor ve la sociedad&#8230; \u00bfDir\u00e1n lo mismo de delegado del gobierno federal en Veracruz?&#8230; Que conste, es duda&#8230; Los otros dos personajes que salen bien librados de los Morenos, son los diputados locales: Amado Cruz Malpica y Gonzalo Guisa Valladares&#8230;.<\/p>\n<p>El que los hayan \u00abgrillado\u00bb desde Palacio de Gobierno en Xalapa&#8230; Les sirvi\u00f3 para no \u00abcontaminarse\u00bb de la clase gobernante y que la sociedad no los vea con desconfianza y desd\u00e9n&#8230; Eso se lo tienen que agradecer a Cuitl\u00e1huac y Patrocinio&#8230; No los soltaron el a\u00f1o pasado y ahora se benefician de ese desprecio&#8230; Y eso que Amado era amigo de Yunes y Gonzalo tambi\u00e9n Ja Ja Ja&#8230; Con esas mediciones, ya la oposici\u00f3n en Veracruz sabe qui\u00e9n en MORENA es el \u00abrival m\u00e1s d\u00e9bil\u00bb&#8230; CONSUMATUM EST&#8230;<\/p>\n<p>FEMNISMO Y LA 4T EN VERACRUZ&#8230; Los grupos feministas en la entidad se\u00f1alan que la mujer no se escapa a la misoginia de la Cuarta Transformaci\u00f3n&#8230; Donde las \u00abperlas negras\u00bb del \u00abrosario del Estado Machista\u00bb, como llaman a hechos de violencia contra las mujeres, se siguen acumulando en el gobierno de Cuitl\u00e1huac Garc\u00eda como son: Feminicidios que no disminuyen; las mismas alertas de violencia de g\u00e9nero que no acaban de funcionar&#8230;. Por eso las siguen violentando en demas\u00eda en Veracruz&#8230;<\/p>\n<p>Pero lo que es peor&#8230; Que en el cargo de Fiscal en el Estado est\u00e1 una MUJER, Ver\u00f3nica Hern\u00e1ndez Giadans, que pese a ser parte del g\u00e9nero&#8230; La dependencia que tiene a su cargo, se dedica a reclasificar los delitos para que aparezcan menos cifras y menos casos de violencia de g\u00e9nero, a una lista que es como \u00absu nudo negro\u00bb&#8230;. Es decir, a pesar de que la encargada de procuraci\u00f3n de justicia es una dama&#8230; \u00abMaquilla\u00bb la violencia de su genero por cuestiones pol\u00edticas&#8230; No, pues, as\u00ed se va a \u00abavanzar\u00bb m\u00e1s r\u00e1pido&#8230;<\/p>\n<p>Pero eso no es todo&#8230; Los grupos femenistas se quejan dentro del gabinete de Garcia Jim\u00e9nez hay una secretaria de Turismo, Xochilt Arbes\u00fa, que invita a conferencias evang\u00e9licas en las que se promueve que las mujeres retrocedan en los derechos humanos que han alcanzado&#8230; Y que no s\u00f3lo eso&#8230; En general, un gobierno estatal de MORENA agravia incluso a las mujeres que trabajan para ellos, ejerciendo violencia institucional y pol\u00edtica en contra de las que laboran en la administraci\u00f3n p\u00fablica&#8230;<\/p>\n<p>Por eso deducen los grupos feministas veracruzanos&#8230;. Que en ning\u00fan otro gobierno en la historia de la entidad, ni siquiera con Fidel o Duarte hubo tantas mujeres encargadas de despacho&#8230; No secretarias, simples encargadas de despacho&#8230; Es decir, Cuitl\u00e1huac no les reconoce tama\u00f1os y capacidades para convertirlas en titulares de las dependencia&#8230; Se limita a dejarlas como Encargadas y nadie dice nada&#8230; Ya ni siquiera los grupos de mujeres que antes protestaban por estas acciones ahora no salen a la calle&#8230; Lastima&#8230; Todo se descubri\u00f3&#8230;<\/p>\n<p>Sobre todo que con esas acciones, Cuitl\u00e1huac Garc\u00eda cae en el juego de minimizarlas y discriminarlas por el simple hecho de ser mujeres&#8230; Al no reconocerles el derecho pleno para ocupar formalmente un cargo p\u00fablico de manera oficial y legal&#8230; No quedarse en simples encargadas&#8230; Si bien es cierto se les permite llegar al cargo pero lo dejan en el \u00ablimbo\u00bb para no reconocerles su capacidad administrativa y pol\u00edtica&#8230;<\/p>\n<p>Adem\u00e1s critican que esto no s\u00f3lo se presenta en el organigrama del gobierno estatal&#8230; Sino que tambi\u00e9n es una practica com\u00fan que abarca el poder legislativo y judicial&#8230; Vamos ni siquiera en la Fiscal\u00eda del Estado han logrado ratificar a Ver\u00f3nica Hern\u00e1ndez&#8230; Y si ella que es cercana a Cuitl\u00e1huac, no ha logrado ser la titular del cargo, que se puede esperar de los dem\u00e1s ciudadanos comunes y corrientes&#8230; Simplemente NADA&#8230;<\/p>\n<p>As\u00ed que en Veracruz&#8230; Haga lo que haga, Cuitl\u00e1huac Garc\u00eda, pasar\u00e1 a la historia como el sexenio de las \u00abENCARGADAS de Despacho\u00bb en las dependencias&#8230; Vaya contradicci\u00f3n del propio Garc\u00eda Jim\u00e9nez, que se ufana de proteger a la mujer&#8230; Pero sobre todo que esto se da, justo en el a\u00f1o en el que se aprueban las reformas constitucionales sobre la paridad de g\u00e9nero, pero que en este estado \u00abbananero\u00bb desde el poder p\u00fablico se niegue el reconocimiento pleno de los cargos que son conferidos a mujeres&#8230;. AMEN&#8230; \u00bfAcaso no es cierto?&#8230;<\/p>\n","protected":false},"excerpt":{"rendered":"<p>Ricardo Ch\u00faa Sale y Vale MORENA, LA CA\u00cdDA&#8230;. Un partido de oposici\u00f3n a MORENA en Veracruz hizo un estudio sobre el manejo en las redes sociales de la imagen de los principales actores pol\u00edticos del partido del poder en la entidad.. Sobre todo en la aceptaci\u00f3n que tienen en ellas&#8230; Y la gran sorpresa, es [&hellip;]<\/p>\n","protected":false},"author":2,"featured_media":46402,"comment_status":"open","ping_status":"open","sticky":false,"template":"","format":"standard","meta":{"tdm_status":"","tdm_grid_status":"","footnotes":""},"categories":[70],"tags":[371,10617,14643,12686,1026,13604,3578,9087,13098,195,15165],"class_list":{"0":"post-52444","1":"post","2":"type-post","3":"status-publish","4":"format-standard","5":"has-post-thumbnail","7":"category-de-opinion","8":"tag-coatzacoalcos","9":"tag-cuitlahuac-garcia-jimeez","10":"tag-dos-bocas","11":"tag-eric-cisneros","12":"tag-morena","13":"tag-ricardo-chua","14":"tag-rocio-nahle","15":"tag-secretaria-de-energia","16":"tag-tarzan-boy","17":"tag-veracruz","18":"tag-veronica-hernandez-giadans"},"yoast_head":"<!-- This site is optimized with the Yoast SEO plugin v27.4 - https:\/\/yoast.com\/product\/yoast-seo-wordpress\/ -->\n<title>Desbanca Nahle a Cuic - Los pol\u00edticos Veracruz<\/title>\n<meta name=\"robots\" content=\"index, follow, max-snippet:-1, max-image-preview:large, max-video-preview:-1\" \/>\n<link rel=\"canonical\" href=\"https:\/\/lospoliticosveracruz.com\/?p=52444\" \/>\n<meta property=\"og:locale\" content=\"es_ES\" \/>\n<meta property=\"og:type\" content=\"article\" \/>\n<meta property=\"og:title\" content=\"Desbanca Nahle a Cuic - Los pol\u00edticos Veracruz\" \/>\n<meta property=\"og:description\" content=\"Ricardo Ch\u00faa Sale y Vale MORENA, LA CA\u00cdDA&#8230;. Un partido de oposici\u00f3n a MORENA en Veracruz hizo un estudio sobre el manejo en las redes sociales de la imagen de los principales actores pol\u00edticos del partido del poder en la entidad.. Sobre todo en la aceptaci\u00f3n que tienen en ellas&#8230; Y la gran sorpresa, es [&hellip;]\" \/>\n<meta property=\"og:url\" content=\"https:\/\/lospoliticosveracruz.com\/?p=52444\" \/>\n<meta property=\"og:site_name\" content=\"Los pol\u00edticos Veracruz\" \/>\n<meta property=\"article:publisher\" content=\"https:\/\/www.facebook.com\/people\/Notimemes-de-los-Polticos\/61565672886568\/\" \/>\n<meta property=\"article:published_time\" content=\"2020-02-06T14:50:11+00:00\" \/>\n<meta property=\"og:image\" content=\"https:\/\/lospoliticosveracruz.com\/wp-content\/uploads\/2019\/01\/rocio-nahle-amlo.jpg\" \/>\n\t<meta property=\"og:image:width\" content=\"600\" \/>\n\t<meta property=\"og:image:height\" content=\"375\" \/>\n\t<meta property=\"og:image:type\" content=\"image\/jpeg\" \/>\n<meta name=\"author\" content=\"Lo viste en Los Pol\u00edticos\" \/>\n<meta name=\"twitter:card\" content=\"summary_large_image\" \/>\n<meta name=\"twitter:creator\" content=\"@LosPoliticosVer\" \/>\n<meta name=\"twitter:site\" content=\"@LosPoliticosVer\" \/>\n<meta name=\"twitter:label1\" content=\"Escrito por\" \/>\n\t<meta name=\"twitter:data1\" content=\"Lo viste en Los Pol\u00edticos\" \/>\n\t<meta name=\"twitter:label2\" content=\"Tiempo de lectura\" \/>\n\t<meta name=\"twitter:data2\" content=\"6 minutos\" \/>\n<script type=\"application\/ld+json\" class=\"yoast-schema-graph\">{\"@context\":\"https:\\\/\\\/schema.org\",\"@graph\":[{\"@type\":\"Article\",\"@id\":\"https:\\\/\\\/lospoliticosveracruz.com\\\/?p=52444#article\",\"isPartOf\":{\"@id\":\"https:\\\/\\\/lospoliticosveracruz.com\\\/?p=52444\"},\"author\":{\"name\":\"Lo viste en Los Pol\u00edticos\",\"@id\":\"https:\\\/\\\/lospoliticosveracruz.com\\\/#\\\/schema\\\/person\\\/b8702bb0e538456e6efd07080bf2a4a2\"},\"headline\":\"Desbanca Nahle a Cuic\",\"datePublished\":\"2020-02-06T14:50:11+00:00\",\"mainEntityOfPage\":{\"@id\":\"https:\\\/\\\/lospoliticosveracruz.com\\\/?p=52444\"},\"wordCount\":1183,\"commentCount\":0,\"publisher\":{\"@id\":\"https:\\\/\\\/lospoliticosveracruz.com\\\/#organization\"},\"image\":{\"@id\":\"https:\\\/\\\/lospoliticosveracruz.com\\\/?p=52444#primaryimage\"},\"thumbnailUrl\":\"https:\\\/\\\/lospoliticosveracruz.com\\\/wp-content\\\/uploads\\\/2019\\\/01\\\/rocio-nahle-amlo.jpg\",\"keywords\":[\"Coatzacoalcos\",\"Cuitl\u00e1huac Garc\u00eda Jim\u00e9ez\",\"Dos Bocas\",\"Eric Cisneros\",\"Morena\",\"Ricardo Ch\u00faa\",\"Roc\u00edo Nahle\",\"Secretar\u00eda de Energ\u00eda\",\"Tarzan Boy\",\"Veracruz\",\"Ver\u00f3nica Hern\u00e1ndez Giad\u00e1ns\"],\"articleSection\":[\"De Opini\u00f3n\"],\"inLanguage\":\"es\",\"potentialAction\":[{\"@type\":\"CommentAction\",\"name\":\"Comment\",\"target\":[\"https:\\\/\\\/lospoliticosveracruz.com\\\/?p=52444#respond\"]}]},{\"@type\":\"WebPage\",\"@id\":\"https:\\\/\\\/lospoliticosveracruz.com\\\/?p=52444\",\"url\":\"https:\\\/\\\/lospoliticosveracruz.com\\\/?p=52444\",\"name\":\"Desbanca Nahle a Cuic - Los pol\u00edticos Veracruz\",\"isPartOf\":{\"@id\":\"https:\\\/\\\/lospoliticosveracruz.com\\\/#website\"},\"primaryImageOfPage\":{\"@id\":\"https:\\\/\\\/lospoliticosveracruz.com\\\/?p=52444#primaryimage\"},\"image\":{\"@id\":\"https:\\\/\\\/lospoliticosveracruz.com\\\/?p=52444#primaryimage\"},\"thumbnailUrl\":\"https:\\\/\\\/lospoliticosveracruz.com\\\/wp-content\\\/uploads\\\/2019\\\/01\\\/rocio-nahle-amlo.jpg\",\"datePublished\":\"2020-02-06T14:50:11+00:00\",\"breadcrumb\":{\"@id\":\"https:\\\/\\\/lospoliticosveracruz.com\\\/?p=52444#breadcrumb\"},\"inLanguage\":\"es\",\"potentialAction\":[{\"@type\":\"ReadAction\",\"target\":[\"https:\\\/\\\/lospoliticosveracruz.com\\\/?p=52444\"]}]},{\"@type\":\"ImageObject\",\"inLanguage\":\"es\",\"@id\":\"https:\\\/\\\/lospoliticosveracruz.com\\\/?p=52444#primaryimage\",\"url\":\"https:\\\/\\\/lospoliticosveracruz.com\\\/wp-content\\\/uploads\\\/2019\\\/01\\\/rocio-nahle-amlo.jpg\",\"contentUrl\":\"https:\\\/\\\/lospoliticosveracruz.com\\\/wp-content\\\/uploads\\\/2019\\\/01\\\/rocio-nahle-amlo.jpg\",\"width\":600,\"height\":375},{\"@type\":\"BreadcrumbList\",\"@id\":\"https:\\\/\\\/lospoliticosveracruz.com\\\/?p=52444#breadcrumb\",\"itemListElement\":[{\"@type\":\"ListItem\",\"position\":1,\"name\":\"Portada\",\"item\":\"https:\\\/\\\/lospoliticosveracruz.com\\\/\"},{\"@type\":\"ListItem\",\"position\":2,\"name\":\"Desbanca Nahle a Cuic\"}]},{\"@type\":\"WebSite\",\"@id\":\"https:\\\/\\\/lospoliticosveracruz.com\\\/#website\",\"url\":\"https:\\\/\\\/lospoliticosveracruz.com\\\/\",\"name\":\"Los pol\u00edticos Veracruz\",\"description\":\"\",\"publisher\":{\"@id\":\"https:\\\/\\\/lospoliticosveracruz.com\\\/#organization\"},\"potentialAction\":[{\"@type\":\"SearchAction\",\"target\":{\"@type\":\"EntryPoint\",\"urlTemplate\":\"https:\\\/\\\/lospoliticosveracruz.com\\\/?s={search_term_string}\"},\"query-input\":{\"@type\":\"PropertyValueSpecification\",\"valueRequired\":true,\"valueName\":\"search_term_string\"}}],\"inLanguage\":\"es\"},{\"@type\":\"Organization\",\"@id\":\"https:\\\/\\\/lospoliticosveracruz.com\\\/#organization\",\"name\":\"Los pol\u00edticos Veracruz\",\"url\":\"https:\\\/\\\/lospoliticosveracruz.com\\\/\",\"logo\":{\"@type\":\"ImageObject\",\"inLanguage\":\"es\",\"@id\":\"https:\\\/\\\/lospoliticosveracruz.com\\\/#\\\/schema\\\/logo\\\/image\\\/\",\"url\":\"https:\\\/\\\/lospoliticosveracruz.com\\\/wp-content\\\/uploads\\\/2025\\\/12\\\/Logo-Nuevo-LOS-POLITICOS-1.jpg\",\"contentUrl\":\"https:\\\/\\\/lospoliticosveracruz.com\\\/wp-content\\\/uploads\\\/2025\\\/12\\\/Logo-Nuevo-LOS-POLITICOS-1.jpg\",\"width\":260,\"height\":70,\"caption\":\"Los pol\u00edticos Veracruz\"},\"image\":{\"@id\":\"https:\\\/\\\/lospoliticosveracruz.com\\\/#\\\/schema\\\/logo\\\/image\\\/\"},\"sameAs\":[\"https:\\\/\\\/www.facebook.com\\\/people\\\/Notimemes-de-los-Polticos\\\/61565672886568\\\/\",\"https:\\\/\\\/x.com\\\/LosPoliticosVer\"]},{\"@type\":\"Person\",\"@id\":\"https:\\\/\\\/lospoliticosveracruz.com\\\/#\\\/schema\\\/person\\\/b8702bb0e538456e6efd07080bf2a4a2\",\"name\":\"Lo viste en Los Pol\u00edticos\",\"image\":{\"@type\":\"ImageObject\",\"inLanguage\":\"es\",\"@id\":\"https:\\\/\\\/secure.gravatar.com\\\/avatar\\\/3a8de04a2656d44082be478bd6c086daa447c4651605818287b9532d3d0bd435?s=96&d=mm&r=g\",\"url\":\"https:\\\/\\\/secure.gravatar.com\\\/avatar\\\/3a8de04a2656d44082be478bd6c086daa447c4651605818287b9532d3d0bd435?s=96&d=mm&r=g\",\"contentUrl\":\"https:\\\/\\\/secure.gravatar.com\\\/avatar\\\/3a8de04a2656d44082be478bd6c086daa447c4651605818287b9532d3d0bd435?s=96&d=mm&r=g\",\"caption\":\"Lo viste en Los Pol\u00edticos\"},\"url\":\"https:\\\/\\\/lospoliticosveracruz.com\\\/?author=2\"}]}<\/script>\n<!-- \/ Yoast SEO plugin. -->","yoast_head_json":{"title":"Desbanca Nahle a Cuic - Los pol\u00edticos Veracruz","robots":{"index":"index","follow":"follow","max-snippet":"max-snippet:-1","max-image-preview":"max-image-preview:large","max-video-preview":"max-video-preview:-1"},"canonical":"https:\/\/lospoliticosveracruz.com\/?p=52444","og_locale":"es_ES","og_type":"article","og_title":"Desbanca Nahle a Cuic - Los pol\u00edticos Veracruz","og_description":"Ricardo Ch\u00faa Sale y Vale MORENA, LA CA\u00cdDA&#8230;. Un partido de oposici\u00f3n a MORENA en Veracruz hizo un estudio sobre el manejo en las redes sociales de la imagen de los principales actores pol\u00edticos del partido del poder en la entidad.. Sobre todo en la aceptaci\u00f3n que tienen en ellas&#8230; Y la gran sorpresa, es [&hellip;]","og_url":"https:\/\/lospoliticosveracruz.com\/?p=52444","og_site_name":"Los pol\u00edticos Veracruz","article_publisher":"https:\/\/www.facebook.com\/people\/Notimemes-de-los-Polticos\/61565672886568\/","article_published_time":"2020-02-06T14:50:11+00:00","og_image":[{"width":600,"height":375,"url":"https:\/\/lospoliticosveracruz.com\/wp-content\/uploads\/2019\/01\/rocio-nahle-amlo.jpg","type":"image\/jpeg"}],"author":"Lo viste en Los Pol\u00edticos","twitter_card":"summary_large_image","twitter_creator":"@LosPoliticosVer","twitter_site":"@LosPoliticosVer","twitter_misc":{"Escrito por":"Lo viste en Los Pol\u00edticos","Tiempo de lectura":"6 minutos"},"schema":{"@context":"https:\/\/schema.org","@graph":[{"@type":"Article","@id":"https:\/\/lospoliticosveracruz.com\/?p=52444#article","isPartOf":{"@id":"https:\/\/lospoliticosveracruz.com\/?p=52444"},"author":{"name":"Lo viste en Los Pol\u00edticos","@id":"https:\/\/lospoliticosveracruz.com\/#\/schema\/person\/b8702bb0e538456e6efd07080bf2a4a2"},"headline":"Desbanca Nahle a Cuic","datePublished":"2020-02-06T14:50:11+00:00","mainEntityOfPage":{"@id":"https:\/\/lospoliticosveracruz.com\/?p=52444"},"wordCount":1183,"commentCount":0,"publisher":{"@id":"https:\/\/lospoliticosveracruz.com\/#organization"},"image":{"@id":"https:\/\/lospoliticosveracruz.com\/?p=52444#primaryimage"},"thumbnailUrl":"https:\/\/lospoliticosveracruz.com\/wp-content\/uploads\/2019\/01\/rocio-nahle-amlo.jpg","keywords":["Coatzacoalcos","Cuitl\u00e1huac Garc\u00eda Jim\u00e9ez","Dos Bocas","Eric Cisneros","Morena","Ricardo Ch\u00faa","Roc\u00edo Nahle","Secretar\u00eda de Energ\u00eda","Tarzan Boy","Veracruz","Ver\u00f3nica Hern\u00e1ndez Giad\u00e1ns"],"articleSection":["De Opini\u00f3n"],"inLanguage":"es","potentialAction":[{"@type":"CommentAction","name":"Comment","target":["https:\/\/lospoliticosveracruz.com\/?p=52444#respond"]}]},{"@type":"WebPage","@id":"https:\/\/lospoliticosveracruz.com\/?p=52444","url":"https:\/\/lospoliticosveracruz.com\/?p=52444","name":"Desbanca Nahle a Cuic - Los pol\u00edticos Veracruz","isPartOf":{"@id":"https:\/\/lospoliticosveracruz.com\/#website"},"primaryImageOfPage":{"@id":"https:\/\/lospoliticosveracruz.com\/?p=52444#primaryimage"},"image":{"@id":"https:\/\/lospoliticosveracruz.com\/?p=52444#primaryimage"},"thumbnailUrl":"https:\/\/lospoliticosveracruz.com\/wp-content\/uploads\/2019\/01\/rocio-nahle-amlo.jpg","datePublished":"2020-02-06T14:50:11+00:00","breadcrumb":{"@id":"https:\/\/lospoliticosveracruz.com\/?p=52444#breadcrumb"},"inLanguage":"es","potentialAction":[{"@type":"ReadAction","target":["https:\/\/lospoliticosveracruz.com\/?p=52444"]}]},{"@type":"ImageObject","inLanguage":"es","@id":"https:\/\/lospoliticosveracruz.com\/?p=52444#primaryimage","url":"https:\/\/lospoliticosveracruz.com\/wp-content\/uploads\/2019\/01\/rocio-nahle-amlo.jpg","contentUrl":"https:\/\/lospoliticosveracruz.com\/wp-content\/uploads\/2019\/01\/rocio-nahle-amlo.jpg","width":600,"height":375},{"@type":"BreadcrumbList","@id":"https:\/\/lospoliticosveracruz.com\/?p=52444#breadcrumb","itemListElement":[{"@type":"ListItem","position":1,"name":"Portada","item":"https:\/\/lospoliticosveracruz.com\/"},{"@type":"ListItem","position":2,"name":"Desbanca Nahle a Cuic"}]},{"@type":"WebSite","@id":"https:\/\/lospoliticosveracruz.com\/#website","url":"https:\/\/lospoliticosveracruz.com\/","name":"Los pol\u00edticos Veracruz","description":"","publisher":{"@id":"https:\/\/lospoliticosveracruz.com\/#organization"},"potentialAction":[{"@type":"SearchAction","target":{"@type":"EntryPoint","urlTemplate":"https:\/\/lospoliticosveracruz.com\/?s={search_term_string}"},"query-input":{"@type":"PropertyValueSpecification","valueRequired":true,"valueName":"search_term_string"}}],"inLanguage":"es"},{"@type":"Organization","@id":"https:\/\/lospoliticosveracruz.com\/#organization","name":"Los pol\u00edticos Veracruz","url":"https:\/\/lospoliticosveracruz.com\/","logo":{"@type":"ImageObject","inLanguage":"es","@id":"https:\/\/lospoliticosveracruz.com\/#\/schema\/logo\/image\/","url":"https:\/\/lospoliticosveracruz.com\/wp-content\/uploads\/2025\/12\/Logo-Nuevo-LOS-POLITICOS-1.jpg","contentUrl":"https:\/\/lospoliticosveracruz.com\/wp-content\/uploads\/2025\/12\/Logo-Nuevo-LOS-POLITICOS-1.jpg","width":260,"height":70,"caption":"Los pol\u00edticos Veracruz"},"image":{"@id":"https:\/\/lospoliticosveracruz.com\/#\/schema\/logo\/image\/"},"sameAs":["https:\/\/www.facebook.com\/people\/Notimemes-de-los-Polticos\/61565672886568\/","https:\/\/x.com\/LosPoliticosVer"]},{"@type":"Person","@id":"https:\/\/lospoliticosveracruz.com\/#\/schema\/person\/b8702bb0e538456e6efd07080bf2a4a2","name":"Lo viste en Los Pol\u00edticos","image":{"@type":"ImageObject","inLanguage":"es","@id":"https:\/\/secure.gravatar.com\/avatar\/3a8de04a2656d44082be478bd6c086daa447c4651605818287b9532d3d0bd435?s=96&d=mm&r=g","url":"https:\/\/secure.gravatar.com\/avatar\/3a8de04a2656d44082be478bd6c086daa447c4651605818287b9532d3d0bd435?s=96&d=mm&r=g","contentUrl":"https:\/\/secure.gravatar.com\/avatar\/3a8de04a2656d44082be478bd6c086daa447c4651605818287b9532d3d0bd435?s=96&d=mm&r=g","caption":"Lo viste en Los Pol\u00edticos"},"url":"https:\/\/lospoliticosveracruz.com\/?author=2"}]}},"_links":{"self":[{"href":"https:\/\/lospoliticosveracruz.com\/index.php?rest_route=\/wp\/v2\/posts\/52444","targetHints":{"allow":["GET"]}}],"collection":[{"href":"https:\/\/lospoliticosveracruz.com\/index.php?rest_route=\/wp\/v2\/posts"}],"about":[{"href":"https:\/\/lospoliticosveracruz.com\/index.php?rest_route=\/wp\/v2\/types\/post"}],"author":[{"embeddable":true,"href":"https:\/\/lospoliticosveracruz.com\/index.php?rest_route=\/wp\/v2\/users\/2"}],"replies":[{"embeddable":true,"href":"https:\/\/lospoliticosveracruz.com\/index.php?rest_route=%2Fwp%2Fv2%2Fcomments&post=52444"}],"version-history":[{"count":1,"href":"https:\/\/lospoliticosveracruz.com\/index.php?rest_route=\/wp\/v2\/posts\/52444\/revisions"}],"predecessor-version":[{"id":52445,"href":"https:\/\/lospoliticosveracruz.com\/index.php?rest_route=\/wp\/v2\/posts\/52444\/revisions\/52445"}],"wp:featuredmedia":[{"embeddable":true,"href":"https:\/\/lospoliticosveracruz.com\/index.php?rest_route=\/wp\/v2\/media\/46402"}],"wp:attachment":[{"href":"https:\/\/lospoliticosveracruz.com\/index.php?rest_route=%2Fwp%2Fv2%2Fmedia&parent=52444"}],"wp:term":[{"taxonomy":"category","embeddable":true,"href":"https:\/\/lospoliticosveracruz.com\/index.php?rest_route=%2Fwp%2Fv2%2Fcategories&post=52444"},{"taxonomy":"post_tag","embeddable":true,"href":"https:\/\/lospoliticosveracruz.com\/index.php?rest_route=%2Fwp%2Fv2%2Ftags&post=52444"}],"curies":[{"name":"wp","href":"https:\/\/api.w.org\/{rel}","templated":true}]}}