{"id":52446,"date":"2020-02-06T09:31:44","date_gmt":"2020-02-06T15:31:44","guid":{"rendered":"http:\/\/www.lospoliticosveracruz.com.mx\/?p=52446"},"modified":"2020-02-06T09:31:44","modified_gmt":"2020-02-06T15:31:44","slug":"el-movimiento-de-las-fichas-panistas","status":"publish","type":"post","link":"https:\/\/lospoliticosveracruz.com\/?p=52446","title":{"rendered":"El movimiento de las fichas panistas"},"content":{"rendered":"<p><strong>Luis Alberto Romero<\/strong><\/p>\n<p><em>Hora cero<\/em><\/p>\n<p>El pasado viernes inici\u00f3 en el PAN veracruzano el an\u00e1lisis del caso de los ocho diputados locales que abandonaron su bancada en el Congreso local.<\/p>\n<p>Como se recuerda, tras la ratificaci\u00f3n del triunfo de Joaqu\u00edn Guzm\u00e1n Avil\u00e9s en la elecci\u00f3n interna por la dirigencia estatal del partido, el diputado Omar Miranda Romero fue designado coordinador del grupo legislativo del albiazul.<\/p>\n<p>Ocho legisladores, encabezados por Sergio Hern\u00e1ndez, decidieron dejar su fracci\u00f3n y formar una nueva bancada, de tal manera que con el apoyo del diputado Erik Iv\u00e1n Aguilar crearon la fracci\u00f3n mixta denominada \u201cAcci\u00f3n Nacional Veracruz\u201d, coordinada por Mar\u00eda Josefina Gamboa Torales.<\/p>\n<p>El asunto, que el viernes pasado lleg\u00f3 a la Comisi\u00f3n Permanente del partido, representa el inicio del proceso de sanci\u00f3n, por un acto de indisciplina y por la violaci\u00f3n a los reglamentos internos.<\/p>\n<p>Posteriormente, el caso fue turnado a la Comisi\u00f3n de Orden y Disciplina Intrapartidista del partido, que si fuera el caso determinar\u00e1 la sanci\u00f3n.<\/p>\n<p>El escenario se complica para el grupo de diputados disidentes de AN-Veracruz, dado que el posible desafuero de Erik Iv\u00e1n Aguilar provocar\u00eda la desaparici\u00f3n de dicha bancada; si ello ocurriera, los legisladores que abandonaron la fracci\u00f3n panista s\u00f3lo tendr\u00edan tres opciones: declararse independientes, regresar al redil azul o bien sumarse a una bancada diferente, como \u201cDel lado correcto de la historia\u201d, por ejemplo.<\/p>\n<p>En cuanto al tema de la posible sanci\u00f3n para los 8 diputados panistas, la Comisi\u00f3n de Orden y Disciplina podr\u00eda imponer la suspensi\u00f3n de derechos para los involucrados, la inhabilitaci\u00f3n o, en un caso extremo y poco probable, la expulsi\u00f3n.<\/p>\n<p>El asunto tambi\u00e9n podr\u00eda quedar en una simple amonestaci\u00f3n; aun as\u00ed, si los t\u00e9rminos de las convocatorias del partido para la selecci\u00f3n de candidatos en la elecci\u00f3n de 2021 incluyen el punto de \u201cno haber sido sancionado\u2026\u201d, esa amonestaci\u00f3n podr\u00eda dejar fuera de la jugada a los ocho involucrados.<\/p>\n<p>Al parecer, en el PAN ha fracasado el di\u00e1logo entre las partes; ni siquiera el dirigente nacional, Marko Cort\u00e9s, pudo convencer a los disidentes de regresar a la bancada. En diciembre pasado, el l\u00edder panista estuvo en Veracruz, donde se reuni\u00f3 tanto con Guzm\u00e1n Avil\u00e9s y Omar Miranda como con los 8 involucrados, quienes dejaron claro que no reconocer\u00edan al nuevo coordinador legislativo.<\/p>\n<p>Al final, ante la aparente imposibilidad de establecer acuerdos, el asunto ya fue turnado al nivel nacional.<\/p>\n<p>La sanci\u00f3n, si es que la hubiera, podr\u00eda frenar las aspiraciones de los diputados que dejaron su bancada; Sergio Hern\u00e1ndez, por ejemplo, buscar\u00eda una candidatura en 2021, por Xalapa, al igual que Gamboa Torales y Juan Manuel Unanue, en Veracruz y Boca del R\u00edo respectivamente.<\/p>\n<p><strong>Choque de trenes azules en Veracruz<\/strong><\/p>\n<p>Al parecer, el enfrentamiento entre los grupos panistas que disputaron la dirigencia estatal podr\u00eda tener como pr\u00f3xima manzana de la discordia la candidatura a la presidencia municipal del puerto de Veracruz.<\/p>\n<p>Uno de los grupos, el del senador Julen Rementer\u00eda del Puerto, trabaja para perfilar al actual diputado local Bingen Rementer\u00eda, hijo del senador, con trabajo propio en ese municipio. Por otro lado, el grupo Yunes, que en los a\u00f1os recientes ha mantenido la hegemon\u00eda en la zona conurbada, podr\u00eda enviar como su candidata a la contienda a la senadora Indira Rosales San Rom\u00e1n. Ser\u00e1 un encuentro interno de pron\u00f3stico reservado.<\/p>\n<p>Muy cerca de ah\u00ed, en Boca del R\u00edo, parece que el escenario para el diputado Unanue Abascal se complica porque adem\u00e1s de la posible sanci\u00f3n de su partido, enfrenta el rechazo, casi veto, del alcalde Humberto Alonso Morelli. @luisromero85<\/p>\n","protected":false},"excerpt":{"rendered":"<p>Luis Alberto Romero Hora cero El pasado viernes inici\u00f3 en el PAN veracruzano el an\u00e1lisis del caso de los ocho diputados locales que abandonaron su bancada en el Congreso local. Como se recuerda, tras la ratificaci\u00f3n del triunfo de Joaqu\u00edn Guzm\u00e1n Avil\u00e9s en la elecci\u00f3n interna por la dirigencia estatal del partido, el diputado Omar [&hellip;]<\/p>\n","protected":false},"author":2,"featured_media":0,"comment_status":"open","ping_status":"open","sticky":false,"template":"","format":"standard","meta":{"tdm_status":"","tdm_grid_status":"","footnotes":""},"categories":[70],"tags":[4684,13243,13140,5506,3288,12535,1569,2669,6923,12562,1951,266,6142,195],"class_list":{"0":"post-52446","1":"post","2":"type-post","3":"status-publish","4":"format-standard","6":"category-de-opinion","7":"tag-bingen-rementeria","8":"tag-del-lado-correcto-de-la-historia","9":"tag-erik-ivan-aguilar","10":"tag-indira-rosales-san-roman","11":"tag-joaquin-guzman-aviles","12":"tag-juan-manuel-unanue-abascal","13":"tag-julen-rementeria-del-puerto","14":"tag-luis-alberto-romero","15":"tag-maria-josefina-gamboa-torales","16":"tag-marko-cortes","17":"tag-omar-miranda-romero","18":"tag-pan","19":"tag-sergio-hernandez","20":"tag-veracruz"},"yoast_head":"<!-- This site is optimized with the Yoast SEO plugin v27.4 - https:\/\/yoast.com\/product\/yoast-seo-wordpress\/ -->\n<title>El movimiento de las fichas panistas - Los pol\u00edticos Veracruz<\/title>\n<meta name=\"robots\" content=\"index, follow, max-snippet:-1, max-image-preview:large, max-video-preview:-1\" \/>\n<link rel=\"canonical\" href=\"https:\/\/lospoliticosveracruz.com\/?p=52446\" \/>\n<meta property=\"og:locale\" content=\"es_ES\" \/>\n<meta property=\"og:type\" content=\"article\" \/>\n<meta property=\"og:title\" content=\"El movimiento de las fichas panistas - Los pol\u00edticos Veracruz\" \/>\n<meta property=\"og:description\" content=\"Luis Alberto Romero Hora cero El pasado viernes inici\u00f3 en el PAN veracruzano el an\u00e1lisis del caso de los ocho diputados locales que abandonaron su bancada en el Congreso local. Como se recuerda, tras la ratificaci\u00f3n del triunfo de Joaqu\u00edn Guzm\u00e1n Avil\u00e9s en la elecci\u00f3n interna por la dirigencia estatal del partido, el diputado Omar [&hellip;]\" \/>\n<meta property=\"og:url\" content=\"https:\/\/lospoliticosveracruz.com\/?p=52446\" \/>\n<meta property=\"og:site_name\" content=\"Los pol\u00edticos Veracruz\" \/>\n<meta property=\"article:publisher\" content=\"https:\/\/www.facebook.com\/people\/Notimemes-de-los-Polticos\/61565672886568\/\" \/>\n<meta property=\"article:published_time\" content=\"2020-02-06T15:31:44+00:00\" \/>\n<meta property=\"og:image\" content=\"https:\/\/lospoliticosveracruz.com\/wp-content\/uploads\/2016\/07\/Logo-Dor.jpg\" \/>\n\t<meta property=\"og:image:width\" content=\"200\" \/>\n\t<meta property=\"og:image:height\" content=\"200\" \/>\n\t<meta property=\"og:image:type\" content=\"image\/jpeg\" \/>\n<meta name=\"author\" content=\"Lo viste en Los Pol\u00edticos\" \/>\n<meta name=\"twitter:card\" content=\"summary_large_image\" \/>\n<meta name=\"twitter:creator\" content=\"@LosPoliticosVer\" \/>\n<meta name=\"twitter:site\" content=\"@LosPoliticosVer\" \/>\n<meta name=\"twitter:label1\" content=\"Escrito por\" \/>\n\t<meta name=\"twitter:data1\" content=\"Lo viste en Los Pol\u00edticos\" \/>\n\t<meta name=\"twitter:label2\" content=\"Tiempo de lectura\" \/>\n\t<meta name=\"twitter:data2\" content=\"3 minutos\" \/>\n<script type=\"application\/ld+json\" class=\"yoast-schema-graph\">{\"@context\":\"https:\\\/\\\/schema.org\",\"@graph\":[{\"@type\":\"Article\",\"@id\":\"https:\\\/\\\/lospoliticosveracruz.com\\\/?p=52446#article\",\"isPartOf\":{\"@id\":\"https:\\\/\\\/lospoliticosveracruz.com\\\/?p=52446\"},\"author\":{\"name\":\"Lo viste en Los Pol\u00edticos\",\"@id\":\"https:\\\/\\\/lospoliticosveracruz.com\\\/#\\\/schema\\\/person\\\/b8702bb0e538456e6efd07080bf2a4a2\"},\"headline\":\"El movimiento de las fichas panistas\",\"datePublished\":\"2020-02-06T15:31:44+00:00\",\"mainEntityOfPage\":{\"@id\":\"https:\\\/\\\/lospoliticosveracruz.com\\\/?p=52446\"},\"wordCount\":647,\"commentCount\":0,\"publisher\":{\"@id\":\"https:\\\/\\\/lospoliticosveracruz.com\\\/#organization\"},\"keywords\":[\"Bingen Rementer\u00eda\",\"Del Lado Correcto de la Historia\",\"Erik Iv\u00e1n Aguilar\",\"Indira Rosales San Rom\u00e1n\",\"Joaqu\u00edn Guzm\u00e1n Avil\u00e9s\",\"Juan Manuel Un\u00e1nue Abascal\",\"Julen Rementer\u00eda del Puerto\",\"Luis Alberto Romero\",\"Mar\u00eda Josefina Gamboa Torales\",\"Marko Cort\u00e9s\",\"Omar Miranda Romero\",\"PAN\",\"Sergio Hern\u00e1ndez\",\"Veracruz\"],\"articleSection\":[\"De Opini\u00f3n\"],\"inLanguage\":\"es\",\"potentialAction\":[{\"@type\":\"CommentAction\",\"name\":\"Comment\",\"target\":[\"https:\\\/\\\/lospoliticosveracruz.com\\\/?p=52446#respond\"]}]},{\"@type\":\"WebPage\",\"@id\":\"https:\\\/\\\/lospoliticosveracruz.com\\\/?p=52446\",\"url\":\"https:\\\/\\\/lospoliticosveracruz.com\\\/?p=52446\",\"name\":\"El movimiento de las fichas panistas - Los pol\u00edticos Veracruz\",\"isPartOf\":{\"@id\":\"https:\\\/\\\/lospoliticosveracruz.com\\\/#website\"},\"datePublished\":\"2020-02-06T15:31:44+00:00\",\"breadcrumb\":{\"@id\":\"https:\\\/\\\/lospoliticosveracruz.com\\\/?p=52446#breadcrumb\"},\"inLanguage\":\"es\",\"potentialAction\":[{\"@type\":\"ReadAction\",\"target\":[\"https:\\\/\\\/lospoliticosveracruz.com\\\/?p=52446\"]}]},{\"@type\":\"BreadcrumbList\",\"@id\":\"https:\\\/\\\/lospoliticosveracruz.com\\\/?p=52446#breadcrumb\",\"itemListElement\":[{\"@type\":\"ListItem\",\"position\":1,\"name\":\"Portada\",\"item\":\"https:\\\/\\\/lospoliticosveracruz.com\\\/\"},{\"@type\":\"ListItem\",\"position\":2,\"name\":\"El movimiento de las fichas panistas\"}]},{\"@type\":\"WebSite\",\"@id\":\"https:\\\/\\\/lospoliticosveracruz.com\\\/#website\",\"url\":\"https:\\\/\\\/lospoliticosveracruz.com\\\/\",\"name\":\"Los pol\u00edticos Veracruz\",\"description\":\"\",\"publisher\":{\"@id\":\"https:\\\/\\\/lospoliticosveracruz.com\\\/#organization\"},\"potentialAction\":[{\"@type\":\"SearchAction\",\"target\":{\"@type\":\"EntryPoint\",\"urlTemplate\":\"https:\\\/\\\/lospoliticosveracruz.com\\\/?s={search_term_string}\"},\"query-input\":{\"@type\":\"PropertyValueSpecification\",\"valueRequired\":true,\"valueName\":\"search_term_string\"}}],\"inLanguage\":\"es\"},{\"@type\":\"Organization\",\"@id\":\"https:\\\/\\\/lospoliticosveracruz.com\\\/#organization\",\"name\":\"Los pol\u00edticos Veracruz\",\"url\":\"https:\\\/\\\/lospoliticosveracruz.com\\\/\",\"logo\":{\"@type\":\"ImageObject\",\"inLanguage\":\"es\",\"@id\":\"https:\\\/\\\/lospoliticosveracruz.com\\\/#\\\/schema\\\/logo\\\/image\\\/\",\"url\":\"https:\\\/\\\/lospoliticosveracruz.com\\\/wp-content\\\/uploads\\\/2025\\\/12\\\/Logo-Nuevo-LOS-POLITICOS-1.jpg\",\"contentUrl\":\"https:\\\/\\\/lospoliticosveracruz.com\\\/wp-content\\\/uploads\\\/2025\\\/12\\\/Logo-Nuevo-LOS-POLITICOS-1.jpg\",\"width\":260,\"height\":70,\"caption\":\"Los pol\u00edticos Veracruz\"},\"image\":{\"@id\":\"https:\\\/\\\/lospoliticosveracruz.com\\\/#\\\/schema\\\/logo\\\/image\\\/\"},\"sameAs\":[\"https:\\\/\\\/www.facebook.com\\\/people\\\/Notimemes-de-los-Polticos\\\/61565672886568\\\/\",\"https:\\\/\\\/x.com\\\/LosPoliticosVer\"]},{\"@type\":\"Person\",\"@id\":\"https:\\\/\\\/lospoliticosveracruz.com\\\/#\\\/schema\\\/person\\\/b8702bb0e538456e6efd07080bf2a4a2\",\"name\":\"Lo viste en Los Pol\u00edticos\",\"image\":{\"@type\":\"ImageObject\",\"inLanguage\":\"es\",\"@id\":\"https:\\\/\\\/secure.gravatar.com\\\/avatar\\\/3a8de04a2656d44082be478bd6c086daa447c4651605818287b9532d3d0bd435?s=96&d=mm&r=g\",\"url\":\"https:\\\/\\\/secure.gravatar.com\\\/avatar\\\/3a8de04a2656d44082be478bd6c086daa447c4651605818287b9532d3d0bd435?s=96&d=mm&r=g\",\"contentUrl\":\"https:\\\/\\\/secure.gravatar.com\\\/avatar\\\/3a8de04a2656d44082be478bd6c086daa447c4651605818287b9532d3d0bd435?s=96&d=mm&r=g\",\"caption\":\"Lo viste en Los Pol\u00edticos\"},\"url\":\"https:\\\/\\\/lospoliticosveracruz.com\\\/?author=2\"}]}<\/script>\n<!-- \/ Yoast SEO plugin. -->","yoast_head_json":{"title":"El movimiento de las fichas panistas - Los pol\u00edticos Veracruz","robots":{"index":"index","follow":"follow","max-snippet":"max-snippet:-1","max-image-preview":"max-image-preview:large","max-video-preview":"max-video-preview:-1"},"canonical":"https:\/\/lospoliticosveracruz.com\/?p=52446","og_locale":"es_ES","og_type":"article","og_title":"El movimiento de las fichas panistas - Los pol\u00edticos Veracruz","og_description":"Luis Alberto Romero Hora cero El pasado viernes inici\u00f3 en el PAN veracruzano el an\u00e1lisis del caso de los ocho diputados locales que abandonaron su bancada en el Congreso local. Como se recuerda, tras la ratificaci\u00f3n del triunfo de Joaqu\u00edn Guzm\u00e1n Avil\u00e9s en la elecci\u00f3n interna por la dirigencia estatal del partido, el diputado Omar [&hellip;]","og_url":"https:\/\/lospoliticosveracruz.com\/?p=52446","og_site_name":"Los pol\u00edticos Veracruz","article_publisher":"https:\/\/www.facebook.com\/people\/Notimemes-de-los-Polticos\/61565672886568\/","article_published_time":"2020-02-06T15:31:44+00:00","og_image":[{"width":200,"height":200,"url":"https:\/\/lospoliticosveracruz.com\/wp-content\/uploads\/2016\/07\/Logo-Dor.jpg","type":"image\/jpeg"}],"author":"Lo viste en Los Pol\u00edticos","twitter_card":"summary_large_image","twitter_creator":"@LosPoliticosVer","twitter_site":"@LosPoliticosVer","twitter_misc":{"Escrito por":"Lo viste en Los Pol\u00edticos","Tiempo de lectura":"3 minutos"},"schema":{"@context":"https:\/\/schema.org","@graph":[{"@type":"Article","@id":"https:\/\/lospoliticosveracruz.com\/?p=52446#article","isPartOf":{"@id":"https:\/\/lospoliticosveracruz.com\/?p=52446"},"author":{"name":"Lo viste en Los Pol\u00edticos","@id":"https:\/\/lospoliticosveracruz.com\/#\/schema\/person\/b8702bb0e538456e6efd07080bf2a4a2"},"headline":"El movimiento de las fichas panistas","datePublished":"2020-02-06T15:31:44+00:00","mainEntityOfPage":{"@id":"https:\/\/lospoliticosveracruz.com\/?p=52446"},"wordCount":647,"commentCount":0,"publisher":{"@id":"https:\/\/lospoliticosveracruz.com\/#organization"},"keywords":["Bingen Rementer\u00eda","Del Lado Correcto de la Historia","Erik Iv\u00e1n Aguilar","Indira Rosales San Rom\u00e1n","Joaqu\u00edn Guzm\u00e1n Avil\u00e9s","Juan Manuel Un\u00e1nue Abascal","Julen Rementer\u00eda del Puerto","Luis Alberto Romero","Mar\u00eda Josefina Gamboa Torales","Marko Cort\u00e9s","Omar Miranda Romero","PAN","Sergio Hern\u00e1ndez","Veracruz"],"articleSection":["De Opini\u00f3n"],"inLanguage":"es","potentialAction":[{"@type":"CommentAction","name":"Comment","target":["https:\/\/lospoliticosveracruz.com\/?p=52446#respond"]}]},{"@type":"WebPage","@id":"https:\/\/lospoliticosveracruz.com\/?p=52446","url":"https:\/\/lospoliticosveracruz.com\/?p=52446","name":"El movimiento de las fichas panistas - Los pol\u00edticos Veracruz","isPartOf":{"@id":"https:\/\/lospoliticosveracruz.com\/#website"},"datePublished":"2020-02-06T15:31:44+00:00","breadcrumb":{"@id":"https:\/\/lospoliticosveracruz.com\/?p=52446#breadcrumb"},"inLanguage":"es","potentialAction":[{"@type":"ReadAction","target":["https:\/\/lospoliticosveracruz.com\/?p=52446"]}]},{"@type":"BreadcrumbList","@id":"https:\/\/lospoliticosveracruz.com\/?p=52446#breadcrumb","itemListElement":[{"@type":"ListItem","position":1,"name":"Portada","item":"https:\/\/lospoliticosveracruz.com\/"},{"@type":"ListItem","position":2,"name":"El movimiento de las fichas panistas"}]},{"@type":"WebSite","@id":"https:\/\/lospoliticosveracruz.com\/#website","url":"https:\/\/lospoliticosveracruz.com\/","name":"Los pol\u00edticos Veracruz","description":"","publisher":{"@id":"https:\/\/lospoliticosveracruz.com\/#organization"},"potentialAction":[{"@type":"SearchAction","target":{"@type":"EntryPoint","urlTemplate":"https:\/\/lospoliticosveracruz.com\/?s={search_term_string}"},"query-input":{"@type":"PropertyValueSpecification","valueRequired":true,"valueName":"search_term_string"}}],"inLanguage":"es"},{"@type":"Organization","@id":"https:\/\/lospoliticosveracruz.com\/#organization","name":"Los pol\u00edticos Veracruz","url":"https:\/\/lospoliticosveracruz.com\/","logo":{"@type":"ImageObject","inLanguage":"es","@id":"https:\/\/lospoliticosveracruz.com\/#\/schema\/logo\/image\/","url":"https:\/\/lospoliticosveracruz.com\/wp-content\/uploads\/2025\/12\/Logo-Nuevo-LOS-POLITICOS-1.jpg","contentUrl":"https:\/\/lospoliticosveracruz.com\/wp-content\/uploads\/2025\/12\/Logo-Nuevo-LOS-POLITICOS-1.jpg","width":260,"height":70,"caption":"Los pol\u00edticos Veracruz"},"image":{"@id":"https:\/\/lospoliticosveracruz.com\/#\/schema\/logo\/image\/"},"sameAs":["https:\/\/www.facebook.com\/people\/Notimemes-de-los-Polticos\/61565672886568\/","https:\/\/x.com\/LosPoliticosVer"]},{"@type":"Person","@id":"https:\/\/lospoliticosveracruz.com\/#\/schema\/person\/b8702bb0e538456e6efd07080bf2a4a2","name":"Lo viste en Los Pol\u00edticos","image":{"@type":"ImageObject","inLanguage":"es","@id":"https:\/\/secure.gravatar.com\/avatar\/3a8de04a2656d44082be478bd6c086daa447c4651605818287b9532d3d0bd435?s=96&d=mm&r=g","url":"https:\/\/secure.gravatar.com\/avatar\/3a8de04a2656d44082be478bd6c086daa447c4651605818287b9532d3d0bd435?s=96&d=mm&r=g","contentUrl":"https:\/\/secure.gravatar.com\/avatar\/3a8de04a2656d44082be478bd6c086daa447c4651605818287b9532d3d0bd435?s=96&d=mm&r=g","caption":"Lo viste en Los Pol\u00edticos"},"url":"https:\/\/lospoliticosveracruz.com\/?author=2"}]}},"_links":{"self":[{"href":"https:\/\/lospoliticosveracruz.com\/index.php?rest_route=\/wp\/v2\/posts\/52446","targetHints":{"allow":["GET"]}}],"collection":[{"href":"https:\/\/lospoliticosveracruz.com\/index.php?rest_route=\/wp\/v2\/posts"}],"about":[{"href":"https:\/\/lospoliticosveracruz.com\/index.php?rest_route=\/wp\/v2\/types\/post"}],"author":[{"embeddable":true,"href":"https:\/\/lospoliticosveracruz.com\/index.php?rest_route=\/wp\/v2\/users\/2"}],"replies":[{"embeddable":true,"href":"https:\/\/lospoliticosveracruz.com\/index.php?rest_route=%2Fwp%2Fv2%2Fcomments&post=52446"}],"version-history":[{"count":1,"href":"https:\/\/lospoliticosveracruz.com\/index.php?rest_route=\/wp\/v2\/posts\/52446\/revisions"}],"predecessor-version":[{"id":52448,"href":"https:\/\/lospoliticosveracruz.com\/index.php?rest_route=\/wp\/v2\/posts\/52446\/revisions\/52448"}],"wp:attachment":[{"href":"https:\/\/lospoliticosveracruz.com\/index.php?rest_route=%2Fwp%2Fv2%2Fmedia&parent=52446"}],"wp:term":[{"taxonomy":"category","embeddable":true,"href":"https:\/\/lospoliticosveracruz.com\/index.php?rest_route=%2Fwp%2Fv2%2Fcategories&post=52446"},{"taxonomy":"post_tag","embeddable":true,"href":"https:\/\/lospoliticosveracruz.com\/index.php?rest_route=%2Fwp%2Fv2%2Ftags&post=52446"}],"curies":[{"name":"wp","href":"https:\/\/api.w.org\/{rel}","templated":true}]}}