{"id":52566,"date":"2020-02-12T09:10:49","date_gmt":"2020-02-12T15:10:49","guid":{"rendered":"http:\/\/www.lospoliticosveracruz.com.mx\/?p=52566"},"modified":"2020-02-12T09:10:49","modified_gmt":"2020-02-12T15:10:49","slug":"y-decian-que-era-peor-yunes-o-duarte","status":"publish","type":"post","link":"https:\/\/lospoliticosveracruz.com\/?p=52566","title":{"rendered":"Y dec\u00edan que era peor Yunes o Duarte&#8230;"},"content":{"rendered":"<p><strong>Ricardo Ch\u00faa<\/strong><\/p>\n<p><em>Sale y Vale<\/em><\/p>\n<p>OJO&#8230; Y eso que dec\u00edan que Yunes o Duarte eran peor&#8230; Pero lo que es un hecho, es que sin seguridad, no habr\u00e1 4T en Veracruz&#8230; Y con represi\u00f3n tampoco&#8230; Ayer el gobierno estatal de MORENA act\u00fao contra su burocracia y sociedad, como lo hac\u00edan las administraciones totalitarias de anta\u00f1o&#8230; No hubo di\u00e1logo, hubo macanazos&#8230; No hubo abrazos, hubo balazos&#8230; Fuchi, Caca y lo que sea su \u00absanta voluntad\u00bb&#8230; Lo repetimos&#8230; LOS JUGADORES CAMBIAN, EL JUEGO NO&#8230; Cuitl\u00e1huac ya mostr\u00f3 de lo que est\u00e1 hecho&#8230; AMEN&#8230;<\/p>\n<p>ISLA, LA OTRA VERSI\u00d3N&#8230; Lo sucedido en el municipio de Isla ayer, es un caso emblem\u00e1tico en Veracruz, dado que desde hace a\u00f1os el sitio ha estado marcado por la violencia de los grupos delincuenciales y se ha presentado hechos sangrientos&#8230; Pero independientemente lo que han manejado redes sociales y portales informativos, que la polic\u00eda federal y estatal repeli\u00f3 a balazos ataques de personas que lanzaron piedras y bombas \u00abmolotov\u00bb&#8230; Hay testigos que aseguran que todo comenz\u00f3 por la Fuerza Civil&#8230; OJO&#8230; No la Guardia Nacional&#8230;<\/p>\n<p>La historia que platican lugare\u00f1os y personas muy allegadas a esta zona pi\u00f1era&#8230; Es que todo comenz\u00f3 desde el pasado lunes cuando la Fuerza Civil perteneciente a la Secretar\u00eda de Seguridad P\u00fablica del Estado empez\u00f3 con estos OPERATIVOS DE REVISI\u00d3N de veh\u00edculos y motos&#8230; Para infraccionar a todos aquellos que no traen engomados, verificaciones, tarjetas de circulaci\u00f3n, motociclistas que no traen casco y documentaci\u00f3n incompleta&#8230; Hasta ah\u00ed todo bien&#8230; Se aplaude&#8230;<\/p>\n<p>Pero porque siempre hay un pero&#8230; Ya que en este operativo al detener a una persona que vive en la zona, una de ellas se les puso a los polic\u00edas estatales, por escribirlo de alguna manera, medio \u00abflamenco\u00bb&#8230; Cosa que no gust\u00f3 a los elementos de la SSP y, los lugare\u00f1os indican que lo detuvieron, pero tambi\u00e9n le dieron su \u00abestate quieto\u00bb con \u00abcaricias nada deliciosas para el cuerpo\u00bb y fue que la ciudadan\u00eda se enoj\u00f3 porque les golpearon a uno paisano de Isla&#8230; Y eso deton\u00f3 todo&#8230;<\/p>\n<p>Ya que la gente del lugar sali\u00f3 a manifestarse contra los \u00abretenes\u00bb que coloca la SSP de Veracruz&#8230; Que son similares a los que se colocan en Xalapa, Veracruz puerto y Boca del R\u00edo&#8230; Pero los lugare\u00f1os se\u00f1alaban que en estos retenes los polic\u00edas estatales se dedican a \u00abextorsionar\u00bb a los ciudadanos con estos temas de los documentos oficiales de los veh\u00edculos y de sus motos&#8230; Ya que a todo lo encuentran algo aunque los papeles est\u00e9n en orden y que lo hacen s\u00f3lo para ganarse una \u00ablana extra\u00bb&#8230; Ese era el reclamo&#8230;<\/p>\n<p>A pesar de que el reclamo era fuerte contra elementos de la SSP&#8230; Todo iba tranquilo&#8230; Pero que en determinado momento de la manifestaci\u00f3n&#8230; Se inmiscuyeron personas que llegaron a lanzar piedras y bombas \u00abmolotov\u00bb contra los polic\u00edas&#8230; Y que estos elementos cuando quisieron que los manifestantes se replegaran fue que vinieron primero los disparos al aire y luego se dieron el \u00abtrab\u00f3n\u00bb entre ellos donde hubo heridos de bala entre la ciudadan\u00eda que protestaba.. A las ambulancias no les permitieron pasar a la zona de conflicto por parte de la SSP..<\/p>\n<p>Ya cuando suceden los disparon, cuentan los allegados a Isla, ya hab\u00eda \u00a0y la propia Polic\u00eda Federal porque los \u00e1nimos se \u00abcaldearon\u00bb en demas\u00eda y porque estaban ya bloqueando la carretera federal y autopista en la zona&#8230; A pesar de que quiz\u00e1s atr\u00e1s de esto, haya alg\u00fan tipo de \u00abespejo\u00bb del crimen organizado que opera en la zona&#8230; Nada hasta el momento, habla de que estos hechos violentos hayan tenido que ver con el \u00abhuachicol\u00bb o tr\u00e1fico de inmigrantes&#8230; Nada lo trae al expediente&#8230;<\/p>\n<p>Pero ahora s\u00f3lo queda esperar, que es lo que declaran a los que tienen detenidos y ver si no \u00abhay mano negra\u00bb, como dice L\u00f3pez Obrador, en lo que digan ante la Fiscal\u00eda del Estado o FGR y los hagan decir algo as\u00ed&#8230;. Ya que es un hecho de que los elementos polic\u00edacos de la Fuerza Civil para nada van asumir la responsabilidad de haberse enfrentado con los manifestantes&#8230; Y haberse \u00abtrabado\u00bb a balazos con los que protestaban y que fueron \u00abinfiltrados\u00bb por personas con otro tipo de intereses&#8230; ES CUANTO&#8230;<\/p>\n<p>HOMENAJE A TEJADA PATRACA&#8230; Cuando entre gobiernos y partidos pol\u00edticos impera la civilidad y respeto en un convivi\u00f3, aunque sea de tipo luctuoso, todo transcurre en calma y a cada quien se le da su lugar&#8230; Tal como sucedi\u00f3 ayer en el homenaje que se le hizo al ex alcalde de Veracruz, Adalberto Tejeda Patraca&#8230; El ayuntamiento porte\u00f1o a cargo del panista, Fernando Yunes M\u00e1rquez, le rindi\u00f3 ese evento en honor a un ex alcalde priista fallecido tr\u00e1gicamente hace alrededor de 10 d\u00edas&#8230;.<\/p>\n<p>Asistieron sus familiares e invitados&#8230; La mayor\u00eda priistas que conocieron a Tejeda Patraca&#8230; No hubo pleitos, tampoco \u00abpatadas debajo de la mesa\u00bb&#8230; Todo fue concordia&#8230; Estuvieron juntos los ex alcaldes: V\u00edctor Gardoqu\u00ed y Francisco Avila Camberos&#8230; La ex alcaldesa. Carolina Gudi\u00f1o Corro y el presidente del PRI estatal, Marlon Ram\u00edrez&#8230; Mami-Lu Ingram con Marijose Gamboa.. Regidores panistas y priistas.. Todos ah\u00ed sentados en sala de cabildo&#8230; Recordando vida y obra de Beto Tejeda&#8230;<\/p>\n<p>Su hijo Alejandro Tejeda se llev\u00f3 las \u00abpalmas\u00bb&#8230; Su discurso defini\u00f3 a su padre tal y como lo recuerda la gente y sus amigos&#8230; Momento emotivo.. Yunes M\u00e1rquez reconoci\u00f3 la presencia de todos los ex alcaldes&#8230; Se sum\u00f3 al recuerdo de Tejeda Patraca y al final el evento acabo en aplausos&#8230; Eso deja en claro, que para homenajear a una persona que hizo grandes obras a la comunidad, no importa el color del partido que sea&#8230; La persona est\u00e1 por encima de un instituto pol\u00edtico&#8230;<\/p>\n<p>As\u00ed lo dejaron ver los presentes ayer&#8230; Carolina, Anail\u00fa, Marijose, Marl\u00f3n, Fernando&#8230; Esto nada tiene que ver con odios o resentimientos que salen a relucir en un evento p\u00fablico&#8230; Es una muestra que la cortes\u00eda y civilidad pueden m\u00e1s que un ataque personal o una \u00abgrilla\u00bb pol\u00edtica&#8230; No se trata tampoco de ver si en unos meses, hay una alianza de partidos&#8230; No, lo que debe quedar en claro, es que reconocer a un hombre su labor cuando ya no est\u00e1 f\u00edsicamente entre nosotros&#8230; Es un acto noble&#8230; Y ayer los priistas y panistas as\u00ed lo demostraron&#8230; AMEN&#8230;<\/p>\n","protected":false},"excerpt":{"rendered":"<p>Ricardo Ch\u00faa Sale y Vale OJO&#8230; Y eso que dec\u00edan que Yunes o Duarte eran peor&#8230; Pero lo que es un hecho, es que sin seguridad, no habr\u00e1 4T en Veracruz&#8230; Y con represi\u00f3n tampoco&#8230; Ayer el gobierno estatal de MORENA act\u00fao contra su burocracia y sociedad, como lo hac\u00edan las administraciones totalitarias de anta\u00f1o&#8230; [&hellip;]<\/p>\n","protected":false},"author":2,"featured_media":0,"comment_status":"open","ping_status":"open","sticky":false,"template":"","format":"standard","meta":{"tdm_status":"","tdm_grid_status":"","footnotes":""},"categories":[70],"tags":[601,3952,1563,818,16493,11751,260,1706,428,1026,177,195,96],"class_list":{"0":"post-52566","1":"post","2":"type-post","3":"status-publish","4":"format-standard","6":"category-de-opinion","7":"tag-boca-del-rio","8":"tag-carolina-gudino-corro","9":"tag-cuitlahuac-garcia-jimenez","10":"tag-fernando-yunes-marquez","11":"tag-francisco-avila-camberos","12":"tag-isla","13":"tag-javier-duarte-de-ochoa","14":"tag-marlon-ramirez","15":"tag-miguel-angel-yunes-linares","16":"tag-morena","17":"tag-seguridad-publica","18":"tag-veracruz","19":"tag-xalapa"},"yoast_head":"<!-- This site is optimized with the Yoast SEO plugin v27.4 - https:\/\/yoast.com\/product\/yoast-seo-wordpress\/ -->\n<title>Y dec\u00edan que era peor Yunes o Duarte... - Los pol\u00edticos Veracruz<\/title>\n<meta name=\"robots\" content=\"index, follow, max-snippet:-1, max-image-preview:large, max-video-preview:-1\" \/>\n<link rel=\"canonical\" href=\"https:\/\/lospoliticosveracruz.com\/?p=52566\" \/>\n<meta property=\"og:locale\" content=\"es_ES\" \/>\n<meta property=\"og:type\" content=\"article\" \/>\n<meta property=\"og:title\" content=\"Y dec\u00edan que era peor Yunes o Duarte... - Los pol\u00edticos Veracruz\" \/>\n<meta property=\"og:description\" content=\"Ricardo Ch\u00faa Sale y Vale OJO&#8230; Y eso que dec\u00edan que Yunes o Duarte eran peor&#8230; Pero lo que es un hecho, es que sin seguridad, no habr\u00e1 4T en Veracruz&#8230; Y con represi\u00f3n tampoco&#8230; Ayer el gobierno estatal de MORENA act\u00fao contra su burocracia y sociedad, como lo hac\u00edan las administraciones totalitarias de anta\u00f1o&#8230; [&hellip;]\" \/>\n<meta property=\"og:url\" content=\"https:\/\/lospoliticosveracruz.com\/?p=52566\" \/>\n<meta property=\"og:site_name\" content=\"Los pol\u00edticos Veracruz\" \/>\n<meta property=\"article:publisher\" content=\"https:\/\/www.facebook.com\/people\/Notimemes-de-los-Polticos\/61565672886568\/\" \/>\n<meta property=\"article:published_time\" content=\"2020-02-12T15:10:49+00:00\" \/>\n<meta property=\"og:image\" content=\"https:\/\/lospoliticosveracruz.com\/wp-content\/uploads\/2016\/07\/Logo-Dor.jpg\" \/>\n\t<meta property=\"og:image:width\" content=\"200\" \/>\n\t<meta property=\"og:image:height\" content=\"200\" \/>\n\t<meta property=\"og:image:type\" content=\"image\/jpeg\" \/>\n<meta name=\"author\" content=\"Lo viste en Los Pol\u00edticos\" \/>\n<meta name=\"twitter:card\" content=\"summary_large_image\" \/>\n<meta name=\"twitter:creator\" content=\"@LosPoliticosVer\" \/>\n<meta name=\"twitter:site\" content=\"@LosPoliticosVer\" \/>\n<meta name=\"twitter:label1\" content=\"Escrito por\" \/>\n\t<meta name=\"twitter:data1\" content=\"Lo viste en Los Pol\u00edticos\" \/>\n\t<meta name=\"twitter:label2\" content=\"Tiempo de lectura\" \/>\n\t<meta name=\"twitter:data2\" content=\"5 minutos\" \/>\n<script type=\"application\/ld+json\" class=\"yoast-schema-graph\">{\"@context\":\"https:\\\/\\\/schema.org\",\"@graph\":[{\"@type\":\"Article\",\"@id\":\"https:\\\/\\\/lospoliticosveracruz.com\\\/?p=52566#article\",\"isPartOf\":{\"@id\":\"https:\\\/\\\/lospoliticosveracruz.com\\\/?p=52566\"},\"author\":{\"name\":\"Lo viste en Los Pol\u00edticos\",\"@id\":\"https:\\\/\\\/lospoliticosveracruz.com\\\/#\\\/schema\\\/person\\\/b8702bb0e538456e6efd07080bf2a4a2\"},\"headline\":\"Y dec\u00edan que era peor Yunes o Duarte&#8230;\",\"datePublished\":\"2020-02-12T15:10:49+00:00\",\"mainEntityOfPage\":{\"@id\":\"https:\\\/\\\/lospoliticosveracruz.com\\\/?p=52566\"},\"wordCount\":1106,\"commentCount\":0,\"publisher\":{\"@id\":\"https:\\\/\\\/lospoliticosveracruz.com\\\/#organization\"},\"keywords\":[\"Boca del R\u00edo\",\"Carolina Gudi\u00f1o Corro\",\"Cuitl\u00e1huac Garc\u00eda Jim\u00e9nez\",\"Fernando Yunes M\u00e1rquez\",\"Francisco Avila Camberos\",\"Isla\",\"Javier Duarte de Ochoa\",\"Marlon Ram\u00edrez\",\"Miguel Angel Yunes Linares\",\"Morena\",\"Seguridad P\u00fablica\",\"Veracruz\",\"Xalapa\"],\"articleSection\":[\"De Opini\u00f3n\"],\"inLanguage\":\"es\",\"potentialAction\":[{\"@type\":\"CommentAction\",\"name\":\"Comment\",\"target\":[\"https:\\\/\\\/lospoliticosveracruz.com\\\/?p=52566#respond\"]}]},{\"@type\":\"WebPage\",\"@id\":\"https:\\\/\\\/lospoliticosveracruz.com\\\/?p=52566\",\"url\":\"https:\\\/\\\/lospoliticosveracruz.com\\\/?p=52566\",\"name\":\"Y dec\u00edan que era peor Yunes o Duarte... - Los pol\u00edticos Veracruz\",\"isPartOf\":{\"@id\":\"https:\\\/\\\/lospoliticosveracruz.com\\\/#website\"},\"datePublished\":\"2020-02-12T15:10:49+00:00\",\"breadcrumb\":{\"@id\":\"https:\\\/\\\/lospoliticosveracruz.com\\\/?p=52566#breadcrumb\"},\"inLanguage\":\"es\",\"potentialAction\":[{\"@type\":\"ReadAction\",\"target\":[\"https:\\\/\\\/lospoliticosveracruz.com\\\/?p=52566\"]}]},{\"@type\":\"BreadcrumbList\",\"@id\":\"https:\\\/\\\/lospoliticosveracruz.com\\\/?p=52566#breadcrumb\",\"itemListElement\":[{\"@type\":\"ListItem\",\"position\":1,\"name\":\"Portada\",\"item\":\"https:\\\/\\\/lospoliticosveracruz.com\\\/\"},{\"@type\":\"ListItem\",\"position\":2,\"name\":\"Y dec\u00edan que era peor Yunes o Duarte&#8230;\"}]},{\"@type\":\"WebSite\",\"@id\":\"https:\\\/\\\/lospoliticosveracruz.com\\\/#website\",\"url\":\"https:\\\/\\\/lospoliticosveracruz.com\\\/\",\"name\":\"Los pol\u00edticos Veracruz\",\"description\":\"\",\"publisher\":{\"@id\":\"https:\\\/\\\/lospoliticosveracruz.com\\\/#organization\"},\"potentialAction\":[{\"@type\":\"SearchAction\",\"target\":{\"@type\":\"EntryPoint\",\"urlTemplate\":\"https:\\\/\\\/lospoliticosveracruz.com\\\/?s={search_term_string}\"},\"query-input\":{\"@type\":\"PropertyValueSpecification\",\"valueRequired\":true,\"valueName\":\"search_term_string\"}}],\"inLanguage\":\"es\"},{\"@type\":\"Organization\",\"@id\":\"https:\\\/\\\/lospoliticosveracruz.com\\\/#organization\",\"name\":\"Los pol\u00edticos Veracruz\",\"url\":\"https:\\\/\\\/lospoliticosveracruz.com\\\/\",\"logo\":{\"@type\":\"ImageObject\",\"inLanguage\":\"es\",\"@id\":\"https:\\\/\\\/lospoliticosveracruz.com\\\/#\\\/schema\\\/logo\\\/image\\\/\",\"url\":\"https:\\\/\\\/lospoliticosveracruz.com\\\/wp-content\\\/uploads\\\/2025\\\/12\\\/Logo-Nuevo-LOS-POLITICOS-1.jpg\",\"contentUrl\":\"https:\\\/\\\/lospoliticosveracruz.com\\\/wp-content\\\/uploads\\\/2025\\\/12\\\/Logo-Nuevo-LOS-POLITICOS-1.jpg\",\"width\":260,\"height\":70,\"caption\":\"Los pol\u00edticos Veracruz\"},\"image\":{\"@id\":\"https:\\\/\\\/lospoliticosveracruz.com\\\/#\\\/schema\\\/logo\\\/image\\\/\"},\"sameAs\":[\"https:\\\/\\\/www.facebook.com\\\/people\\\/Notimemes-de-los-Polticos\\\/61565672886568\\\/\",\"https:\\\/\\\/x.com\\\/LosPoliticosVer\"]},{\"@type\":\"Person\",\"@id\":\"https:\\\/\\\/lospoliticosveracruz.com\\\/#\\\/schema\\\/person\\\/b8702bb0e538456e6efd07080bf2a4a2\",\"name\":\"Lo viste en Los Pol\u00edticos\",\"image\":{\"@type\":\"ImageObject\",\"inLanguage\":\"es\",\"@id\":\"https:\\\/\\\/secure.gravatar.com\\\/avatar\\\/3a8de04a2656d44082be478bd6c086daa447c4651605818287b9532d3d0bd435?s=96&d=mm&r=g\",\"url\":\"https:\\\/\\\/secure.gravatar.com\\\/avatar\\\/3a8de04a2656d44082be478bd6c086daa447c4651605818287b9532d3d0bd435?s=96&d=mm&r=g\",\"contentUrl\":\"https:\\\/\\\/secure.gravatar.com\\\/avatar\\\/3a8de04a2656d44082be478bd6c086daa447c4651605818287b9532d3d0bd435?s=96&d=mm&r=g\",\"caption\":\"Lo viste en Los Pol\u00edticos\"},\"url\":\"https:\\\/\\\/lospoliticosveracruz.com\\\/?author=2\"}]}<\/script>\n<!-- \/ Yoast SEO plugin. -->","yoast_head_json":{"title":"Y dec\u00edan que era peor Yunes o Duarte... - Los pol\u00edticos Veracruz","robots":{"index":"index","follow":"follow","max-snippet":"max-snippet:-1","max-image-preview":"max-image-preview:large","max-video-preview":"max-video-preview:-1"},"canonical":"https:\/\/lospoliticosveracruz.com\/?p=52566","og_locale":"es_ES","og_type":"article","og_title":"Y dec\u00edan que era peor Yunes o Duarte... - Los pol\u00edticos Veracruz","og_description":"Ricardo Ch\u00faa Sale y Vale OJO&#8230; Y eso que dec\u00edan que Yunes o Duarte eran peor&#8230; Pero lo que es un hecho, es que sin seguridad, no habr\u00e1 4T en Veracruz&#8230; Y con represi\u00f3n tampoco&#8230; Ayer el gobierno estatal de MORENA act\u00fao contra su burocracia y sociedad, como lo hac\u00edan las administraciones totalitarias de anta\u00f1o&#8230; [&hellip;]","og_url":"https:\/\/lospoliticosveracruz.com\/?p=52566","og_site_name":"Los pol\u00edticos Veracruz","article_publisher":"https:\/\/www.facebook.com\/people\/Notimemes-de-los-Polticos\/61565672886568\/","article_published_time":"2020-02-12T15:10:49+00:00","og_image":[{"width":200,"height":200,"url":"https:\/\/lospoliticosveracruz.com\/wp-content\/uploads\/2016\/07\/Logo-Dor.jpg","type":"image\/jpeg"}],"author":"Lo viste en Los Pol\u00edticos","twitter_card":"summary_large_image","twitter_creator":"@LosPoliticosVer","twitter_site":"@LosPoliticosVer","twitter_misc":{"Escrito por":"Lo viste en Los Pol\u00edticos","Tiempo de lectura":"5 minutos"},"schema":{"@context":"https:\/\/schema.org","@graph":[{"@type":"Article","@id":"https:\/\/lospoliticosveracruz.com\/?p=52566#article","isPartOf":{"@id":"https:\/\/lospoliticosveracruz.com\/?p=52566"},"author":{"name":"Lo viste en Los Pol\u00edticos","@id":"https:\/\/lospoliticosveracruz.com\/#\/schema\/person\/b8702bb0e538456e6efd07080bf2a4a2"},"headline":"Y dec\u00edan que era peor Yunes o Duarte&#8230;","datePublished":"2020-02-12T15:10:49+00:00","mainEntityOfPage":{"@id":"https:\/\/lospoliticosveracruz.com\/?p=52566"},"wordCount":1106,"commentCount":0,"publisher":{"@id":"https:\/\/lospoliticosveracruz.com\/#organization"},"keywords":["Boca del R\u00edo","Carolina Gudi\u00f1o Corro","Cuitl\u00e1huac Garc\u00eda Jim\u00e9nez","Fernando Yunes M\u00e1rquez","Francisco Avila Camberos","Isla","Javier Duarte de Ochoa","Marlon Ram\u00edrez","Miguel Angel Yunes Linares","Morena","Seguridad P\u00fablica","Veracruz","Xalapa"],"articleSection":["De Opini\u00f3n"],"inLanguage":"es","potentialAction":[{"@type":"CommentAction","name":"Comment","target":["https:\/\/lospoliticosveracruz.com\/?p=52566#respond"]}]},{"@type":"WebPage","@id":"https:\/\/lospoliticosveracruz.com\/?p=52566","url":"https:\/\/lospoliticosveracruz.com\/?p=52566","name":"Y dec\u00edan que era peor Yunes o Duarte... - Los pol\u00edticos Veracruz","isPartOf":{"@id":"https:\/\/lospoliticosveracruz.com\/#website"},"datePublished":"2020-02-12T15:10:49+00:00","breadcrumb":{"@id":"https:\/\/lospoliticosveracruz.com\/?p=52566#breadcrumb"},"inLanguage":"es","potentialAction":[{"@type":"ReadAction","target":["https:\/\/lospoliticosveracruz.com\/?p=52566"]}]},{"@type":"BreadcrumbList","@id":"https:\/\/lospoliticosveracruz.com\/?p=52566#breadcrumb","itemListElement":[{"@type":"ListItem","position":1,"name":"Portada","item":"https:\/\/lospoliticosveracruz.com\/"},{"@type":"ListItem","position":2,"name":"Y dec\u00edan que era peor Yunes o Duarte&#8230;"}]},{"@type":"WebSite","@id":"https:\/\/lospoliticosveracruz.com\/#website","url":"https:\/\/lospoliticosveracruz.com\/","name":"Los pol\u00edticos Veracruz","description":"","publisher":{"@id":"https:\/\/lospoliticosveracruz.com\/#organization"},"potentialAction":[{"@type":"SearchAction","target":{"@type":"EntryPoint","urlTemplate":"https:\/\/lospoliticosveracruz.com\/?s={search_term_string}"},"query-input":{"@type":"PropertyValueSpecification","valueRequired":true,"valueName":"search_term_string"}}],"inLanguage":"es"},{"@type":"Organization","@id":"https:\/\/lospoliticosveracruz.com\/#organization","name":"Los pol\u00edticos Veracruz","url":"https:\/\/lospoliticosveracruz.com\/","logo":{"@type":"ImageObject","inLanguage":"es","@id":"https:\/\/lospoliticosveracruz.com\/#\/schema\/logo\/image\/","url":"https:\/\/lospoliticosveracruz.com\/wp-content\/uploads\/2025\/12\/Logo-Nuevo-LOS-POLITICOS-1.jpg","contentUrl":"https:\/\/lospoliticosveracruz.com\/wp-content\/uploads\/2025\/12\/Logo-Nuevo-LOS-POLITICOS-1.jpg","width":260,"height":70,"caption":"Los pol\u00edticos Veracruz"},"image":{"@id":"https:\/\/lospoliticosveracruz.com\/#\/schema\/logo\/image\/"},"sameAs":["https:\/\/www.facebook.com\/people\/Notimemes-de-los-Polticos\/61565672886568\/","https:\/\/x.com\/LosPoliticosVer"]},{"@type":"Person","@id":"https:\/\/lospoliticosveracruz.com\/#\/schema\/person\/b8702bb0e538456e6efd07080bf2a4a2","name":"Lo viste en Los Pol\u00edticos","image":{"@type":"ImageObject","inLanguage":"es","@id":"https:\/\/secure.gravatar.com\/avatar\/3a8de04a2656d44082be478bd6c086daa447c4651605818287b9532d3d0bd435?s=96&d=mm&r=g","url":"https:\/\/secure.gravatar.com\/avatar\/3a8de04a2656d44082be478bd6c086daa447c4651605818287b9532d3d0bd435?s=96&d=mm&r=g","contentUrl":"https:\/\/secure.gravatar.com\/avatar\/3a8de04a2656d44082be478bd6c086daa447c4651605818287b9532d3d0bd435?s=96&d=mm&r=g","caption":"Lo viste en Los Pol\u00edticos"},"url":"https:\/\/lospoliticosveracruz.com\/?author=2"}]}},"_links":{"self":[{"href":"https:\/\/lospoliticosveracruz.com\/index.php?rest_route=\/wp\/v2\/posts\/52566","targetHints":{"allow":["GET"]}}],"collection":[{"href":"https:\/\/lospoliticosveracruz.com\/index.php?rest_route=\/wp\/v2\/posts"}],"about":[{"href":"https:\/\/lospoliticosveracruz.com\/index.php?rest_route=\/wp\/v2\/types\/post"}],"author":[{"embeddable":true,"href":"https:\/\/lospoliticosveracruz.com\/index.php?rest_route=\/wp\/v2\/users\/2"}],"replies":[{"embeddable":true,"href":"https:\/\/lospoliticosveracruz.com\/index.php?rest_route=%2Fwp%2Fv2%2Fcomments&post=52566"}],"version-history":[{"count":1,"href":"https:\/\/lospoliticosveracruz.com\/index.php?rest_route=\/wp\/v2\/posts\/52566\/revisions"}],"predecessor-version":[{"id":52568,"href":"https:\/\/lospoliticosveracruz.com\/index.php?rest_route=\/wp\/v2\/posts\/52566\/revisions\/52568"}],"wp:attachment":[{"href":"https:\/\/lospoliticosveracruz.com\/index.php?rest_route=%2Fwp%2Fv2%2Fmedia&parent=52566"}],"wp:term":[{"taxonomy":"category","embeddable":true,"href":"https:\/\/lospoliticosveracruz.com\/index.php?rest_route=%2Fwp%2Fv2%2Fcategories&post=52566"},{"taxonomy":"post_tag","embeddable":true,"href":"https:\/\/lospoliticosveracruz.com\/index.php?rest_route=%2Fwp%2Fv2%2Ftags&post=52566"}],"curies":[{"name":"wp","href":"https:\/\/api.w.org\/{rel}","templated":true}]}}