{"id":52570,"date":"2020-02-12T23:00:09","date_gmt":"2020-02-13T05:00:09","guid":{"rendered":"http:\/\/www.lospoliticosveracruz.com.mx\/?p=52570"},"modified":"2020-02-12T19:11:20","modified_gmt":"2020-02-13T01:11:20","slug":"coprofagia-politica","status":"publish","type":"post","link":"https:\/\/lospoliticosveracruz.com\/?p=52570","title":{"rendered":"Coprofagia pol\u00edtica"},"content":{"rendered":"<p><strong>Salvador Mu\u00f1oz<\/strong><\/p>\n<p><em>Los Pol\u00edticos<\/em><\/p>\n<p><span style=\"font-weight: 400;\">La intenci\u00f3n es no volverse monotem\u00e1tico, es decir, ocupar un espacio para un mismo tema, pero a veces los se\u00f1ores de la Cuarta Transformaci\u00f3n, de un modo u otro, persisten en ser protagonistas de estas historias aqu\u00ed plasmadas y la mayor\u00eda de \u00e9stas, provocadas por sus dichos y es lo sorprendente cuando la distancia entre el cerebro y la lengua, es tan corta\u2026<\/span><\/p>\n<p><span style=\"font-weight: 400;\">Hay dislates propios quiz\u00e1s del momento, de la emoci\u00f3n y a veces hasta de la ignorancia, como fue el caso de la secretaria de Turismo, X\u00f3chitl Arbes\u00fa Lago, quien en video insta a visitar las playas de Papantla y Poza Rica. En serio, uno quiere pensar que le gan\u00f3 la emoci\u00f3n a Arbes\u00fa a la hora de citar \u201clas playas de Poza Rica\u201d, \u00a1vamos! queremos creer que \u201cse explay\u00f3\u201d en sus comentarios. El asunto es que el dicho o dislate de la funcionaria se sobredimensiona cuando es ella la secretaria de Turismo y debemos suponer que Arbes\u00fa Lago tiene en claro qu\u00e9 municipios tienen playa y cu\u00e1les no.<\/span><\/p>\n<p><span style=\"font-weight: 400;\">El playero asunto de X\u00f3chitl al final se vuelve broma, y de ah\u00ed no pasa\u2026 sin embargo, hay otros dislates que preocupan m\u00e1s\u2026 hace rato coment\u00e1bamos de esa distancia que hay entre el cerebro y la lengua, muy corta y por ende, muy riesgosa, por lo que a veces es necesario cuidar las palabras a la hora de expresarlas\u2026<\/span><\/p>\n<p><span style=\"font-weight: 400;\">Uno de tantos ejemplos de ello es Andr\u00e9s Manuel L\u00f3pez Obrador y no nos referimos al asunto de \u201c\u00a1Fuchi, caca!\u201d que se remata con otra expresi\u00f3n donde cita que se come las \u201ceses\u201d pero resulta un juego de palabras cuando se le puede entender que se come las \u201checes\u201d&#8230; algo as\u00ed como el \u201ceso es\u201d y es soez\u201d&#8230; este caso, el del \u201c\u00a1Fuchi, caca!\u201d quedar\u00e1 en el anecdotario\u2026 pero la frase a la que nos referimos es cuando cita \u201cNo quiero que los feminicidios opaquen la rifa\u201d porque sin querer, denota una particularidad en su forma de ser, sea personal, pol\u00edtica o ambas: insensibilidad y m\u00e1s ante estos casos que laceran a la sociedad.<\/span><\/p>\n<p><span style=\"font-weight: 400;\">Lamentablemente, el actuar del Presidente se vuelve una forma de ser y hacer pol\u00edtica en sus seguidores que buscan emularlo, ya sea con esa indiferencia a \u201clas cosas que no me importan\u201d, o pretendiendo \u201chacerse los chistosos\u201d.<\/span><\/p>\n<p><span style=\"font-weight: 400;\">En Veracruz, los casos m\u00e1s recientes los dan el secretario de Gobierno, Eric Cisneros Burgos, as\u00ed como Cuitl\u00e1huac Garc\u00eda Jim\u00e9nez.<\/span><\/p>\n<p><span style=\"font-weight: 400;\">Primero, Cisneros, quien hace recordar a Javier Duarte de Ochoa con su \u201c\u00a1P\u00f3rtense bien!\u201d cuando expresa, ante los hechos recientes en Isla, donde hubo un enfrentamiento entre polic\u00edas y ciudadanos, as\u00ed como agresi\u00f3n a medios de comunicaci\u00f3n, que los reporteros fueron \u201creclutados por grupos criminales, para que cubrieran los hechos, con la encomienda de tomar fotograf\u00edas y grabaciones de videos\u201d\u2026 es decir, la criminalizaci\u00f3n del comunicador por el hecho de estar all\u00ed cubriendo un evento\u2026 no sea que despu\u00e9s, si voy a cubrir una rueda de prensa de la encargada de la Fiscal\u00eda General del Estado, diga que fui \u201creclutado por grupos criminales para que cubriera los hechos\u201d.<\/span><\/p>\n<p><span style=\"font-weight: 400;\">La otra perla, la de Cuitl\u00e1huac, la da cuando <\/span><span style=\"font-weight: 400;\">Carlos Abad, corresponsal de El Pi\u00f1ero en Tuxtepec, Oaxaca, lo entrevista. All\u00e1, niega Garc\u00eda Jim\u00e9nez que la Fuerza Civil haya atacado al reportero Alberto Carmona, a pesar del video que se expuso este martes pasado\u2026 la negaci\u00f3n de la realidad\u2026 y fue eso lo que le reiter\u00f3 el reportero: la evidencia grabada donde la agresi\u00f3n viene de la Fuerza Civil, a lo que respondi\u00f3 Cuitl\u00e1huac:<\/span><\/p>\n<p><span style=\"font-weight: 400;\">\u2014\u00bfY \u00e9l (el reportero Alberto Carmona) qu\u00e9 hac\u00eda all\u00ed?<\/span><\/p>\n<p><span style=\"font-weight: 400;\">\u2014Su trabajo.<\/span><\/p>\n<p><span style=\"font-weight: 400;\">Insistimos, la distancia entre cerebro y lengua es muy corta para que no se tenga cuidado con los dislates por parte en este caso, de las autoridades\u2026 a menos que de tanto que quieren imitar a su l\u00edder, tambi\u00e9n se coman \u201clas heces\u201d&#8230; coprofagia pol\u00edtica, pues.<\/span><\/p>\n<p>&nbsp;<\/p>\n<p><span style=\"font-weight: 400;\">smcainito@gmail.com<\/span><\/p>\n","protected":false},"excerpt":{"rendered":"<p>Salvador Mu\u00f1oz Los Pol\u00edticos La intenci\u00f3n es no volverse monotem\u00e1tico, es decir, ocupar un espacio para un mismo tema, pero a veces los se\u00f1ores de la Cuarta Transformaci\u00f3n, de un modo u otro, persisten en ser protagonistas de estas historias aqu\u00ed plasmadas y la mayor\u00eda de \u00e9stas, provocadas por sus dichos y es lo sorprendente [&hellip;]<\/p>\n","protected":false},"author":2,"featured_media":0,"comment_status":"open","ping_status":"open","sticky":false,"template":"","format":"standard","meta":{"tdm_status":"","tdm_grid_status":"","footnotes":""},"categories":[70],"tags":[16496,16494,12744,1563,16497,12299,260,3315,16495,1267,2646,954,198,12607],"class_list":{"0":"post-52570","1":"post","2":"type-post","3":"status-publish","4":"format-standard","6":"category-de-opinion","7":"tag-carlos-abad","8":"tag-coprofagia","9":"tag-cuarta-transformacion","10":"tag-cuitlahuac-garcia-jimenez","11":"tag-el-pinero","12":"tag-eric-cisneros-burgos","13":"tag-javier-duarte-de-ochoa","14":"tag-papantla","15":"tag-playas","16":"tag-poza-rica","17":"tag-salvador-munoz","18":"tag-secretario-de-gobierno","19":"tag-turismo","20":"tag-xochitl-arbesu-lago"},"yoast_head":"<!-- This site is optimized with the Yoast SEO plugin v27.4 - https:\/\/yoast.com\/product\/yoast-seo-wordpress\/ -->\n<title>Coprofagia pol\u00edtica - Los pol\u00edticos Veracruz<\/title>\n<meta name=\"robots\" content=\"index, follow, max-snippet:-1, max-image-preview:large, max-video-preview:-1\" \/>\n<link rel=\"canonical\" href=\"https:\/\/lospoliticosveracruz.com\/?p=52570\" \/>\n<meta property=\"og:locale\" content=\"es_ES\" \/>\n<meta property=\"og:type\" content=\"article\" \/>\n<meta property=\"og:title\" content=\"Coprofagia pol\u00edtica - Los pol\u00edticos Veracruz\" \/>\n<meta property=\"og:description\" content=\"Salvador Mu\u00f1oz Los Pol\u00edticos La intenci\u00f3n es no volverse monotem\u00e1tico, es decir, ocupar un espacio para un mismo tema, pero a veces los se\u00f1ores de la Cuarta Transformaci\u00f3n, de un modo u otro, persisten en ser protagonistas de estas historias aqu\u00ed plasmadas y la mayor\u00eda de \u00e9stas, provocadas por sus dichos y es lo sorprendente [&hellip;]\" \/>\n<meta property=\"og:url\" content=\"https:\/\/lospoliticosveracruz.com\/?p=52570\" \/>\n<meta property=\"og:site_name\" content=\"Los pol\u00edticos Veracruz\" \/>\n<meta property=\"article:publisher\" content=\"https:\/\/www.facebook.com\/people\/Notimemes-de-los-Polticos\/61565672886568\/\" \/>\n<meta property=\"article:published_time\" content=\"2020-02-13T05:00:09+00:00\" \/>\n<meta property=\"og:image\" content=\"https:\/\/lospoliticosveracruz.com\/wp-content\/uploads\/2016\/07\/Logo-Dor.jpg\" \/>\n\t<meta property=\"og:image:width\" content=\"200\" \/>\n\t<meta property=\"og:image:height\" content=\"200\" \/>\n\t<meta property=\"og:image:type\" content=\"image\/jpeg\" \/>\n<meta name=\"author\" content=\"Lo viste en Los Pol\u00edticos\" \/>\n<meta name=\"twitter:card\" content=\"summary_large_image\" \/>\n<meta name=\"twitter:creator\" content=\"@LosPoliticosVer\" \/>\n<meta name=\"twitter:site\" content=\"@LosPoliticosVer\" \/>\n<meta name=\"twitter:label1\" content=\"Escrito por\" \/>\n\t<meta name=\"twitter:data1\" content=\"Lo viste en Los Pol\u00edticos\" \/>\n\t<meta name=\"twitter:label2\" content=\"Tiempo de lectura\" \/>\n\t<meta name=\"twitter:data2\" content=\"3 minutos\" \/>\n<script type=\"application\/ld+json\" class=\"yoast-schema-graph\">{\"@context\":\"https:\\\/\\\/schema.org\",\"@graph\":[{\"@type\":\"Article\",\"@id\":\"https:\\\/\\\/lospoliticosveracruz.com\\\/?p=52570#article\",\"isPartOf\":{\"@id\":\"https:\\\/\\\/lospoliticosveracruz.com\\\/?p=52570\"},\"author\":{\"name\":\"Lo viste en Los Pol\u00edticos\",\"@id\":\"https:\\\/\\\/lospoliticosveracruz.com\\\/#\\\/schema\\\/person\\\/b8702bb0e538456e6efd07080bf2a4a2\"},\"headline\":\"Coprofagia pol\u00edtica\",\"datePublished\":\"2020-02-13T05:00:09+00:00\",\"mainEntityOfPage\":{\"@id\":\"https:\\\/\\\/lospoliticosveracruz.com\\\/?p=52570\"},\"wordCount\":695,\"commentCount\":0,\"publisher\":{\"@id\":\"https:\\\/\\\/lospoliticosveracruz.com\\\/#organization\"},\"keywords\":[\"Carlos Abad\",\"coprofagia\",\"Cuarta Transformaci\u00f3n\",\"Cuitl\u00e1huac Garc\u00eda Jim\u00e9nez\",\"El Pi\u00f1ero\",\"Eric Cisneros Burgos\",\"Javier Duarte de Ochoa\",\"Papantla\",\"playas\",\"Poza Rica\",\"Salvador Mu\u00f1oz\",\"secretario de Gobierno\",\"Turismo\",\"X\u00f3chitl Arbes\u00fa Lago\"],\"articleSection\":[\"De Opini\u00f3n\"],\"inLanguage\":\"es\",\"potentialAction\":[{\"@type\":\"CommentAction\",\"name\":\"Comment\",\"target\":[\"https:\\\/\\\/lospoliticosveracruz.com\\\/?p=52570#respond\"]}]},{\"@type\":\"WebPage\",\"@id\":\"https:\\\/\\\/lospoliticosveracruz.com\\\/?p=52570\",\"url\":\"https:\\\/\\\/lospoliticosveracruz.com\\\/?p=52570\",\"name\":\"Coprofagia pol\u00edtica - Los pol\u00edticos Veracruz\",\"isPartOf\":{\"@id\":\"https:\\\/\\\/lospoliticosveracruz.com\\\/#website\"},\"datePublished\":\"2020-02-13T05:00:09+00:00\",\"breadcrumb\":{\"@id\":\"https:\\\/\\\/lospoliticosveracruz.com\\\/?p=52570#breadcrumb\"},\"inLanguage\":\"es\",\"potentialAction\":[{\"@type\":\"ReadAction\",\"target\":[\"https:\\\/\\\/lospoliticosveracruz.com\\\/?p=52570\"]}]},{\"@type\":\"BreadcrumbList\",\"@id\":\"https:\\\/\\\/lospoliticosveracruz.com\\\/?p=52570#breadcrumb\",\"itemListElement\":[{\"@type\":\"ListItem\",\"position\":1,\"name\":\"Portada\",\"item\":\"https:\\\/\\\/lospoliticosveracruz.com\\\/\"},{\"@type\":\"ListItem\",\"position\":2,\"name\":\"Coprofagia pol\u00edtica\"}]},{\"@type\":\"WebSite\",\"@id\":\"https:\\\/\\\/lospoliticosveracruz.com\\\/#website\",\"url\":\"https:\\\/\\\/lospoliticosveracruz.com\\\/\",\"name\":\"Los pol\u00edticos Veracruz\",\"description\":\"\",\"publisher\":{\"@id\":\"https:\\\/\\\/lospoliticosveracruz.com\\\/#organization\"},\"potentialAction\":[{\"@type\":\"SearchAction\",\"target\":{\"@type\":\"EntryPoint\",\"urlTemplate\":\"https:\\\/\\\/lospoliticosveracruz.com\\\/?s={search_term_string}\"},\"query-input\":{\"@type\":\"PropertyValueSpecification\",\"valueRequired\":true,\"valueName\":\"search_term_string\"}}],\"inLanguage\":\"es\"},{\"@type\":\"Organization\",\"@id\":\"https:\\\/\\\/lospoliticosveracruz.com\\\/#organization\",\"name\":\"Los pol\u00edticos Veracruz\",\"url\":\"https:\\\/\\\/lospoliticosveracruz.com\\\/\",\"logo\":{\"@type\":\"ImageObject\",\"inLanguage\":\"es\",\"@id\":\"https:\\\/\\\/lospoliticosveracruz.com\\\/#\\\/schema\\\/logo\\\/image\\\/\",\"url\":\"https:\\\/\\\/lospoliticosveracruz.com\\\/wp-content\\\/uploads\\\/2025\\\/12\\\/Logo-Nuevo-LOS-POLITICOS-1.jpg\",\"contentUrl\":\"https:\\\/\\\/lospoliticosveracruz.com\\\/wp-content\\\/uploads\\\/2025\\\/12\\\/Logo-Nuevo-LOS-POLITICOS-1.jpg\",\"width\":260,\"height\":70,\"caption\":\"Los pol\u00edticos Veracruz\"},\"image\":{\"@id\":\"https:\\\/\\\/lospoliticosveracruz.com\\\/#\\\/schema\\\/logo\\\/image\\\/\"},\"sameAs\":[\"https:\\\/\\\/www.facebook.com\\\/people\\\/Notimemes-de-los-Polticos\\\/61565672886568\\\/\",\"https:\\\/\\\/x.com\\\/LosPoliticosVer\"]},{\"@type\":\"Person\",\"@id\":\"https:\\\/\\\/lospoliticosveracruz.com\\\/#\\\/schema\\\/person\\\/b8702bb0e538456e6efd07080bf2a4a2\",\"name\":\"Lo viste en Los Pol\u00edticos\",\"image\":{\"@type\":\"ImageObject\",\"inLanguage\":\"es\",\"@id\":\"https:\\\/\\\/secure.gravatar.com\\\/avatar\\\/3a8de04a2656d44082be478bd6c086daa447c4651605818287b9532d3d0bd435?s=96&d=mm&r=g\",\"url\":\"https:\\\/\\\/secure.gravatar.com\\\/avatar\\\/3a8de04a2656d44082be478bd6c086daa447c4651605818287b9532d3d0bd435?s=96&d=mm&r=g\",\"contentUrl\":\"https:\\\/\\\/secure.gravatar.com\\\/avatar\\\/3a8de04a2656d44082be478bd6c086daa447c4651605818287b9532d3d0bd435?s=96&d=mm&r=g\",\"caption\":\"Lo viste en Los Pol\u00edticos\"},\"url\":\"https:\\\/\\\/lospoliticosveracruz.com\\\/?author=2\"}]}<\/script>\n<!-- \/ Yoast SEO plugin. -->","yoast_head_json":{"title":"Coprofagia pol\u00edtica - Los pol\u00edticos Veracruz","robots":{"index":"index","follow":"follow","max-snippet":"max-snippet:-1","max-image-preview":"max-image-preview:large","max-video-preview":"max-video-preview:-1"},"canonical":"https:\/\/lospoliticosveracruz.com\/?p=52570","og_locale":"es_ES","og_type":"article","og_title":"Coprofagia pol\u00edtica - Los pol\u00edticos Veracruz","og_description":"Salvador Mu\u00f1oz Los Pol\u00edticos La intenci\u00f3n es no volverse monotem\u00e1tico, es decir, ocupar un espacio para un mismo tema, pero a veces los se\u00f1ores de la Cuarta Transformaci\u00f3n, de un modo u otro, persisten en ser protagonistas de estas historias aqu\u00ed plasmadas y la mayor\u00eda de \u00e9stas, provocadas por sus dichos y es lo sorprendente [&hellip;]","og_url":"https:\/\/lospoliticosveracruz.com\/?p=52570","og_site_name":"Los pol\u00edticos Veracruz","article_publisher":"https:\/\/www.facebook.com\/people\/Notimemes-de-los-Polticos\/61565672886568\/","article_published_time":"2020-02-13T05:00:09+00:00","og_image":[{"width":200,"height":200,"url":"https:\/\/lospoliticosveracruz.com\/wp-content\/uploads\/2016\/07\/Logo-Dor.jpg","type":"image\/jpeg"}],"author":"Lo viste en Los Pol\u00edticos","twitter_card":"summary_large_image","twitter_creator":"@LosPoliticosVer","twitter_site":"@LosPoliticosVer","twitter_misc":{"Escrito por":"Lo viste en Los Pol\u00edticos","Tiempo de lectura":"3 minutos"},"schema":{"@context":"https:\/\/schema.org","@graph":[{"@type":"Article","@id":"https:\/\/lospoliticosveracruz.com\/?p=52570#article","isPartOf":{"@id":"https:\/\/lospoliticosveracruz.com\/?p=52570"},"author":{"name":"Lo viste en Los Pol\u00edticos","@id":"https:\/\/lospoliticosveracruz.com\/#\/schema\/person\/b8702bb0e538456e6efd07080bf2a4a2"},"headline":"Coprofagia pol\u00edtica","datePublished":"2020-02-13T05:00:09+00:00","mainEntityOfPage":{"@id":"https:\/\/lospoliticosveracruz.com\/?p=52570"},"wordCount":695,"commentCount":0,"publisher":{"@id":"https:\/\/lospoliticosveracruz.com\/#organization"},"keywords":["Carlos Abad","coprofagia","Cuarta Transformaci\u00f3n","Cuitl\u00e1huac Garc\u00eda Jim\u00e9nez","El Pi\u00f1ero","Eric Cisneros Burgos","Javier Duarte de Ochoa","Papantla","playas","Poza Rica","Salvador Mu\u00f1oz","secretario de Gobierno","Turismo","X\u00f3chitl Arbes\u00fa Lago"],"articleSection":["De Opini\u00f3n"],"inLanguage":"es","potentialAction":[{"@type":"CommentAction","name":"Comment","target":["https:\/\/lospoliticosveracruz.com\/?p=52570#respond"]}]},{"@type":"WebPage","@id":"https:\/\/lospoliticosveracruz.com\/?p=52570","url":"https:\/\/lospoliticosveracruz.com\/?p=52570","name":"Coprofagia pol\u00edtica - Los pol\u00edticos Veracruz","isPartOf":{"@id":"https:\/\/lospoliticosveracruz.com\/#website"},"datePublished":"2020-02-13T05:00:09+00:00","breadcrumb":{"@id":"https:\/\/lospoliticosveracruz.com\/?p=52570#breadcrumb"},"inLanguage":"es","potentialAction":[{"@type":"ReadAction","target":["https:\/\/lospoliticosveracruz.com\/?p=52570"]}]},{"@type":"BreadcrumbList","@id":"https:\/\/lospoliticosveracruz.com\/?p=52570#breadcrumb","itemListElement":[{"@type":"ListItem","position":1,"name":"Portada","item":"https:\/\/lospoliticosveracruz.com\/"},{"@type":"ListItem","position":2,"name":"Coprofagia pol\u00edtica"}]},{"@type":"WebSite","@id":"https:\/\/lospoliticosveracruz.com\/#website","url":"https:\/\/lospoliticosveracruz.com\/","name":"Los pol\u00edticos Veracruz","description":"","publisher":{"@id":"https:\/\/lospoliticosveracruz.com\/#organization"},"potentialAction":[{"@type":"SearchAction","target":{"@type":"EntryPoint","urlTemplate":"https:\/\/lospoliticosveracruz.com\/?s={search_term_string}"},"query-input":{"@type":"PropertyValueSpecification","valueRequired":true,"valueName":"search_term_string"}}],"inLanguage":"es"},{"@type":"Organization","@id":"https:\/\/lospoliticosveracruz.com\/#organization","name":"Los pol\u00edticos Veracruz","url":"https:\/\/lospoliticosveracruz.com\/","logo":{"@type":"ImageObject","inLanguage":"es","@id":"https:\/\/lospoliticosveracruz.com\/#\/schema\/logo\/image\/","url":"https:\/\/lospoliticosveracruz.com\/wp-content\/uploads\/2025\/12\/Logo-Nuevo-LOS-POLITICOS-1.jpg","contentUrl":"https:\/\/lospoliticosveracruz.com\/wp-content\/uploads\/2025\/12\/Logo-Nuevo-LOS-POLITICOS-1.jpg","width":260,"height":70,"caption":"Los pol\u00edticos Veracruz"},"image":{"@id":"https:\/\/lospoliticosveracruz.com\/#\/schema\/logo\/image\/"},"sameAs":["https:\/\/www.facebook.com\/people\/Notimemes-de-los-Polticos\/61565672886568\/","https:\/\/x.com\/LosPoliticosVer"]},{"@type":"Person","@id":"https:\/\/lospoliticosveracruz.com\/#\/schema\/person\/b8702bb0e538456e6efd07080bf2a4a2","name":"Lo viste en Los Pol\u00edticos","image":{"@type":"ImageObject","inLanguage":"es","@id":"https:\/\/secure.gravatar.com\/avatar\/3a8de04a2656d44082be478bd6c086daa447c4651605818287b9532d3d0bd435?s=96&d=mm&r=g","url":"https:\/\/secure.gravatar.com\/avatar\/3a8de04a2656d44082be478bd6c086daa447c4651605818287b9532d3d0bd435?s=96&d=mm&r=g","contentUrl":"https:\/\/secure.gravatar.com\/avatar\/3a8de04a2656d44082be478bd6c086daa447c4651605818287b9532d3d0bd435?s=96&d=mm&r=g","caption":"Lo viste en Los Pol\u00edticos"},"url":"https:\/\/lospoliticosveracruz.com\/?author=2"}]}},"_links":{"self":[{"href":"https:\/\/lospoliticosveracruz.com\/index.php?rest_route=\/wp\/v2\/posts\/52570","targetHints":{"allow":["GET"]}}],"collection":[{"href":"https:\/\/lospoliticosveracruz.com\/index.php?rest_route=\/wp\/v2\/posts"}],"about":[{"href":"https:\/\/lospoliticosveracruz.com\/index.php?rest_route=\/wp\/v2\/types\/post"}],"author":[{"embeddable":true,"href":"https:\/\/lospoliticosveracruz.com\/index.php?rest_route=\/wp\/v2\/users\/2"}],"replies":[{"embeddable":true,"href":"https:\/\/lospoliticosveracruz.com\/index.php?rest_route=%2Fwp%2Fv2%2Fcomments&post=52570"}],"version-history":[{"count":1,"href":"https:\/\/lospoliticosveracruz.com\/index.php?rest_route=\/wp\/v2\/posts\/52570\/revisions"}],"predecessor-version":[{"id":52572,"href":"https:\/\/lospoliticosveracruz.com\/index.php?rest_route=\/wp\/v2\/posts\/52570\/revisions\/52572"}],"wp:attachment":[{"href":"https:\/\/lospoliticosveracruz.com\/index.php?rest_route=%2Fwp%2Fv2%2Fmedia&parent=52570"}],"wp:term":[{"taxonomy":"category","embeddable":true,"href":"https:\/\/lospoliticosveracruz.com\/index.php?rest_route=%2Fwp%2Fv2%2Fcategories&post=52570"},{"taxonomy":"post_tag","embeddable":true,"href":"https:\/\/lospoliticosveracruz.com\/index.php?rest_route=%2Fwp%2Fv2%2Ftags&post=52570"}],"curies":[{"name":"wp","href":"https:\/\/api.w.org\/{rel}","templated":true}]}}