{"id":52600,"date":"2020-02-14T08:41:42","date_gmt":"2020-02-14T14:41:42","guid":{"rendered":"http:\/\/www.lospoliticosveracruz.com.mx\/?p=52600"},"modified":"2020-02-14T08:41:42","modified_gmt":"2020-02-14T14:41:42","slug":"los-tres-dramas-de-cuic","status":"publish","type":"post","link":"https:\/\/lospoliticosveracruz.com\/?p=52600","title":{"rendered":"Los tres dramas de Cuic"},"content":{"rendered":"<p><strong>Ricardo Ch\u00faa<\/strong><\/p>\n<p><em>Sale y Vale<\/em><\/p>\n<p>OJO&#8230; Hasta el momento no se sabe de un periodista denunciado ante la FGR por los se\u00f1alamientos hechos por el secretario de Gobierno, Eric Cisneros, de que reporteros fueron \u00abreclutados\u00bb por bandas ilegales para ir a grabar y tomar fotos de los hechos sangrientos de Isla.. As\u00ed que de no hacerlo todo quedar\u00e1 en una \u00abverborrea bucal\u00bb de parte de Patrocinio&#8230; Seguro la FGR proceder\u00e1 contra algunos polic\u00edas&#8230; Pero hasta ah\u00ed llegar\u00e1n&#8230;. A poco creen que Alejandro Gertz va a llamar a cuentas a Hugo Guti\u00e9rrez&#8230;. Por favor es Veracruz y la 4T&#8230;<\/p>\n<p>LA SUGERENCIA &#8230; Nos cuentan los \u00abbi\u00f3grafos no autorizados\u00bb de Cuitl\u00e1huac Garc\u00eda Jim\u00e9nez, que hace apenas unas semanas, do\u00f1a Olga S\u00e1nchez Cordero le hab\u00eda pedido al gobernador de Veracruz&#8230; Que por todo lo que hab\u00eda vivido en su primer a\u00f1o de gobierno&#8230; Era necesario hacer algunos movimientos en su gabinete estatal porque estaba m\u00e1s \u00abd\u00e9bil\u00bb que nunca en materia pol\u00edtica&#8230; La secretaria de Gobernaci\u00f3n le hizo esa observaci\u00f3n, de acuerdos a sus informes que ten\u00eda sobre el tema Veracruz&#8230; Y Cuitl\u00e1huac no le hizo caso&#8230;<\/p>\n<p>El gobernante jarocho se \u00abemberrincho\u00bb y no tom\u00f3 en cuenta la \u00abSUGERENCIA\u00bb de Do\u00f1a Olga&#8230; Y todav\u00eda tuvo el \u00abatrevimiento\u00bb de hacerle llegar el mensaje, que si esa \u00absugerencia\u00bb era una \u00aborden\u00bb entonces \u00e9l tambi\u00e9n iba a presentar su RENUNCIA como gobernador (Noooooooooo)&#8230;. Hizo su drama, dicen. al estilo Cuauht\u00e9moc Blanco en Morelos, cuando le mand\u00f3 decir eso a L\u00f3pez Obrador&#8230;. Al final se qued\u00f3 el futbolista y tambi\u00e9n el \u00abinge\u00bb veracruzano&#8230; No se fueron, es decir, impusieron su \u00absanta\u00bb voluntad&#8230;<\/p>\n<p>La -sugerencia- de la titular de SEGOB era que por \u00absalud propia\u00bb de su gobierno&#8230; Cuitl\u00e1huac ten\u00eda que remover por lo menos a tres personajes&#8230; El primero: Roberto Ramos Alor #LordDengue por los problemas causados en el sector salud de todos conocidos&#8230; El segundo era: Zenyanzen Escobar #LordPepsi tambi\u00e9n por todos los tramas, dramas y presuntos hechos de corrupci\u00f3n ocurridos en la SEV bajo su mandato&#8230;.<\/p>\n<p>El tercero en la lista: Eric Cisneros por la ingobernabilidad que hay en la entidad y que no ha podido controlar&#8230; Pero cuentan que un acto de \u00abrebeld\u00eda\u00bb al Palacio Nacional&#8230; Cuitl\u00e1huac defendi\u00f3 a los suyos a \u00abcapa y espada\u00bb&#8230; Loable su acci\u00f3n con sus subalternos en el gabinete&#8230; Pero con esa decisi\u00f3n tomada, y, respetada por SEGOB (Por lo menos hasta ahora) queda m\u00e1s que claro&#8230; Que el PEOR ENEMIGO de Cuitl\u00e1uhac Garc\u00eda&#8230; Es el mismo Gobernador de Veracruz&#8230; El que entendi\u00f3, entendi\u00f3&#8230; AMEN&#8230;<\/p>\n<p>EL ACOSO, LA OTRA VERSI\u00d3N&#8230; Ayer varias \u00abvacas sagradas\u00bb del periodismo xalape\u00f1o&#8230; Hablaron para se\u00f1alar que Gina Dom\u00ednguez en nada asesora a Eric Cisneros en el tema de su trato a los medios de comunicaci\u00f3n y a los periodistas veracruzanos&#8230; Que ella est\u00e1 despachando en su oficina de la calle de Orizaba, de la capital del Estado&#8230; Y que de ah\u00ed s\u00f3lo se mueve a su residencia pero que no tiene nada que ver con los Morenos&#8230; \u00bf?&#8230;<\/p>\n<p>Pero se\u00f1alan que uno de los principales \u00aboperadores\u00bb de este acoso que sufren periodistas por parte de las redes sociales del gobierno estatal&#8230; Es el titular de la Editora del Estado, Israel Rold\u00e1n&#8230; PRESUNTAMENTE \u00e9l se encarga de la llamada \u00abOperaci\u00f3n Presi\u00f3n\u00bb junto con Ivan Luna, que es el jefe de Prensa de Cuitl\u00e1huac, para \u00abacalambrar\u00bb todas las voces cr\u00edticas a Cuitl\u00e1huac y Eric Cisneros, ya sean personas de la sociedad civil o periodistas&#8230; La \u00abguerra\u00bb a lo que da con todo y recursos&#8230; As\u00ed se las gastan&#8230;<\/p>\n<p>Hace apenas unos d\u00edas&#8230; Una servidora p\u00fablica que trabajaba para el gobierno de Cuitl\u00e1huac y que depend\u00eda de la oficina de Iv\u00e1n Luna&#8230; Fue presionada a renunciar al cargo porque un familiar de ella, es un afamado columnista pol\u00edtico en Xalapa&#8230; Cr\u00edtico de MORENA, la 4T y del gobierno estatal&#8230; Y como no le \u00abbajo a sus yemas\u00bb con sus se\u00f1alamientos al gobierno entonces presionaron a la muchucha, con aquello que \u00abcopelas o cuello\u00bb&#8230; Y al final terminaron por \u00abreventarla\u00bb por la presi\u00f3n de Luna en su contra&#8230;<\/p>\n<p>La chica se dedico a buscar trabajo en otros sitios o entes de gobierno&#8230; Y la respuesta fue la misma: \u00abPara t\u00ed no hay chamba, hasta que calmen los ataques de tu familia al gobierno\u00bb&#8230; Violencia de g\u00e9nero e intento de cooptar la libertad de expresi\u00f3n&#8230; As\u00ed que en pocas palabras&#8230; La bloquearon para que no trabaje en la administraci\u00f3n p\u00fablica o en \u00f3rganos \u00abaut\u00f3nomos\u00bb hasta que su familiar deje de criticar a Cuitl\u00e1huac&#8230; Ese es el nivel y ese es el cambio&#8230; Esto no tarda en explotarle en las manos a #LordCavernicola&#8230; MOCOS PETRA&#8230;<\/p>\n<p>EL BLOQUEO&#8230; Y para muestra de que este acoso y persecuci\u00f3n que siguen los \u00abjefe\u00bb de la comunicaci\u00f3n pol\u00edtica de Cuitl\u00e1huac (Ja Ja Ja)&#8230; Nos cuentan que los \u00abComunnity Manager\u00bb que manejan las redes sociales del gobernador veracruzano, tienen la orden de \u00abbloquear\u00bb&#8230; A todos aquellos que sean \u00abindeseables\u00bb para su persona y gobierno&#8230; Pero para que este \u00abbloqueo\u00bb en sus cuentas se presente, tienen que contar con ciertas caracter\u00edsticas: Ser persona que influyan ante la opini\u00f3n p\u00fablica&#8230;<\/p>\n<p>Se puede decir que sean \u00abinfluencer\u00bb&#8230; Que los seguidores en las cuentas de estos \u00abenemigos del r\u00e9gimen\u00bb sean personas que tengan opini\u00f3n ante la sociedad&#8230; Por eso a estos \u00abenemigos\u00bb de Cuitl\u00e1huac&#8230; Los segregan y bloquean la cuenta del Gober&#8230; Si de por si a Garc\u00eda Jim\u00e9nez le va en -feria- en sus redes sociales&#8230; A pesar de que trabajan en evitar es que sus contrincantes crezcan m\u00e1s en sus redes sociales&#8230; Y esa cadena provoque descalificaciones al gobierno del Estado&#8230;Bloquean a los que crean conciencia ciudadana&#8230; S\u00f3lo \u00abexpulsan\u00bb a \u00abinfluencer\u00bb&#8230; Pero ni as\u00ed&#8230;. TAN Y TAN&#8230;<\/p>\n","protected":false},"excerpt":{"rendered":"<p>Ricardo Ch\u00faa Sale y Vale OJO&#8230; Hasta el momento no se sabe de un periodista denunciado ante la FGR por los se\u00f1alamientos hechos por el secretario de Gobierno, Eric Cisneros, de que reporteros fueron \u00abreclutados\u00bb por bandas ilegales para ir a grabar y tomar fotos de los hechos sangrientos de Isla.. As\u00ed que de no [&hellip;]<\/p>\n","protected":false},"author":2,"featured_media":0,"comment_status":"open","ping_status":"open","sticky":false,"template":"","format":"standard","meta":{"tdm_status":"","tdm_grid_status":"","footnotes":""},"categories":[70],"tags":[1512,1563,12686,13731,15749,1026,687,954,195],"class_list":{"0":"post-52600","1":"post","2":"type-post","3":"status-publish","4":"format-standard","6":"category-de-opinion","7":"tag-cuauhtemoc-blanco","8":"tag-cuitlahuac-garcia-jimenez","9":"tag-eric-cisneros","10":"tag-fgr","11":"tag-ivan-luna-landa","12":"tag-morena","13":"tag-olga-sanchez-cordero","14":"tag-secretario-de-gobierno","15":"tag-veracruz"},"yoast_head":"<!-- This site is optimized with the Yoast SEO plugin v27.4 - https:\/\/yoast.com\/product\/yoast-seo-wordpress\/ -->\n<title>Los tres dramas de Cuic - Los pol\u00edticos Veracruz<\/title>\n<meta name=\"robots\" content=\"index, follow, max-snippet:-1, max-image-preview:large, max-video-preview:-1\" \/>\n<link rel=\"canonical\" href=\"https:\/\/lospoliticosveracruz.com\/?p=52600\" \/>\n<meta property=\"og:locale\" content=\"es_ES\" \/>\n<meta property=\"og:type\" content=\"article\" \/>\n<meta property=\"og:title\" content=\"Los tres dramas de Cuic - Los pol\u00edticos Veracruz\" \/>\n<meta property=\"og:description\" content=\"Ricardo Ch\u00faa Sale y Vale OJO&#8230; Hasta el momento no se sabe de un periodista denunciado ante la FGR por los se\u00f1alamientos hechos por el secretario de Gobierno, Eric Cisneros, de que reporteros fueron \u00abreclutados\u00bb por bandas ilegales para ir a grabar y tomar fotos de los hechos sangrientos de Isla.. As\u00ed que de no [&hellip;]\" \/>\n<meta property=\"og:url\" content=\"https:\/\/lospoliticosveracruz.com\/?p=52600\" \/>\n<meta property=\"og:site_name\" content=\"Los pol\u00edticos Veracruz\" \/>\n<meta property=\"article:publisher\" content=\"https:\/\/www.facebook.com\/people\/Notimemes-de-los-Polticos\/61565672886568\/\" \/>\n<meta property=\"article:published_time\" content=\"2020-02-14T14:41:42+00:00\" \/>\n<meta property=\"og:image\" content=\"https:\/\/lospoliticosveracruz.com\/wp-content\/uploads\/2016\/07\/Logo-Dor.jpg\" \/>\n\t<meta property=\"og:image:width\" content=\"200\" \/>\n\t<meta property=\"og:image:height\" content=\"200\" \/>\n\t<meta property=\"og:image:type\" content=\"image\/jpeg\" \/>\n<meta name=\"author\" content=\"Lo viste en Los Pol\u00edticos\" \/>\n<meta name=\"twitter:card\" content=\"summary_large_image\" \/>\n<meta name=\"twitter:creator\" content=\"@LosPoliticosVer\" \/>\n<meta name=\"twitter:site\" content=\"@LosPoliticosVer\" \/>\n<meta name=\"twitter:label1\" content=\"Escrito por\" \/>\n\t<meta name=\"twitter:data1\" content=\"Lo viste en Los Pol\u00edticos\" \/>\n\t<meta name=\"twitter:label2\" content=\"Tiempo de lectura\" \/>\n\t<meta name=\"twitter:data2\" content=\"5 minutos\" \/>\n<script type=\"application\/ld+json\" class=\"yoast-schema-graph\">{\"@context\":\"https:\\\/\\\/schema.org\",\"@graph\":[{\"@type\":\"Article\",\"@id\":\"https:\\\/\\\/lospoliticosveracruz.com\\\/?p=52600#article\",\"isPartOf\":{\"@id\":\"https:\\\/\\\/lospoliticosveracruz.com\\\/?p=52600\"},\"author\":{\"name\":\"Lo viste en Los Pol\u00edticos\",\"@id\":\"https:\\\/\\\/lospoliticosveracruz.com\\\/#\\\/schema\\\/person\\\/b8702bb0e538456e6efd07080bf2a4a2\"},\"headline\":\"Los tres dramas de Cuic\",\"datePublished\":\"2020-02-14T14:41:42+00:00\",\"mainEntityOfPage\":{\"@id\":\"https:\\\/\\\/lospoliticosveracruz.com\\\/?p=52600\"},\"wordCount\":1023,\"commentCount\":0,\"publisher\":{\"@id\":\"https:\\\/\\\/lospoliticosveracruz.com\\\/#organization\"},\"keywords\":[\"Cuauht\u00e9moc Blanco\",\"Cuitl\u00e1huac Garc\u00eda Jim\u00e9nez\",\"Eric Cisneros\",\"FGR\",\"Iv\u00e1n Luna Landa\",\"Morena\",\"Olga S\u00e1nchez Cordero\",\"secretario de Gobierno\",\"Veracruz\"],\"articleSection\":[\"De Opini\u00f3n\"],\"inLanguage\":\"es\",\"potentialAction\":[{\"@type\":\"CommentAction\",\"name\":\"Comment\",\"target\":[\"https:\\\/\\\/lospoliticosveracruz.com\\\/?p=52600#respond\"]}]},{\"@type\":\"WebPage\",\"@id\":\"https:\\\/\\\/lospoliticosveracruz.com\\\/?p=52600\",\"url\":\"https:\\\/\\\/lospoliticosveracruz.com\\\/?p=52600\",\"name\":\"Los tres dramas de Cuic - Los pol\u00edticos Veracruz\",\"isPartOf\":{\"@id\":\"https:\\\/\\\/lospoliticosveracruz.com\\\/#website\"},\"datePublished\":\"2020-02-14T14:41:42+00:00\",\"breadcrumb\":{\"@id\":\"https:\\\/\\\/lospoliticosveracruz.com\\\/?p=52600#breadcrumb\"},\"inLanguage\":\"es\",\"potentialAction\":[{\"@type\":\"ReadAction\",\"target\":[\"https:\\\/\\\/lospoliticosveracruz.com\\\/?p=52600\"]}]},{\"@type\":\"BreadcrumbList\",\"@id\":\"https:\\\/\\\/lospoliticosveracruz.com\\\/?p=52600#breadcrumb\",\"itemListElement\":[{\"@type\":\"ListItem\",\"position\":1,\"name\":\"Portada\",\"item\":\"https:\\\/\\\/lospoliticosveracruz.com\\\/\"},{\"@type\":\"ListItem\",\"position\":2,\"name\":\"Los tres dramas de Cuic\"}]},{\"@type\":\"WebSite\",\"@id\":\"https:\\\/\\\/lospoliticosveracruz.com\\\/#website\",\"url\":\"https:\\\/\\\/lospoliticosveracruz.com\\\/\",\"name\":\"Los pol\u00edticos Veracruz\",\"description\":\"\",\"publisher\":{\"@id\":\"https:\\\/\\\/lospoliticosveracruz.com\\\/#organization\"},\"potentialAction\":[{\"@type\":\"SearchAction\",\"target\":{\"@type\":\"EntryPoint\",\"urlTemplate\":\"https:\\\/\\\/lospoliticosveracruz.com\\\/?s={search_term_string}\"},\"query-input\":{\"@type\":\"PropertyValueSpecification\",\"valueRequired\":true,\"valueName\":\"search_term_string\"}}],\"inLanguage\":\"es\"},{\"@type\":\"Organization\",\"@id\":\"https:\\\/\\\/lospoliticosveracruz.com\\\/#organization\",\"name\":\"Los pol\u00edticos Veracruz\",\"url\":\"https:\\\/\\\/lospoliticosveracruz.com\\\/\",\"logo\":{\"@type\":\"ImageObject\",\"inLanguage\":\"es\",\"@id\":\"https:\\\/\\\/lospoliticosveracruz.com\\\/#\\\/schema\\\/logo\\\/image\\\/\",\"url\":\"https:\\\/\\\/lospoliticosveracruz.com\\\/wp-content\\\/uploads\\\/2025\\\/12\\\/Logo-Nuevo-LOS-POLITICOS-1.jpg\",\"contentUrl\":\"https:\\\/\\\/lospoliticosveracruz.com\\\/wp-content\\\/uploads\\\/2025\\\/12\\\/Logo-Nuevo-LOS-POLITICOS-1.jpg\",\"width\":260,\"height\":70,\"caption\":\"Los pol\u00edticos Veracruz\"},\"image\":{\"@id\":\"https:\\\/\\\/lospoliticosveracruz.com\\\/#\\\/schema\\\/logo\\\/image\\\/\"},\"sameAs\":[\"https:\\\/\\\/www.facebook.com\\\/people\\\/Notimemes-de-los-Polticos\\\/61565672886568\\\/\",\"https:\\\/\\\/x.com\\\/LosPoliticosVer\"]},{\"@type\":\"Person\",\"@id\":\"https:\\\/\\\/lospoliticosveracruz.com\\\/#\\\/schema\\\/person\\\/b8702bb0e538456e6efd07080bf2a4a2\",\"name\":\"Lo viste en Los Pol\u00edticos\",\"image\":{\"@type\":\"ImageObject\",\"inLanguage\":\"es\",\"@id\":\"https:\\\/\\\/secure.gravatar.com\\\/avatar\\\/3a8de04a2656d44082be478bd6c086daa447c4651605818287b9532d3d0bd435?s=96&d=mm&r=g\",\"url\":\"https:\\\/\\\/secure.gravatar.com\\\/avatar\\\/3a8de04a2656d44082be478bd6c086daa447c4651605818287b9532d3d0bd435?s=96&d=mm&r=g\",\"contentUrl\":\"https:\\\/\\\/secure.gravatar.com\\\/avatar\\\/3a8de04a2656d44082be478bd6c086daa447c4651605818287b9532d3d0bd435?s=96&d=mm&r=g\",\"caption\":\"Lo viste en Los Pol\u00edticos\"},\"url\":\"https:\\\/\\\/lospoliticosveracruz.com\\\/?author=2\"}]}<\/script>\n<!-- \/ Yoast SEO plugin. -->","yoast_head_json":{"title":"Los tres dramas de Cuic - Los pol\u00edticos Veracruz","robots":{"index":"index","follow":"follow","max-snippet":"max-snippet:-1","max-image-preview":"max-image-preview:large","max-video-preview":"max-video-preview:-1"},"canonical":"https:\/\/lospoliticosveracruz.com\/?p=52600","og_locale":"es_ES","og_type":"article","og_title":"Los tres dramas de Cuic - Los pol\u00edticos Veracruz","og_description":"Ricardo Ch\u00faa Sale y Vale OJO&#8230; Hasta el momento no se sabe de un periodista denunciado ante la FGR por los se\u00f1alamientos hechos por el secretario de Gobierno, Eric Cisneros, de que reporteros fueron \u00abreclutados\u00bb por bandas ilegales para ir a grabar y tomar fotos de los hechos sangrientos de Isla.. As\u00ed que de no [&hellip;]","og_url":"https:\/\/lospoliticosveracruz.com\/?p=52600","og_site_name":"Los pol\u00edticos Veracruz","article_publisher":"https:\/\/www.facebook.com\/people\/Notimemes-de-los-Polticos\/61565672886568\/","article_published_time":"2020-02-14T14:41:42+00:00","og_image":[{"width":200,"height":200,"url":"https:\/\/lospoliticosveracruz.com\/wp-content\/uploads\/2016\/07\/Logo-Dor.jpg","type":"image\/jpeg"}],"author":"Lo viste en Los Pol\u00edticos","twitter_card":"summary_large_image","twitter_creator":"@LosPoliticosVer","twitter_site":"@LosPoliticosVer","twitter_misc":{"Escrito por":"Lo viste en Los Pol\u00edticos","Tiempo de lectura":"5 minutos"},"schema":{"@context":"https:\/\/schema.org","@graph":[{"@type":"Article","@id":"https:\/\/lospoliticosveracruz.com\/?p=52600#article","isPartOf":{"@id":"https:\/\/lospoliticosveracruz.com\/?p=52600"},"author":{"name":"Lo viste en Los Pol\u00edticos","@id":"https:\/\/lospoliticosveracruz.com\/#\/schema\/person\/b8702bb0e538456e6efd07080bf2a4a2"},"headline":"Los tres dramas de Cuic","datePublished":"2020-02-14T14:41:42+00:00","mainEntityOfPage":{"@id":"https:\/\/lospoliticosveracruz.com\/?p=52600"},"wordCount":1023,"commentCount":0,"publisher":{"@id":"https:\/\/lospoliticosveracruz.com\/#organization"},"keywords":["Cuauht\u00e9moc Blanco","Cuitl\u00e1huac Garc\u00eda Jim\u00e9nez","Eric Cisneros","FGR","Iv\u00e1n Luna Landa","Morena","Olga S\u00e1nchez Cordero","secretario de Gobierno","Veracruz"],"articleSection":["De Opini\u00f3n"],"inLanguage":"es","potentialAction":[{"@type":"CommentAction","name":"Comment","target":["https:\/\/lospoliticosveracruz.com\/?p=52600#respond"]}]},{"@type":"WebPage","@id":"https:\/\/lospoliticosveracruz.com\/?p=52600","url":"https:\/\/lospoliticosveracruz.com\/?p=52600","name":"Los tres dramas de Cuic - Los pol\u00edticos Veracruz","isPartOf":{"@id":"https:\/\/lospoliticosveracruz.com\/#website"},"datePublished":"2020-02-14T14:41:42+00:00","breadcrumb":{"@id":"https:\/\/lospoliticosveracruz.com\/?p=52600#breadcrumb"},"inLanguage":"es","potentialAction":[{"@type":"ReadAction","target":["https:\/\/lospoliticosveracruz.com\/?p=52600"]}]},{"@type":"BreadcrumbList","@id":"https:\/\/lospoliticosveracruz.com\/?p=52600#breadcrumb","itemListElement":[{"@type":"ListItem","position":1,"name":"Portada","item":"https:\/\/lospoliticosveracruz.com\/"},{"@type":"ListItem","position":2,"name":"Los tres dramas de Cuic"}]},{"@type":"WebSite","@id":"https:\/\/lospoliticosveracruz.com\/#website","url":"https:\/\/lospoliticosveracruz.com\/","name":"Los pol\u00edticos Veracruz","description":"","publisher":{"@id":"https:\/\/lospoliticosveracruz.com\/#organization"},"potentialAction":[{"@type":"SearchAction","target":{"@type":"EntryPoint","urlTemplate":"https:\/\/lospoliticosveracruz.com\/?s={search_term_string}"},"query-input":{"@type":"PropertyValueSpecification","valueRequired":true,"valueName":"search_term_string"}}],"inLanguage":"es"},{"@type":"Organization","@id":"https:\/\/lospoliticosveracruz.com\/#organization","name":"Los pol\u00edticos Veracruz","url":"https:\/\/lospoliticosveracruz.com\/","logo":{"@type":"ImageObject","inLanguage":"es","@id":"https:\/\/lospoliticosveracruz.com\/#\/schema\/logo\/image\/","url":"https:\/\/lospoliticosveracruz.com\/wp-content\/uploads\/2025\/12\/Logo-Nuevo-LOS-POLITICOS-1.jpg","contentUrl":"https:\/\/lospoliticosveracruz.com\/wp-content\/uploads\/2025\/12\/Logo-Nuevo-LOS-POLITICOS-1.jpg","width":260,"height":70,"caption":"Los pol\u00edticos Veracruz"},"image":{"@id":"https:\/\/lospoliticosveracruz.com\/#\/schema\/logo\/image\/"},"sameAs":["https:\/\/www.facebook.com\/people\/Notimemes-de-los-Polticos\/61565672886568\/","https:\/\/x.com\/LosPoliticosVer"]},{"@type":"Person","@id":"https:\/\/lospoliticosveracruz.com\/#\/schema\/person\/b8702bb0e538456e6efd07080bf2a4a2","name":"Lo viste en Los Pol\u00edticos","image":{"@type":"ImageObject","inLanguage":"es","@id":"https:\/\/secure.gravatar.com\/avatar\/3a8de04a2656d44082be478bd6c086daa447c4651605818287b9532d3d0bd435?s=96&d=mm&r=g","url":"https:\/\/secure.gravatar.com\/avatar\/3a8de04a2656d44082be478bd6c086daa447c4651605818287b9532d3d0bd435?s=96&d=mm&r=g","contentUrl":"https:\/\/secure.gravatar.com\/avatar\/3a8de04a2656d44082be478bd6c086daa447c4651605818287b9532d3d0bd435?s=96&d=mm&r=g","caption":"Lo viste en Los Pol\u00edticos"},"url":"https:\/\/lospoliticosveracruz.com\/?author=2"}]}},"_links":{"self":[{"href":"https:\/\/lospoliticosveracruz.com\/index.php?rest_route=\/wp\/v2\/posts\/52600","targetHints":{"allow":["GET"]}}],"collection":[{"href":"https:\/\/lospoliticosveracruz.com\/index.php?rest_route=\/wp\/v2\/posts"}],"about":[{"href":"https:\/\/lospoliticosveracruz.com\/index.php?rest_route=\/wp\/v2\/types\/post"}],"author":[{"embeddable":true,"href":"https:\/\/lospoliticosveracruz.com\/index.php?rest_route=\/wp\/v2\/users\/2"}],"replies":[{"embeddable":true,"href":"https:\/\/lospoliticosveracruz.com\/index.php?rest_route=%2Fwp%2Fv2%2Fcomments&post=52600"}],"version-history":[{"count":1,"href":"https:\/\/lospoliticosveracruz.com\/index.php?rest_route=\/wp\/v2\/posts\/52600\/revisions"}],"predecessor-version":[{"id":52602,"href":"https:\/\/lospoliticosveracruz.com\/index.php?rest_route=\/wp\/v2\/posts\/52600\/revisions\/52602"}],"wp:attachment":[{"href":"https:\/\/lospoliticosveracruz.com\/index.php?rest_route=%2Fwp%2Fv2%2Fmedia&parent=52600"}],"wp:term":[{"taxonomy":"category","embeddable":true,"href":"https:\/\/lospoliticosveracruz.com\/index.php?rest_route=%2Fwp%2Fv2%2Fcategories&post=52600"},{"taxonomy":"post_tag","embeddable":true,"href":"https:\/\/lospoliticosveracruz.com\/index.php?rest_route=%2Fwp%2Fv2%2Ftags&post=52600"}],"curies":[{"name":"wp","href":"https:\/\/api.w.org\/{rel}","templated":true}]}}