{"id":52697,"date":"2020-02-19T12:33:54","date_gmt":"2020-02-19T18:33:54","guid":{"rendered":"http:\/\/www.lospoliticosveracruz.com.mx\/?p=52697"},"modified":"2020-02-19T12:33:54","modified_gmt":"2020-02-19T18:33:54","slug":"el-pressing-de-americo","status":"publish","type":"post","link":"https:\/\/lospoliticosveracruz.com\/?p=52697","title":{"rendered":"El pressing de Am\u00e9rico"},"content":{"rendered":"<p><strong>Ricardo Ch\u00faa<\/strong><\/p>\n<p><em>Sale y Vale<\/em><\/p>\n<p>HIPO-CRITO Y AM\u00c9RICO, EL ACUERDO&#8230; En la historia pol\u00edtica moderna de Veracruz&#8230; S\u00f3lo hubo un gobernador que se aplicaba algo que llamaba: \u00abAuto-madrazos\u00bb y ese personaje era: Fidel Herrera Beltr\u00e1n&#8230; Qui\u00e9n m\u00e1s&#8230; Se \u00abauto golpeaba\u00bb para mantenerse vigente \u00e9l o alg\u00fan tema en especifico&#8230; Ocupando un \u00abenemigo\u00bb pol\u00edtico o aliado oculto para hacerlo&#8230; Para hacerlo cre\u00edble ante la opini\u00f3n p\u00fablica&#8230; Esa t\u00e1ctica la aplica el alcalde de Xalapa, Hipo-Crito Rodr\u00edguez con su antecesor priista, Am\u00e9rico Z\u00fa\u00f1iga&#8230; As\u00ed como lo leen&#8230; ZUCUTUM&#8230;<\/p>\n<p>Cuentan las \u00ablenguas de doble filo\u00bb de los pol\u00edticos en Xalapa&#8230; Que ambos personajes, se han puesto de acuerdo para realizar esta \u00abfideli\u00f1a\u00bb y con ello mantener vigente al ex alcalde, que ahora anda en Puebla&#8230; Por ello, el se\u00f1alamiento que hizo la Contralor\u00eda Municipal contra 21 ex funcionarios de Am\u00e9rico cuando fue alcalde denunci\u00e1ndolos ante la Fiscal\u00eda Anticorrupci\u00f3n y Congreso Local&#8230; Mismas que son puras \u00abllamados a misa\u00bb porque no va a pasar nada&#8230; NADA DE NADA&#8230;<\/p>\n<p>Desde hace tiempo en los \u00abc\u00edrculos rojos\u00bb pol\u00edticos de Xalapa&#8230; Se maneja la versi\u00f3n de una sociedad \u00absecreta\u00bb entre Rodr\u00edguez y Z\u00fa\u00f1iga (Y que fue eso una de las causas por la cual, Cuitl\u00e1huac llam\u00f3 \u00abHipo-Crito\u00bb al alcalde, fue el propio gobernador qui\u00e9n as\u00ed o -bautiz\u00f3-&#8230; Ese muerto no lo cargo yo&#8230; Que lo cargue el que lo mat\u00f3)&#8230; Y que el ACUERDO es muy sencillo entre ambos: Yo te entregue la alcald\u00eda y ahora t\u00fa me la regresas&#8230; Al menos eso es lo que la gente cuenta&#8230;<\/p>\n<p>Por ello, dicen, que la mejor manera de mantener vigente a Am\u00e9rico, es ocupando una presunta denuncia a su gobierno&#8230; Un \u00abauto-mameyazo\u00bb al estilo Fidel Herrera&#8230; Pero la verdadera raz\u00f3n de esta acci\u00f3n, es que PRESUNTAMENTE lo hace Hipo-Crito porque en este momento, el PRI de Veracruz no est\u00e1 de \u00abFACHADA\u00bb de Am\u00e9rico&#8230; Y eso hace que no tenga segura la postulaci\u00f3n de nuevo a la alcald\u00eda en 2021&#8230; Ese es el real motivo&#8230; \u00bfAcaso hay otro?&#8230;<\/p>\n<p>Ante ello los expertos \u00abde la intriga, el enga\u00f1o y la tenebra\u00bb priista&#8230; Insisten en no dejarse ENGA\u00d1AR por esos se\u00f1alamientos de Hipo-Crito&#8230; Ya que tienen como \u00fanico fin, el ENSE\u00d1AR al comit\u00e9 estatal del PRI, que Am\u00e9rico Z\u00fa\u00f1iga es el \u00abbueno\u00bb para Xalapa, el pr\u00f3ximo a\u00f1o&#8230; Control, control y m\u00e1s control&#8230; V\u00eda el PRI-MOR&#8230; En pocas palabras, intentan presionar al tricolor para que lo nominen&#8230; As\u00ed de sencillo&#8230;<\/p>\n<p>Ya que seg\u00fan el equipo de MORENA&#8230; Si Am\u00e9rico es postulado por este partido en formaci\u00f3n llamado: \u00abPODEMOS\u00bb simplemente no le da&#8230; Para que pueda repetir en el cargo&#8230; Ya que el temor de Z\u00fa\u00f1iga&#8230; Es que en este momento, otro ex alcalde priista, anda tambi\u00e9n buscando la nominaci\u00f3n y ha conseguido el apoyo de grupos priistas de la \u00abvieja guardia\u00bb y de famosos ide\u00f3logos apartidistas de la capital, y ese personaje es: David Velasco Chedraui&#8230;.<\/p>\n<p>Un personaje tambi\u00e9n con muchos millones de pesos en la espalda&#8230; Con el respaldo de la familia que est\u00e1 de acuerdo&#8230; Y con el apoyo de otro grupo de \u00abRicos y Sabrosos\u00bb de la capital que son los Fern\u00e1ndez&#8230; Y de la actual clase pol\u00edtica priista, que a su paso por la alcald\u00eda, Velasco Chedraui no dej\u00f3 malos recuerdos.. Y que simpatiza con la alianza PRIAN&#8230; Con una plataforma que est\u00e1 construyendo con las mejores posibilidades&#8230; Ahora ven por qu\u00e9 son los \u00abauto madrazos\u00bb de Hipo-Crito hac\u00eda Am\u00e9rico&#8230; David es PODER Y DINERO&#8230; AMEN&#8230;<\/p>\n<p>DIPUTADOS DISIDENTES, EL REGRESO&#8230; Desde que se dio a conocer que diputados locales del PAN, que ten\u00edan su propia bancada dentro del Congreso del Estado llamado \u00abGrupo Mixto\u00bb&#8230; Que anunciaron su regreso a la bancada de Acci\u00f3n Nacional y reconoc\u00edan a Omar Miranda como l\u00edder&#8230; Se manejaron muchas versiones&#8230; Sobre todo desde Palacio de Gobierno, donde MORENA intent\u00f3 desacreditar esta situaci\u00f3n&#8230; Al parecer, los aliados del \u00abMORAN\u00bb empiezan a jalar cada qui\u00e9n por su lado&#8230; En pocas palabras, est\u00e1n en v\u00edas de extinci\u00f3n&#8230;<\/p>\n<p>Seg\u00fan las versiones que empezaron a surgir desde Palacio de Gobierno en Xalapa&#8230; Era que estos diputados disidentes al \u00abChapito\u00bb Guzm\u00e1n Avil\u00e9s y Omar Miranda, regresaban con \u00abcola entre las patas\u00bb.. Y que esto era motivado por las prerrogativas que se manejan como bancada en el Congreso Local&#8230; Hasta insistieron con algunos Morenos aliados suyos en sus grupos de \u00abguasap\u00bb de que la cr\u00edtica de estos legisladores se dobleg\u00f3 por unos cuantos centavos&#8230; Por unos d\u00f3lares m\u00e1s&#8230;<\/p>\n<p>Y que lo peor, comentaban, que esta acci\u00f3n es para desgracia del veracruzano&#8230; Ya que dentro del mismo recinto de la Legislatura del Estado&#8230; Estos diputados locales que hab\u00edan sido cr\u00edticos&#8230; Ya no iban a hacer pol\u00edtica dentro de este Congreso&#8230; Ya que este regreso a la bancada del PAN s\u00f3lo sirvi\u00f3 para que hicieran \u00abnegocios\u00bb&#8230; Se ve que les doli\u00f3 en Palacio, que se fortaleciera de nuevo la bancada panista y no haya la tan ansiada \u00abfractura\u00bb para el 2021&#8230;<\/p>\n<p>Ya que los argumentos utilizados para atacar esta decisi\u00f3n de los diputados disidentes, de regresar con sus hom\u00f3logos panistas&#8230; Era porque era imposible perder la prerrogativa que se maneja en la Legislatura&#8230; Y por ese motivo, es que sin ning\u00fan tipo de recato o verg\u00fcenza pol\u00edtica&#8230; Es que regresan los diputados del PAN al redil que maneja Omar Miranda, pese a los se\u00f1alamientos de hace semanas en su contra&#8230; A pesar de todo los acusaron, ellos no pierden su impulso econ\u00f3mico&#8230; Al final, es pol\u00edtica, no un juego de matatena&#8230;<\/p>\n<p>Pero porque siempre hay un \u00abpinche\u00bb pero&#8230; La VERSI\u00d3N REAL de este regreso a la bancada panista&#8230; Es que se cuenta que Omar Miranda y el l\u00edder estatal del PAN, Joaqu\u00edn Guzm\u00e1n Avil\u00e9s&#8230; Ya le est\u00e1n dando la \u00abespalda\u00bb a Cuitl\u00e1huac y a MORENA, van a deshacer el famoso \u00abMoran\u00bb (Morena-PAN) volver\u00e1n a unirse con los dem\u00e1s grupos pol\u00edticos al interior del panismo porque se dieron cuenta que la alianza con los Morenos, no los lleva a ning\u00fan lado y no les deja buenos dividendos&#8230; As\u00ed de sencillo&#8230; MOCOS PETRA&#8230;<\/p>\n","protected":false},"excerpt":{"rendered":"<p>Ricardo Ch\u00faa Sale y Vale HIPO-CRITO Y AM\u00c9RICO, EL ACUERDO&#8230; En la historia pol\u00edtica moderna de Veracruz&#8230; S\u00f3lo hubo un gobernador que se aplicaba algo que llamaba: \u00abAuto-madrazos\u00bb y ese personaje era: Fidel Herrera Beltr\u00e1n&#8230; Qui\u00e9n m\u00e1s&#8230; Se \u00abauto golpeaba\u00bb para mantenerse vigente \u00e9l o alg\u00fan tema en especifico&#8230; Ocupando un \u00abenemigo\u00bb pol\u00edtico o aliado [&hellip;]<\/p>\n","protected":false},"author":2,"featured_media":0,"comment_status":"open","ping_status":"open","sticky":false,"template":"","format":"standard","meta":{"tdm_status":"","tdm_grid_status":"","footnotes":""},"categories":[70],"tags":[539,407,410,5576,7620,3288,12807,266,13604,195],"class_list":{"0":"post-52697","1":"post","2":"type-post","3":"status-publish","4":"format-standard","6":"category-de-opinion","7":"tag-americo-zuniga-martinez","8":"tag-david-velasco-chedraui","9":"tag-fidel-herrera-beltran","10":"tag-fiscalia-anticorrupcion","11":"tag-hipolito-rodriguez-herrero","12":"tag-joaquin-guzman-aviles","13":"tag-omar-miranda","14":"tag-pan","15":"tag-ricardo-chua","16":"tag-veracruz"},"yoast_head":"<!-- This site is optimized with the Yoast SEO plugin v27.4 - https:\/\/yoast.com\/product\/yoast-seo-wordpress\/ -->\n<title>El pressing de Am\u00e9rico - Los pol\u00edticos Veracruz<\/title>\n<meta name=\"robots\" content=\"index, follow, max-snippet:-1, max-image-preview:large, max-video-preview:-1\" \/>\n<link rel=\"canonical\" href=\"https:\/\/lospoliticosveracruz.com\/?p=52697\" \/>\n<meta property=\"og:locale\" content=\"es_ES\" \/>\n<meta property=\"og:type\" content=\"article\" \/>\n<meta property=\"og:title\" content=\"El pressing de Am\u00e9rico - Los pol\u00edticos Veracruz\" \/>\n<meta property=\"og:description\" content=\"Ricardo Ch\u00faa Sale y Vale HIPO-CRITO Y AM\u00c9RICO, EL ACUERDO&#8230; En la historia pol\u00edtica moderna de Veracruz&#8230; S\u00f3lo hubo un gobernador que se aplicaba algo que llamaba: \u00abAuto-madrazos\u00bb y ese personaje era: Fidel Herrera Beltr\u00e1n&#8230; Qui\u00e9n m\u00e1s&#8230; Se \u00abauto golpeaba\u00bb para mantenerse vigente \u00e9l o alg\u00fan tema en especifico&#8230; Ocupando un \u00abenemigo\u00bb pol\u00edtico o aliado [&hellip;]\" \/>\n<meta property=\"og:url\" content=\"https:\/\/lospoliticosveracruz.com\/?p=52697\" \/>\n<meta property=\"og:site_name\" content=\"Los pol\u00edticos Veracruz\" \/>\n<meta property=\"article:publisher\" content=\"https:\/\/www.facebook.com\/people\/Notimemes-de-los-Polticos\/61565672886568\/\" \/>\n<meta property=\"article:published_time\" content=\"2020-02-19T18:33:54+00:00\" \/>\n<meta property=\"og:image\" content=\"https:\/\/lospoliticosveracruz.com\/wp-content\/uploads\/2016\/07\/Logo-Dor.jpg\" \/>\n\t<meta property=\"og:image:width\" content=\"200\" \/>\n\t<meta property=\"og:image:height\" content=\"200\" \/>\n\t<meta property=\"og:image:type\" content=\"image\/jpeg\" \/>\n<meta name=\"author\" content=\"Lo viste en Los Pol\u00edticos\" \/>\n<meta name=\"twitter:card\" content=\"summary_large_image\" \/>\n<meta name=\"twitter:creator\" content=\"@LosPoliticosVer\" \/>\n<meta name=\"twitter:site\" content=\"@LosPoliticosVer\" \/>\n<meta name=\"twitter:label1\" content=\"Escrito por\" \/>\n\t<meta name=\"twitter:data1\" content=\"Lo viste en Los Pol\u00edticos\" \/>\n\t<meta name=\"twitter:label2\" content=\"Tiempo de lectura\" \/>\n\t<meta name=\"twitter:data2\" content=\"5 minutos\" \/>\n<script type=\"application\/ld+json\" class=\"yoast-schema-graph\">{\"@context\":\"https:\\\/\\\/schema.org\",\"@graph\":[{\"@type\":\"Article\",\"@id\":\"https:\\\/\\\/lospoliticosveracruz.com\\\/?p=52697#article\",\"isPartOf\":{\"@id\":\"https:\\\/\\\/lospoliticosveracruz.com\\\/?p=52697\"},\"author\":{\"name\":\"Lo viste en Los Pol\u00edticos\",\"@id\":\"https:\\\/\\\/lospoliticosveracruz.com\\\/#\\\/schema\\\/person\\\/b8702bb0e538456e6efd07080bf2a4a2\"},\"headline\":\"El pressing de Am\u00e9rico\",\"datePublished\":\"2020-02-19T18:33:54+00:00\",\"mainEntityOfPage\":{\"@id\":\"https:\\\/\\\/lospoliticosveracruz.com\\\/?p=52697\"},\"wordCount\":1092,\"commentCount\":0,\"publisher\":{\"@id\":\"https:\\\/\\\/lospoliticosveracruz.com\\\/#organization\"},\"keywords\":[\"Am\u00e9rico Z\u00fa\u00f1iga Mart\u00ednez\",\"David Velasco Chedraui\",\"Fidel Herrera Beltr\u00e1n\",\"Fiscal\u00eda Anticorrupci\u00f3n\",\"Hip\u00f3lito Rodr\u00edguez Herrero\",\"Joaqu\u00edn Guzm\u00e1n Avil\u00e9s\",\"Omar Miranda\",\"PAN\",\"Ricardo Ch\u00faa\",\"Veracruz\"],\"articleSection\":[\"De Opini\u00f3n\"],\"inLanguage\":\"es\",\"potentialAction\":[{\"@type\":\"CommentAction\",\"name\":\"Comment\",\"target\":[\"https:\\\/\\\/lospoliticosveracruz.com\\\/?p=52697#respond\"]}]},{\"@type\":\"WebPage\",\"@id\":\"https:\\\/\\\/lospoliticosveracruz.com\\\/?p=52697\",\"url\":\"https:\\\/\\\/lospoliticosveracruz.com\\\/?p=52697\",\"name\":\"El pressing de Am\u00e9rico - Los pol\u00edticos Veracruz\",\"isPartOf\":{\"@id\":\"https:\\\/\\\/lospoliticosveracruz.com\\\/#website\"},\"datePublished\":\"2020-02-19T18:33:54+00:00\",\"breadcrumb\":{\"@id\":\"https:\\\/\\\/lospoliticosveracruz.com\\\/?p=52697#breadcrumb\"},\"inLanguage\":\"es\",\"potentialAction\":[{\"@type\":\"ReadAction\",\"target\":[\"https:\\\/\\\/lospoliticosveracruz.com\\\/?p=52697\"]}]},{\"@type\":\"BreadcrumbList\",\"@id\":\"https:\\\/\\\/lospoliticosveracruz.com\\\/?p=52697#breadcrumb\",\"itemListElement\":[{\"@type\":\"ListItem\",\"position\":1,\"name\":\"Portada\",\"item\":\"https:\\\/\\\/lospoliticosveracruz.com\\\/\"},{\"@type\":\"ListItem\",\"position\":2,\"name\":\"El pressing de Am\u00e9rico\"}]},{\"@type\":\"WebSite\",\"@id\":\"https:\\\/\\\/lospoliticosveracruz.com\\\/#website\",\"url\":\"https:\\\/\\\/lospoliticosveracruz.com\\\/\",\"name\":\"Los pol\u00edticos Veracruz\",\"description\":\"\",\"publisher\":{\"@id\":\"https:\\\/\\\/lospoliticosveracruz.com\\\/#organization\"},\"potentialAction\":[{\"@type\":\"SearchAction\",\"target\":{\"@type\":\"EntryPoint\",\"urlTemplate\":\"https:\\\/\\\/lospoliticosveracruz.com\\\/?s={search_term_string}\"},\"query-input\":{\"@type\":\"PropertyValueSpecification\",\"valueRequired\":true,\"valueName\":\"search_term_string\"}}],\"inLanguage\":\"es\"},{\"@type\":\"Organization\",\"@id\":\"https:\\\/\\\/lospoliticosveracruz.com\\\/#organization\",\"name\":\"Los pol\u00edticos Veracruz\",\"url\":\"https:\\\/\\\/lospoliticosveracruz.com\\\/\",\"logo\":{\"@type\":\"ImageObject\",\"inLanguage\":\"es\",\"@id\":\"https:\\\/\\\/lospoliticosveracruz.com\\\/#\\\/schema\\\/logo\\\/image\\\/\",\"url\":\"https:\\\/\\\/lospoliticosveracruz.com\\\/wp-content\\\/uploads\\\/2025\\\/12\\\/Logo-Nuevo-LOS-POLITICOS-1.jpg\",\"contentUrl\":\"https:\\\/\\\/lospoliticosveracruz.com\\\/wp-content\\\/uploads\\\/2025\\\/12\\\/Logo-Nuevo-LOS-POLITICOS-1.jpg\",\"width\":260,\"height\":70,\"caption\":\"Los pol\u00edticos Veracruz\"},\"image\":{\"@id\":\"https:\\\/\\\/lospoliticosveracruz.com\\\/#\\\/schema\\\/logo\\\/image\\\/\"},\"sameAs\":[\"https:\\\/\\\/www.facebook.com\\\/people\\\/Notimemes-de-los-Polticos\\\/61565672886568\\\/\",\"https:\\\/\\\/x.com\\\/LosPoliticosVer\"]},{\"@type\":\"Person\",\"@id\":\"https:\\\/\\\/lospoliticosveracruz.com\\\/#\\\/schema\\\/person\\\/b8702bb0e538456e6efd07080bf2a4a2\",\"name\":\"Lo viste en Los Pol\u00edticos\",\"image\":{\"@type\":\"ImageObject\",\"inLanguage\":\"es\",\"@id\":\"https:\\\/\\\/secure.gravatar.com\\\/avatar\\\/3a8de04a2656d44082be478bd6c086daa447c4651605818287b9532d3d0bd435?s=96&d=mm&r=g\",\"url\":\"https:\\\/\\\/secure.gravatar.com\\\/avatar\\\/3a8de04a2656d44082be478bd6c086daa447c4651605818287b9532d3d0bd435?s=96&d=mm&r=g\",\"contentUrl\":\"https:\\\/\\\/secure.gravatar.com\\\/avatar\\\/3a8de04a2656d44082be478bd6c086daa447c4651605818287b9532d3d0bd435?s=96&d=mm&r=g\",\"caption\":\"Lo viste en Los Pol\u00edticos\"},\"url\":\"https:\\\/\\\/lospoliticosveracruz.com\\\/?author=2\"}]}<\/script>\n<!-- \/ Yoast SEO plugin. -->","yoast_head_json":{"title":"El pressing de Am\u00e9rico - Los pol\u00edticos Veracruz","robots":{"index":"index","follow":"follow","max-snippet":"max-snippet:-1","max-image-preview":"max-image-preview:large","max-video-preview":"max-video-preview:-1"},"canonical":"https:\/\/lospoliticosveracruz.com\/?p=52697","og_locale":"es_ES","og_type":"article","og_title":"El pressing de Am\u00e9rico - Los pol\u00edticos Veracruz","og_description":"Ricardo Ch\u00faa Sale y Vale HIPO-CRITO Y AM\u00c9RICO, EL ACUERDO&#8230; En la historia pol\u00edtica moderna de Veracruz&#8230; S\u00f3lo hubo un gobernador que se aplicaba algo que llamaba: \u00abAuto-madrazos\u00bb y ese personaje era: Fidel Herrera Beltr\u00e1n&#8230; Qui\u00e9n m\u00e1s&#8230; Se \u00abauto golpeaba\u00bb para mantenerse vigente \u00e9l o alg\u00fan tema en especifico&#8230; Ocupando un \u00abenemigo\u00bb pol\u00edtico o aliado [&hellip;]","og_url":"https:\/\/lospoliticosveracruz.com\/?p=52697","og_site_name":"Los pol\u00edticos Veracruz","article_publisher":"https:\/\/www.facebook.com\/people\/Notimemes-de-los-Polticos\/61565672886568\/","article_published_time":"2020-02-19T18:33:54+00:00","og_image":[{"width":200,"height":200,"url":"https:\/\/lospoliticosveracruz.com\/wp-content\/uploads\/2016\/07\/Logo-Dor.jpg","type":"image\/jpeg"}],"author":"Lo viste en Los Pol\u00edticos","twitter_card":"summary_large_image","twitter_creator":"@LosPoliticosVer","twitter_site":"@LosPoliticosVer","twitter_misc":{"Escrito por":"Lo viste en Los Pol\u00edticos","Tiempo de lectura":"5 minutos"},"schema":{"@context":"https:\/\/schema.org","@graph":[{"@type":"Article","@id":"https:\/\/lospoliticosveracruz.com\/?p=52697#article","isPartOf":{"@id":"https:\/\/lospoliticosveracruz.com\/?p=52697"},"author":{"name":"Lo viste en Los Pol\u00edticos","@id":"https:\/\/lospoliticosveracruz.com\/#\/schema\/person\/b8702bb0e538456e6efd07080bf2a4a2"},"headline":"El pressing de Am\u00e9rico","datePublished":"2020-02-19T18:33:54+00:00","mainEntityOfPage":{"@id":"https:\/\/lospoliticosveracruz.com\/?p=52697"},"wordCount":1092,"commentCount":0,"publisher":{"@id":"https:\/\/lospoliticosveracruz.com\/#organization"},"keywords":["Am\u00e9rico Z\u00fa\u00f1iga Mart\u00ednez","David Velasco Chedraui","Fidel Herrera Beltr\u00e1n","Fiscal\u00eda Anticorrupci\u00f3n","Hip\u00f3lito Rodr\u00edguez Herrero","Joaqu\u00edn Guzm\u00e1n Avil\u00e9s","Omar Miranda","PAN","Ricardo Ch\u00faa","Veracruz"],"articleSection":["De Opini\u00f3n"],"inLanguage":"es","potentialAction":[{"@type":"CommentAction","name":"Comment","target":["https:\/\/lospoliticosveracruz.com\/?p=52697#respond"]}]},{"@type":"WebPage","@id":"https:\/\/lospoliticosveracruz.com\/?p=52697","url":"https:\/\/lospoliticosveracruz.com\/?p=52697","name":"El pressing de Am\u00e9rico - Los pol\u00edticos Veracruz","isPartOf":{"@id":"https:\/\/lospoliticosveracruz.com\/#website"},"datePublished":"2020-02-19T18:33:54+00:00","breadcrumb":{"@id":"https:\/\/lospoliticosveracruz.com\/?p=52697#breadcrumb"},"inLanguage":"es","potentialAction":[{"@type":"ReadAction","target":["https:\/\/lospoliticosveracruz.com\/?p=52697"]}]},{"@type":"BreadcrumbList","@id":"https:\/\/lospoliticosveracruz.com\/?p=52697#breadcrumb","itemListElement":[{"@type":"ListItem","position":1,"name":"Portada","item":"https:\/\/lospoliticosveracruz.com\/"},{"@type":"ListItem","position":2,"name":"El pressing de Am\u00e9rico"}]},{"@type":"WebSite","@id":"https:\/\/lospoliticosveracruz.com\/#website","url":"https:\/\/lospoliticosveracruz.com\/","name":"Los pol\u00edticos Veracruz","description":"","publisher":{"@id":"https:\/\/lospoliticosveracruz.com\/#organization"},"potentialAction":[{"@type":"SearchAction","target":{"@type":"EntryPoint","urlTemplate":"https:\/\/lospoliticosveracruz.com\/?s={search_term_string}"},"query-input":{"@type":"PropertyValueSpecification","valueRequired":true,"valueName":"search_term_string"}}],"inLanguage":"es"},{"@type":"Organization","@id":"https:\/\/lospoliticosveracruz.com\/#organization","name":"Los pol\u00edticos Veracruz","url":"https:\/\/lospoliticosveracruz.com\/","logo":{"@type":"ImageObject","inLanguage":"es","@id":"https:\/\/lospoliticosveracruz.com\/#\/schema\/logo\/image\/","url":"https:\/\/lospoliticosveracruz.com\/wp-content\/uploads\/2025\/12\/Logo-Nuevo-LOS-POLITICOS-1.jpg","contentUrl":"https:\/\/lospoliticosveracruz.com\/wp-content\/uploads\/2025\/12\/Logo-Nuevo-LOS-POLITICOS-1.jpg","width":260,"height":70,"caption":"Los pol\u00edticos Veracruz"},"image":{"@id":"https:\/\/lospoliticosveracruz.com\/#\/schema\/logo\/image\/"},"sameAs":["https:\/\/www.facebook.com\/people\/Notimemes-de-los-Polticos\/61565672886568\/","https:\/\/x.com\/LosPoliticosVer"]},{"@type":"Person","@id":"https:\/\/lospoliticosveracruz.com\/#\/schema\/person\/b8702bb0e538456e6efd07080bf2a4a2","name":"Lo viste en Los Pol\u00edticos","image":{"@type":"ImageObject","inLanguage":"es","@id":"https:\/\/secure.gravatar.com\/avatar\/3a8de04a2656d44082be478bd6c086daa447c4651605818287b9532d3d0bd435?s=96&d=mm&r=g","url":"https:\/\/secure.gravatar.com\/avatar\/3a8de04a2656d44082be478bd6c086daa447c4651605818287b9532d3d0bd435?s=96&d=mm&r=g","contentUrl":"https:\/\/secure.gravatar.com\/avatar\/3a8de04a2656d44082be478bd6c086daa447c4651605818287b9532d3d0bd435?s=96&d=mm&r=g","caption":"Lo viste en Los Pol\u00edticos"},"url":"https:\/\/lospoliticosveracruz.com\/?author=2"}]}},"_links":{"self":[{"href":"https:\/\/lospoliticosveracruz.com\/index.php?rest_route=\/wp\/v2\/posts\/52697","targetHints":{"allow":["GET"]}}],"collection":[{"href":"https:\/\/lospoliticosveracruz.com\/index.php?rest_route=\/wp\/v2\/posts"}],"about":[{"href":"https:\/\/lospoliticosveracruz.com\/index.php?rest_route=\/wp\/v2\/types\/post"}],"author":[{"embeddable":true,"href":"https:\/\/lospoliticosveracruz.com\/index.php?rest_route=\/wp\/v2\/users\/2"}],"replies":[{"embeddable":true,"href":"https:\/\/lospoliticosveracruz.com\/index.php?rest_route=%2Fwp%2Fv2%2Fcomments&post=52697"}],"version-history":[{"count":1,"href":"https:\/\/lospoliticosveracruz.com\/index.php?rest_route=\/wp\/v2\/posts\/52697\/revisions"}],"predecessor-version":[{"id":52698,"href":"https:\/\/lospoliticosveracruz.com\/index.php?rest_route=\/wp\/v2\/posts\/52697\/revisions\/52698"}],"wp:attachment":[{"href":"https:\/\/lospoliticosveracruz.com\/index.php?rest_route=%2Fwp%2Fv2%2Fmedia&parent=52697"}],"wp:term":[{"taxonomy":"category","embeddable":true,"href":"https:\/\/lospoliticosveracruz.com\/index.php?rest_route=%2Fwp%2Fv2%2Fcategories&post=52697"},{"taxonomy":"post_tag","embeddable":true,"href":"https:\/\/lospoliticosveracruz.com\/index.php?rest_route=%2Fwp%2Fv2%2Ftags&post=52697"}],"curies":[{"name":"wp","href":"https:\/\/api.w.org\/{rel}","templated":true}]}}