{"id":52702,"date":"2020-02-19T13:27:01","date_gmt":"2020-02-19T19:27:01","guid":{"rendered":"http:\/\/www.lospoliticosveracruz.com.mx\/?p=52702"},"modified":"2020-02-19T13:27:01","modified_gmt":"2020-02-19T19:27:01","slug":"de-debiles-e-histericas","status":"publish","type":"post","link":"https:\/\/lospoliticosveracruz.com\/?p=52702","title":{"rendered":"De d\u00e9biles e hist\u00e9ricas"},"content":{"rendered":"<p><strong>Avryl Castel\u00e1n *<\/strong><\/p>\n<p>No escrib\u00eda en esta plataforma ya ten\u00eda rato, esto por otros proyectos, pero ante tantos actos de barbarie\u00a0en contra de ni\u00f1as y mujeres, debo escribir\u2026<br \/>\nEstamos ante una sociedad podrida, y no exagero, pues los recientes cr\u00edmenes atroces cometidos a Ingrid, F\u00e1tima y cientos m\u00e1s en este inicio de 2020, han detonado la inconformidad, indignaci\u00f3n y rabia de muchos en especial de nosotras, las mujeres,\u00a0y claro, las reacciones tibias de los dirigentes y principalmente los hombres, quienes minimizan y creen que exageramos, pues para ellos somos \u201clas d\u00e9biles\u201d, las responsables y provocadoras, quienes no ponemos l\u00edmites y quienes al reaccionar somos \u201cpinches viejas locas e hist\u00e9ricas\u201d, pero no consideran que la Humanidad ya est\u00e1 rebasada por el Materialismo, por el individualismo insensible.<\/p>\n<p>Existen principalmente muchos lados de esta Visi\u00f3n humana, como quienes no quieren ver \u201cpara no contaminar su aura positiva\u201d, quienes tienen que defender una postura a palabras llenas de estupidez, de \u00e9sos quienes nos arrastran a una sistematizaci\u00f3n y adem\u00e1s los defienden como zombies\u00a0o tambi\u00e9n le echan la culpa a la Pobreza, en donde surgen los delincuentes que act\u00faan por ignorancia y por cierta necesidad, pero \u00a1ojo! tambi\u00e9n los cr\u00edmenes y el fomento de prostituci\u00f3n est\u00e1n fomentados por los delincuentes ricos quienes pueden pagar para saciar sus malditas perversiones; entonces, accionar con verdadera realidad es una respuesta activa&#8230; ya no se espanten ni critiquen acciones de mujeres quienes tenemos miedo e incertidumbre, tan solo por el hecho de serlo,\u00a0esa condici\u00f3n y etiqueta con la que nacemos.<\/p>\n<p>No necesito ser mayor de 18 a\u00f1os para tener la oportunidad de expresarlo y de promover consciencia con lo que escribo, a final de cuentas, eso es lo que podr\u00eda rescatar: mi convicci\u00f3n de permear un poco estas necesidades de mujer, de ser escuchada y m\u00e1s que eso, el estar cada vez m\u00e1s empoderada, ya que por un lado, a la humanidad la hunde las necesidades, la ignorancia, la frustraci\u00f3n y por el otro, el poder, la presunci\u00f3n y el desinter\u00e9s de un bien humanitario; todo esto nos arrastra a consumirnos en la miseria.<\/p>\n<p>Una de las principales deconstrucciones que debemos de abordar es la educaci\u00f3n, pues no tenemos la capacidad de ejercerla con equilibrio, pues educamos a conveniencia; queremos libertad pero sin ser ordenados, respetuosos, emp\u00e1ticos&#8230; creo que estamos empezando al rev\u00e9s, pues te puedes autodirigir\u00a0cuando sabes qu\u00e9 es dirigir y el ser humano no sabe dirigirse&#8230; reacciona cuando le pasa algo malo, cuando toca fondo o cuando le conviene\u00a0ante todo lo que est\u00e1 pasando.<\/p>\n<p>La falta de castigo hace que ya no exista temor, al contrario, existe un crecimiento en la soberbia en creer que la impunidad es normal, en creer que eres mejor que los dem\u00e1s, en envidiar lo que otros hacen, en no saber compartir para existir, en ver que para obtener lo justo, te tienes que esforzar al triple, ya que muchos obtienen las cosas rasc\u00e1ndose el ombligo, gracias a la \u201cayuda\u201d de alg\u00fan conocido muchas veces sin merecerlo.<\/p>\n<p>Yo\u00a0alzo la voz\u00a0porque no quiero sentir miedo e incertidumbre en mi vida\u00a0y no s\u00f3lo estoy opinando, participo para ser alguien quien ayude a expandir una ola de acciones que nos permitan construir una nueva sociedad, tocar con lo que hago y hacer reaccionar a los dem\u00e1s; tambi\u00e9n exigir respuestas y resultados a quienes deciden dirigirnos y quiero poner como ejemplo algo concreto, y que ser\u00eda en lo que hago la mayor parte del tiempo y que es la m\u00fasica: miren, escuchamos tanta M\u00fasica basura, llena de misoginia, violencia y de la cual repiten y repiten en su consciente y\u00a0subconsciente, y adem\u00e1s siendo la m\u00e1s movida en el mundo, que trabaja insultando y minimizando nuestra inteligencia; otro caso ser\u00eda tambi\u00e9n en redes sociales, donde en lugar de promover a un amigo en sus actividades, compartir y dar like a enlaces con temas reales y que promuevan algo ben\u00e9fico, la mayor\u00eda se centra y celebra\u00a0una selfie\u00a0de alguien ense\u00f1ando tetas\u00a0o nalgas\u00a0o cuadros abdominales, inflando egos\u00a0y fomentando solo hipocres\u00edas, haci\u00e9ndoles creer el \u00e9xito a quien lo publica&#8230; en esto pido tantita inteligencia\u2026<br \/>\nEl Ser humano\u00a0est\u00e1 condenado gracias a su idiotez y falta de cordura y consciencia a vivir miserablemente, ya que lo podrido que est\u00e1 mostrando de mente y sentimientos hace crecer los cr\u00edmenes, justific\u00e1ndose en sus traumas y ojo, ser buenas personas no basta, pues a veces nos creemos seres de Luz pero sin realmente serlo, pues solo fantasean&#8230; cuando la Empat\u00eda crezca y accionemos en consecuencia, castiguen a quien as\u00ed se lo merezca, estaremos avanzando&#8230;<\/p>\n<p>Mientras mujeres alcemos la voz y hombres s\u00f3lo guarden silencio y apoyen; mientras la sociedad ignore nuestro retroceso humano, ser\u00e1 necesaria nuestra \u00abhisteria\u00bb; en donde rayar, quemar y destruir hacen que volteen y vean que hace falta cambiar&#8230;<\/p>\n<p>Nos vemos en la marcha del siete de marzo&#8230;<\/p>\n<p>Espero el silencio y no felicitaci\u00f3n de nadie el 8 de marzo&#8230;<\/p>\n<p>Y el paro nacional el nueve de marzo&#8230; \u00a1el nueve ninguna se mueve!<\/p>\n<p>&nbsp;<\/p>\n<p><em><strong>* Avryl es la m\u00e1s joven de nuestras colaboradoras, una\u00a0adolescente que tiene el valor de expresar su opini\u00f3n y dispuesta a no aceptar este mundo que los adultos pretendemos dejarle a ella y a su generaci\u00f3n.<\/strong><\/em><\/p>\n<p>&nbsp;<\/p>\n<p>&nbsp;<\/p>\n","protected":false},"excerpt":{"rendered":"<p>Avryl Castel\u00e1n * No escrib\u00eda en esta plataforma ya ten\u00eda rato, esto por otros proyectos, pero ante tantos actos de barbarie\u00a0en contra de ni\u00f1as y mujeres, debo escribir\u2026 Estamos ante una sociedad podrida, y no exagero, pues los recientes cr\u00edmenes atroces cometidos a Ingrid, F\u00e1tima y cientos m\u00e1s en este inicio de 2020, han detonado [&hellip;]<\/p>\n","protected":false},"author":2,"featured_media":0,"comment_status":"open","ping_status":"open","sticky":false,"template":"","format":"standard","meta":{"tdm_status":"","tdm_grid_status":"","footnotes":""},"categories":[70],"tags":[16571,16570,2305,16569],"class_list":{"0":"post-52702","1":"post","2":"type-post","3":"status-publish","4":"format-standard","6":"category-de-opinion","7":"tag-debiles","8":"tag-histeria","9":"tag-mujeres","10":"tag-nueve-de-marzo"},"yoast_head":"<!-- This site is optimized with the Yoast SEO plugin v27.4 - https:\/\/yoast.com\/product\/yoast-seo-wordpress\/ -->\n<title>De d\u00e9biles e hist\u00e9ricas - Los pol\u00edticos Veracruz<\/title>\n<meta name=\"robots\" content=\"index, follow, max-snippet:-1, max-image-preview:large, max-video-preview:-1\" \/>\n<link rel=\"canonical\" href=\"https:\/\/lospoliticosveracruz.com\/?p=52702\" \/>\n<meta property=\"og:locale\" content=\"es_ES\" \/>\n<meta property=\"og:type\" content=\"article\" \/>\n<meta property=\"og:title\" content=\"De d\u00e9biles e hist\u00e9ricas - Los pol\u00edticos Veracruz\" \/>\n<meta property=\"og:description\" content=\"Avryl Castel\u00e1n * No escrib\u00eda en esta plataforma ya ten\u00eda rato, esto por otros proyectos, pero ante tantos actos de barbarie\u00a0en contra de ni\u00f1as y mujeres, debo escribir\u2026 Estamos ante una sociedad podrida, y no exagero, pues los recientes cr\u00edmenes atroces cometidos a Ingrid, F\u00e1tima y cientos m\u00e1s en este inicio de 2020, han detonado [&hellip;]\" \/>\n<meta property=\"og:url\" content=\"https:\/\/lospoliticosveracruz.com\/?p=52702\" \/>\n<meta property=\"og:site_name\" content=\"Los pol\u00edticos Veracruz\" \/>\n<meta property=\"article:publisher\" content=\"https:\/\/www.facebook.com\/people\/Notimemes-de-los-Polticos\/61565672886568\/\" \/>\n<meta property=\"article:published_time\" content=\"2020-02-19T19:27:01+00:00\" \/>\n<meta property=\"og:image\" content=\"https:\/\/lospoliticosveracruz.com\/wp-content\/uploads\/2016\/07\/Logo-Dor.jpg\" \/>\n\t<meta property=\"og:image:width\" content=\"200\" \/>\n\t<meta property=\"og:image:height\" content=\"200\" \/>\n\t<meta property=\"og:image:type\" content=\"image\/jpeg\" \/>\n<meta name=\"author\" content=\"Lo viste en Los Pol\u00edticos\" \/>\n<meta name=\"twitter:card\" content=\"summary_large_image\" \/>\n<meta name=\"twitter:creator\" content=\"@LosPoliticosVer\" \/>\n<meta name=\"twitter:site\" content=\"@LosPoliticosVer\" \/>\n<meta name=\"twitter:label1\" content=\"Escrito por\" \/>\n\t<meta name=\"twitter:data1\" content=\"Lo viste en Los Pol\u00edticos\" \/>\n\t<meta name=\"twitter:label2\" content=\"Tiempo de lectura\" \/>\n\t<meta name=\"twitter:data2\" content=\"5 minutos\" \/>\n<script type=\"application\/ld+json\" class=\"yoast-schema-graph\">{\"@context\":\"https:\\\/\\\/schema.org\",\"@graph\":[{\"@type\":\"Article\",\"@id\":\"https:\\\/\\\/lospoliticosveracruz.com\\\/?p=52702#article\",\"isPartOf\":{\"@id\":\"https:\\\/\\\/lospoliticosveracruz.com\\\/?p=52702\"},\"author\":{\"name\":\"Lo viste en Los Pol\u00edticos\",\"@id\":\"https:\\\/\\\/lospoliticosveracruz.com\\\/#\\\/schema\\\/person\\\/b8702bb0e538456e6efd07080bf2a4a2\"},\"headline\":\"De d\u00e9biles e hist\u00e9ricas\",\"datePublished\":\"2020-02-19T19:27:01+00:00\",\"mainEntityOfPage\":{\"@id\":\"https:\\\/\\\/lospoliticosveracruz.com\\\/?p=52702\"},\"wordCount\":935,\"commentCount\":0,\"publisher\":{\"@id\":\"https:\\\/\\\/lospoliticosveracruz.com\\\/#organization\"},\"keywords\":[\"d\u00e9biles\",\"histeria\",\"Mujeres\",\"nueve de marzo\"],\"articleSection\":[\"De Opini\u00f3n\"],\"inLanguage\":\"es\",\"potentialAction\":[{\"@type\":\"CommentAction\",\"name\":\"Comment\",\"target\":[\"https:\\\/\\\/lospoliticosveracruz.com\\\/?p=52702#respond\"]}]},{\"@type\":\"WebPage\",\"@id\":\"https:\\\/\\\/lospoliticosveracruz.com\\\/?p=52702\",\"url\":\"https:\\\/\\\/lospoliticosveracruz.com\\\/?p=52702\",\"name\":\"De d\u00e9biles e hist\u00e9ricas - Los pol\u00edticos Veracruz\",\"isPartOf\":{\"@id\":\"https:\\\/\\\/lospoliticosveracruz.com\\\/#website\"},\"datePublished\":\"2020-02-19T19:27:01+00:00\",\"breadcrumb\":{\"@id\":\"https:\\\/\\\/lospoliticosveracruz.com\\\/?p=52702#breadcrumb\"},\"inLanguage\":\"es\",\"potentialAction\":[{\"@type\":\"ReadAction\",\"target\":[\"https:\\\/\\\/lospoliticosveracruz.com\\\/?p=52702\"]}]},{\"@type\":\"BreadcrumbList\",\"@id\":\"https:\\\/\\\/lospoliticosveracruz.com\\\/?p=52702#breadcrumb\",\"itemListElement\":[{\"@type\":\"ListItem\",\"position\":1,\"name\":\"Portada\",\"item\":\"https:\\\/\\\/lospoliticosveracruz.com\\\/\"},{\"@type\":\"ListItem\",\"position\":2,\"name\":\"De d\u00e9biles e hist\u00e9ricas\"}]},{\"@type\":\"WebSite\",\"@id\":\"https:\\\/\\\/lospoliticosveracruz.com\\\/#website\",\"url\":\"https:\\\/\\\/lospoliticosveracruz.com\\\/\",\"name\":\"Los pol\u00edticos Veracruz\",\"description\":\"\",\"publisher\":{\"@id\":\"https:\\\/\\\/lospoliticosveracruz.com\\\/#organization\"},\"potentialAction\":[{\"@type\":\"SearchAction\",\"target\":{\"@type\":\"EntryPoint\",\"urlTemplate\":\"https:\\\/\\\/lospoliticosveracruz.com\\\/?s={search_term_string}\"},\"query-input\":{\"@type\":\"PropertyValueSpecification\",\"valueRequired\":true,\"valueName\":\"search_term_string\"}}],\"inLanguage\":\"es\"},{\"@type\":\"Organization\",\"@id\":\"https:\\\/\\\/lospoliticosveracruz.com\\\/#organization\",\"name\":\"Los pol\u00edticos Veracruz\",\"url\":\"https:\\\/\\\/lospoliticosveracruz.com\\\/\",\"logo\":{\"@type\":\"ImageObject\",\"inLanguage\":\"es\",\"@id\":\"https:\\\/\\\/lospoliticosveracruz.com\\\/#\\\/schema\\\/logo\\\/image\\\/\",\"url\":\"https:\\\/\\\/lospoliticosveracruz.com\\\/wp-content\\\/uploads\\\/2025\\\/12\\\/Logo-Nuevo-LOS-POLITICOS-1.jpg\",\"contentUrl\":\"https:\\\/\\\/lospoliticosveracruz.com\\\/wp-content\\\/uploads\\\/2025\\\/12\\\/Logo-Nuevo-LOS-POLITICOS-1.jpg\",\"width\":260,\"height\":70,\"caption\":\"Los pol\u00edticos Veracruz\"},\"image\":{\"@id\":\"https:\\\/\\\/lospoliticosveracruz.com\\\/#\\\/schema\\\/logo\\\/image\\\/\"},\"sameAs\":[\"https:\\\/\\\/www.facebook.com\\\/people\\\/Notimemes-de-los-Polticos\\\/61565672886568\\\/\",\"https:\\\/\\\/x.com\\\/LosPoliticosVer\"]},{\"@type\":\"Person\",\"@id\":\"https:\\\/\\\/lospoliticosveracruz.com\\\/#\\\/schema\\\/person\\\/b8702bb0e538456e6efd07080bf2a4a2\",\"name\":\"Lo viste en Los Pol\u00edticos\",\"image\":{\"@type\":\"ImageObject\",\"inLanguage\":\"es\",\"@id\":\"https:\\\/\\\/secure.gravatar.com\\\/avatar\\\/3a8de04a2656d44082be478bd6c086daa447c4651605818287b9532d3d0bd435?s=96&d=mm&r=g\",\"url\":\"https:\\\/\\\/secure.gravatar.com\\\/avatar\\\/3a8de04a2656d44082be478bd6c086daa447c4651605818287b9532d3d0bd435?s=96&d=mm&r=g\",\"contentUrl\":\"https:\\\/\\\/secure.gravatar.com\\\/avatar\\\/3a8de04a2656d44082be478bd6c086daa447c4651605818287b9532d3d0bd435?s=96&d=mm&r=g\",\"caption\":\"Lo viste en Los Pol\u00edticos\"},\"url\":\"https:\\\/\\\/lospoliticosveracruz.com\\\/?author=2\"}]}<\/script>\n<!-- \/ Yoast SEO plugin. -->","yoast_head_json":{"title":"De d\u00e9biles e hist\u00e9ricas - Los pol\u00edticos Veracruz","robots":{"index":"index","follow":"follow","max-snippet":"max-snippet:-1","max-image-preview":"max-image-preview:large","max-video-preview":"max-video-preview:-1"},"canonical":"https:\/\/lospoliticosveracruz.com\/?p=52702","og_locale":"es_ES","og_type":"article","og_title":"De d\u00e9biles e hist\u00e9ricas - Los pol\u00edticos Veracruz","og_description":"Avryl Castel\u00e1n * No escrib\u00eda en esta plataforma ya ten\u00eda rato, esto por otros proyectos, pero ante tantos actos de barbarie\u00a0en contra de ni\u00f1as y mujeres, debo escribir\u2026 Estamos ante una sociedad podrida, y no exagero, pues los recientes cr\u00edmenes atroces cometidos a Ingrid, F\u00e1tima y cientos m\u00e1s en este inicio de 2020, han detonado [&hellip;]","og_url":"https:\/\/lospoliticosveracruz.com\/?p=52702","og_site_name":"Los pol\u00edticos Veracruz","article_publisher":"https:\/\/www.facebook.com\/people\/Notimemes-de-los-Polticos\/61565672886568\/","article_published_time":"2020-02-19T19:27:01+00:00","og_image":[{"width":200,"height":200,"url":"https:\/\/lospoliticosveracruz.com\/wp-content\/uploads\/2016\/07\/Logo-Dor.jpg","type":"image\/jpeg"}],"author":"Lo viste en Los Pol\u00edticos","twitter_card":"summary_large_image","twitter_creator":"@LosPoliticosVer","twitter_site":"@LosPoliticosVer","twitter_misc":{"Escrito por":"Lo viste en Los Pol\u00edticos","Tiempo de lectura":"5 minutos"},"schema":{"@context":"https:\/\/schema.org","@graph":[{"@type":"Article","@id":"https:\/\/lospoliticosveracruz.com\/?p=52702#article","isPartOf":{"@id":"https:\/\/lospoliticosveracruz.com\/?p=52702"},"author":{"name":"Lo viste en Los Pol\u00edticos","@id":"https:\/\/lospoliticosveracruz.com\/#\/schema\/person\/b8702bb0e538456e6efd07080bf2a4a2"},"headline":"De d\u00e9biles e hist\u00e9ricas","datePublished":"2020-02-19T19:27:01+00:00","mainEntityOfPage":{"@id":"https:\/\/lospoliticosveracruz.com\/?p=52702"},"wordCount":935,"commentCount":0,"publisher":{"@id":"https:\/\/lospoliticosveracruz.com\/#organization"},"keywords":["d\u00e9biles","histeria","Mujeres","nueve de marzo"],"articleSection":["De Opini\u00f3n"],"inLanguage":"es","potentialAction":[{"@type":"CommentAction","name":"Comment","target":["https:\/\/lospoliticosveracruz.com\/?p=52702#respond"]}]},{"@type":"WebPage","@id":"https:\/\/lospoliticosveracruz.com\/?p=52702","url":"https:\/\/lospoliticosveracruz.com\/?p=52702","name":"De d\u00e9biles e hist\u00e9ricas - Los pol\u00edticos Veracruz","isPartOf":{"@id":"https:\/\/lospoliticosveracruz.com\/#website"},"datePublished":"2020-02-19T19:27:01+00:00","breadcrumb":{"@id":"https:\/\/lospoliticosveracruz.com\/?p=52702#breadcrumb"},"inLanguage":"es","potentialAction":[{"@type":"ReadAction","target":["https:\/\/lospoliticosveracruz.com\/?p=52702"]}]},{"@type":"BreadcrumbList","@id":"https:\/\/lospoliticosveracruz.com\/?p=52702#breadcrumb","itemListElement":[{"@type":"ListItem","position":1,"name":"Portada","item":"https:\/\/lospoliticosveracruz.com\/"},{"@type":"ListItem","position":2,"name":"De d\u00e9biles e hist\u00e9ricas"}]},{"@type":"WebSite","@id":"https:\/\/lospoliticosveracruz.com\/#website","url":"https:\/\/lospoliticosveracruz.com\/","name":"Los pol\u00edticos Veracruz","description":"","publisher":{"@id":"https:\/\/lospoliticosveracruz.com\/#organization"},"potentialAction":[{"@type":"SearchAction","target":{"@type":"EntryPoint","urlTemplate":"https:\/\/lospoliticosveracruz.com\/?s={search_term_string}"},"query-input":{"@type":"PropertyValueSpecification","valueRequired":true,"valueName":"search_term_string"}}],"inLanguage":"es"},{"@type":"Organization","@id":"https:\/\/lospoliticosveracruz.com\/#organization","name":"Los pol\u00edticos Veracruz","url":"https:\/\/lospoliticosveracruz.com\/","logo":{"@type":"ImageObject","inLanguage":"es","@id":"https:\/\/lospoliticosveracruz.com\/#\/schema\/logo\/image\/","url":"https:\/\/lospoliticosveracruz.com\/wp-content\/uploads\/2025\/12\/Logo-Nuevo-LOS-POLITICOS-1.jpg","contentUrl":"https:\/\/lospoliticosveracruz.com\/wp-content\/uploads\/2025\/12\/Logo-Nuevo-LOS-POLITICOS-1.jpg","width":260,"height":70,"caption":"Los pol\u00edticos Veracruz"},"image":{"@id":"https:\/\/lospoliticosveracruz.com\/#\/schema\/logo\/image\/"},"sameAs":["https:\/\/www.facebook.com\/people\/Notimemes-de-los-Polticos\/61565672886568\/","https:\/\/x.com\/LosPoliticosVer"]},{"@type":"Person","@id":"https:\/\/lospoliticosveracruz.com\/#\/schema\/person\/b8702bb0e538456e6efd07080bf2a4a2","name":"Lo viste en Los Pol\u00edticos","image":{"@type":"ImageObject","inLanguage":"es","@id":"https:\/\/secure.gravatar.com\/avatar\/3a8de04a2656d44082be478bd6c086daa447c4651605818287b9532d3d0bd435?s=96&d=mm&r=g","url":"https:\/\/secure.gravatar.com\/avatar\/3a8de04a2656d44082be478bd6c086daa447c4651605818287b9532d3d0bd435?s=96&d=mm&r=g","contentUrl":"https:\/\/secure.gravatar.com\/avatar\/3a8de04a2656d44082be478bd6c086daa447c4651605818287b9532d3d0bd435?s=96&d=mm&r=g","caption":"Lo viste en Los Pol\u00edticos"},"url":"https:\/\/lospoliticosveracruz.com\/?author=2"}]}},"_links":{"self":[{"href":"https:\/\/lospoliticosveracruz.com\/index.php?rest_route=\/wp\/v2\/posts\/52702","targetHints":{"allow":["GET"]}}],"collection":[{"href":"https:\/\/lospoliticosveracruz.com\/index.php?rest_route=\/wp\/v2\/posts"}],"about":[{"href":"https:\/\/lospoliticosveracruz.com\/index.php?rest_route=\/wp\/v2\/types\/post"}],"author":[{"embeddable":true,"href":"https:\/\/lospoliticosveracruz.com\/index.php?rest_route=\/wp\/v2\/users\/2"}],"replies":[{"embeddable":true,"href":"https:\/\/lospoliticosveracruz.com\/index.php?rest_route=%2Fwp%2Fv2%2Fcomments&post=52702"}],"version-history":[{"count":1,"href":"https:\/\/lospoliticosveracruz.com\/index.php?rest_route=\/wp\/v2\/posts\/52702\/revisions"}],"predecessor-version":[{"id":52704,"href":"https:\/\/lospoliticosveracruz.com\/index.php?rest_route=\/wp\/v2\/posts\/52702\/revisions\/52704"}],"wp:attachment":[{"href":"https:\/\/lospoliticosveracruz.com\/index.php?rest_route=%2Fwp%2Fv2%2Fmedia&parent=52702"}],"wp:term":[{"taxonomy":"category","embeddable":true,"href":"https:\/\/lospoliticosveracruz.com\/index.php?rest_route=%2Fwp%2Fv2%2Fcategories&post=52702"},{"taxonomy":"post_tag","embeddable":true,"href":"https:\/\/lospoliticosveracruz.com\/index.php?rest_route=%2Fwp%2Fv2%2Ftags&post=52702"}],"curies":[{"name":"wp","href":"https:\/\/api.w.org\/{rel}","templated":true}]}}