{"id":52802,"date":"2020-02-22T10:06:57","date_gmt":"2020-02-22T16:06:57","guid":{"rendered":"http:\/\/www.lospoliticosveracruz.com.mx\/?p=52802"},"modified":"2020-02-22T10:06:57","modified_gmt":"2020-02-22T16:06:57","slug":"diciembre-2020-el-mes-d-de-cuic-y-de-ahued","status":"publish","type":"post","link":"https:\/\/lospoliticosveracruz.com\/?p=52802","title":{"rendered":"Diciembre 2020, el Mes D de Cuic&#8230; \u00bfy de Ahued?"},"content":{"rendered":"<p><strong>Ricardo Ch\u00faa<\/strong><\/p>\n<p><em>Sale y Vale<\/em><\/p>\n<p>OJO&#8230; Si creen que el gobierno de Cuitl\u00e1huac Garc\u00eda va a girar circulares para apoyar el movimiento feminista o el Paro Nacional de un D\u00eda sin Mujeres&#8230; Su administraci\u00f3n estatal no dir\u00e1 nada, no hablara nada y tampoco har\u00e1 nada al respecto&#8230; Pese a que es un movimiento a nivel internacional, en donde M\u00e9xico no puede dejar de participar debido a sus cifras de feminicidios y CONCRETAMENTE Veracruz, que ocupa el SEGUNDO LUGAR a nivel nacional en estos delitos contra la mujer&#8230;. No pasara nada de nada&#8230;<\/p>\n<p>As\u00ed que lo \u00fanico que permitir\u00e1n a funcionarias p\u00fablicas del gobierno estatal de MORENA ser\u00e1 vestirse de \u00abMorado\u00bb para \u00abapoyar la causa\u00bb&#8230; Ja Ja Ja&#8230; S\u00f3lo eso habr\u00e1 el 9 de marzo en las oficinas del gobierno&#8230; M\u00e1s claro, ni el agua&#8230; Luego de la postura de Beatriz Guti\u00e9rrez Muller&#8230; Que primero dijo que si apoyaba y luego se desdijo y que mejor la gente porte blanco y apoye a AMLO&#8230; As\u00ed que si desde Palacio Nacional no apoyan&#8230; Menos en Palacio de Gobierno en Xalapa&#8230; \u00bfEl gobernador se va a enfrentar al Presidente?&#8230;. Es Veracruz, no EEUU&#8230;<\/p>\n<p>AHUED Y CUITL\u00c1HUAC&#8230; Ya se no hagan m\u00e1s bolas, ni practiquen el \u00abfuturismo\u00bb pol\u00edtico&#8230; Ricardo Ahued se sabe y est\u00e1 vigente&#8230; Pero la \u00fanica manera que puede llegar a ser GOBERNADOR de Veracruz, es ocupar el cargo de manera interina.. De otra manera, \u00abNi Dios Padre lo puede nombrar\u00bb&#8230; Su origen hidalguense no le permite legalmente ser candidato a este cargo de elecci\u00f3n popular en 2024&#8230; Que lo busque con Fayad o Chong&#8230; As\u00ed que si no es en 2020 al 2024 no lo va a lograr&#8230; La famosa \u00abLey Yunes de 1997\u00bb se lo proh\u00edbe&#8230;<\/p>\n<p>As\u00ed que aunque muchos digan que se puede amparar, que puede buscar un mecanismo legal o que puede ir con el \u00abBrujo Mayor\u00bb este 1 de marzo a Catemaco&#8230; Simplemente eso no es posible&#8230; La Constituci\u00f3n de Veracruz dice que para ser gobernador se tiene que cumplir dos requisitos: Ser veracruzano de nacimiento o hijo de padres veracruzanos&#8230; Ahued no cumple con ninguno.. Naci\u00f3 en Hidalgo&#8230; As\u00ed que si el Congreso Local en este 2020 no deroga la \u00abLey Yunes\u00bb&#8230; Pues, nomas no&#8230;<\/p>\n<p>Pero porque siempre hay un PINCHE PERO&#8230; La \u00fanica oportunidad que tiene Ahued es que el Congreso Local le de una dispensa, como se la dieron a Buganza para ser secretario de Gobierno con Duarte por ser ingeniero o como \u00abPep\u00edn\u00bb Ruiz para ser director del extinto SAS&#8230; Pero siempre y cuando s\u00f3lo sea INTERINO&#8230; Es decir, que de aqu\u00ed al 2024 se vaya Cuitl\u00e1huac Garc\u00eda del gobierno a servir a la naci\u00f3n a un cargo federal a lado de Andr\u00e9s Manuel L\u00f3pez Obrador&#8230; All\u00e1 a Baja California Sur&#8230; Pa devolverles el favor&#8230;<\/p>\n<p>Sin embargo, como en esta vida, uno no es lo que quiere sino lo que puede ser&#8230; As\u00ed que para evitar seguir \u00abtrag\u00e1dose sus palabras\u00bb ahora el Administrador de Aduanas dice \u00abpue que si, pue que no\u00bb busque algo en pr\u00f3ximas elecciones.. Qu\u00e9 m\u00e1s podr\u00eda buscar Ahued en los siguientes a\u00f1os&#8230; \u00bfAlcalde de Xalapa o diputado local en 2021? Ja Ja Ja.. No mmn&#8230;. \u00bfDiputado federal en 2021?&#8230; No mmn es Senador&#8230; Y en el 2024 ser candidato por MORENA a Presidente de M\u00e9xico&#8230; Ja Ja Ja Ja Ja Ja&#8230;. No Re Mmn&#8230;<\/p>\n<p>Pero SIENDO SERIOS as\u00ed como el senador por licencia se corta el poco cabello de su brillante calva y da entrevistas al respecto&#8230; Lo \u00fanico que puede aspirar en este momento&#8230; Es ser Gobernador&#8230;. Interino, obviamente porque de otra forma no podr\u00eda.. La \u00abLey Cisneros\u00bb le ayuda&#8230; El tema es si Cuitl\u00e1huac se va&#8230; De aqu\u00ed a diciembre pueden pasar muchas cosas&#8230; Sin duda, el ex alcalde es cercano a L\u00f3pez Obrador&#8230; Pero \u00e9l es el \u00fanico que puede decidirlo&#8230; S\u00f3lo \u00e9l y nadie m\u00e1s&#8230; Y tal como sucede en la vida, tambi\u00e9n en la pol\u00edtica: EL AMOR ACABA&#8230;<\/p>\n<p>LA OTRA PRESI\u00d3N&#8230; En la semana que termina&#8230; Un poderoso pol\u00edtico del sur de Veracruz busc\u00f3 a un ex gobernador&#8230; Al encontrarlo, se saludaron y platicaron&#8230; Obvio sobre el \u00abterru\u00f1o\u00bb querido&#8230; Y le dijo: \u00abSe\u00f1or la cosa est\u00e1 dif\u00edcil en Coatzacoalcos, me acaba de llamar&#8230;. (un empresario muy fuerte de all\u00ed)&#8230; Y me dijo que ya no aguant\u00f3 la presi\u00f3n de los criminales y ya se fue de la ciudad, que era insostenible vivir con el temor a un hecho violento a \u00e9l o su familia, que ya tambi\u00e9n esta en CDMX desde hace un a\u00f1o\u00bb&#8230;<\/p>\n<p>Le sigui\u00f3 contando que este empresario exiliado junto con otros hombres de dinero de la regi\u00f3n sur y centro de la entidad, se reunieron en CDMX y despu\u00e9s de acordar en el conocido restaurante \u00abPujol\u00bb de Polanco&#8230; Fueron a Palacio Nacional y buscar a una serie de conocidos para hacerle saber al Presidente, Andr\u00e9s Manuel L\u00f3pez Obrador, lo insostenible que estaba la violencia en Veracruz y con Cuitl\u00e1huac Garc\u00eda como gobernador&#8230; As\u00ed la \u00abgrilla\u00bb dura y directa&#8230;<\/p>\n<p>As\u00ed que llegaron al \u00abcirculo rojo\u00bb de AMLO en Palacio Nacional y \u00abamagaron\u00bb al gobierno federal que si no ven claro, de aqu\u00ed a diciembre con el tema violencia y Cuitl\u00e1huac Garc\u00eda&#8230; Primero que nada: Le quitar\u00edan el \u00abfinanciamiento\u00bb a MORENA y no dar\u00edan lo que dieron en 2018&#8230; El segundo paso ser\u00eda retirar las inversiones que tienen en la entidad y tercero, que eso ya no era una amenaza sino un \u00ab\u00faltimatum\u00bb&#8230; \u00bfTan desesperado est\u00e1n? o de qu\u00e9 se dieron cuenta, que amenazan con irse con todo y dinero&#8230;<\/p>\n<p>Por eso todos ponen como fecha diciembre del 2020&#8230; No porque quieran que lleguen las fiestas de navidad o festejos y brindis de a\u00f1o nuevo&#8230; NO&#8230; Ya que todos en Veracruz saben que es la fecha que Andr\u00e9s Manuel puede \u00abpedir\u00bb a Cuitl\u00e1huac que su funci\u00f3n como pol\u00edtico servir\u00eda m\u00e1s en otro lado&#8230; Y que con ello se cumple el periodo para que no haya una elecci\u00f3n extraordinaria a Gobernador&#8230; Por eso, la suerte de Garc\u00eda Jim\u00e9nez est\u00e1 echada&#8230; M\u00e1s con esas presiones y por ello&#8230; LOS TIEMPOS DE DIOS SON PERFECTOS&#8230;<\/p>\n","protected":false},"excerpt":{"rendered":"<p>Ricardo Ch\u00faa Sale y Vale OJO&#8230; Si creen que el gobierno de Cuitl\u00e1huac Garc\u00eda va a girar circulares para apoyar el movimiento feminista o el Paro Nacional de un D\u00eda sin Mujeres&#8230; Su administraci\u00f3n estatal no dir\u00e1 nada, no hablara nada y tampoco har\u00e1 nada al respecto&#8230; Pese a que es un movimiento a nivel [&hellip;]<\/p>\n","protected":false},"author":2,"featured_media":0,"comment_status":"open","ping_status":"open","sticky":false,"template":"","format":"standard","meta":{"tdm_status":"","tdm_grid_status":"","footnotes":""},"categories":[70],"tags":[8261,1681,826,395,16609,1026,16607,876,13604,16608,195],"class_list":{"0":"post-52802","1":"post","2":"type-post","3":"status-publish","4":"format-standard","6":"category-de-opinion","7":"tag-beatriz-gutierrez-muller","8":"tag-cuitlahuac-garcia","9":"tag-feminicidios","10":"tag-mexico","11":"tag-morado","12":"tag-morena","13":"tag-paro-nacional","14":"tag-ricardo-ahued","15":"tag-ricardo-chua","16":"tag-un-dia-sin-mujeres","17":"tag-veracruz"},"yoast_head":"<!-- This site is optimized with the Yoast SEO plugin v27.4 - https:\/\/yoast.com\/product\/yoast-seo-wordpress\/ -->\n<title>Diciembre 2020, el Mes D de Cuic... \u00bfy de Ahued? - Los pol\u00edticos Veracruz<\/title>\n<meta name=\"robots\" content=\"index, follow, max-snippet:-1, max-image-preview:large, max-video-preview:-1\" \/>\n<link rel=\"canonical\" href=\"https:\/\/lospoliticosveracruz.com\/?p=52802\" \/>\n<meta property=\"og:locale\" content=\"es_ES\" \/>\n<meta property=\"og:type\" content=\"article\" \/>\n<meta property=\"og:title\" content=\"Diciembre 2020, el Mes D de Cuic... \u00bfy de Ahued? - Los pol\u00edticos Veracruz\" \/>\n<meta property=\"og:description\" content=\"Ricardo Ch\u00faa Sale y Vale OJO&#8230; Si creen que el gobierno de Cuitl\u00e1huac Garc\u00eda va a girar circulares para apoyar el movimiento feminista o el Paro Nacional de un D\u00eda sin Mujeres&#8230; Su administraci\u00f3n estatal no dir\u00e1 nada, no hablara nada y tampoco har\u00e1 nada al respecto&#8230; Pese a que es un movimiento a nivel [&hellip;]\" \/>\n<meta property=\"og:url\" content=\"https:\/\/lospoliticosveracruz.com\/?p=52802\" \/>\n<meta property=\"og:site_name\" content=\"Los pol\u00edticos Veracruz\" \/>\n<meta property=\"article:publisher\" content=\"https:\/\/www.facebook.com\/people\/Notimemes-de-los-Polticos\/61565672886568\/\" \/>\n<meta property=\"article:published_time\" content=\"2020-02-22T16:06:57+00:00\" \/>\n<meta property=\"og:image\" content=\"https:\/\/lospoliticosveracruz.com\/wp-content\/uploads\/2016\/07\/Logo-Dor.jpg\" \/>\n\t<meta property=\"og:image:width\" content=\"200\" \/>\n\t<meta property=\"og:image:height\" content=\"200\" \/>\n\t<meta property=\"og:image:type\" content=\"image\/jpeg\" \/>\n<meta name=\"author\" content=\"Lo viste en Los Pol\u00edticos\" \/>\n<meta name=\"twitter:card\" content=\"summary_large_image\" \/>\n<meta name=\"twitter:creator\" content=\"@LosPoliticosVer\" \/>\n<meta name=\"twitter:site\" content=\"@LosPoliticosVer\" \/>\n<meta name=\"twitter:label1\" content=\"Escrito por\" \/>\n\t<meta name=\"twitter:data1\" content=\"Lo viste en Los Pol\u00edticos\" \/>\n\t<meta name=\"twitter:label2\" content=\"Tiempo de lectura\" \/>\n\t<meta name=\"twitter:data2\" content=\"5 minutos\" \/>\n<script type=\"application\/ld+json\" class=\"yoast-schema-graph\">{\"@context\":\"https:\\\/\\\/schema.org\",\"@graph\":[{\"@type\":\"Article\",\"@id\":\"https:\\\/\\\/lospoliticosveracruz.com\\\/?p=52802#article\",\"isPartOf\":{\"@id\":\"https:\\\/\\\/lospoliticosveracruz.com\\\/?p=52802\"},\"author\":{\"name\":\"Lo viste en Los Pol\u00edticos\",\"@id\":\"https:\\\/\\\/lospoliticosveracruz.com\\\/#\\\/schema\\\/person\\\/b8702bb0e538456e6efd07080bf2a4a2\"},\"headline\":\"Diciembre 2020, el Mes D de Cuic&#8230; \u00bfy de Ahued?\",\"datePublished\":\"2020-02-22T16:06:57+00:00\",\"mainEntityOfPage\":{\"@id\":\"https:\\\/\\\/lospoliticosveracruz.com\\\/?p=52802\"},\"wordCount\":1073,\"commentCount\":0,\"publisher\":{\"@id\":\"https:\\\/\\\/lospoliticosveracruz.com\\\/#organization\"},\"keywords\":[\"Beatriz Guti\u00e9rrez M\u00fcller\",\"Cuitl\u00e1huac Garc\u00eda\",\"feminicidios\",\"M\u00e9xico\",\"Morado\",\"Morena\",\"Paro Nacional\",\"Ricardo Ahued\",\"Ricardo Ch\u00faa\",\"Un D\u00eda sin Mujeres\",\"Veracruz\"],\"articleSection\":[\"De Opini\u00f3n\"],\"inLanguage\":\"es\",\"potentialAction\":[{\"@type\":\"CommentAction\",\"name\":\"Comment\",\"target\":[\"https:\\\/\\\/lospoliticosveracruz.com\\\/?p=52802#respond\"]}]},{\"@type\":\"WebPage\",\"@id\":\"https:\\\/\\\/lospoliticosveracruz.com\\\/?p=52802\",\"url\":\"https:\\\/\\\/lospoliticosveracruz.com\\\/?p=52802\",\"name\":\"Diciembre 2020, el Mes D de Cuic... \u00bfy de Ahued? - Los pol\u00edticos Veracruz\",\"isPartOf\":{\"@id\":\"https:\\\/\\\/lospoliticosveracruz.com\\\/#website\"},\"datePublished\":\"2020-02-22T16:06:57+00:00\",\"breadcrumb\":{\"@id\":\"https:\\\/\\\/lospoliticosveracruz.com\\\/?p=52802#breadcrumb\"},\"inLanguage\":\"es\",\"potentialAction\":[{\"@type\":\"ReadAction\",\"target\":[\"https:\\\/\\\/lospoliticosveracruz.com\\\/?p=52802\"]}]},{\"@type\":\"BreadcrumbList\",\"@id\":\"https:\\\/\\\/lospoliticosveracruz.com\\\/?p=52802#breadcrumb\",\"itemListElement\":[{\"@type\":\"ListItem\",\"position\":1,\"name\":\"Portada\",\"item\":\"https:\\\/\\\/lospoliticosveracruz.com\\\/\"},{\"@type\":\"ListItem\",\"position\":2,\"name\":\"Diciembre 2020, el Mes D de Cuic&#8230; \u00bfy de Ahued?\"}]},{\"@type\":\"WebSite\",\"@id\":\"https:\\\/\\\/lospoliticosveracruz.com\\\/#website\",\"url\":\"https:\\\/\\\/lospoliticosveracruz.com\\\/\",\"name\":\"Los pol\u00edticos Veracruz\",\"description\":\"\",\"publisher\":{\"@id\":\"https:\\\/\\\/lospoliticosveracruz.com\\\/#organization\"},\"potentialAction\":[{\"@type\":\"SearchAction\",\"target\":{\"@type\":\"EntryPoint\",\"urlTemplate\":\"https:\\\/\\\/lospoliticosveracruz.com\\\/?s={search_term_string}\"},\"query-input\":{\"@type\":\"PropertyValueSpecification\",\"valueRequired\":true,\"valueName\":\"search_term_string\"}}],\"inLanguage\":\"es\"},{\"@type\":\"Organization\",\"@id\":\"https:\\\/\\\/lospoliticosveracruz.com\\\/#organization\",\"name\":\"Los pol\u00edticos Veracruz\",\"url\":\"https:\\\/\\\/lospoliticosveracruz.com\\\/\",\"logo\":{\"@type\":\"ImageObject\",\"inLanguage\":\"es\",\"@id\":\"https:\\\/\\\/lospoliticosveracruz.com\\\/#\\\/schema\\\/logo\\\/image\\\/\",\"url\":\"https:\\\/\\\/lospoliticosveracruz.com\\\/wp-content\\\/uploads\\\/2025\\\/12\\\/Logo-Nuevo-LOS-POLITICOS-1.jpg\",\"contentUrl\":\"https:\\\/\\\/lospoliticosveracruz.com\\\/wp-content\\\/uploads\\\/2025\\\/12\\\/Logo-Nuevo-LOS-POLITICOS-1.jpg\",\"width\":260,\"height\":70,\"caption\":\"Los pol\u00edticos Veracruz\"},\"image\":{\"@id\":\"https:\\\/\\\/lospoliticosveracruz.com\\\/#\\\/schema\\\/logo\\\/image\\\/\"},\"sameAs\":[\"https:\\\/\\\/www.facebook.com\\\/people\\\/Notimemes-de-los-Polticos\\\/61565672886568\\\/\",\"https:\\\/\\\/x.com\\\/LosPoliticosVer\"]},{\"@type\":\"Person\",\"@id\":\"https:\\\/\\\/lospoliticosveracruz.com\\\/#\\\/schema\\\/person\\\/b8702bb0e538456e6efd07080bf2a4a2\",\"name\":\"Lo viste en Los Pol\u00edticos\",\"image\":{\"@type\":\"ImageObject\",\"inLanguage\":\"es\",\"@id\":\"https:\\\/\\\/secure.gravatar.com\\\/avatar\\\/3a8de04a2656d44082be478bd6c086daa447c4651605818287b9532d3d0bd435?s=96&d=mm&r=g\",\"url\":\"https:\\\/\\\/secure.gravatar.com\\\/avatar\\\/3a8de04a2656d44082be478bd6c086daa447c4651605818287b9532d3d0bd435?s=96&d=mm&r=g\",\"contentUrl\":\"https:\\\/\\\/secure.gravatar.com\\\/avatar\\\/3a8de04a2656d44082be478bd6c086daa447c4651605818287b9532d3d0bd435?s=96&d=mm&r=g\",\"caption\":\"Lo viste en Los Pol\u00edticos\"},\"url\":\"https:\\\/\\\/lospoliticosveracruz.com\\\/?author=2\"}]}<\/script>\n<!-- \/ Yoast SEO plugin. -->","yoast_head_json":{"title":"Diciembre 2020, el Mes D de Cuic... \u00bfy de Ahued? - Los pol\u00edticos Veracruz","robots":{"index":"index","follow":"follow","max-snippet":"max-snippet:-1","max-image-preview":"max-image-preview:large","max-video-preview":"max-video-preview:-1"},"canonical":"https:\/\/lospoliticosveracruz.com\/?p=52802","og_locale":"es_ES","og_type":"article","og_title":"Diciembre 2020, el Mes D de Cuic... \u00bfy de Ahued? - Los pol\u00edticos Veracruz","og_description":"Ricardo Ch\u00faa Sale y Vale OJO&#8230; Si creen que el gobierno de Cuitl\u00e1huac Garc\u00eda va a girar circulares para apoyar el movimiento feminista o el Paro Nacional de un D\u00eda sin Mujeres&#8230; Su administraci\u00f3n estatal no dir\u00e1 nada, no hablara nada y tampoco har\u00e1 nada al respecto&#8230; Pese a que es un movimiento a nivel [&hellip;]","og_url":"https:\/\/lospoliticosveracruz.com\/?p=52802","og_site_name":"Los pol\u00edticos Veracruz","article_publisher":"https:\/\/www.facebook.com\/people\/Notimemes-de-los-Polticos\/61565672886568\/","article_published_time":"2020-02-22T16:06:57+00:00","og_image":[{"width":200,"height":200,"url":"https:\/\/lospoliticosveracruz.com\/wp-content\/uploads\/2016\/07\/Logo-Dor.jpg","type":"image\/jpeg"}],"author":"Lo viste en Los Pol\u00edticos","twitter_card":"summary_large_image","twitter_creator":"@LosPoliticosVer","twitter_site":"@LosPoliticosVer","twitter_misc":{"Escrito por":"Lo viste en Los Pol\u00edticos","Tiempo de lectura":"5 minutos"},"schema":{"@context":"https:\/\/schema.org","@graph":[{"@type":"Article","@id":"https:\/\/lospoliticosveracruz.com\/?p=52802#article","isPartOf":{"@id":"https:\/\/lospoliticosveracruz.com\/?p=52802"},"author":{"name":"Lo viste en Los Pol\u00edticos","@id":"https:\/\/lospoliticosveracruz.com\/#\/schema\/person\/b8702bb0e538456e6efd07080bf2a4a2"},"headline":"Diciembre 2020, el Mes D de Cuic&#8230; \u00bfy de Ahued?","datePublished":"2020-02-22T16:06:57+00:00","mainEntityOfPage":{"@id":"https:\/\/lospoliticosveracruz.com\/?p=52802"},"wordCount":1073,"commentCount":0,"publisher":{"@id":"https:\/\/lospoliticosveracruz.com\/#organization"},"keywords":["Beatriz Guti\u00e9rrez M\u00fcller","Cuitl\u00e1huac Garc\u00eda","feminicidios","M\u00e9xico","Morado","Morena","Paro Nacional","Ricardo Ahued","Ricardo Ch\u00faa","Un D\u00eda sin Mujeres","Veracruz"],"articleSection":["De Opini\u00f3n"],"inLanguage":"es","potentialAction":[{"@type":"CommentAction","name":"Comment","target":["https:\/\/lospoliticosveracruz.com\/?p=52802#respond"]}]},{"@type":"WebPage","@id":"https:\/\/lospoliticosveracruz.com\/?p=52802","url":"https:\/\/lospoliticosveracruz.com\/?p=52802","name":"Diciembre 2020, el Mes D de Cuic... \u00bfy de Ahued? - Los pol\u00edticos Veracruz","isPartOf":{"@id":"https:\/\/lospoliticosveracruz.com\/#website"},"datePublished":"2020-02-22T16:06:57+00:00","breadcrumb":{"@id":"https:\/\/lospoliticosveracruz.com\/?p=52802#breadcrumb"},"inLanguage":"es","potentialAction":[{"@type":"ReadAction","target":["https:\/\/lospoliticosveracruz.com\/?p=52802"]}]},{"@type":"BreadcrumbList","@id":"https:\/\/lospoliticosveracruz.com\/?p=52802#breadcrumb","itemListElement":[{"@type":"ListItem","position":1,"name":"Portada","item":"https:\/\/lospoliticosveracruz.com\/"},{"@type":"ListItem","position":2,"name":"Diciembre 2020, el Mes D de Cuic&#8230; \u00bfy de Ahued?"}]},{"@type":"WebSite","@id":"https:\/\/lospoliticosveracruz.com\/#website","url":"https:\/\/lospoliticosveracruz.com\/","name":"Los pol\u00edticos Veracruz","description":"","publisher":{"@id":"https:\/\/lospoliticosveracruz.com\/#organization"},"potentialAction":[{"@type":"SearchAction","target":{"@type":"EntryPoint","urlTemplate":"https:\/\/lospoliticosveracruz.com\/?s={search_term_string}"},"query-input":{"@type":"PropertyValueSpecification","valueRequired":true,"valueName":"search_term_string"}}],"inLanguage":"es"},{"@type":"Organization","@id":"https:\/\/lospoliticosveracruz.com\/#organization","name":"Los pol\u00edticos Veracruz","url":"https:\/\/lospoliticosveracruz.com\/","logo":{"@type":"ImageObject","inLanguage":"es","@id":"https:\/\/lospoliticosveracruz.com\/#\/schema\/logo\/image\/","url":"https:\/\/lospoliticosveracruz.com\/wp-content\/uploads\/2025\/12\/Logo-Nuevo-LOS-POLITICOS-1.jpg","contentUrl":"https:\/\/lospoliticosveracruz.com\/wp-content\/uploads\/2025\/12\/Logo-Nuevo-LOS-POLITICOS-1.jpg","width":260,"height":70,"caption":"Los pol\u00edticos Veracruz"},"image":{"@id":"https:\/\/lospoliticosveracruz.com\/#\/schema\/logo\/image\/"},"sameAs":["https:\/\/www.facebook.com\/people\/Notimemes-de-los-Polticos\/61565672886568\/","https:\/\/x.com\/LosPoliticosVer"]},{"@type":"Person","@id":"https:\/\/lospoliticosveracruz.com\/#\/schema\/person\/b8702bb0e538456e6efd07080bf2a4a2","name":"Lo viste en Los Pol\u00edticos","image":{"@type":"ImageObject","inLanguage":"es","@id":"https:\/\/secure.gravatar.com\/avatar\/3a8de04a2656d44082be478bd6c086daa447c4651605818287b9532d3d0bd435?s=96&d=mm&r=g","url":"https:\/\/secure.gravatar.com\/avatar\/3a8de04a2656d44082be478bd6c086daa447c4651605818287b9532d3d0bd435?s=96&d=mm&r=g","contentUrl":"https:\/\/secure.gravatar.com\/avatar\/3a8de04a2656d44082be478bd6c086daa447c4651605818287b9532d3d0bd435?s=96&d=mm&r=g","caption":"Lo viste en Los Pol\u00edticos"},"url":"https:\/\/lospoliticosveracruz.com\/?author=2"}]}},"_links":{"self":[{"href":"https:\/\/lospoliticosveracruz.com\/index.php?rest_route=\/wp\/v2\/posts\/52802","targetHints":{"allow":["GET"]}}],"collection":[{"href":"https:\/\/lospoliticosveracruz.com\/index.php?rest_route=\/wp\/v2\/posts"}],"about":[{"href":"https:\/\/lospoliticosveracruz.com\/index.php?rest_route=\/wp\/v2\/types\/post"}],"author":[{"embeddable":true,"href":"https:\/\/lospoliticosveracruz.com\/index.php?rest_route=\/wp\/v2\/users\/2"}],"replies":[{"embeddable":true,"href":"https:\/\/lospoliticosveracruz.com\/index.php?rest_route=%2Fwp%2Fv2%2Fcomments&post=52802"}],"version-history":[{"count":1,"href":"https:\/\/lospoliticosveracruz.com\/index.php?rest_route=\/wp\/v2\/posts\/52802\/revisions"}],"predecessor-version":[{"id":52804,"href":"https:\/\/lospoliticosveracruz.com\/index.php?rest_route=\/wp\/v2\/posts\/52802\/revisions\/52804"}],"wp:attachment":[{"href":"https:\/\/lospoliticosveracruz.com\/index.php?rest_route=%2Fwp%2Fv2%2Fmedia&parent=52802"}],"wp:term":[{"taxonomy":"category","embeddable":true,"href":"https:\/\/lospoliticosveracruz.com\/index.php?rest_route=%2Fwp%2Fv2%2Fcategories&post=52802"},{"taxonomy":"post_tag","embeddable":true,"href":"https:\/\/lospoliticosveracruz.com\/index.php?rest_route=%2Fwp%2Fv2%2Ftags&post=52802"}],"curies":[{"name":"wp","href":"https:\/\/api.w.org\/{rel}","templated":true}]}}