{"id":52826,"date":"2020-02-24T08:57:15","date_gmt":"2020-02-24T14:57:15","guid":{"rendered":"http:\/\/www.lospoliticosveracruz.com.mx\/?p=52826"},"modified":"2020-02-24T08:57:15","modified_gmt":"2020-02-24T14:57:15","slug":"la-crisis-de-cuitlahuac","status":"publish","type":"post","link":"https:\/\/lospoliticosveracruz.com\/?p=52826","title":{"rendered":"La crisis de Cuitl\u00e1huac"},"content":{"rendered":"<p><strong>Ricardo Ch\u00faa<\/strong><\/p>\n<p><em>Sale y Vale<\/em><\/p>\n<p>OJO&#8230;. El peor defecto de un pol\u00edtico es, aparte de la falta del sentido de la realidad y de la ignorancia de la historia, la soberbia&#8230; El que entendi\u00f3, entendi\u00f3&#8230; Y m\u00e1s en estos d\u00edas aciagos para Veracruz&#8230; Sin comentarios..<\/p>\n<p>VERACRUZ, EL PANDEM\u00d3NIUM&#8230; El gobierno estatal de Veracruz puede decir lo que quiera en materia de seguridad de este fin de semana&#8230;La cantidad de elementos polic\u00edacos y delincuentes abatidos estos d\u00edas en los municipios aleda\u00f1os a C\u00f3rdoba, que han sucedido desde los enfrentamientos en Tezonapa hasta ayer domingo por la madrugada, ya no importa&#8230; Algunos dicen que son 4 las v\u00edctimas y las redes sociales manejan la cifra de m\u00e1s de 12 personas fallecidas en estas balaceras&#8230; \u00bfEl n\u00famero importar\u00eda en esta masacre?&#8230;<\/p>\n<p>Desde hace semanas vienen sucediendo casos graves de inseguridad en la zona centro&#8230; Hasta se sospecha del incendio del mercado de C\u00f3rdoba&#8230; Pero el hecho es que, ahora aunque lo niegue, Cuitl\u00e1huac Garc\u00eda, su administraci\u00f3n estatal ya vive su peor crisis de gobernabilidad a 15 meses de haber iniciado su gesti\u00f3n&#8230; El motivo real es por el tema de la inseguridad que no puede resolver su gobierno&#8230; Los detalles poco importan&#8230; Las calles vac\u00edas en C\u00f3rdoba, de ayer domingo, es lo que hace patente este resultado&#8230;<\/p>\n<p>La ingobernabilidad que se vive en el territorio veracruzano y que el gobierno del Estado no tiene la manera de solucionarla&#8230; Es la que resulta de la inseguridad en esta entidad, si bien es cierto ha estado presente desde hace a\u00f1os, pero se hizo que se agravara m\u00e1s, a partir del diciembre del 2018, cuando MORENA toma el control del poder pol\u00edtico de Veracruz&#8230; Y eso no lo puede negar nadie&#8230; Cuitl\u00e1huac es el gobernador con mayor legitimidad y gobenabilidad que ha sido electo en la historia de Veracruz&#8230; Y ya lo perdi\u00f3 en 15 meses&#8230;<\/p>\n<p>El motivo de perder todo lo ganado en 2018&#8230; Se ha repetido hasta el cansancio&#8230; Sin seguridad no habr\u00e1 Cuarta Transformaci\u00f3n en Veracruz&#8230; Los hechos sangrientos de C\u00f3rdoba fue la \u00abgota que les derram\u00f3 el vaso\u00bb&#8230; Los grupos delincuenciales se dieron cuenta, como poner a una ciudad. ubicada a s\u00f3lo 3 horas de la CDMX, en estado de alerta o de \u00abtoque de queda\u00bb&#8230; Enfrentando a los elementos polic\u00edacos sin temor&#8230; Como si fuera un territorio controlado por ellos y sin un Estado de Derecho..<\/p>\n<p>Ahora, sin duda, lo m\u00e1s grave que podr\u00eda venir en los pr\u00f3ximos d\u00edas en las zonas donde tengan influencias esos grupos fuera de la ley&#8230; Ser\u00edan obviamente las REACCIONES a todo lo ocurrido el fin de semana&#8230; No se necesita ser adivino de que este asunto no va a quedar ah\u00ed.. M\u00e1s si pudieron desafiar a la autoridad en una zona tan poblada y comercialmente fuerte como es C\u00f3rdoba&#8230; Qu\u00e9 no podr\u00eda pasar en otras regiones&#8230; Se vienen \u00abd\u00edas oscuros\u00bb para la entidad&#8230; Ojal\u00e1 estemos en un error&#8230;<\/p>\n<p>Para desgracia de los veracruzanos (porque los gobernantes no est\u00e1n expuestos por la seguridad personal con que cuentan, a pesar de ser gobiernos con esas frases \u00abtrilladas\u00bb, de que a ellos los cuida el pueblo)&#8230; Ya Veracruz est\u00e1 inmerso en un \u00abEstado Fallido\u00bb y de BARBARIE&#8230; M\u00e1s cuando el gobierno estatal es rebasado por el crimen y a casi a\u00f1o y medio en el poder&#8230; Lo real y lo que denota la sociedad es que Cuitl\u00e1huac Garc\u00eda va perdiendo la \u00abbatalla\u00bb&#8230; DIOS NOS AMPARE..<\/p>\n<p>EL DEBACLE DE LA 4T.. Sin duda, el tema de la violencia y no tener cuadros en prevenci\u00f3n y procuraci\u00f3n de justicia en Veracruz que sean eficaces&#8230; Est\u00e1 afectando al gobierno de Cuitl\u00e1huac&#8230; Y a pesar de que en el gobierno estatal no hay buenos resultados a 15 meses de su gesti\u00f3n en todas sus \u00e1reas&#8230; El tema de la seguridad es lo que m\u00e1s est\u00e1 \u00abamolando\u00bb a los veracruzanos.. Ni la encargada de la Fiscal\u00eda, Ver\u00f3nica Hern\u00e1ndez, ha sido la soluci\u00f3n que se dijo ser\u00eda cuando destituyeron a Jorge Winckler&#8230;El fraude es el mismo&#8230; S\u00f3lo con otro traje&#8230;<\/p>\n<p>Dentro de esta administraci\u00f3n p\u00fablica, es decir, gobierno, hay puntos si donde te equivocas&#8230; No sales bien librado con la ciudadan\u00eda&#8230; Justicia, seguridad, econom\u00eda y salud.. Esos son los puntos donde m\u00e1s adolece el gobierno de Garc\u00eda Jim\u00e9nez&#8230; Y m\u00e1s si se denota que el Presidente de M\u00e9xico, Andr\u00e9s Manuel L\u00f3pez Obrador tiene como su \u00abpunto de quiebre\u00bb el tema econ\u00f3mico y de seguridad&#8230; Esto en Veracruz, en esos dos puntos, es catastr\u00f3ficamente brutal.. Es incalculable el da\u00f1o hacia el gobierno&#8230;<\/p>\n<p>Esto por la sencilla raz\u00f3n de la inexperiencia que tienen los actuales gobernantes en la administraci\u00f3n p\u00fablica&#8230; Ya que se advierte que el gobierno de Cuitl\u00e1huac, sus funcionarios no tienen armon\u00eda, no tienen equipos de trabajo, est\u00e1n sobre otros \u00abBISNES\u00bb pero nada sobre como resolver estos temas&#8230; Despu\u00e9s de que hace 10 d\u00edas \u00abardi\u00f3\u00bb el municipio de Isla en temas de la violencia.. Todo se le \u00abdesat\u00f3\u00bb al gobierno estatal&#8230; Y la presi\u00f3n social en contra del mandatario estatal no se hizo esperar&#8230;<\/p>\n<p>Por eso este asunto es BRUTAL con una descomposici\u00f3n catastr\u00f3fica&#8230; Y en Veracruz esto le va a repercutir a MORENA en las pr\u00f3ximas elecciones&#8230; Lo cual en este momento ser\u00eda incalculable el da\u00f1o que tendr\u00edan en contra&#8230; La desventaja que tienen adem\u00e1s en la entidad los Morenos&#8230; Es que los partidos de oposici\u00f3n tienen al menos, dos d\u00edgitos en aceptaci\u00f3n ciudadana&#8230; Y eso es lamentable para los simpatizantes de AMLO&#8230; Ya que ni el tema Emilio Lozoya le pag\u00f3 al PRI o PAN en el estado&#8230; Esa es la verdadera crisis del gobierno estatal&#8230;<\/p>\n<p>Ya que si apuesta que los partidos nuevos \u00abpulvericen\u00bb el voto del PRIAN, a nivel nacional qui\u00e9n sabe si se logre, pero al menos en Veracruz no se ve como una opci\u00f3n viable de que se presente as\u00ed&#8230; As\u00ed que el deterioro de la 4T en la entidad, ser\u00e1 suficiente para el debacle que habr\u00e1 en el 2021&#8230; No le va a alcanzar con la figura del Lopez Obrador&#8230; Eso en la elecci\u00f3n local, donde seguramente la federaci\u00f3n no podr\u00e1 echarle la mano al gobierno local&#8230;<\/p>\n<p>Esto debido a que ellos&#8230; Los dirigente nacionales de MORENA tendr\u00e1n que hacer sus propios acuerdos con los actores pol\u00edticos locales&#8230; Para que en la elecci\u00f3n federal, el Presidente no pierda todo lo ganado en 2018&#8230; A pesar de que para ello tengan que pasar por encima de alg\u00fan gobernador&#8230; Y con eso tratar de tener una mayor\u00eda simple para poder cuidar su recta final&#8230; Ya que los que entienden de pol\u00edtica saben que en esto: \u00abestamos en la casa del jabonero\u00bb y es ah\u00ed donde van a tener que ceder todo para ganar&#8230;<\/p>\n<p>Tan s\u00f3lo una muestra del poder\u00edo que tiene L\u00f3pez Obrador en M\u00e9xico y que Cuitl\u00e1huac ni siquiera le puede darle el \u00abvalor agregado\u00bb en Veracruz&#8230; Es que AMLO sent\u00f3 a los 200 hombres m\u00e1s poderosos del pa\u00eds y le \u00abcooperaron\u00bb para una rifa alrededor de 20 millones de pesos cada uno&#8230; Mientras que el gobernador de Veracruz ni siquiera puede sentarse con los empresarios m\u00e1s \u00abricardos\u00bb de la entidad&#8230; Hasta presionan al Presidente para que lo remueven&#8230; Esa es la triste realidad para esa clase pol\u00edtica jarocha&#8230; CONSUMATUM EST&#8230;<\/p>\n","protected":false},"excerpt":{"rendered":"<p>Ricardo Ch\u00faa Sale y Vale OJO&#8230;. El peor defecto de un pol\u00edtico es, aparte de la falta del sentido de la realidad y de la ignorancia de la historia, la soberbia&#8230; El que entendi\u00f3, entendi\u00f3&#8230; Y m\u00e1s en estos d\u00edas aciagos para Veracruz&#8230; Sin comentarios.. VERACRUZ, EL PANDEM\u00d3NIUM&#8230; El gobierno estatal de Veracruz puede decir [&hellip;]<\/p>\n","protected":false},"author":2,"featured_media":0,"comment_status":"open","ping_status":"open","sticky":false,"template":"","format":"standard","meta":{"tdm_status":"","tdm_grid_status":"","footnotes":""},"categories":[70],"tags":[751,1563,1026,13604,195],"class_list":{"0":"post-52826","1":"post","2":"type-post","3":"status-publish","4":"format-standard","6":"category-de-opinion","7":"tag-cordoba","8":"tag-cuitlahuac-garcia-jimenez","9":"tag-morena","10":"tag-ricardo-chua","11":"tag-veracruz"},"yoast_head":"<!-- This site is optimized with the Yoast SEO plugin v27.4 - https:\/\/yoast.com\/product\/yoast-seo-wordpress\/ -->\n<title>La crisis de Cuitl\u00e1huac - Los pol\u00edticos Veracruz<\/title>\n<meta name=\"robots\" content=\"index, follow, max-snippet:-1, max-image-preview:large, max-video-preview:-1\" \/>\n<link rel=\"canonical\" href=\"https:\/\/lospoliticosveracruz.com\/?p=52826\" \/>\n<meta property=\"og:locale\" content=\"es_ES\" \/>\n<meta property=\"og:type\" content=\"article\" \/>\n<meta property=\"og:title\" content=\"La crisis de Cuitl\u00e1huac - Los pol\u00edticos Veracruz\" \/>\n<meta property=\"og:description\" content=\"Ricardo Ch\u00faa Sale y Vale OJO&#8230;. El peor defecto de un pol\u00edtico es, aparte de la falta del sentido de la realidad y de la ignorancia de la historia, la soberbia&#8230; El que entendi\u00f3, entendi\u00f3&#8230; Y m\u00e1s en estos d\u00edas aciagos para Veracruz&#8230; Sin comentarios.. VERACRUZ, EL PANDEM\u00d3NIUM&#8230; El gobierno estatal de Veracruz puede decir [&hellip;]\" \/>\n<meta property=\"og:url\" content=\"https:\/\/lospoliticosveracruz.com\/?p=52826\" \/>\n<meta property=\"og:site_name\" content=\"Los pol\u00edticos Veracruz\" \/>\n<meta property=\"article:publisher\" content=\"https:\/\/www.facebook.com\/people\/Notimemes-de-los-Polticos\/61565672886568\/\" \/>\n<meta property=\"article:published_time\" content=\"2020-02-24T14:57:15+00:00\" \/>\n<meta property=\"og:image\" content=\"https:\/\/lospoliticosveracruz.com\/wp-content\/uploads\/2016\/07\/Logo-Dor.jpg\" \/>\n\t<meta property=\"og:image:width\" content=\"200\" \/>\n\t<meta property=\"og:image:height\" content=\"200\" \/>\n\t<meta property=\"og:image:type\" content=\"image\/jpeg\" \/>\n<meta name=\"author\" content=\"Lo viste en Los Pol\u00edticos\" \/>\n<meta name=\"twitter:card\" content=\"summary_large_image\" \/>\n<meta name=\"twitter:creator\" content=\"@LosPoliticosVer\" \/>\n<meta name=\"twitter:site\" content=\"@LosPoliticosVer\" \/>\n<meta name=\"twitter:label1\" content=\"Escrito por\" \/>\n\t<meta name=\"twitter:data1\" content=\"Lo viste en Los Pol\u00edticos\" \/>\n\t<meta name=\"twitter:label2\" content=\"Tiempo de lectura\" \/>\n\t<meta name=\"twitter:data2\" content=\"6 minutos\" \/>\n<script type=\"application\/ld+json\" class=\"yoast-schema-graph\">{\"@context\":\"https:\\\/\\\/schema.org\",\"@graph\":[{\"@type\":\"Article\",\"@id\":\"https:\\\/\\\/lospoliticosveracruz.com\\\/?p=52826#article\",\"isPartOf\":{\"@id\":\"https:\\\/\\\/lospoliticosveracruz.com\\\/?p=52826\"},\"author\":{\"name\":\"Lo viste en Los Pol\u00edticos\",\"@id\":\"https:\\\/\\\/lospoliticosveracruz.com\\\/#\\\/schema\\\/person\\\/b8702bb0e538456e6efd07080bf2a4a2\"},\"headline\":\"La crisis de Cuitl\u00e1huac\",\"datePublished\":\"2020-02-24T14:57:15+00:00\",\"mainEntityOfPage\":{\"@id\":\"https:\\\/\\\/lospoliticosveracruz.com\\\/?p=52826\"},\"wordCount\":1292,\"commentCount\":0,\"publisher\":{\"@id\":\"https:\\\/\\\/lospoliticosveracruz.com\\\/#organization\"},\"keywords\":[\"C\u00f3rdoba\",\"Cuitl\u00e1huac Garc\u00eda Jim\u00e9nez\",\"Morena\",\"Ricardo Ch\u00faa\",\"Veracruz\"],\"articleSection\":[\"De Opini\u00f3n\"],\"inLanguage\":\"es\",\"potentialAction\":[{\"@type\":\"CommentAction\",\"name\":\"Comment\",\"target\":[\"https:\\\/\\\/lospoliticosveracruz.com\\\/?p=52826#respond\"]}]},{\"@type\":\"WebPage\",\"@id\":\"https:\\\/\\\/lospoliticosveracruz.com\\\/?p=52826\",\"url\":\"https:\\\/\\\/lospoliticosveracruz.com\\\/?p=52826\",\"name\":\"La crisis de Cuitl\u00e1huac - Los pol\u00edticos Veracruz\",\"isPartOf\":{\"@id\":\"https:\\\/\\\/lospoliticosveracruz.com\\\/#website\"},\"datePublished\":\"2020-02-24T14:57:15+00:00\",\"breadcrumb\":{\"@id\":\"https:\\\/\\\/lospoliticosveracruz.com\\\/?p=52826#breadcrumb\"},\"inLanguage\":\"es\",\"potentialAction\":[{\"@type\":\"ReadAction\",\"target\":[\"https:\\\/\\\/lospoliticosveracruz.com\\\/?p=52826\"]}]},{\"@type\":\"BreadcrumbList\",\"@id\":\"https:\\\/\\\/lospoliticosveracruz.com\\\/?p=52826#breadcrumb\",\"itemListElement\":[{\"@type\":\"ListItem\",\"position\":1,\"name\":\"Portada\",\"item\":\"https:\\\/\\\/lospoliticosveracruz.com\\\/\"},{\"@type\":\"ListItem\",\"position\":2,\"name\":\"La crisis de Cuitl\u00e1huac\"}]},{\"@type\":\"WebSite\",\"@id\":\"https:\\\/\\\/lospoliticosveracruz.com\\\/#website\",\"url\":\"https:\\\/\\\/lospoliticosveracruz.com\\\/\",\"name\":\"Los pol\u00edticos Veracruz\",\"description\":\"\",\"publisher\":{\"@id\":\"https:\\\/\\\/lospoliticosveracruz.com\\\/#organization\"},\"potentialAction\":[{\"@type\":\"SearchAction\",\"target\":{\"@type\":\"EntryPoint\",\"urlTemplate\":\"https:\\\/\\\/lospoliticosveracruz.com\\\/?s={search_term_string}\"},\"query-input\":{\"@type\":\"PropertyValueSpecification\",\"valueRequired\":true,\"valueName\":\"search_term_string\"}}],\"inLanguage\":\"es\"},{\"@type\":\"Organization\",\"@id\":\"https:\\\/\\\/lospoliticosveracruz.com\\\/#organization\",\"name\":\"Los pol\u00edticos Veracruz\",\"url\":\"https:\\\/\\\/lospoliticosveracruz.com\\\/\",\"logo\":{\"@type\":\"ImageObject\",\"inLanguage\":\"es\",\"@id\":\"https:\\\/\\\/lospoliticosveracruz.com\\\/#\\\/schema\\\/logo\\\/image\\\/\",\"url\":\"https:\\\/\\\/lospoliticosveracruz.com\\\/wp-content\\\/uploads\\\/2025\\\/12\\\/Logo-Nuevo-LOS-POLITICOS-1.jpg\",\"contentUrl\":\"https:\\\/\\\/lospoliticosveracruz.com\\\/wp-content\\\/uploads\\\/2025\\\/12\\\/Logo-Nuevo-LOS-POLITICOS-1.jpg\",\"width\":260,\"height\":70,\"caption\":\"Los pol\u00edticos Veracruz\"},\"image\":{\"@id\":\"https:\\\/\\\/lospoliticosveracruz.com\\\/#\\\/schema\\\/logo\\\/image\\\/\"},\"sameAs\":[\"https:\\\/\\\/www.facebook.com\\\/people\\\/Notimemes-de-los-Polticos\\\/61565672886568\\\/\",\"https:\\\/\\\/x.com\\\/LosPoliticosVer\"]},{\"@type\":\"Person\",\"@id\":\"https:\\\/\\\/lospoliticosveracruz.com\\\/#\\\/schema\\\/person\\\/b8702bb0e538456e6efd07080bf2a4a2\",\"name\":\"Lo viste en Los Pol\u00edticos\",\"image\":{\"@type\":\"ImageObject\",\"inLanguage\":\"es\",\"@id\":\"https:\\\/\\\/secure.gravatar.com\\\/avatar\\\/3a8de04a2656d44082be478bd6c086daa447c4651605818287b9532d3d0bd435?s=96&d=mm&r=g\",\"url\":\"https:\\\/\\\/secure.gravatar.com\\\/avatar\\\/3a8de04a2656d44082be478bd6c086daa447c4651605818287b9532d3d0bd435?s=96&d=mm&r=g\",\"contentUrl\":\"https:\\\/\\\/secure.gravatar.com\\\/avatar\\\/3a8de04a2656d44082be478bd6c086daa447c4651605818287b9532d3d0bd435?s=96&d=mm&r=g\",\"caption\":\"Lo viste en Los Pol\u00edticos\"},\"url\":\"https:\\\/\\\/lospoliticosveracruz.com\\\/?author=2\"}]}<\/script>\n<!-- \/ Yoast SEO plugin. -->","yoast_head_json":{"title":"La crisis de Cuitl\u00e1huac - Los pol\u00edticos Veracruz","robots":{"index":"index","follow":"follow","max-snippet":"max-snippet:-1","max-image-preview":"max-image-preview:large","max-video-preview":"max-video-preview:-1"},"canonical":"https:\/\/lospoliticosveracruz.com\/?p=52826","og_locale":"es_ES","og_type":"article","og_title":"La crisis de Cuitl\u00e1huac - Los pol\u00edticos Veracruz","og_description":"Ricardo Ch\u00faa Sale y Vale OJO&#8230;. El peor defecto de un pol\u00edtico es, aparte de la falta del sentido de la realidad y de la ignorancia de la historia, la soberbia&#8230; El que entendi\u00f3, entendi\u00f3&#8230; Y m\u00e1s en estos d\u00edas aciagos para Veracruz&#8230; Sin comentarios.. VERACRUZ, EL PANDEM\u00d3NIUM&#8230; El gobierno estatal de Veracruz puede decir [&hellip;]","og_url":"https:\/\/lospoliticosveracruz.com\/?p=52826","og_site_name":"Los pol\u00edticos Veracruz","article_publisher":"https:\/\/www.facebook.com\/people\/Notimemes-de-los-Polticos\/61565672886568\/","article_published_time":"2020-02-24T14:57:15+00:00","og_image":[{"width":200,"height":200,"url":"https:\/\/lospoliticosveracruz.com\/wp-content\/uploads\/2016\/07\/Logo-Dor.jpg","type":"image\/jpeg"}],"author":"Lo viste en Los Pol\u00edticos","twitter_card":"summary_large_image","twitter_creator":"@LosPoliticosVer","twitter_site":"@LosPoliticosVer","twitter_misc":{"Escrito por":"Lo viste en Los Pol\u00edticos","Tiempo de lectura":"6 minutos"},"schema":{"@context":"https:\/\/schema.org","@graph":[{"@type":"Article","@id":"https:\/\/lospoliticosveracruz.com\/?p=52826#article","isPartOf":{"@id":"https:\/\/lospoliticosveracruz.com\/?p=52826"},"author":{"name":"Lo viste en Los Pol\u00edticos","@id":"https:\/\/lospoliticosveracruz.com\/#\/schema\/person\/b8702bb0e538456e6efd07080bf2a4a2"},"headline":"La crisis de Cuitl\u00e1huac","datePublished":"2020-02-24T14:57:15+00:00","mainEntityOfPage":{"@id":"https:\/\/lospoliticosveracruz.com\/?p=52826"},"wordCount":1292,"commentCount":0,"publisher":{"@id":"https:\/\/lospoliticosveracruz.com\/#organization"},"keywords":["C\u00f3rdoba","Cuitl\u00e1huac Garc\u00eda Jim\u00e9nez","Morena","Ricardo Ch\u00faa","Veracruz"],"articleSection":["De Opini\u00f3n"],"inLanguage":"es","potentialAction":[{"@type":"CommentAction","name":"Comment","target":["https:\/\/lospoliticosveracruz.com\/?p=52826#respond"]}]},{"@type":"WebPage","@id":"https:\/\/lospoliticosveracruz.com\/?p=52826","url":"https:\/\/lospoliticosveracruz.com\/?p=52826","name":"La crisis de Cuitl\u00e1huac - Los pol\u00edticos Veracruz","isPartOf":{"@id":"https:\/\/lospoliticosveracruz.com\/#website"},"datePublished":"2020-02-24T14:57:15+00:00","breadcrumb":{"@id":"https:\/\/lospoliticosveracruz.com\/?p=52826#breadcrumb"},"inLanguage":"es","potentialAction":[{"@type":"ReadAction","target":["https:\/\/lospoliticosveracruz.com\/?p=52826"]}]},{"@type":"BreadcrumbList","@id":"https:\/\/lospoliticosveracruz.com\/?p=52826#breadcrumb","itemListElement":[{"@type":"ListItem","position":1,"name":"Portada","item":"https:\/\/lospoliticosveracruz.com\/"},{"@type":"ListItem","position":2,"name":"La crisis de Cuitl\u00e1huac"}]},{"@type":"WebSite","@id":"https:\/\/lospoliticosveracruz.com\/#website","url":"https:\/\/lospoliticosveracruz.com\/","name":"Los pol\u00edticos Veracruz","description":"","publisher":{"@id":"https:\/\/lospoliticosveracruz.com\/#organization"},"potentialAction":[{"@type":"SearchAction","target":{"@type":"EntryPoint","urlTemplate":"https:\/\/lospoliticosveracruz.com\/?s={search_term_string}"},"query-input":{"@type":"PropertyValueSpecification","valueRequired":true,"valueName":"search_term_string"}}],"inLanguage":"es"},{"@type":"Organization","@id":"https:\/\/lospoliticosveracruz.com\/#organization","name":"Los pol\u00edticos Veracruz","url":"https:\/\/lospoliticosveracruz.com\/","logo":{"@type":"ImageObject","inLanguage":"es","@id":"https:\/\/lospoliticosveracruz.com\/#\/schema\/logo\/image\/","url":"https:\/\/lospoliticosveracruz.com\/wp-content\/uploads\/2025\/12\/Logo-Nuevo-LOS-POLITICOS-1.jpg","contentUrl":"https:\/\/lospoliticosveracruz.com\/wp-content\/uploads\/2025\/12\/Logo-Nuevo-LOS-POLITICOS-1.jpg","width":260,"height":70,"caption":"Los pol\u00edticos Veracruz"},"image":{"@id":"https:\/\/lospoliticosveracruz.com\/#\/schema\/logo\/image\/"},"sameAs":["https:\/\/www.facebook.com\/people\/Notimemes-de-los-Polticos\/61565672886568\/","https:\/\/x.com\/LosPoliticosVer"]},{"@type":"Person","@id":"https:\/\/lospoliticosveracruz.com\/#\/schema\/person\/b8702bb0e538456e6efd07080bf2a4a2","name":"Lo viste en Los Pol\u00edticos","image":{"@type":"ImageObject","inLanguage":"es","@id":"https:\/\/secure.gravatar.com\/avatar\/3a8de04a2656d44082be478bd6c086daa447c4651605818287b9532d3d0bd435?s=96&d=mm&r=g","url":"https:\/\/secure.gravatar.com\/avatar\/3a8de04a2656d44082be478bd6c086daa447c4651605818287b9532d3d0bd435?s=96&d=mm&r=g","contentUrl":"https:\/\/secure.gravatar.com\/avatar\/3a8de04a2656d44082be478bd6c086daa447c4651605818287b9532d3d0bd435?s=96&d=mm&r=g","caption":"Lo viste en Los Pol\u00edticos"},"url":"https:\/\/lospoliticosveracruz.com\/?author=2"}]}},"_links":{"self":[{"href":"https:\/\/lospoliticosveracruz.com\/index.php?rest_route=\/wp\/v2\/posts\/52826","targetHints":{"allow":["GET"]}}],"collection":[{"href":"https:\/\/lospoliticosveracruz.com\/index.php?rest_route=\/wp\/v2\/posts"}],"about":[{"href":"https:\/\/lospoliticosveracruz.com\/index.php?rest_route=\/wp\/v2\/types\/post"}],"author":[{"embeddable":true,"href":"https:\/\/lospoliticosveracruz.com\/index.php?rest_route=\/wp\/v2\/users\/2"}],"replies":[{"embeddable":true,"href":"https:\/\/lospoliticosveracruz.com\/index.php?rest_route=%2Fwp%2Fv2%2Fcomments&post=52826"}],"version-history":[{"count":1,"href":"https:\/\/lospoliticosveracruz.com\/index.php?rest_route=\/wp\/v2\/posts\/52826\/revisions"}],"predecessor-version":[{"id":52828,"href":"https:\/\/lospoliticosveracruz.com\/index.php?rest_route=\/wp\/v2\/posts\/52826\/revisions\/52828"}],"wp:attachment":[{"href":"https:\/\/lospoliticosveracruz.com\/index.php?rest_route=%2Fwp%2Fv2%2Fmedia&parent=52826"}],"wp:term":[{"taxonomy":"category","embeddable":true,"href":"https:\/\/lospoliticosveracruz.com\/index.php?rest_route=%2Fwp%2Fv2%2Fcategories&post=52826"},{"taxonomy":"post_tag","embeddable":true,"href":"https:\/\/lospoliticosveracruz.com\/index.php?rest_route=%2Fwp%2Fv2%2Ftags&post=52826"}],"curies":[{"name":"wp","href":"https:\/\/api.w.org\/{rel}","templated":true}]}}