{"id":52899,"date":"2020-02-26T20:17:32","date_gmt":"2020-02-27T02:17:32","guid":{"rendered":"http:\/\/www.lospoliticosveracruz.com.mx\/?p=52899"},"modified":"2020-02-26T20:17:32","modified_gmt":"2020-02-27T02:17:32","slug":"chaleco-o-faja","status":"publish","type":"post","link":"https:\/\/lospoliticosveracruz.com\/?p=52899","title":{"rendered":"Chaleco o faja"},"content":{"rendered":"<p><strong>Salvador Mu\u00f1oz<\/strong><\/p>\n<p><em>Los Pol\u00edticos<\/em><\/p>\n<p><span style=\"font-weight: 400;\">No recuerdo haber percibido en un presidente o gobernador ni alcalde, el uso de un chaleco antibalas hasta hace unos d\u00edas que circularon por las redes, dos fotos del presidente Andr\u00e9s Manuel L\u00f3pez Obrador y su apretado atuendo que hac\u00edan ver deforme el traje que portaba el D\u00eda de la Bandera en el z\u00f3calo de la Ciudad de M\u00e9xico.<\/span><\/p>\n<p><span style=\"font-weight: 400;\">A ojo de buen cubero, podr\u00edamos tomar en cuenta dos cosas: O trae mal puesto el chaleco antibalas; o trae realmente una faja.<\/span><\/p>\n<p><span style=\"font-weight: 400;\">No nos quedamos con la duda y preguntamos a gente que sabe del uso de estos aditamentos de protecci\u00f3n y la respuesta me sorprendi\u00f3: Sin asegurar, porque s\u00f3lo hay dos fotos, hubo quienes consideran que podr\u00eda tratarse de un chaleco antibalas as\u00ed como de protecci\u00f3n contra arma blanca\u2026 se trata del Chaleco Antibalas Interior Nidec Modelo Dutyguard Nivel NIJ IIIA Anticuchillo y Punz\u00f3n, que de acuerdo a su forma, se acerca m\u00e1s a la figura que se ve en las fotos de AMLO.<\/span><\/p>\n<p><span style=\"font-weight: 400;\">Tambi\u00e9n hubo quienes consideraron que pudiera tratarse de una faja para corregir postura aunque ah\u00ed s\u00ed puse un \u201cpero\u201d, porque uso dos, y en nada se acercan a algo parecido a lo que trae puesto el Presidente. Sin embargo, dando el beneficio de la duda, supongamos que se trata de una especie de faja, pero \u00bfa qui\u00e9n se le ocurre romperle la figura al Presidente con ese aditamento\u2026 o con el otro?<\/span><\/p>\n<p><span style=\"font-weight: 400;\">Ahora, en cualquiera de los dos supuestos, algo est\u00e1 mal en el Presidente:<\/span><\/p>\n<p><span style=\"font-weight: 400;\">Por un lado, se estar\u00eda hablando de dos opciones en este apartado: o se tiene informaci\u00f3n de que su persona corre riesgo en espacios abiertos; o simplemente el Presidente teme que el Pueblo Malo lo ataque sin que el Pueblo Bueno sea capaz de defenderlo.<\/span><\/p>\n<p><span style=\"font-weight: 400;\">En el otro supuesto, simplemente se estar\u00eda pensando en que sufre de contracturas L\u00f3pez Obrador y bien le valdr\u00eda un fin de semana en las aguas termales de Carrizal, ac\u00e1 en Veracruz.<\/span><\/p>\n<p><span style=\"font-weight: 400;\">\u00a1Ojo! Extremar las precauciones por parte del Presidente no debe verse como extra\u00f1eza\u2026 \u00a1vamos! las condiciones en el pa\u00eds no est\u00e1n como para andar por las calles de M\u00e9xico como si nada y m\u00e1s si eres el Primer Mandatario de un pa\u00eds donde germina la divisi\u00f3n, el rencor, el enfado; donde los homicidios y feminicidios son el pan nuestro de cada d\u00eda; donde los atentados con roces de terrorismo se dan con la misma facilidad con que uno arroja basura en la calle\u2026 o en las ma\u00f1aneras\u2026 donde el crimen organizado puede poner en jaque a una ciudad porque le detuvieron a su Jefe de Plaza (remember Ovidio Guzm\u00e1n y el ejemplo a seguir)&#8230; en lo particular, si AMLO usa un chaleco antibalas y contra arma blanca, \u00a1qu\u00e9 bueno!<\/span><\/p>\n<p><span style=\"font-weight: 400;\">Ahora que si me preguntan, igual, de manera personal, creo que luce mal la figura presidencial con algo bajo la camisa, sea chaleco o faja.<\/span><\/p>\n<p><span style=\"font-weight: 400;\">O bien, si se trata de un Chaleco, pudiera usar otros m\u00e1s ad hoc a su ideolog\u00eda, como el Chaleco Moral de Fidel Castro (\u201cque me ha protegido siempre\u201d) o el cl\u00e1sico mexicano, como \u201cLas Mangas del Chaleco\u201d (con tal de salir en esa c\u00e1psula)&#8230; aunque a como va, todo pudiera indicar que en una de \u00e9sas, el mejor chaleco que le quede sea uno de fuerza\u2026<\/span><\/p>\n<p>&nbsp;<\/p>\n<p><span style=\"font-weight: 400;\">smcainito@gmail.com<\/span><\/p>\n<p>&nbsp;<\/p>\n","protected":false},"excerpt":{"rendered":"<p>Salvador Mu\u00f1oz Los Pol\u00edticos No recuerdo haber percibido en un presidente o gobernador ni alcalde, el uso de un chaleco antibalas hasta hace unos d\u00edas que circularon por las redes, dos fotos del presidente Andr\u00e9s Manuel L\u00f3pez Obrador y su apretado atuendo que hac\u00edan ver deforme el traje que portaba el D\u00eda de la Bandera [&hellip;]<\/p>\n","protected":false},"author":2,"featured_media":0,"comment_status":"open","ping_status":"open","sticky":false,"template":"","format":"standard","meta":{"tdm_status":"","tdm_grid_status":"","footnotes":""},"categories":[70],"tags":[618,16653,16654,797,2646],"class_list":{"0":"post-52899","1":"post","2":"type-post","3":"status-publish","4":"format-standard","6":"category-de-opinion","7":"tag-andres-manuel-lopez-obrador","8":"tag-chaleco-antibalas","9":"tag-faja","10":"tag-presidente","11":"tag-salvador-munoz"},"yoast_head":"<!-- This site is optimized with the Yoast SEO plugin v27.4 - https:\/\/yoast.com\/product\/yoast-seo-wordpress\/ -->\n<title>Chaleco o faja - Los pol\u00edticos Veracruz<\/title>\n<meta name=\"robots\" content=\"index, follow, max-snippet:-1, max-image-preview:large, max-video-preview:-1\" \/>\n<link rel=\"canonical\" href=\"https:\/\/lospoliticosveracruz.com\/?p=52899\" \/>\n<meta property=\"og:locale\" content=\"es_ES\" \/>\n<meta property=\"og:type\" content=\"article\" \/>\n<meta property=\"og:title\" content=\"Chaleco o faja - Los pol\u00edticos Veracruz\" \/>\n<meta property=\"og:description\" content=\"Salvador Mu\u00f1oz Los Pol\u00edticos No recuerdo haber percibido en un presidente o gobernador ni alcalde, el uso de un chaleco antibalas hasta hace unos d\u00edas que circularon por las redes, dos fotos del presidente Andr\u00e9s Manuel L\u00f3pez Obrador y su apretado atuendo que hac\u00edan ver deforme el traje que portaba el D\u00eda de la Bandera [&hellip;]\" \/>\n<meta property=\"og:url\" content=\"https:\/\/lospoliticosveracruz.com\/?p=52899\" \/>\n<meta property=\"og:site_name\" content=\"Los pol\u00edticos Veracruz\" \/>\n<meta property=\"article:publisher\" content=\"https:\/\/www.facebook.com\/people\/Notimemes-de-los-Polticos\/61565672886568\/\" \/>\n<meta property=\"article:published_time\" content=\"2020-02-27T02:17:32+00:00\" \/>\n<meta property=\"og:image\" content=\"https:\/\/lospoliticosveracruz.com\/wp-content\/uploads\/2016\/07\/Logo-Dor.jpg\" \/>\n\t<meta property=\"og:image:width\" content=\"200\" \/>\n\t<meta property=\"og:image:height\" content=\"200\" \/>\n\t<meta property=\"og:image:type\" content=\"image\/jpeg\" \/>\n<meta name=\"author\" content=\"Lo viste en Los Pol\u00edticos\" \/>\n<meta name=\"twitter:card\" content=\"summary_large_image\" \/>\n<meta name=\"twitter:creator\" content=\"@LosPoliticosVer\" \/>\n<meta name=\"twitter:site\" content=\"@LosPoliticosVer\" \/>\n<meta name=\"twitter:label1\" content=\"Escrito por\" \/>\n\t<meta name=\"twitter:data1\" content=\"Lo viste en Los Pol\u00edticos\" \/>\n\t<meta name=\"twitter:label2\" content=\"Tiempo de lectura\" \/>\n\t<meta name=\"twitter:data2\" content=\"3 minutos\" \/>\n<script type=\"application\/ld+json\" class=\"yoast-schema-graph\">{\"@context\":\"https:\\\/\\\/schema.org\",\"@graph\":[{\"@type\":\"Article\",\"@id\":\"https:\\\/\\\/lospoliticosveracruz.com\\\/?p=52899#article\",\"isPartOf\":{\"@id\":\"https:\\\/\\\/lospoliticosveracruz.com\\\/?p=52899\"},\"author\":{\"name\":\"Lo viste en Los Pol\u00edticos\",\"@id\":\"https:\\\/\\\/lospoliticosveracruz.com\\\/#\\\/schema\\\/person\\\/b8702bb0e538456e6efd07080bf2a4a2\"},\"headline\":\"Chaleco o faja\",\"datePublished\":\"2020-02-27T02:17:32+00:00\",\"mainEntityOfPage\":{\"@id\":\"https:\\\/\\\/lospoliticosveracruz.com\\\/?p=52899\"},\"wordCount\":597,\"commentCount\":0,\"publisher\":{\"@id\":\"https:\\\/\\\/lospoliticosveracruz.com\\\/#organization\"},\"keywords\":[\"Andr\u00e9s Manuel L\u00f3pez Obrador\",\"chaleco antibalas\",\"faja\",\"Presidente\",\"Salvador Mu\u00f1oz\"],\"articleSection\":[\"De Opini\u00f3n\"],\"inLanguage\":\"es\",\"potentialAction\":[{\"@type\":\"CommentAction\",\"name\":\"Comment\",\"target\":[\"https:\\\/\\\/lospoliticosveracruz.com\\\/?p=52899#respond\"]}]},{\"@type\":\"WebPage\",\"@id\":\"https:\\\/\\\/lospoliticosveracruz.com\\\/?p=52899\",\"url\":\"https:\\\/\\\/lospoliticosveracruz.com\\\/?p=52899\",\"name\":\"Chaleco o faja - Los pol\u00edticos Veracruz\",\"isPartOf\":{\"@id\":\"https:\\\/\\\/lospoliticosveracruz.com\\\/#website\"},\"datePublished\":\"2020-02-27T02:17:32+00:00\",\"breadcrumb\":{\"@id\":\"https:\\\/\\\/lospoliticosveracruz.com\\\/?p=52899#breadcrumb\"},\"inLanguage\":\"es\",\"potentialAction\":[{\"@type\":\"ReadAction\",\"target\":[\"https:\\\/\\\/lospoliticosveracruz.com\\\/?p=52899\"]}]},{\"@type\":\"BreadcrumbList\",\"@id\":\"https:\\\/\\\/lospoliticosveracruz.com\\\/?p=52899#breadcrumb\",\"itemListElement\":[{\"@type\":\"ListItem\",\"position\":1,\"name\":\"Portada\",\"item\":\"https:\\\/\\\/lospoliticosveracruz.com\\\/\"},{\"@type\":\"ListItem\",\"position\":2,\"name\":\"Chaleco o faja\"}]},{\"@type\":\"WebSite\",\"@id\":\"https:\\\/\\\/lospoliticosveracruz.com\\\/#website\",\"url\":\"https:\\\/\\\/lospoliticosveracruz.com\\\/\",\"name\":\"Los pol\u00edticos Veracruz\",\"description\":\"\",\"publisher\":{\"@id\":\"https:\\\/\\\/lospoliticosveracruz.com\\\/#organization\"},\"potentialAction\":[{\"@type\":\"SearchAction\",\"target\":{\"@type\":\"EntryPoint\",\"urlTemplate\":\"https:\\\/\\\/lospoliticosveracruz.com\\\/?s={search_term_string}\"},\"query-input\":{\"@type\":\"PropertyValueSpecification\",\"valueRequired\":true,\"valueName\":\"search_term_string\"}}],\"inLanguage\":\"es\"},{\"@type\":\"Organization\",\"@id\":\"https:\\\/\\\/lospoliticosveracruz.com\\\/#organization\",\"name\":\"Los pol\u00edticos Veracruz\",\"url\":\"https:\\\/\\\/lospoliticosveracruz.com\\\/\",\"logo\":{\"@type\":\"ImageObject\",\"inLanguage\":\"es\",\"@id\":\"https:\\\/\\\/lospoliticosveracruz.com\\\/#\\\/schema\\\/logo\\\/image\\\/\",\"url\":\"https:\\\/\\\/lospoliticosveracruz.com\\\/wp-content\\\/uploads\\\/2025\\\/12\\\/Logo-Nuevo-LOS-POLITICOS-1.jpg\",\"contentUrl\":\"https:\\\/\\\/lospoliticosveracruz.com\\\/wp-content\\\/uploads\\\/2025\\\/12\\\/Logo-Nuevo-LOS-POLITICOS-1.jpg\",\"width\":260,\"height\":70,\"caption\":\"Los pol\u00edticos Veracruz\"},\"image\":{\"@id\":\"https:\\\/\\\/lospoliticosveracruz.com\\\/#\\\/schema\\\/logo\\\/image\\\/\"},\"sameAs\":[\"https:\\\/\\\/www.facebook.com\\\/people\\\/Notimemes-de-los-Polticos\\\/61565672886568\\\/\",\"https:\\\/\\\/x.com\\\/LosPoliticosVer\"]},{\"@type\":\"Person\",\"@id\":\"https:\\\/\\\/lospoliticosveracruz.com\\\/#\\\/schema\\\/person\\\/b8702bb0e538456e6efd07080bf2a4a2\",\"name\":\"Lo viste en Los Pol\u00edticos\",\"image\":{\"@type\":\"ImageObject\",\"inLanguage\":\"es\",\"@id\":\"https:\\\/\\\/secure.gravatar.com\\\/avatar\\\/3a8de04a2656d44082be478bd6c086daa447c4651605818287b9532d3d0bd435?s=96&d=mm&r=g\",\"url\":\"https:\\\/\\\/secure.gravatar.com\\\/avatar\\\/3a8de04a2656d44082be478bd6c086daa447c4651605818287b9532d3d0bd435?s=96&d=mm&r=g\",\"contentUrl\":\"https:\\\/\\\/secure.gravatar.com\\\/avatar\\\/3a8de04a2656d44082be478bd6c086daa447c4651605818287b9532d3d0bd435?s=96&d=mm&r=g\",\"caption\":\"Lo viste en Los Pol\u00edticos\"},\"url\":\"https:\\\/\\\/lospoliticosveracruz.com\\\/?author=2\"}]}<\/script>\n<!-- \/ Yoast SEO plugin. -->","yoast_head_json":{"title":"Chaleco o faja - Los pol\u00edticos Veracruz","robots":{"index":"index","follow":"follow","max-snippet":"max-snippet:-1","max-image-preview":"max-image-preview:large","max-video-preview":"max-video-preview:-1"},"canonical":"https:\/\/lospoliticosveracruz.com\/?p=52899","og_locale":"es_ES","og_type":"article","og_title":"Chaleco o faja - Los pol\u00edticos Veracruz","og_description":"Salvador Mu\u00f1oz Los Pol\u00edticos No recuerdo haber percibido en un presidente o gobernador ni alcalde, el uso de un chaleco antibalas hasta hace unos d\u00edas que circularon por las redes, dos fotos del presidente Andr\u00e9s Manuel L\u00f3pez Obrador y su apretado atuendo que hac\u00edan ver deforme el traje que portaba el D\u00eda de la Bandera [&hellip;]","og_url":"https:\/\/lospoliticosveracruz.com\/?p=52899","og_site_name":"Los pol\u00edticos Veracruz","article_publisher":"https:\/\/www.facebook.com\/people\/Notimemes-de-los-Polticos\/61565672886568\/","article_published_time":"2020-02-27T02:17:32+00:00","og_image":[{"width":200,"height":200,"url":"https:\/\/lospoliticosveracruz.com\/wp-content\/uploads\/2016\/07\/Logo-Dor.jpg","type":"image\/jpeg"}],"author":"Lo viste en Los Pol\u00edticos","twitter_card":"summary_large_image","twitter_creator":"@LosPoliticosVer","twitter_site":"@LosPoliticosVer","twitter_misc":{"Escrito por":"Lo viste en Los Pol\u00edticos","Tiempo de lectura":"3 minutos"},"schema":{"@context":"https:\/\/schema.org","@graph":[{"@type":"Article","@id":"https:\/\/lospoliticosveracruz.com\/?p=52899#article","isPartOf":{"@id":"https:\/\/lospoliticosveracruz.com\/?p=52899"},"author":{"name":"Lo viste en Los Pol\u00edticos","@id":"https:\/\/lospoliticosveracruz.com\/#\/schema\/person\/b8702bb0e538456e6efd07080bf2a4a2"},"headline":"Chaleco o faja","datePublished":"2020-02-27T02:17:32+00:00","mainEntityOfPage":{"@id":"https:\/\/lospoliticosveracruz.com\/?p=52899"},"wordCount":597,"commentCount":0,"publisher":{"@id":"https:\/\/lospoliticosveracruz.com\/#organization"},"keywords":["Andr\u00e9s Manuel L\u00f3pez Obrador","chaleco antibalas","faja","Presidente","Salvador Mu\u00f1oz"],"articleSection":["De Opini\u00f3n"],"inLanguage":"es","potentialAction":[{"@type":"CommentAction","name":"Comment","target":["https:\/\/lospoliticosveracruz.com\/?p=52899#respond"]}]},{"@type":"WebPage","@id":"https:\/\/lospoliticosveracruz.com\/?p=52899","url":"https:\/\/lospoliticosveracruz.com\/?p=52899","name":"Chaleco o faja - Los pol\u00edticos Veracruz","isPartOf":{"@id":"https:\/\/lospoliticosveracruz.com\/#website"},"datePublished":"2020-02-27T02:17:32+00:00","breadcrumb":{"@id":"https:\/\/lospoliticosveracruz.com\/?p=52899#breadcrumb"},"inLanguage":"es","potentialAction":[{"@type":"ReadAction","target":["https:\/\/lospoliticosveracruz.com\/?p=52899"]}]},{"@type":"BreadcrumbList","@id":"https:\/\/lospoliticosveracruz.com\/?p=52899#breadcrumb","itemListElement":[{"@type":"ListItem","position":1,"name":"Portada","item":"https:\/\/lospoliticosveracruz.com\/"},{"@type":"ListItem","position":2,"name":"Chaleco o faja"}]},{"@type":"WebSite","@id":"https:\/\/lospoliticosveracruz.com\/#website","url":"https:\/\/lospoliticosveracruz.com\/","name":"Los pol\u00edticos Veracruz","description":"","publisher":{"@id":"https:\/\/lospoliticosveracruz.com\/#organization"},"potentialAction":[{"@type":"SearchAction","target":{"@type":"EntryPoint","urlTemplate":"https:\/\/lospoliticosveracruz.com\/?s={search_term_string}"},"query-input":{"@type":"PropertyValueSpecification","valueRequired":true,"valueName":"search_term_string"}}],"inLanguage":"es"},{"@type":"Organization","@id":"https:\/\/lospoliticosveracruz.com\/#organization","name":"Los pol\u00edticos Veracruz","url":"https:\/\/lospoliticosveracruz.com\/","logo":{"@type":"ImageObject","inLanguage":"es","@id":"https:\/\/lospoliticosveracruz.com\/#\/schema\/logo\/image\/","url":"https:\/\/lospoliticosveracruz.com\/wp-content\/uploads\/2025\/12\/Logo-Nuevo-LOS-POLITICOS-1.jpg","contentUrl":"https:\/\/lospoliticosveracruz.com\/wp-content\/uploads\/2025\/12\/Logo-Nuevo-LOS-POLITICOS-1.jpg","width":260,"height":70,"caption":"Los pol\u00edticos Veracruz"},"image":{"@id":"https:\/\/lospoliticosveracruz.com\/#\/schema\/logo\/image\/"},"sameAs":["https:\/\/www.facebook.com\/people\/Notimemes-de-los-Polticos\/61565672886568\/","https:\/\/x.com\/LosPoliticosVer"]},{"@type":"Person","@id":"https:\/\/lospoliticosveracruz.com\/#\/schema\/person\/b8702bb0e538456e6efd07080bf2a4a2","name":"Lo viste en Los Pol\u00edticos","image":{"@type":"ImageObject","inLanguage":"es","@id":"https:\/\/secure.gravatar.com\/avatar\/3a8de04a2656d44082be478bd6c086daa447c4651605818287b9532d3d0bd435?s=96&d=mm&r=g","url":"https:\/\/secure.gravatar.com\/avatar\/3a8de04a2656d44082be478bd6c086daa447c4651605818287b9532d3d0bd435?s=96&d=mm&r=g","contentUrl":"https:\/\/secure.gravatar.com\/avatar\/3a8de04a2656d44082be478bd6c086daa447c4651605818287b9532d3d0bd435?s=96&d=mm&r=g","caption":"Lo viste en Los Pol\u00edticos"},"url":"https:\/\/lospoliticosveracruz.com\/?author=2"}]}},"_links":{"self":[{"href":"https:\/\/lospoliticosveracruz.com\/index.php?rest_route=\/wp\/v2\/posts\/52899","targetHints":{"allow":["GET"]}}],"collection":[{"href":"https:\/\/lospoliticosveracruz.com\/index.php?rest_route=\/wp\/v2\/posts"}],"about":[{"href":"https:\/\/lospoliticosveracruz.com\/index.php?rest_route=\/wp\/v2\/types\/post"}],"author":[{"embeddable":true,"href":"https:\/\/lospoliticosveracruz.com\/index.php?rest_route=\/wp\/v2\/users\/2"}],"replies":[{"embeddable":true,"href":"https:\/\/lospoliticosveracruz.com\/index.php?rest_route=%2Fwp%2Fv2%2Fcomments&post=52899"}],"version-history":[{"count":1,"href":"https:\/\/lospoliticosveracruz.com\/index.php?rest_route=\/wp\/v2\/posts\/52899\/revisions"}],"predecessor-version":[{"id":52901,"href":"https:\/\/lospoliticosveracruz.com\/index.php?rest_route=\/wp\/v2\/posts\/52899\/revisions\/52901"}],"wp:attachment":[{"href":"https:\/\/lospoliticosveracruz.com\/index.php?rest_route=%2Fwp%2Fv2%2Fmedia&parent=52899"}],"wp:term":[{"taxonomy":"category","embeddable":true,"href":"https:\/\/lospoliticosveracruz.com\/index.php?rest_route=%2Fwp%2Fv2%2Fcategories&post=52899"},{"taxonomy":"post_tag","embeddable":true,"href":"https:\/\/lospoliticosveracruz.com\/index.php?rest_route=%2Fwp%2Fv2%2Ftags&post=52899"}],"curies":[{"name":"wp","href":"https:\/\/api.w.org\/{rel}","templated":true}]}}