{"id":52905,"date":"2020-02-27T08:44:22","date_gmt":"2020-02-27T14:44:22","guid":{"rendered":"http:\/\/www.lospoliticosveracruz.com.mx\/?p=52905"},"modified":"2020-02-27T08:44:22","modified_gmt":"2020-02-27T14:44:22","slug":"el-apreton-de-amlo-a-cuic","status":"publish","type":"post","link":"https:\/\/lospoliticosveracruz.com\/?p=52905","title":{"rendered":"El apret\u00f3n de AMLO a Cuic"},"content":{"rendered":"<p><strong>Ricardo Ch\u00faa<\/strong><\/p>\n<p><em>Sale y Vale<\/em><\/p>\n<p>Siempre se ha comentado que en el sistema pol\u00edtico mexicano: \u00abLos Jugadores cambian.. el Juego no\u00bb&#8230; Sea cual sea el partido en el poder&#8230; PRI, PAN o MORENA&#8230; Pero siempre la historia se repite&#8230; Y como Andr\u00e9s Manuel L\u00f3pez Obrador es un pol\u00edtico \u00abtradicionalista\u00bb le \u00abaplica\u00bb la misma \u00abdosis\u00bb a Cuitl\u00e1huac Garc\u00eda, como en su momento Carlos Salinas la aplic\u00f3 a Dante Delgado mandando a Patricio Chirinos para candidato a Gobernador&#8230;.<\/p>\n<p>El caso es que AMLO \u00abrespald\u00f3\u00bb m\u00e1s de 8 veces a Garc\u00eda Jim\u00e9nez y ahora lo \u00abapret\u00f3\u00bb en donde m\u00e1s le duele: Que suelte presupuesto para pagar deuda a la federaci\u00f3n&#8230;. No le basto los 4 mil millones de pesos que Cuit\u00e1huac le regres\u00f3 por el subejercicio del 2019&#8230; AMLO quiere m\u00e1s o desea \u00abreventarlo\u00bb&#8230; No se puede tener otra lectura ante tal hecho&#8230; Dicen que la ESPECULACI\u00d3N es la \u00abmadre de todas insidias pol\u00edticas\u00bb&#8230; Pero ante lo cerrado de este gobierno que pareciera no le importa lo que diga la sociedad&#8230; La insidia le gana a la realidad&#8230;<\/p>\n<p>Y, quiz\u00e1s cansado de tantos conflictos generados para su Presidencia por el gobierno de Veracruz&#8230; Es que han decidido desde Palacio Nacional dejar correr a Ricardo Ahued como el sucesor&#8230; Y por ello le han propinado ese \u00abapret\u00f3n\u00bb donde urgi\u00f3 al gobenrador pagarle 12 mil millones de pesos que le debe al ISSSTE.. \u00bfLa-dronde? si apenas el lunes El Reforma sac\u00f3 a la luz p\u00fablica que Veracruz es el Estado con el primer lugar con deuda privada a \u00abCorto Plazo\u00bb en M\u00e9xico&#8230; Y el segundo lugar en el pa\u00eds con la Deuda Privada a \u00abLargo Plazo\u00bb&#8230;<\/p>\n<p>As\u00ed que si Cuitl\u00e1huac tiene que acudir a pr\u00e9stamos bancarios para sacar el \u00abgasto corriente\u00bb y n\u00f3mina&#8230; De d\u00f3nde canijos va a tener dinero, money o billelle, como le quieran llamar, para pagarle al ISSSTE&#8230; L\u00f3pez Obrador con eso lo pone ante la \u00abespada y la pared\u00bb, eso por si Cuitl\u00e1huac se anda poniendo muy \u00abvaliente\u00bb de que se va del cargo, si le piden que renuncie a todo el gabinete desde SEGOB&#8230; Tal como amenaz\u00f3 en Morelos, Cuauht\u00e9moc Blanco&#8230; Pero aqu\u00ed el xalape\u00f1o ni es un \u00eddolo, ni se manda solo&#8230; As\u00ed que MOLE DO\u00d1A MAR\u00cdA&#8230;<\/p>\n<p>\u00bfC\u00f3mo va a soportar esta carga financiera? y \u00bfC\u00f3mo va a pagar?&#8230; Si su gobierno estatal ha mostrado insolvencia econ\u00f3mica para otros compromisos&#8230; Lo del ISSSTE le termin\u00f3 de \u00abjoder\u00bb a su administraci\u00f3n y gabinete econ\u00f3mico&#8230; No hace falta que le pida Olga S\u00e1nchez, Julio Scherer o Alejandro Encinas, que vaya pensando en cambio de funcionarios&#8230; Seguro que ellos, de manera particular, van a empezar a irse cuando vean que Cuitl\u00e1huac no puede y no tiene el respaldo de AMLO&#8230; As\u00ed es la democracia mexicana&#8230; \u00bfPa qu\u00e9 se quejan?&#8230;<\/p>\n<p>Por m\u00e1s que Cuitl\u00e1huac Garc\u00eda finja que no le interesa, que tiene bajo control todo el tema con su relaci\u00f3n con L\u00f3pez Obrador&#8230; Es un hecho que la movilidad de Ahued y sus declaraciones son un \u00abmadrazo\u00bb a su investidura de gobernador&#8230; Ya todos andan queriendo citarse con el Director de Aduanas del pa\u00eds&#8230; Que le pregunten a Juan Manuel Vel\u00e1zquez Yunes, el primo de Pepe Yunes y que en su momento jug\u00f3 con MORENA y no con \u00e9l en 2018, cu\u00e1ntas llamadas de grupos pol\u00edticos de Veracruz est\u00e1 recibiendo al d\u00eda, de dos semana a la fecha&#8230;<\/p>\n<p>El gobernador debe estar m\u00e1s preocupado porque AMLO le ha \u00abpuesto el dedo\u00bb a su administraci\u00f3n con el pago al ISSSTE&#8230; En este momento \u00bfPara qu\u00e9?&#8230;Si el gobierno federal sabe lo \u00abjodido\u00bb que est\u00e1 en materia econ\u00f3mica Veracruz&#8230; Y que la recesi\u00f3n que vive su poblaci\u00f3n se le suma a la crisis de ingobernabilidad y violencia que el gobierno del Estado no le ha podido resolver&#8230; \u00bfAcaso esa acci\u00f3n de Andr\u00e9s Manuel sobre Cuitl\u00e1huac, no -levanta- sospechas?&#8230; \u00bfSer\u00e1 verdad que ya se cans\u00f3 de \u00e9l y su inacci\u00f3n gubernamental?&#8230; Todo cuenta&#8230;<\/p>\n<p>Vamos tan \u00abfregao\u00bb le dejaron el tema del pronto pago al ISSSTE&#8230; Que a Cuitl\u00e1huac se le ha OLVIDADO ocupar la t\u00e1ctica que siempre utiliza desde hace 15 meses que lleg\u00f3 a la administraci\u00f3n por MORENA y que es:\u00bbecharle la culpa\u00bb a Fidel Herera, Javier Duarte o Miguel Angel Yunes&#8230; Ni siquiera los ha mencionado&#8230; Y conociendo lo predecible que es Cuitl\u00e1huac Garc\u00eda en estos casos&#8230; Si es un tema que le debe de preocupar&#8230; Ya que, quiz\u00e1s, no sabe qu\u00e9 hacer y est\u00e1 lejos de la gracia del se\u00f1or&#8230; El tema Ahued as\u00ed lo marca&#8230;<\/p>\n<p>Ya que lo raro es que si el Presidente de M\u00e9xico se pas\u00f3 todo el 2019 dando m\u00e1s de 8 RESPALDOS POL\u00cdTICOS Y DE GOBIERNO a la administraci\u00f3n estatal ante los errores en pol\u00edticas p\u00fablicas y masacres a la poblaci\u00f3n civil por parte de grupos delincuenciales&#8230;. Por qu\u00e9 en tu PEOR MOMENTO ECON\u00d3MICO como ejecutivo estatal&#8230; Te URGE un pago que su propio gobierno federal, sabe bien que no puedes solventar&#8230; 12 mil millones de pesos no es como pagar \u00abchicles Adams\u00bb&#8230; OJO y en pol\u00edtica como en el gobierno las causalidades no existen&#8230;<\/p>\n<p>Lo \u00fanico que queda esperar es la reacci\u00f3n de Cuitl\u00e1huac&#8230; El cual podr\u00e1 decir \u00abmisa\u00bb pero con eso de que analiza \u00abvarias alternativas\u00bb para cubrir esa deuda&#8230; Es que finalmente, da entender (por lo predecible que es), que simplemente no sabe que hacer con este problema o como lo va a resolver&#8230; El cual no se ve que ni el secretario de Hacienda, Arturo Herrera, de qui\u00e9n se dice es cercano al titular de SEFIPLAN, Jos\u00e9 Luis Lima Franco, le \u00abeche una mano\u00bb para sacar al \u00abjefe de su -presunto- ahijado\u00bb del problema&#8230;<\/p>\n<p>LO RARO&#8230; Es saber qui\u00e9n fue el que -aceler\u00f3- a Ricardo Ahued&#8230; Si bien es cierto siempre, se ha destacado por vender bien su imagen p\u00fablica&#8230; Ahora anda un poco -alborotado- en Veracruz y muchos lo ven como el sucesor de Cuitl\u00e1huac&#8230;. Eso si es PREOCUPANTE para gobernador&#8230; Si no las \u00abplumas\u00bb Morenas ni lo \u00abpelaran\u00bb al senador con licencia&#8230; Lo tienen \u00abencima\u00bb y le echan a sus \u00abvacas sagradas\u00bb para calmarlo a punta de columnas o \u00abgolpeteo\u00bb medi\u00e1tico&#8230;<\/p>\n<p>Pero se ve que Ahued sigue impulsando el tema&#8230; \u00bfTendr\u00e1 permiso o ser\u00e1 por libre?&#8230; Ahued sabe que con AMLO no se \u00abjuega\u00bb y menos ahora que anda -desatado- por el paro de las mujeres&#8230; Tan jocoso ha sido el caso que hasta se ha manejado en diversos grupos empresariales de \u00abguasap\u00bb de la entidad&#8230; Que Ahued vendr\u00eda a ocupar el pr\u00f3ximo mes la Secretar\u00eda de Gobierno para \u00abprepararse el camino\u00bb al interinato&#8230; QUE JALADA&#8230; Ja Ja Ja&#8230;. Hasta se escucha la grabaci\u00f3n del empresario \u00abX\u00bb como lo dice convencido&#8230;<\/p>\n<p>Pero primero esto ES FALSO porque el ex alcalde, no es nada tonto como para dejar la Administraci\u00f3n General de Aduanas para venir \u00abagarra el hueso\u00bb de Patrocinio Cisneros&#8230; Segundo porque Ahued no tiene ni T\u00cdTULO universitario, que es requisito de ley para ser titular de SEGOB en Veracruz&#8230; Ni una dispensa del Congreso Local sirve para llegar al cargo, si no se tiene carrera profesional&#8230; Hay que \u00abbajarle\u00bb a los deseos impulsivos que se vaya Cuitl\u00e1huac&#8230; SEAN SERIOS SE\u00d1ORES&#8230; Si Ahued llega, ser\u00e1 hasta diciembre&#8230; No antes&#8230; AMEN&#8230;<\/p>\n","protected":false},"excerpt":{"rendered":"<p>Ricardo Ch\u00faa Sale y Vale Siempre se ha comentado que en el sistema pol\u00edtico mexicano: \u00abLos Jugadores cambian.. el Juego no\u00bb&#8230; Sea cual sea el partido en el poder&#8230; PRI, PAN o MORENA&#8230; Pero siempre la historia se repite&#8230; Y como Andr\u00e9s Manuel L\u00f3pez Obrador es un pol\u00edtico \u00abtradicionalista\u00bb le \u00abaplica\u00bb la misma \u00abdosis\u00bb a [&hellip;]<\/p>\n","protected":false},"author":2,"featured_media":51450,"comment_status":"open","ping_status":"open","sticky":false,"template":"","format":"standard","meta":{"tdm_status":"","tdm_grid_status":"","footnotes":""},"categories":[70],"tags":[618,1512,1563,2219,1080,16305,5855,1026,13433,570,876,13604,195],"class_list":{"0":"post-52905","1":"post","2":"type-post","3":"status-publish","4":"format-standard","5":"has-post-thumbnail","7":"category-de-opinion","8":"tag-andres-manuel-lopez-obrador","9":"tag-cuauhtemoc-blanco","10":"tag-cuitlahuac-garcia-jimenez","11":"tag-dante-delgado","12":"tag-juan-manuel-velazquez-yunes","13":"tag-julio-scherer","14":"tag-morelos","15":"tag-morena","16":"tag-olga-sanchez","17":"tag-pepe-yunes","18":"tag-ricardo-ahued","19":"tag-ricardo-chua","20":"tag-veracruz"},"yoast_head":"<!-- This site is optimized with the Yoast SEO plugin v27.4 - https:\/\/yoast.com\/product\/yoast-seo-wordpress\/ -->\n<title>El apret\u00f3n de AMLO a Cuic - Los pol\u00edticos Veracruz<\/title>\n<meta name=\"robots\" content=\"index, follow, max-snippet:-1, max-image-preview:large, max-video-preview:-1\" \/>\n<link rel=\"canonical\" href=\"https:\/\/lospoliticosveracruz.com\/?p=52905\" \/>\n<meta property=\"og:locale\" content=\"es_ES\" \/>\n<meta property=\"og:type\" content=\"article\" \/>\n<meta property=\"og:title\" content=\"El apret\u00f3n de AMLO a Cuic - Los pol\u00edticos Veracruz\" \/>\n<meta property=\"og:description\" content=\"Ricardo Ch\u00faa Sale y Vale Siempre se ha comentado que en el sistema pol\u00edtico mexicano: \u00abLos Jugadores cambian.. el Juego no\u00bb&#8230; Sea cual sea el partido en el poder&#8230; PRI, PAN o MORENA&#8230; Pero siempre la historia se repite&#8230; Y como Andr\u00e9s Manuel L\u00f3pez Obrador es un pol\u00edtico \u00abtradicionalista\u00bb le \u00abaplica\u00bb la misma \u00abdosis\u00bb a [&hellip;]\" \/>\n<meta property=\"og:url\" content=\"https:\/\/lospoliticosveracruz.com\/?p=52905\" \/>\n<meta property=\"og:site_name\" content=\"Los pol\u00edticos Veracruz\" \/>\n<meta property=\"article:publisher\" content=\"https:\/\/www.facebook.com\/people\/Notimemes-de-los-Polticos\/61565672886568\/\" \/>\n<meta property=\"article:published_time\" content=\"2020-02-27T14:44:22+00:00\" \/>\n<meta property=\"og:image\" content=\"https:\/\/lospoliticosveracruz.com\/wp-content\/uploads\/2019\/12\/AMLO-y-Cuic.jpg\" \/>\n\t<meta property=\"og:image:width\" content=\"600\" \/>\n\t<meta property=\"og:image:height\" content=\"373\" \/>\n\t<meta property=\"og:image:type\" content=\"image\/jpeg\" \/>\n<meta name=\"author\" content=\"Lo viste en Los Pol\u00edticos\" \/>\n<meta name=\"twitter:card\" content=\"summary_large_image\" \/>\n<meta name=\"twitter:creator\" content=\"@LosPoliticosVer\" \/>\n<meta name=\"twitter:site\" content=\"@LosPoliticosVer\" \/>\n<meta name=\"twitter:label1\" content=\"Escrito por\" \/>\n\t<meta name=\"twitter:data1\" content=\"Lo viste en Los Pol\u00edticos\" \/>\n\t<meta name=\"twitter:label2\" content=\"Tiempo de lectura\" \/>\n\t<meta name=\"twitter:data2\" content=\"6 minutos\" \/>\n<script type=\"application\/ld+json\" class=\"yoast-schema-graph\">{\"@context\":\"https:\\\/\\\/schema.org\",\"@graph\":[{\"@type\":\"Article\",\"@id\":\"https:\\\/\\\/lospoliticosveracruz.com\\\/?p=52905#article\",\"isPartOf\":{\"@id\":\"https:\\\/\\\/lospoliticosveracruz.com\\\/?p=52905\"},\"author\":{\"name\":\"Lo viste en Los Pol\u00edticos\",\"@id\":\"https:\\\/\\\/lospoliticosveracruz.com\\\/#\\\/schema\\\/person\\\/b8702bb0e538456e6efd07080bf2a4a2\"},\"headline\":\"El apret\u00f3n de AMLO a Cuic\",\"datePublished\":\"2020-02-27T14:44:22+00:00\",\"mainEntityOfPage\":{\"@id\":\"https:\\\/\\\/lospoliticosveracruz.com\\\/?p=52905\"},\"wordCount\":1276,\"commentCount\":0,\"publisher\":{\"@id\":\"https:\\\/\\\/lospoliticosveracruz.com\\\/#organization\"},\"image\":{\"@id\":\"https:\\\/\\\/lospoliticosveracruz.com\\\/?p=52905#primaryimage\"},\"thumbnailUrl\":\"https:\\\/\\\/lospoliticosveracruz.com\\\/wp-content\\\/uploads\\\/2019\\\/12\\\/AMLO-y-Cuic.jpg\",\"keywords\":[\"Andr\u00e9s Manuel L\u00f3pez Obrador\",\"Cuauht\u00e9moc Blanco\",\"Cuitl\u00e1huac Garc\u00eda Jim\u00e9nez\",\"Dante Delgado\",\"Juan Manuel Vel\u00e1zquez Yunes\",\"Julio Scherer\",\"Morelos\",\"Morena\",\"Olga S\u00e1nchez\",\"Pepe Yunes\",\"Ricardo Ahued\",\"Ricardo Ch\u00faa\",\"Veracruz\"],\"articleSection\":[\"De Opini\u00f3n\"],\"inLanguage\":\"es\",\"potentialAction\":[{\"@type\":\"CommentAction\",\"name\":\"Comment\",\"target\":[\"https:\\\/\\\/lospoliticosveracruz.com\\\/?p=52905#respond\"]}]},{\"@type\":\"WebPage\",\"@id\":\"https:\\\/\\\/lospoliticosveracruz.com\\\/?p=52905\",\"url\":\"https:\\\/\\\/lospoliticosveracruz.com\\\/?p=52905\",\"name\":\"El apret\u00f3n de AMLO a Cuic - Los pol\u00edticos Veracruz\",\"isPartOf\":{\"@id\":\"https:\\\/\\\/lospoliticosveracruz.com\\\/#website\"},\"primaryImageOfPage\":{\"@id\":\"https:\\\/\\\/lospoliticosveracruz.com\\\/?p=52905#primaryimage\"},\"image\":{\"@id\":\"https:\\\/\\\/lospoliticosveracruz.com\\\/?p=52905#primaryimage\"},\"thumbnailUrl\":\"https:\\\/\\\/lospoliticosveracruz.com\\\/wp-content\\\/uploads\\\/2019\\\/12\\\/AMLO-y-Cuic.jpg\",\"datePublished\":\"2020-02-27T14:44:22+00:00\",\"breadcrumb\":{\"@id\":\"https:\\\/\\\/lospoliticosveracruz.com\\\/?p=52905#breadcrumb\"},\"inLanguage\":\"es\",\"potentialAction\":[{\"@type\":\"ReadAction\",\"target\":[\"https:\\\/\\\/lospoliticosveracruz.com\\\/?p=52905\"]}]},{\"@type\":\"ImageObject\",\"inLanguage\":\"es\",\"@id\":\"https:\\\/\\\/lospoliticosveracruz.com\\\/?p=52905#primaryimage\",\"url\":\"https:\\\/\\\/lospoliticosveracruz.com\\\/wp-content\\\/uploads\\\/2019\\\/12\\\/AMLO-y-Cuic.jpg\",\"contentUrl\":\"https:\\\/\\\/lospoliticosveracruz.com\\\/wp-content\\\/uploads\\\/2019\\\/12\\\/AMLO-y-Cuic.jpg\",\"width\":600,\"height\":373},{\"@type\":\"BreadcrumbList\",\"@id\":\"https:\\\/\\\/lospoliticosveracruz.com\\\/?p=52905#breadcrumb\",\"itemListElement\":[{\"@type\":\"ListItem\",\"position\":1,\"name\":\"Portada\",\"item\":\"https:\\\/\\\/lospoliticosveracruz.com\\\/\"},{\"@type\":\"ListItem\",\"position\":2,\"name\":\"El apret\u00f3n de AMLO a Cuic\"}]},{\"@type\":\"WebSite\",\"@id\":\"https:\\\/\\\/lospoliticosveracruz.com\\\/#website\",\"url\":\"https:\\\/\\\/lospoliticosveracruz.com\\\/\",\"name\":\"Los pol\u00edticos Veracruz\",\"description\":\"\",\"publisher\":{\"@id\":\"https:\\\/\\\/lospoliticosveracruz.com\\\/#organization\"},\"potentialAction\":[{\"@type\":\"SearchAction\",\"target\":{\"@type\":\"EntryPoint\",\"urlTemplate\":\"https:\\\/\\\/lospoliticosveracruz.com\\\/?s={search_term_string}\"},\"query-input\":{\"@type\":\"PropertyValueSpecification\",\"valueRequired\":true,\"valueName\":\"search_term_string\"}}],\"inLanguage\":\"es\"},{\"@type\":\"Organization\",\"@id\":\"https:\\\/\\\/lospoliticosveracruz.com\\\/#organization\",\"name\":\"Los pol\u00edticos Veracruz\",\"url\":\"https:\\\/\\\/lospoliticosveracruz.com\\\/\",\"logo\":{\"@type\":\"ImageObject\",\"inLanguage\":\"es\",\"@id\":\"https:\\\/\\\/lospoliticosveracruz.com\\\/#\\\/schema\\\/logo\\\/image\\\/\",\"url\":\"https:\\\/\\\/lospoliticosveracruz.com\\\/wp-content\\\/uploads\\\/2025\\\/12\\\/Logo-Nuevo-LOS-POLITICOS-1.jpg\",\"contentUrl\":\"https:\\\/\\\/lospoliticosveracruz.com\\\/wp-content\\\/uploads\\\/2025\\\/12\\\/Logo-Nuevo-LOS-POLITICOS-1.jpg\",\"width\":260,\"height\":70,\"caption\":\"Los pol\u00edticos Veracruz\"},\"image\":{\"@id\":\"https:\\\/\\\/lospoliticosveracruz.com\\\/#\\\/schema\\\/logo\\\/image\\\/\"},\"sameAs\":[\"https:\\\/\\\/www.facebook.com\\\/people\\\/Notimemes-de-los-Polticos\\\/61565672886568\\\/\",\"https:\\\/\\\/x.com\\\/LosPoliticosVer\"]},{\"@type\":\"Person\",\"@id\":\"https:\\\/\\\/lospoliticosveracruz.com\\\/#\\\/schema\\\/person\\\/b8702bb0e538456e6efd07080bf2a4a2\",\"name\":\"Lo viste en Los Pol\u00edticos\",\"image\":{\"@type\":\"ImageObject\",\"inLanguage\":\"es\",\"@id\":\"https:\\\/\\\/secure.gravatar.com\\\/avatar\\\/3a8de04a2656d44082be478bd6c086daa447c4651605818287b9532d3d0bd435?s=96&d=mm&r=g\",\"url\":\"https:\\\/\\\/secure.gravatar.com\\\/avatar\\\/3a8de04a2656d44082be478bd6c086daa447c4651605818287b9532d3d0bd435?s=96&d=mm&r=g\",\"contentUrl\":\"https:\\\/\\\/secure.gravatar.com\\\/avatar\\\/3a8de04a2656d44082be478bd6c086daa447c4651605818287b9532d3d0bd435?s=96&d=mm&r=g\",\"caption\":\"Lo viste en Los Pol\u00edticos\"},\"url\":\"https:\\\/\\\/lospoliticosveracruz.com\\\/?author=2\"}]}<\/script>\n<!-- \/ Yoast SEO plugin. -->","yoast_head_json":{"title":"El apret\u00f3n de AMLO a Cuic - Los pol\u00edticos Veracruz","robots":{"index":"index","follow":"follow","max-snippet":"max-snippet:-1","max-image-preview":"max-image-preview:large","max-video-preview":"max-video-preview:-1"},"canonical":"https:\/\/lospoliticosveracruz.com\/?p=52905","og_locale":"es_ES","og_type":"article","og_title":"El apret\u00f3n de AMLO a Cuic - Los pol\u00edticos Veracruz","og_description":"Ricardo Ch\u00faa Sale y Vale Siempre se ha comentado que en el sistema pol\u00edtico mexicano: \u00abLos Jugadores cambian.. el Juego no\u00bb&#8230; Sea cual sea el partido en el poder&#8230; PRI, PAN o MORENA&#8230; Pero siempre la historia se repite&#8230; Y como Andr\u00e9s Manuel L\u00f3pez Obrador es un pol\u00edtico \u00abtradicionalista\u00bb le \u00abaplica\u00bb la misma \u00abdosis\u00bb a [&hellip;]","og_url":"https:\/\/lospoliticosveracruz.com\/?p=52905","og_site_name":"Los pol\u00edticos Veracruz","article_publisher":"https:\/\/www.facebook.com\/people\/Notimemes-de-los-Polticos\/61565672886568\/","article_published_time":"2020-02-27T14:44:22+00:00","og_image":[{"width":600,"height":373,"url":"https:\/\/lospoliticosveracruz.com\/wp-content\/uploads\/2019\/12\/AMLO-y-Cuic.jpg","type":"image\/jpeg"}],"author":"Lo viste en Los Pol\u00edticos","twitter_card":"summary_large_image","twitter_creator":"@LosPoliticosVer","twitter_site":"@LosPoliticosVer","twitter_misc":{"Escrito por":"Lo viste en Los Pol\u00edticos","Tiempo de lectura":"6 minutos"},"schema":{"@context":"https:\/\/schema.org","@graph":[{"@type":"Article","@id":"https:\/\/lospoliticosveracruz.com\/?p=52905#article","isPartOf":{"@id":"https:\/\/lospoliticosveracruz.com\/?p=52905"},"author":{"name":"Lo viste en Los Pol\u00edticos","@id":"https:\/\/lospoliticosveracruz.com\/#\/schema\/person\/b8702bb0e538456e6efd07080bf2a4a2"},"headline":"El apret\u00f3n de AMLO a Cuic","datePublished":"2020-02-27T14:44:22+00:00","mainEntityOfPage":{"@id":"https:\/\/lospoliticosveracruz.com\/?p=52905"},"wordCount":1276,"commentCount":0,"publisher":{"@id":"https:\/\/lospoliticosveracruz.com\/#organization"},"image":{"@id":"https:\/\/lospoliticosveracruz.com\/?p=52905#primaryimage"},"thumbnailUrl":"https:\/\/lospoliticosveracruz.com\/wp-content\/uploads\/2019\/12\/AMLO-y-Cuic.jpg","keywords":["Andr\u00e9s Manuel L\u00f3pez Obrador","Cuauht\u00e9moc Blanco","Cuitl\u00e1huac Garc\u00eda Jim\u00e9nez","Dante Delgado","Juan Manuel Vel\u00e1zquez Yunes","Julio Scherer","Morelos","Morena","Olga S\u00e1nchez","Pepe Yunes","Ricardo Ahued","Ricardo Ch\u00faa","Veracruz"],"articleSection":["De Opini\u00f3n"],"inLanguage":"es","potentialAction":[{"@type":"CommentAction","name":"Comment","target":["https:\/\/lospoliticosveracruz.com\/?p=52905#respond"]}]},{"@type":"WebPage","@id":"https:\/\/lospoliticosveracruz.com\/?p=52905","url":"https:\/\/lospoliticosveracruz.com\/?p=52905","name":"El apret\u00f3n de AMLO a Cuic - Los pol\u00edticos Veracruz","isPartOf":{"@id":"https:\/\/lospoliticosveracruz.com\/#website"},"primaryImageOfPage":{"@id":"https:\/\/lospoliticosveracruz.com\/?p=52905#primaryimage"},"image":{"@id":"https:\/\/lospoliticosveracruz.com\/?p=52905#primaryimage"},"thumbnailUrl":"https:\/\/lospoliticosveracruz.com\/wp-content\/uploads\/2019\/12\/AMLO-y-Cuic.jpg","datePublished":"2020-02-27T14:44:22+00:00","breadcrumb":{"@id":"https:\/\/lospoliticosveracruz.com\/?p=52905#breadcrumb"},"inLanguage":"es","potentialAction":[{"@type":"ReadAction","target":["https:\/\/lospoliticosveracruz.com\/?p=52905"]}]},{"@type":"ImageObject","inLanguage":"es","@id":"https:\/\/lospoliticosveracruz.com\/?p=52905#primaryimage","url":"https:\/\/lospoliticosveracruz.com\/wp-content\/uploads\/2019\/12\/AMLO-y-Cuic.jpg","contentUrl":"https:\/\/lospoliticosveracruz.com\/wp-content\/uploads\/2019\/12\/AMLO-y-Cuic.jpg","width":600,"height":373},{"@type":"BreadcrumbList","@id":"https:\/\/lospoliticosveracruz.com\/?p=52905#breadcrumb","itemListElement":[{"@type":"ListItem","position":1,"name":"Portada","item":"https:\/\/lospoliticosveracruz.com\/"},{"@type":"ListItem","position":2,"name":"El apret\u00f3n de AMLO a Cuic"}]},{"@type":"WebSite","@id":"https:\/\/lospoliticosveracruz.com\/#website","url":"https:\/\/lospoliticosveracruz.com\/","name":"Los pol\u00edticos Veracruz","description":"","publisher":{"@id":"https:\/\/lospoliticosveracruz.com\/#organization"},"potentialAction":[{"@type":"SearchAction","target":{"@type":"EntryPoint","urlTemplate":"https:\/\/lospoliticosveracruz.com\/?s={search_term_string}"},"query-input":{"@type":"PropertyValueSpecification","valueRequired":true,"valueName":"search_term_string"}}],"inLanguage":"es"},{"@type":"Organization","@id":"https:\/\/lospoliticosveracruz.com\/#organization","name":"Los pol\u00edticos Veracruz","url":"https:\/\/lospoliticosveracruz.com\/","logo":{"@type":"ImageObject","inLanguage":"es","@id":"https:\/\/lospoliticosveracruz.com\/#\/schema\/logo\/image\/","url":"https:\/\/lospoliticosveracruz.com\/wp-content\/uploads\/2025\/12\/Logo-Nuevo-LOS-POLITICOS-1.jpg","contentUrl":"https:\/\/lospoliticosveracruz.com\/wp-content\/uploads\/2025\/12\/Logo-Nuevo-LOS-POLITICOS-1.jpg","width":260,"height":70,"caption":"Los pol\u00edticos Veracruz"},"image":{"@id":"https:\/\/lospoliticosveracruz.com\/#\/schema\/logo\/image\/"},"sameAs":["https:\/\/www.facebook.com\/people\/Notimemes-de-los-Polticos\/61565672886568\/","https:\/\/x.com\/LosPoliticosVer"]},{"@type":"Person","@id":"https:\/\/lospoliticosveracruz.com\/#\/schema\/person\/b8702bb0e538456e6efd07080bf2a4a2","name":"Lo viste en Los Pol\u00edticos","image":{"@type":"ImageObject","inLanguage":"es","@id":"https:\/\/secure.gravatar.com\/avatar\/3a8de04a2656d44082be478bd6c086daa447c4651605818287b9532d3d0bd435?s=96&d=mm&r=g","url":"https:\/\/secure.gravatar.com\/avatar\/3a8de04a2656d44082be478bd6c086daa447c4651605818287b9532d3d0bd435?s=96&d=mm&r=g","contentUrl":"https:\/\/secure.gravatar.com\/avatar\/3a8de04a2656d44082be478bd6c086daa447c4651605818287b9532d3d0bd435?s=96&d=mm&r=g","caption":"Lo viste en Los Pol\u00edticos"},"url":"https:\/\/lospoliticosveracruz.com\/?author=2"}]}},"_links":{"self":[{"href":"https:\/\/lospoliticosveracruz.com\/index.php?rest_route=\/wp\/v2\/posts\/52905","targetHints":{"allow":["GET"]}}],"collection":[{"href":"https:\/\/lospoliticosveracruz.com\/index.php?rest_route=\/wp\/v2\/posts"}],"about":[{"href":"https:\/\/lospoliticosveracruz.com\/index.php?rest_route=\/wp\/v2\/types\/post"}],"author":[{"embeddable":true,"href":"https:\/\/lospoliticosveracruz.com\/index.php?rest_route=\/wp\/v2\/users\/2"}],"replies":[{"embeddable":true,"href":"https:\/\/lospoliticosveracruz.com\/index.php?rest_route=%2Fwp%2Fv2%2Fcomments&post=52905"}],"version-history":[{"count":1,"href":"https:\/\/lospoliticosveracruz.com\/index.php?rest_route=\/wp\/v2\/posts\/52905\/revisions"}],"predecessor-version":[{"id":52906,"href":"https:\/\/lospoliticosveracruz.com\/index.php?rest_route=\/wp\/v2\/posts\/52905\/revisions\/52906"}],"wp:featuredmedia":[{"embeddable":true,"href":"https:\/\/lospoliticosveracruz.com\/index.php?rest_route=\/wp\/v2\/media\/51450"}],"wp:attachment":[{"href":"https:\/\/lospoliticosveracruz.com\/index.php?rest_route=%2Fwp%2Fv2%2Fmedia&parent=52905"}],"wp:term":[{"taxonomy":"category","embeddable":true,"href":"https:\/\/lospoliticosveracruz.com\/index.php?rest_route=%2Fwp%2Fv2%2Fcategories&post=52905"},{"taxonomy":"post_tag","embeddable":true,"href":"https:\/\/lospoliticosveracruz.com\/index.php?rest_route=%2Fwp%2Fv2%2Ftags&post=52905"}],"curies":[{"name":"wp","href":"https:\/\/api.w.org\/{rel}","templated":true}]}}