{"id":52907,"date":"2020-02-27T09:05:58","date_gmt":"2020-02-27T15:05:58","guid":{"rendered":"http:\/\/www.lospoliticosveracruz.com.mx\/?p=52907"},"modified":"2020-02-27T09:05:58","modified_gmt":"2020-02-27T15:05:58","slug":"ex-titular-de-la-cgcs-con-un-pie-el-pacho","status":"publish","type":"post","link":"https:\/\/lospoliticosveracruz.com\/?p=52907","title":{"rendered":"Ex titular de la CGCS, \u00bfcon un pie el Pacho?"},"content":{"rendered":"<p><strong>Luis Alberto Romero<\/strong><\/p>\n<p><em>Hora cero<\/em><\/p>\n<p>Cuando en 2016 inici\u00f3 la administraci\u00f3n de Miguel \u00c1ngel Yunes en Veracruz, comenz\u00f3 tambi\u00e9n una cr\u00edtica sistem\u00e1tica contra la forma en que funcion\u00f3 la Coordinaci\u00f3n General de Comunicaci\u00f3n Social.<\/p>\n<p>Desde el Gobierno del Estado se dijo que exist\u00eda la determinaci\u00f3n de acabar con la opacidad en el \u00e1rea y con la discrecionalidad con que se habr\u00edan manejado los recursos destinados a la promoci\u00f3n del quehacer gubernamental, particularmente durante el sexenio de Javier Duarte.<\/p>\n<p>Sin embargo, el resultado de la revisi\u00f3n a la cuenta p\u00fablica 2018, por parte del \u00d3rgano de Fiscalizaci\u00f3n Superior (ORFIS) deja claro que en la Coordinaci\u00f3n de Comunicaci\u00f3n Social Yunes Linares s\u00f3lo cambi\u00f3 titular, pero en el fondo todo se manej\u00f3 de forma tan opaca como antes.<\/p>\n<p>En el Informe Individual de la Fiscalizaci\u00f3n Superior, relativo a la CGCS, el ORFIS dictamina que dicha dependencia registra un presunto da\u00f1o patrimonial por m\u00e1s de 67 millones 643 mil pesos.<\/p>\n<p>No es un monto menor, sobre todo porque el desaseo con que se habr\u00edan manejado los recursos en la oficina que ten\u00eda como titular a El\u00edas Asaad Danini.<\/p>\n<p>El ORFIS detect\u00f3, por ejemplo, un posible caso de alteraci\u00f3n de documentos y duplicidad de registros.<\/p>\n<p>Hubo campa\u00f1as pagadas que no presentan evidencias de contratos.<\/p>\n<p>Destaca tambi\u00e9n, de acuerdo con la observaci\u00f3n n\u00famero FP-030\/2018\/014 DA\u00d1, que la Secretar\u00eda de Finanzas y Planeaci\u00f3n pag\u00f3 a diversas empresas m\u00e1s de 40 millones 560 mil pesos, pero la Coordinaci\u00f3n de Comunicaci\u00f3n no present\u00f3 evidencia documental de los contratos y las facturas correspondientes. Tampoco existen los llamados \u201ctestigos\u201d, que son los documentos que comprueban los servicios prestados o la difusi\u00f3n de los materiales publicitarios o propagand\u00edsticos.<\/p>\n<p>Pagos excesivos tambi\u00e9n le fueron observados a la CGCS; 16 empresas recibieron de Sefiplan poco m\u00e1s de 64 millones 979 mil pesos como producto de contratos firmados el 8 de enero de 2018; el problema es que esas empresas s\u00f3lo facturaron 37 millones 2080 mil pesos; en pocas palabras, el gobierno estatal realiz\u00f3 un pago excesivo. La diferencia entre el monto del contrato y el pago supera los 27 millones 699 mil pesos.<\/p>\n<p>Entre febrero y noviembre de 2018, a un impreso veracruzano le depositaron, sin mediar contrato, m\u00e1s de 4 millones 254 mil pesos, como pago por la difusi\u00f3n de contenidos del Programa Estatal de Seguridad Ciudadana.<\/p>\n<p>En total, el \u00f3rgano auditor gir\u00f3 7 observaciones y 15 recomendaciones de car\u00e1cter financiero. Las primeras hacen suponer un presunto da\u00f1o patrimonial por el que deber\u00e1n responder quienes estuvieron al frente de la Coordinaci\u00f3n durante el bienio de Miguel \u00c1ngel Yunes.<\/p>\n<p>En el dictamen del ORFIS se establece que debido a ese presunto da\u00f1o patrimonial, el \u00f3rgano auditor \u201cpromover\u00e1 el fincamiento de responsabilidades y determinaci\u00f3n de da\u00f1os\u2026\u201d, en los t\u00e9rminos de la Ley N\u00famero 364 de Fiscalizaci\u00f3n Superior y Rendici\u00f3n de Cuentas del Estado de Veracruz.<\/p>\n<p>As\u00ed, con ese desaseo en el \u00e1rea de comunicaci\u00f3n, con esa irresponsabilidad en el manejo de los recursos p\u00fablicos, terminaron los dos a\u00f1os del gobierno de Yunes Linares.<\/p>\n<p>El\u00edas Asaad, quien pas\u00f3 de la jefatura de prensa del Ayuntamiento de Boca del R\u00edo a la titularidad de la CGCS, terminar\u00e1 por pagar muy cara su inexperiencia, porque si las observaciones a la cuenta p\u00fablica 2018 se convierten en denuncias penales \u2013lo cual es muy probable\u2013, quedar\u00e1 en una posici\u00f3n sumamente d\u00e9bil.<\/p>\n<p>Si el ex coordinador de comunicaci\u00f3n, gente muy cercana a la familia Yunes, no articula una buena defensa, podr\u00eda convertirse en firme candidato a Pacho Viejo. @luisromero85<\/p>\n","protected":false},"excerpt":{"rendered":"<p>Luis Alberto Romero Hora cero Cuando en 2016 inici\u00f3 la administraci\u00f3n de Miguel \u00c1ngel Yunes en Veracruz, comenz\u00f3 tambi\u00e9n una cr\u00edtica sistem\u00e1tica contra la forma en que funcion\u00f3 la Coordinaci\u00f3n General de Comunicaci\u00f3n Social. Desde el Gobierno del Estado se dijo que exist\u00eda la determinaci\u00f3n de acabar con la opacidad en el \u00e1rea y con [&hellip;]<\/p>\n","protected":false},"author":2,"featured_media":0,"comment_status":"open","ping_status":"open","sticky":false,"template":"","format":"standard","meta":{"tdm_status":"","tdm_grid_status":"","footnotes":""},"categories":[70],"tags":[933,16656,4076,162,2669,1510,135,195],"class_list":{"0":"post-52907","1":"post","2":"type-post","3":"status-publish","4":"format-standard","6":"category-de-opinion","7":"tag-comunicacion-social","8":"tag-elias-asaad-danini","9":"tag-gobierno-del-estado","10":"tag-javier-duarte","11":"tag-luis-alberto-romero","12":"tag-miguel-angel-yunes","13":"tag-orfis","14":"tag-veracruz"},"yoast_head":"<!-- This site is optimized with the Yoast SEO plugin v27.4 - https:\/\/yoast.com\/product\/yoast-seo-wordpress\/ -->\n<title>Ex titular de la CGCS, \u00bfcon un pie el Pacho? - Los pol\u00edticos Veracruz<\/title>\n<meta name=\"robots\" content=\"index, follow, max-snippet:-1, max-image-preview:large, max-video-preview:-1\" \/>\n<link rel=\"canonical\" href=\"https:\/\/lospoliticosveracruz.com\/?p=52907\" \/>\n<meta property=\"og:locale\" content=\"es_ES\" \/>\n<meta property=\"og:type\" content=\"article\" \/>\n<meta property=\"og:title\" content=\"Ex titular de la CGCS, \u00bfcon un pie el Pacho? - Los pol\u00edticos Veracruz\" \/>\n<meta property=\"og:description\" content=\"Luis Alberto Romero Hora cero Cuando en 2016 inici\u00f3 la administraci\u00f3n de Miguel \u00c1ngel Yunes en Veracruz, comenz\u00f3 tambi\u00e9n una cr\u00edtica sistem\u00e1tica contra la forma en que funcion\u00f3 la Coordinaci\u00f3n General de Comunicaci\u00f3n Social. Desde el Gobierno del Estado se dijo que exist\u00eda la determinaci\u00f3n de acabar con la opacidad en el \u00e1rea y con [&hellip;]\" \/>\n<meta property=\"og:url\" content=\"https:\/\/lospoliticosveracruz.com\/?p=52907\" \/>\n<meta property=\"og:site_name\" content=\"Los pol\u00edticos Veracruz\" \/>\n<meta property=\"article:publisher\" content=\"https:\/\/www.facebook.com\/people\/Notimemes-de-los-Polticos\/61565672886568\/\" \/>\n<meta property=\"article:published_time\" content=\"2020-02-27T15:05:58+00:00\" \/>\n<meta property=\"og:image\" content=\"https:\/\/lospoliticosveracruz.com\/wp-content\/uploads\/2016\/07\/Logo-Dor.jpg\" \/>\n\t<meta property=\"og:image:width\" content=\"200\" \/>\n\t<meta property=\"og:image:height\" content=\"200\" \/>\n\t<meta property=\"og:image:type\" content=\"image\/jpeg\" \/>\n<meta name=\"author\" content=\"Lo viste en Los Pol\u00edticos\" \/>\n<meta name=\"twitter:card\" content=\"summary_large_image\" \/>\n<meta name=\"twitter:creator\" content=\"@LosPoliticosVer\" \/>\n<meta name=\"twitter:site\" content=\"@LosPoliticosVer\" \/>\n<meta name=\"twitter:label1\" content=\"Escrito por\" \/>\n\t<meta name=\"twitter:data1\" content=\"Lo viste en Los Pol\u00edticos\" \/>\n\t<meta name=\"twitter:label2\" content=\"Tiempo de lectura\" \/>\n\t<meta name=\"twitter:data2\" content=\"3 minutos\" \/>\n<script type=\"application\/ld+json\" class=\"yoast-schema-graph\">{\"@context\":\"https:\\\/\\\/schema.org\",\"@graph\":[{\"@type\":\"Article\",\"@id\":\"https:\\\/\\\/lospoliticosveracruz.com\\\/?p=52907#article\",\"isPartOf\":{\"@id\":\"https:\\\/\\\/lospoliticosveracruz.com\\\/?p=52907\"},\"author\":{\"name\":\"Lo viste en Los Pol\u00edticos\",\"@id\":\"https:\\\/\\\/lospoliticosveracruz.com\\\/#\\\/schema\\\/person\\\/b8702bb0e538456e6efd07080bf2a4a2\"},\"headline\":\"Ex titular de la CGCS, \u00bfcon un pie el Pacho?\",\"datePublished\":\"2020-02-27T15:05:58+00:00\",\"mainEntityOfPage\":{\"@id\":\"https:\\\/\\\/lospoliticosveracruz.com\\\/?p=52907\"},\"wordCount\":626,\"commentCount\":0,\"publisher\":{\"@id\":\"https:\\\/\\\/lospoliticosveracruz.com\\\/#organization\"},\"keywords\":[\"Comunicaci\u00f3n Social\",\"El\u00edas Asaad Danini\",\"Gobierno del Estado\",\"Javier Duarte\",\"Luis Alberto Romero\",\"Miguel \u00c1ngel Yunes\",\"Orfis\",\"Veracruz\"],\"articleSection\":[\"De Opini\u00f3n\"],\"inLanguage\":\"es\",\"potentialAction\":[{\"@type\":\"CommentAction\",\"name\":\"Comment\",\"target\":[\"https:\\\/\\\/lospoliticosveracruz.com\\\/?p=52907#respond\"]}]},{\"@type\":\"WebPage\",\"@id\":\"https:\\\/\\\/lospoliticosveracruz.com\\\/?p=52907\",\"url\":\"https:\\\/\\\/lospoliticosveracruz.com\\\/?p=52907\",\"name\":\"Ex titular de la CGCS, \u00bfcon un pie el Pacho? - Los pol\u00edticos Veracruz\",\"isPartOf\":{\"@id\":\"https:\\\/\\\/lospoliticosveracruz.com\\\/#website\"},\"datePublished\":\"2020-02-27T15:05:58+00:00\",\"breadcrumb\":{\"@id\":\"https:\\\/\\\/lospoliticosveracruz.com\\\/?p=52907#breadcrumb\"},\"inLanguage\":\"es\",\"potentialAction\":[{\"@type\":\"ReadAction\",\"target\":[\"https:\\\/\\\/lospoliticosveracruz.com\\\/?p=52907\"]}]},{\"@type\":\"BreadcrumbList\",\"@id\":\"https:\\\/\\\/lospoliticosveracruz.com\\\/?p=52907#breadcrumb\",\"itemListElement\":[{\"@type\":\"ListItem\",\"position\":1,\"name\":\"Portada\",\"item\":\"https:\\\/\\\/lospoliticosveracruz.com\\\/\"},{\"@type\":\"ListItem\",\"position\":2,\"name\":\"Ex titular de la CGCS, \u00bfcon un pie el Pacho?\"}]},{\"@type\":\"WebSite\",\"@id\":\"https:\\\/\\\/lospoliticosveracruz.com\\\/#website\",\"url\":\"https:\\\/\\\/lospoliticosveracruz.com\\\/\",\"name\":\"Los pol\u00edticos Veracruz\",\"description\":\"\",\"publisher\":{\"@id\":\"https:\\\/\\\/lospoliticosveracruz.com\\\/#organization\"},\"potentialAction\":[{\"@type\":\"SearchAction\",\"target\":{\"@type\":\"EntryPoint\",\"urlTemplate\":\"https:\\\/\\\/lospoliticosveracruz.com\\\/?s={search_term_string}\"},\"query-input\":{\"@type\":\"PropertyValueSpecification\",\"valueRequired\":true,\"valueName\":\"search_term_string\"}}],\"inLanguage\":\"es\"},{\"@type\":\"Organization\",\"@id\":\"https:\\\/\\\/lospoliticosveracruz.com\\\/#organization\",\"name\":\"Los pol\u00edticos Veracruz\",\"url\":\"https:\\\/\\\/lospoliticosveracruz.com\\\/\",\"logo\":{\"@type\":\"ImageObject\",\"inLanguage\":\"es\",\"@id\":\"https:\\\/\\\/lospoliticosveracruz.com\\\/#\\\/schema\\\/logo\\\/image\\\/\",\"url\":\"https:\\\/\\\/lospoliticosveracruz.com\\\/wp-content\\\/uploads\\\/2025\\\/12\\\/Logo-Nuevo-LOS-POLITICOS-1.jpg\",\"contentUrl\":\"https:\\\/\\\/lospoliticosveracruz.com\\\/wp-content\\\/uploads\\\/2025\\\/12\\\/Logo-Nuevo-LOS-POLITICOS-1.jpg\",\"width\":260,\"height\":70,\"caption\":\"Los pol\u00edticos Veracruz\"},\"image\":{\"@id\":\"https:\\\/\\\/lospoliticosveracruz.com\\\/#\\\/schema\\\/logo\\\/image\\\/\"},\"sameAs\":[\"https:\\\/\\\/www.facebook.com\\\/people\\\/Notimemes-de-los-Polticos\\\/61565672886568\\\/\",\"https:\\\/\\\/x.com\\\/LosPoliticosVer\"]},{\"@type\":\"Person\",\"@id\":\"https:\\\/\\\/lospoliticosveracruz.com\\\/#\\\/schema\\\/person\\\/b8702bb0e538456e6efd07080bf2a4a2\",\"name\":\"Lo viste en Los Pol\u00edticos\",\"image\":{\"@type\":\"ImageObject\",\"inLanguage\":\"es\",\"@id\":\"https:\\\/\\\/secure.gravatar.com\\\/avatar\\\/3a8de04a2656d44082be478bd6c086daa447c4651605818287b9532d3d0bd435?s=96&d=mm&r=g\",\"url\":\"https:\\\/\\\/secure.gravatar.com\\\/avatar\\\/3a8de04a2656d44082be478bd6c086daa447c4651605818287b9532d3d0bd435?s=96&d=mm&r=g\",\"contentUrl\":\"https:\\\/\\\/secure.gravatar.com\\\/avatar\\\/3a8de04a2656d44082be478bd6c086daa447c4651605818287b9532d3d0bd435?s=96&d=mm&r=g\",\"caption\":\"Lo viste en Los Pol\u00edticos\"},\"url\":\"https:\\\/\\\/lospoliticosveracruz.com\\\/?author=2\"}]}<\/script>\n<!-- \/ Yoast SEO plugin. -->","yoast_head_json":{"title":"Ex titular de la CGCS, \u00bfcon un pie el Pacho? - Los pol\u00edticos Veracruz","robots":{"index":"index","follow":"follow","max-snippet":"max-snippet:-1","max-image-preview":"max-image-preview:large","max-video-preview":"max-video-preview:-1"},"canonical":"https:\/\/lospoliticosveracruz.com\/?p=52907","og_locale":"es_ES","og_type":"article","og_title":"Ex titular de la CGCS, \u00bfcon un pie el Pacho? - Los pol\u00edticos Veracruz","og_description":"Luis Alberto Romero Hora cero Cuando en 2016 inici\u00f3 la administraci\u00f3n de Miguel \u00c1ngel Yunes en Veracruz, comenz\u00f3 tambi\u00e9n una cr\u00edtica sistem\u00e1tica contra la forma en que funcion\u00f3 la Coordinaci\u00f3n General de Comunicaci\u00f3n Social. Desde el Gobierno del Estado se dijo que exist\u00eda la determinaci\u00f3n de acabar con la opacidad en el \u00e1rea y con [&hellip;]","og_url":"https:\/\/lospoliticosveracruz.com\/?p=52907","og_site_name":"Los pol\u00edticos Veracruz","article_publisher":"https:\/\/www.facebook.com\/people\/Notimemes-de-los-Polticos\/61565672886568\/","article_published_time":"2020-02-27T15:05:58+00:00","og_image":[{"width":200,"height":200,"url":"https:\/\/lospoliticosveracruz.com\/wp-content\/uploads\/2016\/07\/Logo-Dor.jpg","type":"image\/jpeg"}],"author":"Lo viste en Los Pol\u00edticos","twitter_card":"summary_large_image","twitter_creator":"@LosPoliticosVer","twitter_site":"@LosPoliticosVer","twitter_misc":{"Escrito por":"Lo viste en Los Pol\u00edticos","Tiempo de lectura":"3 minutos"},"schema":{"@context":"https:\/\/schema.org","@graph":[{"@type":"Article","@id":"https:\/\/lospoliticosveracruz.com\/?p=52907#article","isPartOf":{"@id":"https:\/\/lospoliticosveracruz.com\/?p=52907"},"author":{"name":"Lo viste en Los Pol\u00edticos","@id":"https:\/\/lospoliticosveracruz.com\/#\/schema\/person\/b8702bb0e538456e6efd07080bf2a4a2"},"headline":"Ex titular de la CGCS, \u00bfcon un pie el Pacho?","datePublished":"2020-02-27T15:05:58+00:00","mainEntityOfPage":{"@id":"https:\/\/lospoliticosveracruz.com\/?p=52907"},"wordCount":626,"commentCount":0,"publisher":{"@id":"https:\/\/lospoliticosveracruz.com\/#organization"},"keywords":["Comunicaci\u00f3n Social","El\u00edas Asaad Danini","Gobierno del Estado","Javier Duarte","Luis Alberto Romero","Miguel \u00c1ngel Yunes","Orfis","Veracruz"],"articleSection":["De Opini\u00f3n"],"inLanguage":"es","potentialAction":[{"@type":"CommentAction","name":"Comment","target":["https:\/\/lospoliticosveracruz.com\/?p=52907#respond"]}]},{"@type":"WebPage","@id":"https:\/\/lospoliticosveracruz.com\/?p=52907","url":"https:\/\/lospoliticosveracruz.com\/?p=52907","name":"Ex titular de la CGCS, \u00bfcon un pie el Pacho? - Los pol\u00edticos Veracruz","isPartOf":{"@id":"https:\/\/lospoliticosveracruz.com\/#website"},"datePublished":"2020-02-27T15:05:58+00:00","breadcrumb":{"@id":"https:\/\/lospoliticosveracruz.com\/?p=52907#breadcrumb"},"inLanguage":"es","potentialAction":[{"@type":"ReadAction","target":["https:\/\/lospoliticosveracruz.com\/?p=52907"]}]},{"@type":"BreadcrumbList","@id":"https:\/\/lospoliticosveracruz.com\/?p=52907#breadcrumb","itemListElement":[{"@type":"ListItem","position":1,"name":"Portada","item":"https:\/\/lospoliticosveracruz.com\/"},{"@type":"ListItem","position":2,"name":"Ex titular de la CGCS, \u00bfcon un pie el Pacho?"}]},{"@type":"WebSite","@id":"https:\/\/lospoliticosveracruz.com\/#website","url":"https:\/\/lospoliticosveracruz.com\/","name":"Los pol\u00edticos Veracruz","description":"","publisher":{"@id":"https:\/\/lospoliticosveracruz.com\/#organization"},"potentialAction":[{"@type":"SearchAction","target":{"@type":"EntryPoint","urlTemplate":"https:\/\/lospoliticosveracruz.com\/?s={search_term_string}"},"query-input":{"@type":"PropertyValueSpecification","valueRequired":true,"valueName":"search_term_string"}}],"inLanguage":"es"},{"@type":"Organization","@id":"https:\/\/lospoliticosveracruz.com\/#organization","name":"Los pol\u00edticos Veracruz","url":"https:\/\/lospoliticosveracruz.com\/","logo":{"@type":"ImageObject","inLanguage":"es","@id":"https:\/\/lospoliticosveracruz.com\/#\/schema\/logo\/image\/","url":"https:\/\/lospoliticosveracruz.com\/wp-content\/uploads\/2025\/12\/Logo-Nuevo-LOS-POLITICOS-1.jpg","contentUrl":"https:\/\/lospoliticosveracruz.com\/wp-content\/uploads\/2025\/12\/Logo-Nuevo-LOS-POLITICOS-1.jpg","width":260,"height":70,"caption":"Los pol\u00edticos Veracruz"},"image":{"@id":"https:\/\/lospoliticosveracruz.com\/#\/schema\/logo\/image\/"},"sameAs":["https:\/\/www.facebook.com\/people\/Notimemes-de-los-Polticos\/61565672886568\/","https:\/\/x.com\/LosPoliticosVer"]},{"@type":"Person","@id":"https:\/\/lospoliticosveracruz.com\/#\/schema\/person\/b8702bb0e538456e6efd07080bf2a4a2","name":"Lo viste en Los Pol\u00edticos","image":{"@type":"ImageObject","inLanguage":"es","@id":"https:\/\/secure.gravatar.com\/avatar\/3a8de04a2656d44082be478bd6c086daa447c4651605818287b9532d3d0bd435?s=96&d=mm&r=g","url":"https:\/\/secure.gravatar.com\/avatar\/3a8de04a2656d44082be478bd6c086daa447c4651605818287b9532d3d0bd435?s=96&d=mm&r=g","contentUrl":"https:\/\/secure.gravatar.com\/avatar\/3a8de04a2656d44082be478bd6c086daa447c4651605818287b9532d3d0bd435?s=96&d=mm&r=g","caption":"Lo viste en Los Pol\u00edticos"},"url":"https:\/\/lospoliticosveracruz.com\/?author=2"}]}},"_links":{"self":[{"href":"https:\/\/lospoliticosveracruz.com\/index.php?rest_route=\/wp\/v2\/posts\/52907","targetHints":{"allow":["GET"]}}],"collection":[{"href":"https:\/\/lospoliticosveracruz.com\/index.php?rest_route=\/wp\/v2\/posts"}],"about":[{"href":"https:\/\/lospoliticosveracruz.com\/index.php?rest_route=\/wp\/v2\/types\/post"}],"author":[{"embeddable":true,"href":"https:\/\/lospoliticosveracruz.com\/index.php?rest_route=\/wp\/v2\/users\/2"}],"replies":[{"embeddable":true,"href":"https:\/\/lospoliticosveracruz.com\/index.php?rest_route=%2Fwp%2Fv2%2Fcomments&post=52907"}],"version-history":[{"count":1,"href":"https:\/\/lospoliticosveracruz.com\/index.php?rest_route=\/wp\/v2\/posts\/52907\/revisions"}],"predecessor-version":[{"id":52908,"href":"https:\/\/lospoliticosveracruz.com\/index.php?rest_route=\/wp\/v2\/posts\/52907\/revisions\/52908"}],"wp:attachment":[{"href":"https:\/\/lospoliticosveracruz.com\/index.php?rest_route=%2Fwp%2Fv2%2Fmedia&parent=52907"}],"wp:term":[{"taxonomy":"category","embeddable":true,"href":"https:\/\/lospoliticosveracruz.com\/index.php?rest_route=%2Fwp%2Fv2%2Fcategories&post=52907"},{"taxonomy":"post_tag","embeddable":true,"href":"https:\/\/lospoliticosveracruz.com\/index.php?rest_route=%2Fwp%2Fv2%2Ftags&post=52907"}],"curies":[{"name":"wp","href":"https:\/\/api.w.org\/{rel}","templated":true}]}}