{"id":52953,"date":"2020-02-29T10:18:27","date_gmt":"2020-02-29T16:18:27","guid":{"rendered":"http:\/\/www.lospoliticosveracruz.com.mx\/?p=52953"},"modified":"2020-02-29T10:18:27","modified_gmt":"2020-02-29T16:18:27","slug":"tatanacho-por-la-32","status":"publish","type":"post","link":"https:\/\/lospoliticosveracruz.com\/?p=52953","title":{"rendered":"Tatanacho, \u00a1por la 32!"},"content":{"rendered":"<p><strong>Ricardo Ch\u00faa<\/strong><\/p>\n<p><em>Sale y Vale<\/em><\/p>\n<p>EXCLUSIVA &#8230; S\u00f3lo para conocedores&#8230; Qu\u00e9 alto funcionario del gobierno estatal de Veracruz&#8230; Prominente operador de MORENA y de la administraci\u00f3n&#8230;. Anda PROMOVIENDO luminarias para que ayuntamientos, las consigan a precio m\u00f3dico y que despu\u00e9s se reporten con \u00e9l para que TODOS GANEN&#8230; El compromiso es que \u00e9l conseguir\u00eda el \u00abvaro\u00bb $$$ para que esa obra de iluminaci\u00f3n se haga en cada municipio que le entre a \u00abBelem cantando\u00bb, con \u00e9l y con la empresa que recomienda por \u00abvender a precio\u00bb m\u00f3dico&#8230;<\/p>\n<p>La promesa es que el personaje gestiona r\u00e1pido el recurso&#8230; Le llega al municipio y el alcalde hace el tr\u00e1mite&#8230; Compran y en semanas, la ciudad tiene la \u00absuerte\u00bb de estar m\u00e1s iluminada que Paris&#8230; OJO&#8230; No sean mal pensados&#8230; No se \u00abtrata de moches\u00bb&#8230; Es \u00abayuda mutua\u00bb el alcalde tiene obra y se le reconoce labor desde el gobierno estatal y la empresa recomendada se vuelve \u00absolvente\u00bb ante la recesi\u00f3n econ\u00f3mica que vive la Iniciativa Privada en Veracruz&#8230; Ya ven que todos ganan&#8230; Si el funcionario es a \u00abtoda maye\u00bb&#8230; \u00bfQui\u00e9n ser\u00e1?&#8230;<\/p>\n<p>EXCLUSIVA ll&#8230; En Veracruz, la familia que ostenta el poder pol\u00edtico del gobierno estatal emanado de MORENA&#8230; Es decir, Los Garc\u00eda Jim\u00e9nez, no les bast\u00f3 estar inmersos en SEFIPLAN, Seguridad P\u00fablica, Secretar\u00eda de Salud, Secretar\u00eda de Educaci\u00f3n y Congreso de la Uni\u00f3n&#8230; Ahora cuentan, sus \u00abbi\u00f3grafos no autorizados\u00bb que actualmente ya no son los primos o hermanos los que buscan empoderarse en la entidad&#8230; NO&#8230; Sino que tambi\u00e9n \u00abTata\u00bb Nacho intenta construir su \u00abpara\u00edso terrenal\u00bb&#8230;<\/p>\n<p>Bien dice el dicho, \u00abque m\u00e1s sabe el diablo por viejo, que por diablo\u00bb&#8230; Pero que Don \u00abAta\u00bb no se anda moviendo dentro de la administraci\u00f3n estatal&#8230; Que tampoco manda con el \u00absobrino\u00bb Eleazar, que le paguen o que le facturen tal o cual cosa&#8230; NO&#8230; El Jefe del Clan Garc\u00eda&#8230; Ya tiene su mira puesta en su \u00abmina\u00bb de poder&#8230; Y es nada menos, que EMPODERARSE en la Secci\u00f3n 32 del SNTE&#8230; As\u00ed como la leen, la que ten\u00eda el extinto, Juan Nicol\u00e1s Callejas Arroyo&#8230; El Tata la quiere para \u00e9l y los suyos&#8230; Bien lo dice Elba Esther&#8230; El poder es el poder&#8230;<\/p>\n<p>\u00abTata\u00bb Nacho viendo que esta secci\u00f3n 32 en Veracruz&#8230; Est\u00e1 d\u00e9bil porque Callejitas no es el \u00abtigre\u00bb que fue el pap\u00e1&#8230; Ahora \u00abDon Ata\u00bb sabiendo que su junior es el \u00abchucha cueruda\u00bb de Veracruz y uno de los 5 que tiene MORENA en el pa\u00eds&#8230; Intenta que le den v\u00eda la SNTE&#8230; Esa secci\u00f3n en Veracruz, para hacerla MORENA y PRIMOR&#8230; Y que todo quede en familia&#8230; Un emporio familiar como los Chedraui y los Fern\u00e1ndez&#8230; Y dec\u00edan que Los Garc\u00eda no sab\u00edan que hacer con el poder&#8230; Ja Ja Ja&#8230; Ni a los Yunes se les habr\u00eda ocurrido&#8230;<\/p>\n<p>Por lo pronto.. El Primer Pap\u00e1 de Veracruz ya anda moviendo dentro de esta secci\u00f3n del SNTE&#8230; A un personaje ligado al gobierno de su Junior como el futuro l\u00edder y que adem\u00e1s es af\u00edn a \u00e9l y de su generaci\u00f3n&#8230; Las reuniones con los liderazgos son en su nuevo domicilio en Xalapa porque \u00e9l ya \u00abhered\u00f3\u00bb su casa al Gobernador y no vive con \u00e9l&#8230; \u00abDon Ata\u00bb, al que le gusta la salsa y la baila mejor que Cuitl\u00e1huac, se fue del hogar \u00abpaterno\u00bb a vivir a otro lado&#8230; Quiere el SNTE y va por \u00e9l&#8230; Los Callejas han muerto, vivan Los Garc\u00eda&#8230; TAN Y TAN&#8230;<\/p>\n<p>EL VERDADERO PELIGRO&#8230; Muchos est\u00e1n atemoriz\u00e1ndose con el tema del \u00abCoronavirus\u00bb y su presencia en M\u00e9xico&#8230; El cual lleva ya dos casos confirmados en el pa\u00eds&#8230; Y en redes sociales estuvieron informando de un presunto caso en el puerto de Veracruz, y que este paciente estaba en el ISSSTE de la cl\u00ednica El Coyol&#8230; Caso m\u00e1s que FALSO&#8230; Lo verdaderamente ALARMANTE de estos casos, no es la enfermedad&#8230;. Sino todo el \u00abda\u00f1o colateral\u00bb que provoca&#8230; C\u00f3mo es que el precio del d\u00f3lar suba ante el peso mexicano&#8230;<\/p>\n<p>Y as\u00ed como en los centros comerciales de Veracruz ayer se desataron las compras de \u00abp\u00e1nico\u00bb y en las tiendas ya no hab\u00eda gel desinfectante de las manos&#8230; Tambi\u00e9n algunas sucursales bancarias empezaron a sufrir con la compra de d\u00f3lares en la conurbaci\u00f3n&#8230;. M\u00e1s cuando se inform\u00f3 que el precio de esta moneda lleg\u00f3 a los 19.70 pesos&#8230; Casi rozando los 20 pesos, la peor ca\u00edda en los \u00faltimos 8 meses&#8230; Eso si es preocupante&#8230; Que el d\u00f3lar casi llegue al precio del euro&#8230;.<\/p>\n<p>Si llegara a rebasar en los pr\u00f3ximos d\u00edas los 20 pesos&#8230; Ah\u00ed nos lleva la \u00abfregada\u00bb a todos en Veracruz&#8230; No s\u00f3lo el proyecto de la \u00abCuarta Transformaci\u00f3n\u00bb de Cuitl\u00e1huac o Andr\u00e9s Manuel L\u00f3pez Obrador&#8230; No, a todos&#8230; El \u00e9xito que m\u00e1s o menos hab\u00eda mantenido el gobierno federal en estos 15 meses en el poder&#8230; Era que manten\u00eda el d\u00f3lar abajo de los 20 pesos&#8230; Lleg\u00f3 a estar en 18.50 hace meses&#8230; Pero el \u00abcoronavirus\u00bb monetario los alcanz\u00f3 y nos deja rozando los 20 pesos&#8230; Y un centavo de incremento es CATASTR\u00d3FICO para el pa\u00eds&#8230;.<\/p>\n<p>El caso es que estos incrementos al d\u00f3lar en zonas como Veracruz&#8230; Afecta mucho, m\u00e1s que el mundo est\u00e1 demasiado conectado y consumimos productos que aunque terminen de armarse en M\u00e9xico&#8230; Sus componentes vienen de otros pa\u00edses&#8230; Por eso hay que tomar las cosas con calma&#8230; Recuerden que los mercados de dinero lo manejan especuladores y entre menos nos subamos al juego&#8230; M\u00e1s r\u00e1pido se puede estabilizar todo&#8230; El problema es que con los gobiernos de MORENA&#8230; Todo es una PINCHE INCERTIUMBRE&#8230; Se ten\u00eda que decir y se dijo&#8230;. DIOS NOS BENDIGA&#8230;<\/p>\n<p>EL \u00abAHIJADO\u00bb \u00bfC\u00d3MODO?&#8230; En una reuni\u00f3n de varios grupos pol\u00edticos ligados a MORENA que sostuvieron con el secretario de Hacienda, Arturo Herrera, en CDMX&#8230; Hab\u00eda unos poderosos \u00abhacedores\u00bb de pol\u00edticos en medios de comunicaci\u00f3n, que tienen ligas en Veracruz desde los tiempos de Miguel Alem\u00e1n, Fidel Herrera y Javier Duarte&#8230; Y que mantienen desde hace varios a\u00f1os cercan\u00eda con el titular de la SHyCP, por ser amigos directos de Olga S\u00e1nchez C\u00f3rdero, titular de SEGOB, que mantiene v\u00ednculos hasta familiares con ellos&#8230;<\/p>\n<p>Ah\u00ed ya en la \u00abchorcha\u00bb pol\u00edtica despu\u00e9s de la reuni\u00f3n&#8230; Con risas y \u00abgrillas\u00bb como sucede con todo \u00abjarocho\u00bb en \u00abchilangoland\u00eda\u00bb&#8230; Le preguntaron a Herrera el por qu\u00e9 no le \u00abechaba un lazo\u00bb m\u00e1s marcado a su \u00abah\u00edjado\u00bb en Veracruz&#8230; El titular de SEFIPLAN, Jos\u00e9 Luis Lima&#8230; Despu\u00e9s de que es sabido que el gobierno de Cuitl\u00e1huac Garc\u00eda est\u00e1 teniendo su peor crisis en materia econ\u00f3mica a menos de 2 a\u00f1os de haber tomado posesi\u00f3n como gobernador&#8230;<\/p>\n<p>Cuentan que Arturo Herrera se volteo y dijo: \u00abA mi no echen -padrinazgos-, el de SEFIPLAN es un asunto que tiene que resolver el gobernador, Cuitl\u00e1huac, no yo\u00bb&#8230; Coment\u00f3 que esa versi\u00f3n de la cercan\u00eda con funcionarios federales, la hab\u00eda escuchado desde que Carlos \u00darzua era el secretario de Hacienda&#8230; Pero que de ese asunto, no tendr\u00eda el por qu\u00e9 hacer un comentario al respecto&#8230; El tema es con la \u00abaldea\u00bb veracruzana&#8230;. No con la Metropol\u00ed&#8230; AMEN&#8230; .<\/p>\n","protected":false},"excerpt":{"rendered":"<p>Ricardo Ch\u00faa Sale y Vale EXCLUSIVA &#8230; S\u00f3lo para conocedores&#8230; Qu\u00e9 alto funcionario del gobierno estatal de Veracruz&#8230; Prominente operador de MORENA y de la administraci\u00f3n&#8230;. Anda PROMOVIENDO luminarias para que ayuntamientos, las consigan a precio m\u00f3dico y que despu\u00e9s se reporten con \u00e9l para que TODOS GANEN&#8230; El compromiso es que \u00e9l conseguir\u00eda el [&hellip;]<\/p>\n","protected":false},"author":2,"featured_media":0,"comment_status":"open","ping_status":"open","sticky":false,"template":"","format":"standard","meta":{"tdm_status":"","tdm_grid_status":"","footnotes":""},"categories":[70],"tags":[1563,377,10654,1026,951,3883,195],"class_list":{"0":"post-52953","1":"post","2":"type-post","3":"status-publish","4":"format-standard","6":"category-de-opinion","7":"tag-cuitlahuac-garcia-jimenez","8":"tag-juan-nicolas-callejas-arroyo","9":"tag-luminarias","10":"tag-morena","11":"tag-seccion-32","12":"tag-snte","13":"tag-veracruz"},"yoast_head":"<!-- This site is optimized with the Yoast SEO plugin v27.4 - https:\/\/yoast.com\/product\/yoast-seo-wordpress\/ -->\n<title>Tatanacho, \u00a1por la 32! - Los pol\u00edticos Veracruz<\/title>\n<meta name=\"robots\" content=\"index, follow, max-snippet:-1, max-image-preview:large, max-video-preview:-1\" \/>\n<link rel=\"canonical\" href=\"https:\/\/lospoliticosveracruz.com\/?p=52953\" \/>\n<meta property=\"og:locale\" content=\"es_ES\" \/>\n<meta property=\"og:type\" content=\"article\" \/>\n<meta property=\"og:title\" content=\"Tatanacho, \u00a1por la 32! - Los pol\u00edticos Veracruz\" \/>\n<meta property=\"og:description\" content=\"Ricardo Ch\u00faa Sale y Vale EXCLUSIVA &#8230; S\u00f3lo para conocedores&#8230; Qu\u00e9 alto funcionario del gobierno estatal de Veracruz&#8230; Prominente operador de MORENA y de la administraci\u00f3n&#8230;. Anda PROMOVIENDO luminarias para que ayuntamientos, las consigan a precio m\u00f3dico y que despu\u00e9s se reporten con \u00e9l para que TODOS GANEN&#8230; El compromiso es que \u00e9l conseguir\u00eda el [&hellip;]\" \/>\n<meta property=\"og:url\" content=\"https:\/\/lospoliticosveracruz.com\/?p=52953\" \/>\n<meta property=\"og:site_name\" content=\"Los pol\u00edticos Veracruz\" \/>\n<meta property=\"article:publisher\" content=\"https:\/\/www.facebook.com\/people\/Notimemes-de-los-Polticos\/61565672886568\/\" \/>\n<meta property=\"article:published_time\" content=\"2020-02-29T16:18:27+00:00\" \/>\n<meta property=\"og:image\" content=\"https:\/\/lospoliticosveracruz.com\/wp-content\/uploads\/2016\/07\/Logo-Dor.jpg\" \/>\n\t<meta property=\"og:image:width\" content=\"200\" \/>\n\t<meta property=\"og:image:height\" content=\"200\" \/>\n\t<meta property=\"og:image:type\" content=\"image\/jpeg\" \/>\n<meta name=\"author\" content=\"Lo viste en Los Pol\u00edticos\" \/>\n<meta name=\"twitter:card\" content=\"summary_large_image\" \/>\n<meta name=\"twitter:creator\" content=\"@LosPoliticosVer\" \/>\n<meta name=\"twitter:site\" content=\"@LosPoliticosVer\" \/>\n<meta name=\"twitter:label1\" content=\"Escrito por\" \/>\n\t<meta name=\"twitter:data1\" content=\"Lo viste en Los Pol\u00edticos\" \/>\n\t<meta name=\"twitter:label2\" content=\"Tiempo de lectura\" \/>\n\t<meta name=\"twitter:data2\" content=\"6 minutos\" \/>\n<script type=\"application\/ld+json\" class=\"yoast-schema-graph\">{\"@context\":\"https:\\\/\\\/schema.org\",\"@graph\":[{\"@type\":\"Article\",\"@id\":\"https:\\\/\\\/lospoliticosveracruz.com\\\/?p=52953#article\",\"isPartOf\":{\"@id\":\"https:\\\/\\\/lospoliticosveracruz.com\\\/?p=52953\"},\"author\":{\"name\":\"Lo viste en Los Pol\u00edticos\",\"@id\":\"https:\\\/\\\/lospoliticosveracruz.com\\\/#\\\/schema\\\/person\\\/b8702bb0e538456e6efd07080bf2a4a2\"},\"headline\":\"Tatanacho, \u00a1por la 32!\",\"datePublished\":\"2020-02-29T16:18:27+00:00\",\"mainEntityOfPage\":{\"@id\":\"https:\\\/\\\/lospoliticosveracruz.com\\\/?p=52953\"},\"wordCount\":1264,\"commentCount\":0,\"publisher\":{\"@id\":\"https:\\\/\\\/lospoliticosveracruz.com\\\/#organization\"},\"keywords\":[\"Cuitl\u00e1huac Garc\u00eda Jim\u00e9nez\",\"Juan Nicol\u00e1s Callejas Arroyo\",\"Luminarias\",\"Morena\",\"Secci\u00f3n 32\",\"SNTE\",\"Veracruz\"],\"articleSection\":[\"De Opini\u00f3n\"],\"inLanguage\":\"es\",\"potentialAction\":[{\"@type\":\"CommentAction\",\"name\":\"Comment\",\"target\":[\"https:\\\/\\\/lospoliticosveracruz.com\\\/?p=52953#respond\"]}]},{\"@type\":\"WebPage\",\"@id\":\"https:\\\/\\\/lospoliticosveracruz.com\\\/?p=52953\",\"url\":\"https:\\\/\\\/lospoliticosveracruz.com\\\/?p=52953\",\"name\":\"Tatanacho, \u00a1por la 32! - Los pol\u00edticos Veracruz\",\"isPartOf\":{\"@id\":\"https:\\\/\\\/lospoliticosveracruz.com\\\/#website\"},\"datePublished\":\"2020-02-29T16:18:27+00:00\",\"breadcrumb\":{\"@id\":\"https:\\\/\\\/lospoliticosveracruz.com\\\/?p=52953#breadcrumb\"},\"inLanguage\":\"es\",\"potentialAction\":[{\"@type\":\"ReadAction\",\"target\":[\"https:\\\/\\\/lospoliticosveracruz.com\\\/?p=52953\"]}]},{\"@type\":\"BreadcrumbList\",\"@id\":\"https:\\\/\\\/lospoliticosveracruz.com\\\/?p=52953#breadcrumb\",\"itemListElement\":[{\"@type\":\"ListItem\",\"position\":1,\"name\":\"Portada\",\"item\":\"https:\\\/\\\/lospoliticosveracruz.com\\\/\"},{\"@type\":\"ListItem\",\"position\":2,\"name\":\"Tatanacho, \u00a1por la 32!\"}]},{\"@type\":\"WebSite\",\"@id\":\"https:\\\/\\\/lospoliticosveracruz.com\\\/#website\",\"url\":\"https:\\\/\\\/lospoliticosveracruz.com\\\/\",\"name\":\"Los pol\u00edticos Veracruz\",\"description\":\"\",\"publisher\":{\"@id\":\"https:\\\/\\\/lospoliticosveracruz.com\\\/#organization\"},\"potentialAction\":[{\"@type\":\"SearchAction\",\"target\":{\"@type\":\"EntryPoint\",\"urlTemplate\":\"https:\\\/\\\/lospoliticosveracruz.com\\\/?s={search_term_string}\"},\"query-input\":{\"@type\":\"PropertyValueSpecification\",\"valueRequired\":true,\"valueName\":\"search_term_string\"}}],\"inLanguage\":\"es\"},{\"@type\":\"Organization\",\"@id\":\"https:\\\/\\\/lospoliticosveracruz.com\\\/#organization\",\"name\":\"Los pol\u00edticos Veracruz\",\"url\":\"https:\\\/\\\/lospoliticosveracruz.com\\\/\",\"logo\":{\"@type\":\"ImageObject\",\"inLanguage\":\"es\",\"@id\":\"https:\\\/\\\/lospoliticosveracruz.com\\\/#\\\/schema\\\/logo\\\/image\\\/\",\"url\":\"https:\\\/\\\/lospoliticosveracruz.com\\\/wp-content\\\/uploads\\\/2025\\\/12\\\/Logo-Nuevo-LOS-POLITICOS-1.jpg\",\"contentUrl\":\"https:\\\/\\\/lospoliticosveracruz.com\\\/wp-content\\\/uploads\\\/2025\\\/12\\\/Logo-Nuevo-LOS-POLITICOS-1.jpg\",\"width\":260,\"height\":70,\"caption\":\"Los pol\u00edticos Veracruz\"},\"image\":{\"@id\":\"https:\\\/\\\/lospoliticosveracruz.com\\\/#\\\/schema\\\/logo\\\/image\\\/\"},\"sameAs\":[\"https:\\\/\\\/www.facebook.com\\\/people\\\/Notimemes-de-los-Polticos\\\/61565672886568\\\/\",\"https:\\\/\\\/x.com\\\/LosPoliticosVer\"]},{\"@type\":\"Person\",\"@id\":\"https:\\\/\\\/lospoliticosveracruz.com\\\/#\\\/schema\\\/person\\\/b8702bb0e538456e6efd07080bf2a4a2\",\"name\":\"Lo viste en Los Pol\u00edticos\",\"image\":{\"@type\":\"ImageObject\",\"inLanguage\":\"es\",\"@id\":\"https:\\\/\\\/secure.gravatar.com\\\/avatar\\\/3a8de04a2656d44082be478bd6c086daa447c4651605818287b9532d3d0bd435?s=96&d=mm&r=g\",\"url\":\"https:\\\/\\\/secure.gravatar.com\\\/avatar\\\/3a8de04a2656d44082be478bd6c086daa447c4651605818287b9532d3d0bd435?s=96&d=mm&r=g\",\"contentUrl\":\"https:\\\/\\\/secure.gravatar.com\\\/avatar\\\/3a8de04a2656d44082be478bd6c086daa447c4651605818287b9532d3d0bd435?s=96&d=mm&r=g\",\"caption\":\"Lo viste en Los Pol\u00edticos\"},\"url\":\"https:\\\/\\\/lospoliticosveracruz.com\\\/?author=2\"}]}<\/script>\n<!-- \/ Yoast SEO plugin. -->","yoast_head_json":{"title":"Tatanacho, \u00a1por la 32! - Los pol\u00edticos Veracruz","robots":{"index":"index","follow":"follow","max-snippet":"max-snippet:-1","max-image-preview":"max-image-preview:large","max-video-preview":"max-video-preview:-1"},"canonical":"https:\/\/lospoliticosveracruz.com\/?p=52953","og_locale":"es_ES","og_type":"article","og_title":"Tatanacho, \u00a1por la 32! - Los pol\u00edticos Veracruz","og_description":"Ricardo Ch\u00faa Sale y Vale EXCLUSIVA &#8230; S\u00f3lo para conocedores&#8230; Qu\u00e9 alto funcionario del gobierno estatal de Veracruz&#8230; Prominente operador de MORENA y de la administraci\u00f3n&#8230;. Anda PROMOVIENDO luminarias para que ayuntamientos, las consigan a precio m\u00f3dico y que despu\u00e9s se reporten con \u00e9l para que TODOS GANEN&#8230; El compromiso es que \u00e9l conseguir\u00eda el [&hellip;]","og_url":"https:\/\/lospoliticosveracruz.com\/?p=52953","og_site_name":"Los pol\u00edticos Veracruz","article_publisher":"https:\/\/www.facebook.com\/people\/Notimemes-de-los-Polticos\/61565672886568\/","article_published_time":"2020-02-29T16:18:27+00:00","og_image":[{"width":200,"height":200,"url":"https:\/\/lospoliticosveracruz.com\/wp-content\/uploads\/2016\/07\/Logo-Dor.jpg","type":"image\/jpeg"}],"author":"Lo viste en Los Pol\u00edticos","twitter_card":"summary_large_image","twitter_creator":"@LosPoliticosVer","twitter_site":"@LosPoliticosVer","twitter_misc":{"Escrito por":"Lo viste en Los Pol\u00edticos","Tiempo de lectura":"6 minutos"},"schema":{"@context":"https:\/\/schema.org","@graph":[{"@type":"Article","@id":"https:\/\/lospoliticosveracruz.com\/?p=52953#article","isPartOf":{"@id":"https:\/\/lospoliticosveracruz.com\/?p=52953"},"author":{"name":"Lo viste en Los Pol\u00edticos","@id":"https:\/\/lospoliticosveracruz.com\/#\/schema\/person\/b8702bb0e538456e6efd07080bf2a4a2"},"headline":"Tatanacho, \u00a1por la 32!","datePublished":"2020-02-29T16:18:27+00:00","mainEntityOfPage":{"@id":"https:\/\/lospoliticosveracruz.com\/?p=52953"},"wordCount":1264,"commentCount":0,"publisher":{"@id":"https:\/\/lospoliticosveracruz.com\/#organization"},"keywords":["Cuitl\u00e1huac Garc\u00eda Jim\u00e9nez","Juan Nicol\u00e1s Callejas Arroyo","Luminarias","Morena","Secci\u00f3n 32","SNTE","Veracruz"],"articleSection":["De Opini\u00f3n"],"inLanguage":"es","potentialAction":[{"@type":"CommentAction","name":"Comment","target":["https:\/\/lospoliticosveracruz.com\/?p=52953#respond"]}]},{"@type":"WebPage","@id":"https:\/\/lospoliticosveracruz.com\/?p=52953","url":"https:\/\/lospoliticosveracruz.com\/?p=52953","name":"Tatanacho, \u00a1por la 32! - Los pol\u00edticos Veracruz","isPartOf":{"@id":"https:\/\/lospoliticosveracruz.com\/#website"},"datePublished":"2020-02-29T16:18:27+00:00","breadcrumb":{"@id":"https:\/\/lospoliticosveracruz.com\/?p=52953#breadcrumb"},"inLanguage":"es","potentialAction":[{"@type":"ReadAction","target":["https:\/\/lospoliticosveracruz.com\/?p=52953"]}]},{"@type":"BreadcrumbList","@id":"https:\/\/lospoliticosveracruz.com\/?p=52953#breadcrumb","itemListElement":[{"@type":"ListItem","position":1,"name":"Portada","item":"https:\/\/lospoliticosveracruz.com\/"},{"@type":"ListItem","position":2,"name":"Tatanacho, \u00a1por la 32!"}]},{"@type":"WebSite","@id":"https:\/\/lospoliticosveracruz.com\/#website","url":"https:\/\/lospoliticosveracruz.com\/","name":"Los pol\u00edticos Veracruz","description":"","publisher":{"@id":"https:\/\/lospoliticosveracruz.com\/#organization"},"potentialAction":[{"@type":"SearchAction","target":{"@type":"EntryPoint","urlTemplate":"https:\/\/lospoliticosveracruz.com\/?s={search_term_string}"},"query-input":{"@type":"PropertyValueSpecification","valueRequired":true,"valueName":"search_term_string"}}],"inLanguage":"es"},{"@type":"Organization","@id":"https:\/\/lospoliticosveracruz.com\/#organization","name":"Los pol\u00edticos Veracruz","url":"https:\/\/lospoliticosveracruz.com\/","logo":{"@type":"ImageObject","inLanguage":"es","@id":"https:\/\/lospoliticosveracruz.com\/#\/schema\/logo\/image\/","url":"https:\/\/lospoliticosveracruz.com\/wp-content\/uploads\/2025\/12\/Logo-Nuevo-LOS-POLITICOS-1.jpg","contentUrl":"https:\/\/lospoliticosveracruz.com\/wp-content\/uploads\/2025\/12\/Logo-Nuevo-LOS-POLITICOS-1.jpg","width":260,"height":70,"caption":"Los pol\u00edticos Veracruz"},"image":{"@id":"https:\/\/lospoliticosveracruz.com\/#\/schema\/logo\/image\/"},"sameAs":["https:\/\/www.facebook.com\/people\/Notimemes-de-los-Polticos\/61565672886568\/","https:\/\/x.com\/LosPoliticosVer"]},{"@type":"Person","@id":"https:\/\/lospoliticosveracruz.com\/#\/schema\/person\/b8702bb0e538456e6efd07080bf2a4a2","name":"Lo viste en Los Pol\u00edticos","image":{"@type":"ImageObject","inLanguage":"es","@id":"https:\/\/secure.gravatar.com\/avatar\/3a8de04a2656d44082be478bd6c086daa447c4651605818287b9532d3d0bd435?s=96&d=mm&r=g","url":"https:\/\/secure.gravatar.com\/avatar\/3a8de04a2656d44082be478bd6c086daa447c4651605818287b9532d3d0bd435?s=96&d=mm&r=g","contentUrl":"https:\/\/secure.gravatar.com\/avatar\/3a8de04a2656d44082be478bd6c086daa447c4651605818287b9532d3d0bd435?s=96&d=mm&r=g","caption":"Lo viste en Los Pol\u00edticos"},"url":"https:\/\/lospoliticosveracruz.com\/?author=2"}]}},"_links":{"self":[{"href":"https:\/\/lospoliticosveracruz.com\/index.php?rest_route=\/wp\/v2\/posts\/52953","targetHints":{"allow":["GET"]}}],"collection":[{"href":"https:\/\/lospoliticosveracruz.com\/index.php?rest_route=\/wp\/v2\/posts"}],"about":[{"href":"https:\/\/lospoliticosveracruz.com\/index.php?rest_route=\/wp\/v2\/types\/post"}],"author":[{"embeddable":true,"href":"https:\/\/lospoliticosveracruz.com\/index.php?rest_route=\/wp\/v2\/users\/2"}],"replies":[{"embeddable":true,"href":"https:\/\/lospoliticosveracruz.com\/index.php?rest_route=%2Fwp%2Fv2%2Fcomments&post=52953"}],"version-history":[{"count":1,"href":"https:\/\/lospoliticosveracruz.com\/index.php?rest_route=\/wp\/v2\/posts\/52953\/revisions"}],"predecessor-version":[{"id":52954,"href":"https:\/\/lospoliticosveracruz.com\/index.php?rest_route=\/wp\/v2\/posts\/52953\/revisions\/52954"}],"wp:attachment":[{"href":"https:\/\/lospoliticosveracruz.com\/index.php?rest_route=%2Fwp%2Fv2%2Fmedia&parent=52953"}],"wp:term":[{"taxonomy":"category","embeddable":true,"href":"https:\/\/lospoliticosveracruz.com\/index.php?rest_route=%2Fwp%2Fv2%2Fcategories&post=52953"},{"taxonomy":"post_tag","embeddable":true,"href":"https:\/\/lospoliticosveracruz.com\/index.php?rest_route=%2Fwp%2Fv2%2Ftags&post=52953"}],"curies":[{"name":"wp","href":"https:\/\/api.w.org\/{rel}","templated":true}]}}