{"id":53003,"date":"2020-03-02T23:00:04","date_gmt":"2020-03-03T05:00:04","guid":{"rendered":"http:\/\/www.lospoliticosveracruz.com.mx\/?p=53003"},"modified":"2020-03-02T19:48:28","modified_gmt":"2020-03-03T01:48:28","slug":"no-se-ofenda-bola-8","status":"publish","type":"post","link":"https:\/\/lospoliticosveracruz.com\/?p=53003","title":{"rendered":"No se ofenda, Bola 8"},"content":{"rendered":"<p><strong>Salvador Mu\u00f1oz<\/strong><\/p>\n<p><em>Los Pol\u00edticos<\/em><\/p>\n<p><span style=\"font-weight: 400;\">La primera pregunta que le hice a Fidel Herrera Beltr\u00e1n como Gobernador electo fue \u201c\u00bfTiene usted humor negro?\u201d \u00a1Para qu\u00e9! Su respuesta fue tajante, seca, mientras se arremangaba saco y camisa para mostrarme su antebrazo: \u201c\u00bfLo dices por la pigmentaci\u00f3n de mi piel?\u201d, y me se\u00f1alaba con su dedo (negro, por cierto) una y otra vez su epidermis para posteriormente arrancarse con un discurso sobre la raza negra en Veracruz, las comunidades afro asentadas en nuestro estado y los trabajos de investigaci\u00f3n del maestro Gonzalo Aguirre Beltr\u00e1n\u2026 tuvo que entrar el director de la revista donde trabajaba con una pregunta \u201csalvavidas\u201d: \u201c\u00bfSu proyecto de Gobierno?\u201d La manga y el saco de la camisa bajaron y ah\u00ed acab\u00f3 mi participaci\u00f3n en la entrevista\u2026<\/span><\/p>\n<p><span style=\"font-weight: 400;\">Recuerdo esto por el comentario que hizo el secretario de Gobierno de que lo comparan con una bola de billar, espec\u00edficamente la Bola 8, que es la negra. Tambi\u00e9n hace remembranza de que cuando ni\u00f1o, le hicieron \u201cbullying\u201d por el color de su piel\u2026 \u00a1Ah chingaos! \u00a1S\u00f3lo que en Otatitl\u00e1n haya puro g\u00fcero! bueno, aunque si se refiere a su estancia de casi toda la vida en la zona de Baja California, le doy el beneficio de la dura.<\/span><\/p>\n<p><span style=\"font-weight: 400;\">Nuestra pol\u00edtica, la veracruzana, se ha caracterizado por motejar a los personajes nuestros de cada grilla, que van desde el Gobernador, el alcalde, los diputados y dem\u00e1s animalitos del Se\u00f1or que pertenecen a esta fauna\u2026<\/span><\/p>\n<p><span style=\"font-weight: 400;\">A T\u00edo Fide le enjaretaron la leyenda de ser un cabr\u00f3n para eso de poner apodos: A Ranulfo M\u00e1rquez, Cabeza de Lata; a Erick Lagos, Chilly Willy; a David Velasco Chedraui, Tont\u00edn; Alfredo G\u00e1ndara, la Marrana Parada; Marco Theurel, La Tesorito, Laura Le\u00f3n; Rosa Gloria Chagoy\u00e1n, Salvador S\u00e1nchez Estrada; Barbie Constructora, Memo Herrera; Gustavo Arr\u00f3niz, el Toma-Todo; Carlos Garc\u00eda M\u00e9ndez, Oreja Doblada; el ChiquiPerro, Miguel \u00c1ngel Yunes M\u00e1rquez; la Chacala, Carlos Nolasco; Edel Alvarez Pe\u00f1a, Cara\u2019e\u2019Muela; Ricardo Landa, el Gato Modorro; Ra\u00fal Ramos Vicarte, La Bailarina; Miguel \u00c1ngel D\u00edaz Pedroza, Pelos de Algod\u00f3n; Ignacio Gonz\u00e1lez Rebolledo, Pelos de Alambre; Tom\u00e1s Carrillo S\u00e1nchez, El Pijul; La Esmeralda, Marcelo Montiel; Tom\u00e1s Rubio, El Pich\u00f3n Pre\u00f1ao\u2026<\/span><\/p>\n<p><span style=\"font-weight: 400;\">Aunque hay otros apodos legendarios que no tienen la autor\u00eda del oriundo de Nopaltepec como El Muerto, Edmundo Mart\u00ednez Zaleta; Ch\u00f3foro Hern\u00e1ndez Cerecedo; La Chiquita Uscanga; Guillermo Capulina Z\u00fa\u00f1iga; Joel Arcos, El Tuercas; El Chino Flavino R\u00edos; La Gorgolocha, Fernando Charleston; Juan Nicol\u00e1s Ojo de Vidrio Callejas (Qepd); Armando La Rana Ren\u00e9 M\u00e9ndez de la Luz; El Ciego, Ricardo Olivares; Amadeo Flores, El Tibur\u00f3n y Caballo Loco, Dante Delgado\u2026 por cierto, tambi\u00e9n est\u00e1 Mauro Loyo Varela, el Pito Loco y mi amigo Rafael El Loco Ochoa.<\/span><\/p>\n<p><span style=\"font-weight: 400;\">Igual hay que mencionar a Luis Sardi\u00f1as Salgado, el Co\u00f1o Loco, surgido de las caricaturas de Alberto Morales, as\u00ed como El Perico del Rector, V\u00edctor Arredondo \u00c1lvarez, adem\u00e1s de El Lotero, Paco Esparza.<\/span><\/p>\n<p><span style=\"font-weight: 400;\">Y qu\u00e9 decir de La Flecha Murillo y El Capit\u00e1n Chanclas junto con los Negritos Bembones Alfredo y Ram\u00f3n Ferrari, o Los Huevos, Rodrigo y Ricardo Garc\u00eda Escalante\u2026 por cierto, a su padre, Ricardo Garc\u00eda Guzm\u00e1n, le dec\u00edan El \u00d1o\u00f1o; y ya que hablamos de conjuntos pues estuvieron las Barbies del PRI.<\/span><\/p>\n<p><span style=\"font-weight: 400;\">Entre los panistas podemos citar a El Chapito Joaqu\u00edn Guzm\u00e1n Avil\u00e9s; a Omar El Cari\u00f1o Miranda; Sergio Hern\u00e1ndez, He-Man; El Dipu-Tito Delf\u00edn Cano; El Miky Bingen Rementer\u00eda; Marigraz La Belinda Hern\u00e1ndez y El Indio Brayan Ricardo Serna Barajas, que con barba, no se entiende el apodo\u2026 de paso recordemos a El Gato Seco Jos\u00e9 Kirsch.<\/span><\/p>\n<p><span style=\"font-weight: 400;\">Claro que hay algunos que llegan con su apodo endilgado desde la infancia, como es el caso del Pipiolo Juan Manuel de Unanue o el del Car\u00f3n, Juan Javier G\u00f3mez Cazar\u00edn; en el caso de Zenyazen, no cuenta como apodo El Tarzan Boy porque era su nombre art\u00edstico&#8230; otros, por sus estudios: El Chileno, Vicente Ben\u00edtez; y hay unos que se dan por declaraciones, como le pas\u00f3 a Tava Ortega con Pepe Yunes: Huevos Tibios. O cuando se filtr\u00f3 una conversaci\u00f3n de Fidel Herrera y hablaba de Duarte, y que le dec\u00edan El Reapendejado, aunque muchos lo niegan y dicen que en corto le apod\u00f3 Voz de Pito.<\/span><\/p>\n<p><span style=\"font-weight: 400;\">Por cierto, Javier Duarte quiso seguir la escuela de apodos de Fidel, bautizando a Beto Silva, El Cisne, como El Pavorreal; y a Erick Lagos, El Chilly Willy, como el Michigan, \u201cpor ser de los Lagos, el m\u00e1s grande\u2026\u201d\u00a0<\/span><\/p>\n<p><span style=\"font-weight: 400;\">Claro que Fidel Herrera tampoco se salv\u00f3 de apodos, entre ellos El Chanoc (como dicen que \u00e9l mismo se autonombraba), La Nauyaca o El Chango Asado, aunque cuenta la leyenda que siendo gobernador, visit\u00f3 la Cuenca y un tipo se la pasaba gritando tratando de llamar su atenci\u00f3n: \u201c\u00a1Fidel! \u00a1Fidel!!\u201d y nada, nom\u00e1s lo ignoraba\u2026 \u201c\u00a1Fidel! \u00a1Fidel!\u201d, y nada, como que no lo o\u00eda\u2026 entonces, de plano, el cuate empez\u00f3 a gritar \u201c\u00a1Frijol! \u00a1Frijol! \u00a1Frijol!\u201d y de inmediato que acude el Gobernador y que le dice que no lo llamara as\u00ed\u2026 al poco tiempo, este cuate ya era Delegado de Tr\u00e1nsito.\u00a0\u00a0<\/span><\/p>\n<p><span style=\"font-weight: 400;\">En conclusi\u00f3n, quiz\u00e1s por el desarraigo que tiene de Veracruz, a Eric Cisneros le puede parecer ofensivo que le llamen Bola 8, aunque cuenta la leyenda que en Baja California le dec\u00edan \u201cPedacito de Chapopote\u201d&#8230; lo mejor que puede hacer, es no hacer caso al apodo y trabajar, as\u00ed, como lo hace el Se\u00f1or Cacas <\/span> <span style=\"font-weight: 400;\">que ni siquiera chista de su mote.<\/span><\/p>\n<p><span style=\"font-weight: 400;\">smcainito@gmail.com<\/span><\/p>\n","protected":false},"excerpt":{"rendered":"<p>Salvador Mu\u00f1oz Los Pol\u00edticos La primera pregunta que le hice a Fidel Herrera Beltr\u00e1n como Gobernador electo fue \u201c\u00bfTiene usted humor negro?\u201d \u00a1Para qu\u00e9! Su respuesta fue tajante, seca, mientras se arremangaba saco y camisa para mostrarme su antebrazo: \u201c\u00bfLo dices por la pigmentaci\u00f3n de mi piel?\u201d, y me se\u00f1alaba con su dedo (negro, por [&hellip;]<\/p>\n","protected":false},"author":2,"featured_media":46408,"comment_status":"open","ping_status":"open","sticky":false,"template":"","format":"standard","meta":{"tdm_status":"","tdm_grid_status":"","footnotes":""},"categories":[70],"tags":[3672,16698,989,4684,15946,16729,433,16720,16706,7808,16705,15166,16754,806,16717,2219,16745,10185,2215,16756,16740,16744,12806,16751,16408,16703,16726,3731,16735,16707,16749,16748,16733,16737,16746,16716,16743,16736,16715,16712,16728,16701,16722,12686,141,766,410,1761,540,16700,11975,8130,4276,162,3288,16721,16719,10069,12695,6732,1762,16708,16747,16704,16718,16713,16739,16723,16692,16753,16725,16694,16695,16742,16734,181,16693,14010,16730,16699,16709,536,16741,16724,12807,16702,16738,3720,16755,16711,16710,570,16750,16731,251,16732,1861,1630,934,1272,6376,16727,7629,3722,16696,16697,6142,13098,7518,2884,16714,16691],"class_list":{"0":"post-53003","1":"post","2":"type-post","3":"status-publish","4":"format-standard","5":"has-post-thumbnail","7":"category-de-opinion","8":"tag-armando-mendez-de-la-luz","9":"tag-barbie-constructora","10":"tag-barbies","11":"tag-bingen-rementeria","12":"tag-bola-8","13":"tag-caballo-loco","14":"tag-cabeza-de-lata","15":"tag-capulina","16":"tag-caraemuela","17":"tag-carlos-garcia-mendez","18":"tag-carlos-nolasco","19":"tag-caron","20":"tag-chango-asado","21":"tag-chilly-willy","22":"tag-choforo-hernandez-cerecedo","23":"tag-dante-delgado","24":"tag-dipu-tito","25":"tag-edel-alvarez-pena","26":"tag-edmundo-martinez-zaleta","27":"tag-el-cacas","28":"tag-el-capitan-chanclas","29":"tag-el-carino","30":"tag-el-chapito","31":"tag-el-chileno","32":"tag-el-chino","33":"tag-el-chiquiperro","34":"tag-el-ciego","35":"tag-el-cisne","36":"tag-el-cono-loco","37":"tag-el-gato-modorro","38":"tag-el-gato-seco","39":"tag-el-indio-brayan","40":"tag-el-loco","41":"tag-el-lotero","42":"tag-el-miky","43":"tag-el-muerto","44":"tag-el-nono","45":"tag-el-perico-del-rector","46":"tag-el-pichon-prenao","47":"tag-el-pijul","48":"tag-el-tiburon","49":"tag-el-toma-todo","50":"tag-el-tuercas","51":"tag-eric-cisneros","52":"tag-erick-lagos","53":"tag-fernando-charleston","54":"tag-fidel-herrera-beltran","55":"tag-flavino-rios","56":"tag-guillermo-zuniga","57":"tag-gustavo-arroniz","58":"tag-he-man","59":"tag-huevos-tibios","60":"tag-ignacio-gonzalez-rebolledo","61":"tag-javier-duarte","62":"tag-joaquin-guzman-aviles","63":"tag-joel-arcos","64":"tag-jorge-uscanga","65":"tag-jose-kirsch","66":"tag-juan-javier-gomez-cazarin","67":"tag-juan-manuel-de-unanue","68":"tag-juan-nicolas-callejas","69":"tag-la-bailarina","70":"tag-la-belinda","71":"tag-la-chacala","72":"tag-la-chiquita","73":"tag-la-esmeralda","74":"tag-la-flecha-murillo","75":"tag-la-gorgolocha","76":"tag-la-marrana-parada","77":"tag-la-nauyaca","78":"tag-la-rana-rene","79":"tag-la-tesorito","80":"tag-laura-leon","81":"tag-los-huevos","82":"tag-luis-sardinas-salgado","83":"tag-marcelo-montiel","84":"tag-marco-theurel","85":"tag-marigraz-hernandez","86":"tag-mauro-loyo-varela","87":"tag-memo-herrera","88":"tag-miguel-angel-diaz-pedroza","89":"tag-miguel-angel-yunes-marquez","90":"tag-negritos-bembones","91":"tag-ojo-de-vidrio","92":"tag-omar-miranda","93":"tag-oreja-doblada","94":"tag-paco-esparza","95":"tag-pavorreal","96":"tag-pedacito-de-chapopote","97":"tag-pelos-de-alambre","98":"tag-pelos-de-algodon","99":"tag-pepe-yunes","100":"tag-pipiolo","101":"tag-pito-loco","102":"tag-pri","103":"tag-rafael-ochoa","104":"tag-ranulfo-marquez","105":"tag-raul-ramos-vicarte","106":"tag-ricardo-garcia-escalante","107":"tag-ricardo-garcia-guzman","108":"tag-ricardo-landa","109":"tag-ricardo-olivares","110":"tag-ricardo-serna-barajas","111":"tag-rodrigo-garcia-escalante","112":"tag-rosa-gloria-chagoyan","113":"tag-salvador-sanchez-estrada","114":"tag-sergio-hernandez","115":"tag-tarzan-boy","116":"tag-tito-delfin-cano","117":"tag-tomas-carrillo-sanchez","118":"tag-tomas-rubio","119":"tag-tontin"},"yoast_head":"<!-- This site is optimized with the Yoast SEO plugin v27.4 - https:\/\/yoast.com\/product\/yoast-seo-wordpress\/ -->\n<title>No se ofenda, Bola 8 - Los pol\u00edticos Veracruz<\/title>\n<meta name=\"robots\" content=\"index, follow, max-snippet:-1, max-image-preview:large, max-video-preview:-1\" \/>\n<link rel=\"canonical\" href=\"https:\/\/lospoliticosveracruz.com\/?p=53003\" \/>\n<meta property=\"og:locale\" content=\"es_ES\" \/>\n<meta property=\"og:type\" content=\"article\" \/>\n<meta property=\"og:title\" content=\"No se ofenda, Bola 8 - Los pol\u00edticos Veracruz\" \/>\n<meta property=\"og:description\" content=\"Salvador Mu\u00f1oz Los Pol\u00edticos La primera pregunta que le hice a Fidel Herrera Beltr\u00e1n como Gobernador electo fue \u201c\u00bfTiene usted humor negro?\u201d \u00a1Para qu\u00e9! Su respuesta fue tajante, seca, mientras se arremangaba saco y camisa para mostrarme su antebrazo: \u201c\u00bfLo dices por la pigmentaci\u00f3n de mi piel?\u201d, y me se\u00f1alaba con su dedo (negro, por [&hellip;]\" \/>\n<meta property=\"og:url\" content=\"https:\/\/lospoliticosveracruz.com\/?p=53003\" \/>\n<meta property=\"og:site_name\" content=\"Los pol\u00edticos Veracruz\" \/>\n<meta property=\"article:publisher\" content=\"https:\/\/www.facebook.com\/people\/Notimemes-de-los-Polticos\/61565672886568\/\" \/>\n<meta property=\"article:published_time\" content=\"2020-03-03T05:00:04+00:00\" \/>\n<meta property=\"og:image\" content=\"https:\/\/lospoliticosveracruz.com\/wp-content\/uploads\/2019\/01\/Eric-Cisneros.jpeg\" \/>\n\t<meta property=\"og:image:width\" content=\"600\" \/>\n\t<meta property=\"og:image:height\" content=\"314\" \/>\n\t<meta property=\"og:image:type\" content=\"image\/jpeg\" \/>\n<meta name=\"author\" content=\"Lo viste en Los Pol\u00edticos\" \/>\n<meta name=\"twitter:card\" content=\"summary_large_image\" \/>\n<meta name=\"twitter:creator\" content=\"@LosPoliticosVer\" \/>\n<meta name=\"twitter:site\" content=\"@LosPoliticosVer\" \/>\n<meta name=\"twitter:label1\" content=\"Escrito por\" \/>\n\t<meta name=\"twitter:data1\" content=\"Lo viste en Los Pol\u00edticos\" \/>\n\t<meta name=\"twitter:label2\" content=\"Tiempo de lectura\" \/>\n\t<meta name=\"twitter:data2\" content=\"5 minutos\" \/>\n<script type=\"application\/ld+json\" class=\"yoast-schema-graph\">{\"@context\":\"https:\\\/\\\/schema.org\",\"@graph\":[{\"@type\":\"Article\",\"@id\":\"https:\\\/\\\/lospoliticosveracruz.com\\\/?p=53003#article\",\"isPartOf\":{\"@id\":\"https:\\\/\\\/lospoliticosveracruz.com\\\/?p=53003\"},\"author\":{\"name\":\"Lo viste en Los Pol\u00edticos\",\"@id\":\"https:\\\/\\\/lospoliticosveracruz.com\\\/#\\\/schema\\\/person\\\/b8702bb0e538456e6efd07080bf2a4a2\"},\"headline\":\"No se ofenda, Bola 8\",\"datePublished\":\"2020-03-03T05:00:04+00:00\",\"mainEntityOfPage\":{\"@id\":\"https:\\\/\\\/lospoliticosveracruz.com\\\/?p=53003\"},\"wordCount\":980,\"commentCount\":0,\"publisher\":{\"@id\":\"https:\\\/\\\/lospoliticosveracruz.com\\\/#organization\"},\"image\":{\"@id\":\"https:\\\/\\\/lospoliticosveracruz.com\\\/?p=53003#primaryimage\"},\"thumbnailUrl\":\"https:\\\/\\\/lospoliticosveracruz.com\\\/wp-content\\\/uploads\\\/2019\\\/01\\\/Eric-Cisneros.jpeg\",\"keywords\":[\"Armando M\u00e9ndez de la Luz\",\"Barbie Constructora\",\"Barbies\",\"Bingen Rementer\u00eda\",\"Bola 8\",\"Caballo Loco\",\"Cabeza de Lata\",\"Capulina\",\"Cara\u2019e\u2019Muela\",\"Carlos Garc\u00eda M\u00e9ndez\",\"Carlos Nolasco\",\"Car\u00f3n\",\"Chango Asado\",\"Chilly Willy\",\"Ch\u00f3foro Hern\u00e1ndez Cerecedo\",\"Dante Delgado\",\"Dipu-Tito\",\"Edel \u00c1lvarez Pe\u00f1a\",\"Edmundo Mart\u00ednez Zaleta\",\"El Cacas\",\"El Capit\u00e1n Chanclas\",\"El Cari\u00f1o\",\"El Chapito\",\"El Chileno\",\"El Chino\",\"el ChiquiPerro\",\"El Ciego\",\"El Cisne\",\"el Co\u00f1o Loco\",\"el Gato Modorro\",\"El Gato Seco\",\"El Indio Brayan\",\"El Loco\",\"El Lotero\",\"El Miky\",\"El Muerto\",\"El \u00d1o\u00f1o\",\"El Perico del Rector\",\"El Pich\u00f3n Pre\u00f1ao\",\"El Pijul\",\"El Tibur\u00f3n\",\"el Toma-Todo\",\"El Tuercas\",\"Eric Cisneros\",\"Erick Lagos\",\"Fernando Charleston\",\"Fidel Herrera Beltr\u00e1n\",\"Flavino R\u00edos\",\"Guillermo Z\u00fa\u00f1iga\",\"Gustavo Arr\u00f3niz\",\"He Man\",\"Huevos tibios\",\"Ignacio Gonz\u00e1lez Rebolledo\",\"Javier Duarte\",\"Joaqu\u00edn Guzm\u00e1n Avil\u00e9s\",\"Joel Arcos\",\"Jorge Uscanga\",\"Jos\u00e9 Kirsch\",\"Juan Javier G\u00f3mez Cazar\u00edn\",\"Juan Manuel de Unanue\",\"Juan Nicol\u00e1s Callejas\",\"La Bailarina\",\"La Belinda\",\"la Chacala\",\"La Chiquita\",\"La Esmeralda\",\"La Flecha Murillo\",\"La Gorgolocha\",\"la Marrana Parada\",\"La Nauyaca\",\"La Rana Ren\u00e9\",\"La Tesorito\",\"Laura Le\u00f3n\",\"Los Huevos\",\"Luis Sardi\u00f1as Salgado\",\"Marcelo Montiel\",\"Marco Theurel\",\"Marigraz Hern\u00e1ndez\",\"Mauro Loyo Varela\",\"Memo Herrera\",\"Miguel \u00c1ngel D\u00edaz Pedroza\",\"Miguel \u00c1ngel Yunes M\u00e1rquez\",\"Negritos Bembones\",\"Ojo de Vidrio\",\"Omar Miranda\",\"Oreja Doblada\",\"Paco Esparza\",\"Pavorreal\",\"Pedacito de Chapopote\",\"Pelos de Alambre\",\"Pelos de Algod\u00f3n\",\"Pepe Yunes\",\"Pipiolo\",\"Pito Loco\",\"PRI\",\"Rafael Ochoa\",\"Ranulfo M\u00e1rquez\",\"Ra\u00fal Ramos Vicarte\",\"Ricardo Garc\u00eda Escalante\",\"Ricardo Garc\u00eda Guzm\u00e1n\",\"Ricardo Landa\",\"Ricardo Olivares\",\"Ricardo Serna Barajas\",\"Rodrigo Garc\u00eda Escalante\",\"Rosa Gloria Chagoy\u00e1n\",\"Salvador S\u00e1nchez Estrada\",\"Sergio Hern\u00e1ndez\",\"Tarzan Boy\",\"Tito Delf\u00edn Cano\",\"Tom\u00e1s Carrillo S\u00e1nchez\",\"Tom\u00e1s Rubio\",\"Tont\u00edn\"],\"articleSection\":[\"De Opini\u00f3n\"],\"inLanguage\":\"es\",\"potentialAction\":[{\"@type\":\"CommentAction\",\"name\":\"Comment\",\"target\":[\"https:\\\/\\\/lospoliticosveracruz.com\\\/?p=53003#respond\"]}]},{\"@type\":\"WebPage\",\"@id\":\"https:\\\/\\\/lospoliticosveracruz.com\\\/?p=53003\",\"url\":\"https:\\\/\\\/lospoliticosveracruz.com\\\/?p=53003\",\"name\":\"No se ofenda, Bola 8 - Los pol\u00edticos Veracruz\",\"isPartOf\":{\"@id\":\"https:\\\/\\\/lospoliticosveracruz.com\\\/#website\"},\"primaryImageOfPage\":{\"@id\":\"https:\\\/\\\/lospoliticosveracruz.com\\\/?p=53003#primaryimage\"},\"image\":{\"@id\":\"https:\\\/\\\/lospoliticosveracruz.com\\\/?p=53003#primaryimage\"},\"thumbnailUrl\":\"https:\\\/\\\/lospoliticosveracruz.com\\\/wp-content\\\/uploads\\\/2019\\\/01\\\/Eric-Cisneros.jpeg\",\"datePublished\":\"2020-03-03T05:00:04+00:00\",\"breadcrumb\":{\"@id\":\"https:\\\/\\\/lospoliticosveracruz.com\\\/?p=53003#breadcrumb\"},\"inLanguage\":\"es\",\"potentialAction\":[{\"@type\":\"ReadAction\",\"target\":[\"https:\\\/\\\/lospoliticosveracruz.com\\\/?p=53003\"]}]},{\"@type\":\"ImageObject\",\"inLanguage\":\"es\",\"@id\":\"https:\\\/\\\/lospoliticosveracruz.com\\\/?p=53003#primaryimage\",\"url\":\"https:\\\/\\\/lospoliticosveracruz.com\\\/wp-content\\\/uploads\\\/2019\\\/01\\\/Eric-Cisneros.jpeg\",\"contentUrl\":\"https:\\\/\\\/lospoliticosveracruz.com\\\/wp-content\\\/uploads\\\/2019\\\/01\\\/Eric-Cisneros.jpeg\",\"width\":600,\"height\":314,\"caption\":\"Eric Cisneros lanzando bola\"},{\"@type\":\"BreadcrumbList\",\"@id\":\"https:\\\/\\\/lospoliticosveracruz.com\\\/?p=53003#breadcrumb\",\"itemListElement\":[{\"@type\":\"ListItem\",\"position\":1,\"name\":\"Portada\",\"item\":\"https:\\\/\\\/lospoliticosveracruz.com\\\/\"},{\"@type\":\"ListItem\",\"position\":2,\"name\":\"No se ofenda, Bola 8\"}]},{\"@type\":\"WebSite\",\"@id\":\"https:\\\/\\\/lospoliticosveracruz.com\\\/#website\",\"url\":\"https:\\\/\\\/lospoliticosveracruz.com\\\/\",\"name\":\"Los pol\u00edticos Veracruz\",\"description\":\"\",\"publisher\":{\"@id\":\"https:\\\/\\\/lospoliticosveracruz.com\\\/#organization\"},\"potentialAction\":[{\"@type\":\"SearchAction\",\"target\":{\"@type\":\"EntryPoint\",\"urlTemplate\":\"https:\\\/\\\/lospoliticosveracruz.com\\\/?s={search_term_string}\"},\"query-input\":{\"@type\":\"PropertyValueSpecification\",\"valueRequired\":true,\"valueName\":\"search_term_string\"}}],\"inLanguage\":\"es\"},{\"@type\":\"Organization\",\"@id\":\"https:\\\/\\\/lospoliticosveracruz.com\\\/#organization\",\"name\":\"Los pol\u00edticos Veracruz\",\"url\":\"https:\\\/\\\/lospoliticosveracruz.com\\\/\",\"logo\":{\"@type\":\"ImageObject\",\"inLanguage\":\"es\",\"@id\":\"https:\\\/\\\/lospoliticosveracruz.com\\\/#\\\/schema\\\/logo\\\/image\\\/\",\"url\":\"https:\\\/\\\/lospoliticosveracruz.com\\\/wp-content\\\/uploads\\\/2025\\\/12\\\/Logo-Nuevo-LOS-POLITICOS-1.jpg\",\"contentUrl\":\"https:\\\/\\\/lospoliticosveracruz.com\\\/wp-content\\\/uploads\\\/2025\\\/12\\\/Logo-Nuevo-LOS-POLITICOS-1.jpg\",\"width\":260,\"height\":70,\"caption\":\"Los pol\u00edticos Veracruz\"},\"image\":{\"@id\":\"https:\\\/\\\/lospoliticosveracruz.com\\\/#\\\/schema\\\/logo\\\/image\\\/\"},\"sameAs\":[\"https:\\\/\\\/www.facebook.com\\\/people\\\/Notimemes-de-los-Polticos\\\/61565672886568\\\/\",\"https:\\\/\\\/x.com\\\/LosPoliticosVer\"]},{\"@type\":\"Person\",\"@id\":\"https:\\\/\\\/lospoliticosveracruz.com\\\/#\\\/schema\\\/person\\\/b8702bb0e538456e6efd07080bf2a4a2\",\"name\":\"Lo viste en Los Pol\u00edticos\",\"image\":{\"@type\":\"ImageObject\",\"inLanguage\":\"es\",\"@id\":\"https:\\\/\\\/secure.gravatar.com\\\/avatar\\\/3a8de04a2656d44082be478bd6c086daa447c4651605818287b9532d3d0bd435?s=96&d=mm&r=g\",\"url\":\"https:\\\/\\\/secure.gravatar.com\\\/avatar\\\/3a8de04a2656d44082be478bd6c086daa447c4651605818287b9532d3d0bd435?s=96&d=mm&r=g\",\"contentUrl\":\"https:\\\/\\\/secure.gravatar.com\\\/avatar\\\/3a8de04a2656d44082be478bd6c086daa447c4651605818287b9532d3d0bd435?s=96&d=mm&r=g\",\"caption\":\"Lo viste en Los Pol\u00edticos\"},\"url\":\"https:\\\/\\\/lospoliticosveracruz.com\\\/?author=2\"}]}<\/script>\n<!-- \/ Yoast SEO plugin. -->","yoast_head_json":{"title":"No se ofenda, Bola 8 - Los pol\u00edticos Veracruz","robots":{"index":"index","follow":"follow","max-snippet":"max-snippet:-1","max-image-preview":"max-image-preview:large","max-video-preview":"max-video-preview:-1"},"canonical":"https:\/\/lospoliticosveracruz.com\/?p=53003","og_locale":"es_ES","og_type":"article","og_title":"No se ofenda, Bola 8 - Los pol\u00edticos Veracruz","og_description":"Salvador Mu\u00f1oz Los Pol\u00edticos La primera pregunta que le hice a Fidel Herrera Beltr\u00e1n como Gobernador electo fue \u201c\u00bfTiene usted humor negro?\u201d \u00a1Para qu\u00e9! Su respuesta fue tajante, seca, mientras se arremangaba saco y camisa para mostrarme su antebrazo: \u201c\u00bfLo dices por la pigmentaci\u00f3n de mi piel?\u201d, y me se\u00f1alaba con su dedo (negro, por [&hellip;]","og_url":"https:\/\/lospoliticosveracruz.com\/?p=53003","og_site_name":"Los pol\u00edticos Veracruz","article_publisher":"https:\/\/www.facebook.com\/people\/Notimemes-de-los-Polticos\/61565672886568\/","article_published_time":"2020-03-03T05:00:04+00:00","og_image":[{"width":600,"height":314,"url":"https:\/\/lospoliticosveracruz.com\/wp-content\/uploads\/2019\/01\/Eric-Cisneros.jpeg","type":"image\/jpeg"}],"author":"Lo viste en Los Pol\u00edticos","twitter_card":"summary_large_image","twitter_creator":"@LosPoliticosVer","twitter_site":"@LosPoliticosVer","twitter_misc":{"Escrito por":"Lo viste en Los Pol\u00edticos","Tiempo de lectura":"5 minutos"},"schema":{"@context":"https:\/\/schema.org","@graph":[{"@type":"Article","@id":"https:\/\/lospoliticosveracruz.com\/?p=53003#article","isPartOf":{"@id":"https:\/\/lospoliticosveracruz.com\/?p=53003"},"author":{"name":"Lo viste en Los Pol\u00edticos","@id":"https:\/\/lospoliticosveracruz.com\/#\/schema\/person\/b8702bb0e538456e6efd07080bf2a4a2"},"headline":"No se ofenda, Bola 8","datePublished":"2020-03-03T05:00:04+00:00","mainEntityOfPage":{"@id":"https:\/\/lospoliticosveracruz.com\/?p=53003"},"wordCount":980,"commentCount":0,"publisher":{"@id":"https:\/\/lospoliticosveracruz.com\/#organization"},"image":{"@id":"https:\/\/lospoliticosveracruz.com\/?p=53003#primaryimage"},"thumbnailUrl":"https:\/\/lospoliticosveracruz.com\/wp-content\/uploads\/2019\/01\/Eric-Cisneros.jpeg","keywords":["Armando M\u00e9ndez de la Luz","Barbie Constructora","Barbies","Bingen Rementer\u00eda","Bola 8","Caballo Loco","Cabeza de Lata","Capulina","Cara\u2019e\u2019Muela","Carlos Garc\u00eda M\u00e9ndez","Carlos Nolasco","Car\u00f3n","Chango Asado","Chilly Willy","Ch\u00f3foro Hern\u00e1ndez Cerecedo","Dante Delgado","Dipu-Tito","Edel \u00c1lvarez Pe\u00f1a","Edmundo Mart\u00ednez Zaleta","El Cacas","El Capit\u00e1n Chanclas","El Cari\u00f1o","El Chapito","El Chileno","El Chino","el ChiquiPerro","El Ciego","El Cisne","el Co\u00f1o Loco","el Gato Modorro","El Gato Seco","El Indio Brayan","El Loco","El Lotero","El Miky","El Muerto","El \u00d1o\u00f1o","El Perico del Rector","El Pich\u00f3n Pre\u00f1ao","El Pijul","El Tibur\u00f3n","el Toma-Todo","El Tuercas","Eric Cisneros","Erick Lagos","Fernando Charleston","Fidel Herrera Beltr\u00e1n","Flavino R\u00edos","Guillermo Z\u00fa\u00f1iga","Gustavo Arr\u00f3niz","He Man","Huevos tibios","Ignacio Gonz\u00e1lez Rebolledo","Javier Duarte","Joaqu\u00edn Guzm\u00e1n Avil\u00e9s","Joel Arcos","Jorge Uscanga","Jos\u00e9 Kirsch","Juan Javier G\u00f3mez Cazar\u00edn","Juan Manuel de Unanue","Juan Nicol\u00e1s Callejas","La Bailarina","La Belinda","la Chacala","La Chiquita","La Esmeralda","La Flecha Murillo","La Gorgolocha","la Marrana Parada","La Nauyaca","La Rana Ren\u00e9","La Tesorito","Laura Le\u00f3n","Los Huevos","Luis Sardi\u00f1as Salgado","Marcelo Montiel","Marco Theurel","Marigraz Hern\u00e1ndez","Mauro Loyo Varela","Memo Herrera","Miguel \u00c1ngel D\u00edaz Pedroza","Miguel \u00c1ngel Yunes M\u00e1rquez","Negritos Bembones","Ojo de Vidrio","Omar Miranda","Oreja Doblada","Paco Esparza","Pavorreal","Pedacito de Chapopote","Pelos de Alambre","Pelos de Algod\u00f3n","Pepe Yunes","Pipiolo","Pito Loco","PRI","Rafael Ochoa","Ranulfo M\u00e1rquez","Ra\u00fal Ramos Vicarte","Ricardo Garc\u00eda Escalante","Ricardo Garc\u00eda Guzm\u00e1n","Ricardo Landa","Ricardo Olivares","Ricardo Serna Barajas","Rodrigo Garc\u00eda Escalante","Rosa Gloria Chagoy\u00e1n","Salvador S\u00e1nchez Estrada","Sergio Hern\u00e1ndez","Tarzan Boy","Tito Delf\u00edn Cano","Tom\u00e1s Carrillo S\u00e1nchez","Tom\u00e1s Rubio","Tont\u00edn"],"articleSection":["De Opini\u00f3n"],"inLanguage":"es","potentialAction":[{"@type":"CommentAction","name":"Comment","target":["https:\/\/lospoliticosveracruz.com\/?p=53003#respond"]}]},{"@type":"WebPage","@id":"https:\/\/lospoliticosveracruz.com\/?p=53003","url":"https:\/\/lospoliticosveracruz.com\/?p=53003","name":"No se ofenda, Bola 8 - Los pol\u00edticos Veracruz","isPartOf":{"@id":"https:\/\/lospoliticosveracruz.com\/#website"},"primaryImageOfPage":{"@id":"https:\/\/lospoliticosveracruz.com\/?p=53003#primaryimage"},"image":{"@id":"https:\/\/lospoliticosveracruz.com\/?p=53003#primaryimage"},"thumbnailUrl":"https:\/\/lospoliticosveracruz.com\/wp-content\/uploads\/2019\/01\/Eric-Cisneros.jpeg","datePublished":"2020-03-03T05:00:04+00:00","breadcrumb":{"@id":"https:\/\/lospoliticosveracruz.com\/?p=53003#breadcrumb"},"inLanguage":"es","potentialAction":[{"@type":"ReadAction","target":["https:\/\/lospoliticosveracruz.com\/?p=53003"]}]},{"@type":"ImageObject","inLanguage":"es","@id":"https:\/\/lospoliticosveracruz.com\/?p=53003#primaryimage","url":"https:\/\/lospoliticosveracruz.com\/wp-content\/uploads\/2019\/01\/Eric-Cisneros.jpeg","contentUrl":"https:\/\/lospoliticosveracruz.com\/wp-content\/uploads\/2019\/01\/Eric-Cisneros.jpeg","width":600,"height":314,"caption":"Eric Cisneros lanzando bola"},{"@type":"BreadcrumbList","@id":"https:\/\/lospoliticosveracruz.com\/?p=53003#breadcrumb","itemListElement":[{"@type":"ListItem","position":1,"name":"Portada","item":"https:\/\/lospoliticosveracruz.com\/"},{"@type":"ListItem","position":2,"name":"No se ofenda, Bola 8"}]},{"@type":"WebSite","@id":"https:\/\/lospoliticosveracruz.com\/#website","url":"https:\/\/lospoliticosveracruz.com\/","name":"Los pol\u00edticos Veracruz","description":"","publisher":{"@id":"https:\/\/lospoliticosveracruz.com\/#organization"},"potentialAction":[{"@type":"SearchAction","target":{"@type":"EntryPoint","urlTemplate":"https:\/\/lospoliticosveracruz.com\/?s={search_term_string}"},"query-input":{"@type":"PropertyValueSpecification","valueRequired":true,"valueName":"search_term_string"}}],"inLanguage":"es"},{"@type":"Organization","@id":"https:\/\/lospoliticosveracruz.com\/#organization","name":"Los pol\u00edticos Veracruz","url":"https:\/\/lospoliticosveracruz.com\/","logo":{"@type":"ImageObject","inLanguage":"es","@id":"https:\/\/lospoliticosveracruz.com\/#\/schema\/logo\/image\/","url":"https:\/\/lospoliticosveracruz.com\/wp-content\/uploads\/2025\/12\/Logo-Nuevo-LOS-POLITICOS-1.jpg","contentUrl":"https:\/\/lospoliticosveracruz.com\/wp-content\/uploads\/2025\/12\/Logo-Nuevo-LOS-POLITICOS-1.jpg","width":260,"height":70,"caption":"Los pol\u00edticos Veracruz"},"image":{"@id":"https:\/\/lospoliticosveracruz.com\/#\/schema\/logo\/image\/"},"sameAs":["https:\/\/www.facebook.com\/people\/Notimemes-de-los-Polticos\/61565672886568\/","https:\/\/x.com\/LosPoliticosVer"]},{"@type":"Person","@id":"https:\/\/lospoliticosveracruz.com\/#\/schema\/person\/b8702bb0e538456e6efd07080bf2a4a2","name":"Lo viste en Los Pol\u00edticos","image":{"@type":"ImageObject","inLanguage":"es","@id":"https:\/\/secure.gravatar.com\/avatar\/3a8de04a2656d44082be478bd6c086daa447c4651605818287b9532d3d0bd435?s=96&d=mm&r=g","url":"https:\/\/secure.gravatar.com\/avatar\/3a8de04a2656d44082be478bd6c086daa447c4651605818287b9532d3d0bd435?s=96&d=mm&r=g","contentUrl":"https:\/\/secure.gravatar.com\/avatar\/3a8de04a2656d44082be478bd6c086daa447c4651605818287b9532d3d0bd435?s=96&d=mm&r=g","caption":"Lo viste en Los Pol\u00edticos"},"url":"https:\/\/lospoliticosveracruz.com\/?author=2"}]}},"_links":{"self":[{"href":"https:\/\/lospoliticosveracruz.com\/index.php?rest_route=\/wp\/v2\/posts\/53003","targetHints":{"allow":["GET"]}}],"collection":[{"href":"https:\/\/lospoliticosveracruz.com\/index.php?rest_route=\/wp\/v2\/posts"}],"about":[{"href":"https:\/\/lospoliticosveracruz.com\/index.php?rest_route=\/wp\/v2\/types\/post"}],"author":[{"embeddable":true,"href":"https:\/\/lospoliticosveracruz.com\/index.php?rest_route=\/wp\/v2\/users\/2"}],"replies":[{"embeddable":true,"href":"https:\/\/lospoliticosveracruz.com\/index.php?rest_route=%2Fwp%2Fv2%2Fcomments&post=53003"}],"version-history":[{"count":1,"href":"https:\/\/lospoliticosveracruz.com\/index.php?rest_route=\/wp\/v2\/posts\/53003\/revisions"}],"predecessor-version":[{"id":53004,"href":"https:\/\/lospoliticosveracruz.com\/index.php?rest_route=\/wp\/v2\/posts\/53003\/revisions\/53004"}],"wp:featuredmedia":[{"embeddable":true,"href":"https:\/\/lospoliticosveracruz.com\/index.php?rest_route=\/wp\/v2\/media\/46408"}],"wp:attachment":[{"href":"https:\/\/lospoliticosveracruz.com\/index.php?rest_route=%2Fwp%2Fv2%2Fmedia&parent=53003"}],"wp:term":[{"taxonomy":"category","embeddable":true,"href":"https:\/\/lospoliticosveracruz.com\/index.php?rest_route=%2Fwp%2Fv2%2Fcategories&post=53003"},{"taxonomy":"post_tag","embeddable":true,"href":"https:\/\/lospoliticosveracruz.com\/index.php?rest_route=%2Fwp%2Fv2%2Ftags&post=53003"}],"curies":[{"name":"wp","href":"https:\/\/api.w.org\/{rel}","templated":true}]}}