{"id":53012,"date":"2020-03-02T21:06:44","date_gmt":"2020-03-03T03:06:44","guid":{"rendered":"http:\/\/www.lospoliticosveracruz.com.mx\/?p=53012"},"modified":"2020-03-02T21:06:44","modified_gmt":"2020-03-03T03:06:44","slug":"la-intimidacion-de-los-cuerpos-policiacos","status":"publish","type":"post","link":"https:\/\/lospoliticosveracruz.com\/?p=53012","title":{"rendered":"La intimidaci\u00f3n de los cuerpos policiacos"},"content":{"rendered":"<h3>(Capuchas y armas largas en oficinas p\u00fablicas)<\/h3>\n<p><strong>Luis Bustos<\/strong><\/p>\n<p><em>En Esta Hora<\/em><\/p>\n<p>Estos tiempos nuevos del 2020 se distinguen por el estado de incertidumbre en que vive la sociedad veracruzana, debido al incremento de la violencia que generan los grupos identificados como \u201cmalosos\u201d.<\/p>\n<p>Esto, lo vive la inmensa mayor\u00eda de los veracruzanos, de norte a sur y de este a oeste, aunque hay que decirlo, no es limitativo de nuestro estado, sin embargo, a lo que hoy me quiero referir es a la ausencia de confianza del pueblo hacia los distintos cuerpos de seguridad que patrullan nuestras calles y vigilan oficinas, empresas y domicilios particulares.<\/p>\n<p>Quiz\u00e1s, quienes est\u00e1n al frente de las corporaciones desconocen esa inquietud de las familias veracruzanas o, pudiera ser, saben mucho m\u00e1s de los que informan respecto a la presencia y movilidad que tienen los grupos delictivos y por eso permiten que sus elementos cometan algunas acciones lejos de que legalmente es permisible.\u2026. Que anden encapuchados y armados hasta los dientes al patrullar las ciudades, se entiende y se reconoce como necesario, por la necesidad de cuidar la integridad de las familias de los polic\u00edas\u2026 eso, es correcto.<\/p>\n<p>Sin embargo, cuando se comenten actos imprudentes de parte de los elementos, hay que se\u00f1alarlos para evitar caer en violaci\u00f3n de derechos humanos, partiendo de la intimidaci\u00f3n.<\/p>\n<p>Pondr\u00e9 un solo ejemplo: Cuando los elementos de cualquier corporaci\u00f3n policiaca encargada de la vigilancia y custodia de oficinas p\u00fablicas, de empresas privadas o domicilios particulares, acceden al interior de las mismas por simples tr\u00e1mites administrativos, deben de hacer de lado sus capuchas y desprenderse de sus armas de alto calibre\u2026 Eso, se\u00f1ores polic\u00edas INTIMIDA a la clase trabajadora y m\u00e1s a\u00fan a las familias.<\/p>\n<p>Esto lo vienen haciendo elementos del IPAX en oficinas p\u00fablicas y han causado el temor y la incertidumbre de los trabajadores, situaci\u00f3n que fue puesta del conocimiento del mando superior, quien hizo caso omiso de la queja que se present\u00f3 de manera personal en sus propias oficinas.<\/p>\n<p>Por donde se le quiera ver, el hecho de que exista un contrato para la prestaci\u00f3n del servicio de seguridad, no les otorga derecho alguno para ingresar en oficinas p\u00fablicas con capuchas portando armas de alto calibre, lo que simple y sencillamente, es un acto de prepotencia que causa intimidaci\u00f3n.<\/p>\n<p>Por cierto, lo primero que est\u00e1n violentando es el estilo de gobernar del Jefe del ejecutivo, Ingeniero Cuitl\u00e1huac Garc\u00eda Jim\u00e9nez, quien acostumbra conducirse con sencillez en todo momento, haciendo de lado los aparatosos operativos de seguridad para resguardar su integridad.<\/p>\n<p>Pr\u00f3ximamente seguiremos hablando de este tema, pretendiendo dar a conocer testimonios sobre este tipo de actos que son, a toda luz, actos de intimidaci\u00f3n y prepotencia.<\/p>\n<p>@EnEstaHora<\/p>\n<p>lubuga@hotmail.com<\/p>\n","protected":false},"excerpt":{"rendered":"<p>(Capuchas y armas largas en oficinas p\u00fablicas) Luis Bustos En Esta Hora Estos tiempos nuevos del 2020 se distinguen por el estado de incertidumbre en que vive la sociedad veracruzana, debido al incremento de la violencia que generan los grupos identificados como \u201cmalosos\u201d. Esto, lo vive la inmensa mayor\u00eda de los veracruzanos, de norte a [&hellip;]<\/p>\n","protected":false},"author":2,"featured_media":0,"comment_status":"open","ping_status":"open","sticky":false,"template":"","format":"standard","meta":{"tdm_status":"","tdm_grid_status":"","footnotes":""},"categories":[70],"tags":[1563,16760,4430,3915,16759,195],"class_list":{"0":"post-53012","1":"post","2":"type-post","3":"status-publish","4":"format-standard","6":"category-de-opinion","7":"tag-cuitlahuac-garcia-jimenez","8":"tag-custodia","9":"tag-derechos-humanos","10":"tag-ipax","11":"tag-luis-bustos","12":"tag-veracruz"},"yoast_head":"<!-- This site is optimized with the Yoast SEO plugin v27.4 - https:\/\/yoast.com\/product\/yoast-seo-wordpress\/ -->\n<title>La intimidaci\u00f3n de los cuerpos policiacos - Los pol\u00edticos Veracruz<\/title>\n<meta name=\"robots\" content=\"index, follow, max-snippet:-1, max-image-preview:large, max-video-preview:-1\" \/>\n<link rel=\"canonical\" href=\"https:\/\/lospoliticosveracruz.com\/?p=53012\" \/>\n<meta property=\"og:locale\" content=\"es_ES\" \/>\n<meta property=\"og:type\" content=\"article\" \/>\n<meta property=\"og:title\" content=\"La intimidaci\u00f3n de los cuerpos policiacos - Los pol\u00edticos Veracruz\" \/>\n<meta property=\"og:description\" content=\"(Capuchas y armas largas en oficinas p\u00fablicas) Luis Bustos En Esta Hora Estos tiempos nuevos del 2020 se distinguen por el estado de incertidumbre en que vive la sociedad veracruzana, debido al incremento de la violencia que generan los grupos identificados como \u201cmalosos\u201d. Esto, lo vive la inmensa mayor\u00eda de los veracruzanos, de norte a [&hellip;]\" \/>\n<meta property=\"og:url\" content=\"https:\/\/lospoliticosveracruz.com\/?p=53012\" \/>\n<meta property=\"og:site_name\" content=\"Los pol\u00edticos Veracruz\" \/>\n<meta property=\"article:publisher\" content=\"https:\/\/www.facebook.com\/people\/Notimemes-de-los-Polticos\/61565672886568\/\" \/>\n<meta property=\"article:published_time\" content=\"2020-03-03T03:06:44+00:00\" \/>\n<meta property=\"og:image\" content=\"https:\/\/lospoliticosveracruz.com\/wp-content\/uploads\/2016\/07\/Logo-Dor.jpg\" \/>\n\t<meta property=\"og:image:width\" content=\"200\" \/>\n\t<meta property=\"og:image:height\" content=\"200\" \/>\n\t<meta property=\"og:image:type\" content=\"image\/jpeg\" \/>\n<meta name=\"author\" content=\"Lo viste en Los Pol\u00edticos\" \/>\n<meta name=\"twitter:card\" content=\"summary_large_image\" \/>\n<meta name=\"twitter:creator\" content=\"@LosPoliticosVer\" \/>\n<meta name=\"twitter:site\" content=\"@LosPoliticosVer\" \/>\n<meta name=\"twitter:label1\" content=\"Escrito por\" \/>\n\t<meta name=\"twitter:data1\" content=\"Lo viste en Los Pol\u00edticos\" \/>\n\t<meta name=\"twitter:label2\" content=\"Tiempo de lectura\" \/>\n\t<meta name=\"twitter:data2\" content=\"2 minutos\" \/>\n<script type=\"application\/ld+json\" class=\"yoast-schema-graph\">{\"@context\":\"https:\\\/\\\/schema.org\",\"@graph\":[{\"@type\":\"Article\",\"@id\":\"https:\\\/\\\/lospoliticosveracruz.com\\\/?p=53012#article\",\"isPartOf\":{\"@id\":\"https:\\\/\\\/lospoliticosveracruz.com\\\/?p=53012\"},\"author\":{\"name\":\"Lo viste en Los Pol\u00edticos\",\"@id\":\"https:\\\/\\\/lospoliticosveracruz.com\\\/#\\\/schema\\\/person\\\/b8702bb0e538456e6efd07080bf2a4a2\"},\"headline\":\"La intimidaci\u00f3n de los cuerpos policiacos\",\"datePublished\":\"2020-03-03T03:06:44+00:00\",\"mainEntityOfPage\":{\"@id\":\"https:\\\/\\\/lospoliticosveracruz.com\\\/?p=53012\"},\"wordCount\":484,\"commentCount\":0,\"publisher\":{\"@id\":\"https:\\\/\\\/lospoliticosveracruz.com\\\/#organization\"},\"keywords\":[\"Cuitl\u00e1huac Garc\u00eda Jim\u00e9nez\",\"custodia\",\"derechos humanos\",\"IPAX\",\"Luis Bustos\",\"Veracruz\"],\"articleSection\":[\"De Opini\u00f3n\"],\"inLanguage\":\"es\",\"potentialAction\":[{\"@type\":\"CommentAction\",\"name\":\"Comment\",\"target\":[\"https:\\\/\\\/lospoliticosveracruz.com\\\/?p=53012#respond\"]}]},{\"@type\":\"WebPage\",\"@id\":\"https:\\\/\\\/lospoliticosveracruz.com\\\/?p=53012\",\"url\":\"https:\\\/\\\/lospoliticosveracruz.com\\\/?p=53012\",\"name\":\"La intimidaci\u00f3n de los cuerpos policiacos - Los pol\u00edticos Veracruz\",\"isPartOf\":{\"@id\":\"https:\\\/\\\/lospoliticosveracruz.com\\\/#website\"},\"datePublished\":\"2020-03-03T03:06:44+00:00\",\"breadcrumb\":{\"@id\":\"https:\\\/\\\/lospoliticosveracruz.com\\\/?p=53012#breadcrumb\"},\"inLanguage\":\"es\",\"potentialAction\":[{\"@type\":\"ReadAction\",\"target\":[\"https:\\\/\\\/lospoliticosveracruz.com\\\/?p=53012\"]}]},{\"@type\":\"BreadcrumbList\",\"@id\":\"https:\\\/\\\/lospoliticosveracruz.com\\\/?p=53012#breadcrumb\",\"itemListElement\":[{\"@type\":\"ListItem\",\"position\":1,\"name\":\"Portada\",\"item\":\"https:\\\/\\\/lospoliticosveracruz.com\\\/\"},{\"@type\":\"ListItem\",\"position\":2,\"name\":\"La intimidaci\u00f3n de los cuerpos policiacos\"}]},{\"@type\":\"WebSite\",\"@id\":\"https:\\\/\\\/lospoliticosveracruz.com\\\/#website\",\"url\":\"https:\\\/\\\/lospoliticosveracruz.com\\\/\",\"name\":\"Los pol\u00edticos Veracruz\",\"description\":\"\",\"publisher\":{\"@id\":\"https:\\\/\\\/lospoliticosveracruz.com\\\/#organization\"},\"potentialAction\":[{\"@type\":\"SearchAction\",\"target\":{\"@type\":\"EntryPoint\",\"urlTemplate\":\"https:\\\/\\\/lospoliticosveracruz.com\\\/?s={search_term_string}\"},\"query-input\":{\"@type\":\"PropertyValueSpecification\",\"valueRequired\":true,\"valueName\":\"search_term_string\"}}],\"inLanguage\":\"es\"},{\"@type\":\"Organization\",\"@id\":\"https:\\\/\\\/lospoliticosveracruz.com\\\/#organization\",\"name\":\"Los pol\u00edticos Veracruz\",\"url\":\"https:\\\/\\\/lospoliticosveracruz.com\\\/\",\"logo\":{\"@type\":\"ImageObject\",\"inLanguage\":\"es\",\"@id\":\"https:\\\/\\\/lospoliticosveracruz.com\\\/#\\\/schema\\\/logo\\\/image\\\/\",\"url\":\"https:\\\/\\\/lospoliticosveracruz.com\\\/wp-content\\\/uploads\\\/2025\\\/12\\\/Logo-Nuevo-LOS-POLITICOS-1.jpg\",\"contentUrl\":\"https:\\\/\\\/lospoliticosveracruz.com\\\/wp-content\\\/uploads\\\/2025\\\/12\\\/Logo-Nuevo-LOS-POLITICOS-1.jpg\",\"width\":260,\"height\":70,\"caption\":\"Los pol\u00edticos Veracruz\"},\"image\":{\"@id\":\"https:\\\/\\\/lospoliticosveracruz.com\\\/#\\\/schema\\\/logo\\\/image\\\/\"},\"sameAs\":[\"https:\\\/\\\/www.facebook.com\\\/people\\\/Notimemes-de-los-Polticos\\\/61565672886568\\\/\",\"https:\\\/\\\/x.com\\\/LosPoliticosVer\"]},{\"@type\":\"Person\",\"@id\":\"https:\\\/\\\/lospoliticosveracruz.com\\\/#\\\/schema\\\/person\\\/b8702bb0e538456e6efd07080bf2a4a2\",\"name\":\"Lo viste en Los Pol\u00edticos\",\"image\":{\"@type\":\"ImageObject\",\"inLanguage\":\"es\",\"@id\":\"https:\\\/\\\/secure.gravatar.com\\\/avatar\\\/3a8de04a2656d44082be478bd6c086daa447c4651605818287b9532d3d0bd435?s=96&d=mm&r=g\",\"url\":\"https:\\\/\\\/secure.gravatar.com\\\/avatar\\\/3a8de04a2656d44082be478bd6c086daa447c4651605818287b9532d3d0bd435?s=96&d=mm&r=g\",\"contentUrl\":\"https:\\\/\\\/secure.gravatar.com\\\/avatar\\\/3a8de04a2656d44082be478bd6c086daa447c4651605818287b9532d3d0bd435?s=96&d=mm&r=g\",\"caption\":\"Lo viste en Los Pol\u00edticos\"},\"url\":\"https:\\\/\\\/lospoliticosveracruz.com\\\/?author=2\"}]}<\/script>\n<!-- \/ Yoast SEO plugin. -->","yoast_head_json":{"title":"La intimidaci\u00f3n de los cuerpos policiacos - Los pol\u00edticos Veracruz","robots":{"index":"index","follow":"follow","max-snippet":"max-snippet:-1","max-image-preview":"max-image-preview:large","max-video-preview":"max-video-preview:-1"},"canonical":"https:\/\/lospoliticosveracruz.com\/?p=53012","og_locale":"es_ES","og_type":"article","og_title":"La intimidaci\u00f3n de los cuerpos policiacos - Los pol\u00edticos Veracruz","og_description":"(Capuchas y armas largas en oficinas p\u00fablicas) Luis Bustos En Esta Hora Estos tiempos nuevos del 2020 se distinguen por el estado de incertidumbre en que vive la sociedad veracruzana, debido al incremento de la violencia que generan los grupos identificados como \u201cmalosos\u201d. Esto, lo vive la inmensa mayor\u00eda de los veracruzanos, de norte a [&hellip;]","og_url":"https:\/\/lospoliticosveracruz.com\/?p=53012","og_site_name":"Los pol\u00edticos Veracruz","article_publisher":"https:\/\/www.facebook.com\/people\/Notimemes-de-los-Polticos\/61565672886568\/","article_published_time":"2020-03-03T03:06:44+00:00","og_image":[{"width":200,"height":200,"url":"https:\/\/lospoliticosveracruz.com\/wp-content\/uploads\/2016\/07\/Logo-Dor.jpg","type":"image\/jpeg"}],"author":"Lo viste en Los Pol\u00edticos","twitter_card":"summary_large_image","twitter_creator":"@LosPoliticosVer","twitter_site":"@LosPoliticosVer","twitter_misc":{"Escrito por":"Lo viste en Los Pol\u00edticos","Tiempo de lectura":"2 minutos"},"schema":{"@context":"https:\/\/schema.org","@graph":[{"@type":"Article","@id":"https:\/\/lospoliticosveracruz.com\/?p=53012#article","isPartOf":{"@id":"https:\/\/lospoliticosveracruz.com\/?p=53012"},"author":{"name":"Lo viste en Los Pol\u00edticos","@id":"https:\/\/lospoliticosveracruz.com\/#\/schema\/person\/b8702bb0e538456e6efd07080bf2a4a2"},"headline":"La intimidaci\u00f3n de los cuerpos policiacos","datePublished":"2020-03-03T03:06:44+00:00","mainEntityOfPage":{"@id":"https:\/\/lospoliticosveracruz.com\/?p=53012"},"wordCount":484,"commentCount":0,"publisher":{"@id":"https:\/\/lospoliticosveracruz.com\/#organization"},"keywords":["Cuitl\u00e1huac Garc\u00eda Jim\u00e9nez","custodia","derechos humanos","IPAX","Luis Bustos","Veracruz"],"articleSection":["De Opini\u00f3n"],"inLanguage":"es","potentialAction":[{"@type":"CommentAction","name":"Comment","target":["https:\/\/lospoliticosveracruz.com\/?p=53012#respond"]}]},{"@type":"WebPage","@id":"https:\/\/lospoliticosveracruz.com\/?p=53012","url":"https:\/\/lospoliticosveracruz.com\/?p=53012","name":"La intimidaci\u00f3n de los cuerpos policiacos - Los pol\u00edticos Veracruz","isPartOf":{"@id":"https:\/\/lospoliticosveracruz.com\/#website"},"datePublished":"2020-03-03T03:06:44+00:00","breadcrumb":{"@id":"https:\/\/lospoliticosveracruz.com\/?p=53012#breadcrumb"},"inLanguage":"es","potentialAction":[{"@type":"ReadAction","target":["https:\/\/lospoliticosveracruz.com\/?p=53012"]}]},{"@type":"BreadcrumbList","@id":"https:\/\/lospoliticosveracruz.com\/?p=53012#breadcrumb","itemListElement":[{"@type":"ListItem","position":1,"name":"Portada","item":"https:\/\/lospoliticosveracruz.com\/"},{"@type":"ListItem","position":2,"name":"La intimidaci\u00f3n de los cuerpos policiacos"}]},{"@type":"WebSite","@id":"https:\/\/lospoliticosveracruz.com\/#website","url":"https:\/\/lospoliticosveracruz.com\/","name":"Los pol\u00edticos Veracruz","description":"","publisher":{"@id":"https:\/\/lospoliticosveracruz.com\/#organization"},"potentialAction":[{"@type":"SearchAction","target":{"@type":"EntryPoint","urlTemplate":"https:\/\/lospoliticosveracruz.com\/?s={search_term_string}"},"query-input":{"@type":"PropertyValueSpecification","valueRequired":true,"valueName":"search_term_string"}}],"inLanguage":"es"},{"@type":"Organization","@id":"https:\/\/lospoliticosveracruz.com\/#organization","name":"Los pol\u00edticos Veracruz","url":"https:\/\/lospoliticosveracruz.com\/","logo":{"@type":"ImageObject","inLanguage":"es","@id":"https:\/\/lospoliticosveracruz.com\/#\/schema\/logo\/image\/","url":"https:\/\/lospoliticosveracruz.com\/wp-content\/uploads\/2025\/12\/Logo-Nuevo-LOS-POLITICOS-1.jpg","contentUrl":"https:\/\/lospoliticosveracruz.com\/wp-content\/uploads\/2025\/12\/Logo-Nuevo-LOS-POLITICOS-1.jpg","width":260,"height":70,"caption":"Los pol\u00edticos Veracruz"},"image":{"@id":"https:\/\/lospoliticosveracruz.com\/#\/schema\/logo\/image\/"},"sameAs":["https:\/\/www.facebook.com\/people\/Notimemes-de-los-Polticos\/61565672886568\/","https:\/\/x.com\/LosPoliticosVer"]},{"@type":"Person","@id":"https:\/\/lospoliticosveracruz.com\/#\/schema\/person\/b8702bb0e538456e6efd07080bf2a4a2","name":"Lo viste en Los Pol\u00edticos","image":{"@type":"ImageObject","inLanguage":"es","@id":"https:\/\/secure.gravatar.com\/avatar\/3a8de04a2656d44082be478bd6c086daa447c4651605818287b9532d3d0bd435?s=96&d=mm&r=g","url":"https:\/\/secure.gravatar.com\/avatar\/3a8de04a2656d44082be478bd6c086daa447c4651605818287b9532d3d0bd435?s=96&d=mm&r=g","contentUrl":"https:\/\/secure.gravatar.com\/avatar\/3a8de04a2656d44082be478bd6c086daa447c4651605818287b9532d3d0bd435?s=96&d=mm&r=g","caption":"Lo viste en Los Pol\u00edticos"},"url":"https:\/\/lospoliticosveracruz.com\/?author=2"}]}},"_links":{"self":[{"href":"https:\/\/lospoliticosveracruz.com\/index.php?rest_route=\/wp\/v2\/posts\/53012","targetHints":{"allow":["GET"]}}],"collection":[{"href":"https:\/\/lospoliticosveracruz.com\/index.php?rest_route=\/wp\/v2\/posts"}],"about":[{"href":"https:\/\/lospoliticosveracruz.com\/index.php?rest_route=\/wp\/v2\/types\/post"}],"author":[{"embeddable":true,"href":"https:\/\/lospoliticosveracruz.com\/index.php?rest_route=\/wp\/v2\/users\/2"}],"replies":[{"embeddable":true,"href":"https:\/\/lospoliticosveracruz.com\/index.php?rest_route=%2Fwp%2Fv2%2Fcomments&post=53012"}],"version-history":[{"count":1,"href":"https:\/\/lospoliticosveracruz.com\/index.php?rest_route=\/wp\/v2\/posts\/53012\/revisions"}],"predecessor-version":[{"id":53014,"href":"https:\/\/lospoliticosveracruz.com\/index.php?rest_route=\/wp\/v2\/posts\/53012\/revisions\/53014"}],"wp:attachment":[{"href":"https:\/\/lospoliticosveracruz.com\/index.php?rest_route=%2Fwp%2Fv2%2Fmedia&parent=53012"}],"wp:term":[{"taxonomy":"category","embeddable":true,"href":"https:\/\/lospoliticosveracruz.com\/index.php?rest_route=%2Fwp%2Fv2%2Fcategories&post=53012"},{"taxonomy":"post_tag","embeddable":true,"href":"https:\/\/lospoliticosveracruz.com\/index.php?rest_route=%2Fwp%2Fv2%2Ftags&post=53012"}],"curies":[{"name":"wp","href":"https:\/\/api.w.org\/{rel}","templated":true}]}}