{"id":53053,"date":"2020-03-04T09:51:24","date_gmt":"2020-03-04T15:51:24","guid":{"rendered":"http:\/\/www.lospoliticosveracruz.com.mx\/?p=53053"},"modified":"2020-03-04T09:51:24","modified_gmt":"2020-03-04T15:51:24","slug":"desafuero-en-puerta-en-veracruz","status":"publish","type":"post","link":"https:\/\/lospoliticosveracruz.com\/?p=53053","title":{"rendered":"Desafuero en puerta en Veracruz"},"content":{"rendered":"<p><strong>Luis Alberto Romero<\/strong><\/p>\n<p><em>Hora Cero<\/em><\/p>\n<p>Este mi\u00e9rcoles en el Congreso del Estado se llevar\u00e1 a cabo la sesi\u00f3n extraordinaria para analizar, discutir y votar el desafuero del legislador independiente Erik Iv\u00e1n Aguilar L\u00f3pez. Ser\u00e1 una reuni\u00f3n a puerta cerrada y, por tanto, no habr\u00e1 acceso a los representantes de los medios de comunicaci\u00f3n.<\/p>\n<p>Previo a ello, el diputado acudi\u00f3 este martes al Palacio Legislativo para hacer un pronunciamiento sobre el tema del muy probable desafuero.<\/p>\n<p>No lo hizo solo; asisti\u00f3 en compa\u00f1\u00eda de su padre y de su madre, quienes se sentaron a su lado en la sala de prensa del Congreso de Veracruz.<\/p>\n<p>Y comenz\u00f3 su perorata, que fue retomada por los reporteros, quienes no tuvieron la posibilidad de cuestionar, dado que el asesor jur\u00eddico del legislador le recomend\u00f3 no salir de su gui\u00f3n.<\/p>\n<p>Llam\u00f3 la atenci\u00f3n el contenido del discurso del diputado; un mensaje, por cierto, vac\u00edo, lleno de lugares comunes, sin pies ni cabeza.<\/p>\n<p>En su af\u00e1n de llamar la atenci\u00f3n, como lo ha hecho desde que lleg\u00f3 a Palacio Legislativo, con un mariachi, a su toma de protesta, se asume como v\u00edctima y se avent\u00f3 la puntada de decir que si \u00e9l cae, tambi\u00e9n caer\u00e1 la oposici\u00f3n en la entidad, como si representara algo, aunque sea poco.<\/p>\n<p>Ya encarrerado, intent\u00f3 involucrar a quienes no tienen vela en el entierro.<\/p>\n<p>Clam\u00f3 la ayuda de H\u00e9ctor Yunes Landa, de Jos\u00e9 Yunes Zorrilla, de Miguel \u00c1ngel Yunes Linares, y de Miguel \u00c1ngel y Fernando Yunes M\u00e1rquez; de decir, de priistas y panistas. El diputado por Misantla parece desesperado e intenta aferrarse a un cargo que est\u00e1 a punto de perder.<\/p>\n<p>Adem\u00e1s, mencion\u00f3 a los dirigentes partidistas Joaqu\u00edn Guzm\u00e1n Avil\u00e9s, del PAN; Marlon Ram\u00edrez Mar\u00edn, del PRI; Sergio Gil Rull\u00e1n, del Movimiento Ciudadano; y Jes\u00fas Vel\u00e1zquez Flores, del PRD.<\/p>\n<p>Tambi\u00e9n se refiri\u00f3 a los senadores Dante Delgado Rannauro, Julen Rementer\u00eda del Puerto e Indira Rosales San Rom\u00e1n, como si todos ellos tuvieran injerencia en los diputados locales y les ordenaran qu\u00e9 hacer o qu\u00e9 decisiones tomar.<\/p>\n<p>Al diputado se le olvida que el Congreso es un poder aut\u00f3nomo.<\/p>\n<p>Erik Iv\u00e1n Aguilar L\u00f3pez pide justicia y apego a la legalidad; sin embargo, enfrenta serias acusaciones por presuntamente obstruir el trabajo de la Fiscal\u00eda General del Estado; recordemos, en ese contexto, el video que circul\u00f3 ampliamente en redes sociales, en el que se observa al legislador misanteco tomar la decisi\u00f3n de llevarse un cad\u00e1ver, violando la ley.<\/p>\n<p>Pero adem\u00e1s, demostr\u00f3 una total falta de respeto hacia las instituciones al decir que a la Fiscal General del Estado, Ver\u00f3nica Hern\u00e1ndez Giad\u00e1ns se la com\u00eda \u201cen tacos\u201d.<\/p>\n<p>Esos tacos est\u00e1n a punto de provocarle m\u00e1s que una indigesti\u00f3n al pol\u00e9mico diputado, conocido por su zigzagueo pol\u00edtico, dado que lleg\u00f3 al Congreso gracias a la alianza Morena-PT-PES; luego le dio la espalda a dicha bancada para ingresar al grupo conocido como \u201cDel lado correcto de la historia\u201d; de ah\u00ed se declar\u00f3 independiente; se sum\u00f3 a la extinta bancada \u201cAcci\u00f3n Nacional Veracruz\u201d; y hoy tiene un pie en el desafuero y con el otro pisa un jab\u00f3n.<\/p>\n<p>La suerte del diputado parece que est\u00e1 echada y tendr\u00e1 que enfrentar la justicia, as\u00ed como las leyes que \u00e9l alguna vez jur\u00f3 cumplir y hacer cumplir. luisromero85@gmail.com<\/p>\n","protected":false},"excerpt":{"rendered":"<p>Luis Alberto Romero Hora Cero Este mi\u00e9rcoles en el Congreso del Estado se llevar\u00e1 a cabo la sesi\u00f3n extraordinaria para analizar, discutir y votar el desafuero del legislador independiente Erik Iv\u00e1n Aguilar L\u00f3pez. Ser\u00e1 una reuni\u00f3n a puerta cerrada y, por tanto, no habr\u00e1 acceso a los representantes de los medios de comunicaci\u00f3n. Previo a [&hellip;]<\/p>\n","protected":false},"author":2,"featured_media":0,"comment_status":"open","ping_status":"open","sticky":false,"template":"","format":"standard","meta":{"tdm_status":"","tdm_grid_status":"","footnotes":""},"categories":[70],"tags":[331,4077,13139,13040,818,12266,348,7232,3288,227,2669,2908,428,536,11240,195,15165],"class_list":{"0":"post-53053","1":"post","2":"type-post","3":"status-publish","4":"format-standard","6":"category-de-opinion","7":"tag-congreso-del-estado","8":"tag-desafuero","9":"tag-diputaco","10":"tag-erik-ivan-aguilar-lopez","11":"tag-fernando-yunes-marquez","12":"tag-fiscal-general-del-estado","13":"tag-hector-yunes-landa","14":"tag-jesus-velazquez-flores","15":"tag-joaquin-guzman-aviles","16":"tag-jose-yunes-zorrilla","17":"tag-luis-alberto-romero","18":"tag-marlon-ramirez-marin","19":"tag-miguel-angel-yunes-linares","20":"tag-miguel-angel-yunes-marquez","21":"tag-sergio-gil-rullan","22":"tag-veracruz","23":"tag-veronica-hernandez-giadans"},"yoast_head":"<!-- This site is optimized with the Yoast SEO plugin v27.4 - https:\/\/yoast.com\/product\/yoast-seo-wordpress\/ -->\n<title>Desafuero en puerta en Veracruz - Los pol\u00edticos Veracruz<\/title>\n<meta name=\"robots\" content=\"index, follow, max-snippet:-1, max-image-preview:large, max-video-preview:-1\" \/>\n<link rel=\"canonical\" href=\"https:\/\/lospoliticosveracruz.com\/?p=53053\" \/>\n<meta property=\"og:locale\" content=\"es_ES\" \/>\n<meta property=\"og:type\" content=\"article\" \/>\n<meta property=\"og:title\" content=\"Desafuero en puerta en Veracruz - Los pol\u00edticos Veracruz\" \/>\n<meta property=\"og:description\" content=\"Luis Alberto Romero Hora Cero Este mi\u00e9rcoles en el Congreso del Estado se llevar\u00e1 a cabo la sesi\u00f3n extraordinaria para analizar, discutir y votar el desafuero del legislador independiente Erik Iv\u00e1n Aguilar L\u00f3pez. Ser\u00e1 una reuni\u00f3n a puerta cerrada y, por tanto, no habr\u00e1 acceso a los representantes de los medios de comunicaci\u00f3n. Previo a [&hellip;]\" \/>\n<meta property=\"og:url\" content=\"https:\/\/lospoliticosveracruz.com\/?p=53053\" \/>\n<meta property=\"og:site_name\" content=\"Los pol\u00edticos Veracruz\" \/>\n<meta property=\"article:publisher\" content=\"https:\/\/www.facebook.com\/people\/Notimemes-de-los-Polticos\/61565672886568\/\" \/>\n<meta property=\"article:published_time\" content=\"2020-03-04T15:51:24+00:00\" \/>\n<meta property=\"og:image\" content=\"https:\/\/lospoliticosveracruz.com\/wp-content\/uploads\/2016\/07\/Logo-Dor.jpg\" \/>\n\t<meta property=\"og:image:width\" content=\"200\" \/>\n\t<meta property=\"og:image:height\" content=\"200\" \/>\n\t<meta property=\"og:image:type\" content=\"image\/jpeg\" \/>\n<meta name=\"author\" content=\"Lo viste en Los Pol\u00edticos\" \/>\n<meta name=\"twitter:card\" content=\"summary_large_image\" \/>\n<meta name=\"twitter:creator\" content=\"@LosPoliticosVer\" \/>\n<meta name=\"twitter:site\" content=\"@LosPoliticosVer\" \/>\n<meta name=\"twitter:label1\" content=\"Escrito por\" \/>\n\t<meta name=\"twitter:data1\" content=\"Lo viste en Los Pol\u00edticos\" \/>\n\t<meta name=\"twitter:label2\" content=\"Tiempo de lectura\" \/>\n\t<meta name=\"twitter:data2\" content=\"3 minutos\" \/>\n<script type=\"application\/ld+json\" class=\"yoast-schema-graph\">{\"@context\":\"https:\\\/\\\/schema.org\",\"@graph\":[{\"@type\":\"Article\",\"@id\":\"https:\\\/\\\/lospoliticosveracruz.com\\\/?p=53053#article\",\"isPartOf\":{\"@id\":\"https:\\\/\\\/lospoliticosveracruz.com\\\/?p=53053\"},\"author\":{\"name\":\"Lo viste en Los Pol\u00edticos\",\"@id\":\"https:\\\/\\\/lospoliticosveracruz.com\\\/#\\\/schema\\\/person\\\/b8702bb0e538456e6efd07080bf2a4a2\"},\"headline\":\"Desafuero en puerta en Veracruz\",\"datePublished\":\"2020-03-04T15:51:24+00:00\",\"mainEntityOfPage\":{\"@id\":\"https:\\\/\\\/lospoliticosveracruz.com\\\/?p=53053\"},\"wordCount\":594,\"commentCount\":0,\"publisher\":{\"@id\":\"https:\\\/\\\/lospoliticosveracruz.com\\\/#organization\"},\"keywords\":[\"Congreso del Estado\",\"desafuero\",\"Diputaco\",\"Erik Iv\u00e1n Aguilar L\u00f3pez\",\"Fernando Yunes M\u00e1rquez\",\"Fiscal General del Estado\",\"H\u00e9ctor Yunes Landa\",\"Jes\u00fas Vel\u00e1zquez Flores\",\"Joaqu\u00edn Guzm\u00e1n Avil\u00e9s\",\"Jos\u00e9 Yunes Zorrilla\",\"Luis Alberto Romero\",\"Marlon Ram\u00edrez Mar\u00edn\",\"Miguel Angel Yunes Linares\",\"Miguel \u00c1ngel Yunes M\u00e1rquez\",\"Sergio Gil Rull\u00e1n\",\"Veracruz\",\"Ver\u00f3nica Hern\u00e1ndez Giad\u00e1ns\"],\"articleSection\":[\"De Opini\u00f3n\"],\"inLanguage\":\"es\",\"potentialAction\":[{\"@type\":\"CommentAction\",\"name\":\"Comment\",\"target\":[\"https:\\\/\\\/lospoliticosveracruz.com\\\/?p=53053#respond\"]}]},{\"@type\":\"WebPage\",\"@id\":\"https:\\\/\\\/lospoliticosveracruz.com\\\/?p=53053\",\"url\":\"https:\\\/\\\/lospoliticosveracruz.com\\\/?p=53053\",\"name\":\"Desafuero en puerta en Veracruz - Los pol\u00edticos Veracruz\",\"isPartOf\":{\"@id\":\"https:\\\/\\\/lospoliticosveracruz.com\\\/#website\"},\"datePublished\":\"2020-03-04T15:51:24+00:00\",\"breadcrumb\":{\"@id\":\"https:\\\/\\\/lospoliticosveracruz.com\\\/?p=53053#breadcrumb\"},\"inLanguage\":\"es\",\"potentialAction\":[{\"@type\":\"ReadAction\",\"target\":[\"https:\\\/\\\/lospoliticosveracruz.com\\\/?p=53053\"]}]},{\"@type\":\"BreadcrumbList\",\"@id\":\"https:\\\/\\\/lospoliticosveracruz.com\\\/?p=53053#breadcrumb\",\"itemListElement\":[{\"@type\":\"ListItem\",\"position\":1,\"name\":\"Portada\",\"item\":\"https:\\\/\\\/lospoliticosveracruz.com\\\/\"},{\"@type\":\"ListItem\",\"position\":2,\"name\":\"Desafuero en puerta en Veracruz\"}]},{\"@type\":\"WebSite\",\"@id\":\"https:\\\/\\\/lospoliticosveracruz.com\\\/#website\",\"url\":\"https:\\\/\\\/lospoliticosveracruz.com\\\/\",\"name\":\"Los pol\u00edticos Veracruz\",\"description\":\"\",\"publisher\":{\"@id\":\"https:\\\/\\\/lospoliticosveracruz.com\\\/#organization\"},\"potentialAction\":[{\"@type\":\"SearchAction\",\"target\":{\"@type\":\"EntryPoint\",\"urlTemplate\":\"https:\\\/\\\/lospoliticosveracruz.com\\\/?s={search_term_string}\"},\"query-input\":{\"@type\":\"PropertyValueSpecification\",\"valueRequired\":true,\"valueName\":\"search_term_string\"}}],\"inLanguage\":\"es\"},{\"@type\":\"Organization\",\"@id\":\"https:\\\/\\\/lospoliticosveracruz.com\\\/#organization\",\"name\":\"Los pol\u00edticos Veracruz\",\"url\":\"https:\\\/\\\/lospoliticosveracruz.com\\\/\",\"logo\":{\"@type\":\"ImageObject\",\"inLanguage\":\"es\",\"@id\":\"https:\\\/\\\/lospoliticosveracruz.com\\\/#\\\/schema\\\/logo\\\/image\\\/\",\"url\":\"https:\\\/\\\/lospoliticosveracruz.com\\\/wp-content\\\/uploads\\\/2025\\\/12\\\/Logo-Nuevo-LOS-POLITICOS-1.jpg\",\"contentUrl\":\"https:\\\/\\\/lospoliticosveracruz.com\\\/wp-content\\\/uploads\\\/2025\\\/12\\\/Logo-Nuevo-LOS-POLITICOS-1.jpg\",\"width\":260,\"height\":70,\"caption\":\"Los pol\u00edticos Veracruz\"},\"image\":{\"@id\":\"https:\\\/\\\/lospoliticosveracruz.com\\\/#\\\/schema\\\/logo\\\/image\\\/\"},\"sameAs\":[\"https:\\\/\\\/www.facebook.com\\\/people\\\/Notimemes-de-los-Polticos\\\/61565672886568\\\/\",\"https:\\\/\\\/x.com\\\/LosPoliticosVer\"]},{\"@type\":\"Person\",\"@id\":\"https:\\\/\\\/lospoliticosveracruz.com\\\/#\\\/schema\\\/person\\\/b8702bb0e538456e6efd07080bf2a4a2\",\"name\":\"Lo viste en Los Pol\u00edticos\",\"image\":{\"@type\":\"ImageObject\",\"inLanguage\":\"es\",\"@id\":\"https:\\\/\\\/secure.gravatar.com\\\/avatar\\\/3a8de04a2656d44082be478bd6c086daa447c4651605818287b9532d3d0bd435?s=96&d=mm&r=g\",\"url\":\"https:\\\/\\\/secure.gravatar.com\\\/avatar\\\/3a8de04a2656d44082be478bd6c086daa447c4651605818287b9532d3d0bd435?s=96&d=mm&r=g\",\"contentUrl\":\"https:\\\/\\\/secure.gravatar.com\\\/avatar\\\/3a8de04a2656d44082be478bd6c086daa447c4651605818287b9532d3d0bd435?s=96&d=mm&r=g\",\"caption\":\"Lo viste en Los Pol\u00edticos\"},\"url\":\"https:\\\/\\\/lospoliticosveracruz.com\\\/?author=2\"}]}<\/script>\n<!-- \/ Yoast SEO plugin. -->","yoast_head_json":{"title":"Desafuero en puerta en Veracruz - Los pol\u00edticos Veracruz","robots":{"index":"index","follow":"follow","max-snippet":"max-snippet:-1","max-image-preview":"max-image-preview:large","max-video-preview":"max-video-preview:-1"},"canonical":"https:\/\/lospoliticosveracruz.com\/?p=53053","og_locale":"es_ES","og_type":"article","og_title":"Desafuero en puerta en Veracruz - Los pol\u00edticos Veracruz","og_description":"Luis Alberto Romero Hora Cero Este mi\u00e9rcoles en el Congreso del Estado se llevar\u00e1 a cabo la sesi\u00f3n extraordinaria para analizar, discutir y votar el desafuero del legislador independiente Erik Iv\u00e1n Aguilar L\u00f3pez. Ser\u00e1 una reuni\u00f3n a puerta cerrada y, por tanto, no habr\u00e1 acceso a los representantes de los medios de comunicaci\u00f3n. Previo a [&hellip;]","og_url":"https:\/\/lospoliticosveracruz.com\/?p=53053","og_site_name":"Los pol\u00edticos Veracruz","article_publisher":"https:\/\/www.facebook.com\/people\/Notimemes-de-los-Polticos\/61565672886568\/","article_published_time":"2020-03-04T15:51:24+00:00","og_image":[{"width":200,"height":200,"url":"https:\/\/lospoliticosveracruz.com\/wp-content\/uploads\/2016\/07\/Logo-Dor.jpg","type":"image\/jpeg"}],"author":"Lo viste en Los Pol\u00edticos","twitter_card":"summary_large_image","twitter_creator":"@LosPoliticosVer","twitter_site":"@LosPoliticosVer","twitter_misc":{"Escrito por":"Lo viste en Los Pol\u00edticos","Tiempo de lectura":"3 minutos"},"schema":{"@context":"https:\/\/schema.org","@graph":[{"@type":"Article","@id":"https:\/\/lospoliticosveracruz.com\/?p=53053#article","isPartOf":{"@id":"https:\/\/lospoliticosveracruz.com\/?p=53053"},"author":{"name":"Lo viste en Los Pol\u00edticos","@id":"https:\/\/lospoliticosveracruz.com\/#\/schema\/person\/b8702bb0e538456e6efd07080bf2a4a2"},"headline":"Desafuero en puerta en Veracruz","datePublished":"2020-03-04T15:51:24+00:00","mainEntityOfPage":{"@id":"https:\/\/lospoliticosveracruz.com\/?p=53053"},"wordCount":594,"commentCount":0,"publisher":{"@id":"https:\/\/lospoliticosveracruz.com\/#organization"},"keywords":["Congreso del Estado","desafuero","Diputaco","Erik Iv\u00e1n Aguilar L\u00f3pez","Fernando Yunes M\u00e1rquez","Fiscal General del Estado","H\u00e9ctor Yunes Landa","Jes\u00fas Vel\u00e1zquez Flores","Joaqu\u00edn Guzm\u00e1n Avil\u00e9s","Jos\u00e9 Yunes Zorrilla","Luis Alberto Romero","Marlon Ram\u00edrez Mar\u00edn","Miguel Angel Yunes Linares","Miguel \u00c1ngel Yunes M\u00e1rquez","Sergio Gil Rull\u00e1n","Veracruz","Ver\u00f3nica Hern\u00e1ndez Giad\u00e1ns"],"articleSection":["De Opini\u00f3n"],"inLanguage":"es","potentialAction":[{"@type":"CommentAction","name":"Comment","target":["https:\/\/lospoliticosveracruz.com\/?p=53053#respond"]}]},{"@type":"WebPage","@id":"https:\/\/lospoliticosveracruz.com\/?p=53053","url":"https:\/\/lospoliticosveracruz.com\/?p=53053","name":"Desafuero en puerta en Veracruz - Los pol\u00edticos Veracruz","isPartOf":{"@id":"https:\/\/lospoliticosveracruz.com\/#website"},"datePublished":"2020-03-04T15:51:24+00:00","breadcrumb":{"@id":"https:\/\/lospoliticosveracruz.com\/?p=53053#breadcrumb"},"inLanguage":"es","potentialAction":[{"@type":"ReadAction","target":["https:\/\/lospoliticosveracruz.com\/?p=53053"]}]},{"@type":"BreadcrumbList","@id":"https:\/\/lospoliticosveracruz.com\/?p=53053#breadcrumb","itemListElement":[{"@type":"ListItem","position":1,"name":"Portada","item":"https:\/\/lospoliticosveracruz.com\/"},{"@type":"ListItem","position":2,"name":"Desafuero en puerta en Veracruz"}]},{"@type":"WebSite","@id":"https:\/\/lospoliticosveracruz.com\/#website","url":"https:\/\/lospoliticosveracruz.com\/","name":"Los pol\u00edticos Veracruz","description":"","publisher":{"@id":"https:\/\/lospoliticosveracruz.com\/#organization"},"potentialAction":[{"@type":"SearchAction","target":{"@type":"EntryPoint","urlTemplate":"https:\/\/lospoliticosveracruz.com\/?s={search_term_string}"},"query-input":{"@type":"PropertyValueSpecification","valueRequired":true,"valueName":"search_term_string"}}],"inLanguage":"es"},{"@type":"Organization","@id":"https:\/\/lospoliticosveracruz.com\/#organization","name":"Los pol\u00edticos Veracruz","url":"https:\/\/lospoliticosveracruz.com\/","logo":{"@type":"ImageObject","inLanguage":"es","@id":"https:\/\/lospoliticosveracruz.com\/#\/schema\/logo\/image\/","url":"https:\/\/lospoliticosveracruz.com\/wp-content\/uploads\/2025\/12\/Logo-Nuevo-LOS-POLITICOS-1.jpg","contentUrl":"https:\/\/lospoliticosveracruz.com\/wp-content\/uploads\/2025\/12\/Logo-Nuevo-LOS-POLITICOS-1.jpg","width":260,"height":70,"caption":"Los pol\u00edticos Veracruz"},"image":{"@id":"https:\/\/lospoliticosveracruz.com\/#\/schema\/logo\/image\/"},"sameAs":["https:\/\/www.facebook.com\/people\/Notimemes-de-los-Polticos\/61565672886568\/","https:\/\/x.com\/LosPoliticosVer"]},{"@type":"Person","@id":"https:\/\/lospoliticosveracruz.com\/#\/schema\/person\/b8702bb0e538456e6efd07080bf2a4a2","name":"Lo viste en Los Pol\u00edticos","image":{"@type":"ImageObject","inLanguage":"es","@id":"https:\/\/secure.gravatar.com\/avatar\/3a8de04a2656d44082be478bd6c086daa447c4651605818287b9532d3d0bd435?s=96&d=mm&r=g","url":"https:\/\/secure.gravatar.com\/avatar\/3a8de04a2656d44082be478bd6c086daa447c4651605818287b9532d3d0bd435?s=96&d=mm&r=g","contentUrl":"https:\/\/secure.gravatar.com\/avatar\/3a8de04a2656d44082be478bd6c086daa447c4651605818287b9532d3d0bd435?s=96&d=mm&r=g","caption":"Lo viste en Los Pol\u00edticos"},"url":"https:\/\/lospoliticosveracruz.com\/?author=2"}]}},"_links":{"self":[{"href":"https:\/\/lospoliticosveracruz.com\/index.php?rest_route=\/wp\/v2\/posts\/53053","targetHints":{"allow":["GET"]}}],"collection":[{"href":"https:\/\/lospoliticosveracruz.com\/index.php?rest_route=\/wp\/v2\/posts"}],"about":[{"href":"https:\/\/lospoliticosveracruz.com\/index.php?rest_route=\/wp\/v2\/types\/post"}],"author":[{"embeddable":true,"href":"https:\/\/lospoliticosveracruz.com\/index.php?rest_route=\/wp\/v2\/users\/2"}],"replies":[{"embeddable":true,"href":"https:\/\/lospoliticosveracruz.com\/index.php?rest_route=%2Fwp%2Fv2%2Fcomments&post=53053"}],"version-history":[{"count":1,"href":"https:\/\/lospoliticosveracruz.com\/index.php?rest_route=\/wp\/v2\/posts\/53053\/revisions"}],"predecessor-version":[{"id":53054,"href":"https:\/\/lospoliticosveracruz.com\/index.php?rest_route=\/wp\/v2\/posts\/53053\/revisions\/53054"}],"wp:attachment":[{"href":"https:\/\/lospoliticosveracruz.com\/index.php?rest_route=%2Fwp%2Fv2%2Fmedia&parent=53053"}],"wp:term":[{"taxonomy":"category","embeddable":true,"href":"https:\/\/lospoliticosveracruz.com\/index.php?rest_route=%2Fwp%2Fv2%2Fcategories&post=53053"},{"taxonomy":"post_tag","embeddable":true,"href":"https:\/\/lospoliticosveracruz.com\/index.php?rest_route=%2Fwp%2Fv2%2Ftags&post=53053"}],"curies":[{"name":"wp","href":"https:\/\/api.w.org\/{rel}","templated":true}]}}