{"id":53080,"date":"2020-03-05T08:30:51","date_gmt":"2020-03-05T14:30:51","guid":{"rendered":"http:\/\/www.lospoliticosveracruz.com.mx\/?p=53080"},"modified":"2020-03-05T08:30:51","modified_gmt":"2020-03-05T14:30:51","slug":"morena-enemigo-de-las-mujeres-ya-probo-sangre","status":"publish","type":"post","link":"https:\/\/lospoliticosveracruz.com\/?p=53080","title":{"rendered":"Morena: Enemigo de las mujeres, ya \u00abprob\u00f3 sangre\u00bb"},"content":{"rendered":"<p><strong>Ricardo Ch\u00faa<\/strong><\/p>\n<p><em>Sale y Vale<\/em><\/p>\n<p>OJO&#8230; Si al Presidente de M\u00e9xico, Andr\u00e9s Manuel L\u00f3pez Obrador tiene el movimiento feminista contra la violencia de g\u00e9nero \u00abEl 9 nadie se mueve\u00bb&#8230; Sin importancia, pero lo trae m\u00e1s que molesto e iracundo porque cree en su l\u00f3gica que es un movimiento para \u00abfrenar\u00bb a su 4T&#8230; En Veracruz a Cuitl\u00e1huac Garc\u00eda le importa un \u00absoberano pepino\u00bb la lucha de las mujeres&#8230; Lo ha demostrado desde la Fiscal\u00eda del Estado&#8230; Tienen una de las tasas con mayor casos de feminicidios en el pa\u00eds y no los ve as\u00ed&#8230; No le interesa&#8230;<\/p>\n<p>As\u00ed que para el 9 de marzo en Veracruz.. Los grupos feministas que fueron precursoras a nivel nacional de que se hiciera este paro nacional&#8230; Tienen que esperar lo peor.. A parte de las injurias y descalificaciones a su movimiento&#8230; M\u00e1s que muchos grupos feministas est\u00e1n \u00abcontaminados\u00bb por MORENA&#8230; As\u00ed que prep\u00e1rense porque esto apenas empieza&#8230; Un gobierno de izquierda que no entiende, que ellos no son due\u00f1o de la verdad y del reclamo social, es un gobierno \u00abciego\u00bb en la procuraci\u00f3n del bienestar com\u00fan&#8230; Veracruz no es la excepci\u00f3n&#8230;<\/p>\n<p>El hecho es que si el Presidente no quiere saber nada del \u00ab9 nadie se mueve\u00bb tambi\u00e9n el gobernador en Veracruz&#8230; Copiara la misma postura.. Seguro ese d\u00eda Cuitl\u00e1huac inventar\u00e1 una gira de trabajo fuera de Veracruz&#8230; Para evitar cuestionamientos al respecto.. Si nadie de su administraci\u00f3n se ha pronunciado para dar un apoyo decidido al movimiento.. No lo har\u00e1n los d\u00edas que faltan&#8230; Las mujeres viven d\u00edas aciagos en Veracruz.. Y lo que les falta&#8230; El Estado de Derecho no existe&#8230; AMEN&#8230;<\/p>\n<p>LOS MOTIVOS DEL CUIT&#8230; Mucho ya se escribi\u00f3 del desafuero del ahora ex diputado local, Erick Aguilar&#8230; De la remoci\u00f3n del alcalde y s\u00edndica de Actopan, Paulino Dom\u00ednguez y Yazm\u00edn \u00abN\u00bb, respectivamente porque ya se encuentra detenida en Pacho Viejo&#8230; Ambos por Incumplimiento de un deber legal, presuntamente&#8230; Ya no tiene caso gastar tinta sobre eso, es historia&#8230; Lo colateral es lo importante en este asunto y es que: NO HAY OPOSICI\u00d3N, NO HAY CIUDADAN\u00cdA, NO HAY RESISTENCIA CIVIL&#8230; MORENA \u00abavasall\u00f3\u00bb con todo&#8230;<\/p>\n<p>En este momento, Cuitl\u00e1huac, Patrocinio, G\u00f3mez Cazarin y todo MORENA se puede \u00abhacer pip\u00ed y pop\u00f3\u00bb en la ley.. Y, no pasa absolutamente nada&#8230; No hay ESTADO DE DERECHO&#8230; Esa es la LECTURA que deja el tema de Erick Aguilar y su desafuero&#8230; Ya sin importar si el ex diputado es inocente o no&#8230; Ya que todo este \u00abshow\u00bb armado por los Morenos en el Congreso Local fue s\u00f3lo para un demostrar algo&#8230; Que tienen el poder e intentar dar un \u00abGolpe de Tim\u00f3n\u00bb a lo que queda de oposici\u00f3n pol\u00edtica&#8230; As\u00ed de sencillo&#8230;<\/p>\n<p>Adem\u00e1s el desaforar al ex diputado aliado con el PAN&#8230; Era para MORENA recuperar un voto y confirmar que ellos tambi\u00e9n le saben al tema de \u00abla cargada\u00bb legislativa&#8230; Si son priistas y panistas convertidos a Morenos.. As\u00ed que consecuencias de estos actos, ni los esperen&#8230; No los habr\u00e1&#8230; PERO LA LECCI\u00d3N que los diputados locales, est\u00e1n dando a Cuitl\u00e1huac y Patrocinio es que ellos (los legisladores Morenos) si ocupan el \u00abcamar\u00f3n\u00bb, billete o varo, al estilo Duarte, Fidel o Yunes, y el \u00abgarrote\u00bb para lo que es.. Para \u00abapedrear\u00bb a la oposici\u00f3n&#8230;<\/p>\n<p>Tambi\u00e9n el caso de Erick Aguilar deja en claro, de una vez por todas, de que la pol\u00edtica no es para improvisados&#8230; Y MORENA, PT y PAN terminan demostrando que llevaron lo peor al Congreso Local, con alguno de sus representantes, \u00abcontrabando (de votos) y traici\u00f3n\u00bb&#8230; Pero aqu\u00ed SORPRENDI\u00d3 el llamado \u00abBob El Constructor\u00bb de MORENA, Javier G\u00f3mez Cazar\u00edn (porque dicen las -lenguas de doble filo- que su familia ya es due\u00f1a de una constructora con un socio poderoso) ya que este result\u00f3 efectivo con el varo $$$&#8230;<\/p>\n<p>Ya que los Morenos aprovecharon que el \u00abtraidor\u00bb a su causa, Erick Aguilar fuera un improvisado pol\u00edtico, bravuc\u00f3n y mis\u00f3gino elemento&#8230; Que se sinti\u00f3 PODEROSO y se quiso transformar en un \u00abremedo\u00bb de \u00abcacique\u00bb como en los viejos tiempos de Veracruz&#8230; Pero \u00e9l con su forma de comportarse en la Legislatura demostr\u00f3 el nivel de personas que abanderaron a los de MORENA y PT&#8230; As\u00ed que \u00absanto\u00bb no era&#8230; Pero como lo \u00abquemaron\u00bb ahora lo vuelven m\u00e1rtir&#8230; Y as\u00ed como se lleg\u00f3, se fue&#8230; Como Pancho L\u00f3pez&#8230; Vivi\u00f3 la vida con mucha rapidez&#8230;<\/p>\n<p>En el caso de Actopan y a sus autoridades municipales&#8230; Seguramente al alcalde desaforado, Paulino Dom\u00ednguez, apenas sea detenido por el delito que le sea imputado&#8230; Parece que no tendr\u00e1 salida&#8230; Ya que hay versiones de que la Fiscal\u00eda de Veracruz, PRESUNTAMENTE, lo tiene investigado sobre el caso del periodista asesinado, Jorge Celestino Ruiz V\u00e1zquez, en agosto del a\u00f1o pasado&#8230; As\u00ed que todo indica que lo dejar\u00e1n aprehendido por alguna u otra causa&#8230;<\/p>\n<p>Lo peor con el ahora ex alcalde de Actopan es que desde ayer andan \u00abfiltrando\u00bb un v\u00eddeo&#8230; Donde Paulino Dom\u00ednguez est\u00e1 aprendiendo a disparar&#8230; Obvio que ser\u00e1 utilizado para echarle a la opini\u00f3n p\u00fablica encima&#8230; Y que lo est\u00e1 haciendo a lado de su hijo y con su escolta&#8230; Al que acusan de haber dado muerte al periodista.. De mal y de malas&#8230; Pero obvio todo esto se ve, a los que saben leer \u00abmensajes\u00bb pol\u00edticos&#8230; Como una \u00abcacer\u00eda\u00bb&#8230;<\/p>\n<p>S\u00f3lo hay que ver como detuvieron a la sindica ya desaforada, Yazm\u00edn N&#8230; A la cual pr\u00e1cticamente secuestraron y la Secretar\u00eda de Seguridad P\u00fablica tuvo que salir a decir que no estaba detenida&#8230; Pero ya la ten\u00edan bajo resguardo, momentos antes de que perdiera el fuero&#8230; Para que no se les fuera a escapar.. Ja Ja Ja.. QPM&#8230; Ya despu\u00e9s apareci\u00f3 en Pacho Viejo&#8230; Ella, la s\u00edndica, es prima de Daniel Olmos, ex diputado local del PAN que en 2016 se la jugo con Yunes Linares, y fue el que la meti\u00f3 en esa posici\u00f3n&#8230;<\/p>\n<p>EN RESUMEN&#8230; Los Morenos ya probaron \u00absangre\u00bb a lo bestia y quieren m\u00e1s&#8230; Seguro con su limitada capacidad de hacer pol\u00edtica y la forma burda de actuar&#8230; Ir\u00e1n por m\u00e1s&#8230; No tendr\u00e1n recato con quien se les ponga enfrente&#8230; Se \u00abenvalentonaron\u00bb en el Congreso Local&#8230; Seguro lo har\u00e1 la FGE y desde luego Cuitl\u00e1huac y Patrocinio&#8230; Hay que ver hasta donde llegan y hasta donde el pueblo aguanta&#8230; S\u00f3lo le temen a la ciudadan\u00eda organizada y la sociedad civil que protesta&#8230; Es lo que no soportan&#8230; Que los critiquen,&#8230;<\/p>\n<p>Ahora que los Morenos est\u00e1n enfermos de importancia&#8230; Ya les viene valiendo lo que piensen o las acciones que emprendan el PRI y PAN&#8230; La suerte est\u00e1 echada en. Veracruz&#8230; Donde hay un Estado sin derecho pero fallido\u00bb&#8230; La \u00fanica resistencia ser\u00e1 la alianza de partidos para el 2021&#8230; Tan avisaos&#8230; Y el que avisa no traiciona&#8230; Recuerden: QUE POR M\u00c1S QUE BA\u00d1ES AL CERDO, SIEMPRE SE REVUELCA EN LA MISMA MIER&#8230;%$#&amp;<\/p>\n","protected":false},"excerpt":{"rendered":"<p>Ricardo Ch\u00faa Sale y Vale OJO&#8230; Si al Presidente de M\u00e9xico, Andr\u00e9s Manuel L\u00f3pez Obrador tiene el movimiento feminista contra la violencia de g\u00e9nero \u00abEl 9 nadie se mueve\u00bb&#8230; Sin importancia, pero lo trae m\u00e1s que molesto e iracundo porque cree en su l\u00f3gica que es un movimiento para \u00abfrenar\u00bb a su 4T&#8230; En Veracruz [&hellip;]<\/p>\n","protected":false},"author":2,"featured_media":0,"comment_status":"open","ping_status":"open","sticky":false,"template":"","format":"standard","meta":{"tdm_status":"","tdm_grid_status":"","footnotes":""},"categories":[70],"tags":[4860,618,1681,16799,13040,395,1026,16800,13604,195],"class_list":{"0":"post-53080","1":"post","2":"type-post","3":"status-publish","4":"format-standard","6":"category-de-opinion","7":"tag-actopan","8":"tag-andres-manuel-lopez-obrador","9":"tag-cuitlahuac-garcia","10":"tag-el-9-nadie-se-mueve","11":"tag-erik-ivan-aguilar-lopez","12":"tag-mexico","13":"tag-morena","14":"tag-paulino-dominguez","15":"tag-ricardo-chua","16":"tag-veracruz"},"yoast_head":"<!-- This site is optimized with the Yoast SEO plugin v27.4 - https:\/\/yoast.com\/product\/yoast-seo-wordpress\/ -->\n<title>Morena: Enemigo de las mujeres, ya &quot;prob\u00f3 sangre&quot; - Los pol\u00edticos Veracruz<\/title>\n<meta name=\"robots\" content=\"index, follow, max-snippet:-1, max-image-preview:large, max-video-preview:-1\" \/>\n<link rel=\"canonical\" href=\"https:\/\/lospoliticosveracruz.com\/?p=53080\" \/>\n<meta property=\"og:locale\" content=\"es_ES\" \/>\n<meta property=\"og:type\" content=\"article\" \/>\n<meta property=\"og:title\" content=\"Morena: Enemigo de las mujeres, ya &quot;prob\u00f3 sangre&quot; - Los pol\u00edticos Veracruz\" \/>\n<meta property=\"og:description\" content=\"Ricardo Ch\u00faa Sale y Vale OJO&#8230; Si al Presidente de M\u00e9xico, Andr\u00e9s Manuel L\u00f3pez Obrador tiene el movimiento feminista contra la violencia de g\u00e9nero \u00abEl 9 nadie se mueve\u00bb&#8230; Sin importancia, pero lo trae m\u00e1s que molesto e iracundo porque cree en su l\u00f3gica que es un movimiento para \u00abfrenar\u00bb a su 4T&#8230; En Veracruz [&hellip;]\" \/>\n<meta property=\"og:url\" content=\"https:\/\/lospoliticosveracruz.com\/?p=53080\" \/>\n<meta property=\"og:site_name\" content=\"Los pol\u00edticos Veracruz\" \/>\n<meta property=\"article:publisher\" content=\"https:\/\/www.facebook.com\/people\/Notimemes-de-los-Polticos\/61565672886568\/\" \/>\n<meta property=\"article:published_time\" content=\"2020-03-05T14:30:51+00:00\" \/>\n<meta property=\"og:image\" content=\"https:\/\/lospoliticosveracruz.com\/wp-content\/uploads\/2016\/07\/Logo-Dor.jpg\" \/>\n\t<meta property=\"og:image:width\" content=\"200\" \/>\n\t<meta property=\"og:image:height\" content=\"200\" \/>\n\t<meta property=\"og:image:type\" content=\"image\/jpeg\" \/>\n<meta name=\"author\" content=\"Lo viste en Los Pol\u00edticos\" \/>\n<meta name=\"twitter:card\" content=\"summary_large_image\" \/>\n<meta name=\"twitter:creator\" content=\"@LosPoliticosVer\" \/>\n<meta name=\"twitter:site\" content=\"@LosPoliticosVer\" \/>\n<meta name=\"twitter:label1\" content=\"Escrito por\" \/>\n\t<meta name=\"twitter:data1\" content=\"Lo viste en Los Pol\u00edticos\" \/>\n\t<meta name=\"twitter:label2\" content=\"Tiempo de lectura\" \/>\n\t<meta name=\"twitter:data2\" content=\"6 minutos\" \/>\n<script type=\"application\/ld+json\" class=\"yoast-schema-graph\">{\"@context\":\"https:\\\/\\\/schema.org\",\"@graph\":[{\"@type\":\"Article\",\"@id\":\"https:\\\/\\\/lospoliticosveracruz.com\\\/?p=53080#article\",\"isPartOf\":{\"@id\":\"https:\\\/\\\/lospoliticosveracruz.com\\\/?p=53080\"},\"author\":{\"name\":\"Lo viste en Los Pol\u00edticos\",\"@id\":\"https:\\\/\\\/lospoliticosveracruz.com\\\/#\\\/schema\\\/person\\\/b8702bb0e538456e6efd07080bf2a4a2\"},\"headline\":\"Morena: Enemigo de las mujeres, ya \u00abprob\u00f3 sangre\u00bb\",\"datePublished\":\"2020-03-05T14:30:51+00:00\",\"mainEntityOfPage\":{\"@id\":\"https:\\\/\\\/lospoliticosveracruz.com\\\/?p=53080\"},\"wordCount\":1218,\"commentCount\":0,\"publisher\":{\"@id\":\"https:\\\/\\\/lospoliticosveracruz.com\\\/#organization\"},\"keywords\":[\"Actopan\",\"Andr\u00e9s Manuel L\u00f3pez Obrador\",\"Cuitl\u00e1huac Garc\u00eda\",\"El 9 nadie se mueve\",\"Erik Iv\u00e1n Aguilar L\u00f3pez\",\"M\u00e9xico\",\"Morena\",\"Paulino Dom\u00ednguez\",\"Ricardo Ch\u00faa\",\"Veracruz\"],\"articleSection\":[\"De Opini\u00f3n\"],\"inLanguage\":\"es\",\"potentialAction\":[{\"@type\":\"CommentAction\",\"name\":\"Comment\",\"target\":[\"https:\\\/\\\/lospoliticosveracruz.com\\\/?p=53080#respond\"]}]},{\"@type\":\"WebPage\",\"@id\":\"https:\\\/\\\/lospoliticosveracruz.com\\\/?p=53080\",\"url\":\"https:\\\/\\\/lospoliticosveracruz.com\\\/?p=53080\",\"name\":\"Morena: Enemigo de las mujeres, ya \\\"prob\u00f3 sangre\\\" - Los pol\u00edticos Veracruz\",\"isPartOf\":{\"@id\":\"https:\\\/\\\/lospoliticosveracruz.com\\\/#website\"},\"datePublished\":\"2020-03-05T14:30:51+00:00\",\"breadcrumb\":{\"@id\":\"https:\\\/\\\/lospoliticosveracruz.com\\\/?p=53080#breadcrumb\"},\"inLanguage\":\"es\",\"potentialAction\":[{\"@type\":\"ReadAction\",\"target\":[\"https:\\\/\\\/lospoliticosveracruz.com\\\/?p=53080\"]}]},{\"@type\":\"BreadcrumbList\",\"@id\":\"https:\\\/\\\/lospoliticosveracruz.com\\\/?p=53080#breadcrumb\",\"itemListElement\":[{\"@type\":\"ListItem\",\"position\":1,\"name\":\"Portada\",\"item\":\"https:\\\/\\\/lospoliticosveracruz.com\\\/\"},{\"@type\":\"ListItem\",\"position\":2,\"name\":\"Morena: Enemigo de las mujeres, ya \u00abprob\u00f3 sangre\u00bb\"}]},{\"@type\":\"WebSite\",\"@id\":\"https:\\\/\\\/lospoliticosveracruz.com\\\/#website\",\"url\":\"https:\\\/\\\/lospoliticosveracruz.com\\\/\",\"name\":\"Los pol\u00edticos Veracruz\",\"description\":\"\",\"publisher\":{\"@id\":\"https:\\\/\\\/lospoliticosveracruz.com\\\/#organization\"},\"potentialAction\":[{\"@type\":\"SearchAction\",\"target\":{\"@type\":\"EntryPoint\",\"urlTemplate\":\"https:\\\/\\\/lospoliticosveracruz.com\\\/?s={search_term_string}\"},\"query-input\":{\"@type\":\"PropertyValueSpecification\",\"valueRequired\":true,\"valueName\":\"search_term_string\"}}],\"inLanguage\":\"es\"},{\"@type\":\"Organization\",\"@id\":\"https:\\\/\\\/lospoliticosveracruz.com\\\/#organization\",\"name\":\"Los pol\u00edticos Veracruz\",\"url\":\"https:\\\/\\\/lospoliticosveracruz.com\\\/\",\"logo\":{\"@type\":\"ImageObject\",\"inLanguage\":\"es\",\"@id\":\"https:\\\/\\\/lospoliticosveracruz.com\\\/#\\\/schema\\\/logo\\\/image\\\/\",\"url\":\"https:\\\/\\\/lospoliticosveracruz.com\\\/wp-content\\\/uploads\\\/2025\\\/12\\\/Logo-Nuevo-LOS-POLITICOS-1.jpg\",\"contentUrl\":\"https:\\\/\\\/lospoliticosveracruz.com\\\/wp-content\\\/uploads\\\/2025\\\/12\\\/Logo-Nuevo-LOS-POLITICOS-1.jpg\",\"width\":260,\"height\":70,\"caption\":\"Los pol\u00edticos Veracruz\"},\"image\":{\"@id\":\"https:\\\/\\\/lospoliticosveracruz.com\\\/#\\\/schema\\\/logo\\\/image\\\/\"},\"sameAs\":[\"https:\\\/\\\/www.facebook.com\\\/people\\\/Notimemes-de-los-Polticos\\\/61565672886568\\\/\",\"https:\\\/\\\/x.com\\\/LosPoliticosVer\"]},{\"@type\":\"Person\",\"@id\":\"https:\\\/\\\/lospoliticosveracruz.com\\\/#\\\/schema\\\/person\\\/b8702bb0e538456e6efd07080bf2a4a2\",\"name\":\"Lo viste en Los Pol\u00edticos\",\"image\":{\"@type\":\"ImageObject\",\"inLanguage\":\"es\",\"@id\":\"https:\\\/\\\/secure.gravatar.com\\\/avatar\\\/3a8de04a2656d44082be478bd6c086daa447c4651605818287b9532d3d0bd435?s=96&d=mm&r=g\",\"url\":\"https:\\\/\\\/secure.gravatar.com\\\/avatar\\\/3a8de04a2656d44082be478bd6c086daa447c4651605818287b9532d3d0bd435?s=96&d=mm&r=g\",\"contentUrl\":\"https:\\\/\\\/secure.gravatar.com\\\/avatar\\\/3a8de04a2656d44082be478bd6c086daa447c4651605818287b9532d3d0bd435?s=96&d=mm&r=g\",\"caption\":\"Lo viste en Los Pol\u00edticos\"},\"url\":\"https:\\\/\\\/lospoliticosveracruz.com\\\/?author=2\"}]}<\/script>\n<!-- \/ Yoast SEO plugin. -->","yoast_head_json":{"title":"Morena: Enemigo de las mujeres, ya \"prob\u00f3 sangre\" - Los pol\u00edticos Veracruz","robots":{"index":"index","follow":"follow","max-snippet":"max-snippet:-1","max-image-preview":"max-image-preview:large","max-video-preview":"max-video-preview:-1"},"canonical":"https:\/\/lospoliticosveracruz.com\/?p=53080","og_locale":"es_ES","og_type":"article","og_title":"Morena: Enemigo de las mujeres, ya \"prob\u00f3 sangre\" - Los pol\u00edticos Veracruz","og_description":"Ricardo Ch\u00faa Sale y Vale OJO&#8230; Si al Presidente de M\u00e9xico, Andr\u00e9s Manuel L\u00f3pez Obrador tiene el movimiento feminista contra la violencia de g\u00e9nero \u00abEl 9 nadie se mueve\u00bb&#8230; Sin importancia, pero lo trae m\u00e1s que molesto e iracundo porque cree en su l\u00f3gica que es un movimiento para \u00abfrenar\u00bb a su 4T&#8230; En Veracruz [&hellip;]","og_url":"https:\/\/lospoliticosveracruz.com\/?p=53080","og_site_name":"Los pol\u00edticos Veracruz","article_publisher":"https:\/\/www.facebook.com\/people\/Notimemes-de-los-Polticos\/61565672886568\/","article_published_time":"2020-03-05T14:30:51+00:00","og_image":[{"width":200,"height":200,"url":"https:\/\/lospoliticosveracruz.com\/wp-content\/uploads\/2016\/07\/Logo-Dor.jpg","type":"image\/jpeg"}],"author":"Lo viste en Los Pol\u00edticos","twitter_card":"summary_large_image","twitter_creator":"@LosPoliticosVer","twitter_site":"@LosPoliticosVer","twitter_misc":{"Escrito por":"Lo viste en Los Pol\u00edticos","Tiempo de lectura":"6 minutos"},"schema":{"@context":"https:\/\/schema.org","@graph":[{"@type":"Article","@id":"https:\/\/lospoliticosveracruz.com\/?p=53080#article","isPartOf":{"@id":"https:\/\/lospoliticosveracruz.com\/?p=53080"},"author":{"name":"Lo viste en Los Pol\u00edticos","@id":"https:\/\/lospoliticosveracruz.com\/#\/schema\/person\/b8702bb0e538456e6efd07080bf2a4a2"},"headline":"Morena: Enemigo de las mujeres, ya \u00abprob\u00f3 sangre\u00bb","datePublished":"2020-03-05T14:30:51+00:00","mainEntityOfPage":{"@id":"https:\/\/lospoliticosveracruz.com\/?p=53080"},"wordCount":1218,"commentCount":0,"publisher":{"@id":"https:\/\/lospoliticosveracruz.com\/#organization"},"keywords":["Actopan","Andr\u00e9s Manuel L\u00f3pez Obrador","Cuitl\u00e1huac Garc\u00eda","El 9 nadie se mueve","Erik Iv\u00e1n Aguilar L\u00f3pez","M\u00e9xico","Morena","Paulino Dom\u00ednguez","Ricardo Ch\u00faa","Veracruz"],"articleSection":["De Opini\u00f3n"],"inLanguage":"es","potentialAction":[{"@type":"CommentAction","name":"Comment","target":["https:\/\/lospoliticosveracruz.com\/?p=53080#respond"]}]},{"@type":"WebPage","@id":"https:\/\/lospoliticosveracruz.com\/?p=53080","url":"https:\/\/lospoliticosveracruz.com\/?p=53080","name":"Morena: Enemigo de las mujeres, ya \"prob\u00f3 sangre\" - Los pol\u00edticos Veracruz","isPartOf":{"@id":"https:\/\/lospoliticosveracruz.com\/#website"},"datePublished":"2020-03-05T14:30:51+00:00","breadcrumb":{"@id":"https:\/\/lospoliticosveracruz.com\/?p=53080#breadcrumb"},"inLanguage":"es","potentialAction":[{"@type":"ReadAction","target":["https:\/\/lospoliticosveracruz.com\/?p=53080"]}]},{"@type":"BreadcrumbList","@id":"https:\/\/lospoliticosveracruz.com\/?p=53080#breadcrumb","itemListElement":[{"@type":"ListItem","position":1,"name":"Portada","item":"https:\/\/lospoliticosveracruz.com\/"},{"@type":"ListItem","position":2,"name":"Morena: Enemigo de las mujeres, ya \u00abprob\u00f3 sangre\u00bb"}]},{"@type":"WebSite","@id":"https:\/\/lospoliticosveracruz.com\/#website","url":"https:\/\/lospoliticosveracruz.com\/","name":"Los pol\u00edticos Veracruz","description":"","publisher":{"@id":"https:\/\/lospoliticosveracruz.com\/#organization"},"potentialAction":[{"@type":"SearchAction","target":{"@type":"EntryPoint","urlTemplate":"https:\/\/lospoliticosveracruz.com\/?s={search_term_string}"},"query-input":{"@type":"PropertyValueSpecification","valueRequired":true,"valueName":"search_term_string"}}],"inLanguage":"es"},{"@type":"Organization","@id":"https:\/\/lospoliticosveracruz.com\/#organization","name":"Los pol\u00edticos Veracruz","url":"https:\/\/lospoliticosveracruz.com\/","logo":{"@type":"ImageObject","inLanguage":"es","@id":"https:\/\/lospoliticosveracruz.com\/#\/schema\/logo\/image\/","url":"https:\/\/lospoliticosveracruz.com\/wp-content\/uploads\/2025\/12\/Logo-Nuevo-LOS-POLITICOS-1.jpg","contentUrl":"https:\/\/lospoliticosveracruz.com\/wp-content\/uploads\/2025\/12\/Logo-Nuevo-LOS-POLITICOS-1.jpg","width":260,"height":70,"caption":"Los pol\u00edticos Veracruz"},"image":{"@id":"https:\/\/lospoliticosveracruz.com\/#\/schema\/logo\/image\/"},"sameAs":["https:\/\/www.facebook.com\/people\/Notimemes-de-los-Polticos\/61565672886568\/","https:\/\/x.com\/LosPoliticosVer"]},{"@type":"Person","@id":"https:\/\/lospoliticosveracruz.com\/#\/schema\/person\/b8702bb0e538456e6efd07080bf2a4a2","name":"Lo viste en Los Pol\u00edticos","image":{"@type":"ImageObject","inLanguage":"es","@id":"https:\/\/secure.gravatar.com\/avatar\/3a8de04a2656d44082be478bd6c086daa447c4651605818287b9532d3d0bd435?s=96&d=mm&r=g","url":"https:\/\/secure.gravatar.com\/avatar\/3a8de04a2656d44082be478bd6c086daa447c4651605818287b9532d3d0bd435?s=96&d=mm&r=g","contentUrl":"https:\/\/secure.gravatar.com\/avatar\/3a8de04a2656d44082be478bd6c086daa447c4651605818287b9532d3d0bd435?s=96&d=mm&r=g","caption":"Lo viste en Los Pol\u00edticos"},"url":"https:\/\/lospoliticosveracruz.com\/?author=2"}]}},"_links":{"self":[{"href":"https:\/\/lospoliticosveracruz.com\/index.php?rest_route=\/wp\/v2\/posts\/53080","targetHints":{"allow":["GET"]}}],"collection":[{"href":"https:\/\/lospoliticosveracruz.com\/index.php?rest_route=\/wp\/v2\/posts"}],"about":[{"href":"https:\/\/lospoliticosveracruz.com\/index.php?rest_route=\/wp\/v2\/types\/post"}],"author":[{"embeddable":true,"href":"https:\/\/lospoliticosveracruz.com\/index.php?rest_route=\/wp\/v2\/users\/2"}],"replies":[{"embeddable":true,"href":"https:\/\/lospoliticosveracruz.com\/index.php?rest_route=%2Fwp%2Fv2%2Fcomments&post=53080"}],"version-history":[{"count":1,"href":"https:\/\/lospoliticosveracruz.com\/index.php?rest_route=\/wp\/v2\/posts\/53080\/revisions"}],"predecessor-version":[{"id":53082,"href":"https:\/\/lospoliticosveracruz.com\/index.php?rest_route=\/wp\/v2\/posts\/53080\/revisions\/53082"}],"wp:attachment":[{"href":"https:\/\/lospoliticosveracruz.com\/index.php?rest_route=%2Fwp%2Fv2%2Fmedia&parent=53080"}],"wp:term":[{"taxonomy":"category","embeddable":true,"href":"https:\/\/lospoliticosveracruz.com\/index.php?rest_route=%2Fwp%2Fv2%2Fcategories&post=53080"},{"taxonomy":"post_tag","embeddable":true,"href":"https:\/\/lospoliticosveracruz.com\/index.php?rest_route=%2Fwp%2Fv2%2Ftags&post=53080"}],"curies":[{"name":"wp","href":"https:\/\/api.w.org\/{rel}","templated":true}]}}