{"id":53149,"date":"2020-03-07T17:57:42","date_gmt":"2020-03-07T23:57:42","guid":{"rendered":"http:\/\/www.lospoliticosveracruz.com.mx\/?p=53149"},"modified":"2020-03-07T17:58:09","modified_gmt":"2020-03-07T23:58:09","slug":"gobierno-machista-quito-todo-apoyo-a-mujeres-marlon","status":"publish","type":"post","link":"https:\/\/lospoliticosveracruz.com\/?p=53149","title":{"rendered":"Gobierno machista quit\u00f3 todo apoyo a mujeres: Marlon"},"content":{"rendered":"<p>&nbsp;<\/p>\n<p>Nunca en la historia de este pa\u00eds hab\u00edamos tenido un gobierno con un sesgo tan profundamente machista como el que hoy tenemos, lo dicen los militantes, simpatizantes, lo dice la gente; un gobierno que ha quitado programas de apoyo a mujeres y a\u00fan as\u00ed, ellas salen diariamente a dar la batalla, afirm\u00f3 el presidente del CDE del PRI en Veracruz, Marlon Ram\u00edrez Mar\u00edn.<\/p>\n<p>\u00abEste gobierno es profundamente machista porque quitaron programas para jefas de familia, para la mujer rural, porque dejaron de dar respaldo en seguridad social y en salud. Este se\u00f1or por ineficacia e ineficiencia no le est\u00e1 dando los medicamentos a nuestras familias y ni\u00f1os que lo necesitan\u00bb, acus\u00f3 durante la clausura del Taller de Liderazgo Pol\u00edtico de la Mujer, al agregar que tambi\u00e9n fueron afectadas por la desaparici\u00f3n de guarder\u00edas, el programa Prospera, entre otros.<\/p>\n<p>En el marco de la Conmemoraci\u00f3n del D\u00eda Internacional de la Mujer, record\u00f3 que el compromiso del PRI de Veracruz es no ser nunca m\u00e1s un partido callado, ni hacia adentro ni hacia afuera, y hoy, el PRI se\u00f1ala, recorre, camina y hace esfuerzos por acercarse a la militancia con debates intensos.<\/p>\n<p>Marlon Ram\u00edrez Mar\u00edn, inform\u00f3 que se han conformado 101 Consejos Pol\u00edticos Municipales. \u00abPara quienes les digan compa\u00f1eras que estamos solos, ll\u00e9venles un dato: este partido, ha sido capaz de reclutar a 19,475 compa\u00f1eros consejeros pol\u00edticos municipales, quienes ya han rendido protesta\u00bb.<\/p>\n<p>Al presidente del Comit\u00e9 Ejecutivo Nacional, del PRI, Alejandro Moreno C\u00e1rdenas, pidi\u00f3 confiar en el PRI de Veracruz, en las mujeres que son aliadas, y en los miles de kil\u00f3metros recorridos por la dirigencia del partido, lo que ha generado que se recupere la voz y da una peque\u00f1a muestra del ej\u00e9rcito que se est\u00e1 conformando para recuperar la confianza de la ciudadan\u00eda a 455 d\u00edas de volver a las urnas.<\/p>\n<p>\u00abAqu\u00ed presidente, tienes muchas mujeres que todos los d\u00edas salen a romperse la guardia por sus hijos, por sus maridos, por sus casas y adicionalmente, tambi\u00e9n por el PRI, y eso, la dirigencia lo reconoce\u00bb, recalc\u00f3.<\/p>\n<p>La secretaria general del CEN, Carolina Viggiano Austria, en su mensaje ante mujeres de diversos sectores, organizaciones, y de todas las zonas del estado, luego de hacer un recuento hist\u00f3rico de avances a favor de las mujeres, puntualiz\u00f3 que ning\u00fan logro es importante cuando mujeres y ni\u00f1as siguen muriendo ante los ojos indiferentes de un sistema que es m\u00e1s patriarcal que nunca.<\/p>\n<p>En este sentido, asegur\u00f3 que el PRI dar\u00e1 prioridad a una agenda de g\u00e9nero que abra paso a la revoluci\u00f3n de las mujeres; se impulsar\u00e1 la homologaci\u00f3n del feminicidio en todo el pa\u00eds, se insistir\u00e1 en el error de haber recortado programas a favor de la mujer, se defender\u00e1 un presupuesto con perspectiva de g\u00e9nero, se impulsar\u00e1n medidas legislativas, ser\u00e1n vigilantes de la discriminaci\u00f3n, entre otros.<\/p>\n<p>Por su parte, el presidente del CEN del PRI, Alejandro Moreno C\u00e1rdenas, refrend\u00f3 el compromiso con las mujeres del pa\u00eds, y manifest\u00f3 que los varones apoyan con firme convicci\u00f3n y voluntad un movimiento que surgi\u00f3 en Veracruz, que no es de colores ni de partidos. \u00abEl PRI apoya, pero el PRI respeta c\u00f3mo se han organizado las mujeres para encabezar la lucha, defender sus causas, y encontrar mejores horizontes para todas sus demandas\u00bb.<\/p>\n<p>Este s\u00e1bado con gran afluencia de mujeres asistentes, la senadora Beatriz Paredes Rangel, present\u00f3 su conferencia magistral: Liderazgo Pol\u00edtico de las Mujeres, y posteriormente mediante mesas de trabajo, se abordaron los temas: violencia contra la mujer, igualdad sustantiva, nuevas masculinidades, salud, econom\u00eda y trabajo, as\u00ed como mujeres rurales y mujeres ind\u00edgenas, de esto se gener\u00f3 un documento que se incluir\u00e1 como parte de la agenda del partido en la entidad.<\/p>\n","protected":false},"excerpt":{"rendered":"<p>&nbsp; Nunca en la historia de este pa\u00eds hab\u00edamos tenido un gobierno con un sesgo tan profundamente machista como el que hoy tenemos, lo dicen los militantes, simpatizantes, lo dice la gente; un gobierno que ha quitado programas de apoyo a mujeres y a\u00fan as\u00ed, ellas salen diariamente a dar la batalla, afirm\u00f3 el presidente [&hellip;]<\/p>\n","protected":false},"author":2,"featured_media":0,"comment_status":"open","ping_status":"open","sticky":false,"template":"","format":"standard","meta":{"tdm_status":"","tdm_grid_status":"","footnotes":""},"categories":[73],"tags":[15048,1375,15340,3914,5902,2908,2305,16825,195],"class_list":{"0":"post-53149","1":"post","2":"type-post","3":"status-publish","4":"format-standard","6":"category-de-boleto","7":"tag-alejandro-moreno-cardenas","8":"tag-beatriz-paredes-rangel","9":"tag-carolina-viggiano","10":"tag-cde-del-pri","11":"tag-jefas-de-familia","12":"tag-marlon-ramirez-marin","13":"tag-mujeres","14":"tag-taller-de-liderazgo-politico-de-la-mujer","15":"tag-veracruz"},"yoast_head":"<!-- This site is optimized with the Yoast SEO plugin v27.4 - https:\/\/yoast.com\/product\/yoast-seo-wordpress\/ -->\n<title>Gobierno machista quit\u00f3 todo apoyo a mujeres: Marlon - Los pol\u00edticos Veracruz<\/title>\n<meta name=\"robots\" content=\"index, follow, max-snippet:-1, max-image-preview:large, max-video-preview:-1\" \/>\n<link rel=\"canonical\" href=\"https:\/\/lospoliticosveracruz.com\/?p=53149\" \/>\n<meta property=\"og:locale\" content=\"es_ES\" \/>\n<meta property=\"og:type\" content=\"article\" \/>\n<meta property=\"og:title\" content=\"Gobierno machista quit\u00f3 todo apoyo a mujeres: Marlon - Los pol\u00edticos Veracruz\" \/>\n<meta property=\"og:description\" content=\"&nbsp; Nunca en la historia de este pa\u00eds hab\u00edamos tenido un gobierno con un sesgo tan profundamente machista como el que hoy tenemos, lo dicen los militantes, simpatizantes, lo dice la gente; un gobierno que ha quitado programas de apoyo a mujeres y a\u00fan as\u00ed, ellas salen diariamente a dar la batalla, afirm\u00f3 el presidente [&hellip;]\" \/>\n<meta property=\"og:url\" content=\"https:\/\/lospoliticosveracruz.com\/?p=53149\" \/>\n<meta property=\"og:site_name\" content=\"Los pol\u00edticos Veracruz\" \/>\n<meta property=\"article:publisher\" content=\"https:\/\/www.facebook.com\/people\/Notimemes-de-los-Polticos\/61565672886568\/\" \/>\n<meta property=\"article:published_time\" content=\"2020-03-07T23:57:42+00:00\" \/>\n<meta property=\"article:modified_time\" content=\"2020-03-07T23:58:09+00:00\" \/>\n<meta property=\"og:image\" content=\"https:\/\/lospoliticosveracruz.com\/wp-content\/uploads\/2016\/07\/Logo-Dor.jpg\" \/>\n\t<meta property=\"og:image:width\" content=\"200\" \/>\n\t<meta property=\"og:image:height\" content=\"200\" \/>\n\t<meta property=\"og:image:type\" content=\"image\/jpeg\" \/>\n<meta name=\"author\" content=\"Lo viste en Los Pol\u00edticos\" \/>\n<meta name=\"twitter:card\" content=\"summary_large_image\" \/>\n<meta name=\"twitter:creator\" content=\"@LosPoliticosVer\" \/>\n<meta name=\"twitter:site\" content=\"@LosPoliticosVer\" \/>\n<meta name=\"twitter:label1\" content=\"Escrito por\" \/>\n\t<meta name=\"twitter:data1\" content=\"Lo viste en Los Pol\u00edticos\" \/>\n\t<meta name=\"twitter:label2\" content=\"Tiempo de lectura\" \/>\n\t<meta name=\"twitter:data2\" content=\"3 minutos\" \/>\n<script type=\"application\/ld+json\" class=\"yoast-schema-graph\">{\"@context\":\"https:\\\/\\\/schema.org\",\"@graph\":[{\"@type\":\"Article\",\"@id\":\"https:\\\/\\\/lospoliticosveracruz.com\\\/?p=53149#article\",\"isPartOf\":{\"@id\":\"https:\\\/\\\/lospoliticosveracruz.com\\\/?p=53149\"},\"author\":{\"name\":\"Lo viste en Los Pol\u00edticos\",\"@id\":\"https:\\\/\\\/lospoliticosveracruz.com\\\/#\\\/schema\\\/person\\\/b8702bb0e538456e6efd07080bf2a4a2\"},\"headline\":\"Gobierno machista quit\u00f3 todo apoyo a mujeres: Marlon\",\"datePublished\":\"2020-03-07T23:57:42+00:00\",\"dateModified\":\"2020-03-07T23:58:09+00:00\",\"mainEntityOfPage\":{\"@id\":\"https:\\\/\\\/lospoliticosveracruz.com\\\/?p=53149\"},\"wordCount\":665,\"commentCount\":0,\"publisher\":{\"@id\":\"https:\\\/\\\/lospoliticosveracruz.com\\\/#organization\"},\"keywords\":[\"Alejandro Moreno C\u00e1rdenas\",\"Beatriz Paredes Rangel\",\"Carolina Viggiano\",\"CDE del PRI\",\"Jefas de Familia\",\"Marlon Ram\u00edrez Mar\u00edn\",\"Mujeres\",\"Taller de Liderazgo Pol\u00edtico de la Mujer\",\"Veracruz\"],\"articleSection\":[\"De Boleto\"],\"inLanguage\":\"es\",\"potentialAction\":[{\"@type\":\"CommentAction\",\"name\":\"Comment\",\"target\":[\"https:\\\/\\\/lospoliticosveracruz.com\\\/?p=53149#respond\"]}]},{\"@type\":\"WebPage\",\"@id\":\"https:\\\/\\\/lospoliticosveracruz.com\\\/?p=53149\",\"url\":\"https:\\\/\\\/lospoliticosveracruz.com\\\/?p=53149\",\"name\":\"Gobierno machista quit\u00f3 todo apoyo a mujeres: Marlon - Los pol\u00edticos Veracruz\",\"isPartOf\":{\"@id\":\"https:\\\/\\\/lospoliticosveracruz.com\\\/#website\"},\"datePublished\":\"2020-03-07T23:57:42+00:00\",\"dateModified\":\"2020-03-07T23:58:09+00:00\",\"breadcrumb\":{\"@id\":\"https:\\\/\\\/lospoliticosveracruz.com\\\/?p=53149#breadcrumb\"},\"inLanguage\":\"es\",\"potentialAction\":[{\"@type\":\"ReadAction\",\"target\":[\"https:\\\/\\\/lospoliticosveracruz.com\\\/?p=53149\"]}]},{\"@type\":\"BreadcrumbList\",\"@id\":\"https:\\\/\\\/lospoliticosveracruz.com\\\/?p=53149#breadcrumb\",\"itemListElement\":[{\"@type\":\"ListItem\",\"position\":1,\"name\":\"Portada\",\"item\":\"https:\\\/\\\/lospoliticosveracruz.com\\\/\"},{\"@type\":\"ListItem\",\"position\":2,\"name\":\"Gobierno machista quit\u00f3 todo apoyo a mujeres: Marlon\"}]},{\"@type\":\"WebSite\",\"@id\":\"https:\\\/\\\/lospoliticosveracruz.com\\\/#website\",\"url\":\"https:\\\/\\\/lospoliticosveracruz.com\\\/\",\"name\":\"Los pol\u00edticos Veracruz\",\"description\":\"\",\"publisher\":{\"@id\":\"https:\\\/\\\/lospoliticosveracruz.com\\\/#organization\"},\"potentialAction\":[{\"@type\":\"SearchAction\",\"target\":{\"@type\":\"EntryPoint\",\"urlTemplate\":\"https:\\\/\\\/lospoliticosveracruz.com\\\/?s={search_term_string}\"},\"query-input\":{\"@type\":\"PropertyValueSpecification\",\"valueRequired\":true,\"valueName\":\"search_term_string\"}}],\"inLanguage\":\"es\"},{\"@type\":\"Organization\",\"@id\":\"https:\\\/\\\/lospoliticosveracruz.com\\\/#organization\",\"name\":\"Los pol\u00edticos Veracruz\",\"url\":\"https:\\\/\\\/lospoliticosveracruz.com\\\/\",\"logo\":{\"@type\":\"ImageObject\",\"inLanguage\":\"es\",\"@id\":\"https:\\\/\\\/lospoliticosveracruz.com\\\/#\\\/schema\\\/logo\\\/image\\\/\",\"url\":\"https:\\\/\\\/lospoliticosveracruz.com\\\/wp-content\\\/uploads\\\/2025\\\/12\\\/Logo-Nuevo-LOS-POLITICOS-1.jpg\",\"contentUrl\":\"https:\\\/\\\/lospoliticosveracruz.com\\\/wp-content\\\/uploads\\\/2025\\\/12\\\/Logo-Nuevo-LOS-POLITICOS-1.jpg\",\"width\":260,\"height\":70,\"caption\":\"Los pol\u00edticos Veracruz\"},\"image\":{\"@id\":\"https:\\\/\\\/lospoliticosveracruz.com\\\/#\\\/schema\\\/logo\\\/image\\\/\"},\"sameAs\":[\"https:\\\/\\\/www.facebook.com\\\/people\\\/Notimemes-de-los-Polticos\\\/61565672886568\\\/\",\"https:\\\/\\\/x.com\\\/LosPoliticosVer\"]},{\"@type\":\"Person\",\"@id\":\"https:\\\/\\\/lospoliticosveracruz.com\\\/#\\\/schema\\\/person\\\/b8702bb0e538456e6efd07080bf2a4a2\",\"name\":\"Lo viste en Los Pol\u00edticos\",\"image\":{\"@type\":\"ImageObject\",\"inLanguage\":\"es\",\"@id\":\"https:\\\/\\\/secure.gravatar.com\\\/avatar\\\/3a8de04a2656d44082be478bd6c086daa447c4651605818287b9532d3d0bd435?s=96&d=mm&r=g\",\"url\":\"https:\\\/\\\/secure.gravatar.com\\\/avatar\\\/3a8de04a2656d44082be478bd6c086daa447c4651605818287b9532d3d0bd435?s=96&d=mm&r=g\",\"contentUrl\":\"https:\\\/\\\/secure.gravatar.com\\\/avatar\\\/3a8de04a2656d44082be478bd6c086daa447c4651605818287b9532d3d0bd435?s=96&d=mm&r=g\",\"caption\":\"Lo viste en Los Pol\u00edticos\"},\"url\":\"https:\\\/\\\/lospoliticosveracruz.com\\\/?author=2\"}]}<\/script>\n<!-- \/ Yoast SEO plugin. -->","yoast_head_json":{"title":"Gobierno machista quit\u00f3 todo apoyo a mujeres: Marlon - Los pol\u00edticos Veracruz","robots":{"index":"index","follow":"follow","max-snippet":"max-snippet:-1","max-image-preview":"max-image-preview:large","max-video-preview":"max-video-preview:-1"},"canonical":"https:\/\/lospoliticosveracruz.com\/?p=53149","og_locale":"es_ES","og_type":"article","og_title":"Gobierno machista quit\u00f3 todo apoyo a mujeres: Marlon - Los pol\u00edticos Veracruz","og_description":"&nbsp; Nunca en la historia de este pa\u00eds hab\u00edamos tenido un gobierno con un sesgo tan profundamente machista como el que hoy tenemos, lo dicen los militantes, simpatizantes, lo dice la gente; un gobierno que ha quitado programas de apoyo a mujeres y a\u00fan as\u00ed, ellas salen diariamente a dar la batalla, afirm\u00f3 el presidente [&hellip;]","og_url":"https:\/\/lospoliticosveracruz.com\/?p=53149","og_site_name":"Los pol\u00edticos Veracruz","article_publisher":"https:\/\/www.facebook.com\/people\/Notimemes-de-los-Polticos\/61565672886568\/","article_published_time":"2020-03-07T23:57:42+00:00","article_modified_time":"2020-03-07T23:58:09+00:00","og_image":[{"width":200,"height":200,"url":"https:\/\/lospoliticosveracruz.com\/wp-content\/uploads\/2016\/07\/Logo-Dor.jpg","type":"image\/jpeg"}],"author":"Lo viste en Los Pol\u00edticos","twitter_card":"summary_large_image","twitter_creator":"@LosPoliticosVer","twitter_site":"@LosPoliticosVer","twitter_misc":{"Escrito por":"Lo viste en Los Pol\u00edticos","Tiempo de lectura":"3 minutos"},"schema":{"@context":"https:\/\/schema.org","@graph":[{"@type":"Article","@id":"https:\/\/lospoliticosveracruz.com\/?p=53149#article","isPartOf":{"@id":"https:\/\/lospoliticosveracruz.com\/?p=53149"},"author":{"name":"Lo viste en Los Pol\u00edticos","@id":"https:\/\/lospoliticosveracruz.com\/#\/schema\/person\/b8702bb0e538456e6efd07080bf2a4a2"},"headline":"Gobierno machista quit\u00f3 todo apoyo a mujeres: Marlon","datePublished":"2020-03-07T23:57:42+00:00","dateModified":"2020-03-07T23:58:09+00:00","mainEntityOfPage":{"@id":"https:\/\/lospoliticosveracruz.com\/?p=53149"},"wordCount":665,"commentCount":0,"publisher":{"@id":"https:\/\/lospoliticosveracruz.com\/#organization"},"keywords":["Alejandro Moreno C\u00e1rdenas","Beatriz Paredes Rangel","Carolina Viggiano","CDE del PRI","Jefas de Familia","Marlon Ram\u00edrez Mar\u00edn","Mujeres","Taller de Liderazgo Pol\u00edtico de la Mujer","Veracruz"],"articleSection":["De Boleto"],"inLanguage":"es","potentialAction":[{"@type":"CommentAction","name":"Comment","target":["https:\/\/lospoliticosveracruz.com\/?p=53149#respond"]}]},{"@type":"WebPage","@id":"https:\/\/lospoliticosveracruz.com\/?p=53149","url":"https:\/\/lospoliticosveracruz.com\/?p=53149","name":"Gobierno machista quit\u00f3 todo apoyo a mujeres: Marlon - Los pol\u00edticos Veracruz","isPartOf":{"@id":"https:\/\/lospoliticosveracruz.com\/#website"},"datePublished":"2020-03-07T23:57:42+00:00","dateModified":"2020-03-07T23:58:09+00:00","breadcrumb":{"@id":"https:\/\/lospoliticosveracruz.com\/?p=53149#breadcrumb"},"inLanguage":"es","potentialAction":[{"@type":"ReadAction","target":["https:\/\/lospoliticosveracruz.com\/?p=53149"]}]},{"@type":"BreadcrumbList","@id":"https:\/\/lospoliticosveracruz.com\/?p=53149#breadcrumb","itemListElement":[{"@type":"ListItem","position":1,"name":"Portada","item":"https:\/\/lospoliticosveracruz.com\/"},{"@type":"ListItem","position":2,"name":"Gobierno machista quit\u00f3 todo apoyo a mujeres: Marlon"}]},{"@type":"WebSite","@id":"https:\/\/lospoliticosveracruz.com\/#website","url":"https:\/\/lospoliticosveracruz.com\/","name":"Los pol\u00edticos Veracruz","description":"","publisher":{"@id":"https:\/\/lospoliticosveracruz.com\/#organization"},"potentialAction":[{"@type":"SearchAction","target":{"@type":"EntryPoint","urlTemplate":"https:\/\/lospoliticosveracruz.com\/?s={search_term_string}"},"query-input":{"@type":"PropertyValueSpecification","valueRequired":true,"valueName":"search_term_string"}}],"inLanguage":"es"},{"@type":"Organization","@id":"https:\/\/lospoliticosveracruz.com\/#organization","name":"Los pol\u00edticos Veracruz","url":"https:\/\/lospoliticosveracruz.com\/","logo":{"@type":"ImageObject","inLanguage":"es","@id":"https:\/\/lospoliticosveracruz.com\/#\/schema\/logo\/image\/","url":"https:\/\/lospoliticosveracruz.com\/wp-content\/uploads\/2025\/12\/Logo-Nuevo-LOS-POLITICOS-1.jpg","contentUrl":"https:\/\/lospoliticosveracruz.com\/wp-content\/uploads\/2025\/12\/Logo-Nuevo-LOS-POLITICOS-1.jpg","width":260,"height":70,"caption":"Los pol\u00edticos Veracruz"},"image":{"@id":"https:\/\/lospoliticosveracruz.com\/#\/schema\/logo\/image\/"},"sameAs":["https:\/\/www.facebook.com\/people\/Notimemes-de-los-Polticos\/61565672886568\/","https:\/\/x.com\/LosPoliticosVer"]},{"@type":"Person","@id":"https:\/\/lospoliticosveracruz.com\/#\/schema\/person\/b8702bb0e538456e6efd07080bf2a4a2","name":"Lo viste en Los Pol\u00edticos","image":{"@type":"ImageObject","inLanguage":"es","@id":"https:\/\/secure.gravatar.com\/avatar\/3a8de04a2656d44082be478bd6c086daa447c4651605818287b9532d3d0bd435?s=96&d=mm&r=g","url":"https:\/\/secure.gravatar.com\/avatar\/3a8de04a2656d44082be478bd6c086daa447c4651605818287b9532d3d0bd435?s=96&d=mm&r=g","contentUrl":"https:\/\/secure.gravatar.com\/avatar\/3a8de04a2656d44082be478bd6c086daa447c4651605818287b9532d3d0bd435?s=96&d=mm&r=g","caption":"Lo viste en Los Pol\u00edticos"},"url":"https:\/\/lospoliticosveracruz.com\/?author=2"}]}},"_links":{"self":[{"href":"https:\/\/lospoliticosveracruz.com\/index.php?rest_route=\/wp\/v2\/posts\/53149","targetHints":{"allow":["GET"]}}],"collection":[{"href":"https:\/\/lospoliticosveracruz.com\/index.php?rest_route=\/wp\/v2\/posts"}],"about":[{"href":"https:\/\/lospoliticosveracruz.com\/index.php?rest_route=\/wp\/v2\/types\/post"}],"author":[{"embeddable":true,"href":"https:\/\/lospoliticosveracruz.com\/index.php?rest_route=\/wp\/v2\/users\/2"}],"replies":[{"embeddable":true,"href":"https:\/\/lospoliticosveracruz.com\/index.php?rest_route=%2Fwp%2Fv2%2Fcomments&post=53149"}],"version-history":[{"count":2,"href":"https:\/\/lospoliticosveracruz.com\/index.php?rest_route=\/wp\/v2\/posts\/53149\/revisions"}],"predecessor-version":[{"id":53152,"href":"https:\/\/lospoliticosveracruz.com\/index.php?rest_route=\/wp\/v2\/posts\/53149\/revisions\/53152"}],"wp:attachment":[{"href":"https:\/\/lospoliticosveracruz.com\/index.php?rest_route=%2Fwp%2Fv2%2Fmedia&parent=53149"}],"wp:term":[{"taxonomy":"category","embeddable":true,"href":"https:\/\/lospoliticosveracruz.com\/index.php?rest_route=%2Fwp%2Fv2%2Fcategories&post=53149"},{"taxonomy":"post_tag","embeddable":true,"href":"https:\/\/lospoliticosveracruz.com\/index.php?rest_route=%2Fwp%2Fv2%2Ftags&post=53149"}],"curies":[{"name":"wp","href":"https:\/\/api.w.org\/{rel}","templated":true}]}}