{"id":53188,"date":"2020-03-08T22:12:37","date_gmt":"2020-03-09T04:12:37","guid":{"rendered":"http:\/\/www.lospoliticosveracruz.com.mx\/?p=53188"},"modified":"2020-03-08T22:12:37","modified_gmt":"2020-03-09T04:12:37","slug":"undiasinnosotras","status":"publish","type":"post","link":"https:\/\/lospoliticosveracruz.com\/?p=53188","title":{"rendered":"#UnD\u00edaSinNosotras"},"content":{"rendered":"<p><b>Elena C\u00f3rdova Molina<\/b><\/p>\n<p><em>Luna Nueva<\/em><\/p>\n<p>Les comento que actualmente en el pa\u00eds de Islandia, en Europa del norte. Ocupa en los \u00faltimos a\u00f1os uno de los mejores \u00edndices de Igualdad de G\u00e9nero seg\u00fan el Foro Econ\u00f3mico Mundial, puesto que ha ido cerrando la brecha salarial entre hombres y mujeres. El origen de este relevante hecho es del a\u00f1o de 1975, cuando el 90% de las mujeres, decidieron hacer un paro conocido como #D\u00edaLibreDeLasMujeres, que consisti\u00f3 en no asistir al trabajo ni dedicarse a las labores del hogar, para tomar las calles con una sola demanda: igualdad. Con ello se logr\u00f3 no solo paridad en el congreso sino tambi\u00e9n en los consejos de las empresas. Otro dato interesante es que Islandia, tienen ya 15 a\u00f1os otorgando los permisos de paternidad y maternidad por igual. Cito que, en nuestro pa\u00eds, este logro se dio den el a\u00f1o 2017, con la Reforma Laboral, en el Art\u00edculo 132, fracci\u00f3n XXVII bis, de la Ley Federal del Trabajo que establece como obligaci\u00f3n del patr\u00f3n otorgar un permiso de paternidad de cinco d\u00edas laborales con goce de sueldo a los hombres trabajadores, por el nacimiento de sus hijos y en el caso de adopci\u00f3n de un infante.<\/p>\n<p>A 45 a\u00f1os de distancia de aquel hecho hist\u00f3rico en Islandia, hoy, en M\u00e9xico, vemos un paro nacional que promete ser\u00e1 hist\u00f3rico. Esta vez toca a las mexicanas unirnos en una misma causa y exigir que se detenga la terrible violencia que vivimos las mexicanas en todos los espacios. Cabe se\u00f1alar, que #UnD\u00edaSinNosotras, no es una estrategia de desestabilizaci\u00f3n pol\u00edtica, ni tampoco un tema del gobierno en turno; no se trata de conservadores ni neoliberales\u2026 es un movimiento impulsado por mujeres para las mujeres.<span class=\"Apple-converted-space\">\u00a0<\/span><\/p>\n<p>Se\u00f1alo que me siento orgullosa que haya sido un colectivo feminista veracruzano llamado las \u201cBrujas del Mar\u201d, la que mayor voz tuvo en esta convocatoria nacional, e invitara a replicar m\u00e1s movilizaciones en todo M\u00e9xico. Hay que citar que este movimiento logr\u00f3 un importante reconocimiento el pasado mes de septiembre del a\u00f1o\u00a02019,<b>\u00a0<\/b>luego de protestar en favor del aborto, que form\u00f3 parte del movimiento de pa\u00f1uelos verdes.<span class=\"Apple-converted-space\">\u00a0<\/span><\/p>\n<p>Mucho se ha dicho al respecto y lo difundido en redes sociales como #9M, El Nueve nadie se Mueve y #UnD\u00edaSinNosotras, donde estudiantes, trabajadoras, amas de casa, mujeres todas, deben suspender sus actividades laborales cotidianas.\u00a0En base a ello, el paro convocado tiene como objetivo principal visibilizar el papel de la mujer en la sociedad, manifestarse con firmeza ante la imparable ola de feminicidios y desapariciones de estas.<span class=\"Apple-converted-space\">\u00a0<\/span><\/p>\n<p>Hay que dejar en claro que no se trata de un d\u00eda de descanso como muchos confunden. Para aclarar a\u00fan m\u00e1s, cito algunas de las acciones que pueden y ojal\u00e1 logren hacerse en este d\u00eda. No acudir al trabajo. La intenci\u00f3n es demostrar el valor y que los hombres tomen consciencia de las labores que desempe\u00f1an las mujeres a la par de ellos en sus centros de trabajo.<span class=\"Apple-converted-space\">\u00a0 <\/span>No realizar labores dom\u00e9sticas. La idea es que las jefas de familia y amas de casa no realicen labores del hogar cotidianas, y que los dem\u00e1s miembros de la familia hombres vean la dedicaci\u00f3n y el esfuerzo que hacen las mujeres para mantener y procurar la casa. Tambi\u00e9n hay una convocatoria para que las ni\u00f1as y j\u00f3venes no acudan a sus centros escolares. Adicionalmente, tambi\u00e9n recomiendan no comprar, \u00a0no consumir en cafeter\u00edas, no comprar en tiendas, no comer en restaurantes, no ir a plazas comerciales, no ir al cine, no cargar gasolina, as\u00ed como no ir al banco ni utilizar tarjetas bancarias.\u00a0 No utilizar redes sociales ni plataformas de streaming, con el fin de que la ausencia de las mujeres pueda percibirse en todos los espacios, incluso los virtuales.<span class=\"Apple-converted-space\">\u00a0<\/span><\/p>\n<p>En concreto, este d\u00eda nacional debe ser para que las mujeres hagamos posible la m\u00e1s grande manifestaci\u00f3n de hartazgo ante la imparable y cada vez m\u00e1s creciente violencia que sufren ni\u00f1as y mujeres, en todas sus formas y sin distingos de condici\u00f3n social o econ\u00f3mica. Yo invito a que dejemos a un lado las diferencias que podemos tener y nos unamos a la causa.<span class=\"Apple-converted-space\">\u00a0 <\/span>Como dicen, la uni\u00f3n hace la fuerza. \u00a1Ya basta!<span class=\"Apple-converted-space\">\u00a0<\/span><\/p>\n<p><span class=\"Apple-converted-space\">\u00a0<\/span><\/p>\n<p>&nbsp;<\/p>\n","protected":false},"excerpt":{"rendered":"<p>Elena C\u00f3rdova Molina Luna Nueva Les comento que actualmente en el pa\u00eds de Islandia, en Europa del norte. Ocupa en los \u00faltimos a\u00f1os uno de los mejores \u00edndices de Igualdad de G\u00e9nero seg\u00fan el Foro Econ\u00f3mico Mundial, puesto que ha ido cerrando la brecha salarial entre hombres y mujeres. El origen de este relevante hecho [&hellip;]<\/p>\n","protected":false},"author":2,"featured_media":0,"comment_status":"open","ping_status":"open","sticky":false,"template":"","format":"standard","meta":{"tdm_status":"","tdm_grid_status":"","footnotes":""},"categories":[70],"tags":[16621,16821,4673,11731,4843,10599,13143,395,14234,16607,16841,16840],"class_list":{"0":"post-53188","1":"post","2":"type-post","3":"status-publish","4":"format-standard","6":"category-de-opinion","7":"tag-brujas-del-mar","8":"tag-el-nueve-nadie-se-mueve","9":"tag-elena-cordova-molina","10":"tag-foro-economico-mundial","11":"tag-igualdad-de-genero","12":"tag-islandia","13":"tag-ley-federal-del-trabajo","14":"tag-mexico","15":"tag-panuelos-verdes","16":"tag-paro-nacional","17":"tag-permisos-de-paternidad-y-maternidad","18":"tag-reforma-laboral"},"yoast_head":"<!-- This site is optimized with the Yoast SEO plugin v27.4 - https:\/\/yoast.com\/product\/yoast-seo-wordpress\/ -->\n<title>#UnD\u00edaSinNosotras - Los pol\u00edticos Veracruz<\/title>\n<meta name=\"robots\" content=\"index, follow, max-snippet:-1, max-image-preview:large, max-video-preview:-1\" \/>\n<link rel=\"canonical\" href=\"https:\/\/lospoliticosveracruz.com\/?p=53188\" \/>\n<meta property=\"og:locale\" content=\"es_ES\" \/>\n<meta property=\"og:type\" content=\"article\" \/>\n<meta property=\"og:title\" content=\"#UnD\u00edaSinNosotras - Los pol\u00edticos Veracruz\" \/>\n<meta property=\"og:description\" content=\"Elena C\u00f3rdova Molina Luna Nueva Les comento que actualmente en el pa\u00eds de Islandia, en Europa del norte. Ocupa en los \u00faltimos a\u00f1os uno de los mejores \u00edndices de Igualdad de G\u00e9nero seg\u00fan el Foro Econ\u00f3mico Mundial, puesto que ha ido cerrando la brecha salarial entre hombres y mujeres. El origen de este relevante hecho [&hellip;]\" \/>\n<meta property=\"og:url\" content=\"https:\/\/lospoliticosveracruz.com\/?p=53188\" \/>\n<meta property=\"og:site_name\" content=\"Los pol\u00edticos Veracruz\" \/>\n<meta property=\"article:publisher\" content=\"https:\/\/www.facebook.com\/people\/Notimemes-de-los-Polticos\/61565672886568\/\" \/>\n<meta property=\"article:published_time\" content=\"2020-03-09T04:12:37+00:00\" \/>\n<meta property=\"og:image\" content=\"https:\/\/lospoliticosveracruz.com\/wp-content\/uploads\/2016\/07\/Logo-Dor.jpg\" \/>\n\t<meta property=\"og:image:width\" content=\"200\" \/>\n\t<meta property=\"og:image:height\" content=\"200\" \/>\n\t<meta property=\"og:image:type\" content=\"image\/jpeg\" \/>\n<meta name=\"author\" content=\"Lo viste en Los Pol\u00edticos\" \/>\n<meta name=\"twitter:card\" content=\"summary_large_image\" \/>\n<meta name=\"twitter:creator\" content=\"@LosPoliticosVer\" \/>\n<meta name=\"twitter:site\" content=\"@LosPoliticosVer\" \/>\n<meta name=\"twitter:label1\" content=\"Escrito por\" \/>\n\t<meta name=\"twitter:data1\" content=\"Lo viste en Los Pol\u00edticos\" \/>\n\t<meta name=\"twitter:label2\" content=\"Tiempo de lectura\" \/>\n\t<meta name=\"twitter:data2\" content=\"4 minutos\" \/>\n<script type=\"application\/ld+json\" class=\"yoast-schema-graph\">{\"@context\":\"https:\\\/\\\/schema.org\",\"@graph\":[{\"@type\":\"Article\",\"@id\":\"https:\\\/\\\/lospoliticosveracruz.com\\\/?p=53188#article\",\"isPartOf\":{\"@id\":\"https:\\\/\\\/lospoliticosveracruz.com\\\/?p=53188\"},\"author\":{\"name\":\"Lo viste en Los Pol\u00edticos\",\"@id\":\"https:\\\/\\\/lospoliticosveracruz.com\\\/#\\\/schema\\\/person\\\/b8702bb0e538456e6efd07080bf2a4a2\"},\"headline\":\"#UnD\u00edaSinNosotras\",\"datePublished\":\"2020-03-09T04:12:37+00:00\",\"mainEntityOfPage\":{\"@id\":\"https:\\\/\\\/lospoliticosveracruz.com\\\/?p=53188\"},\"wordCount\":741,\"commentCount\":0,\"publisher\":{\"@id\":\"https:\\\/\\\/lospoliticosveracruz.com\\\/#organization\"},\"keywords\":[\"Brujas del Mar\",\"El nueve nadie se mueve\",\"Elena C\u00f3rdova Molina\",\"Foro Econ\u00f3mico Mundial\",\"igualdad de g\u00e9nero\",\"Islandia\",\"Ley Federal del Trabajo\",\"M\u00e9xico\",\"pa\u00f1uelos verdes\",\"Paro Nacional\",\"permisos de paternidad y maternidad\",\"Reforma Laboral\"],\"articleSection\":[\"De Opini\u00f3n\"],\"inLanguage\":\"es\",\"potentialAction\":[{\"@type\":\"CommentAction\",\"name\":\"Comment\",\"target\":[\"https:\\\/\\\/lospoliticosveracruz.com\\\/?p=53188#respond\"]}]},{\"@type\":\"WebPage\",\"@id\":\"https:\\\/\\\/lospoliticosveracruz.com\\\/?p=53188\",\"url\":\"https:\\\/\\\/lospoliticosveracruz.com\\\/?p=53188\",\"name\":\"#UnD\u00edaSinNosotras - Los pol\u00edticos Veracruz\",\"isPartOf\":{\"@id\":\"https:\\\/\\\/lospoliticosveracruz.com\\\/#website\"},\"datePublished\":\"2020-03-09T04:12:37+00:00\",\"breadcrumb\":{\"@id\":\"https:\\\/\\\/lospoliticosveracruz.com\\\/?p=53188#breadcrumb\"},\"inLanguage\":\"es\",\"potentialAction\":[{\"@type\":\"ReadAction\",\"target\":[\"https:\\\/\\\/lospoliticosveracruz.com\\\/?p=53188\"]}]},{\"@type\":\"BreadcrumbList\",\"@id\":\"https:\\\/\\\/lospoliticosveracruz.com\\\/?p=53188#breadcrumb\",\"itemListElement\":[{\"@type\":\"ListItem\",\"position\":1,\"name\":\"Portada\",\"item\":\"https:\\\/\\\/lospoliticosveracruz.com\\\/\"},{\"@type\":\"ListItem\",\"position\":2,\"name\":\"#UnD\u00edaSinNosotras\"}]},{\"@type\":\"WebSite\",\"@id\":\"https:\\\/\\\/lospoliticosveracruz.com\\\/#website\",\"url\":\"https:\\\/\\\/lospoliticosveracruz.com\\\/\",\"name\":\"Los pol\u00edticos Veracruz\",\"description\":\"\",\"publisher\":{\"@id\":\"https:\\\/\\\/lospoliticosveracruz.com\\\/#organization\"},\"potentialAction\":[{\"@type\":\"SearchAction\",\"target\":{\"@type\":\"EntryPoint\",\"urlTemplate\":\"https:\\\/\\\/lospoliticosveracruz.com\\\/?s={search_term_string}\"},\"query-input\":{\"@type\":\"PropertyValueSpecification\",\"valueRequired\":true,\"valueName\":\"search_term_string\"}}],\"inLanguage\":\"es\"},{\"@type\":\"Organization\",\"@id\":\"https:\\\/\\\/lospoliticosveracruz.com\\\/#organization\",\"name\":\"Los pol\u00edticos Veracruz\",\"url\":\"https:\\\/\\\/lospoliticosveracruz.com\\\/\",\"logo\":{\"@type\":\"ImageObject\",\"inLanguage\":\"es\",\"@id\":\"https:\\\/\\\/lospoliticosveracruz.com\\\/#\\\/schema\\\/logo\\\/image\\\/\",\"url\":\"https:\\\/\\\/lospoliticosveracruz.com\\\/wp-content\\\/uploads\\\/2025\\\/12\\\/Logo-Nuevo-LOS-POLITICOS-1.jpg\",\"contentUrl\":\"https:\\\/\\\/lospoliticosveracruz.com\\\/wp-content\\\/uploads\\\/2025\\\/12\\\/Logo-Nuevo-LOS-POLITICOS-1.jpg\",\"width\":260,\"height\":70,\"caption\":\"Los pol\u00edticos Veracruz\"},\"image\":{\"@id\":\"https:\\\/\\\/lospoliticosveracruz.com\\\/#\\\/schema\\\/logo\\\/image\\\/\"},\"sameAs\":[\"https:\\\/\\\/www.facebook.com\\\/people\\\/Notimemes-de-los-Polticos\\\/61565672886568\\\/\",\"https:\\\/\\\/x.com\\\/LosPoliticosVer\"]},{\"@type\":\"Person\",\"@id\":\"https:\\\/\\\/lospoliticosveracruz.com\\\/#\\\/schema\\\/person\\\/b8702bb0e538456e6efd07080bf2a4a2\",\"name\":\"Lo viste en Los Pol\u00edticos\",\"image\":{\"@type\":\"ImageObject\",\"inLanguage\":\"es\",\"@id\":\"https:\\\/\\\/secure.gravatar.com\\\/avatar\\\/3a8de04a2656d44082be478bd6c086daa447c4651605818287b9532d3d0bd435?s=96&d=mm&r=g\",\"url\":\"https:\\\/\\\/secure.gravatar.com\\\/avatar\\\/3a8de04a2656d44082be478bd6c086daa447c4651605818287b9532d3d0bd435?s=96&d=mm&r=g\",\"contentUrl\":\"https:\\\/\\\/secure.gravatar.com\\\/avatar\\\/3a8de04a2656d44082be478bd6c086daa447c4651605818287b9532d3d0bd435?s=96&d=mm&r=g\",\"caption\":\"Lo viste en Los Pol\u00edticos\"},\"url\":\"https:\\\/\\\/lospoliticosveracruz.com\\\/?author=2\"}]}<\/script>\n<!-- \/ Yoast SEO plugin. -->","yoast_head_json":{"title":"#UnD\u00edaSinNosotras - Los pol\u00edticos Veracruz","robots":{"index":"index","follow":"follow","max-snippet":"max-snippet:-1","max-image-preview":"max-image-preview:large","max-video-preview":"max-video-preview:-1"},"canonical":"https:\/\/lospoliticosveracruz.com\/?p=53188","og_locale":"es_ES","og_type":"article","og_title":"#UnD\u00edaSinNosotras - Los pol\u00edticos Veracruz","og_description":"Elena C\u00f3rdova Molina Luna Nueva Les comento que actualmente en el pa\u00eds de Islandia, en Europa del norte. Ocupa en los \u00faltimos a\u00f1os uno de los mejores \u00edndices de Igualdad de G\u00e9nero seg\u00fan el Foro Econ\u00f3mico Mundial, puesto que ha ido cerrando la brecha salarial entre hombres y mujeres. El origen de este relevante hecho [&hellip;]","og_url":"https:\/\/lospoliticosveracruz.com\/?p=53188","og_site_name":"Los pol\u00edticos Veracruz","article_publisher":"https:\/\/www.facebook.com\/people\/Notimemes-de-los-Polticos\/61565672886568\/","article_published_time":"2020-03-09T04:12:37+00:00","og_image":[{"width":200,"height":200,"url":"https:\/\/lospoliticosveracruz.com\/wp-content\/uploads\/2016\/07\/Logo-Dor.jpg","type":"image\/jpeg"}],"author":"Lo viste en Los Pol\u00edticos","twitter_card":"summary_large_image","twitter_creator":"@LosPoliticosVer","twitter_site":"@LosPoliticosVer","twitter_misc":{"Escrito por":"Lo viste en Los Pol\u00edticos","Tiempo de lectura":"4 minutos"},"schema":{"@context":"https:\/\/schema.org","@graph":[{"@type":"Article","@id":"https:\/\/lospoliticosveracruz.com\/?p=53188#article","isPartOf":{"@id":"https:\/\/lospoliticosveracruz.com\/?p=53188"},"author":{"name":"Lo viste en Los Pol\u00edticos","@id":"https:\/\/lospoliticosveracruz.com\/#\/schema\/person\/b8702bb0e538456e6efd07080bf2a4a2"},"headline":"#UnD\u00edaSinNosotras","datePublished":"2020-03-09T04:12:37+00:00","mainEntityOfPage":{"@id":"https:\/\/lospoliticosveracruz.com\/?p=53188"},"wordCount":741,"commentCount":0,"publisher":{"@id":"https:\/\/lospoliticosveracruz.com\/#organization"},"keywords":["Brujas del Mar","El nueve nadie se mueve","Elena C\u00f3rdova Molina","Foro Econ\u00f3mico Mundial","igualdad de g\u00e9nero","Islandia","Ley Federal del Trabajo","M\u00e9xico","pa\u00f1uelos verdes","Paro Nacional","permisos de paternidad y maternidad","Reforma Laboral"],"articleSection":["De Opini\u00f3n"],"inLanguage":"es","potentialAction":[{"@type":"CommentAction","name":"Comment","target":["https:\/\/lospoliticosveracruz.com\/?p=53188#respond"]}]},{"@type":"WebPage","@id":"https:\/\/lospoliticosveracruz.com\/?p=53188","url":"https:\/\/lospoliticosveracruz.com\/?p=53188","name":"#UnD\u00edaSinNosotras - Los pol\u00edticos Veracruz","isPartOf":{"@id":"https:\/\/lospoliticosveracruz.com\/#website"},"datePublished":"2020-03-09T04:12:37+00:00","breadcrumb":{"@id":"https:\/\/lospoliticosveracruz.com\/?p=53188#breadcrumb"},"inLanguage":"es","potentialAction":[{"@type":"ReadAction","target":["https:\/\/lospoliticosveracruz.com\/?p=53188"]}]},{"@type":"BreadcrumbList","@id":"https:\/\/lospoliticosveracruz.com\/?p=53188#breadcrumb","itemListElement":[{"@type":"ListItem","position":1,"name":"Portada","item":"https:\/\/lospoliticosveracruz.com\/"},{"@type":"ListItem","position":2,"name":"#UnD\u00edaSinNosotras"}]},{"@type":"WebSite","@id":"https:\/\/lospoliticosveracruz.com\/#website","url":"https:\/\/lospoliticosveracruz.com\/","name":"Los pol\u00edticos Veracruz","description":"","publisher":{"@id":"https:\/\/lospoliticosveracruz.com\/#organization"},"potentialAction":[{"@type":"SearchAction","target":{"@type":"EntryPoint","urlTemplate":"https:\/\/lospoliticosveracruz.com\/?s={search_term_string}"},"query-input":{"@type":"PropertyValueSpecification","valueRequired":true,"valueName":"search_term_string"}}],"inLanguage":"es"},{"@type":"Organization","@id":"https:\/\/lospoliticosveracruz.com\/#organization","name":"Los pol\u00edticos Veracruz","url":"https:\/\/lospoliticosveracruz.com\/","logo":{"@type":"ImageObject","inLanguage":"es","@id":"https:\/\/lospoliticosveracruz.com\/#\/schema\/logo\/image\/","url":"https:\/\/lospoliticosveracruz.com\/wp-content\/uploads\/2025\/12\/Logo-Nuevo-LOS-POLITICOS-1.jpg","contentUrl":"https:\/\/lospoliticosveracruz.com\/wp-content\/uploads\/2025\/12\/Logo-Nuevo-LOS-POLITICOS-1.jpg","width":260,"height":70,"caption":"Los pol\u00edticos Veracruz"},"image":{"@id":"https:\/\/lospoliticosveracruz.com\/#\/schema\/logo\/image\/"},"sameAs":["https:\/\/www.facebook.com\/people\/Notimemes-de-los-Polticos\/61565672886568\/","https:\/\/x.com\/LosPoliticosVer"]},{"@type":"Person","@id":"https:\/\/lospoliticosveracruz.com\/#\/schema\/person\/b8702bb0e538456e6efd07080bf2a4a2","name":"Lo viste en Los Pol\u00edticos","image":{"@type":"ImageObject","inLanguage":"es","@id":"https:\/\/secure.gravatar.com\/avatar\/3a8de04a2656d44082be478bd6c086daa447c4651605818287b9532d3d0bd435?s=96&d=mm&r=g","url":"https:\/\/secure.gravatar.com\/avatar\/3a8de04a2656d44082be478bd6c086daa447c4651605818287b9532d3d0bd435?s=96&d=mm&r=g","contentUrl":"https:\/\/secure.gravatar.com\/avatar\/3a8de04a2656d44082be478bd6c086daa447c4651605818287b9532d3d0bd435?s=96&d=mm&r=g","caption":"Lo viste en Los Pol\u00edticos"},"url":"https:\/\/lospoliticosveracruz.com\/?author=2"}]}},"_links":{"self":[{"href":"https:\/\/lospoliticosveracruz.com\/index.php?rest_route=\/wp\/v2\/posts\/53188","targetHints":{"allow":["GET"]}}],"collection":[{"href":"https:\/\/lospoliticosveracruz.com\/index.php?rest_route=\/wp\/v2\/posts"}],"about":[{"href":"https:\/\/lospoliticosveracruz.com\/index.php?rest_route=\/wp\/v2\/types\/post"}],"author":[{"embeddable":true,"href":"https:\/\/lospoliticosveracruz.com\/index.php?rest_route=\/wp\/v2\/users\/2"}],"replies":[{"embeddable":true,"href":"https:\/\/lospoliticosveracruz.com\/index.php?rest_route=%2Fwp%2Fv2%2Fcomments&post=53188"}],"version-history":[{"count":1,"href":"https:\/\/lospoliticosveracruz.com\/index.php?rest_route=\/wp\/v2\/posts\/53188\/revisions"}],"predecessor-version":[{"id":53189,"href":"https:\/\/lospoliticosveracruz.com\/index.php?rest_route=\/wp\/v2\/posts\/53188\/revisions\/53189"}],"wp:attachment":[{"href":"https:\/\/lospoliticosveracruz.com\/index.php?rest_route=%2Fwp%2Fv2%2Fmedia&parent=53188"}],"wp:term":[{"taxonomy":"category","embeddable":true,"href":"https:\/\/lospoliticosveracruz.com\/index.php?rest_route=%2Fwp%2Fv2%2Fcategories&post=53188"},{"taxonomy":"post_tag","embeddable":true,"href":"https:\/\/lospoliticosveracruz.com\/index.php?rest_route=%2Fwp%2Fv2%2Ftags&post=53188"}],"curies":[{"name":"wp","href":"https:\/\/api.w.org\/{rel}","templated":true}]}}