{"id":53280,"date":"2020-03-11T23:00:34","date_gmt":"2020-03-12T05:00:34","guid":{"rendered":"http:\/\/www.lospoliticosveracruz.com.mx\/?p=53280"},"modified":"2020-03-11T20:50:56","modified_gmt":"2020-03-12T02:50:56","slug":"ivonne-alexis-y-kristel","status":"publish","type":"post","link":"https:\/\/lospoliticosveracruz.com\/?p=53280","title":{"rendered":"Ivonne, Alexis y Kristel"},"content":{"rendered":"<p><strong>Salvador Mu\u00f1oz<\/strong><\/p>\n<p><em>Los Pol\u00edticos<\/em><\/p>\n<p><span style=\"font-weight: 400;\">Hasta principios de este a\u00f1o, en el Congreso local de Veracruz hab\u00eda seis grupos legislativos siendo cuatro mixtos, es decir, integrados por diputados de distintos partidos, como el del PRI y el Verde Ecologista, as\u00ed como el del Movimiento Ciudadano y el Sol Azteca, adem\u00e1s del Lado Correcto de la Historia (PES, Morena y PRD) y Acci\u00f3n Nacional Veracruz (una independiente, uno del PT y la gran mayor\u00eda, del PAN). A la fecha, desaparecieron los dos \u00faltimos.<\/span><\/p>\n<p><span style=\"font-weight: 400;\">La integraci\u00f3n de grupos en el Congreso busca por un lado, conjuntar criterios as\u00ed como fortalecer una unidad, donde ocho pueden ser muchos y tres marcar una diferencia.<\/span><\/p>\n<p><span style=\"font-weight: 400;\">Algo curioso que ha marcado a la mayor\u00eda de los grupos que est\u00e1n y han estado en esta LXV Legislatura: la divisi\u00f3n interna, las patadas bajo la mesa, los golpes bajos y las diferencias.<\/span><\/p>\n<p><span style=\"font-weight: 400;\">En el grupo mayoritario, es decir Morena, baste recordar el pleito ranchero que se desat\u00f3 contra Maleno Rosales Torres, Jessica Ram\u00edrez Cisneros y Nah\u00fam \u00c1lvarez Pellico, al grado de que fueron expulsados de Morena a nivel nacional, pero hubo cordura en el coordinador de la Junta de Coordinaci\u00f3n Pol\u00edtica, Juan Javier G\u00f3mez Cazar\u00edn, y rechaz\u00f3 la posici\u00f3n de la dirigencia y conmin\u00f3 a que se desechara la decisi\u00f3n\u2026<\/span><\/p>\n<p><span style=\"font-weight: 400;\">En el PAN ya se sabe c\u00f3mo se las gastaron algunos diputados que expresaron su malestar cuando se dio el triunfo de Joaqu\u00edn Guzm\u00e1n Avil\u00e9s en la dirigencia y se design\u00f3 a Omar Miranda Romero como nuevo coordinador de la bancada azul\u2026 se separaron menguando a la segunda fuerza para volverla tercera con cinco integrantes. Adem\u00e1s de eso, para conformarse como grupo mixto, una diputada renunci\u00f3 a la bancada para declararse independiente y la cereza del pastel, fue integrar al Diputaco Erik Iv\u00e1n Aguilar L\u00f3pez a lo que llamaron Acci\u00f3n Nacional Veracruz.<\/span><\/p>\n<p><span style=\"font-weight: 400;\">En el PRI igual se cocieron habas\u2026 Juan Carlos Molina Palacios (abrazo amigo donde quiera que est\u00e9s) decidi\u00f3 separarse de la bancada del PRI y declararse independiente pero lo que salv\u00f3 a la bancada tricolor fue Andrea Yunes Yunes, del PVEM, cuya alianza le permiti\u00f3 mantenerse como grupo.<\/span><\/p>\n<p><span style=\"font-weight: 400;\">El Lado Correcto de la Historia sufri\u00f3 mucho para consolidarse como grupo, primero, por la salida de Rub\u00e9n R\u00edos Uribe; luego, por la del Diputaco, pero ya no pudo mantenerse con la salida de Florencia Mart\u00ednez Rivera.<\/span><\/p>\n<p><span style=\"font-weight: 400;\">Hay que destacar al grupo mixto de Movimiento Ciudadano y Partido de la Revoluci\u00f3n Democr\u00e1tica integrado por Ivonne Trujilllo Ortiz, Alexis S\u00e1nchez Garc\u00eda y Kristel Hern\u00e1ndez Topete, el \u00fanico que se ha mantenido intacto en m\u00e1s de un a\u00f1o de actividades legislativas y que a diferencia de los otros, ha demostrado congruencia consigo mismos, \u201ctiming pol\u00edtico\u201d, solidaridad, compa\u00f1erismo y mucha coerci\u00f3n, al grado que en muchas decisiones llevadas a voto, se han convertido en el fiel de la balanza donde igual, pueden apoyar al grupo mayoritario, o convertirse en su aguafiestas.<\/span><\/p>\n<p><span style=\"font-weight: 400;\">Tres diputados que sin hacer mucho ruido, demuestran que la fuerza pol\u00edtica al interior del Congreso no es con muchos dedos, sino con mucha cabeza\u2026 quiz\u00e1s por eso, alguna ocasi\u00f3n, el Diputaco tuvo la intenci\u00f3n de integrarse al grupo cuando se sali\u00f3 de El Lado Correcto de la Historia\u2026 quiz\u00e1s por eso, hoy en pasillos del Palacio Legislativo, se hable de la posibilidad de que Florencia Mart\u00ednez Rivera, diputada por el Sol Azteca, pudiera buscar espacio en el mixto MC-PRD, aunque esto no deja de ser parte de lo que la rumorolog\u00eda pol\u00edtica hace sonar\u2026 como sea, si se habla de solidez, integridad y congruencia entre los diputados, hay entonces que voltear a ver a Ivonne, Alexis y Kristel, que sin hacer mucho ruido, dan lecciones de unidad a todos los grupos, demostrando con ello que en pol\u00edtica como en el Congreso, no hay grupo mixto chico.<\/span><\/p>\n<p>&nbsp;<\/p>\n<p><span style=\"font-weight: 400;\">smcainito@gmail.com<\/span><\/p>\n","protected":false},"excerpt":{"rendered":"<p>Salvador Mu\u00f1oz Los Pol\u00edticos Hasta principios de este a\u00f1o, en el Congreso local de Veracruz hab\u00eda seis grupos legislativos siendo cuatro mixtos, es decir, integrados por diputados de distintos partidos, como el del PRI y el Verde Ecologista, as\u00ed como el del Movimiento Ciudadano y el Sol Azteca, adem\u00e1s del Lado Correcto de la Historia [&hellip;]<\/p>\n","protected":false},"author":2,"featured_media":0,"comment_status":"open","ping_status":"open","sticky":false,"template":"","format":"standard","meta":{"tdm_status":"","tdm_grid_status":"","footnotes":""},"categories":[70],"tags":[12586,5320,12951,13040,11021,16891,13448,3288,3256,13642,14746,13063,1026,2327,15028,1951,266,8543,437,107,251,13125,195],"class_list":{"0":"post-53280","1":"post","2":"type-post","3":"status-publish","4":"format-standard","6":"category-de-opinion","7":"tag-alexis-sanchez-garcia","8":"tag-andrea-yunes-yunes","9":"tag-congreso-local-de-veracruz","10":"tag-erik-ivan-aguilar-lopez","11":"tag-florencia-martinez-rivera","12":"tag-ivonne-trujilllo-ortiz","13":"tag-jessica-ramirez-cisneros","14":"tag-joaquin-guzman-aviles","15":"tag-juan-carlos-molina-palacios","16":"tag-kristel-hernandez-topete","17":"tag-lado-correcto-de-la-historia","18":"tag-maleno-rosales-torres","19":"tag-morena","20":"tag-movimiento-ciudadano","21":"tag-nahum-alvarez-pellico","22":"tag-omar-miranda-romero","23":"tag-pan","24":"tag-partido-verde-ecologista","25":"tag-pes","26":"tag-prd","27":"tag-pri","28":"tag-ruben-rios-uribe","29":"tag-veracruz"},"yoast_head":"<!-- This site is optimized with the Yoast SEO plugin v27.4 - https:\/\/yoast.com\/product\/yoast-seo-wordpress\/ -->\n<title>Ivonne, Alexis y Kristel - Los pol\u00edticos Veracruz<\/title>\n<meta name=\"robots\" content=\"index, follow, max-snippet:-1, max-image-preview:large, max-video-preview:-1\" \/>\n<link rel=\"canonical\" href=\"https:\/\/lospoliticosveracruz.com\/?p=53280\" \/>\n<meta property=\"og:locale\" content=\"es_ES\" \/>\n<meta property=\"og:type\" content=\"article\" \/>\n<meta property=\"og:title\" content=\"Ivonne, Alexis y Kristel - Los pol\u00edticos Veracruz\" \/>\n<meta property=\"og:description\" content=\"Salvador Mu\u00f1oz Los Pol\u00edticos Hasta principios de este a\u00f1o, en el Congreso local de Veracruz hab\u00eda seis grupos legislativos siendo cuatro mixtos, es decir, integrados por diputados de distintos partidos, como el del PRI y el Verde Ecologista, as\u00ed como el del Movimiento Ciudadano y el Sol Azteca, adem\u00e1s del Lado Correcto de la Historia [&hellip;]\" \/>\n<meta property=\"og:url\" content=\"https:\/\/lospoliticosveracruz.com\/?p=53280\" \/>\n<meta property=\"og:site_name\" content=\"Los pol\u00edticos Veracruz\" \/>\n<meta property=\"article:publisher\" content=\"https:\/\/www.facebook.com\/people\/Notimemes-de-los-Polticos\/61565672886568\/\" \/>\n<meta property=\"article:published_time\" content=\"2020-03-12T05:00:34+00:00\" \/>\n<meta property=\"og:image\" content=\"https:\/\/lospoliticosveracruz.com\/wp-content\/uploads\/2016\/07\/Logo-Dor.jpg\" \/>\n\t<meta property=\"og:image:width\" content=\"200\" \/>\n\t<meta property=\"og:image:height\" content=\"200\" \/>\n\t<meta property=\"og:image:type\" content=\"image\/jpeg\" \/>\n<meta name=\"author\" content=\"Lo viste en Los Pol\u00edticos\" \/>\n<meta name=\"twitter:card\" content=\"summary_large_image\" \/>\n<meta name=\"twitter:creator\" content=\"@LosPoliticosVer\" \/>\n<meta name=\"twitter:site\" content=\"@LosPoliticosVer\" \/>\n<meta name=\"twitter:label1\" content=\"Escrito por\" \/>\n\t<meta name=\"twitter:data1\" content=\"Lo viste en Los Pol\u00edticos\" \/>\n\t<meta name=\"twitter:label2\" content=\"Tiempo de lectura\" \/>\n\t<meta name=\"twitter:data2\" content=\"3 minutos\" \/>\n<script type=\"application\/ld+json\" class=\"yoast-schema-graph\">{\"@context\":\"https:\\\/\\\/schema.org\",\"@graph\":[{\"@type\":\"Article\",\"@id\":\"https:\\\/\\\/lospoliticosveracruz.com\\\/?p=53280#article\",\"isPartOf\":{\"@id\":\"https:\\\/\\\/lospoliticosveracruz.com\\\/?p=53280\"},\"author\":{\"name\":\"Lo viste en Los Pol\u00edticos\",\"@id\":\"https:\\\/\\\/lospoliticosveracruz.com\\\/#\\\/schema\\\/person\\\/b8702bb0e538456e6efd07080bf2a4a2\"},\"headline\":\"Ivonne, Alexis y Kristel\",\"datePublished\":\"2020-03-12T05:00:34+00:00\",\"mainEntityOfPage\":{\"@id\":\"https:\\\/\\\/lospoliticosveracruz.com\\\/?p=53280\"},\"wordCount\":684,\"commentCount\":0,\"publisher\":{\"@id\":\"https:\\\/\\\/lospoliticosveracruz.com\\\/#organization\"},\"keywords\":[\"Alexis S\u00e1nchez Garc\u00eda\",\"Andrea Yunes Yunes\",\"Congreso local de Veracruz\",\"Erik Iv\u00e1n Aguilar L\u00f3pez\",\"Florencia Mart\u00ednez Rivera\",\"Ivonne Trujilllo Ortiz\",\"Jessica Ram\u00edrez Cisneros\",\"Joaqu\u00edn Guzm\u00e1n Avil\u00e9s\",\"Juan Carlos Molina Palacios\",\"Kristel Hern\u00e1ndez Topete\",\"Lado Correcto de la Historia\",\"Maleno Rosales Torres\",\"Morena\",\"Movimiento Ciudadano\",\"Nahum Alvarez Pellico\",\"Omar Miranda Romero\",\"PAN\",\"Partido Verde Ecologista\",\"PES\",\"PRD\",\"PRI\",\"Rub\u00e9n R\u00edos Uribe\",\"Veracruz\"],\"articleSection\":[\"De Opini\u00f3n\"],\"inLanguage\":\"es\",\"potentialAction\":[{\"@type\":\"CommentAction\",\"name\":\"Comment\",\"target\":[\"https:\\\/\\\/lospoliticosveracruz.com\\\/?p=53280#respond\"]}]},{\"@type\":\"WebPage\",\"@id\":\"https:\\\/\\\/lospoliticosveracruz.com\\\/?p=53280\",\"url\":\"https:\\\/\\\/lospoliticosveracruz.com\\\/?p=53280\",\"name\":\"Ivonne, Alexis y Kristel - Los pol\u00edticos Veracruz\",\"isPartOf\":{\"@id\":\"https:\\\/\\\/lospoliticosveracruz.com\\\/#website\"},\"datePublished\":\"2020-03-12T05:00:34+00:00\",\"breadcrumb\":{\"@id\":\"https:\\\/\\\/lospoliticosveracruz.com\\\/?p=53280#breadcrumb\"},\"inLanguage\":\"es\",\"potentialAction\":[{\"@type\":\"ReadAction\",\"target\":[\"https:\\\/\\\/lospoliticosveracruz.com\\\/?p=53280\"]}]},{\"@type\":\"BreadcrumbList\",\"@id\":\"https:\\\/\\\/lospoliticosveracruz.com\\\/?p=53280#breadcrumb\",\"itemListElement\":[{\"@type\":\"ListItem\",\"position\":1,\"name\":\"Portada\",\"item\":\"https:\\\/\\\/lospoliticosveracruz.com\\\/\"},{\"@type\":\"ListItem\",\"position\":2,\"name\":\"Ivonne, Alexis y Kristel\"}]},{\"@type\":\"WebSite\",\"@id\":\"https:\\\/\\\/lospoliticosveracruz.com\\\/#website\",\"url\":\"https:\\\/\\\/lospoliticosveracruz.com\\\/\",\"name\":\"Los pol\u00edticos Veracruz\",\"description\":\"\",\"publisher\":{\"@id\":\"https:\\\/\\\/lospoliticosveracruz.com\\\/#organization\"},\"potentialAction\":[{\"@type\":\"SearchAction\",\"target\":{\"@type\":\"EntryPoint\",\"urlTemplate\":\"https:\\\/\\\/lospoliticosveracruz.com\\\/?s={search_term_string}\"},\"query-input\":{\"@type\":\"PropertyValueSpecification\",\"valueRequired\":true,\"valueName\":\"search_term_string\"}}],\"inLanguage\":\"es\"},{\"@type\":\"Organization\",\"@id\":\"https:\\\/\\\/lospoliticosveracruz.com\\\/#organization\",\"name\":\"Los pol\u00edticos Veracruz\",\"url\":\"https:\\\/\\\/lospoliticosveracruz.com\\\/\",\"logo\":{\"@type\":\"ImageObject\",\"inLanguage\":\"es\",\"@id\":\"https:\\\/\\\/lospoliticosveracruz.com\\\/#\\\/schema\\\/logo\\\/image\\\/\",\"url\":\"https:\\\/\\\/lospoliticosveracruz.com\\\/wp-content\\\/uploads\\\/2025\\\/12\\\/Logo-Nuevo-LOS-POLITICOS-1.jpg\",\"contentUrl\":\"https:\\\/\\\/lospoliticosveracruz.com\\\/wp-content\\\/uploads\\\/2025\\\/12\\\/Logo-Nuevo-LOS-POLITICOS-1.jpg\",\"width\":260,\"height\":70,\"caption\":\"Los pol\u00edticos Veracruz\"},\"image\":{\"@id\":\"https:\\\/\\\/lospoliticosveracruz.com\\\/#\\\/schema\\\/logo\\\/image\\\/\"},\"sameAs\":[\"https:\\\/\\\/www.facebook.com\\\/people\\\/Notimemes-de-los-Polticos\\\/61565672886568\\\/\",\"https:\\\/\\\/x.com\\\/LosPoliticosVer\"]},{\"@type\":\"Person\",\"@id\":\"https:\\\/\\\/lospoliticosveracruz.com\\\/#\\\/schema\\\/person\\\/b8702bb0e538456e6efd07080bf2a4a2\",\"name\":\"Lo viste en Los Pol\u00edticos\",\"image\":{\"@type\":\"ImageObject\",\"inLanguage\":\"es\",\"@id\":\"https:\\\/\\\/secure.gravatar.com\\\/avatar\\\/3a8de04a2656d44082be478bd6c086daa447c4651605818287b9532d3d0bd435?s=96&d=mm&r=g\",\"url\":\"https:\\\/\\\/secure.gravatar.com\\\/avatar\\\/3a8de04a2656d44082be478bd6c086daa447c4651605818287b9532d3d0bd435?s=96&d=mm&r=g\",\"contentUrl\":\"https:\\\/\\\/secure.gravatar.com\\\/avatar\\\/3a8de04a2656d44082be478bd6c086daa447c4651605818287b9532d3d0bd435?s=96&d=mm&r=g\",\"caption\":\"Lo viste en Los Pol\u00edticos\"},\"url\":\"https:\\\/\\\/lospoliticosveracruz.com\\\/?author=2\"}]}<\/script>\n<!-- \/ Yoast SEO plugin. -->","yoast_head_json":{"title":"Ivonne, Alexis y Kristel - Los pol\u00edticos Veracruz","robots":{"index":"index","follow":"follow","max-snippet":"max-snippet:-1","max-image-preview":"max-image-preview:large","max-video-preview":"max-video-preview:-1"},"canonical":"https:\/\/lospoliticosveracruz.com\/?p=53280","og_locale":"es_ES","og_type":"article","og_title":"Ivonne, Alexis y Kristel - Los pol\u00edticos Veracruz","og_description":"Salvador Mu\u00f1oz Los Pol\u00edticos Hasta principios de este a\u00f1o, en el Congreso local de Veracruz hab\u00eda seis grupos legislativos siendo cuatro mixtos, es decir, integrados por diputados de distintos partidos, como el del PRI y el Verde Ecologista, as\u00ed como el del Movimiento Ciudadano y el Sol Azteca, adem\u00e1s del Lado Correcto de la Historia [&hellip;]","og_url":"https:\/\/lospoliticosveracruz.com\/?p=53280","og_site_name":"Los pol\u00edticos Veracruz","article_publisher":"https:\/\/www.facebook.com\/people\/Notimemes-de-los-Polticos\/61565672886568\/","article_published_time":"2020-03-12T05:00:34+00:00","og_image":[{"width":200,"height":200,"url":"https:\/\/lospoliticosveracruz.com\/wp-content\/uploads\/2016\/07\/Logo-Dor.jpg","type":"image\/jpeg"}],"author":"Lo viste en Los Pol\u00edticos","twitter_card":"summary_large_image","twitter_creator":"@LosPoliticosVer","twitter_site":"@LosPoliticosVer","twitter_misc":{"Escrito por":"Lo viste en Los Pol\u00edticos","Tiempo de lectura":"3 minutos"},"schema":{"@context":"https:\/\/schema.org","@graph":[{"@type":"Article","@id":"https:\/\/lospoliticosveracruz.com\/?p=53280#article","isPartOf":{"@id":"https:\/\/lospoliticosveracruz.com\/?p=53280"},"author":{"name":"Lo viste en Los Pol\u00edticos","@id":"https:\/\/lospoliticosveracruz.com\/#\/schema\/person\/b8702bb0e538456e6efd07080bf2a4a2"},"headline":"Ivonne, Alexis y Kristel","datePublished":"2020-03-12T05:00:34+00:00","mainEntityOfPage":{"@id":"https:\/\/lospoliticosveracruz.com\/?p=53280"},"wordCount":684,"commentCount":0,"publisher":{"@id":"https:\/\/lospoliticosveracruz.com\/#organization"},"keywords":["Alexis S\u00e1nchez Garc\u00eda","Andrea Yunes Yunes","Congreso local de Veracruz","Erik Iv\u00e1n Aguilar L\u00f3pez","Florencia Mart\u00ednez Rivera","Ivonne Trujilllo Ortiz","Jessica Ram\u00edrez Cisneros","Joaqu\u00edn Guzm\u00e1n Avil\u00e9s","Juan Carlos Molina Palacios","Kristel Hern\u00e1ndez Topete","Lado Correcto de la Historia","Maleno Rosales Torres","Morena","Movimiento Ciudadano","Nahum Alvarez Pellico","Omar Miranda Romero","PAN","Partido Verde Ecologista","PES","PRD","PRI","Rub\u00e9n R\u00edos Uribe","Veracruz"],"articleSection":["De Opini\u00f3n"],"inLanguage":"es","potentialAction":[{"@type":"CommentAction","name":"Comment","target":["https:\/\/lospoliticosveracruz.com\/?p=53280#respond"]}]},{"@type":"WebPage","@id":"https:\/\/lospoliticosveracruz.com\/?p=53280","url":"https:\/\/lospoliticosveracruz.com\/?p=53280","name":"Ivonne, Alexis y Kristel - Los pol\u00edticos Veracruz","isPartOf":{"@id":"https:\/\/lospoliticosveracruz.com\/#website"},"datePublished":"2020-03-12T05:00:34+00:00","breadcrumb":{"@id":"https:\/\/lospoliticosveracruz.com\/?p=53280#breadcrumb"},"inLanguage":"es","potentialAction":[{"@type":"ReadAction","target":["https:\/\/lospoliticosveracruz.com\/?p=53280"]}]},{"@type":"BreadcrumbList","@id":"https:\/\/lospoliticosveracruz.com\/?p=53280#breadcrumb","itemListElement":[{"@type":"ListItem","position":1,"name":"Portada","item":"https:\/\/lospoliticosveracruz.com\/"},{"@type":"ListItem","position":2,"name":"Ivonne, Alexis y Kristel"}]},{"@type":"WebSite","@id":"https:\/\/lospoliticosveracruz.com\/#website","url":"https:\/\/lospoliticosveracruz.com\/","name":"Los pol\u00edticos Veracruz","description":"","publisher":{"@id":"https:\/\/lospoliticosveracruz.com\/#organization"},"potentialAction":[{"@type":"SearchAction","target":{"@type":"EntryPoint","urlTemplate":"https:\/\/lospoliticosveracruz.com\/?s={search_term_string}"},"query-input":{"@type":"PropertyValueSpecification","valueRequired":true,"valueName":"search_term_string"}}],"inLanguage":"es"},{"@type":"Organization","@id":"https:\/\/lospoliticosveracruz.com\/#organization","name":"Los pol\u00edticos Veracruz","url":"https:\/\/lospoliticosveracruz.com\/","logo":{"@type":"ImageObject","inLanguage":"es","@id":"https:\/\/lospoliticosveracruz.com\/#\/schema\/logo\/image\/","url":"https:\/\/lospoliticosveracruz.com\/wp-content\/uploads\/2025\/12\/Logo-Nuevo-LOS-POLITICOS-1.jpg","contentUrl":"https:\/\/lospoliticosveracruz.com\/wp-content\/uploads\/2025\/12\/Logo-Nuevo-LOS-POLITICOS-1.jpg","width":260,"height":70,"caption":"Los pol\u00edticos Veracruz"},"image":{"@id":"https:\/\/lospoliticosveracruz.com\/#\/schema\/logo\/image\/"},"sameAs":["https:\/\/www.facebook.com\/people\/Notimemes-de-los-Polticos\/61565672886568\/","https:\/\/x.com\/LosPoliticosVer"]},{"@type":"Person","@id":"https:\/\/lospoliticosveracruz.com\/#\/schema\/person\/b8702bb0e538456e6efd07080bf2a4a2","name":"Lo viste en Los Pol\u00edticos","image":{"@type":"ImageObject","inLanguage":"es","@id":"https:\/\/secure.gravatar.com\/avatar\/3a8de04a2656d44082be478bd6c086daa447c4651605818287b9532d3d0bd435?s=96&d=mm&r=g","url":"https:\/\/secure.gravatar.com\/avatar\/3a8de04a2656d44082be478bd6c086daa447c4651605818287b9532d3d0bd435?s=96&d=mm&r=g","contentUrl":"https:\/\/secure.gravatar.com\/avatar\/3a8de04a2656d44082be478bd6c086daa447c4651605818287b9532d3d0bd435?s=96&d=mm&r=g","caption":"Lo viste en Los Pol\u00edticos"},"url":"https:\/\/lospoliticosveracruz.com\/?author=2"}]}},"_links":{"self":[{"href":"https:\/\/lospoliticosveracruz.com\/index.php?rest_route=\/wp\/v2\/posts\/53280","targetHints":{"allow":["GET"]}}],"collection":[{"href":"https:\/\/lospoliticosveracruz.com\/index.php?rest_route=\/wp\/v2\/posts"}],"about":[{"href":"https:\/\/lospoliticosveracruz.com\/index.php?rest_route=\/wp\/v2\/types\/post"}],"author":[{"embeddable":true,"href":"https:\/\/lospoliticosveracruz.com\/index.php?rest_route=\/wp\/v2\/users\/2"}],"replies":[{"embeddable":true,"href":"https:\/\/lospoliticosveracruz.com\/index.php?rest_route=%2Fwp%2Fv2%2Fcomments&post=53280"}],"version-history":[{"count":1,"href":"https:\/\/lospoliticosveracruz.com\/index.php?rest_route=\/wp\/v2\/posts\/53280\/revisions"}],"predecessor-version":[{"id":53282,"href":"https:\/\/lospoliticosveracruz.com\/index.php?rest_route=\/wp\/v2\/posts\/53280\/revisions\/53282"}],"wp:attachment":[{"href":"https:\/\/lospoliticosveracruz.com\/index.php?rest_route=%2Fwp%2Fv2%2Fmedia&parent=53280"}],"wp:term":[{"taxonomy":"category","embeddable":true,"href":"https:\/\/lospoliticosveracruz.com\/index.php?rest_route=%2Fwp%2Fv2%2Fcategories&post=53280"},{"taxonomy":"post_tag","embeddable":true,"href":"https:\/\/lospoliticosveracruz.com\/index.php?rest_route=%2Fwp%2Fv2%2Ftags&post=53280"}],"curies":[{"name":"wp","href":"https:\/\/api.w.org\/{rel}","templated":true}]}}