{"id":53299,"date":"2020-03-12T23:00:55","date_gmt":"2020-03-13T05:00:55","guid":{"rendered":"http:\/\/www.lospoliticosveracruz.com.mx\/?p=53299"},"modified":"2020-03-12T17:07:38","modified_gmt":"2020-03-12T23:07:38","slug":"acoso-en-escuelas-denuncien-pide-zen","status":"publish","type":"post","link":"https:\/\/lospoliticosveracruz.com\/?p=53299","title":{"rendered":"Acoso en escuelas: Denuncien, pide Zen"},"content":{"rendered":"<p><strong>Salvador Mu\u00f1oz<\/strong><\/p>\n<p><em>Los Pol\u00edticos<\/em><\/p>\n<p>A) Platicando sobre los compa\u00f1eros que convivieron en la secundaria, una amiga me revel\u00f3 algo que me sorprendi\u00f3: el noviazgo de una compa\u00f1era, durante el segundo grado, con el prefecto.<\/p>\n<p><span style=\"font-weight: 400;\">B) Ya no recuerdo su nombre, pero s\u00ed al maestro de primer a\u00f1o de secundaria por dos razones:<\/span><\/p>\n<p><span style=\"font-weight: 400;\">1.- Daniel lleg\u00f3 tarde a la clase y pidi\u00f3 permiso para entrar, y el maestro se lo neg\u00f3 lo que hizo que mi compa\u00f1ero exclamara un \u201cPinche viejo puto\u201d justo en el momento en que se hac\u00eda un enorme silencio en el sal\u00f3n lo que permiti\u00f3 que todos lo escuch\u00e1ramos y fuera motivo suficiente para que a Daniel se le viera en el examen extraordinario porque se le prohibi\u00f3 la entrada a clases en ese semestre.<\/span><\/p>\n<p><span style=\"font-weight: 400;\">2.- El maestro gustaba tomar por la cintura a algunas compa\u00f1eras mientras revisaba las operaciones que nos daba de tarea&#8230;<\/span><\/p>\n<p><span style=\"font-weight: 400;\">C) En la prepa se hablaba del noviazgo entre una compa\u00f1era y el maestro de Matem\u00e1ticas y si bien, era evidente la estrecha relaci\u00f3n que hab\u00eda con ella, uno s\u00f3lo ve\u00eda una especie de \u201cbarber\u00eda\u201d por parte de la alumna que se colgaba del brazo del profesor, en aras de salvar la materia\u2026 acabaron siendo pareja.<\/span><\/p>\n<p><span style=\"font-weight: 400;\">Viene a cuento esto porque desde hace una semana, estudiantes, en su mayor\u00eda mujeres, se han manifestado en el <\/span><span style=\"font-weight: 400;\">Colegio de Bachilleres de Veracruz (Cobaev) sede Xalapa, Cbtis 79 de Boca del R\u00edo, Centro de Estudios Tecnol\u00f3gicos del Mar (Cetmar) n\u00famero 7, Facultad de Medicina de la Universidad Veracruzana (UV) campus Minatitl\u00e1n, la Universidad del Golfo de M\u00e9xico (UGM) el Tecnol\u00f3gico de Veracruz, Bachilleres de Veracruz, entre otros, <\/span><span style=\"font-weight: 400;\">contra maestros, prefectos y hasta un doctor encargado del dispensario m\u00e9dico, por acoso.<\/span><\/p>\n<p><span style=\"font-weight: 400;\">Los se\u00f1alamientos tienen nombre; es m\u00e1s, en algunos casos, se han filtrado conversaciones de maestros y alumnos con expresiones inapropiadas hacia las estudiantes. En otras, madres de familia aseguran que hay quienes han pedido fotograf\u00edas no s\u00f3lo a las j\u00f3venes, igual a chicos.<\/span><\/p>\n<p><span style=\"font-weight: 400;\">Una de las consecuencias de estas manifestaciones fue la demanda de un maestro frente a los alumnos, para que sus acusadores que estamparon se\u00f1alamientos en dos hojas en el \u201ctendedero\u201d, lo confrontaran cara a cara sin que nadie diera paso al frente.<\/span><\/p>\n<p><span style=\"font-weight: 400;\">No tengo la certeza de que \u201cel tendedero\u201d sea la colocaci\u00f3n de post-it, cartulinas, hojas, donde la estudiante escribe leyendas, se\u00f1alamientos y el nombre del acosador, pero eso parece.<\/span><\/p>\n<p><span style=\"font-weight: 400;\">Todav\u00eda este jueves, las alumnas de Bachilleres Veracruz se manifestaron en las afueras del plantel con otro \u201ctendendero\u201d en espera de que la SEV atienda sus demandas, reclamos, se\u00f1alamientos&#8230;<\/span><\/p>\n<p><span style=\"font-weight: 400;\">Las diversas manifestaciones p\u00fablicas de las estudiantes llevadas a redes sociales y medios de informaci\u00f3n han hecho que sociedad, padres de familia y sobre todo, autoridades educativas, pongan la mira en estos planteles y hay que destacar que en la SEV, su actuaci\u00f3n no es de ahora o de hace una semana\u2026 en lo que va de esta administraci\u00f3n, han cesado a 19 \u201cTrabajadores de la Educaci\u00f3n\u201d como los cita el titular Zenyazen Escobar; hay dos suspendidos y cinco est\u00e1n en la c\u00e1rcel, asegura el secretario, con lo que demuestra que la secretar\u00eda no es omisa a las demandas de las alumnas, pero las chicas de Bachilleres Veracruz opinan lo contrario.<\/span><\/p>\n<p><span style=\"font-weight: 400;\">Si bien, se toma en cuenta \u201clos tendederos\u201d, el secretario de Educaci\u00f3n valorar\u00eda tambi\u00e9n que el alumnado que sea v\u00edctima de un tipo de agresi\u00f3n, acuda ante las autoridades del ramo y denuncie, bajo la confianza de que no van a solapar este tipo de casos, y se est\u00e1 demostrando que ac\u00e1 no habr\u00e1 que cambien al maestro de escuela, porque asegur\u00f3 en entrevista Zenyazen Escobar, este tipo de personas, reincide y no puede estar al frente de grupos, de ni\u00f1os, de alumnos\u2026<\/span><\/p>\n<p><span style=\"font-weight: 400;\">Al menos los estudiantes tienen la palabra del secretario de Educaci\u00f3n que el acoso no se va a solapar\u2026 cosa contraria en la secretar\u00eda de Gobierno, donde al acosador le quitan una direcci\u00f3n, pero le dan una coordinaci\u00f3n estatal. Punto para Zenyazen; pierde Bola 8.<\/span><\/p>\n<p>&nbsp;<\/p>\n<p><span style=\"font-weight: 400;\">smcainito@gmail.com<\/span><\/p>\n<p>&nbsp;<\/p>\n","protected":false},"excerpt":{"rendered":"<p>Salvador Mu\u00f1oz Los Pol\u00edticos A) Platicando sobre los compa\u00f1eros que convivieron en la secundaria, una amiga me revel\u00f3 algo que me sorprendi\u00f3: el noviazgo de una compa\u00f1era, durante el segundo grado, con el prefecto. B) Ya no recuerdo su nombre, pero s\u00ed al maestro de primer a\u00f1o de secundaria por dos razones: 1.- Daniel lleg\u00f3 [&hellip;]<\/p>\n","protected":false},"author":2,"featured_media":0,"comment_status":"open","ping_status":"open","sticky":false,"template":"","format":"gallery","meta":{"tdm_status":"","tdm_grid_status":"","footnotes":""},"categories":[70],"tags":[601,16886,16901,16902,2166,16900,16903,373,2646,88,3211,16904,15760,219,172,96],"class_list":{"0":"post-53299","1":"post","2":"type-post","3":"status-publish","4":"format-gallery","6":"category-de-opinion","7":"tag-boca-del-rio","8":"tag-cbtis-79","9":"tag-centro-de-estudios-tecnologicos-del-mar","10":"tag-cetmar","11":"tag-cobaev","12":"tag-colegio-de-bachilleres-de-veracruz","13":"tag-facultad-de-medicina","14":"tag-minatitlan","15":"tag-salvador-munoz","16":"tag-sev","17":"tag-tecnologico-de-veracruz","18":"tag-ugm","19":"tag-universidad-del-golfo-de-mexico","20":"tag-universidad-veracruzana","21":"tag-uv","22":"tag-xalapa","23":"post_format-post-format-gallery"},"yoast_head":"<!-- This site is optimized with the Yoast SEO plugin v27.4 - https:\/\/yoast.com\/product\/yoast-seo-wordpress\/ -->\n<title>Acoso en escuelas: Denuncien, pide Zen - Los pol\u00edticos Veracruz<\/title>\n<meta name=\"robots\" content=\"index, follow, max-snippet:-1, max-image-preview:large, max-video-preview:-1\" \/>\n<link rel=\"canonical\" href=\"https:\/\/lospoliticosveracruz.com\/?p=53299\" \/>\n<meta property=\"og:locale\" content=\"es_ES\" \/>\n<meta property=\"og:type\" content=\"article\" \/>\n<meta property=\"og:title\" content=\"Acoso en escuelas: Denuncien, pide Zen - Los pol\u00edticos Veracruz\" \/>\n<meta property=\"og:description\" content=\"Salvador Mu\u00f1oz Los Pol\u00edticos A) Platicando sobre los compa\u00f1eros que convivieron en la secundaria, una amiga me revel\u00f3 algo que me sorprendi\u00f3: el noviazgo de una compa\u00f1era, durante el segundo grado, con el prefecto. B) Ya no recuerdo su nombre, pero s\u00ed al maestro de primer a\u00f1o de secundaria por dos razones: 1.- Daniel lleg\u00f3 [&hellip;]\" \/>\n<meta property=\"og:url\" content=\"https:\/\/lospoliticosveracruz.com\/?p=53299\" \/>\n<meta property=\"og:site_name\" content=\"Los pol\u00edticos Veracruz\" \/>\n<meta property=\"article:publisher\" content=\"https:\/\/www.facebook.com\/people\/Notimemes-de-los-Polticos\/61565672886568\/\" \/>\n<meta property=\"article:published_time\" content=\"2020-03-13T05:00:55+00:00\" \/>\n<meta property=\"og:image\" content=\"https:\/\/lospoliticosveracruz.com\/wp-content\/uploads\/2016\/07\/Logo-Dor.jpg\" \/>\n\t<meta property=\"og:image:width\" content=\"200\" \/>\n\t<meta property=\"og:image:height\" content=\"200\" \/>\n\t<meta property=\"og:image:type\" content=\"image\/jpeg\" \/>\n<meta name=\"author\" content=\"Lo viste en Los Pol\u00edticos\" \/>\n<meta name=\"twitter:card\" content=\"summary_large_image\" \/>\n<meta name=\"twitter:creator\" content=\"@LosPoliticosVer\" \/>\n<meta name=\"twitter:site\" content=\"@LosPoliticosVer\" \/>\n<meta name=\"twitter:label1\" content=\"Escrito por\" \/>\n\t<meta name=\"twitter:data1\" content=\"Lo viste en Los Pol\u00edticos\" \/>\n\t<meta name=\"twitter:label2\" content=\"Tiempo de lectura\" \/>\n\t<meta name=\"twitter:data2\" content=\"4 minutos\" \/>\n<script type=\"application\/ld+json\" class=\"yoast-schema-graph\">{\"@context\":\"https:\\\/\\\/schema.org\",\"@graph\":[{\"@type\":\"Article\",\"@id\":\"https:\\\/\\\/lospoliticosveracruz.com\\\/?p=53299#article\",\"isPartOf\":{\"@id\":\"https:\\\/\\\/lospoliticosveracruz.com\\\/?p=53299\"},\"author\":{\"name\":\"Lo viste en Los Pol\u00edticos\",\"@id\":\"https:\\\/\\\/lospoliticosveracruz.com\\\/#\\\/schema\\\/person\\\/b8702bb0e538456e6efd07080bf2a4a2\"},\"headline\":\"Acoso en escuelas: Denuncien, pide Zen\",\"datePublished\":\"2020-03-13T05:00:55+00:00\",\"mainEntityOfPage\":{\"@id\":\"https:\\\/\\\/lospoliticosveracruz.com\\\/?p=53299\"},\"wordCount\":727,\"commentCount\":0,\"publisher\":{\"@id\":\"https:\\\/\\\/lospoliticosveracruz.com\\\/#organization\"},\"keywords\":[\"Boca del R\u00edo\",\"Cbtis 79\",\"Centro de Estudios Tecnol\u00f3gicos del Mar\",\"Cetmar\",\"Cobaev\",\"Colegio de Bachilleres de Veracruz\",\"Facultad de Medicina\",\"Minatitl\u00e1n\",\"Salvador Mu\u00f1oz\",\"SEV\",\"Tecnol\u00f3gico de Veracruz\",\"UGM\",\"Universidad del Golfo de M\u00e9xico\",\"Universidad Veracruzana\",\"UV\",\"Xalapa\"],\"articleSection\":[\"De Opini\u00f3n\"],\"inLanguage\":\"es\",\"potentialAction\":[{\"@type\":\"CommentAction\",\"name\":\"Comment\",\"target\":[\"https:\\\/\\\/lospoliticosveracruz.com\\\/?p=53299#respond\"]}]},{\"@type\":\"WebPage\",\"@id\":\"https:\\\/\\\/lospoliticosveracruz.com\\\/?p=53299\",\"url\":\"https:\\\/\\\/lospoliticosveracruz.com\\\/?p=53299\",\"name\":\"Acoso en escuelas: Denuncien, pide Zen - Los pol\u00edticos Veracruz\",\"isPartOf\":{\"@id\":\"https:\\\/\\\/lospoliticosveracruz.com\\\/#website\"},\"datePublished\":\"2020-03-13T05:00:55+00:00\",\"breadcrumb\":{\"@id\":\"https:\\\/\\\/lospoliticosveracruz.com\\\/?p=53299#breadcrumb\"},\"inLanguage\":\"es\",\"potentialAction\":[{\"@type\":\"ReadAction\",\"target\":[\"https:\\\/\\\/lospoliticosveracruz.com\\\/?p=53299\"]}]},{\"@type\":\"BreadcrumbList\",\"@id\":\"https:\\\/\\\/lospoliticosveracruz.com\\\/?p=53299#breadcrumb\",\"itemListElement\":[{\"@type\":\"ListItem\",\"position\":1,\"name\":\"Portada\",\"item\":\"https:\\\/\\\/lospoliticosveracruz.com\\\/\"},{\"@type\":\"ListItem\",\"position\":2,\"name\":\"Acoso en escuelas: Denuncien, pide Zen\"}]},{\"@type\":\"WebSite\",\"@id\":\"https:\\\/\\\/lospoliticosveracruz.com\\\/#website\",\"url\":\"https:\\\/\\\/lospoliticosveracruz.com\\\/\",\"name\":\"Los pol\u00edticos Veracruz\",\"description\":\"\",\"publisher\":{\"@id\":\"https:\\\/\\\/lospoliticosveracruz.com\\\/#organization\"},\"potentialAction\":[{\"@type\":\"SearchAction\",\"target\":{\"@type\":\"EntryPoint\",\"urlTemplate\":\"https:\\\/\\\/lospoliticosveracruz.com\\\/?s={search_term_string}\"},\"query-input\":{\"@type\":\"PropertyValueSpecification\",\"valueRequired\":true,\"valueName\":\"search_term_string\"}}],\"inLanguage\":\"es\"},{\"@type\":\"Organization\",\"@id\":\"https:\\\/\\\/lospoliticosveracruz.com\\\/#organization\",\"name\":\"Los pol\u00edticos Veracruz\",\"url\":\"https:\\\/\\\/lospoliticosveracruz.com\\\/\",\"logo\":{\"@type\":\"ImageObject\",\"inLanguage\":\"es\",\"@id\":\"https:\\\/\\\/lospoliticosveracruz.com\\\/#\\\/schema\\\/logo\\\/image\\\/\",\"url\":\"https:\\\/\\\/lospoliticosveracruz.com\\\/wp-content\\\/uploads\\\/2025\\\/12\\\/Logo-Nuevo-LOS-POLITICOS-1.jpg\",\"contentUrl\":\"https:\\\/\\\/lospoliticosveracruz.com\\\/wp-content\\\/uploads\\\/2025\\\/12\\\/Logo-Nuevo-LOS-POLITICOS-1.jpg\",\"width\":260,\"height\":70,\"caption\":\"Los pol\u00edticos Veracruz\"},\"image\":{\"@id\":\"https:\\\/\\\/lospoliticosveracruz.com\\\/#\\\/schema\\\/logo\\\/image\\\/\"},\"sameAs\":[\"https:\\\/\\\/www.facebook.com\\\/people\\\/Notimemes-de-los-Polticos\\\/61565672886568\\\/\",\"https:\\\/\\\/x.com\\\/LosPoliticosVer\"]},{\"@type\":\"Person\",\"@id\":\"https:\\\/\\\/lospoliticosveracruz.com\\\/#\\\/schema\\\/person\\\/b8702bb0e538456e6efd07080bf2a4a2\",\"name\":\"Lo viste en Los Pol\u00edticos\",\"image\":{\"@type\":\"ImageObject\",\"inLanguage\":\"es\",\"@id\":\"https:\\\/\\\/secure.gravatar.com\\\/avatar\\\/3a8de04a2656d44082be478bd6c086daa447c4651605818287b9532d3d0bd435?s=96&d=mm&r=g\",\"url\":\"https:\\\/\\\/secure.gravatar.com\\\/avatar\\\/3a8de04a2656d44082be478bd6c086daa447c4651605818287b9532d3d0bd435?s=96&d=mm&r=g\",\"contentUrl\":\"https:\\\/\\\/secure.gravatar.com\\\/avatar\\\/3a8de04a2656d44082be478bd6c086daa447c4651605818287b9532d3d0bd435?s=96&d=mm&r=g\",\"caption\":\"Lo viste en Los Pol\u00edticos\"},\"url\":\"https:\\\/\\\/lospoliticosveracruz.com\\\/?author=2\"}]}<\/script>\n<!-- \/ Yoast SEO plugin. -->","yoast_head_json":{"title":"Acoso en escuelas: Denuncien, pide Zen - Los pol\u00edticos Veracruz","robots":{"index":"index","follow":"follow","max-snippet":"max-snippet:-1","max-image-preview":"max-image-preview:large","max-video-preview":"max-video-preview:-1"},"canonical":"https:\/\/lospoliticosveracruz.com\/?p=53299","og_locale":"es_ES","og_type":"article","og_title":"Acoso en escuelas: Denuncien, pide Zen - Los pol\u00edticos Veracruz","og_description":"Salvador Mu\u00f1oz Los Pol\u00edticos A) Platicando sobre los compa\u00f1eros que convivieron en la secundaria, una amiga me revel\u00f3 algo que me sorprendi\u00f3: el noviazgo de una compa\u00f1era, durante el segundo grado, con el prefecto. B) Ya no recuerdo su nombre, pero s\u00ed al maestro de primer a\u00f1o de secundaria por dos razones: 1.- Daniel lleg\u00f3 [&hellip;]","og_url":"https:\/\/lospoliticosveracruz.com\/?p=53299","og_site_name":"Los pol\u00edticos Veracruz","article_publisher":"https:\/\/www.facebook.com\/people\/Notimemes-de-los-Polticos\/61565672886568\/","article_published_time":"2020-03-13T05:00:55+00:00","og_image":[{"width":200,"height":200,"url":"https:\/\/lospoliticosveracruz.com\/wp-content\/uploads\/2016\/07\/Logo-Dor.jpg","type":"image\/jpeg"}],"author":"Lo viste en Los Pol\u00edticos","twitter_card":"summary_large_image","twitter_creator":"@LosPoliticosVer","twitter_site":"@LosPoliticosVer","twitter_misc":{"Escrito por":"Lo viste en Los Pol\u00edticos","Tiempo de lectura":"4 minutos"},"schema":{"@context":"https:\/\/schema.org","@graph":[{"@type":"Article","@id":"https:\/\/lospoliticosveracruz.com\/?p=53299#article","isPartOf":{"@id":"https:\/\/lospoliticosveracruz.com\/?p=53299"},"author":{"name":"Lo viste en Los Pol\u00edticos","@id":"https:\/\/lospoliticosveracruz.com\/#\/schema\/person\/b8702bb0e538456e6efd07080bf2a4a2"},"headline":"Acoso en escuelas: Denuncien, pide Zen","datePublished":"2020-03-13T05:00:55+00:00","mainEntityOfPage":{"@id":"https:\/\/lospoliticosveracruz.com\/?p=53299"},"wordCount":727,"commentCount":0,"publisher":{"@id":"https:\/\/lospoliticosveracruz.com\/#organization"},"keywords":["Boca del R\u00edo","Cbtis 79","Centro de Estudios Tecnol\u00f3gicos del Mar","Cetmar","Cobaev","Colegio de Bachilleres de Veracruz","Facultad de Medicina","Minatitl\u00e1n","Salvador Mu\u00f1oz","SEV","Tecnol\u00f3gico de Veracruz","UGM","Universidad del Golfo de M\u00e9xico","Universidad Veracruzana","UV","Xalapa"],"articleSection":["De Opini\u00f3n"],"inLanguage":"es","potentialAction":[{"@type":"CommentAction","name":"Comment","target":["https:\/\/lospoliticosveracruz.com\/?p=53299#respond"]}]},{"@type":"WebPage","@id":"https:\/\/lospoliticosveracruz.com\/?p=53299","url":"https:\/\/lospoliticosveracruz.com\/?p=53299","name":"Acoso en escuelas: Denuncien, pide Zen - Los pol\u00edticos Veracruz","isPartOf":{"@id":"https:\/\/lospoliticosveracruz.com\/#website"},"datePublished":"2020-03-13T05:00:55+00:00","breadcrumb":{"@id":"https:\/\/lospoliticosveracruz.com\/?p=53299#breadcrumb"},"inLanguage":"es","potentialAction":[{"@type":"ReadAction","target":["https:\/\/lospoliticosveracruz.com\/?p=53299"]}]},{"@type":"BreadcrumbList","@id":"https:\/\/lospoliticosveracruz.com\/?p=53299#breadcrumb","itemListElement":[{"@type":"ListItem","position":1,"name":"Portada","item":"https:\/\/lospoliticosveracruz.com\/"},{"@type":"ListItem","position":2,"name":"Acoso en escuelas: Denuncien, pide Zen"}]},{"@type":"WebSite","@id":"https:\/\/lospoliticosveracruz.com\/#website","url":"https:\/\/lospoliticosveracruz.com\/","name":"Los pol\u00edticos Veracruz","description":"","publisher":{"@id":"https:\/\/lospoliticosveracruz.com\/#organization"},"potentialAction":[{"@type":"SearchAction","target":{"@type":"EntryPoint","urlTemplate":"https:\/\/lospoliticosveracruz.com\/?s={search_term_string}"},"query-input":{"@type":"PropertyValueSpecification","valueRequired":true,"valueName":"search_term_string"}}],"inLanguage":"es"},{"@type":"Organization","@id":"https:\/\/lospoliticosveracruz.com\/#organization","name":"Los pol\u00edticos Veracruz","url":"https:\/\/lospoliticosveracruz.com\/","logo":{"@type":"ImageObject","inLanguage":"es","@id":"https:\/\/lospoliticosveracruz.com\/#\/schema\/logo\/image\/","url":"https:\/\/lospoliticosveracruz.com\/wp-content\/uploads\/2025\/12\/Logo-Nuevo-LOS-POLITICOS-1.jpg","contentUrl":"https:\/\/lospoliticosveracruz.com\/wp-content\/uploads\/2025\/12\/Logo-Nuevo-LOS-POLITICOS-1.jpg","width":260,"height":70,"caption":"Los pol\u00edticos Veracruz"},"image":{"@id":"https:\/\/lospoliticosveracruz.com\/#\/schema\/logo\/image\/"},"sameAs":["https:\/\/www.facebook.com\/people\/Notimemes-de-los-Polticos\/61565672886568\/","https:\/\/x.com\/LosPoliticosVer"]},{"@type":"Person","@id":"https:\/\/lospoliticosveracruz.com\/#\/schema\/person\/b8702bb0e538456e6efd07080bf2a4a2","name":"Lo viste en Los Pol\u00edticos","image":{"@type":"ImageObject","inLanguage":"es","@id":"https:\/\/secure.gravatar.com\/avatar\/3a8de04a2656d44082be478bd6c086daa447c4651605818287b9532d3d0bd435?s=96&d=mm&r=g","url":"https:\/\/secure.gravatar.com\/avatar\/3a8de04a2656d44082be478bd6c086daa447c4651605818287b9532d3d0bd435?s=96&d=mm&r=g","contentUrl":"https:\/\/secure.gravatar.com\/avatar\/3a8de04a2656d44082be478bd6c086daa447c4651605818287b9532d3d0bd435?s=96&d=mm&r=g","caption":"Lo viste en Los Pol\u00edticos"},"url":"https:\/\/lospoliticosveracruz.com\/?author=2"}]}},"_links":{"self":[{"href":"https:\/\/lospoliticosveracruz.com\/index.php?rest_route=\/wp\/v2\/posts\/53299","targetHints":{"allow":["GET"]}}],"collection":[{"href":"https:\/\/lospoliticosveracruz.com\/index.php?rest_route=\/wp\/v2\/posts"}],"about":[{"href":"https:\/\/lospoliticosveracruz.com\/index.php?rest_route=\/wp\/v2\/types\/post"}],"author":[{"embeddable":true,"href":"https:\/\/lospoliticosveracruz.com\/index.php?rest_route=\/wp\/v2\/users\/2"}],"replies":[{"embeddable":true,"href":"https:\/\/lospoliticosveracruz.com\/index.php?rest_route=%2Fwp%2Fv2%2Fcomments&post=53299"}],"version-history":[{"count":1,"href":"https:\/\/lospoliticosveracruz.com\/index.php?rest_route=\/wp\/v2\/posts\/53299\/revisions"}],"predecessor-version":[{"id":53300,"href":"https:\/\/lospoliticosveracruz.com\/index.php?rest_route=\/wp\/v2\/posts\/53299\/revisions\/53300"}],"wp:attachment":[{"href":"https:\/\/lospoliticosveracruz.com\/index.php?rest_route=%2Fwp%2Fv2%2Fmedia&parent=53299"}],"wp:term":[{"taxonomy":"category","embeddable":true,"href":"https:\/\/lospoliticosveracruz.com\/index.php?rest_route=%2Fwp%2Fv2%2Fcategories&post=53299"},{"taxonomy":"post_tag","embeddable":true,"href":"https:\/\/lospoliticosveracruz.com\/index.php?rest_route=%2Fwp%2Fv2%2Ftags&post=53299"}],"curies":[{"name":"wp","href":"https:\/\/api.w.org\/{rel}","templated":true}]}}