{"id":53485,"date":"2020-03-17T09:03:52","date_gmt":"2020-03-17T15:03:52","guid":{"rendered":"http:\/\/www.lospoliticosveracruz.com.mx\/?p=53485"},"modified":"2020-03-17T09:04:23","modified_gmt":"2020-03-17T15:04:23","slug":"el-cerco-a-chiquinando-politico-no-sanitario","status":"publish","type":"post","link":"https:\/\/lospoliticosveracruz.com\/?p=53485","title":{"rendered":"El cerco a Chiquinando, pol\u00edtico, no sanitario"},"content":{"rendered":"<p><strong>Ricardo Ch\u00faa<\/strong><\/p>\n<p>OJO&#8230; La grave ca\u00edda que ha tenido ante la opini\u00f3n p\u00fablica el gobierno de Cuitl\u00e1uhac Garc\u00eda en Veracruz.. No lo logr\u00f3, ni la recesi\u00f3n econ\u00f3mica, ni siquiera la delincuencia organizada que opera en la entidad&#8230; NO&#8230; Lo que lo hizo caer fue la INACCI\u00d3N de su administraci\u00f3n para enfrentar el problema que genera la presencia del \u00abCoronavirus\u00bb en la entidad&#8230; Lo mal tratado de este tema, lo doblo&#8230; Los anuncios de ayer sobre la suspensi\u00f3n de clases&#8230; No lo ayud\u00f3 mucho&#8230; El da\u00f1o estaba hecho&#8230;.<\/p>\n<p>Lo que no fue capaz de lograr las masacres de MInatitlan y Coatzacoalcos del 2019&#8230; El incendi\u00f3 del mercado y el \u00abestado de sitio\u00bb de C\u00f3rdoba hace unas semanas&#8230; Las ejecuciones y cr\u00edmenes de pol\u00edticos priistas y panistas.. La violencia desatada en carreteras veracruzanas, los feminicidios, secuestros, \u00ablevantones\u00bb y asesinatos desde que es gobierno&#8230; Vamos ni las protestas y marchas de mujeres la semana pasada&#8230; Logr\u00f3 DOBLAR a Cuitl\u00e1huac Garc\u00eda como lo hizo el \u00abCoronaVirus\u00bb&#8230; Es la pandemia DESTRUCTORA de MORENA&#8230;<\/p>\n<p>Esto debido a que el gobernador veracruzano carece en pol\u00edtica&#8230; De cuestiones fundamentales f\u00edsicas&#8230;. No se le ve con buenos reflejos, ni agilidad de un hombre de 50 a\u00f1os, es lento&#8230; Se volvi\u00f3 como L\u00f3pez Obrador, muy necio y terco&#8230; Criticando a Duarte y a Yunes ech\u00e1ndoles la culpa de todo&#8230; Hoy todo eso tiene a Cuitl\u00e1huac en la \u00ablona\u00bb pol\u00edtica y sus excesos verborreicos, \u00ablo ataron\u00bb&#8230; El Coronavirus es el culpable de la suerte de Cuitl\u00e1uhac&#8230;. Y esta echada&#8230; En diciembre pr\u00f3ximo se vera, si \u00e9l logro \u00absuperar\u00bb el virus&#8230;. AMEN..<\/p>\n<p>CUITL\u00c1HUAC, EL ARREBATE&#8230; Atrapado por la enfermedad de \u00abCoronavirus\u00bb y despu\u00e9s de un fatal fin de semana para su gobierno&#8230; Donde fue acusado de REPRESOR POL\u00cdTICO por haberle dado \u00abmacanazos\u00bb y no abrazos a l\u00edderes ind\u00edgenas en \u00abLa Cumbre Taj\u00edn\u00bb y el haberla suspendido para evitar \u00abla propagaci\u00f3n\u00bb de este mal (algunos dicen que fue por el fracaso del evento y otros por las cr\u00edticas de la madriza a ind\u00edgenas)&#8230; Cuitl\u00e1huac Garc\u00eda decide suspender tambi\u00e9n clases en Veracruz y Boca del R\u00edo&#8230; Pero fue una decisi\u00f3n pol\u00edtica, no sanitaria&#8230;<\/p>\n<p>Despu\u00e9s de darse cuenta que los bonos de su persona y su gobierno bajaban porque no se tomaban las medidas sanitarias ante el Coronavirus&#8230; Cuitl\u00e1huac quiso hacer una estrategia maestra y \u00abmatar a tres p\u00e1jaros de un tiro\u00bb&#8230; Y ocup\u00f3 a uno de los suyos para evitar que esta enfermedad, sumiera m\u00e1s a su administraci\u00f3n en el descr\u00e9dito como lo est\u00e1 viviendo, en este momento, Andr\u00e9s Manuel L\u00f3pez Obrador&#8230; A ambos les est\u00e1 yendo como en feria&#8230; Esta si es su peor crisis en los 16 meses que tienen en el poder&#8230;<\/p>\n<p>Cuitl\u00e1huac Garc\u00eda ocup\u00f3 a Zenyazen Escobar, su titular de la SEV, al cual quiso ponerlo como el m\u00e1s \u00abcarb\u00f3n\u00bb de sus funcionarios porque como m\u00e1xima autoridad educativa en Veracruz, se adelantaba al gobierno federal en suspender clases en Veracruz-Boca del R\u00edo, para evitar que se propagara este mal&#8230; Y es que al escuchar hablar a \u00abTarz\u00e1n Boy\u00bb, al cual no se le pod\u00eda entender bien en la rueda de prensa porque es obvio que no puede articular una frase coherente&#8230; La decisi\u00f3n la tom\u00f3 para \u00abAISLAR\u00bb a Fernando Yunes M\u00e1rquez&#8230;<\/p>\n<p>Pero esa no fue la \u00fanica raz\u00f3n&#8230; Ya que Cuitl\u00e1huac no pudo contener la aparici\u00f3n medi\u00e1tica de Ram\u00f3n G\u00f3mez Barqu\u00edn, el empresario porte\u00f1o, que reconoci\u00f3 en entrevistas radiof\u00f3nicas que su hija era portadora del virus y estaba enferma despu\u00e9s de pruebas en cl\u00ednicas particulares.. El mismo ratific\u00f3 sus mensajes en redes sociales del domingo&#8230; Es decir, la sociedad consiente rebas\u00f3 a su gobierno&#8230; Y lo que no hizo todo el fin de semana por este mal&#8230; Al final se vio presionado porque el virus ya est\u00e1 en Veracruz&#8230;.<\/p>\n<p>As\u00ed que el hecho de que el Gobernador haya decidido hacer este \u00abcerco sanitario\u00bb en escuelas de Veracruz y Boca del R\u00edo suspendiendo clases, donde se unieron colegios particulares y la Universidad Veracruzana&#8230; Fue primero que nada para que no se vaya a presentar un sin n\u00famero de casos en el puerto y que Fernando Yunes, les pudiera dar \u00aben toda la torre\u00bb porque Cuitl\u00e1huac y su gobierno no fueron previsores del contagio&#8230; Ya hasta hab\u00edan criticado que permiti\u00f3 un torneo de karate en el auditorio \u00abBenito Ju\u00e1rez\u00bb&#8230;.<\/p>\n<p>Quiz\u00e1s por ello, no quisieron correr m\u00e1s riesgos, que el alcalde porte\u00f1o haya anunciado suspensi\u00f3n de actividades desde el viernes pasado para evitar el mal&#8230; Y Cuitl\u00e1huac no haya dicho nada&#8230; Se qued\u00f3 callado sobre el tema este fin de semana&#8230; Se imaginan que entre los ni\u00f1os que participaron en este torneo de karate, salga alguno enfermo de este mal&#8230; El Gober no se la iba a acabar&#8230;. Ya era un peligro eminente el seguir permitiendo eventos&#8230;<\/p>\n<p>Esto aunado a la aparici\u00f3n del PRIMER CASO de esta enfermedad entre un miembro de la clase empresarial en esta conurbaci\u00f3n&#8230; Tampoco ser\u00eda una buena publicidad para su administraci\u00f3n&#8230; Por ello, tambi\u00e9n decidieron parar en actividades escolares&#8230;. Y con eso le ponen un \u00abfreno\u00bb a Yunes M\u00e1rquez, lo intentan aislar, y detener el crecimiento de su figura pol\u00edtica, que desde el viernes pasado tom\u00f3 decisiones en beneficio de su poblaci\u00f3n y Cuitl\u00e1huac se qued\u00f3 completamente callado y permiti\u00f3 \u00abLa Cumbre Taj\u00edn\u00bb&#8230;<\/p>\n<p>Pero en el tema de Fernando Yunes el \u00abaislarlo\u00bb es una acci\u00f3n al \u00abfilo de la navaja\u00bb porque lo pueden fortalecer ya que el viernes fue el que dio el \u00abprimer golpe\u00bb de este caso&#8230; Adem\u00e1s \u00e9l s\u00f3lo est\u00e1 a la espera de lo que pueda pasar, no s\u00f3lo en el puerto sino en todo el Estado, sobre el Coronavirus&#8230;. Ya que con el primero que aparezca por alg\u00fan evento auspiciado por el gobierno estatal&#8230; El podr\u00e1 argumentar: \u00abYa ven, se los dije\u00bb&#8230; Con todo y Coronavirus la \u00abguerra\u00bb por el 2021 ya empez\u00f3.. Y ya tienen a Cuitl\u00e1huac demasiado \u00abgolpeado\u00bb&#8230;<\/p>\n","protected":false},"excerpt":{"rendered":"<p>Ricardo Ch\u00faa OJO&#8230; La grave ca\u00edda que ha tenido ante la opini\u00f3n p\u00fablica el gobierno de Cuitl\u00e1uhac Garc\u00eda en Veracruz.. No lo logr\u00f3, ni la recesi\u00f3n econ\u00f3mica, ni siquiera la delincuencia organizada que opera en la entidad&#8230; NO&#8230; Lo que lo hizo caer fue la INACCI\u00d3N de su administraci\u00f3n para enfrentar el problema que genera [&hellip;]<\/p>\n","protected":false},"author":2,"featured_media":0,"comment_status":"open","ping_status":"open","sticky":false,"template":"","format":"standard","meta":{"tdm_status":"","tdm_grid_status":"","footnotes":""},"categories":[70],"tags":[618,601,16985,371,751,16264,1563,818,373,1026,16981,13604,13098,219,195],"class_list":{"0":"post-53485","1":"post","2":"type-post","3":"status-publish","4":"format-standard","6":"category-de-opinion","7":"tag-andres-manuel-lopez-obrador","8":"tag-boca-del-rio","9":"tag-cerco-sanitario","10":"tag-coatzacoalcos","11":"tag-cordoba","12":"tag-coronavirus","13":"tag-cuitlahuac-garcia-jimenez","14":"tag-fernando-yunes-marquez","15":"tag-minatitlan","16":"tag-morena","17":"tag-ramon-gomez-barquin","18":"tag-ricardo-chua","19":"tag-tarzan-boy","20":"tag-universidad-veracruzana","21":"tag-veracruz"},"yoast_head":"<!-- This site is optimized with the Yoast SEO plugin v27.4 - https:\/\/yoast.com\/product\/yoast-seo-wordpress\/ -->\n<title>El cerco a Chiquinando, pol\u00edtico, no sanitario - Los pol\u00edticos Veracruz<\/title>\n<meta name=\"robots\" content=\"index, follow, max-snippet:-1, max-image-preview:large, max-video-preview:-1\" \/>\n<link rel=\"canonical\" href=\"https:\/\/lospoliticosveracruz.com\/?p=53485\" \/>\n<meta property=\"og:locale\" content=\"es_ES\" \/>\n<meta property=\"og:type\" content=\"article\" \/>\n<meta property=\"og:title\" content=\"El cerco a Chiquinando, pol\u00edtico, no sanitario - Los pol\u00edticos Veracruz\" \/>\n<meta property=\"og:description\" content=\"Ricardo Ch\u00faa OJO&#8230; La grave ca\u00edda que ha tenido ante la opini\u00f3n p\u00fablica el gobierno de Cuitl\u00e1uhac Garc\u00eda en Veracruz.. No lo logr\u00f3, ni la recesi\u00f3n econ\u00f3mica, ni siquiera la delincuencia organizada que opera en la entidad&#8230; NO&#8230; Lo que lo hizo caer fue la INACCI\u00d3N de su administraci\u00f3n para enfrentar el problema que genera [&hellip;]\" \/>\n<meta property=\"og:url\" content=\"https:\/\/lospoliticosveracruz.com\/?p=53485\" \/>\n<meta property=\"og:site_name\" content=\"Los pol\u00edticos Veracruz\" \/>\n<meta property=\"article:publisher\" content=\"https:\/\/www.facebook.com\/people\/Notimemes-de-los-Polticos\/61565672886568\/\" \/>\n<meta property=\"article:published_time\" content=\"2020-03-17T15:03:52+00:00\" \/>\n<meta property=\"article:modified_time\" content=\"2020-03-17T15:04:23+00:00\" \/>\n<meta property=\"og:image\" content=\"https:\/\/lospoliticosveracruz.com\/wp-content\/uploads\/2016\/07\/Logo-Dor.jpg\" \/>\n\t<meta property=\"og:image:width\" content=\"200\" \/>\n\t<meta property=\"og:image:height\" content=\"200\" \/>\n\t<meta property=\"og:image:type\" content=\"image\/jpeg\" \/>\n<meta name=\"author\" content=\"Lo viste en Los Pol\u00edticos\" \/>\n<meta name=\"twitter:card\" content=\"summary_large_image\" \/>\n<meta name=\"twitter:creator\" content=\"@LosPoliticosVer\" \/>\n<meta name=\"twitter:site\" content=\"@LosPoliticosVer\" \/>\n<meta name=\"twitter:label1\" content=\"Escrito por\" \/>\n\t<meta name=\"twitter:data1\" content=\"Lo viste en Los Pol\u00edticos\" \/>\n\t<meta name=\"twitter:label2\" content=\"Tiempo de lectura\" \/>\n\t<meta name=\"twitter:data2\" content=\"5 minutos\" \/>\n<script type=\"application\/ld+json\" class=\"yoast-schema-graph\">{\"@context\":\"https:\\\/\\\/schema.org\",\"@graph\":[{\"@type\":\"Article\",\"@id\":\"https:\\\/\\\/lospoliticosveracruz.com\\\/?p=53485#article\",\"isPartOf\":{\"@id\":\"https:\\\/\\\/lospoliticosveracruz.com\\\/?p=53485\"},\"author\":{\"name\":\"Lo viste en Los Pol\u00edticos\",\"@id\":\"https:\\\/\\\/lospoliticosveracruz.com\\\/#\\\/schema\\\/person\\\/b8702bb0e538456e6efd07080bf2a4a2\"},\"headline\":\"El cerco a Chiquinando, pol\u00edtico, no sanitario\",\"datePublished\":\"2020-03-17T15:03:52+00:00\",\"dateModified\":\"2020-03-17T15:04:23+00:00\",\"mainEntityOfPage\":{\"@id\":\"https:\\\/\\\/lospoliticosveracruz.com\\\/?p=53485\"},\"wordCount\":1067,\"commentCount\":0,\"publisher\":{\"@id\":\"https:\\\/\\\/lospoliticosveracruz.com\\\/#organization\"},\"keywords\":[\"Andr\u00e9s Manuel L\u00f3pez Obrador\",\"Boca del R\u00edo\",\"cerco sanitario\",\"Coatzacoalcos\",\"C\u00f3rdoba\",\"coronavirus\",\"Cuitl\u00e1huac Garc\u00eda Jim\u00e9nez\",\"Fernando Yunes M\u00e1rquez\",\"Minatitl\u00e1n\",\"Morena\",\"Ram\u00f3n G\u00f3mez Barqu\u00edn\",\"Ricardo Ch\u00faa\",\"Tarzan Boy\",\"Universidad Veracruzana\",\"Veracruz\"],\"articleSection\":[\"De Opini\u00f3n\"],\"inLanguage\":\"es\",\"potentialAction\":[{\"@type\":\"CommentAction\",\"name\":\"Comment\",\"target\":[\"https:\\\/\\\/lospoliticosveracruz.com\\\/?p=53485#respond\"]}]},{\"@type\":\"WebPage\",\"@id\":\"https:\\\/\\\/lospoliticosveracruz.com\\\/?p=53485\",\"url\":\"https:\\\/\\\/lospoliticosveracruz.com\\\/?p=53485\",\"name\":\"El cerco a Chiquinando, pol\u00edtico, no sanitario - Los pol\u00edticos Veracruz\",\"isPartOf\":{\"@id\":\"https:\\\/\\\/lospoliticosveracruz.com\\\/#website\"},\"datePublished\":\"2020-03-17T15:03:52+00:00\",\"dateModified\":\"2020-03-17T15:04:23+00:00\",\"breadcrumb\":{\"@id\":\"https:\\\/\\\/lospoliticosveracruz.com\\\/?p=53485#breadcrumb\"},\"inLanguage\":\"es\",\"potentialAction\":[{\"@type\":\"ReadAction\",\"target\":[\"https:\\\/\\\/lospoliticosveracruz.com\\\/?p=53485\"]}]},{\"@type\":\"BreadcrumbList\",\"@id\":\"https:\\\/\\\/lospoliticosveracruz.com\\\/?p=53485#breadcrumb\",\"itemListElement\":[{\"@type\":\"ListItem\",\"position\":1,\"name\":\"Portada\",\"item\":\"https:\\\/\\\/lospoliticosveracruz.com\\\/\"},{\"@type\":\"ListItem\",\"position\":2,\"name\":\"El cerco a Chiquinando, pol\u00edtico, no sanitario\"}]},{\"@type\":\"WebSite\",\"@id\":\"https:\\\/\\\/lospoliticosveracruz.com\\\/#website\",\"url\":\"https:\\\/\\\/lospoliticosveracruz.com\\\/\",\"name\":\"Los pol\u00edticos Veracruz\",\"description\":\"\",\"publisher\":{\"@id\":\"https:\\\/\\\/lospoliticosveracruz.com\\\/#organization\"},\"potentialAction\":[{\"@type\":\"SearchAction\",\"target\":{\"@type\":\"EntryPoint\",\"urlTemplate\":\"https:\\\/\\\/lospoliticosveracruz.com\\\/?s={search_term_string}\"},\"query-input\":{\"@type\":\"PropertyValueSpecification\",\"valueRequired\":true,\"valueName\":\"search_term_string\"}}],\"inLanguage\":\"es\"},{\"@type\":\"Organization\",\"@id\":\"https:\\\/\\\/lospoliticosveracruz.com\\\/#organization\",\"name\":\"Los pol\u00edticos Veracruz\",\"url\":\"https:\\\/\\\/lospoliticosveracruz.com\\\/\",\"logo\":{\"@type\":\"ImageObject\",\"inLanguage\":\"es\",\"@id\":\"https:\\\/\\\/lospoliticosveracruz.com\\\/#\\\/schema\\\/logo\\\/image\\\/\",\"url\":\"https:\\\/\\\/lospoliticosveracruz.com\\\/wp-content\\\/uploads\\\/2025\\\/12\\\/Logo-Nuevo-LOS-POLITICOS-1.jpg\",\"contentUrl\":\"https:\\\/\\\/lospoliticosveracruz.com\\\/wp-content\\\/uploads\\\/2025\\\/12\\\/Logo-Nuevo-LOS-POLITICOS-1.jpg\",\"width\":260,\"height\":70,\"caption\":\"Los pol\u00edticos Veracruz\"},\"image\":{\"@id\":\"https:\\\/\\\/lospoliticosveracruz.com\\\/#\\\/schema\\\/logo\\\/image\\\/\"},\"sameAs\":[\"https:\\\/\\\/www.facebook.com\\\/people\\\/Notimemes-de-los-Polticos\\\/61565672886568\\\/\",\"https:\\\/\\\/x.com\\\/LosPoliticosVer\"]},{\"@type\":\"Person\",\"@id\":\"https:\\\/\\\/lospoliticosveracruz.com\\\/#\\\/schema\\\/person\\\/b8702bb0e538456e6efd07080bf2a4a2\",\"name\":\"Lo viste en Los Pol\u00edticos\",\"image\":{\"@type\":\"ImageObject\",\"inLanguage\":\"es\",\"@id\":\"https:\\\/\\\/secure.gravatar.com\\\/avatar\\\/3a8de04a2656d44082be478bd6c086daa447c4651605818287b9532d3d0bd435?s=96&d=mm&r=g\",\"url\":\"https:\\\/\\\/secure.gravatar.com\\\/avatar\\\/3a8de04a2656d44082be478bd6c086daa447c4651605818287b9532d3d0bd435?s=96&d=mm&r=g\",\"contentUrl\":\"https:\\\/\\\/secure.gravatar.com\\\/avatar\\\/3a8de04a2656d44082be478bd6c086daa447c4651605818287b9532d3d0bd435?s=96&d=mm&r=g\",\"caption\":\"Lo viste en Los Pol\u00edticos\"},\"url\":\"https:\\\/\\\/lospoliticosveracruz.com\\\/?author=2\"}]}<\/script>\n<!-- \/ Yoast SEO plugin. -->","yoast_head_json":{"title":"El cerco a Chiquinando, pol\u00edtico, no sanitario - Los pol\u00edticos Veracruz","robots":{"index":"index","follow":"follow","max-snippet":"max-snippet:-1","max-image-preview":"max-image-preview:large","max-video-preview":"max-video-preview:-1"},"canonical":"https:\/\/lospoliticosveracruz.com\/?p=53485","og_locale":"es_ES","og_type":"article","og_title":"El cerco a Chiquinando, pol\u00edtico, no sanitario - Los pol\u00edticos Veracruz","og_description":"Ricardo Ch\u00faa OJO&#8230; La grave ca\u00edda que ha tenido ante la opini\u00f3n p\u00fablica el gobierno de Cuitl\u00e1uhac Garc\u00eda en Veracruz.. No lo logr\u00f3, ni la recesi\u00f3n econ\u00f3mica, ni siquiera la delincuencia organizada que opera en la entidad&#8230; NO&#8230; Lo que lo hizo caer fue la INACCI\u00d3N de su administraci\u00f3n para enfrentar el problema que genera [&hellip;]","og_url":"https:\/\/lospoliticosveracruz.com\/?p=53485","og_site_name":"Los pol\u00edticos Veracruz","article_publisher":"https:\/\/www.facebook.com\/people\/Notimemes-de-los-Polticos\/61565672886568\/","article_published_time":"2020-03-17T15:03:52+00:00","article_modified_time":"2020-03-17T15:04:23+00:00","og_image":[{"width":200,"height":200,"url":"https:\/\/lospoliticosveracruz.com\/wp-content\/uploads\/2016\/07\/Logo-Dor.jpg","type":"image\/jpeg"}],"author":"Lo viste en Los Pol\u00edticos","twitter_card":"summary_large_image","twitter_creator":"@LosPoliticosVer","twitter_site":"@LosPoliticosVer","twitter_misc":{"Escrito por":"Lo viste en Los Pol\u00edticos","Tiempo de lectura":"5 minutos"},"schema":{"@context":"https:\/\/schema.org","@graph":[{"@type":"Article","@id":"https:\/\/lospoliticosveracruz.com\/?p=53485#article","isPartOf":{"@id":"https:\/\/lospoliticosveracruz.com\/?p=53485"},"author":{"name":"Lo viste en Los Pol\u00edticos","@id":"https:\/\/lospoliticosveracruz.com\/#\/schema\/person\/b8702bb0e538456e6efd07080bf2a4a2"},"headline":"El cerco a Chiquinando, pol\u00edtico, no sanitario","datePublished":"2020-03-17T15:03:52+00:00","dateModified":"2020-03-17T15:04:23+00:00","mainEntityOfPage":{"@id":"https:\/\/lospoliticosveracruz.com\/?p=53485"},"wordCount":1067,"commentCount":0,"publisher":{"@id":"https:\/\/lospoliticosveracruz.com\/#organization"},"keywords":["Andr\u00e9s Manuel L\u00f3pez Obrador","Boca del R\u00edo","cerco sanitario","Coatzacoalcos","C\u00f3rdoba","coronavirus","Cuitl\u00e1huac Garc\u00eda Jim\u00e9nez","Fernando Yunes M\u00e1rquez","Minatitl\u00e1n","Morena","Ram\u00f3n G\u00f3mez Barqu\u00edn","Ricardo Ch\u00faa","Tarzan Boy","Universidad Veracruzana","Veracruz"],"articleSection":["De Opini\u00f3n"],"inLanguage":"es","potentialAction":[{"@type":"CommentAction","name":"Comment","target":["https:\/\/lospoliticosveracruz.com\/?p=53485#respond"]}]},{"@type":"WebPage","@id":"https:\/\/lospoliticosveracruz.com\/?p=53485","url":"https:\/\/lospoliticosveracruz.com\/?p=53485","name":"El cerco a Chiquinando, pol\u00edtico, no sanitario - Los pol\u00edticos Veracruz","isPartOf":{"@id":"https:\/\/lospoliticosveracruz.com\/#website"},"datePublished":"2020-03-17T15:03:52+00:00","dateModified":"2020-03-17T15:04:23+00:00","breadcrumb":{"@id":"https:\/\/lospoliticosveracruz.com\/?p=53485#breadcrumb"},"inLanguage":"es","potentialAction":[{"@type":"ReadAction","target":["https:\/\/lospoliticosveracruz.com\/?p=53485"]}]},{"@type":"BreadcrumbList","@id":"https:\/\/lospoliticosveracruz.com\/?p=53485#breadcrumb","itemListElement":[{"@type":"ListItem","position":1,"name":"Portada","item":"https:\/\/lospoliticosveracruz.com\/"},{"@type":"ListItem","position":2,"name":"El cerco a Chiquinando, pol\u00edtico, no sanitario"}]},{"@type":"WebSite","@id":"https:\/\/lospoliticosveracruz.com\/#website","url":"https:\/\/lospoliticosveracruz.com\/","name":"Los pol\u00edticos Veracruz","description":"","publisher":{"@id":"https:\/\/lospoliticosveracruz.com\/#organization"},"potentialAction":[{"@type":"SearchAction","target":{"@type":"EntryPoint","urlTemplate":"https:\/\/lospoliticosveracruz.com\/?s={search_term_string}"},"query-input":{"@type":"PropertyValueSpecification","valueRequired":true,"valueName":"search_term_string"}}],"inLanguage":"es"},{"@type":"Organization","@id":"https:\/\/lospoliticosveracruz.com\/#organization","name":"Los pol\u00edticos Veracruz","url":"https:\/\/lospoliticosveracruz.com\/","logo":{"@type":"ImageObject","inLanguage":"es","@id":"https:\/\/lospoliticosveracruz.com\/#\/schema\/logo\/image\/","url":"https:\/\/lospoliticosveracruz.com\/wp-content\/uploads\/2025\/12\/Logo-Nuevo-LOS-POLITICOS-1.jpg","contentUrl":"https:\/\/lospoliticosveracruz.com\/wp-content\/uploads\/2025\/12\/Logo-Nuevo-LOS-POLITICOS-1.jpg","width":260,"height":70,"caption":"Los pol\u00edticos Veracruz"},"image":{"@id":"https:\/\/lospoliticosveracruz.com\/#\/schema\/logo\/image\/"},"sameAs":["https:\/\/www.facebook.com\/people\/Notimemes-de-los-Polticos\/61565672886568\/","https:\/\/x.com\/LosPoliticosVer"]},{"@type":"Person","@id":"https:\/\/lospoliticosveracruz.com\/#\/schema\/person\/b8702bb0e538456e6efd07080bf2a4a2","name":"Lo viste en Los Pol\u00edticos","image":{"@type":"ImageObject","inLanguage":"es","@id":"https:\/\/secure.gravatar.com\/avatar\/3a8de04a2656d44082be478bd6c086daa447c4651605818287b9532d3d0bd435?s=96&d=mm&r=g","url":"https:\/\/secure.gravatar.com\/avatar\/3a8de04a2656d44082be478bd6c086daa447c4651605818287b9532d3d0bd435?s=96&d=mm&r=g","contentUrl":"https:\/\/secure.gravatar.com\/avatar\/3a8de04a2656d44082be478bd6c086daa447c4651605818287b9532d3d0bd435?s=96&d=mm&r=g","caption":"Lo viste en Los Pol\u00edticos"},"url":"https:\/\/lospoliticosveracruz.com\/?author=2"}]}},"_links":{"self":[{"href":"https:\/\/lospoliticosveracruz.com\/index.php?rest_route=\/wp\/v2\/posts\/53485","targetHints":{"allow":["GET"]}}],"collection":[{"href":"https:\/\/lospoliticosveracruz.com\/index.php?rest_route=\/wp\/v2\/posts"}],"about":[{"href":"https:\/\/lospoliticosveracruz.com\/index.php?rest_route=\/wp\/v2\/types\/post"}],"author":[{"embeddable":true,"href":"https:\/\/lospoliticosveracruz.com\/index.php?rest_route=\/wp\/v2\/users\/2"}],"replies":[{"embeddable":true,"href":"https:\/\/lospoliticosveracruz.com\/index.php?rest_route=%2Fwp%2Fv2%2Fcomments&post=53485"}],"version-history":[{"count":2,"href":"https:\/\/lospoliticosveracruz.com\/index.php?rest_route=\/wp\/v2\/posts\/53485\/revisions"}],"predecessor-version":[{"id":53487,"href":"https:\/\/lospoliticosveracruz.com\/index.php?rest_route=\/wp\/v2\/posts\/53485\/revisions\/53487"}],"wp:attachment":[{"href":"https:\/\/lospoliticosveracruz.com\/index.php?rest_route=%2Fwp%2Fv2%2Fmedia&parent=53485"}],"wp:term":[{"taxonomy":"category","embeddable":true,"href":"https:\/\/lospoliticosveracruz.com\/index.php?rest_route=%2Fwp%2Fv2%2Fcategories&post=53485"},{"taxonomy":"post_tag","embeddable":true,"href":"https:\/\/lospoliticosveracruz.com\/index.php?rest_route=%2Fwp%2Fv2%2Ftags&post=53485"}],"curies":[{"name":"wp","href":"https:\/\/api.w.org\/{rel}","templated":true}]}}