{"id":53629,"date":"2020-03-21T10:50:45","date_gmt":"2020-03-21T16:50:45","guid":{"rendered":"http:\/\/www.lospoliticosveracruz.com.mx\/?p=53629"},"modified":"2020-03-21T10:50:45","modified_gmt":"2020-03-21T16:50:45","slug":"coronavirus-cuitlahuac-y-su-comala-zenyazen-y-su-mordida-de-polvo","status":"publish","type":"post","link":"https:\/\/lospoliticosveracruz.com\/?p=53629","title":{"rendered":"Coronavirus: Cuitl\u00e1huac y su \u00abComala\u00bb; Zenyazen y su mordida de polvo"},"content":{"rendered":"<p><strong>Ricardo Ch\u00faa<\/strong><\/p>\n<p><em>Sale y Vale<\/em><\/p>\n<p>OJO&#8230; Los memes sobre el Coronavirus estuvieron intensos durante ayer viernes&#8230; Y no s\u00f3lo en Veracruz sino en el pa\u00eds&#8230; Hubo muchos dedicados a L\u00f3pez Obrador, MORENA y Felipe Calder\u00f3n&#8230; Pero el que se llev\u00f3 \u00abla alfombra roja\u00bb y fue el m\u00e1s visto en redes sociales y grupos de \u00abguasap\u00bb es el dedicado al gobernador de Veracruz y el cual se cita textual: \u00abA los veracruzanos no nos va a dar Coronavirus porque nuestro Gobernador es Cuitl\u00e1huac y Dios no castiga dos veces\u00bb&#8230; AMEN Y DIOS NOS AGARRE CONFESADOS&#8230;<\/p>\n<p>CUITL\u00c1HUAC Y PEDRO PARAMO&#8230; Lo de arriba puede causar gracia y dar mucha pero mucha risa&#8230; Pero la realidad es que Cuitl\u00e1huac Garc\u00eda Jim\u00e9nez, es el gobernador de la \u00e9poca moderna de la tecnolog\u00eda, que vive la peor crisis de salud y econ\u00f3mica que se tenga memoria en la historia moderna de Veracruz&#8230; Puede ser que desde la \u00e9poca de la Revoluci\u00f3n Mexicana ning\u00fan gobernador hab\u00eda tenido un estado tan ca\u00f3tico por la par\u00e1lisis gubernamental&#8230; Ni Teodoro A Dehesa o Candido Aguilar la debieron haber vivido as\u00ed&#8230;<\/p>\n<p>Por eso si Cuitl\u00e1huac no act\u00faa como \u00abHombre de Estado\u00bb y se apoya en sectores productivos de Veracruz, al salir de la crisis sanitaria y econ\u00f3mica por la ca\u00edda del peso ante el d\u00f3lar aunado a la \u00abguerra\u00bb por los precios del petr\u00f3leo&#8230; Apenas se ir\u00e1 saliendo del Coronavirus, que no se sabe cu\u00e1nto dure la emergencia y se va entrar a lo que ocupara el primer plano de los graves conflictos que resolver: La crisis econ\u00f3mica y la peor recesi\u00f3n de Veracruz&#8230; Y \u00e9l es el gobernador&#8230;. Repetimos no Yunes, no Duarte&#8230;.<\/p>\n<p>As\u00ed que si el gobernador no toma la palabra a empresarios y empieza con SUSPENDER cobro de impuestos estatales como el 2 por ciento al hospedaje o 3 por ciento a la n\u00f3mina&#8230; Cuitl\u00e1huac saliendo de la contingencia tendr\u00e1 un Estado \u00abdesbastado y quebrado\u00bb&#8230; Si no hay actividad comercial, qui\u00e9n diablos resistir\u00e1 pago de impuestos&#8230;. El empresario cerrara y si puede sacara el dinero del pa\u00eds y ADI\u00d3S&#8230; Qui\u00e9n ser\u00e1 entonces la fuerza generadora de riqueza para sobrevivir econ\u00f3micamente&#8230; \u00bfEl estado?&#8230; \u00abNo mameyes en tiempo de aguacates\u00bb&#8230;<\/p>\n<p>Es hora de comportarse de manera sensata, de que si no toma medidas urgentes de ayuda a la fuerza productiva de la entidad&#8230; Veracruz se le caer\u00e1 en pedazos&#8230; Y no habr\u00e1 L\u00f3pez Obrador con su \u00abfuerza moral\u00bb que lo pueda salvar&#8230; Con qu\u00e9 dinero, si no tienen en el sector salud para las pruebas que detectan el Coronavirus&#8230; Qu\u00e9 har\u00e1 entonces cuando la recesi\u00f3n arrecie&#8230; De d\u00f3nde \u00abagarrara\u00bb dinero&#8230; Si anda amenazando a la clase empresarial&#8230; En vez de buscar acuerdos para que puedan salir juntos del problema&#8230;<\/p>\n<p>Ya de su gobierno estatal depende la suerte econ\u00f3mica de Veracruz&#8230; As\u00ed que si no toma las medidas correctas y empieza a dialogar con alcaldes para tomar medidas conjuntas&#8230; A esto se lo va a llevar el \u00abDiablo\u00bb&#8230; Es sabido que el DI\u00c1LOGO con OPOSITORES es algo de lo que carece su gobierno&#8230; Su \u00abborrachera del poder\u00bb por el mill\u00f3n 600 mil votos aun tienen a muchos en la \u00abpeda\u00bb pol\u00edtico-electoral&#8230; Pero la contingencia del Coronavirus, le vali\u00f3 madres los votos de MORENA y tiene al gobierno estatal agarrados de los \u00abtu\u00e9tanos\u00bb&#8230;<\/p>\n<p>Si no le bajan a la \u00absoberbia\u00bb y desd\u00e9n&#8230; No van a poder&#8230; Han demostrado incompetencia ante el dengue,c\u00e1ncer, desabasto de medicinas, gobernabilidad, seguridad, econom\u00eda y comercio&#8230; Creen qu\u00e9 puedan enfrentar al Coronavirus&#8230; Es momento de pedir ayuda, la sociedad ya los rebaso, los alcaldes y los actores pol\u00edticos y productivos de la entidad&#8230; Y de no hacerlo. Veracruz no ser\u00e1 \u00abSan Pedro de los Saguaros\u00bb de la \u00abLey d Herodes\u00bb sino \u00abComala\u00bb de Pedro Paramo&#8230; Y el papel de Juan Preciado lo tiene Cuitl\u00e1huac Garc\u00eda&#8230; CONSUMATUM EST&#8230;<\/p>\n<p>EL COVID DE ZENYANZEN&#8230; En la sede de la Secretar\u00eda de Educaci\u00f3n de Veracruz esta semana hubo severos conflictos entre sus funcionarios porque todo indica que en esta dependencia estatal, se present\u00f3 un caso \u00absospechoso\u00bb de Coronavirus y que la dependencia, ni el Doctor Zenya pudo aclarar&#8230; El PRESUNTO caso se dio en la Unidad de Planeaci\u00f3n, Evaluaci\u00f3n y Centro Educativo de la SEV, cuya sede esta en Torre Animas, y la supuesta contagiada de nombre Janeth \u00abN\u00bb estuvo laborando toda la semana con 30 personas m\u00e1s&#8230;<\/p>\n<p>Y es que el se\u00f1alamiento directo es para la hermana de la empleada Yaneth \u00abN\u00bb, que lleg\u00f3 del extranjero y que se supone que en CDMX dio positivo la prueba del COVID-19 pero que esta funcionaria de la SEV tuvo contacto con ella&#8230; Y que estaba adscrita a la oficina&#8230; Cierto o no&#8230; El problema fue cuando los empleados de la oficina increparon al titular de esta unidad de planeaci\u00f3n, Gilberto Corro Feria y no supo que hacer cuando le cuestionaban del tema&#8230;<\/p>\n<p>El asunto trascendi\u00f3 m\u00e1s cuando se dieron cuenta los empleados que las autoridades de la SEV y desde la oficina de \u00abTarz\u00e1n Boy\u00bb no sabe que MEDIDAS SANITARIAS tomar, pues, se puede decir que es el primer caso que se presenta as\u00ed donde un funcionario tuvo contacto con una persona contagiada&#8230; Y la Secretar\u00eda de Salud ni los toma en cuenta&#8230; Pero que se puee esperar si Zenyanzen s\u00f3lo le est\u00e1 cuidando las \u00abam\u00edgdalas\u00bb a Cuitl\u00e1huac Garcia y lo dem\u00e1s no importa&#8230;<\/p>\n<p>Ya que \u00abTarzan Boy\u00bb tuvo los \u00abtama\u00f1os\u00bb para reclamar y rega\u00f1ar a alcaldes que intentaran suspender clases de las escuelas p\u00fablicas y privadas de sus municipios&#8230; Por la emergencia sanitaria y que esto solo lo pod\u00eda hacer el gobernador&#8230;. Sin embargo, horas m\u00e1s tarde tuvo \u00abque morder el polvo\u00bb porque no le qued\u00f3 otra que anunciar esta medida porque el Coronavirus los hab\u00eda rebasado en todo&#8230; Y Zenyanzen se qued\u00f3 en el \u00abtubo&#8230; tubo\u00bb&#8230; DIOS SI PERDONA&#8230; EL CORONAVIRUS NO&#8230;<\/p>\n","protected":false},"excerpt":{"rendered":"<p>Ricardo Ch\u00faa Sale y Vale OJO&#8230; Los memes sobre el Coronavirus estuvieron intensos durante ayer viernes&#8230; Y no s\u00f3lo en Veracruz sino en el pa\u00eds&#8230; Hubo muchos dedicados a L\u00f3pez Obrador, MORENA y Felipe Calder\u00f3n&#8230; Pero el que se llev\u00f3 \u00abla alfombra roja\u00bb y fue el m\u00e1s visto en redes sociales y grupos de \u00abguasap\u00bb [&hellip;]<\/p>\n","protected":false},"author":2,"featured_media":0,"comment_status":"open","ping_status":"open","sticky":false,"template":"","format":"standard","meta":{"tdm_status":"","tdm_grid_status":"","footnotes":""},"categories":[70],"tags":[17040,16264,17045,17039,17044,1003,1026,17042,13604,17041,995,13098,17043,195],"class_list":{"0":"post-53629","1":"post","2":"type-post","3":"status-publish","4":"format-standard","6":"category-de-opinion","7":"tag-comala","8":"tag-coronavirus","9":"tag-gilberto-corro-feria","10":"tag-hombre-de-estado","11":"tag-janeth-n","12":"tag-lopez-obrador","13":"tag-morena","14":"tag-pedro-paramo","15":"tag-ricardo-chua","16":"tag-san-pedro-de-los-saguaros","17":"tag-secretaria-de-salud","18":"tag-tarzan-boy","19":"tag-torre-animas","20":"tag-veracruz"},"yoast_head":"<!-- This site is optimized with the Yoast SEO plugin v27.4 - https:\/\/yoast.com\/product\/yoast-seo-wordpress\/ -->\n<title>Coronavirus: Cuitl\u00e1huac y su &quot;Comala&quot;; Zenyazen y su mordida de polvo - Los pol\u00edticos Veracruz<\/title>\n<meta name=\"robots\" content=\"index, follow, max-snippet:-1, max-image-preview:large, max-video-preview:-1\" \/>\n<link rel=\"canonical\" href=\"https:\/\/lospoliticosveracruz.com\/?p=53629\" \/>\n<meta property=\"og:locale\" content=\"es_ES\" \/>\n<meta property=\"og:type\" content=\"article\" \/>\n<meta property=\"og:title\" content=\"Coronavirus: Cuitl\u00e1huac y su &quot;Comala&quot;; Zenyazen y su mordida de polvo - Los pol\u00edticos Veracruz\" \/>\n<meta property=\"og:description\" content=\"Ricardo Ch\u00faa Sale y Vale OJO&#8230; Los memes sobre el Coronavirus estuvieron intensos durante ayer viernes&#8230; Y no s\u00f3lo en Veracruz sino en el pa\u00eds&#8230; Hubo muchos dedicados a L\u00f3pez Obrador, MORENA y Felipe Calder\u00f3n&#8230; Pero el que se llev\u00f3 \u00abla alfombra roja\u00bb y fue el m\u00e1s visto en redes sociales y grupos de \u00abguasap\u00bb [&hellip;]\" \/>\n<meta property=\"og:url\" content=\"https:\/\/lospoliticosveracruz.com\/?p=53629\" \/>\n<meta property=\"og:site_name\" content=\"Los pol\u00edticos Veracruz\" \/>\n<meta property=\"article:publisher\" content=\"https:\/\/www.facebook.com\/people\/Notimemes-de-los-Polticos\/61565672886568\/\" \/>\n<meta property=\"article:published_time\" content=\"2020-03-21T16:50:45+00:00\" \/>\n<meta property=\"og:image\" content=\"https:\/\/lospoliticosveracruz.com\/wp-content\/uploads\/2016\/07\/Logo-Dor.jpg\" \/>\n\t<meta property=\"og:image:width\" content=\"200\" \/>\n\t<meta property=\"og:image:height\" content=\"200\" \/>\n\t<meta property=\"og:image:type\" content=\"image\/jpeg\" \/>\n<meta name=\"author\" content=\"Lo viste en Los Pol\u00edticos\" \/>\n<meta name=\"twitter:card\" content=\"summary_large_image\" \/>\n<meta name=\"twitter:creator\" content=\"@LosPoliticosVer\" \/>\n<meta name=\"twitter:site\" content=\"@LosPoliticosVer\" \/>\n<meta name=\"twitter:label1\" content=\"Escrito por\" \/>\n\t<meta name=\"twitter:data1\" content=\"Lo viste en Los Pol\u00edticos\" \/>\n\t<meta name=\"twitter:label2\" content=\"Tiempo de lectura\" \/>\n\t<meta name=\"twitter:data2\" content=\"5 minutos\" \/>\n<script type=\"application\/ld+json\" class=\"yoast-schema-graph\">{\"@context\":\"https:\\\/\\\/schema.org\",\"@graph\":[{\"@type\":\"Article\",\"@id\":\"https:\\\/\\\/lospoliticosveracruz.com\\\/?p=53629#article\",\"isPartOf\":{\"@id\":\"https:\\\/\\\/lospoliticosveracruz.com\\\/?p=53629\"},\"author\":{\"name\":\"Lo viste en Los Pol\u00edticos\",\"@id\":\"https:\\\/\\\/lospoliticosveracruz.com\\\/#\\\/schema\\\/person\\\/b8702bb0e538456e6efd07080bf2a4a2\"},\"headline\":\"Coronavirus: Cuitl\u00e1huac y su \u00abComala\u00bb; Zenyazen y su mordida de polvo\",\"datePublished\":\"2020-03-21T16:50:45+00:00\",\"mainEntityOfPage\":{\"@id\":\"https:\\\/\\\/lospoliticosveracruz.com\\\/?p=53629\"},\"wordCount\":1039,\"commentCount\":0,\"publisher\":{\"@id\":\"https:\\\/\\\/lospoliticosveracruz.com\\\/#organization\"},\"keywords\":[\"Comala\",\"coronavirus\",\"Gilberto Corro Feria\",\"Hombre de Estado\",\"Janeth N\",\"L\u00f3pez Obrador\",\"Morena\",\"Pedro P\u00e1ramo\",\"Ricardo Ch\u00faa\",\"San Pedro de los Saguaros\",\"Secretar\u00eda de Salud\",\"Tarzan Boy\",\"Torre Animas\",\"Veracruz\"],\"articleSection\":[\"De Opini\u00f3n\"],\"inLanguage\":\"es\",\"potentialAction\":[{\"@type\":\"CommentAction\",\"name\":\"Comment\",\"target\":[\"https:\\\/\\\/lospoliticosveracruz.com\\\/?p=53629#respond\"]}]},{\"@type\":\"WebPage\",\"@id\":\"https:\\\/\\\/lospoliticosveracruz.com\\\/?p=53629\",\"url\":\"https:\\\/\\\/lospoliticosveracruz.com\\\/?p=53629\",\"name\":\"Coronavirus: Cuitl\u00e1huac y su \\\"Comala\\\"; Zenyazen y su mordida de polvo - Los pol\u00edticos Veracruz\",\"isPartOf\":{\"@id\":\"https:\\\/\\\/lospoliticosveracruz.com\\\/#website\"},\"datePublished\":\"2020-03-21T16:50:45+00:00\",\"breadcrumb\":{\"@id\":\"https:\\\/\\\/lospoliticosveracruz.com\\\/?p=53629#breadcrumb\"},\"inLanguage\":\"es\",\"potentialAction\":[{\"@type\":\"ReadAction\",\"target\":[\"https:\\\/\\\/lospoliticosveracruz.com\\\/?p=53629\"]}]},{\"@type\":\"BreadcrumbList\",\"@id\":\"https:\\\/\\\/lospoliticosveracruz.com\\\/?p=53629#breadcrumb\",\"itemListElement\":[{\"@type\":\"ListItem\",\"position\":1,\"name\":\"Portada\",\"item\":\"https:\\\/\\\/lospoliticosveracruz.com\\\/\"},{\"@type\":\"ListItem\",\"position\":2,\"name\":\"Coronavirus: Cuitl\u00e1huac y su \u00abComala\u00bb; Zenyazen y su mordida de polvo\"}]},{\"@type\":\"WebSite\",\"@id\":\"https:\\\/\\\/lospoliticosveracruz.com\\\/#website\",\"url\":\"https:\\\/\\\/lospoliticosveracruz.com\\\/\",\"name\":\"Los pol\u00edticos Veracruz\",\"description\":\"\",\"publisher\":{\"@id\":\"https:\\\/\\\/lospoliticosveracruz.com\\\/#organization\"},\"potentialAction\":[{\"@type\":\"SearchAction\",\"target\":{\"@type\":\"EntryPoint\",\"urlTemplate\":\"https:\\\/\\\/lospoliticosveracruz.com\\\/?s={search_term_string}\"},\"query-input\":{\"@type\":\"PropertyValueSpecification\",\"valueRequired\":true,\"valueName\":\"search_term_string\"}}],\"inLanguage\":\"es\"},{\"@type\":\"Organization\",\"@id\":\"https:\\\/\\\/lospoliticosveracruz.com\\\/#organization\",\"name\":\"Los pol\u00edticos Veracruz\",\"url\":\"https:\\\/\\\/lospoliticosveracruz.com\\\/\",\"logo\":{\"@type\":\"ImageObject\",\"inLanguage\":\"es\",\"@id\":\"https:\\\/\\\/lospoliticosveracruz.com\\\/#\\\/schema\\\/logo\\\/image\\\/\",\"url\":\"https:\\\/\\\/lospoliticosveracruz.com\\\/wp-content\\\/uploads\\\/2025\\\/12\\\/Logo-Nuevo-LOS-POLITICOS-1.jpg\",\"contentUrl\":\"https:\\\/\\\/lospoliticosveracruz.com\\\/wp-content\\\/uploads\\\/2025\\\/12\\\/Logo-Nuevo-LOS-POLITICOS-1.jpg\",\"width\":260,\"height\":70,\"caption\":\"Los pol\u00edticos Veracruz\"},\"image\":{\"@id\":\"https:\\\/\\\/lospoliticosveracruz.com\\\/#\\\/schema\\\/logo\\\/image\\\/\"},\"sameAs\":[\"https:\\\/\\\/www.facebook.com\\\/people\\\/Notimemes-de-los-Polticos\\\/61565672886568\\\/\",\"https:\\\/\\\/x.com\\\/LosPoliticosVer\"]},{\"@type\":\"Person\",\"@id\":\"https:\\\/\\\/lospoliticosveracruz.com\\\/#\\\/schema\\\/person\\\/b8702bb0e538456e6efd07080bf2a4a2\",\"name\":\"Lo viste en Los Pol\u00edticos\",\"image\":{\"@type\":\"ImageObject\",\"inLanguage\":\"es\",\"@id\":\"https:\\\/\\\/secure.gravatar.com\\\/avatar\\\/3a8de04a2656d44082be478bd6c086daa447c4651605818287b9532d3d0bd435?s=96&d=mm&r=g\",\"url\":\"https:\\\/\\\/secure.gravatar.com\\\/avatar\\\/3a8de04a2656d44082be478bd6c086daa447c4651605818287b9532d3d0bd435?s=96&d=mm&r=g\",\"contentUrl\":\"https:\\\/\\\/secure.gravatar.com\\\/avatar\\\/3a8de04a2656d44082be478bd6c086daa447c4651605818287b9532d3d0bd435?s=96&d=mm&r=g\",\"caption\":\"Lo viste en Los Pol\u00edticos\"},\"url\":\"https:\\\/\\\/lospoliticosveracruz.com\\\/?author=2\"}]}<\/script>\n<!-- \/ Yoast SEO plugin. -->","yoast_head_json":{"title":"Coronavirus: Cuitl\u00e1huac y su \"Comala\"; Zenyazen y su mordida de polvo - Los pol\u00edticos Veracruz","robots":{"index":"index","follow":"follow","max-snippet":"max-snippet:-1","max-image-preview":"max-image-preview:large","max-video-preview":"max-video-preview:-1"},"canonical":"https:\/\/lospoliticosveracruz.com\/?p=53629","og_locale":"es_ES","og_type":"article","og_title":"Coronavirus: Cuitl\u00e1huac y su \"Comala\"; Zenyazen y su mordida de polvo - Los pol\u00edticos Veracruz","og_description":"Ricardo Ch\u00faa Sale y Vale OJO&#8230; Los memes sobre el Coronavirus estuvieron intensos durante ayer viernes&#8230; Y no s\u00f3lo en Veracruz sino en el pa\u00eds&#8230; Hubo muchos dedicados a L\u00f3pez Obrador, MORENA y Felipe Calder\u00f3n&#8230; Pero el que se llev\u00f3 \u00abla alfombra roja\u00bb y fue el m\u00e1s visto en redes sociales y grupos de \u00abguasap\u00bb [&hellip;]","og_url":"https:\/\/lospoliticosveracruz.com\/?p=53629","og_site_name":"Los pol\u00edticos Veracruz","article_publisher":"https:\/\/www.facebook.com\/people\/Notimemes-de-los-Polticos\/61565672886568\/","article_published_time":"2020-03-21T16:50:45+00:00","og_image":[{"width":200,"height":200,"url":"https:\/\/lospoliticosveracruz.com\/wp-content\/uploads\/2016\/07\/Logo-Dor.jpg","type":"image\/jpeg"}],"author":"Lo viste en Los Pol\u00edticos","twitter_card":"summary_large_image","twitter_creator":"@LosPoliticosVer","twitter_site":"@LosPoliticosVer","twitter_misc":{"Escrito por":"Lo viste en Los Pol\u00edticos","Tiempo de lectura":"5 minutos"},"schema":{"@context":"https:\/\/schema.org","@graph":[{"@type":"Article","@id":"https:\/\/lospoliticosveracruz.com\/?p=53629#article","isPartOf":{"@id":"https:\/\/lospoliticosveracruz.com\/?p=53629"},"author":{"name":"Lo viste en Los Pol\u00edticos","@id":"https:\/\/lospoliticosveracruz.com\/#\/schema\/person\/b8702bb0e538456e6efd07080bf2a4a2"},"headline":"Coronavirus: Cuitl\u00e1huac y su \u00abComala\u00bb; Zenyazen y su mordida de polvo","datePublished":"2020-03-21T16:50:45+00:00","mainEntityOfPage":{"@id":"https:\/\/lospoliticosveracruz.com\/?p=53629"},"wordCount":1039,"commentCount":0,"publisher":{"@id":"https:\/\/lospoliticosveracruz.com\/#organization"},"keywords":["Comala","coronavirus","Gilberto Corro Feria","Hombre de Estado","Janeth N","L\u00f3pez Obrador","Morena","Pedro P\u00e1ramo","Ricardo Ch\u00faa","San Pedro de los Saguaros","Secretar\u00eda de Salud","Tarzan Boy","Torre Animas","Veracruz"],"articleSection":["De Opini\u00f3n"],"inLanguage":"es","potentialAction":[{"@type":"CommentAction","name":"Comment","target":["https:\/\/lospoliticosveracruz.com\/?p=53629#respond"]}]},{"@type":"WebPage","@id":"https:\/\/lospoliticosveracruz.com\/?p=53629","url":"https:\/\/lospoliticosveracruz.com\/?p=53629","name":"Coronavirus: Cuitl\u00e1huac y su \"Comala\"; Zenyazen y su mordida de polvo - Los pol\u00edticos Veracruz","isPartOf":{"@id":"https:\/\/lospoliticosveracruz.com\/#website"},"datePublished":"2020-03-21T16:50:45+00:00","breadcrumb":{"@id":"https:\/\/lospoliticosveracruz.com\/?p=53629#breadcrumb"},"inLanguage":"es","potentialAction":[{"@type":"ReadAction","target":["https:\/\/lospoliticosveracruz.com\/?p=53629"]}]},{"@type":"BreadcrumbList","@id":"https:\/\/lospoliticosveracruz.com\/?p=53629#breadcrumb","itemListElement":[{"@type":"ListItem","position":1,"name":"Portada","item":"https:\/\/lospoliticosveracruz.com\/"},{"@type":"ListItem","position":2,"name":"Coronavirus: Cuitl\u00e1huac y su \u00abComala\u00bb; Zenyazen y su mordida de polvo"}]},{"@type":"WebSite","@id":"https:\/\/lospoliticosveracruz.com\/#website","url":"https:\/\/lospoliticosveracruz.com\/","name":"Los pol\u00edticos Veracruz","description":"","publisher":{"@id":"https:\/\/lospoliticosveracruz.com\/#organization"},"potentialAction":[{"@type":"SearchAction","target":{"@type":"EntryPoint","urlTemplate":"https:\/\/lospoliticosveracruz.com\/?s={search_term_string}"},"query-input":{"@type":"PropertyValueSpecification","valueRequired":true,"valueName":"search_term_string"}}],"inLanguage":"es"},{"@type":"Organization","@id":"https:\/\/lospoliticosveracruz.com\/#organization","name":"Los pol\u00edticos Veracruz","url":"https:\/\/lospoliticosveracruz.com\/","logo":{"@type":"ImageObject","inLanguage":"es","@id":"https:\/\/lospoliticosveracruz.com\/#\/schema\/logo\/image\/","url":"https:\/\/lospoliticosveracruz.com\/wp-content\/uploads\/2025\/12\/Logo-Nuevo-LOS-POLITICOS-1.jpg","contentUrl":"https:\/\/lospoliticosveracruz.com\/wp-content\/uploads\/2025\/12\/Logo-Nuevo-LOS-POLITICOS-1.jpg","width":260,"height":70,"caption":"Los pol\u00edticos Veracruz"},"image":{"@id":"https:\/\/lospoliticosveracruz.com\/#\/schema\/logo\/image\/"},"sameAs":["https:\/\/www.facebook.com\/people\/Notimemes-de-los-Polticos\/61565672886568\/","https:\/\/x.com\/LosPoliticosVer"]},{"@type":"Person","@id":"https:\/\/lospoliticosveracruz.com\/#\/schema\/person\/b8702bb0e538456e6efd07080bf2a4a2","name":"Lo viste en Los Pol\u00edticos","image":{"@type":"ImageObject","inLanguage":"es","@id":"https:\/\/secure.gravatar.com\/avatar\/3a8de04a2656d44082be478bd6c086daa447c4651605818287b9532d3d0bd435?s=96&d=mm&r=g","url":"https:\/\/secure.gravatar.com\/avatar\/3a8de04a2656d44082be478bd6c086daa447c4651605818287b9532d3d0bd435?s=96&d=mm&r=g","contentUrl":"https:\/\/secure.gravatar.com\/avatar\/3a8de04a2656d44082be478bd6c086daa447c4651605818287b9532d3d0bd435?s=96&d=mm&r=g","caption":"Lo viste en Los Pol\u00edticos"},"url":"https:\/\/lospoliticosveracruz.com\/?author=2"}]}},"_links":{"self":[{"href":"https:\/\/lospoliticosveracruz.com\/index.php?rest_route=\/wp\/v2\/posts\/53629","targetHints":{"allow":["GET"]}}],"collection":[{"href":"https:\/\/lospoliticosveracruz.com\/index.php?rest_route=\/wp\/v2\/posts"}],"about":[{"href":"https:\/\/lospoliticosveracruz.com\/index.php?rest_route=\/wp\/v2\/types\/post"}],"author":[{"embeddable":true,"href":"https:\/\/lospoliticosveracruz.com\/index.php?rest_route=\/wp\/v2\/users\/2"}],"replies":[{"embeddable":true,"href":"https:\/\/lospoliticosveracruz.com\/index.php?rest_route=%2Fwp%2Fv2%2Fcomments&post=53629"}],"version-history":[{"count":1,"href":"https:\/\/lospoliticosveracruz.com\/index.php?rest_route=\/wp\/v2\/posts\/53629\/revisions"}],"predecessor-version":[{"id":53631,"href":"https:\/\/lospoliticosveracruz.com\/index.php?rest_route=\/wp\/v2\/posts\/53629\/revisions\/53631"}],"wp:attachment":[{"href":"https:\/\/lospoliticosveracruz.com\/index.php?rest_route=%2Fwp%2Fv2%2Fmedia&parent=53629"}],"wp:term":[{"taxonomy":"category","embeddable":true,"href":"https:\/\/lospoliticosveracruz.com\/index.php?rest_route=%2Fwp%2Fv2%2Fcategories&post=53629"},{"taxonomy":"post_tag","embeddable":true,"href":"https:\/\/lospoliticosveracruz.com\/index.php?rest_route=%2Fwp%2Fv2%2Ftags&post=53629"}],"curies":[{"name":"wp","href":"https:\/\/api.w.org\/{rel}","templated":true}]}}