{"id":53695,"date":"2020-03-24T10:06:57","date_gmt":"2020-03-24T16:06:57","guid":{"rendered":"http:\/\/www.lospoliticosveracruz.com.mx\/?p=53695"},"modified":"2020-03-24T10:06:57","modified_gmt":"2020-03-24T16:06:57","slug":"dios-perdona-el-pueblo-no-cuitlahuac","status":"publish","type":"post","link":"https:\/\/lospoliticosveracruz.com\/?p=53695","title":{"rendered":"Dios Perdona, el pueblo no, Cuitl\u00e1huac"},"content":{"rendered":"<p><strong>Ricardo Ch\u00faa<\/strong><\/p>\n<p><em>Sale y Vale<\/em><\/p>\n<p>EL PANDEM\u00d3NIUM.. Estamos entrando a una etapa de contingencia en M\u00e9xico&#8230; Que de seguir la pandem\u00eda del \u00abCoronavirus\u00bb en dos semanas la misma pasar\u00e1 a segundo plano&#8230; Cuando se pare verdaderamente el sector productivo del pa\u00eds&#8230; Y la gente no tenga dinero ni para lo indispensable&#8230; El cierre de empresas (medianas y micros) es eminente ante la falta de actividad comercial y miles de empleados quedar\u00e1n en la calle y en sus casas, sus familias pedir\u00e1n de comer&#8230; \u00bfY c\u00f3mo le har\u00e1n?.. \u00bfQu\u00e9 opci\u00f3n les dejar\u00e1n?.. \u00bfLos saqueos?&#8230;<\/p>\n<p>Ser\u00e1 por eso que el gobierno federal ya habla de un Plan DNIII con el Ej\u00e9rcito y la Marina en las calles&#8230; Con un control total&#8230; Ya que el gobierno perdi\u00f3 la capacidad de \u00ababonar a la causa\u00bb y no quiere exentar impuestos, por lo menos estos meses que dura la crisis y darle apoyos a empresarios para que no los califiquen de \u00abneoliberales\u00bb&#8230; En Veracruz, Cuitl\u00e1huac Garc\u00eda esta en el mismo tenor que el Presidente&#8230; Imposible que le lleve la contraria&#8230;<\/p>\n<p>Pese a contracci\u00f3n econ\u00f3mica y la petici\u00f3n de ayuda de las c\u00e1maras empresariales&#8230; El gobernador dice NO a exentarles impuestos&#8230; En Veracruz hay que se\u00f1alar que fueron los empresarios los que \u00abbajaron sus cortinas\u00bb hace unos d\u00edas por decisi\u00f3n propia&#8230; S\u00f3lo este fin de semana que los gobiernos municipales se \u00abpusieron las pilas\u00bb y les dieron instrucciones de cerrar&#8230; El problema que comentan es: Cu\u00e1ndo van abrir y qui\u00e9n le dar\u00e1 esas indicaciones&#8230; Pero cu\u00e1l, ser\u00e1 el escenario para los negocios cuando vuelvan abrir en el Estado&#8230;<\/p>\n<p>Bajo que circunstancias abrir\u00e1n&#8230; Qu\u00e9 plan de \u00abemergencia\u00bb les puede ofrecer Cuitl\u00e1uhac Garc\u00eda, si ha dicho que no es su problema si cierran pese a la pandemia&#8230; Se enfrenta en vez de conciliar&#8230; Eso no lo hace un \u00abHombre de Estado\u00bb&#8230; La duda en Veracruz es c\u00f3mo van a incentivar la econom\u00eda para que la gente se active comercialmente y haya fuentes de empleo&#8230; Cuitl\u00e1huac Garc\u00eda les ha dicho a los empresarios que \u00abaguanten\u00bb que si cierran el problema es de ellos&#8230; Que se pongan la \u00abcamiseta\u00bb&#8230; Mira que chistoso..<\/p>\n<p>Pero la pregunta que vale: \u00bfY cuando se la pondr\u00e1 \u00e9l como gobernador con ellos, la clase empresarial de todos los niveles?&#8230; S\u00f3lo le est\u00e1n pidiendo que exente impuestos estatales durante la pandemia&#8230; No todo el a\u00f1o&#8230; Pero de nuevo le aparecer el \u00abPANDEM\u00d3NIUM\u00bb a Cuitl\u00e1huac&#8230; Ya que \u00e9l mientras se niega a celebrar acuerdos con el sector empresarial&#8230; El alcalde de Veracruz, Fernando Yunes, si lo hace y habla de exentarles impuestos municipales&#8230;<\/p>\n<p>Vamos ni Enrique Nach\u00f3n, de SEDECOP; dice nada, ni habla con ellos, se queda callado ante la decisi\u00f3n de Cuitl\u00e1huac&#8230; No los busca ni en \u00ablo oscurito\u00bb para menguar el tema y los empresarios dicen que no lo ven desde los tiempos que era el director del INVERVI con Duarte y Yunes&#8230; Cuando conviv\u00eda con ellos en fiestas de \u00abRicos y sabrosos\u00bb en la Riviera Veracruzana&#8230; Pero donde gobierna Olga S\u00e1nchez, no manda el gobernador de Veracruz&#8230; Y por eso, Fernando Yunes le gan\u00f3 el brinco&#8230;<\/p>\n<p>Tal como hace 10 d\u00edas que Yunes M\u00e1rquez puso el \u00abcerco sanitario\u00bb en el ayuntamiento de Veracruz&#8230; Antes que el gobierno estatal tomara esta medida y lo hizo ante la emergencia que el Coronavirus hab\u00eda alcanzado a Veracruz&#8230;Y que en su momento, L\u00f3pez Obrador y Cuitl\u00e1huac hab\u00edan desde\u00f1ado&#8230; Ahora le aplica la misma con la exenci\u00f3n de impuestos municipales&#8230; Mientras que Cuitl\u00e1huac sigue negando los estatales&#8230;<\/p>\n<p>Ahora entienden el por qu\u00e9 al gobernador de Veracruz poco le interesa la zona conurbada&#8230; Siempre le ganan \u00abel brinco\u00bb.. Los considera \u00abFifis\u00bb y como no votaron por \u00e9l&#8230; Mejor ni los toma en cuenta, pese a ser la clase empresarial m\u00e1s fuerte del Estado&#8230; Vamos hasta, Manuel Huerta \u00able juega m\u00e1s al vivo\u00bb que Cuitl\u00e1huac&#8230; Por lo menos, se relaciona con los alcaldes aunque sean del PAN&#8230; Por eso tiene m\u00e1s di\u00e1logo y recurren m\u00e1s a \u00e9l, que con el propio Cuitl\u00e1huac&#8230; Lo que pasa es que Huerta si sabe que: DIOS SI PERDONA, LA INICIATIVA PRIVADA NO&#8230;<\/p>\n<p>MONREAL VS CUITL\u00c1HUAC&#8230; A pesar de estar en medio de la contingencia sanitaria del Coronavirus&#8230; Al parecer el gobernador, Cuitl\u00e1huac Garc\u00eda ha abierto otro \u00abfrente\u00bb pol\u00edtico por la lucha por la dirigencia estatal de MORENA, en contra de \u00abhuestes\u00bb que representa el poderoso senador, Ricardo Monreal \u00c1vila, a trav\u00e9s de su suplente, Alejandro Rojas D\u00edaz Dur\u00e1n&#8230; Qui\u00e9n adem\u00e1s de buscar la presidencia nacional de este partido, se opuso p\u00fablicamente que Esteban Ram\u00edrez, se quede con el comit\u00e9 estatal en Veracruz&#8230;<\/p>\n<p>Hay que recordar que Esteban Ram\u00edrez, ex jefe de la Oficina del Gobernador de Veracruz, es impulsado por Cuitl\u00e1huac Garc\u00eda y su gabinete junto con diputados locales de su partido&#8230; Es a qui\u00e9n desean dejar el cargo de dirigente estatal&#8230; Situaci\u00f3n que no procede, por ser ilegal, ya que este ex funcionario no es Consejero Pol\u00edtico de MORENA, y es uno de los requisitos para ser l\u00edder de partido&#8230; En pocas palabras, no puede y un tribunal electoral lo desconocer\u00eda como presidente en funciones de los Morenos&#8230;<\/p>\n<p>En un v\u00eddeo hecho por Rojas D\u00edaz Dur\u00e1n y dado a conocer en redes sociales&#8230; Se\u00f1ala que la imposici\u00f3n hecha por el presidente provisional del CEN de MORENA, Alfonso Ram\u00edrez Cuellar de imponer a Esteban Ram\u00edrez como l\u00edder del CDE en una dirigencia que es \u00abpatito\u00bb es porque no tiene las facultades legales para hacerlo&#8230; Por eso pidi\u00f3 que militantes documentaran las denuncias que funcionarios estatales y diputados locales manipularon el evento a favor del ex funcionario&#8230; Es decir, de nuevo hay un desencuentro entre Monreal y Cuitl\u00e1huac&#8230; Qui\u00e9n ganar\u00e1.. Ja Ja Ja&#8230;<\/p>\n<p>El problema aqu\u00ed para el equipo de Monreal-Rojas D\u00edaz Duran&#8230; Es que tuvieron una reacci\u00f3n demasiado tard\u00eda&#8230; Ya que este aspirante a la dirigencia nacional no ha venido a Veracruz, desde hace meses&#8230; Lo que provoca que \u00e9l no tenga gente fuerte al interior del MORENA que respalden sus reclamos&#8230; Ah\u00ed es quiz\u00e1s donde puede llevar la de perder el equipo del senador, Ricardo Monreal&#8230; No es que Cuitl\u00e1huac sea un \u00abYunes Negro\u00bb en pol\u00edtica&#8230; Pero SANTO QUE NO ES VISTO, NO ES ADORADO&#8230; AMEN&#8230;<\/p>\n","protected":false},"excerpt":{"rendered":"<p>Ricardo Ch\u00faa Sale y Vale EL PANDEM\u00d3NIUM.. Estamos entrando a una etapa de contingencia en M\u00e9xico&#8230; Que de seguir la pandem\u00eda del \u00abCoronavirus\u00bb en dos semanas la misma pasar\u00e1 a segundo plano&#8230; Cuando se pare verdaderamente el sector productivo del pa\u00eds&#8230; Y la gente no tenga dinero ni para lo indispensable&#8230; El cierre de empresas [&hellip;]<\/p>\n","protected":false},"author":2,"featured_media":46370,"comment_status":"open","ping_status":"open","sticky":false,"template":"","format":"standard","meta":{"tdm_status":"","tdm_grid_status":"","footnotes":""},"categories":[70],"tags":[16264,1681,15936,17053,535,395,13604,14666,5102,195],"class_list":{"0":"post-53695","1":"post","2":"type-post","3":"status-publish","4":"format-standard","5":"has-post-thumbnail","7":"category-de-opinion","8":"tag-coronavirus","9":"tag-cuitlahuac-garcia","10":"tag-enrique-nachon","11":"tag-esteban-ramirez-zepeta","12":"tag-fernando-yunes","13":"tag-mexico","14":"tag-ricardo-chua","15":"tag-riviera-veracruzana","16":"tag-sedecop","17":"tag-veracruz"},"yoast_head":"<!-- This site is optimized with the Yoast SEO plugin v27.4 - https:\/\/yoast.com\/product\/yoast-seo-wordpress\/ -->\n<title>Dios Perdona, el pueblo no, Cuitl\u00e1huac - Los pol\u00edticos Veracruz<\/title>\n<meta name=\"robots\" content=\"index, follow, max-snippet:-1, max-image-preview:large, max-video-preview:-1\" \/>\n<link rel=\"canonical\" href=\"https:\/\/lospoliticosveracruz.com\/?p=53695\" \/>\n<meta property=\"og:locale\" content=\"es_ES\" \/>\n<meta property=\"og:type\" content=\"article\" \/>\n<meta property=\"og:title\" content=\"Dios Perdona, el pueblo no, Cuitl\u00e1huac - Los pol\u00edticos Veracruz\" \/>\n<meta property=\"og:description\" content=\"Ricardo Ch\u00faa Sale y Vale EL PANDEM\u00d3NIUM.. Estamos entrando a una etapa de contingencia en M\u00e9xico&#8230; Que de seguir la pandem\u00eda del \u00abCoronavirus\u00bb en dos semanas la misma pasar\u00e1 a segundo plano&#8230; Cuando se pare verdaderamente el sector productivo del pa\u00eds&#8230; Y la gente no tenga dinero ni para lo indispensable&#8230; El cierre de empresas [&hellip;]\" \/>\n<meta property=\"og:url\" content=\"https:\/\/lospoliticosveracruz.com\/?p=53695\" \/>\n<meta property=\"og:site_name\" content=\"Los pol\u00edticos Veracruz\" \/>\n<meta property=\"article:publisher\" content=\"https:\/\/www.facebook.com\/people\/Notimemes-de-los-Polticos\/61565672886568\/\" \/>\n<meta property=\"article:published_time\" content=\"2020-03-24T16:06:57+00:00\" \/>\n<meta property=\"og:image\" content=\"https:\/\/lospoliticosveracruz.com\/wp-content\/uploads\/2019\/01\/Cuitlahuac.jpg\" \/>\n\t<meta property=\"og:image:width\" content=\"600\" \/>\n\t<meta property=\"og:image:height\" content=\"424\" \/>\n\t<meta property=\"og:image:type\" content=\"image\/jpeg\" \/>\n<meta name=\"author\" content=\"Lo viste en Los Pol\u00edticos\" \/>\n<meta name=\"twitter:card\" content=\"summary_large_image\" \/>\n<meta name=\"twitter:creator\" content=\"@LosPoliticosVer\" \/>\n<meta name=\"twitter:site\" content=\"@LosPoliticosVer\" \/>\n<meta name=\"twitter:label1\" content=\"Escrito por\" \/>\n\t<meta name=\"twitter:data1\" content=\"Lo viste en Los Pol\u00edticos\" \/>\n\t<meta name=\"twitter:label2\" content=\"Tiempo de lectura\" \/>\n\t<meta name=\"twitter:data2\" content=\"6 minutos\" \/>\n<script type=\"application\/ld+json\" class=\"yoast-schema-graph\">{\"@context\":\"https:\\\/\\\/schema.org\",\"@graph\":[{\"@type\":\"Article\",\"@id\":\"https:\\\/\\\/lospoliticosveracruz.com\\\/?p=53695#article\",\"isPartOf\":{\"@id\":\"https:\\\/\\\/lospoliticosveracruz.com\\\/?p=53695\"},\"author\":{\"name\":\"Lo viste en Los Pol\u00edticos\",\"@id\":\"https:\\\/\\\/lospoliticosveracruz.com\\\/#\\\/schema\\\/person\\\/b8702bb0e538456e6efd07080bf2a4a2\"},\"headline\":\"Dios Perdona, el pueblo no, Cuitl\u00e1huac\",\"datePublished\":\"2020-03-24T16:06:57+00:00\",\"mainEntityOfPage\":{\"@id\":\"https:\\\/\\\/lospoliticosveracruz.com\\\/?p=53695\"},\"wordCount\":1122,\"commentCount\":0,\"publisher\":{\"@id\":\"https:\\\/\\\/lospoliticosveracruz.com\\\/#organization\"},\"image\":{\"@id\":\"https:\\\/\\\/lospoliticosveracruz.com\\\/?p=53695#primaryimage\"},\"thumbnailUrl\":\"https:\\\/\\\/lospoliticosveracruz.com\\\/wp-content\\\/uploads\\\/2019\\\/01\\\/Cuitlahuac.jpg\",\"keywords\":[\"coronavirus\",\"Cuitl\u00e1huac Garc\u00eda\",\"Enrique Nach\u00f3n\",\"Esteban Ram\u00edrez Zepeta\",\"Fernando Yunes\",\"M\u00e9xico\",\"Ricardo Ch\u00faa\",\"Riviera Veracruzana\",\"Sedecop\",\"Veracruz\"],\"articleSection\":[\"De Opini\u00f3n\"],\"inLanguage\":\"es\",\"potentialAction\":[{\"@type\":\"CommentAction\",\"name\":\"Comment\",\"target\":[\"https:\\\/\\\/lospoliticosveracruz.com\\\/?p=53695#respond\"]}]},{\"@type\":\"WebPage\",\"@id\":\"https:\\\/\\\/lospoliticosveracruz.com\\\/?p=53695\",\"url\":\"https:\\\/\\\/lospoliticosveracruz.com\\\/?p=53695\",\"name\":\"Dios Perdona, el pueblo no, Cuitl\u00e1huac - Los pol\u00edticos Veracruz\",\"isPartOf\":{\"@id\":\"https:\\\/\\\/lospoliticosveracruz.com\\\/#website\"},\"primaryImageOfPage\":{\"@id\":\"https:\\\/\\\/lospoliticosveracruz.com\\\/?p=53695#primaryimage\"},\"image\":{\"@id\":\"https:\\\/\\\/lospoliticosveracruz.com\\\/?p=53695#primaryimage\"},\"thumbnailUrl\":\"https:\\\/\\\/lospoliticosveracruz.com\\\/wp-content\\\/uploads\\\/2019\\\/01\\\/Cuitlahuac.jpg\",\"datePublished\":\"2020-03-24T16:06:57+00:00\",\"breadcrumb\":{\"@id\":\"https:\\\/\\\/lospoliticosveracruz.com\\\/?p=53695#breadcrumb\"},\"inLanguage\":\"es\",\"potentialAction\":[{\"@type\":\"ReadAction\",\"target\":[\"https:\\\/\\\/lospoliticosveracruz.com\\\/?p=53695\"]}]},{\"@type\":\"ImageObject\",\"inLanguage\":\"es\",\"@id\":\"https:\\\/\\\/lospoliticosveracruz.com\\\/?p=53695#primaryimage\",\"url\":\"https:\\\/\\\/lospoliticosveracruz.com\\\/wp-content\\\/uploads\\\/2019\\\/01\\\/Cuitlahuac.jpg\",\"contentUrl\":\"https:\\\/\\\/lospoliticosveracruz.com\\\/wp-content\\\/uploads\\\/2019\\\/01\\\/Cuitlahuac.jpg\",\"width\":600,\"height\":424},{\"@type\":\"BreadcrumbList\",\"@id\":\"https:\\\/\\\/lospoliticosveracruz.com\\\/?p=53695#breadcrumb\",\"itemListElement\":[{\"@type\":\"ListItem\",\"position\":1,\"name\":\"Portada\",\"item\":\"https:\\\/\\\/lospoliticosveracruz.com\\\/\"},{\"@type\":\"ListItem\",\"position\":2,\"name\":\"Dios Perdona, el pueblo no, Cuitl\u00e1huac\"}]},{\"@type\":\"WebSite\",\"@id\":\"https:\\\/\\\/lospoliticosveracruz.com\\\/#website\",\"url\":\"https:\\\/\\\/lospoliticosveracruz.com\\\/\",\"name\":\"Los pol\u00edticos Veracruz\",\"description\":\"\",\"publisher\":{\"@id\":\"https:\\\/\\\/lospoliticosveracruz.com\\\/#organization\"},\"potentialAction\":[{\"@type\":\"SearchAction\",\"target\":{\"@type\":\"EntryPoint\",\"urlTemplate\":\"https:\\\/\\\/lospoliticosveracruz.com\\\/?s={search_term_string}\"},\"query-input\":{\"@type\":\"PropertyValueSpecification\",\"valueRequired\":true,\"valueName\":\"search_term_string\"}}],\"inLanguage\":\"es\"},{\"@type\":\"Organization\",\"@id\":\"https:\\\/\\\/lospoliticosveracruz.com\\\/#organization\",\"name\":\"Los pol\u00edticos Veracruz\",\"url\":\"https:\\\/\\\/lospoliticosveracruz.com\\\/\",\"logo\":{\"@type\":\"ImageObject\",\"inLanguage\":\"es\",\"@id\":\"https:\\\/\\\/lospoliticosveracruz.com\\\/#\\\/schema\\\/logo\\\/image\\\/\",\"url\":\"https:\\\/\\\/lospoliticosveracruz.com\\\/wp-content\\\/uploads\\\/2025\\\/12\\\/Logo-Nuevo-LOS-POLITICOS-1.jpg\",\"contentUrl\":\"https:\\\/\\\/lospoliticosveracruz.com\\\/wp-content\\\/uploads\\\/2025\\\/12\\\/Logo-Nuevo-LOS-POLITICOS-1.jpg\",\"width\":260,\"height\":70,\"caption\":\"Los pol\u00edticos Veracruz\"},\"image\":{\"@id\":\"https:\\\/\\\/lospoliticosveracruz.com\\\/#\\\/schema\\\/logo\\\/image\\\/\"},\"sameAs\":[\"https:\\\/\\\/www.facebook.com\\\/people\\\/Notimemes-de-los-Polticos\\\/61565672886568\\\/\",\"https:\\\/\\\/x.com\\\/LosPoliticosVer\"]},{\"@type\":\"Person\",\"@id\":\"https:\\\/\\\/lospoliticosveracruz.com\\\/#\\\/schema\\\/person\\\/b8702bb0e538456e6efd07080bf2a4a2\",\"name\":\"Lo viste en Los Pol\u00edticos\",\"image\":{\"@type\":\"ImageObject\",\"inLanguage\":\"es\",\"@id\":\"https:\\\/\\\/secure.gravatar.com\\\/avatar\\\/3a8de04a2656d44082be478bd6c086daa447c4651605818287b9532d3d0bd435?s=96&d=mm&r=g\",\"url\":\"https:\\\/\\\/secure.gravatar.com\\\/avatar\\\/3a8de04a2656d44082be478bd6c086daa447c4651605818287b9532d3d0bd435?s=96&d=mm&r=g\",\"contentUrl\":\"https:\\\/\\\/secure.gravatar.com\\\/avatar\\\/3a8de04a2656d44082be478bd6c086daa447c4651605818287b9532d3d0bd435?s=96&d=mm&r=g\",\"caption\":\"Lo viste en Los Pol\u00edticos\"},\"url\":\"https:\\\/\\\/lospoliticosveracruz.com\\\/?author=2\"}]}<\/script>\n<!-- \/ Yoast SEO plugin. -->","yoast_head_json":{"title":"Dios Perdona, el pueblo no, Cuitl\u00e1huac - Los pol\u00edticos Veracruz","robots":{"index":"index","follow":"follow","max-snippet":"max-snippet:-1","max-image-preview":"max-image-preview:large","max-video-preview":"max-video-preview:-1"},"canonical":"https:\/\/lospoliticosveracruz.com\/?p=53695","og_locale":"es_ES","og_type":"article","og_title":"Dios Perdona, el pueblo no, Cuitl\u00e1huac - Los pol\u00edticos Veracruz","og_description":"Ricardo Ch\u00faa Sale y Vale EL PANDEM\u00d3NIUM.. Estamos entrando a una etapa de contingencia en M\u00e9xico&#8230; Que de seguir la pandem\u00eda del \u00abCoronavirus\u00bb en dos semanas la misma pasar\u00e1 a segundo plano&#8230; Cuando se pare verdaderamente el sector productivo del pa\u00eds&#8230; Y la gente no tenga dinero ni para lo indispensable&#8230; El cierre de empresas [&hellip;]","og_url":"https:\/\/lospoliticosveracruz.com\/?p=53695","og_site_name":"Los pol\u00edticos Veracruz","article_publisher":"https:\/\/www.facebook.com\/people\/Notimemes-de-los-Polticos\/61565672886568\/","article_published_time":"2020-03-24T16:06:57+00:00","og_image":[{"width":600,"height":424,"url":"https:\/\/lospoliticosveracruz.com\/wp-content\/uploads\/2019\/01\/Cuitlahuac.jpg","type":"image\/jpeg"}],"author":"Lo viste en Los Pol\u00edticos","twitter_card":"summary_large_image","twitter_creator":"@LosPoliticosVer","twitter_site":"@LosPoliticosVer","twitter_misc":{"Escrito por":"Lo viste en Los Pol\u00edticos","Tiempo de lectura":"6 minutos"},"schema":{"@context":"https:\/\/schema.org","@graph":[{"@type":"Article","@id":"https:\/\/lospoliticosveracruz.com\/?p=53695#article","isPartOf":{"@id":"https:\/\/lospoliticosveracruz.com\/?p=53695"},"author":{"name":"Lo viste en Los Pol\u00edticos","@id":"https:\/\/lospoliticosveracruz.com\/#\/schema\/person\/b8702bb0e538456e6efd07080bf2a4a2"},"headline":"Dios Perdona, el pueblo no, Cuitl\u00e1huac","datePublished":"2020-03-24T16:06:57+00:00","mainEntityOfPage":{"@id":"https:\/\/lospoliticosveracruz.com\/?p=53695"},"wordCount":1122,"commentCount":0,"publisher":{"@id":"https:\/\/lospoliticosveracruz.com\/#organization"},"image":{"@id":"https:\/\/lospoliticosveracruz.com\/?p=53695#primaryimage"},"thumbnailUrl":"https:\/\/lospoliticosveracruz.com\/wp-content\/uploads\/2019\/01\/Cuitlahuac.jpg","keywords":["coronavirus","Cuitl\u00e1huac Garc\u00eda","Enrique Nach\u00f3n","Esteban Ram\u00edrez Zepeta","Fernando Yunes","M\u00e9xico","Ricardo Ch\u00faa","Riviera Veracruzana","Sedecop","Veracruz"],"articleSection":["De Opini\u00f3n"],"inLanguage":"es","potentialAction":[{"@type":"CommentAction","name":"Comment","target":["https:\/\/lospoliticosveracruz.com\/?p=53695#respond"]}]},{"@type":"WebPage","@id":"https:\/\/lospoliticosveracruz.com\/?p=53695","url":"https:\/\/lospoliticosveracruz.com\/?p=53695","name":"Dios Perdona, el pueblo no, Cuitl\u00e1huac - Los pol\u00edticos Veracruz","isPartOf":{"@id":"https:\/\/lospoliticosveracruz.com\/#website"},"primaryImageOfPage":{"@id":"https:\/\/lospoliticosveracruz.com\/?p=53695#primaryimage"},"image":{"@id":"https:\/\/lospoliticosveracruz.com\/?p=53695#primaryimage"},"thumbnailUrl":"https:\/\/lospoliticosveracruz.com\/wp-content\/uploads\/2019\/01\/Cuitlahuac.jpg","datePublished":"2020-03-24T16:06:57+00:00","breadcrumb":{"@id":"https:\/\/lospoliticosveracruz.com\/?p=53695#breadcrumb"},"inLanguage":"es","potentialAction":[{"@type":"ReadAction","target":["https:\/\/lospoliticosveracruz.com\/?p=53695"]}]},{"@type":"ImageObject","inLanguage":"es","@id":"https:\/\/lospoliticosveracruz.com\/?p=53695#primaryimage","url":"https:\/\/lospoliticosveracruz.com\/wp-content\/uploads\/2019\/01\/Cuitlahuac.jpg","contentUrl":"https:\/\/lospoliticosveracruz.com\/wp-content\/uploads\/2019\/01\/Cuitlahuac.jpg","width":600,"height":424},{"@type":"BreadcrumbList","@id":"https:\/\/lospoliticosveracruz.com\/?p=53695#breadcrumb","itemListElement":[{"@type":"ListItem","position":1,"name":"Portada","item":"https:\/\/lospoliticosveracruz.com\/"},{"@type":"ListItem","position":2,"name":"Dios Perdona, el pueblo no, Cuitl\u00e1huac"}]},{"@type":"WebSite","@id":"https:\/\/lospoliticosveracruz.com\/#website","url":"https:\/\/lospoliticosveracruz.com\/","name":"Los pol\u00edticos Veracruz","description":"","publisher":{"@id":"https:\/\/lospoliticosveracruz.com\/#organization"},"potentialAction":[{"@type":"SearchAction","target":{"@type":"EntryPoint","urlTemplate":"https:\/\/lospoliticosveracruz.com\/?s={search_term_string}"},"query-input":{"@type":"PropertyValueSpecification","valueRequired":true,"valueName":"search_term_string"}}],"inLanguage":"es"},{"@type":"Organization","@id":"https:\/\/lospoliticosveracruz.com\/#organization","name":"Los pol\u00edticos Veracruz","url":"https:\/\/lospoliticosveracruz.com\/","logo":{"@type":"ImageObject","inLanguage":"es","@id":"https:\/\/lospoliticosveracruz.com\/#\/schema\/logo\/image\/","url":"https:\/\/lospoliticosveracruz.com\/wp-content\/uploads\/2025\/12\/Logo-Nuevo-LOS-POLITICOS-1.jpg","contentUrl":"https:\/\/lospoliticosveracruz.com\/wp-content\/uploads\/2025\/12\/Logo-Nuevo-LOS-POLITICOS-1.jpg","width":260,"height":70,"caption":"Los pol\u00edticos Veracruz"},"image":{"@id":"https:\/\/lospoliticosveracruz.com\/#\/schema\/logo\/image\/"},"sameAs":["https:\/\/www.facebook.com\/people\/Notimemes-de-los-Polticos\/61565672886568\/","https:\/\/x.com\/LosPoliticosVer"]},{"@type":"Person","@id":"https:\/\/lospoliticosveracruz.com\/#\/schema\/person\/b8702bb0e538456e6efd07080bf2a4a2","name":"Lo viste en Los Pol\u00edticos","image":{"@type":"ImageObject","inLanguage":"es","@id":"https:\/\/secure.gravatar.com\/avatar\/3a8de04a2656d44082be478bd6c086daa447c4651605818287b9532d3d0bd435?s=96&d=mm&r=g","url":"https:\/\/secure.gravatar.com\/avatar\/3a8de04a2656d44082be478bd6c086daa447c4651605818287b9532d3d0bd435?s=96&d=mm&r=g","contentUrl":"https:\/\/secure.gravatar.com\/avatar\/3a8de04a2656d44082be478bd6c086daa447c4651605818287b9532d3d0bd435?s=96&d=mm&r=g","caption":"Lo viste en Los Pol\u00edticos"},"url":"https:\/\/lospoliticosveracruz.com\/?author=2"}]}},"_links":{"self":[{"href":"https:\/\/lospoliticosveracruz.com\/index.php?rest_route=\/wp\/v2\/posts\/53695","targetHints":{"allow":["GET"]}}],"collection":[{"href":"https:\/\/lospoliticosveracruz.com\/index.php?rest_route=\/wp\/v2\/posts"}],"about":[{"href":"https:\/\/lospoliticosveracruz.com\/index.php?rest_route=\/wp\/v2\/types\/post"}],"author":[{"embeddable":true,"href":"https:\/\/lospoliticosveracruz.com\/index.php?rest_route=\/wp\/v2\/users\/2"}],"replies":[{"embeddable":true,"href":"https:\/\/lospoliticosveracruz.com\/index.php?rest_route=%2Fwp%2Fv2%2Fcomments&post=53695"}],"version-history":[{"count":1,"href":"https:\/\/lospoliticosveracruz.com\/index.php?rest_route=\/wp\/v2\/posts\/53695\/revisions"}],"predecessor-version":[{"id":53696,"href":"https:\/\/lospoliticosveracruz.com\/index.php?rest_route=\/wp\/v2\/posts\/53695\/revisions\/53696"}],"wp:featuredmedia":[{"embeddable":true,"href":"https:\/\/lospoliticosveracruz.com\/index.php?rest_route=\/wp\/v2\/media\/46370"}],"wp:attachment":[{"href":"https:\/\/lospoliticosveracruz.com\/index.php?rest_route=%2Fwp%2Fv2%2Fmedia&parent=53695"}],"wp:term":[{"taxonomy":"category","embeddable":true,"href":"https:\/\/lospoliticosveracruz.com\/index.php?rest_route=%2Fwp%2Fv2%2Fcategories&post=53695"},{"taxonomy":"post_tag","embeddable":true,"href":"https:\/\/lospoliticosveracruz.com\/index.php?rest_route=%2Fwp%2Fv2%2Ftags&post=53695"}],"curies":[{"name":"wp","href":"https:\/\/api.w.org\/{rel}","templated":true}]}}