{"id":53700,"date":"2020-03-24T10:35:18","date_gmt":"2020-03-24T16:35:18","guid":{"rendered":"http:\/\/www.lospoliticosveracruz.com.mx\/?p=53700"},"modified":"2020-03-24T10:35:18","modified_gmt":"2020-03-24T16:35:18","slug":"familia-antes-que-nada","status":"publish","type":"post","link":"https:\/\/lospoliticosveracruz.com\/?p=53700","title":{"rendered":"Familia antes que nada&#8230;"},"content":{"rendered":"<p><strong>Elena C\u00f3rdova Molina<\/strong><\/p>\n<p><em>Luna Nueva <\/em><\/p>\n<p>Una reciente encuesta realizada por reconocido peri\u00f3dico mexicano \u201cEl Universal\u201d que se llev\u00f3 a cabo el pasado 13 de marzo, revela que la familia es la instituci\u00f3n con el m\u00e1s alto porcentaje en la que m\u00e1s conf\u00edan los mexicanos, 82.5%. Le siguen, la iglesia con un 35,6%, el ej\u00e9rcito 28.8%, el gobierno con 21.0%, el INE con 13.5%, la CNDH con 12.5%, la sociedad civil el 10.3%. Y del lugar 8 al 11, con niveles de entre 7.6 y 6.5%, se encuentran los medios de comunicaci\u00f3n, los congresos locales y los gobiernos municipales.<\/p>\n<p>Hoy, nuestro pa\u00eds enfrenta una crisis de salud de proporciones aun no cuantificables. Pero que de alg\u00fan modo empiezan a manifestarse en muchos \u00e1mbitos principalmente econ\u00f3micos y sociales, sin dejar a un lado el pol\u00edtico, lo cual nos debe invitar no solo a la reflexi\u00f3n sino a la uni\u00f3n familiar.\u00a0 Es por ello que quise documentar con datos estad\u00edsticos comprobados, citado al inicio de mi colaboraci\u00f3n, lo que ha significado y representa para nosotros la familia en todos los \u00e1mbitos, tanto cultural como hist\u00f3ricamente.<\/p>\n<p>Ahora bien, en estos d\u00edas adversos, mucha informaci\u00f3n corre como nunca en las redes sociales, en el mundo virtual. Lo bueno es que nos sirve para prevenir cualquier posible contagio si seguimos puntualmente las indicaciones al respecto. Lo malo es que vemos mucha informaci\u00f3n falsa como se\u00f1alamientos sin ton ni son al gobierno en turno, con o sin raz\u00f3n. La paranoia hace presa f\u00e1cil en muchas mentes y en el colectivo mexicano. De todo hay cosas ciertas, el coronavirus ataca a las personas adultas mayores, a los diab\u00e9ticos, hipertensos, gente con enfermedades cr\u00f3nicas que le disminuyen sus autodefensas. Es decir, su sistema inmunol\u00f3gico.<\/p>\n<p>A la fecha, pr\u00e1cticamente estamos inmersos en la fase dos, lo cual significa que la presencia de contagios no ser\u00e1 por contacto inmediato, sino se desconocer\u00e1 al portador o la forma en la que las personas adquieran el virus.\u00a0 Incluso, se dice que <strong>ya existen casos de transmisi\u00f3n comunitaria, los cuales ser\u00edan m\u00e1s visibles dentro de unas semanas.<\/strong>\u00a0Estos se caracterizan por la posibilidad de ser portador del virus, sin padecer de la enfermedad, y transmitirlo a quienes le rodean. Ahora se entiende la gravedad del asunto.<\/p>\n<p>Como lo he planteado, no hay nada m\u00e1s importante que resguardarnos en familia, esta es la parte m\u00e1s positiva de la pandemia, la posibilidad de reencontrarnos, de estar m\u00e1s en contacto, o comunicaci\u00f3n estrecha con las familia, sea en el mismo lugar o donde se encuentre.<\/p>\n<p>Nos encontramos hoy en el momento donde el mundo se detuvo, donde la pandemia nos detuvo, donde una fuerza mayor a los trabajos, a los tiempos, a los jefes, a la econom\u00eda, nos detuvo. De esto estamos encontrando el verdadero valor, la familia en su m\u00e1s profundo sentido, la convivencia.<\/p>\n<p>Hagamos de esta situaci\u00f3n el mejor momento dentro de casa, jueguen con sus hijos, hagan comida con mam\u00e1, llenemos esa sobre mesa de pl\u00e1ticas y risas interminables, dejemos que la cama se llene de hu\u00e9spedes, hagamos que nuestro mejor mundo vuelva a ser nuestro hogar, al lado de la familia.<\/p>\n<p>Recordemos los valores que nos hicieron una mejor sociedad, escuchemos los puntos de vista de cada miembro de la familia, no a trav\u00e9s de un celular, sino en una conversaci\u00f3n profunda, porque al final, el mundo nos vuelve a recordar \u00a0una y otra vez, que nada es mejor, que poder tener la dicha de estar en familia.<\/p>\n<p>Hoy me llena de fe y esperanza ver cada vez m\u00e1s historias de solidaridad y hermanamiento entre los parientes, pues este tiempo es de fortalecer los lazos familiares y reforzamiento de valores c\u00edvicos y culturales, de an\u00e1lisis y reflexi\u00f3n de comportamientos individuales y de grupo.<\/p>\n<p>Y lo m\u00e1s importante, estamos poniendo a prueba a la humanidad misma. Saldremos adelante, lo s\u00e9\u2026<\/p>\n","protected":false},"excerpt":{"rendered":"<p>Elena C\u00f3rdova Molina Luna Nueva Una reciente encuesta realizada por reconocido peri\u00f3dico mexicano \u201cEl Universal\u201d que se llev\u00f3 a cabo el pasado 13 de marzo, revela que la familia es la instituci\u00f3n con el m\u00e1s alto porcentaje en la que m\u00e1s conf\u00edan los mexicanos, 82.5%. Le siguen, la iglesia con un 35,6%, el ej\u00e9rcito 28.8%, [&hellip;]<\/p>\n","protected":false},"author":2,"featured_media":0,"comment_status":"open","ping_status":"open","sticky":false,"template":"","format":"standard","meta":{"tdm_status":"","tdm_grid_status":"","footnotes":""},"categories":[1],"tags":[295,16264,16673,284,4499,4673,3350,870,319,554,395],"class_list":{"0":"post-53700","1":"post","2":"type-post","3":"status-publish","4":"format-standard","6":"category-sin-categoria","7":"tag-cndh","8":"tag-coronavirus","9":"tag-covid-19","10":"tag-ejercito","11":"tag-el-universal","12":"tag-elena-cordova-molina","13":"tag-familia","14":"tag-gobierno","15":"tag-iglesia","16":"tag-ine","17":"tag-mexico"},"yoast_head":"<!-- This site is optimized with the Yoast SEO plugin v27.4 - https:\/\/yoast.com\/product\/yoast-seo-wordpress\/ -->\n<title>Familia antes que nada... - Los pol\u00edticos Veracruz<\/title>\n<meta name=\"robots\" content=\"index, follow, max-snippet:-1, max-image-preview:large, max-video-preview:-1\" \/>\n<link rel=\"canonical\" href=\"https:\/\/lospoliticosveracruz.com\/?p=53700\" \/>\n<meta property=\"og:locale\" content=\"es_ES\" \/>\n<meta property=\"og:type\" content=\"article\" \/>\n<meta property=\"og:title\" content=\"Familia antes que nada... - Los pol\u00edticos Veracruz\" \/>\n<meta property=\"og:description\" content=\"Elena C\u00f3rdova Molina Luna Nueva Una reciente encuesta realizada por reconocido peri\u00f3dico mexicano \u201cEl Universal\u201d que se llev\u00f3 a cabo el pasado 13 de marzo, revela que la familia es la instituci\u00f3n con el m\u00e1s alto porcentaje en la que m\u00e1s conf\u00edan los mexicanos, 82.5%. Le siguen, la iglesia con un 35,6%, el ej\u00e9rcito 28.8%, [&hellip;]\" \/>\n<meta property=\"og:url\" content=\"https:\/\/lospoliticosveracruz.com\/?p=53700\" \/>\n<meta property=\"og:site_name\" content=\"Los pol\u00edticos Veracruz\" \/>\n<meta property=\"article:publisher\" content=\"https:\/\/www.facebook.com\/people\/Notimemes-de-los-Polticos\/61565672886568\/\" \/>\n<meta property=\"article:published_time\" content=\"2020-03-24T16:35:18+00:00\" \/>\n<meta property=\"og:image\" content=\"https:\/\/lospoliticosveracruz.com\/wp-content\/uploads\/2016\/07\/Logo-Dor.jpg\" \/>\n\t<meta property=\"og:image:width\" content=\"200\" \/>\n\t<meta property=\"og:image:height\" content=\"200\" \/>\n\t<meta property=\"og:image:type\" content=\"image\/jpeg\" \/>\n<meta name=\"author\" content=\"Lo viste en Los Pol\u00edticos\" \/>\n<meta name=\"twitter:card\" content=\"summary_large_image\" \/>\n<meta name=\"twitter:creator\" content=\"@LosPoliticosVer\" \/>\n<meta name=\"twitter:site\" content=\"@LosPoliticosVer\" \/>\n<meta name=\"twitter:label1\" content=\"Escrito por\" \/>\n\t<meta name=\"twitter:data1\" content=\"Lo viste en Los Pol\u00edticos\" \/>\n\t<meta name=\"twitter:label2\" content=\"Tiempo de lectura\" \/>\n\t<meta name=\"twitter:data2\" content=\"3 minutos\" \/>\n<script type=\"application\/ld+json\" class=\"yoast-schema-graph\">{\"@context\":\"https:\\\/\\\/schema.org\",\"@graph\":[{\"@type\":\"Article\",\"@id\":\"https:\\\/\\\/lospoliticosveracruz.com\\\/?p=53700#article\",\"isPartOf\":{\"@id\":\"https:\\\/\\\/lospoliticosveracruz.com\\\/?p=53700\"},\"author\":{\"name\":\"Lo viste en Los Pol\u00edticos\",\"@id\":\"https:\\\/\\\/lospoliticosveracruz.com\\\/#\\\/schema\\\/person\\\/b8702bb0e538456e6efd07080bf2a4a2\"},\"headline\":\"Familia antes que nada&#8230;\",\"datePublished\":\"2020-03-24T16:35:18+00:00\",\"mainEntityOfPage\":{\"@id\":\"https:\\\/\\\/lospoliticosveracruz.com\\\/?p=53700\"},\"wordCount\":674,\"commentCount\":0,\"publisher\":{\"@id\":\"https:\\\/\\\/lospoliticosveracruz.com\\\/#organization\"},\"keywords\":[\"CNDH\",\"coronavirus\",\"Covid 19\",\"Ej\u00e9rcito\",\"El Universal\",\"Elena C\u00f3rdova Molina\",\"Familia\",\"Gobierno\",\"Iglesia\",\"INE\",\"M\u00e9xico\"],\"inLanguage\":\"es\",\"potentialAction\":[{\"@type\":\"CommentAction\",\"name\":\"Comment\",\"target\":[\"https:\\\/\\\/lospoliticosveracruz.com\\\/?p=53700#respond\"]}]},{\"@type\":\"WebPage\",\"@id\":\"https:\\\/\\\/lospoliticosveracruz.com\\\/?p=53700\",\"url\":\"https:\\\/\\\/lospoliticosveracruz.com\\\/?p=53700\",\"name\":\"Familia antes que nada... - Los pol\u00edticos Veracruz\",\"isPartOf\":{\"@id\":\"https:\\\/\\\/lospoliticosveracruz.com\\\/#website\"},\"datePublished\":\"2020-03-24T16:35:18+00:00\",\"breadcrumb\":{\"@id\":\"https:\\\/\\\/lospoliticosveracruz.com\\\/?p=53700#breadcrumb\"},\"inLanguage\":\"es\",\"potentialAction\":[{\"@type\":\"ReadAction\",\"target\":[\"https:\\\/\\\/lospoliticosveracruz.com\\\/?p=53700\"]}]},{\"@type\":\"BreadcrumbList\",\"@id\":\"https:\\\/\\\/lospoliticosveracruz.com\\\/?p=53700#breadcrumb\",\"itemListElement\":[{\"@type\":\"ListItem\",\"position\":1,\"name\":\"Portada\",\"item\":\"https:\\\/\\\/lospoliticosveracruz.com\\\/\"},{\"@type\":\"ListItem\",\"position\":2,\"name\":\"Familia antes que nada&#8230;\"}]},{\"@type\":\"WebSite\",\"@id\":\"https:\\\/\\\/lospoliticosveracruz.com\\\/#website\",\"url\":\"https:\\\/\\\/lospoliticosveracruz.com\\\/\",\"name\":\"Los pol\u00edticos Veracruz\",\"description\":\"\",\"publisher\":{\"@id\":\"https:\\\/\\\/lospoliticosveracruz.com\\\/#organization\"},\"potentialAction\":[{\"@type\":\"SearchAction\",\"target\":{\"@type\":\"EntryPoint\",\"urlTemplate\":\"https:\\\/\\\/lospoliticosveracruz.com\\\/?s={search_term_string}\"},\"query-input\":{\"@type\":\"PropertyValueSpecification\",\"valueRequired\":true,\"valueName\":\"search_term_string\"}}],\"inLanguage\":\"es\"},{\"@type\":\"Organization\",\"@id\":\"https:\\\/\\\/lospoliticosveracruz.com\\\/#organization\",\"name\":\"Los pol\u00edticos Veracruz\",\"url\":\"https:\\\/\\\/lospoliticosveracruz.com\\\/\",\"logo\":{\"@type\":\"ImageObject\",\"inLanguage\":\"es\",\"@id\":\"https:\\\/\\\/lospoliticosveracruz.com\\\/#\\\/schema\\\/logo\\\/image\\\/\",\"url\":\"https:\\\/\\\/lospoliticosveracruz.com\\\/wp-content\\\/uploads\\\/2025\\\/12\\\/Logo-Nuevo-LOS-POLITICOS-1.jpg\",\"contentUrl\":\"https:\\\/\\\/lospoliticosveracruz.com\\\/wp-content\\\/uploads\\\/2025\\\/12\\\/Logo-Nuevo-LOS-POLITICOS-1.jpg\",\"width\":260,\"height\":70,\"caption\":\"Los pol\u00edticos Veracruz\"},\"image\":{\"@id\":\"https:\\\/\\\/lospoliticosveracruz.com\\\/#\\\/schema\\\/logo\\\/image\\\/\"},\"sameAs\":[\"https:\\\/\\\/www.facebook.com\\\/people\\\/Notimemes-de-los-Polticos\\\/61565672886568\\\/\",\"https:\\\/\\\/x.com\\\/LosPoliticosVer\"]},{\"@type\":\"Person\",\"@id\":\"https:\\\/\\\/lospoliticosveracruz.com\\\/#\\\/schema\\\/person\\\/b8702bb0e538456e6efd07080bf2a4a2\",\"name\":\"Lo viste en Los Pol\u00edticos\",\"image\":{\"@type\":\"ImageObject\",\"inLanguage\":\"es\",\"@id\":\"https:\\\/\\\/secure.gravatar.com\\\/avatar\\\/3a8de04a2656d44082be478bd6c086daa447c4651605818287b9532d3d0bd435?s=96&d=mm&r=g\",\"url\":\"https:\\\/\\\/secure.gravatar.com\\\/avatar\\\/3a8de04a2656d44082be478bd6c086daa447c4651605818287b9532d3d0bd435?s=96&d=mm&r=g\",\"contentUrl\":\"https:\\\/\\\/secure.gravatar.com\\\/avatar\\\/3a8de04a2656d44082be478bd6c086daa447c4651605818287b9532d3d0bd435?s=96&d=mm&r=g\",\"caption\":\"Lo viste en Los Pol\u00edticos\"},\"url\":\"https:\\\/\\\/lospoliticosveracruz.com\\\/?author=2\"}]}<\/script>\n<!-- \/ Yoast SEO plugin. -->","yoast_head_json":{"title":"Familia antes que nada... - Los pol\u00edticos Veracruz","robots":{"index":"index","follow":"follow","max-snippet":"max-snippet:-1","max-image-preview":"max-image-preview:large","max-video-preview":"max-video-preview:-1"},"canonical":"https:\/\/lospoliticosveracruz.com\/?p=53700","og_locale":"es_ES","og_type":"article","og_title":"Familia antes que nada... - Los pol\u00edticos Veracruz","og_description":"Elena C\u00f3rdova Molina Luna Nueva Una reciente encuesta realizada por reconocido peri\u00f3dico mexicano \u201cEl Universal\u201d que se llev\u00f3 a cabo el pasado 13 de marzo, revela que la familia es la instituci\u00f3n con el m\u00e1s alto porcentaje en la que m\u00e1s conf\u00edan los mexicanos, 82.5%. Le siguen, la iglesia con un 35,6%, el ej\u00e9rcito 28.8%, [&hellip;]","og_url":"https:\/\/lospoliticosveracruz.com\/?p=53700","og_site_name":"Los pol\u00edticos Veracruz","article_publisher":"https:\/\/www.facebook.com\/people\/Notimemes-de-los-Polticos\/61565672886568\/","article_published_time":"2020-03-24T16:35:18+00:00","og_image":[{"width":200,"height":200,"url":"https:\/\/lospoliticosveracruz.com\/wp-content\/uploads\/2016\/07\/Logo-Dor.jpg","type":"image\/jpeg"}],"author":"Lo viste en Los Pol\u00edticos","twitter_card":"summary_large_image","twitter_creator":"@LosPoliticosVer","twitter_site":"@LosPoliticosVer","twitter_misc":{"Escrito por":"Lo viste en Los Pol\u00edticos","Tiempo de lectura":"3 minutos"},"schema":{"@context":"https:\/\/schema.org","@graph":[{"@type":"Article","@id":"https:\/\/lospoliticosveracruz.com\/?p=53700#article","isPartOf":{"@id":"https:\/\/lospoliticosveracruz.com\/?p=53700"},"author":{"name":"Lo viste en Los Pol\u00edticos","@id":"https:\/\/lospoliticosveracruz.com\/#\/schema\/person\/b8702bb0e538456e6efd07080bf2a4a2"},"headline":"Familia antes que nada&#8230;","datePublished":"2020-03-24T16:35:18+00:00","mainEntityOfPage":{"@id":"https:\/\/lospoliticosveracruz.com\/?p=53700"},"wordCount":674,"commentCount":0,"publisher":{"@id":"https:\/\/lospoliticosveracruz.com\/#organization"},"keywords":["CNDH","coronavirus","Covid 19","Ej\u00e9rcito","El Universal","Elena C\u00f3rdova Molina","Familia","Gobierno","Iglesia","INE","M\u00e9xico"],"inLanguage":"es","potentialAction":[{"@type":"CommentAction","name":"Comment","target":["https:\/\/lospoliticosveracruz.com\/?p=53700#respond"]}]},{"@type":"WebPage","@id":"https:\/\/lospoliticosveracruz.com\/?p=53700","url":"https:\/\/lospoliticosveracruz.com\/?p=53700","name":"Familia antes que nada... - Los pol\u00edticos Veracruz","isPartOf":{"@id":"https:\/\/lospoliticosveracruz.com\/#website"},"datePublished":"2020-03-24T16:35:18+00:00","breadcrumb":{"@id":"https:\/\/lospoliticosveracruz.com\/?p=53700#breadcrumb"},"inLanguage":"es","potentialAction":[{"@type":"ReadAction","target":["https:\/\/lospoliticosveracruz.com\/?p=53700"]}]},{"@type":"BreadcrumbList","@id":"https:\/\/lospoliticosveracruz.com\/?p=53700#breadcrumb","itemListElement":[{"@type":"ListItem","position":1,"name":"Portada","item":"https:\/\/lospoliticosveracruz.com\/"},{"@type":"ListItem","position":2,"name":"Familia antes que nada&#8230;"}]},{"@type":"WebSite","@id":"https:\/\/lospoliticosveracruz.com\/#website","url":"https:\/\/lospoliticosveracruz.com\/","name":"Los pol\u00edticos Veracruz","description":"","publisher":{"@id":"https:\/\/lospoliticosveracruz.com\/#organization"},"potentialAction":[{"@type":"SearchAction","target":{"@type":"EntryPoint","urlTemplate":"https:\/\/lospoliticosveracruz.com\/?s={search_term_string}"},"query-input":{"@type":"PropertyValueSpecification","valueRequired":true,"valueName":"search_term_string"}}],"inLanguage":"es"},{"@type":"Organization","@id":"https:\/\/lospoliticosveracruz.com\/#organization","name":"Los pol\u00edticos Veracruz","url":"https:\/\/lospoliticosveracruz.com\/","logo":{"@type":"ImageObject","inLanguage":"es","@id":"https:\/\/lospoliticosveracruz.com\/#\/schema\/logo\/image\/","url":"https:\/\/lospoliticosveracruz.com\/wp-content\/uploads\/2025\/12\/Logo-Nuevo-LOS-POLITICOS-1.jpg","contentUrl":"https:\/\/lospoliticosveracruz.com\/wp-content\/uploads\/2025\/12\/Logo-Nuevo-LOS-POLITICOS-1.jpg","width":260,"height":70,"caption":"Los pol\u00edticos Veracruz"},"image":{"@id":"https:\/\/lospoliticosveracruz.com\/#\/schema\/logo\/image\/"},"sameAs":["https:\/\/www.facebook.com\/people\/Notimemes-de-los-Polticos\/61565672886568\/","https:\/\/x.com\/LosPoliticosVer"]},{"@type":"Person","@id":"https:\/\/lospoliticosveracruz.com\/#\/schema\/person\/b8702bb0e538456e6efd07080bf2a4a2","name":"Lo viste en Los Pol\u00edticos","image":{"@type":"ImageObject","inLanguage":"es","@id":"https:\/\/secure.gravatar.com\/avatar\/3a8de04a2656d44082be478bd6c086daa447c4651605818287b9532d3d0bd435?s=96&d=mm&r=g","url":"https:\/\/secure.gravatar.com\/avatar\/3a8de04a2656d44082be478bd6c086daa447c4651605818287b9532d3d0bd435?s=96&d=mm&r=g","contentUrl":"https:\/\/secure.gravatar.com\/avatar\/3a8de04a2656d44082be478bd6c086daa447c4651605818287b9532d3d0bd435?s=96&d=mm&r=g","caption":"Lo viste en Los Pol\u00edticos"},"url":"https:\/\/lospoliticosveracruz.com\/?author=2"}]}},"_links":{"self":[{"href":"https:\/\/lospoliticosveracruz.com\/index.php?rest_route=\/wp\/v2\/posts\/53700","targetHints":{"allow":["GET"]}}],"collection":[{"href":"https:\/\/lospoliticosveracruz.com\/index.php?rest_route=\/wp\/v2\/posts"}],"about":[{"href":"https:\/\/lospoliticosveracruz.com\/index.php?rest_route=\/wp\/v2\/types\/post"}],"author":[{"embeddable":true,"href":"https:\/\/lospoliticosveracruz.com\/index.php?rest_route=\/wp\/v2\/users\/2"}],"replies":[{"embeddable":true,"href":"https:\/\/lospoliticosveracruz.com\/index.php?rest_route=%2Fwp%2Fv2%2Fcomments&post=53700"}],"version-history":[{"count":1,"href":"https:\/\/lospoliticosveracruz.com\/index.php?rest_route=\/wp\/v2\/posts\/53700\/revisions"}],"predecessor-version":[{"id":53702,"href":"https:\/\/lospoliticosveracruz.com\/index.php?rest_route=\/wp\/v2\/posts\/53700\/revisions\/53702"}],"wp:attachment":[{"href":"https:\/\/lospoliticosveracruz.com\/index.php?rest_route=%2Fwp%2Fv2%2Fmedia&parent=53700"}],"wp:term":[{"taxonomy":"category","embeddable":true,"href":"https:\/\/lospoliticosveracruz.com\/index.php?rest_route=%2Fwp%2Fv2%2Fcategories&post=53700"},{"taxonomy":"post_tag","embeddable":true,"href":"https:\/\/lospoliticosveracruz.com\/index.php?rest_route=%2Fwp%2Fv2%2Ftags&post=53700"}],"curies":[{"name":"wp","href":"https:\/\/api.w.org\/{rel}","templated":true}]}}