{"id":53737,"date":"2020-03-25T12:47:39","date_gmt":"2020-03-25T18:47:39","guid":{"rendered":"http:\/\/www.lospoliticosveracruz.com.mx\/?p=53737"},"modified":"2020-03-25T12:47:39","modified_gmt":"2020-03-25T18:47:39","slug":"curso-en-linea-para-aspirantes-a-los-cm-del-pri","status":"publish","type":"post","link":"https:\/\/lospoliticosveracruz.com\/?p=53737","title":{"rendered":"Curso en l\u00ednea para aspirantes a los CM del PRI"},"content":{"rendered":"<p>\u2013Se lanza convocatoria previa al inicio del proceso de elecci\u00f3n para presidentes de Comit\u00e9s Municipales del PRI en Veracruz<\/p>\n<p>-En atenci\u00f3n a las recomendaciones emitidas por OMS\u00a0ante el COVID-19, curso y examen de capacitaci\u00f3n ser\u00e1n en l\u00ednea<\/p>\n<p>-El contenido ya est\u00e1 disponible en: <a href=\"http:\/\/irhveracruz.org\/curso\/\" target=\"_blank\">http:\/\/irhveracruz.org\/curso\/<\/a>, y el examen se aplicar\u00e1 de este mi\u00e9rcoles hasta el 30 de marzo<\/p>\n<p>El Instituto Reyes Heroles filial Veracruz, ofrece el Curso en l\u00ednea para la actualizaci\u00f3n del conocimiento de documentos b\u00e1sicos del PRI, requisito indispensable para quienes deseen participar en la elecci\u00f3n de dirigentes de Comit\u00e9s Municipales del partido en la entidad.<\/p>\n<p>Este curso va dirigido a las y los simpatizantes, miembros, militantes, cuadros y dirigentes del PRI, y la convocatoria y toda la informaci\u00f3n relacionada ya se encuentra disponible en: <a href=\"http:\/\/irhveracruz.org\/curso\/\" target=\"_blank\">http:\/\/irhveracruz.org\/curso\/<\/a>, as\u00ed como en redes sociales del instituto y del Comit\u00e9 Directivo Estatal del PRI.<\/p>\n<p>Esta modalidad virtual, como se inform\u00f3 hace d\u00edas, es con la finalidad de cuidar y preservar la salud de todas y todos, y en acatamiento a las recomendaciones de la Organizaci\u00f3n Mundial de la Salud y la Secretar\u00eda de Salud Federal para evitar la propagaci\u00f3n del COVID-19.<\/p>\n<p>De acuerdo al documento, el contenido de estudio ya se encuentra disponible y la aplicaci\u00f3n del examen de manera electr\u00f3nica se efectuar\u00e1 desde este mi\u00e9rcoles 25 de marzo, hasta el lunes 30 de marzo.<\/p>\n<p>Para que nadie quede excluido, y que quienes enfrenten problemas con el manejo de las tecnolog\u00edas de la informaci\u00f3n y comunicaci\u00f3n, se podr\u00e1 hacer de manera telef\u00f3nica (1 prueba oral), previa solicitud escrita al correo electr\u00f3nico: irhveracruz@gmail.com<\/p>\n<p>Las constancias correspondientes ser\u00e1n emitidas por el Instituto de Formaci\u00f3n Pol\u00edtica \u201cJes\u00fas Reyes Heroles\u201d A.C, filial Veracruz y tendr\u00e1n una validez de seis meses.<\/p>\n","protected":false},"excerpt":{"rendered":"<p>\u2013Se lanza convocatoria previa al inicio del proceso de elecci\u00f3n para presidentes de Comit\u00e9s Municipales del PRI en Veracruz -En atenci\u00f3n a las recomendaciones emitidas por OMS\u00a0ante el COVID-19, curso y examen de capacitaci\u00f3n ser\u00e1n en l\u00ednea -El contenido ya est\u00e1 disponible en: http:\/\/irhveracruz.org\/curso\/, y el examen se aplicar\u00e1 de este mi\u00e9rcoles hasta el 30 [&hellip;]<\/p>\n","protected":false},"author":2,"featured_media":0,"comment_status":"open","ping_status":"open","sticky":false,"template":"","format":"standard","meta":{"tdm_status":"","tdm_grid_status":"","footnotes":""},"categories":[73],"tags":[11247,16264,16673,15871,6369,251,995,195],"class_list":{"0":"post-53737","1":"post","2":"type-post","3":"status-publish","4":"format-standard","6":"category-de-boleto","7":"tag-comites-municipales","8":"tag-coronavirus","9":"tag-covid-19","10":"tag-instituto-reyes-heroles","11":"tag-oms","12":"tag-pri","13":"tag-secretaria-de-salud","14":"tag-veracruz"},"yoast_head":"<!-- This site is optimized with the Yoast SEO plugin v27.4 - https:\/\/yoast.com\/product\/yoast-seo-wordpress\/ -->\n<title>Curso en l\u00ednea para aspirantes a los CM del PRI - Los pol\u00edticos Veracruz<\/title>\n<meta name=\"robots\" content=\"index, follow, max-snippet:-1, max-image-preview:large, max-video-preview:-1\" \/>\n<link rel=\"canonical\" href=\"https:\/\/lospoliticosveracruz.com\/?p=53737\" \/>\n<meta property=\"og:locale\" content=\"es_ES\" \/>\n<meta property=\"og:type\" content=\"article\" \/>\n<meta property=\"og:title\" content=\"Curso en l\u00ednea para aspirantes a los CM del PRI - Los pol\u00edticos Veracruz\" \/>\n<meta property=\"og:description\" content=\"\u2013Se lanza convocatoria previa al inicio del proceso de elecci\u00f3n para presidentes de Comit\u00e9s Municipales del PRI en Veracruz -En atenci\u00f3n a las recomendaciones emitidas por OMS\u00a0ante el COVID-19, curso y examen de capacitaci\u00f3n ser\u00e1n en l\u00ednea -El contenido ya est\u00e1 disponible en: http:\/\/irhveracruz.org\/curso\/, y el examen se aplicar\u00e1 de este mi\u00e9rcoles hasta el 30 [&hellip;]\" \/>\n<meta property=\"og:url\" content=\"https:\/\/lospoliticosveracruz.com\/?p=53737\" \/>\n<meta property=\"og:site_name\" content=\"Los pol\u00edticos Veracruz\" \/>\n<meta property=\"article:publisher\" content=\"https:\/\/www.facebook.com\/people\/Notimemes-de-los-Polticos\/61565672886568\/\" \/>\n<meta property=\"article:published_time\" content=\"2020-03-25T18:47:39+00:00\" \/>\n<meta property=\"og:image\" content=\"https:\/\/lospoliticosveracruz.com\/wp-content\/uploads\/2016\/07\/Logo-Dor.jpg\" \/>\n\t<meta property=\"og:image:width\" content=\"200\" \/>\n\t<meta property=\"og:image:height\" content=\"200\" \/>\n\t<meta property=\"og:image:type\" content=\"image\/jpeg\" \/>\n<meta name=\"author\" content=\"Lo viste en Los Pol\u00edticos\" \/>\n<meta name=\"twitter:card\" content=\"summary_large_image\" \/>\n<meta name=\"twitter:creator\" content=\"@LosPoliticosVer\" \/>\n<meta name=\"twitter:site\" content=\"@LosPoliticosVer\" \/>\n<meta name=\"twitter:label1\" content=\"Escrito por\" \/>\n\t<meta name=\"twitter:data1\" content=\"Lo viste en Los Pol\u00edticos\" \/>\n\t<meta name=\"twitter:label2\" content=\"Tiempo de lectura\" \/>\n\t<meta name=\"twitter:data2\" content=\"2 minutos\" \/>\n<script type=\"application\/ld+json\" class=\"yoast-schema-graph\">{\"@context\":\"https:\\\/\\\/schema.org\",\"@graph\":[{\"@type\":\"Article\",\"@id\":\"https:\\\/\\\/lospoliticosveracruz.com\\\/?p=53737#article\",\"isPartOf\":{\"@id\":\"https:\\\/\\\/lospoliticosveracruz.com\\\/?p=53737\"},\"author\":{\"name\":\"Lo viste en Los Pol\u00edticos\",\"@id\":\"https:\\\/\\\/lospoliticosveracruz.com\\\/#\\\/schema\\\/person\\\/b8702bb0e538456e6efd07080bf2a4a2\"},\"headline\":\"Curso en l\u00ednea para aspirantes a los CM del PRI\",\"datePublished\":\"2020-03-25T18:47:39+00:00\",\"mainEntityOfPage\":{\"@id\":\"https:\\\/\\\/lospoliticosveracruz.com\\\/?p=53737\"},\"wordCount\":330,\"commentCount\":0,\"publisher\":{\"@id\":\"https:\\\/\\\/lospoliticosveracruz.com\\\/#organization\"},\"keywords\":[\"Comit\u00e9s Municipales\",\"coronavirus\",\"Covid 19\",\"Instituto Reyes Heroles\",\"OMS\",\"PRI\",\"Secretar\u00eda de Salud\",\"Veracruz\"],\"articleSection\":[\"De Boleto\"],\"inLanguage\":\"es\",\"potentialAction\":[{\"@type\":\"CommentAction\",\"name\":\"Comment\",\"target\":[\"https:\\\/\\\/lospoliticosveracruz.com\\\/?p=53737#respond\"]}]},{\"@type\":\"WebPage\",\"@id\":\"https:\\\/\\\/lospoliticosveracruz.com\\\/?p=53737\",\"url\":\"https:\\\/\\\/lospoliticosveracruz.com\\\/?p=53737\",\"name\":\"Curso en l\u00ednea para aspirantes a los CM del PRI - Los pol\u00edticos Veracruz\",\"isPartOf\":{\"@id\":\"https:\\\/\\\/lospoliticosveracruz.com\\\/#website\"},\"datePublished\":\"2020-03-25T18:47:39+00:00\",\"breadcrumb\":{\"@id\":\"https:\\\/\\\/lospoliticosveracruz.com\\\/?p=53737#breadcrumb\"},\"inLanguage\":\"es\",\"potentialAction\":[{\"@type\":\"ReadAction\",\"target\":[\"https:\\\/\\\/lospoliticosveracruz.com\\\/?p=53737\"]}]},{\"@type\":\"BreadcrumbList\",\"@id\":\"https:\\\/\\\/lospoliticosveracruz.com\\\/?p=53737#breadcrumb\",\"itemListElement\":[{\"@type\":\"ListItem\",\"position\":1,\"name\":\"Portada\",\"item\":\"https:\\\/\\\/lospoliticosveracruz.com\\\/\"},{\"@type\":\"ListItem\",\"position\":2,\"name\":\"Curso en l\u00ednea para aspirantes a los CM del PRI\"}]},{\"@type\":\"WebSite\",\"@id\":\"https:\\\/\\\/lospoliticosveracruz.com\\\/#website\",\"url\":\"https:\\\/\\\/lospoliticosveracruz.com\\\/\",\"name\":\"Los pol\u00edticos Veracruz\",\"description\":\"\",\"publisher\":{\"@id\":\"https:\\\/\\\/lospoliticosveracruz.com\\\/#organization\"},\"potentialAction\":[{\"@type\":\"SearchAction\",\"target\":{\"@type\":\"EntryPoint\",\"urlTemplate\":\"https:\\\/\\\/lospoliticosveracruz.com\\\/?s={search_term_string}\"},\"query-input\":{\"@type\":\"PropertyValueSpecification\",\"valueRequired\":true,\"valueName\":\"search_term_string\"}}],\"inLanguage\":\"es\"},{\"@type\":\"Organization\",\"@id\":\"https:\\\/\\\/lospoliticosveracruz.com\\\/#organization\",\"name\":\"Los pol\u00edticos Veracruz\",\"url\":\"https:\\\/\\\/lospoliticosveracruz.com\\\/\",\"logo\":{\"@type\":\"ImageObject\",\"inLanguage\":\"es\",\"@id\":\"https:\\\/\\\/lospoliticosveracruz.com\\\/#\\\/schema\\\/logo\\\/image\\\/\",\"url\":\"https:\\\/\\\/lospoliticosveracruz.com\\\/wp-content\\\/uploads\\\/2025\\\/12\\\/Logo-Nuevo-LOS-POLITICOS-1.jpg\",\"contentUrl\":\"https:\\\/\\\/lospoliticosveracruz.com\\\/wp-content\\\/uploads\\\/2025\\\/12\\\/Logo-Nuevo-LOS-POLITICOS-1.jpg\",\"width\":260,\"height\":70,\"caption\":\"Los pol\u00edticos Veracruz\"},\"image\":{\"@id\":\"https:\\\/\\\/lospoliticosveracruz.com\\\/#\\\/schema\\\/logo\\\/image\\\/\"},\"sameAs\":[\"https:\\\/\\\/www.facebook.com\\\/people\\\/Notimemes-de-los-Polticos\\\/61565672886568\\\/\",\"https:\\\/\\\/x.com\\\/LosPoliticosVer\"]},{\"@type\":\"Person\",\"@id\":\"https:\\\/\\\/lospoliticosveracruz.com\\\/#\\\/schema\\\/person\\\/b8702bb0e538456e6efd07080bf2a4a2\",\"name\":\"Lo viste en Los Pol\u00edticos\",\"image\":{\"@type\":\"ImageObject\",\"inLanguage\":\"es\",\"@id\":\"https:\\\/\\\/secure.gravatar.com\\\/avatar\\\/3a8de04a2656d44082be478bd6c086daa447c4651605818287b9532d3d0bd435?s=96&d=mm&r=g\",\"url\":\"https:\\\/\\\/secure.gravatar.com\\\/avatar\\\/3a8de04a2656d44082be478bd6c086daa447c4651605818287b9532d3d0bd435?s=96&d=mm&r=g\",\"contentUrl\":\"https:\\\/\\\/secure.gravatar.com\\\/avatar\\\/3a8de04a2656d44082be478bd6c086daa447c4651605818287b9532d3d0bd435?s=96&d=mm&r=g\",\"caption\":\"Lo viste en Los Pol\u00edticos\"},\"url\":\"https:\\\/\\\/lospoliticosveracruz.com\\\/?author=2\"}]}<\/script>\n<!-- \/ Yoast SEO plugin. -->","yoast_head_json":{"title":"Curso en l\u00ednea para aspirantes a los CM del PRI - Los pol\u00edticos Veracruz","robots":{"index":"index","follow":"follow","max-snippet":"max-snippet:-1","max-image-preview":"max-image-preview:large","max-video-preview":"max-video-preview:-1"},"canonical":"https:\/\/lospoliticosveracruz.com\/?p=53737","og_locale":"es_ES","og_type":"article","og_title":"Curso en l\u00ednea para aspirantes a los CM del PRI - Los pol\u00edticos Veracruz","og_description":"\u2013Se lanza convocatoria previa al inicio del proceso de elecci\u00f3n para presidentes de Comit\u00e9s Municipales del PRI en Veracruz -En atenci\u00f3n a las recomendaciones emitidas por OMS\u00a0ante el COVID-19, curso y examen de capacitaci\u00f3n ser\u00e1n en l\u00ednea -El contenido ya est\u00e1 disponible en: http:\/\/irhveracruz.org\/curso\/, y el examen se aplicar\u00e1 de este mi\u00e9rcoles hasta el 30 [&hellip;]","og_url":"https:\/\/lospoliticosveracruz.com\/?p=53737","og_site_name":"Los pol\u00edticos Veracruz","article_publisher":"https:\/\/www.facebook.com\/people\/Notimemes-de-los-Polticos\/61565672886568\/","article_published_time":"2020-03-25T18:47:39+00:00","og_image":[{"width":200,"height":200,"url":"https:\/\/lospoliticosveracruz.com\/wp-content\/uploads\/2016\/07\/Logo-Dor.jpg","type":"image\/jpeg"}],"author":"Lo viste en Los Pol\u00edticos","twitter_card":"summary_large_image","twitter_creator":"@LosPoliticosVer","twitter_site":"@LosPoliticosVer","twitter_misc":{"Escrito por":"Lo viste en Los Pol\u00edticos","Tiempo de lectura":"2 minutos"},"schema":{"@context":"https:\/\/schema.org","@graph":[{"@type":"Article","@id":"https:\/\/lospoliticosveracruz.com\/?p=53737#article","isPartOf":{"@id":"https:\/\/lospoliticosveracruz.com\/?p=53737"},"author":{"name":"Lo viste en Los Pol\u00edticos","@id":"https:\/\/lospoliticosveracruz.com\/#\/schema\/person\/b8702bb0e538456e6efd07080bf2a4a2"},"headline":"Curso en l\u00ednea para aspirantes a los CM del PRI","datePublished":"2020-03-25T18:47:39+00:00","mainEntityOfPage":{"@id":"https:\/\/lospoliticosveracruz.com\/?p=53737"},"wordCount":330,"commentCount":0,"publisher":{"@id":"https:\/\/lospoliticosveracruz.com\/#organization"},"keywords":["Comit\u00e9s Municipales","coronavirus","Covid 19","Instituto Reyes Heroles","OMS","PRI","Secretar\u00eda de Salud","Veracruz"],"articleSection":["De Boleto"],"inLanguage":"es","potentialAction":[{"@type":"CommentAction","name":"Comment","target":["https:\/\/lospoliticosveracruz.com\/?p=53737#respond"]}]},{"@type":"WebPage","@id":"https:\/\/lospoliticosveracruz.com\/?p=53737","url":"https:\/\/lospoliticosveracruz.com\/?p=53737","name":"Curso en l\u00ednea para aspirantes a los CM del PRI - Los pol\u00edticos Veracruz","isPartOf":{"@id":"https:\/\/lospoliticosveracruz.com\/#website"},"datePublished":"2020-03-25T18:47:39+00:00","breadcrumb":{"@id":"https:\/\/lospoliticosveracruz.com\/?p=53737#breadcrumb"},"inLanguage":"es","potentialAction":[{"@type":"ReadAction","target":["https:\/\/lospoliticosveracruz.com\/?p=53737"]}]},{"@type":"BreadcrumbList","@id":"https:\/\/lospoliticosveracruz.com\/?p=53737#breadcrumb","itemListElement":[{"@type":"ListItem","position":1,"name":"Portada","item":"https:\/\/lospoliticosveracruz.com\/"},{"@type":"ListItem","position":2,"name":"Curso en l\u00ednea para aspirantes a los CM del PRI"}]},{"@type":"WebSite","@id":"https:\/\/lospoliticosveracruz.com\/#website","url":"https:\/\/lospoliticosveracruz.com\/","name":"Los pol\u00edticos Veracruz","description":"","publisher":{"@id":"https:\/\/lospoliticosveracruz.com\/#organization"},"potentialAction":[{"@type":"SearchAction","target":{"@type":"EntryPoint","urlTemplate":"https:\/\/lospoliticosveracruz.com\/?s={search_term_string}"},"query-input":{"@type":"PropertyValueSpecification","valueRequired":true,"valueName":"search_term_string"}}],"inLanguage":"es"},{"@type":"Organization","@id":"https:\/\/lospoliticosveracruz.com\/#organization","name":"Los pol\u00edticos Veracruz","url":"https:\/\/lospoliticosveracruz.com\/","logo":{"@type":"ImageObject","inLanguage":"es","@id":"https:\/\/lospoliticosveracruz.com\/#\/schema\/logo\/image\/","url":"https:\/\/lospoliticosveracruz.com\/wp-content\/uploads\/2025\/12\/Logo-Nuevo-LOS-POLITICOS-1.jpg","contentUrl":"https:\/\/lospoliticosveracruz.com\/wp-content\/uploads\/2025\/12\/Logo-Nuevo-LOS-POLITICOS-1.jpg","width":260,"height":70,"caption":"Los pol\u00edticos Veracruz"},"image":{"@id":"https:\/\/lospoliticosveracruz.com\/#\/schema\/logo\/image\/"},"sameAs":["https:\/\/www.facebook.com\/people\/Notimemes-de-los-Polticos\/61565672886568\/","https:\/\/x.com\/LosPoliticosVer"]},{"@type":"Person","@id":"https:\/\/lospoliticosveracruz.com\/#\/schema\/person\/b8702bb0e538456e6efd07080bf2a4a2","name":"Lo viste en Los Pol\u00edticos","image":{"@type":"ImageObject","inLanguage":"es","@id":"https:\/\/secure.gravatar.com\/avatar\/3a8de04a2656d44082be478bd6c086daa447c4651605818287b9532d3d0bd435?s=96&d=mm&r=g","url":"https:\/\/secure.gravatar.com\/avatar\/3a8de04a2656d44082be478bd6c086daa447c4651605818287b9532d3d0bd435?s=96&d=mm&r=g","contentUrl":"https:\/\/secure.gravatar.com\/avatar\/3a8de04a2656d44082be478bd6c086daa447c4651605818287b9532d3d0bd435?s=96&d=mm&r=g","caption":"Lo viste en Los Pol\u00edticos"},"url":"https:\/\/lospoliticosveracruz.com\/?author=2"}]}},"_links":{"self":[{"href":"https:\/\/lospoliticosveracruz.com\/index.php?rest_route=\/wp\/v2\/posts\/53737","targetHints":{"allow":["GET"]}}],"collection":[{"href":"https:\/\/lospoliticosveracruz.com\/index.php?rest_route=\/wp\/v2\/posts"}],"about":[{"href":"https:\/\/lospoliticosveracruz.com\/index.php?rest_route=\/wp\/v2\/types\/post"}],"author":[{"embeddable":true,"href":"https:\/\/lospoliticosveracruz.com\/index.php?rest_route=\/wp\/v2\/users\/2"}],"replies":[{"embeddable":true,"href":"https:\/\/lospoliticosveracruz.com\/index.php?rest_route=%2Fwp%2Fv2%2Fcomments&post=53737"}],"version-history":[{"count":1,"href":"https:\/\/lospoliticosveracruz.com\/index.php?rest_route=\/wp\/v2\/posts\/53737\/revisions"}],"predecessor-version":[{"id":53739,"href":"https:\/\/lospoliticosveracruz.com\/index.php?rest_route=\/wp\/v2\/posts\/53737\/revisions\/53739"}],"wp:attachment":[{"href":"https:\/\/lospoliticosveracruz.com\/index.php?rest_route=%2Fwp%2Fv2%2Fmedia&parent=53737"}],"wp:term":[{"taxonomy":"category","embeddable":true,"href":"https:\/\/lospoliticosveracruz.com\/index.php?rest_route=%2Fwp%2Fv2%2Fcategories&post=53737"},{"taxonomy":"post_tag","embeddable":true,"href":"https:\/\/lospoliticosveracruz.com\/index.php?rest_route=%2Fwp%2Fv2%2Ftags&post=53737"}],"curies":[{"name":"wp","href":"https:\/\/api.w.org\/{rel}","templated":true}]}}