{"id":53783,"date":"2020-03-26T10:12:19","date_gmt":"2020-03-26T16:12:19","guid":{"rendered":"http:\/\/www.lospoliticosveracruz.com.mx\/?p=53783"},"modified":"2020-03-26T10:12:19","modified_gmt":"2020-03-26T16:12:19","slug":"sin-limite-de-tiempo","status":"publish","type":"post","link":"https:\/\/lospoliticosveracruz.com\/?p=53783","title":{"rendered":"Sin l\u00edmite de tiempo"},"content":{"rendered":"<p><strong>Ricardo Ch\u00faa<\/strong><\/p>\n<p><em>Sale y Vale<\/em><\/p>\n<p>OJO&#8230; Mientras el sector salud de Veracruz no tenga LAS PRUEBAS suficientes y se tenga abastecidos a hospitales p\u00fablicos y privados&#8230; Para que la ciudadan\u00eda en general que tenga alg\u00fan s\u00edntoma de \u00abCORONAVIRUS\u00bb se las realice&#8230; Todas las cifras y datos sobre la cantidad de enfermos que se presentan cada noche y que siguen siendo los mismos 7 casos en la entidad, siempre quedar\u00e1n bajo sospechas&#8230; Y se tendr\u00e1 SOSPECHA que el gobierno de Cuitl\u00e1huac Garc\u00eda miente en las cifras&#8230;<\/p>\n<p>As\u00ed que podr\u00e1n estar dando \u00abshow\u00bb pol\u00edtico los funcionarios estatales como Eric Cisneros&#8230; Mandando a grupos de whatsapps de empleados de gobierno para que compartieran las ligas de medios de comunicaci\u00f3n que publicaron cuando llam\u00f3 \u00abChiquito\u00bb a Fernando Yunes&#8230; Si, finalmente, NO LO DOBL\u00d3&#8230; El mun\u00edcipe finalmente dijo que no cambiar\u00e1 postura&#8230; Pero la pelea no tiene importancia&#8230; La atenci\u00f3n debe estar en que los hospitales tengan la pruebas para realizar el diagnostico si un ciudadano esta enfermo o no&#8230; Lo dem\u00e1s no tiene importancia&#8230;<\/p>\n<p>Y si lo quieren mirar pol\u00edticamente, Cuitl\u00e1huac, Cisneros y Ramos Alor tienen que \u00abponer sus barbas a remojar\u00bb si ayer en las encuestas y sondeos publicados de la Empresa GEA se\u00f1alan que por primera vez en los 16 meses que lleva de Presidente de M\u00e9xico, Andr\u00e9s ;Manuel L\u00f3pez Obrador, FUE DESAPROBADO como gobernante por la sociedad mexicana&#8230; Si as\u00ed se encuentra AMLO&#8230;. Imaginen como se est\u00e1 el gobierno de Veracruz de Cuitl\u00e1huac Garc\u00eda&#8230;. No es demagogia.. Fue falta de sentido com\u00fan&#8230; De ellos como gobernantes&#8230; TAN&#8230; TAN&#8230;<\/p>\n<p>LA INSOPORTABLE LEVEDAD DEL SER&#8230; La lucha contin\u00faa&#8230; Est\u00e9ril e in\u00fatil pero contin\u00faa&#8230; Entre el secretario de Gobierno, Eric Cisneros Burgos y el alcalde, Fernando Yunes&#8230; Cada uno por separado los entrevist\u00f3 el periodista radiof\u00f3nico, Jorge Malpica, del noticiero de \u00abM\u00e1s Latina 96.5\u00bb y siguieron en sus posturas&#8230; Uno llam\u00e1ndolo \u00abChiquito\u00bb y el otro citando \u00abque el gobernador prefiere dar clases de matem\u00e1ticas por TV, en lugar de reunirse con los alcaldes\u00bb para ver la pandem\u00eda del Coronavirus&#8230;Duro y a la cabeza&#8230;<\/p>\n<p>Peor aun&#8230; Si al gobierno estatal poco le importa el ayuntamiento de Veracruz para qu\u00e9 manda un oficio queriendo hacer \u00abvaler\u00bb autoridad&#8230; Si Yunes le dijo que esta ha sido la \u00daNICA comunicaci\u00f3n entre Estado y municipio&#8230; As\u00ed que el oficio de Eric Cisneros es \u00abcomo un llamado a misa\u00bb&#8230; Creen que el mun\u00edcipe le har\u00e1 caso&#8230; Una pura y dos con sal&#8230; Menos si no lo han invitado al comit\u00e9 de salud&#8230; Y el secretario de Gobierno call\u00f3 en eso&#8230; No dijo nada&#8230; Y el silencio siempre es c\u00f3mplice de los hechos&#8230;.<\/p>\n<p>As\u00ed que en comparaci\u00f3n de otros gobernadores: Jalisco, CDMX, Yucat\u00e1n&#8230; Cuitl\u00e1huac, de Veracruz, se va quedando atr\u00e1s&#8230; La alcaldesa de Tamiahua, Citlali Medell\u00edn, se \u00abpaso por el arco del triunfo\u00bb la Constituci\u00f3n M\u00e9xicana&#8230; Violaci\u00f3n de las garant\u00edas individuales (son derechos humanos)&#8230; Y ni Cuitl\u00e1huac, ni Cisneros&#8230; Menos Manuel Huerta dijeron absolutamente nada&#8230; Les vali\u00f3 Tamiahua&#8230; Les vali\u00f3 Xalapa, Coaztacoalcos, Cosoleacaque&#8230; Tecolutla&#8230; Pero Veracruz \u00bfpor qu\u00e9?&#8230; Hay contingencia sanitaria como para andar perdiendo el tiempo&#8230;<\/p>\n<p>Hay una pandemia que lleg\u00f3 a Veracruz&#8230; Y es innecesario esas peleas porque hay 185 pa\u00edses del mundo que lo est\u00e1n combatiendo y el segundo hombre m\u00e1s importante del gobierno estatal, se encuentra dedicado de llamar \u00abchiquito\u00bb a un alcalde&#8230; Y dice que este tema no es pol\u00edtico&#8230; Le pide que acate lo que dice el comit\u00e9 estatal de salud&#8230; Pero Cisneros qued\u00f3 atrasado cuando ya gobernadores rebasaron al propio Presidente&#8230; \u00bfQui\u00e9n le har\u00e1 caso a Cuitl\u00e1huac?&#8230; \u00bfCitlali, Hipo-Crito?&#8230; Al parecer no&#8230;<\/p>\n<p>En Ciencia Pol\u00edtica, en los a\u00f1os 90s, se acu\u00f1\u00f3 un nuevo concepto para el caso mexicano ante el pluralismo, que es el de \u00abGobiernos Yuxtapuestos\u00bb, que significa que gobierna un partido distinto en el plano federal, estatal y municipal&#8230; Eso es lo que no han entendido los gobernantes de MORENA&#8230; Dado lo anterior, la toma de decisi\u00f3n en cada uno de los niveles de gobierno depende de el curso de los acontecimientos, y ya pasamos de la administraci\u00f3n p\u00fablica a las pol\u00edticas p\u00fablicas&#8230;<\/p>\n<p>Pero el tema que se puede deducir con estas paleas&#8230; Es que se ve m\u00e1s como un asunto propio de los pol\u00edticos integrantes de MORENA&#8230; Donde al final, se ve que es un asunto de clases sociales, de resentidos o rencorosos en contra de los que nacieron en \u00abcuna de oro\u00bb como Fernando Yunes&#8230; Quiz\u00e1s por eso Cisneros no los soporta&#8230; Ya que por ser hijo de qui\u00e9n es, Fernando naci\u00f3 dentro una clase pol\u00edtica priista y despu\u00e9s panista&#8230; Y no se les puede llamar oportunistas, ni advenedizos&#8230; O habr\u00e1 otra raz\u00f3n&#8230;.<\/p>\n<p>Por eso es que los gobernantes de MORENA en Veracruz&#8230; Prefieren \u00abla camorra\u00bb que a la negociaci\u00f3n&#8230; Los ejemplos son muy claros, all\u00ed est\u00e1 el caso Actopan y el grupo ind\u00edgena de \u00abRacimos\u00bb, ya que con ellos que necesidad hab\u00eda de \u00abmadrear\u00bb y no cumplir con la ley&#8230;. Pero les vale, todo el tema es por el 2021&#8230; En plena contingencia sanitaria, pelearse por \u00abJALADAS\u00bb, es no tener sentido com\u00fan y menos conciencia&#8230; Del perfil pol\u00edtico, ni hablamos&#8230; Peque\u00f1o y negro&#8230; DIOS SI PERDONA,.. LA CIUDADAN\u00cdA NO&#8230;<\/p>\n<p>PD&#8230; Los veracruzanos no nos debemos dejar llevarnos por los falsos rumores y las p\u00e1ginas de redes sociales conocidas como \u00abFake News\u00bb&#8230; En este momento que estamos en una etapa de contingencia sanitaria por el Coronavirus&#8230; No es la hora de difundir acciones que pueden significar un delito grave&#8230; M\u00e1s si ahora la autoridad tiene que llevar sus esfuerzos por contener la propagaci\u00f3n de esta enfermedad&#8230; No hay que hacer caso a los rumores de saqueos en centros comerciales o promoverlos a trav\u00e9s de estos sitios por Internet&#8230;<\/p>\n<p>Los da\u00f1os pueden ser graves para quienes lo promueven&#8230; No hay que dejarse llevar por el miedo del desabasto y por eso los saqueos&#8230; Si saben de estas publicaciones denuncien&#8230; Para que las autoridades del orden est\u00e9n pendientes del virus porque hay paz social&#8230; Lo que menos necesita Veracruz es caos en calles y centros comerciales&#8230; Eso har\u00e1 que la pandemia dure m\u00e1s tiempo&#8230; El Estado ha sido rebasado por el virus&#8230; No tiene que ser rebasado ahora por estos delitos&#8230; Veracruz, pese a todo, no se lo merece&#8230; La sociedad debe poner el ejemplo&#8230;<\/p>\n","protected":false},"excerpt":{"rendered":"<p>Ricardo Ch\u00faa Sale y Vale OJO&#8230; Mientras el sector salud de Veracruz no tenga LAS PRUEBAS suficientes y se tenga abastecidos a hospitales p\u00fablicos y privados&#8230; Para que la ciudadan\u00eda en general que tenga alg\u00fan s\u00edntoma de \u00abCORONAVIRUS\u00bb se las realice&#8230; Todas las cifras y datos sobre la cantidad de enfermos que se presentan cada [&hellip;]<\/p>\n","protected":false},"author":2,"featured_media":0,"comment_status":"open","ping_status":"open","sticky":false,"template":"","format":"standard","meta":{"tdm_status":"","tdm_grid_status":"","footnotes":""},"categories":[70],"tags":[618,17124,17125,16264,375,16673,1563,12299,535,10317,1026,13604,12606,2837,6135,195,96],"class_list":{"0":"post-53783","1":"post","2":"type-post","3":"status-publish","4":"format-standard","6":"category-de-opinion","7":"tag-andres-manuel-lopez-obrador","8":"tag-citlali-medellin","9":"tag-coaztacoalcos","10":"tag-coronavirus","11":"tag-cosoleacaque","12":"tag-covid-19","13":"tag-cuitlahuac-garcia-jimenez","14":"tag-eric-cisneros-burgos","15":"tag-fernando-yunes","16":"tag-manuel-huerta","17":"tag-morena","18":"tag-ricardo-chua","19":"tag-roberto-ramos-alor","20":"tag-tamiahua","21":"tag-tecolutla","22":"tag-veracruz","23":"tag-xalapa"},"yoast_head":"<!-- This site is optimized with the Yoast SEO plugin v27.4 - https:\/\/yoast.com\/product\/yoast-seo-wordpress\/ -->\n<title>Sin l\u00edmite de tiempo - Los pol\u00edticos Veracruz<\/title>\n<meta name=\"robots\" content=\"index, follow, max-snippet:-1, max-image-preview:large, max-video-preview:-1\" \/>\n<link rel=\"canonical\" href=\"https:\/\/lospoliticosveracruz.com\/?p=53783\" \/>\n<meta property=\"og:locale\" content=\"es_ES\" \/>\n<meta property=\"og:type\" content=\"article\" \/>\n<meta property=\"og:title\" content=\"Sin l\u00edmite de tiempo - Los pol\u00edticos Veracruz\" \/>\n<meta property=\"og:description\" content=\"Ricardo Ch\u00faa Sale y Vale OJO&#8230; Mientras el sector salud de Veracruz no tenga LAS PRUEBAS suficientes y se tenga abastecidos a hospitales p\u00fablicos y privados&#8230; Para que la ciudadan\u00eda en general que tenga alg\u00fan s\u00edntoma de \u00abCORONAVIRUS\u00bb se las realice&#8230; Todas las cifras y datos sobre la cantidad de enfermos que se presentan cada [&hellip;]\" \/>\n<meta property=\"og:url\" content=\"https:\/\/lospoliticosveracruz.com\/?p=53783\" \/>\n<meta property=\"og:site_name\" content=\"Los pol\u00edticos Veracruz\" \/>\n<meta property=\"article:publisher\" content=\"https:\/\/www.facebook.com\/people\/Notimemes-de-los-Polticos\/61565672886568\/\" \/>\n<meta property=\"article:published_time\" content=\"2020-03-26T16:12:19+00:00\" \/>\n<meta property=\"og:image\" content=\"https:\/\/lospoliticosveracruz.com\/wp-content\/uploads\/2016\/07\/Logo-Dor.jpg\" \/>\n\t<meta property=\"og:image:width\" content=\"200\" \/>\n\t<meta property=\"og:image:height\" content=\"200\" \/>\n\t<meta property=\"og:image:type\" content=\"image\/jpeg\" \/>\n<meta name=\"author\" content=\"Lo viste en Los Pol\u00edticos\" \/>\n<meta name=\"twitter:card\" content=\"summary_large_image\" \/>\n<meta name=\"twitter:creator\" content=\"@LosPoliticosVer\" \/>\n<meta name=\"twitter:site\" content=\"@LosPoliticosVer\" \/>\n<meta name=\"twitter:label1\" content=\"Escrito por\" \/>\n\t<meta name=\"twitter:data1\" content=\"Lo viste en Los Pol\u00edticos\" \/>\n\t<meta name=\"twitter:label2\" content=\"Tiempo de lectura\" \/>\n\t<meta name=\"twitter:data2\" content=\"6 minutos\" \/>\n<script type=\"application\/ld+json\" class=\"yoast-schema-graph\">{\"@context\":\"https:\\\/\\\/schema.org\",\"@graph\":[{\"@type\":\"Article\",\"@id\":\"https:\\\/\\\/lospoliticosveracruz.com\\\/?p=53783#article\",\"isPartOf\":{\"@id\":\"https:\\\/\\\/lospoliticosveracruz.com\\\/?p=53783\"},\"author\":{\"name\":\"Lo viste en Los Pol\u00edticos\",\"@id\":\"https:\\\/\\\/lospoliticosveracruz.com\\\/#\\\/schema\\\/person\\\/b8702bb0e538456e6efd07080bf2a4a2\"},\"headline\":\"Sin l\u00edmite de tiempo\",\"datePublished\":\"2020-03-26T16:12:19+00:00\",\"mainEntityOfPage\":{\"@id\":\"https:\\\/\\\/lospoliticosveracruz.com\\\/?p=53783\"},\"wordCount\":1113,\"commentCount\":0,\"publisher\":{\"@id\":\"https:\\\/\\\/lospoliticosveracruz.com\\\/#organization\"},\"keywords\":[\"Andr\u00e9s Manuel L\u00f3pez Obrador\",\"Citlali Medell\u00edn\",\"Coaztacoalcos\",\"coronavirus\",\"Cosoleacaque\",\"Covid 19\",\"Cuitl\u00e1huac Garc\u00eda Jim\u00e9nez\",\"Eric Cisneros Burgos\",\"Fernando Yunes\",\"Manuel Huerta\",\"Morena\",\"Ricardo Ch\u00faa\",\"Roberto Ramos Alor\",\"Tamiahua\",\"Tecolutla\",\"Veracruz\",\"Xalapa\"],\"articleSection\":[\"De Opini\u00f3n\"],\"inLanguage\":\"es\",\"potentialAction\":[{\"@type\":\"CommentAction\",\"name\":\"Comment\",\"target\":[\"https:\\\/\\\/lospoliticosveracruz.com\\\/?p=53783#respond\"]}]},{\"@type\":\"WebPage\",\"@id\":\"https:\\\/\\\/lospoliticosveracruz.com\\\/?p=53783\",\"url\":\"https:\\\/\\\/lospoliticosveracruz.com\\\/?p=53783\",\"name\":\"Sin l\u00edmite de tiempo - Los pol\u00edticos Veracruz\",\"isPartOf\":{\"@id\":\"https:\\\/\\\/lospoliticosveracruz.com\\\/#website\"},\"datePublished\":\"2020-03-26T16:12:19+00:00\",\"breadcrumb\":{\"@id\":\"https:\\\/\\\/lospoliticosveracruz.com\\\/?p=53783#breadcrumb\"},\"inLanguage\":\"es\",\"potentialAction\":[{\"@type\":\"ReadAction\",\"target\":[\"https:\\\/\\\/lospoliticosveracruz.com\\\/?p=53783\"]}]},{\"@type\":\"BreadcrumbList\",\"@id\":\"https:\\\/\\\/lospoliticosveracruz.com\\\/?p=53783#breadcrumb\",\"itemListElement\":[{\"@type\":\"ListItem\",\"position\":1,\"name\":\"Portada\",\"item\":\"https:\\\/\\\/lospoliticosveracruz.com\\\/\"},{\"@type\":\"ListItem\",\"position\":2,\"name\":\"Sin l\u00edmite de tiempo\"}]},{\"@type\":\"WebSite\",\"@id\":\"https:\\\/\\\/lospoliticosveracruz.com\\\/#website\",\"url\":\"https:\\\/\\\/lospoliticosveracruz.com\\\/\",\"name\":\"Los pol\u00edticos Veracruz\",\"description\":\"\",\"publisher\":{\"@id\":\"https:\\\/\\\/lospoliticosveracruz.com\\\/#organization\"},\"potentialAction\":[{\"@type\":\"SearchAction\",\"target\":{\"@type\":\"EntryPoint\",\"urlTemplate\":\"https:\\\/\\\/lospoliticosveracruz.com\\\/?s={search_term_string}\"},\"query-input\":{\"@type\":\"PropertyValueSpecification\",\"valueRequired\":true,\"valueName\":\"search_term_string\"}}],\"inLanguage\":\"es\"},{\"@type\":\"Organization\",\"@id\":\"https:\\\/\\\/lospoliticosveracruz.com\\\/#organization\",\"name\":\"Los pol\u00edticos Veracruz\",\"url\":\"https:\\\/\\\/lospoliticosveracruz.com\\\/\",\"logo\":{\"@type\":\"ImageObject\",\"inLanguage\":\"es\",\"@id\":\"https:\\\/\\\/lospoliticosveracruz.com\\\/#\\\/schema\\\/logo\\\/image\\\/\",\"url\":\"https:\\\/\\\/lospoliticosveracruz.com\\\/wp-content\\\/uploads\\\/2025\\\/12\\\/Logo-Nuevo-LOS-POLITICOS-1.jpg\",\"contentUrl\":\"https:\\\/\\\/lospoliticosveracruz.com\\\/wp-content\\\/uploads\\\/2025\\\/12\\\/Logo-Nuevo-LOS-POLITICOS-1.jpg\",\"width\":260,\"height\":70,\"caption\":\"Los pol\u00edticos Veracruz\"},\"image\":{\"@id\":\"https:\\\/\\\/lospoliticosveracruz.com\\\/#\\\/schema\\\/logo\\\/image\\\/\"},\"sameAs\":[\"https:\\\/\\\/www.facebook.com\\\/people\\\/Notimemes-de-los-Polticos\\\/61565672886568\\\/\",\"https:\\\/\\\/x.com\\\/LosPoliticosVer\"]},{\"@type\":\"Person\",\"@id\":\"https:\\\/\\\/lospoliticosveracruz.com\\\/#\\\/schema\\\/person\\\/b8702bb0e538456e6efd07080bf2a4a2\",\"name\":\"Lo viste en Los Pol\u00edticos\",\"image\":{\"@type\":\"ImageObject\",\"inLanguage\":\"es\",\"@id\":\"https:\\\/\\\/secure.gravatar.com\\\/avatar\\\/3a8de04a2656d44082be478bd6c086daa447c4651605818287b9532d3d0bd435?s=96&d=mm&r=g\",\"url\":\"https:\\\/\\\/secure.gravatar.com\\\/avatar\\\/3a8de04a2656d44082be478bd6c086daa447c4651605818287b9532d3d0bd435?s=96&d=mm&r=g\",\"contentUrl\":\"https:\\\/\\\/secure.gravatar.com\\\/avatar\\\/3a8de04a2656d44082be478bd6c086daa447c4651605818287b9532d3d0bd435?s=96&d=mm&r=g\",\"caption\":\"Lo viste en Los Pol\u00edticos\"},\"url\":\"https:\\\/\\\/lospoliticosveracruz.com\\\/?author=2\"}]}<\/script>\n<!-- \/ Yoast SEO plugin. -->","yoast_head_json":{"title":"Sin l\u00edmite de tiempo - Los pol\u00edticos Veracruz","robots":{"index":"index","follow":"follow","max-snippet":"max-snippet:-1","max-image-preview":"max-image-preview:large","max-video-preview":"max-video-preview:-1"},"canonical":"https:\/\/lospoliticosveracruz.com\/?p=53783","og_locale":"es_ES","og_type":"article","og_title":"Sin l\u00edmite de tiempo - Los pol\u00edticos Veracruz","og_description":"Ricardo Ch\u00faa Sale y Vale OJO&#8230; Mientras el sector salud de Veracruz no tenga LAS PRUEBAS suficientes y se tenga abastecidos a hospitales p\u00fablicos y privados&#8230; Para que la ciudadan\u00eda en general que tenga alg\u00fan s\u00edntoma de \u00abCORONAVIRUS\u00bb se las realice&#8230; Todas las cifras y datos sobre la cantidad de enfermos que se presentan cada [&hellip;]","og_url":"https:\/\/lospoliticosveracruz.com\/?p=53783","og_site_name":"Los pol\u00edticos Veracruz","article_publisher":"https:\/\/www.facebook.com\/people\/Notimemes-de-los-Polticos\/61565672886568\/","article_published_time":"2020-03-26T16:12:19+00:00","og_image":[{"width":200,"height":200,"url":"https:\/\/lospoliticosveracruz.com\/wp-content\/uploads\/2016\/07\/Logo-Dor.jpg","type":"image\/jpeg"}],"author":"Lo viste en Los Pol\u00edticos","twitter_card":"summary_large_image","twitter_creator":"@LosPoliticosVer","twitter_site":"@LosPoliticosVer","twitter_misc":{"Escrito por":"Lo viste en Los Pol\u00edticos","Tiempo de lectura":"6 minutos"},"schema":{"@context":"https:\/\/schema.org","@graph":[{"@type":"Article","@id":"https:\/\/lospoliticosveracruz.com\/?p=53783#article","isPartOf":{"@id":"https:\/\/lospoliticosveracruz.com\/?p=53783"},"author":{"name":"Lo viste en Los Pol\u00edticos","@id":"https:\/\/lospoliticosveracruz.com\/#\/schema\/person\/b8702bb0e538456e6efd07080bf2a4a2"},"headline":"Sin l\u00edmite de tiempo","datePublished":"2020-03-26T16:12:19+00:00","mainEntityOfPage":{"@id":"https:\/\/lospoliticosveracruz.com\/?p=53783"},"wordCount":1113,"commentCount":0,"publisher":{"@id":"https:\/\/lospoliticosveracruz.com\/#organization"},"keywords":["Andr\u00e9s Manuel L\u00f3pez Obrador","Citlali Medell\u00edn","Coaztacoalcos","coronavirus","Cosoleacaque","Covid 19","Cuitl\u00e1huac Garc\u00eda Jim\u00e9nez","Eric Cisneros Burgos","Fernando Yunes","Manuel Huerta","Morena","Ricardo Ch\u00faa","Roberto Ramos Alor","Tamiahua","Tecolutla","Veracruz","Xalapa"],"articleSection":["De Opini\u00f3n"],"inLanguage":"es","potentialAction":[{"@type":"CommentAction","name":"Comment","target":["https:\/\/lospoliticosveracruz.com\/?p=53783#respond"]}]},{"@type":"WebPage","@id":"https:\/\/lospoliticosveracruz.com\/?p=53783","url":"https:\/\/lospoliticosveracruz.com\/?p=53783","name":"Sin l\u00edmite de tiempo - Los pol\u00edticos Veracruz","isPartOf":{"@id":"https:\/\/lospoliticosveracruz.com\/#website"},"datePublished":"2020-03-26T16:12:19+00:00","breadcrumb":{"@id":"https:\/\/lospoliticosveracruz.com\/?p=53783#breadcrumb"},"inLanguage":"es","potentialAction":[{"@type":"ReadAction","target":["https:\/\/lospoliticosveracruz.com\/?p=53783"]}]},{"@type":"BreadcrumbList","@id":"https:\/\/lospoliticosveracruz.com\/?p=53783#breadcrumb","itemListElement":[{"@type":"ListItem","position":1,"name":"Portada","item":"https:\/\/lospoliticosveracruz.com\/"},{"@type":"ListItem","position":2,"name":"Sin l\u00edmite de tiempo"}]},{"@type":"WebSite","@id":"https:\/\/lospoliticosveracruz.com\/#website","url":"https:\/\/lospoliticosveracruz.com\/","name":"Los pol\u00edticos Veracruz","description":"","publisher":{"@id":"https:\/\/lospoliticosveracruz.com\/#organization"},"potentialAction":[{"@type":"SearchAction","target":{"@type":"EntryPoint","urlTemplate":"https:\/\/lospoliticosveracruz.com\/?s={search_term_string}"},"query-input":{"@type":"PropertyValueSpecification","valueRequired":true,"valueName":"search_term_string"}}],"inLanguage":"es"},{"@type":"Organization","@id":"https:\/\/lospoliticosveracruz.com\/#organization","name":"Los pol\u00edticos Veracruz","url":"https:\/\/lospoliticosveracruz.com\/","logo":{"@type":"ImageObject","inLanguage":"es","@id":"https:\/\/lospoliticosveracruz.com\/#\/schema\/logo\/image\/","url":"https:\/\/lospoliticosveracruz.com\/wp-content\/uploads\/2025\/12\/Logo-Nuevo-LOS-POLITICOS-1.jpg","contentUrl":"https:\/\/lospoliticosveracruz.com\/wp-content\/uploads\/2025\/12\/Logo-Nuevo-LOS-POLITICOS-1.jpg","width":260,"height":70,"caption":"Los pol\u00edticos Veracruz"},"image":{"@id":"https:\/\/lospoliticosveracruz.com\/#\/schema\/logo\/image\/"},"sameAs":["https:\/\/www.facebook.com\/people\/Notimemes-de-los-Polticos\/61565672886568\/","https:\/\/x.com\/LosPoliticosVer"]},{"@type":"Person","@id":"https:\/\/lospoliticosveracruz.com\/#\/schema\/person\/b8702bb0e538456e6efd07080bf2a4a2","name":"Lo viste en Los Pol\u00edticos","image":{"@type":"ImageObject","inLanguage":"es","@id":"https:\/\/secure.gravatar.com\/avatar\/3a8de04a2656d44082be478bd6c086daa447c4651605818287b9532d3d0bd435?s=96&d=mm&r=g","url":"https:\/\/secure.gravatar.com\/avatar\/3a8de04a2656d44082be478bd6c086daa447c4651605818287b9532d3d0bd435?s=96&d=mm&r=g","contentUrl":"https:\/\/secure.gravatar.com\/avatar\/3a8de04a2656d44082be478bd6c086daa447c4651605818287b9532d3d0bd435?s=96&d=mm&r=g","caption":"Lo viste en Los Pol\u00edticos"},"url":"https:\/\/lospoliticosveracruz.com\/?author=2"}]}},"_links":{"self":[{"href":"https:\/\/lospoliticosveracruz.com\/index.php?rest_route=\/wp\/v2\/posts\/53783","targetHints":{"allow":["GET"]}}],"collection":[{"href":"https:\/\/lospoliticosveracruz.com\/index.php?rest_route=\/wp\/v2\/posts"}],"about":[{"href":"https:\/\/lospoliticosveracruz.com\/index.php?rest_route=\/wp\/v2\/types\/post"}],"author":[{"embeddable":true,"href":"https:\/\/lospoliticosveracruz.com\/index.php?rest_route=\/wp\/v2\/users\/2"}],"replies":[{"embeddable":true,"href":"https:\/\/lospoliticosveracruz.com\/index.php?rest_route=%2Fwp%2Fv2%2Fcomments&post=53783"}],"version-history":[{"count":1,"href":"https:\/\/lospoliticosveracruz.com\/index.php?rest_route=\/wp\/v2\/posts\/53783\/revisions"}],"predecessor-version":[{"id":53785,"href":"https:\/\/lospoliticosveracruz.com\/index.php?rest_route=\/wp\/v2\/posts\/53783\/revisions\/53785"}],"wp:attachment":[{"href":"https:\/\/lospoliticosveracruz.com\/index.php?rest_route=%2Fwp%2Fv2%2Fmedia&parent=53783"}],"wp:term":[{"taxonomy":"category","embeddable":true,"href":"https:\/\/lospoliticosveracruz.com\/index.php?rest_route=%2Fwp%2Fv2%2Fcategories&post=53783"},{"taxonomy":"post_tag","embeddable":true,"href":"https:\/\/lospoliticosveracruz.com\/index.php?rest_route=%2Fwp%2Fv2%2Ftags&post=53783"}],"curies":[{"name":"wp","href":"https:\/\/api.w.org\/{rel}","templated":true}]}}