{"id":54049,"date":"2020-04-06T10:06:53","date_gmt":"2020-04-06T15:06:53","guid":{"rendered":"http:\/\/www.lospoliticosveracruz.com.mx\/?p=54049"},"modified":"2020-04-06T10:06:53","modified_gmt":"2020-04-06T15:06:53","slug":"la-solidaridad-de-los-partidos-ante-la-pandemia","status":"publish","type":"post","link":"https:\/\/lospoliticosveracruz.com\/?p=54049","title":{"rendered":"La solidaridad de los partidos ante la pandemia"},"content":{"rendered":"<p><strong>Luis Alberto Romero<\/strong><\/p>\n<p><em>Hora cero<\/em><\/p>\n<p>El cuestionamiento al tema de las prerrogativas a los partidos pol\u00edticos \u2013dinero p\u00fablico que se destina a financiar la operaci\u00f3n de los institutos pol\u00edticos nacionales y estatales\u2013 ha estado vigente pr\u00e1cticamente desde la llegada de Andr\u00e9s Manuel L\u00f3pez Obrador a la Presidencia.<\/p>\n<p>En noviembre pasado, por ejemplo, el presidente urgi\u00f3 al Congreso a aprobar la iniciativa referente a la reducci\u00f3n de las prerrogativas; y en diciembre insisti\u00f3 en el tema y anunci\u00f3 que enviar\u00eda su iniciativa de reforma.<\/p>\n<p>El a\u00f1o pasado, Morena anunci\u00f3 su renuncia al 75 por ciento de las prerrogativas que por ley le corresponden; la medida fue inicialmente aceptada por la Direcci\u00f3n Ejecutiva de Prerrogativas y Partidos Pol\u00edticos del Instituto Nacional Electoral, pero en febrero del presente a\u00f1o, el Tribunal Electoral del Poder Judicial de la Federaci\u00f3n revoc\u00f3 la medida, argumentando que dicha dependencia del INE no tiene competencia en el asunto.<\/p>\n<p>De forma m\u00e1s reciente, el 31 de marzo, L\u00f3pez Obrador hizo un llamado a los partidos a regresar la mitad de las prerrogativas, debido al problema de la pandemia de coronavirus.<\/p>\n<p>El ejecutivo federal apel\u00f3 a la solidaridad de los partidos y apunt\u00f3 que ese dinero podr\u00eda servir para enfrentar la emergencia sanitaria en nuestro pa\u00eds.<\/p>\n<p>Si bien se trata de una decisi\u00f3n voluntaria de cada organizaci\u00f3n, la presi\u00f3n es cada vez mayor para que los partidos renuncien a una parte de sus prerrogativas.<\/p>\n<p>Alfonso Ram\u00edrez Cu\u00e9llar, dirigente nacional de Morena, por ejemplo, solicit\u00f3 el pasado 31 de marzo al INE retener la mitad del dinero de prerrogativas de 2020 para su partido, con lo que dicha fuerza pol\u00edtica renuncia a m\u00e1s de 826 millones de pesos.<\/p>\n<p>En la C\u00e1mara Baja, la diputada Sandra Paola Gonz\u00e1lez, tambi\u00e9n de Morena, se pronunci\u00f3 por que otros partidos hagan lo propio y destinen sus recursos al combate a la crisis sanitaria derivada de la pandemia de coronavirus.<\/p>\n<p>\u201cSe requiere la adaptaci\u00f3n de hospitales, adquisici\u00f3n de medicamentos, contrataci\u00f3n de personal. Es necesario tener todo el equipamiento para dar atenci\u00f3n inmediata a los pacientes que desafortunadamente adquieran el virus\u201d, apunt\u00f3 la legisladora.<\/p>\n<p>En Veracruz, Morena tiene la misma agenda: en d\u00edas pasados, el diputado presidente de la Junta de Coordinaci\u00f3n Pol\u00edtica, Juan Javier G\u00f3mez Cazar\u00edn, quien lidera la bancada, exhort\u00f3 a los partidos para que donen la mitad de sus prerrogativas, ante la emergencia sanitaria por Covid-19.<\/p>\n<p>En la entidad, si los partidos renunciaran a una parte sus recursos, la cifra que ser\u00eda canalizada al sector salud podr\u00eda superar los 150 millones de pesos, indic\u00f3 el legislador.<\/p>\n<p>Actualmente, los partidos pol\u00edticos con reconocimiento en Veracruz reciben 350 millones de pesos al a\u00f1o; G\u00f3mez Cazar\u00edn subray\u00f3 que de esa cifra se podr\u00edan destinar 150 millones, sin afectar las funciones de los partidos. Con ese recurso, agreg\u00f3, se podr\u00eda equipar hospitales y garantizar el abasto de medicamentos para atender la contingencia.<\/p>\n<p>\u00bfAlguna respuesta de otras fuerzas pol\u00edticas a ese llamado?, ninguna; la agenda de los partidos no parece considerar la renuncia a sus prerrogativas; a lo m\u00e1s que llegan es a denunciar deficiencias gubernamentales.<\/p>\n<p>El pasado 17 de marzo, por ejemplo, el dirigente estatal del PAN, Joaqu\u00edn Guzm\u00e1n Avil\u00e9s, acus\u00f3 que el Gobierno del Estado no act\u00faa con responsabilidad para prevenir los contagios, y responsabiliz\u00f3 a las autoridades estatales por el curso de la pandemia en la entidad.<\/p>\n<p>Su hom\u00f3logo priista, Marlon Ram\u00edrez Mar\u00edn, emiti\u00f3 un comunicado en el que apunta que el gobierno estatal debe solicitar a la federaci\u00f3n la devoluci\u00f3n de m\u00e1s de 3 mil 300 millones de pesos que corresponden al ejercicio 2019.<\/p>\n<p>El documento plantea seis acciones en materia de salud y contenci\u00f3n de la crisis econ\u00f3mica, pero de regresar las prerrogativas, nada. Parece que ante la pandemia, las agendas de PAN y PRI se concentran en la cr\u00edtica y las propuestas; pero de eso a tomar decisiones que da\u00f1en sus bolsillos hay una enorme distancia. @luisromero85<\/p>\n","protected":false},"excerpt":{"rendered":"<p>Luis Alberto Romero Hora cero El cuestionamiento al tema de las prerrogativas a los partidos pol\u00edticos \u2013dinero p\u00fablico que se destina a financiar la operaci\u00f3n de los institutos pol\u00edticos nacionales y estatales\u2013 ha estado vigente pr\u00e1cticamente desde la llegada de Andr\u00e9s Manuel L\u00f3pez Obrador a la Presidencia. En noviembre pasado, por ejemplo, el presidente urgi\u00f3 [&hellip;]<\/p>\n","protected":false},"author":2,"featured_media":0,"comment_status":"open","ping_status":"open","sticky":false,"template":"","format":"standard","meta":{"tdm_status":"","tdm_grid_status":"","footnotes":""},"categories":[70],"tags":[618,554,3288,12695,2669,2908,1026,266,16929,1709,314,17292],"class_list":{"0":"post-54049","1":"post","2":"type-post","3":"status-publish","4":"format-standard","6":"category-de-opinion","7":"tag-andres-manuel-lopez-obrador","8":"tag-ine","9":"tag-joaquin-guzman-aviles","10":"tag-juan-javier-gomez-cazarin","11":"tag-luis-alberto-romero","12":"tag-marlon-ramirez-marin","13":"tag-morena","14":"tag-pan","15":"tag-pandemia","16":"tag-partidos-politicos","17":"tag-prerrogativas","18":"tag-sandra-paola-gonzalez"},"yoast_head":"<!-- This site is optimized with the Yoast SEO plugin v27.4 - https:\/\/yoast.com\/product\/yoast-seo-wordpress\/ -->\n<title>La solidaridad de los partidos ante la pandemia - Los pol\u00edticos Veracruz<\/title>\n<meta name=\"robots\" content=\"index, follow, max-snippet:-1, max-image-preview:large, max-video-preview:-1\" \/>\n<link rel=\"canonical\" href=\"https:\/\/lospoliticosveracruz.com\/?p=54049\" \/>\n<meta property=\"og:locale\" content=\"es_ES\" \/>\n<meta property=\"og:type\" content=\"article\" \/>\n<meta property=\"og:title\" content=\"La solidaridad de los partidos ante la pandemia - Los pol\u00edticos Veracruz\" \/>\n<meta property=\"og:description\" content=\"Luis Alberto Romero Hora cero El cuestionamiento al tema de las prerrogativas a los partidos pol\u00edticos \u2013dinero p\u00fablico que se destina a financiar la operaci\u00f3n de los institutos pol\u00edticos nacionales y estatales\u2013 ha estado vigente pr\u00e1cticamente desde la llegada de Andr\u00e9s Manuel L\u00f3pez Obrador a la Presidencia. En noviembre pasado, por ejemplo, el presidente urgi\u00f3 [&hellip;]\" \/>\n<meta property=\"og:url\" content=\"https:\/\/lospoliticosveracruz.com\/?p=54049\" \/>\n<meta property=\"og:site_name\" content=\"Los pol\u00edticos Veracruz\" \/>\n<meta property=\"article:publisher\" content=\"https:\/\/www.facebook.com\/people\/Notimemes-de-los-Polticos\/61565672886568\/\" \/>\n<meta property=\"article:published_time\" content=\"2020-04-06T15:06:53+00:00\" \/>\n<meta property=\"og:image\" content=\"https:\/\/lospoliticosveracruz.com\/wp-content\/uploads\/2016\/07\/Logo-Dor.jpg\" \/>\n\t<meta property=\"og:image:width\" content=\"200\" \/>\n\t<meta property=\"og:image:height\" content=\"200\" \/>\n\t<meta property=\"og:image:type\" content=\"image\/jpeg\" \/>\n<meta name=\"author\" content=\"Lo viste en Los Pol\u00edticos\" \/>\n<meta name=\"twitter:card\" content=\"summary_large_image\" \/>\n<meta name=\"twitter:creator\" content=\"@LosPoliticosVer\" \/>\n<meta name=\"twitter:site\" content=\"@LosPoliticosVer\" \/>\n<meta name=\"twitter:label1\" content=\"Escrito por\" \/>\n\t<meta name=\"twitter:data1\" content=\"Lo viste en Los Pol\u00edticos\" \/>\n\t<meta name=\"twitter:label2\" content=\"Tiempo de lectura\" \/>\n\t<meta name=\"twitter:data2\" content=\"3 minutos\" \/>\n<script type=\"application\/ld+json\" class=\"yoast-schema-graph\">{\"@context\":\"https:\\\/\\\/schema.org\",\"@graph\":[{\"@type\":\"Article\",\"@id\":\"https:\\\/\\\/lospoliticosveracruz.com\\\/?p=54049#article\",\"isPartOf\":{\"@id\":\"https:\\\/\\\/lospoliticosveracruz.com\\\/?p=54049\"},\"author\":{\"name\":\"Lo viste en Los Pol\u00edticos\",\"@id\":\"https:\\\/\\\/lospoliticosveracruz.com\\\/#\\\/schema\\\/person\\\/b8702bb0e538456e6efd07080bf2a4a2\"},\"headline\":\"La solidaridad de los partidos ante la pandemia\",\"datePublished\":\"2020-04-06T15:06:53+00:00\",\"mainEntityOfPage\":{\"@id\":\"https:\\\/\\\/lospoliticosveracruz.com\\\/?p=54049\"},\"wordCount\":701,\"commentCount\":0,\"publisher\":{\"@id\":\"https:\\\/\\\/lospoliticosveracruz.com\\\/#organization\"},\"keywords\":[\"Andr\u00e9s Manuel L\u00f3pez Obrador\",\"INE\",\"Joaqu\u00edn Guzm\u00e1n Avil\u00e9s\",\"Juan Javier G\u00f3mez Cazar\u00edn\",\"Luis Alberto Romero\",\"Marlon Ram\u00edrez Mar\u00edn\",\"Morena\",\"PAN\",\"pandemia\",\"partidos pol\u00edticos\",\"prerrogativas\",\"Sandra Paola Gonz\u00e1lez\"],\"articleSection\":[\"De Opini\u00f3n\"],\"inLanguage\":\"es\",\"potentialAction\":[{\"@type\":\"CommentAction\",\"name\":\"Comment\",\"target\":[\"https:\\\/\\\/lospoliticosveracruz.com\\\/?p=54049#respond\"]}]},{\"@type\":\"WebPage\",\"@id\":\"https:\\\/\\\/lospoliticosveracruz.com\\\/?p=54049\",\"url\":\"https:\\\/\\\/lospoliticosveracruz.com\\\/?p=54049\",\"name\":\"La solidaridad de los partidos ante la pandemia - Los pol\u00edticos Veracruz\",\"isPartOf\":{\"@id\":\"https:\\\/\\\/lospoliticosveracruz.com\\\/#website\"},\"datePublished\":\"2020-04-06T15:06:53+00:00\",\"breadcrumb\":{\"@id\":\"https:\\\/\\\/lospoliticosveracruz.com\\\/?p=54049#breadcrumb\"},\"inLanguage\":\"es\",\"potentialAction\":[{\"@type\":\"ReadAction\",\"target\":[\"https:\\\/\\\/lospoliticosveracruz.com\\\/?p=54049\"]}]},{\"@type\":\"BreadcrumbList\",\"@id\":\"https:\\\/\\\/lospoliticosveracruz.com\\\/?p=54049#breadcrumb\",\"itemListElement\":[{\"@type\":\"ListItem\",\"position\":1,\"name\":\"Portada\",\"item\":\"https:\\\/\\\/lospoliticosveracruz.com\\\/\"},{\"@type\":\"ListItem\",\"position\":2,\"name\":\"La solidaridad de los partidos ante la pandemia\"}]},{\"@type\":\"WebSite\",\"@id\":\"https:\\\/\\\/lospoliticosveracruz.com\\\/#website\",\"url\":\"https:\\\/\\\/lospoliticosveracruz.com\\\/\",\"name\":\"Los pol\u00edticos Veracruz\",\"description\":\"\",\"publisher\":{\"@id\":\"https:\\\/\\\/lospoliticosveracruz.com\\\/#organization\"},\"potentialAction\":[{\"@type\":\"SearchAction\",\"target\":{\"@type\":\"EntryPoint\",\"urlTemplate\":\"https:\\\/\\\/lospoliticosveracruz.com\\\/?s={search_term_string}\"},\"query-input\":{\"@type\":\"PropertyValueSpecification\",\"valueRequired\":true,\"valueName\":\"search_term_string\"}}],\"inLanguage\":\"es\"},{\"@type\":\"Organization\",\"@id\":\"https:\\\/\\\/lospoliticosveracruz.com\\\/#organization\",\"name\":\"Los pol\u00edticos Veracruz\",\"url\":\"https:\\\/\\\/lospoliticosveracruz.com\\\/\",\"logo\":{\"@type\":\"ImageObject\",\"inLanguage\":\"es\",\"@id\":\"https:\\\/\\\/lospoliticosveracruz.com\\\/#\\\/schema\\\/logo\\\/image\\\/\",\"url\":\"https:\\\/\\\/lospoliticosveracruz.com\\\/wp-content\\\/uploads\\\/2025\\\/12\\\/Logo-Nuevo-LOS-POLITICOS-1.jpg\",\"contentUrl\":\"https:\\\/\\\/lospoliticosveracruz.com\\\/wp-content\\\/uploads\\\/2025\\\/12\\\/Logo-Nuevo-LOS-POLITICOS-1.jpg\",\"width\":260,\"height\":70,\"caption\":\"Los pol\u00edticos Veracruz\"},\"image\":{\"@id\":\"https:\\\/\\\/lospoliticosveracruz.com\\\/#\\\/schema\\\/logo\\\/image\\\/\"},\"sameAs\":[\"https:\\\/\\\/www.facebook.com\\\/people\\\/Notimemes-de-los-Polticos\\\/61565672886568\\\/\",\"https:\\\/\\\/x.com\\\/LosPoliticosVer\"]},{\"@type\":\"Person\",\"@id\":\"https:\\\/\\\/lospoliticosveracruz.com\\\/#\\\/schema\\\/person\\\/b8702bb0e538456e6efd07080bf2a4a2\",\"name\":\"Lo viste en Los Pol\u00edticos\",\"image\":{\"@type\":\"ImageObject\",\"inLanguage\":\"es\",\"@id\":\"https:\\\/\\\/secure.gravatar.com\\\/avatar\\\/3a8de04a2656d44082be478bd6c086daa447c4651605818287b9532d3d0bd435?s=96&d=mm&r=g\",\"url\":\"https:\\\/\\\/secure.gravatar.com\\\/avatar\\\/3a8de04a2656d44082be478bd6c086daa447c4651605818287b9532d3d0bd435?s=96&d=mm&r=g\",\"contentUrl\":\"https:\\\/\\\/secure.gravatar.com\\\/avatar\\\/3a8de04a2656d44082be478bd6c086daa447c4651605818287b9532d3d0bd435?s=96&d=mm&r=g\",\"caption\":\"Lo viste en Los Pol\u00edticos\"},\"url\":\"https:\\\/\\\/lospoliticosveracruz.com\\\/?author=2\"}]}<\/script>\n<!-- \/ Yoast SEO plugin. -->","yoast_head_json":{"title":"La solidaridad de los partidos ante la pandemia - Los pol\u00edticos Veracruz","robots":{"index":"index","follow":"follow","max-snippet":"max-snippet:-1","max-image-preview":"max-image-preview:large","max-video-preview":"max-video-preview:-1"},"canonical":"https:\/\/lospoliticosveracruz.com\/?p=54049","og_locale":"es_ES","og_type":"article","og_title":"La solidaridad de los partidos ante la pandemia - Los pol\u00edticos Veracruz","og_description":"Luis Alberto Romero Hora cero El cuestionamiento al tema de las prerrogativas a los partidos pol\u00edticos \u2013dinero p\u00fablico que se destina a financiar la operaci\u00f3n de los institutos pol\u00edticos nacionales y estatales\u2013 ha estado vigente pr\u00e1cticamente desde la llegada de Andr\u00e9s Manuel L\u00f3pez Obrador a la Presidencia. En noviembre pasado, por ejemplo, el presidente urgi\u00f3 [&hellip;]","og_url":"https:\/\/lospoliticosveracruz.com\/?p=54049","og_site_name":"Los pol\u00edticos Veracruz","article_publisher":"https:\/\/www.facebook.com\/people\/Notimemes-de-los-Polticos\/61565672886568\/","article_published_time":"2020-04-06T15:06:53+00:00","og_image":[{"width":200,"height":200,"url":"https:\/\/lospoliticosveracruz.com\/wp-content\/uploads\/2016\/07\/Logo-Dor.jpg","type":"image\/jpeg"}],"author":"Lo viste en Los Pol\u00edticos","twitter_card":"summary_large_image","twitter_creator":"@LosPoliticosVer","twitter_site":"@LosPoliticosVer","twitter_misc":{"Escrito por":"Lo viste en Los Pol\u00edticos","Tiempo de lectura":"3 minutos"},"schema":{"@context":"https:\/\/schema.org","@graph":[{"@type":"Article","@id":"https:\/\/lospoliticosveracruz.com\/?p=54049#article","isPartOf":{"@id":"https:\/\/lospoliticosveracruz.com\/?p=54049"},"author":{"name":"Lo viste en Los Pol\u00edticos","@id":"https:\/\/lospoliticosveracruz.com\/#\/schema\/person\/b8702bb0e538456e6efd07080bf2a4a2"},"headline":"La solidaridad de los partidos ante la pandemia","datePublished":"2020-04-06T15:06:53+00:00","mainEntityOfPage":{"@id":"https:\/\/lospoliticosveracruz.com\/?p=54049"},"wordCount":701,"commentCount":0,"publisher":{"@id":"https:\/\/lospoliticosveracruz.com\/#organization"},"keywords":["Andr\u00e9s Manuel L\u00f3pez Obrador","INE","Joaqu\u00edn Guzm\u00e1n Avil\u00e9s","Juan Javier G\u00f3mez Cazar\u00edn","Luis Alberto Romero","Marlon Ram\u00edrez Mar\u00edn","Morena","PAN","pandemia","partidos pol\u00edticos","prerrogativas","Sandra Paola Gonz\u00e1lez"],"articleSection":["De Opini\u00f3n"],"inLanguage":"es","potentialAction":[{"@type":"CommentAction","name":"Comment","target":["https:\/\/lospoliticosveracruz.com\/?p=54049#respond"]}]},{"@type":"WebPage","@id":"https:\/\/lospoliticosveracruz.com\/?p=54049","url":"https:\/\/lospoliticosveracruz.com\/?p=54049","name":"La solidaridad de los partidos ante la pandemia - Los pol\u00edticos Veracruz","isPartOf":{"@id":"https:\/\/lospoliticosveracruz.com\/#website"},"datePublished":"2020-04-06T15:06:53+00:00","breadcrumb":{"@id":"https:\/\/lospoliticosveracruz.com\/?p=54049#breadcrumb"},"inLanguage":"es","potentialAction":[{"@type":"ReadAction","target":["https:\/\/lospoliticosveracruz.com\/?p=54049"]}]},{"@type":"BreadcrumbList","@id":"https:\/\/lospoliticosveracruz.com\/?p=54049#breadcrumb","itemListElement":[{"@type":"ListItem","position":1,"name":"Portada","item":"https:\/\/lospoliticosveracruz.com\/"},{"@type":"ListItem","position":2,"name":"La solidaridad de los partidos ante la pandemia"}]},{"@type":"WebSite","@id":"https:\/\/lospoliticosveracruz.com\/#website","url":"https:\/\/lospoliticosveracruz.com\/","name":"Los pol\u00edticos Veracruz","description":"","publisher":{"@id":"https:\/\/lospoliticosveracruz.com\/#organization"},"potentialAction":[{"@type":"SearchAction","target":{"@type":"EntryPoint","urlTemplate":"https:\/\/lospoliticosveracruz.com\/?s={search_term_string}"},"query-input":{"@type":"PropertyValueSpecification","valueRequired":true,"valueName":"search_term_string"}}],"inLanguage":"es"},{"@type":"Organization","@id":"https:\/\/lospoliticosveracruz.com\/#organization","name":"Los pol\u00edticos Veracruz","url":"https:\/\/lospoliticosveracruz.com\/","logo":{"@type":"ImageObject","inLanguage":"es","@id":"https:\/\/lospoliticosveracruz.com\/#\/schema\/logo\/image\/","url":"https:\/\/lospoliticosveracruz.com\/wp-content\/uploads\/2025\/12\/Logo-Nuevo-LOS-POLITICOS-1.jpg","contentUrl":"https:\/\/lospoliticosveracruz.com\/wp-content\/uploads\/2025\/12\/Logo-Nuevo-LOS-POLITICOS-1.jpg","width":260,"height":70,"caption":"Los pol\u00edticos Veracruz"},"image":{"@id":"https:\/\/lospoliticosveracruz.com\/#\/schema\/logo\/image\/"},"sameAs":["https:\/\/www.facebook.com\/people\/Notimemes-de-los-Polticos\/61565672886568\/","https:\/\/x.com\/LosPoliticosVer"]},{"@type":"Person","@id":"https:\/\/lospoliticosveracruz.com\/#\/schema\/person\/b8702bb0e538456e6efd07080bf2a4a2","name":"Lo viste en Los Pol\u00edticos","image":{"@type":"ImageObject","inLanguage":"es","@id":"https:\/\/secure.gravatar.com\/avatar\/3a8de04a2656d44082be478bd6c086daa447c4651605818287b9532d3d0bd435?s=96&d=mm&r=g","url":"https:\/\/secure.gravatar.com\/avatar\/3a8de04a2656d44082be478bd6c086daa447c4651605818287b9532d3d0bd435?s=96&d=mm&r=g","contentUrl":"https:\/\/secure.gravatar.com\/avatar\/3a8de04a2656d44082be478bd6c086daa447c4651605818287b9532d3d0bd435?s=96&d=mm&r=g","caption":"Lo viste en Los Pol\u00edticos"},"url":"https:\/\/lospoliticosveracruz.com\/?author=2"}]}},"_links":{"self":[{"href":"https:\/\/lospoliticosveracruz.com\/index.php?rest_route=\/wp\/v2\/posts\/54049","targetHints":{"allow":["GET"]}}],"collection":[{"href":"https:\/\/lospoliticosveracruz.com\/index.php?rest_route=\/wp\/v2\/posts"}],"about":[{"href":"https:\/\/lospoliticosveracruz.com\/index.php?rest_route=\/wp\/v2\/types\/post"}],"author":[{"embeddable":true,"href":"https:\/\/lospoliticosveracruz.com\/index.php?rest_route=\/wp\/v2\/users\/2"}],"replies":[{"embeddable":true,"href":"https:\/\/lospoliticosveracruz.com\/index.php?rest_route=%2Fwp%2Fv2%2Fcomments&post=54049"}],"version-history":[{"count":1,"href":"https:\/\/lospoliticosveracruz.com\/index.php?rest_route=\/wp\/v2\/posts\/54049\/revisions"}],"predecessor-version":[{"id":54050,"href":"https:\/\/lospoliticosveracruz.com\/index.php?rest_route=\/wp\/v2\/posts\/54049\/revisions\/54050"}],"wp:attachment":[{"href":"https:\/\/lospoliticosveracruz.com\/index.php?rest_route=%2Fwp%2Fv2%2Fmedia&parent=54049"}],"wp:term":[{"taxonomy":"category","embeddable":true,"href":"https:\/\/lospoliticosveracruz.com\/index.php?rest_route=%2Fwp%2Fv2%2Fcategories&post=54049"},{"taxonomy":"post_tag","embeddable":true,"href":"https:\/\/lospoliticosveracruz.com\/index.php?rest_route=%2Fwp%2Fv2%2Ftags&post=54049"}],"curies":[{"name":"wp","href":"https:\/\/api.w.org\/{rel}","templated":true}]}}