{"id":54177,"date":"2020-04-09T20:47:46","date_gmt":"2020-04-10T01:47:46","guid":{"rendered":"http:\/\/www.lospoliticosveracruz.com.mx\/?p=54177"},"modified":"2020-04-09T20:47:46","modified_gmt":"2020-04-10T01:47:46","slug":"suspension-de-pagos-bancarios-tregua-ayuda-o-estocada-final","status":"publish","type":"post","link":"https:\/\/lospoliticosveracruz.com\/?p=54177","title":{"rendered":"Suspensi\u00f3n de pagos bancarios: Tregua, ayuda o estocada final"},"content":{"rendered":"<p><strong>Teresa Carbajal<br \/>\n<\/strong><em>Debo no\u00a0niego;\u00a0pago lo justo<\/em><\/p>\n<p>Despu\u00e9s de enterarnos que los bancos dar\u00edan a sus clientes la oportunidad de diferir los pagos de sus cr\u00e9ditos, muchas dudas han surgido sobre esta ayuda.<\/p>\n<p>Es cierto, \u00a1ya no se puede confiar en los bancos!, por tal motivo me propongo dar mi versi\u00f3n de los hechos para que Usted la valore como corresponda.<\/p>\n<p>El 25 de marzo del a\u00f1o 2020 la Comisi\u00f3n Nacional Bancaria y de Valores (CNBV) a trav\u00e9s del comunicado 029 hizo de conocimiento p\u00fablico las medidas especiales consistentes en criterios contables aplicables a instituciones de cr\u00e9dito, para implementar y llevar a cabo diversos programas dirigidos a sus acreditados cuya falta de liquidez les impidiera pagar con oportunidad; y desde luego para no afectar la estabilidad del sistema financiero por el considerable aumento de su cartera vencida.<\/p>\n<p>Es decir, era previsible que los clientes al corriente ya no iban a poder pagar y hab\u00eda que hacer algo para evitar tant\u00edsimos juicios y otro fobaproa\u2026 en principio surge la leg\u00edtima duda del \u00bfpor qu\u00e9 a los bancos s\u00ed se les dise\u00f1a un traje a la medida para que no se afecten y a los empresarios se les abandona a su suerte?<\/p>\n<p>En ese contexto, cabe preguntar, \u00bfen qu\u00e9 consiste el apoyo que dar\u00e1n los bancos a sus clientes? \u00fanicamente en el diferimiento de sus pagos mensuales, hasta por un per\u00edodo de cuatro meses con posibilidad -en algunos casos- de extenderlos dos m\u00e1s, sin que les cobren intereses moratorios, (pero s\u00ed ordinarios), el banco se abstendr\u00e1 durante ese lapso de ejercer acciones de cobranza y reportar\u00e1 a bur\u00f3 esa mora.<\/p>\n<p>\u00bfQui\u00e9nes pueden acceder a ese beneficio? Solo aquellos clientes que se encuentren al corriente al d\u00eda 28 de febrero del a\u00f1o 2020, este programa no aplica para quienes hasta antes de la fecha mencionada ya sosten\u00edan moratoria.<\/p>\n<p>\u00bfPara qu\u00e9 tipos de cr\u00e9ditos aplica? Cr\u00e9ditos de vivienda con garant\u00eda hipotecaria, cr\u00e9ditos revolventes, cr\u00e9ditos personales, cr\u00e9ditos de n\u00f3mina, tarjetas de cr\u00e9dito, microcr\u00e9dito; as\u00ed como cr\u00e9ditos comerciales dirigidos a personas morales o personas f\u00edsicas con actividad empresarial en diferentes modalidades, incluidos los agropecuarios.<\/p>\n<p>\u00bfC\u00f3mo se accede a estos programas? Cada banco establecer\u00e1 de manera particular los canales a trav\u00e9s de los cuales recibir\u00e1 las solicitudes y las fechas para hacerlo.<\/p>\n<p>Est\u00e1n por darse a conocer los contenidos de los documentos que deban firmar los beneficiarios del apoyo, por lo que hasta el d\u00eda de hoy no puedo determinar si \u00a0la deuda ser\u00e1 reestructurada o considerada como un nuevo cr\u00e9dito por el cambio de fecha para el pago. Por ello le pido que tenga cuidado y antes de firmar ases\u00f3rese en el Barz\u00f3n porque al final: \u00a1\u00bfQue nos garantiza que despu\u00e9s de 4 meses vamos tener dinero para pagar?! Y no vaya a resultar lo de las UDIS en el 95\u2019, \u00bfrecuerda? Cuando corrieron mejor suerte los que dejaron de pagar que los que aceptaron la ayuda.<\/p>\n<p>&nbsp;<\/p>\n<p>Visite\u00a0 <a href=\"http:\/\/www.elbarzonrc.org\/\">www.elbarzonrc.org<\/a> Contacte <a href=\"mailto:elbarzonrc@yahoo.com.mx\">elbarzonrc@yahoo.com.mx<\/a>, O s\u00edgame en @terecarbajal<\/p>\n<p>&nbsp;<\/p>\n<p>&nbsp;<\/p>\n<p>&nbsp;<\/p>\n<p>&nbsp;<\/p>\n<p>&nbsp;<\/p>\n<p>&nbsp;<\/p>\n<p>&nbsp;<\/p>\n<p>&nbsp;<\/p>\n<p>&nbsp;<\/p>\n<p>&nbsp;<\/p>\n<p>&nbsp;<\/p>\n<p>&nbsp;<\/p>\n<p>&nbsp;<\/p>\n","protected":false},"excerpt":{"rendered":"<p>Teresa Carbajal Debo no\u00a0niego;\u00a0pago lo justo Despu\u00e9s de enterarnos que los bancos dar\u00edan a sus clientes la oportunidad de diferir los pagos de sus cr\u00e9ditos, muchas dudas han surgido sobre esta ayuda. Es cierto, \u00a1ya no se puede confiar en los bancos!, por tal motivo me propongo dar mi versi\u00f3n de los hechos para que [&hellip;]<\/p>\n","protected":false},"author":2,"featured_media":0,"comment_status":"open","ping_status":"open","sticky":false,"template":"","format":"standard","meta":{"tdm_status":"","tdm_grid_status":"","footnotes":""},"categories":[70],"tags":[17149,17374,17371,17368,17370,17369,17373,17367,17372],"class_list":{"0":"post-54177","1":"post","2":"type-post","3":"status-publish","4":"format-standard","6":"category-de-opinion","7":"tag-cnbv","8":"tag-creditos-comerciales","9":"tag-creditos-de-nomina","10":"tag-creditos-de-vivienda","11":"tag-creditos-personales","12":"tag-creditos-revolventes","13":"tag-microcredito","14":"tag-pagos-bancarios","15":"tag-tarjetas-de-credito"},"yoast_head":"<!-- This site is optimized with the Yoast SEO plugin v27.4 - https:\/\/yoast.com\/product\/yoast-seo-wordpress\/ -->\n<title>Suspensi\u00f3n de pagos bancarios: Tregua, ayuda o estocada final - Los pol\u00edticos Veracruz<\/title>\n<meta name=\"robots\" content=\"index, follow, max-snippet:-1, max-image-preview:large, max-video-preview:-1\" \/>\n<link rel=\"canonical\" href=\"https:\/\/lospoliticosveracruz.com\/?p=54177\" \/>\n<meta property=\"og:locale\" content=\"es_ES\" \/>\n<meta property=\"og:type\" content=\"article\" \/>\n<meta property=\"og:title\" content=\"Suspensi\u00f3n de pagos bancarios: Tregua, ayuda o estocada final - Los pol\u00edticos Veracruz\" \/>\n<meta property=\"og:description\" content=\"Teresa Carbajal Debo no\u00a0niego;\u00a0pago lo justo Despu\u00e9s de enterarnos que los bancos dar\u00edan a sus clientes la oportunidad de diferir los pagos de sus cr\u00e9ditos, muchas dudas han surgido sobre esta ayuda. Es cierto, \u00a1ya no se puede confiar en los bancos!, por tal motivo me propongo dar mi versi\u00f3n de los hechos para que [&hellip;]\" \/>\n<meta property=\"og:url\" content=\"https:\/\/lospoliticosveracruz.com\/?p=54177\" \/>\n<meta property=\"og:site_name\" content=\"Los pol\u00edticos Veracruz\" \/>\n<meta property=\"article:publisher\" content=\"https:\/\/www.facebook.com\/people\/Notimemes-de-los-Polticos\/61565672886568\/\" \/>\n<meta property=\"article:published_time\" content=\"2020-04-10T01:47:46+00:00\" \/>\n<meta property=\"og:image\" content=\"https:\/\/lospoliticosveracruz.com\/wp-content\/uploads\/2016\/07\/Logo-Dor.jpg\" \/>\n\t<meta property=\"og:image:width\" content=\"200\" \/>\n\t<meta property=\"og:image:height\" content=\"200\" \/>\n\t<meta property=\"og:image:type\" content=\"image\/jpeg\" \/>\n<meta name=\"author\" content=\"Lo viste en Los Pol\u00edticos\" \/>\n<meta name=\"twitter:card\" content=\"summary_large_image\" \/>\n<meta name=\"twitter:creator\" content=\"@LosPoliticosVer\" \/>\n<meta name=\"twitter:site\" content=\"@LosPoliticosVer\" \/>\n<meta name=\"twitter:label1\" content=\"Escrito por\" \/>\n\t<meta name=\"twitter:data1\" content=\"Lo viste en Los Pol\u00edticos\" \/>\n\t<meta name=\"twitter:label2\" content=\"Tiempo de lectura\" \/>\n\t<meta name=\"twitter:data2\" content=\"3 minutos\" \/>\n<script type=\"application\/ld+json\" class=\"yoast-schema-graph\">{\"@context\":\"https:\\\/\\\/schema.org\",\"@graph\":[{\"@type\":\"Article\",\"@id\":\"https:\\\/\\\/lospoliticosveracruz.com\\\/?p=54177#article\",\"isPartOf\":{\"@id\":\"https:\\\/\\\/lospoliticosveracruz.com\\\/?p=54177\"},\"author\":{\"name\":\"Lo viste en Los Pol\u00edticos\",\"@id\":\"https:\\\/\\\/lospoliticosveracruz.com\\\/#\\\/schema\\\/person\\\/b8702bb0e538456e6efd07080bf2a4a2\"},\"headline\":\"Suspensi\u00f3n de pagos bancarios: Tregua, ayuda o estocada final\",\"datePublished\":\"2020-04-10T01:47:46+00:00\",\"mainEntityOfPage\":{\"@id\":\"https:\\\/\\\/lospoliticosveracruz.com\\\/?p=54177\"},\"wordCount\":552,\"commentCount\":0,\"publisher\":{\"@id\":\"https:\\\/\\\/lospoliticosveracruz.com\\\/#organization\"},\"keywords\":[\"CNBV\",\"cr\u00e9ditos comerciales\",\"cr\u00e9ditos de n\u00f3mina\",\"Cr\u00e9ditos de vivienda\",\"cr\u00e9ditos personales\",\"cr\u00e9ditos revolventes\",\"microcr\u00e9dito\",\"pagos bancarios\",\"tarjetas de cr\u00e9dito\"],\"articleSection\":[\"De Opini\u00f3n\"],\"inLanguage\":\"es\",\"potentialAction\":[{\"@type\":\"CommentAction\",\"name\":\"Comment\",\"target\":[\"https:\\\/\\\/lospoliticosveracruz.com\\\/?p=54177#respond\"]}]},{\"@type\":\"WebPage\",\"@id\":\"https:\\\/\\\/lospoliticosveracruz.com\\\/?p=54177\",\"url\":\"https:\\\/\\\/lospoliticosveracruz.com\\\/?p=54177\",\"name\":\"Suspensi\u00f3n de pagos bancarios: Tregua, ayuda o estocada final - Los pol\u00edticos Veracruz\",\"isPartOf\":{\"@id\":\"https:\\\/\\\/lospoliticosveracruz.com\\\/#website\"},\"datePublished\":\"2020-04-10T01:47:46+00:00\",\"breadcrumb\":{\"@id\":\"https:\\\/\\\/lospoliticosveracruz.com\\\/?p=54177#breadcrumb\"},\"inLanguage\":\"es\",\"potentialAction\":[{\"@type\":\"ReadAction\",\"target\":[\"https:\\\/\\\/lospoliticosveracruz.com\\\/?p=54177\"]}]},{\"@type\":\"BreadcrumbList\",\"@id\":\"https:\\\/\\\/lospoliticosveracruz.com\\\/?p=54177#breadcrumb\",\"itemListElement\":[{\"@type\":\"ListItem\",\"position\":1,\"name\":\"Portada\",\"item\":\"https:\\\/\\\/lospoliticosveracruz.com\\\/\"},{\"@type\":\"ListItem\",\"position\":2,\"name\":\"Suspensi\u00f3n de pagos bancarios: Tregua, ayuda o estocada final\"}]},{\"@type\":\"WebSite\",\"@id\":\"https:\\\/\\\/lospoliticosveracruz.com\\\/#website\",\"url\":\"https:\\\/\\\/lospoliticosveracruz.com\\\/\",\"name\":\"Los pol\u00edticos Veracruz\",\"description\":\"\",\"publisher\":{\"@id\":\"https:\\\/\\\/lospoliticosveracruz.com\\\/#organization\"},\"potentialAction\":[{\"@type\":\"SearchAction\",\"target\":{\"@type\":\"EntryPoint\",\"urlTemplate\":\"https:\\\/\\\/lospoliticosveracruz.com\\\/?s={search_term_string}\"},\"query-input\":{\"@type\":\"PropertyValueSpecification\",\"valueRequired\":true,\"valueName\":\"search_term_string\"}}],\"inLanguage\":\"es\"},{\"@type\":\"Organization\",\"@id\":\"https:\\\/\\\/lospoliticosveracruz.com\\\/#organization\",\"name\":\"Los pol\u00edticos Veracruz\",\"url\":\"https:\\\/\\\/lospoliticosveracruz.com\\\/\",\"logo\":{\"@type\":\"ImageObject\",\"inLanguage\":\"es\",\"@id\":\"https:\\\/\\\/lospoliticosveracruz.com\\\/#\\\/schema\\\/logo\\\/image\\\/\",\"url\":\"https:\\\/\\\/lospoliticosveracruz.com\\\/wp-content\\\/uploads\\\/2025\\\/12\\\/Logo-Nuevo-LOS-POLITICOS-1.jpg\",\"contentUrl\":\"https:\\\/\\\/lospoliticosveracruz.com\\\/wp-content\\\/uploads\\\/2025\\\/12\\\/Logo-Nuevo-LOS-POLITICOS-1.jpg\",\"width\":260,\"height\":70,\"caption\":\"Los pol\u00edticos Veracruz\"},\"image\":{\"@id\":\"https:\\\/\\\/lospoliticosveracruz.com\\\/#\\\/schema\\\/logo\\\/image\\\/\"},\"sameAs\":[\"https:\\\/\\\/www.facebook.com\\\/people\\\/Notimemes-de-los-Polticos\\\/61565672886568\\\/\",\"https:\\\/\\\/x.com\\\/LosPoliticosVer\"]},{\"@type\":\"Person\",\"@id\":\"https:\\\/\\\/lospoliticosveracruz.com\\\/#\\\/schema\\\/person\\\/b8702bb0e538456e6efd07080bf2a4a2\",\"name\":\"Lo viste en Los Pol\u00edticos\",\"image\":{\"@type\":\"ImageObject\",\"inLanguage\":\"es\",\"@id\":\"https:\\\/\\\/secure.gravatar.com\\\/avatar\\\/3a8de04a2656d44082be478bd6c086daa447c4651605818287b9532d3d0bd435?s=96&d=mm&r=g\",\"url\":\"https:\\\/\\\/secure.gravatar.com\\\/avatar\\\/3a8de04a2656d44082be478bd6c086daa447c4651605818287b9532d3d0bd435?s=96&d=mm&r=g\",\"contentUrl\":\"https:\\\/\\\/secure.gravatar.com\\\/avatar\\\/3a8de04a2656d44082be478bd6c086daa447c4651605818287b9532d3d0bd435?s=96&d=mm&r=g\",\"caption\":\"Lo viste en Los Pol\u00edticos\"},\"url\":\"https:\\\/\\\/lospoliticosveracruz.com\\\/?author=2\"}]}<\/script>\n<!-- \/ Yoast SEO plugin. -->","yoast_head_json":{"title":"Suspensi\u00f3n de pagos bancarios: Tregua, ayuda o estocada final - Los pol\u00edticos Veracruz","robots":{"index":"index","follow":"follow","max-snippet":"max-snippet:-1","max-image-preview":"max-image-preview:large","max-video-preview":"max-video-preview:-1"},"canonical":"https:\/\/lospoliticosveracruz.com\/?p=54177","og_locale":"es_ES","og_type":"article","og_title":"Suspensi\u00f3n de pagos bancarios: Tregua, ayuda o estocada final - Los pol\u00edticos Veracruz","og_description":"Teresa Carbajal Debo no\u00a0niego;\u00a0pago lo justo Despu\u00e9s de enterarnos que los bancos dar\u00edan a sus clientes la oportunidad de diferir los pagos de sus cr\u00e9ditos, muchas dudas han surgido sobre esta ayuda. Es cierto, \u00a1ya no se puede confiar en los bancos!, por tal motivo me propongo dar mi versi\u00f3n de los hechos para que [&hellip;]","og_url":"https:\/\/lospoliticosveracruz.com\/?p=54177","og_site_name":"Los pol\u00edticos Veracruz","article_publisher":"https:\/\/www.facebook.com\/people\/Notimemes-de-los-Polticos\/61565672886568\/","article_published_time":"2020-04-10T01:47:46+00:00","og_image":[{"width":200,"height":200,"url":"https:\/\/lospoliticosveracruz.com\/wp-content\/uploads\/2016\/07\/Logo-Dor.jpg","type":"image\/jpeg"}],"author":"Lo viste en Los Pol\u00edticos","twitter_card":"summary_large_image","twitter_creator":"@LosPoliticosVer","twitter_site":"@LosPoliticosVer","twitter_misc":{"Escrito por":"Lo viste en Los Pol\u00edticos","Tiempo de lectura":"3 minutos"},"schema":{"@context":"https:\/\/schema.org","@graph":[{"@type":"Article","@id":"https:\/\/lospoliticosveracruz.com\/?p=54177#article","isPartOf":{"@id":"https:\/\/lospoliticosveracruz.com\/?p=54177"},"author":{"name":"Lo viste en Los Pol\u00edticos","@id":"https:\/\/lospoliticosveracruz.com\/#\/schema\/person\/b8702bb0e538456e6efd07080bf2a4a2"},"headline":"Suspensi\u00f3n de pagos bancarios: Tregua, ayuda o estocada final","datePublished":"2020-04-10T01:47:46+00:00","mainEntityOfPage":{"@id":"https:\/\/lospoliticosveracruz.com\/?p=54177"},"wordCount":552,"commentCount":0,"publisher":{"@id":"https:\/\/lospoliticosveracruz.com\/#organization"},"keywords":["CNBV","cr\u00e9ditos comerciales","cr\u00e9ditos de n\u00f3mina","Cr\u00e9ditos de vivienda","cr\u00e9ditos personales","cr\u00e9ditos revolventes","microcr\u00e9dito","pagos bancarios","tarjetas de cr\u00e9dito"],"articleSection":["De Opini\u00f3n"],"inLanguage":"es","potentialAction":[{"@type":"CommentAction","name":"Comment","target":["https:\/\/lospoliticosveracruz.com\/?p=54177#respond"]}]},{"@type":"WebPage","@id":"https:\/\/lospoliticosveracruz.com\/?p=54177","url":"https:\/\/lospoliticosveracruz.com\/?p=54177","name":"Suspensi\u00f3n de pagos bancarios: Tregua, ayuda o estocada final - Los pol\u00edticos Veracruz","isPartOf":{"@id":"https:\/\/lospoliticosveracruz.com\/#website"},"datePublished":"2020-04-10T01:47:46+00:00","breadcrumb":{"@id":"https:\/\/lospoliticosveracruz.com\/?p=54177#breadcrumb"},"inLanguage":"es","potentialAction":[{"@type":"ReadAction","target":["https:\/\/lospoliticosveracruz.com\/?p=54177"]}]},{"@type":"BreadcrumbList","@id":"https:\/\/lospoliticosveracruz.com\/?p=54177#breadcrumb","itemListElement":[{"@type":"ListItem","position":1,"name":"Portada","item":"https:\/\/lospoliticosveracruz.com\/"},{"@type":"ListItem","position":2,"name":"Suspensi\u00f3n de pagos bancarios: Tregua, ayuda o estocada final"}]},{"@type":"WebSite","@id":"https:\/\/lospoliticosveracruz.com\/#website","url":"https:\/\/lospoliticosveracruz.com\/","name":"Los pol\u00edticos Veracruz","description":"","publisher":{"@id":"https:\/\/lospoliticosveracruz.com\/#organization"},"potentialAction":[{"@type":"SearchAction","target":{"@type":"EntryPoint","urlTemplate":"https:\/\/lospoliticosveracruz.com\/?s={search_term_string}"},"query-input":{"@type":"PropertyValueSpecification","valueRequired":true,"valueName":"search_term_string"}}],"inLanguage":"es"},{"@type":"Organization","@id":"https:\/\/lospoliticosveracruz.com\/#organization","name":"Los pol\u00edticos Veracruz","url":"https:\/\/lospoliticosveracruz.com\/","logo":{"@type":"ImageObject","inLanguage":"es","@id":"https:\/\/lospoliticosveracruz.com\/#\/schema\/logo\/image\/","url":"https:\/\/lospoliticosveracruz.com\/wp-content\/uploads\/2025\/12\/Logo-Nuevo-LOS-POLITICOS-1.jpg","contentUrl":"https:\/\/lospoliticosveracruz.com\/wp-content\/uploads\/2025\/12\/Logo-Nuevo-LOS-POLITICOS-1.jpg","width":260,"height":70,"caption":"Los pol\u00edticos Veracruz"},"image":{"@id":"https:\/\/lospoliticosveracruz.com\/#\/schema\/logo\/image\/"},"sameAs":["https:\/\/www.facebook.com\/people\/Notimemes-de-los-Polticos\/61565672886568\/","https:\/\/x.com\/LosPoliticosVer"]},{"@type":"Person","@id":"https:\/\/lospoliticosveracruz.com\/#\/schema\/person\/b8702bb0e538456e6efd07080bf2a4a2","name":"Lo viste en Los Pol\u00edticos","image":{"@type":"ImageObject","inLanguage":"es","@id":"https:\/\/secure.gravatar.com\/avatar\/3a8de04a2656d44082be478bd6c086daa447c4651605818287b9532d3d0bd435?s=96&d=mm&r=g","url":"https:\/\/secure.gravatar.com\/avatar\/3a8de04a2656d44082be478bd6c086daa447c4651605818287b9532d3d0bd435?s=96&d=mm&r=g","contentUrl":"https:\/\/secure.gravatar.com\/avatar\/3a8de04a2656d44082be478bd6c086daa447c4651605818287b9532d3d0bd435?s=96&d=mm&r=g","caption":"Lo viste en Los Pol\u00edticos"},"url":"https:\/\/lospoliticosveracruz.com\/?author=2"}]}},"_links":{"self":[{"href":"https:\/\/lospoliticosveracruz.com\/index.php?rest_route=\/wp\/v2\/posts\/54177","targetHints":{"allow":["GET"]}}],"collection":[{"href":"https:\/\/lospoliticosveracruz.com\/index.php?rest_route=\/wp\/v2\/posts"}],"about":[{"href":"https:\/\/lospoliticosveracruz.com\/index.php?rest_route=\/wp\/v2\/types\/post"}],"author":[{"embeddable":true,"href":"https:\/\/lospoliticosveracruz.com\/index.php?rest_route=\/wp\/v2\/users\/2"}],"replies":[{"embeddable":true,"href":"https:\/\/lospoliticosveracruz.com\/index.php?rest_route=%2Fwp%2Fv2%2Fcomments&post=54177"}],"version-history":[{"count":2,"href":"https:\/\/lospoliticosveracruz.com\/index.php?rest_route=\/wp\/v2\/posts\/54177\/revisions"}],"predecessor-version":[{"id":54180,"href":"https:\/\/lospoliticosveracruz.com\/index.php?rest_route=\/wp\/v2\/posts\/54177\/revisions\/54180"}],"wp:attachment":[{"href":"https:\/\/lospoliticosveracruz.com\/index.php?rest_route=%2Fwp%2Fv2%2Fmedia&parent=54177"}],"wp:term":[{"taxonomy":"category","embeddable":true,"href":"https:\/\/lospoliticosveracruz.com\/index.php?rest_route=%2Fwp%2Fv2%2Fcategories&post=54177"},{"taxonomy":"post_tag","embeddable":true,"href":"https:\/\/lospoliticosveracruz.com\/index.php?rest_route=%2Fwp%2Fv2%2Ftags&post=54177"}],"curies":[{"name":"wp","href":"https:\/\/api.w.org\/{rel}","templated":true}]}}