{"id":54185,"date":"2020-04-10T11:01:46","date_gmt":"2020-04-10T16:01:46","guid":{"rendered":"http:\/\/www.lospoliticosveracruz.com.mx\/?p=54185"},"modified":"2020-04-10T11:01:46","modified_gmt":"2020-04-10T16:01:46","slug":"soberbia-de-morenos-mas-danina-que-el-covid-19","status":"publish","type":"post","link":"https:\/\/lospoliticosveracruz.com\/?p=54185","title":{"rendered":"Soberbia de Morenos, m\u00e1s da\u00f1ina que el Covid-19"},"content":{"rendered":"<p><strong>Ricardo Ch\u00faa<\/strong><\/p>\n<p><em>Sale y Vale<\/em><\/p>\n<p>LA SIMPLE ESTRATEGIA&#8230; El alcalde de Veracruz, Fernando Yunes, se la volvi\u00f3 aplicar al gobierno de Cuitl\u00e1huac Garc\u00eda&#8230; Una simple declaraci\u00f3n sobre el uso de la fuerza p\u00fablica para desalojar a turistas de las playas porte\u00f1as, realizada el mi\u00e9rcoles pasado&#8230; De nuevo, le \u00abrob\u00f3\u00bb espacios medi\u00e1ticos y redes sociales al Estado&#8230; Tuvo que salir Eric Cisneros, el secretario de Gobierno, a decirle al mun\u00edcipe que no ocupar\u00e1n a la polic\u00eda para retirar a visitantes&#8230; Pero hace dos d\u00edas el \u00abgolpe\u00bb fue m\u00e1s que oportuno&#8230;<\/p>\n<p>En este mismo espacio, se coment\u00f3 que Yunes ocupa la pol\u00edtica de Maquiavelo: La del sentido de la oportunidad&#8230; \u00bfAhora si lo entendieron en el gobierno estatal?&#8230; Tanto as\u00ed que ayer, la propia secretaria de Gobernaci\u00f3n, Olga S\u00e1nchez C\u00f3rdero, le dijo directamente a Cuitl\u00e1huac y dem\u00e1s gobernadores del sur-sureste que en sus territorios tienen playas&#8230; Que las actividades tur\u00edsticas en costas est\u00e1n suspendidas&#8230; \u00bfY c\u00f3mo van a retirar a ba\u00f1istas?&#8230; \u00bfCon di\u00e1logo y pura saliva?&#8230; S\u00f3lo es cuesti\u00f3n de tiempo&#8230; Al pan, pan y al vino, vino&#8230;<\/p>\n<p>Pero el tema va m\u00e1s all\u00e1 en este enfrentamiento Cuitl\u00e1huac-Fernando&#8230; Hace poco quer\u00edan que este mun\u00edcipe panista, hijo del ex gobernador al que intentan perseguir pol\u00edticamente, se sometiera a sus m\u00e9todos de combate al coronavirus&#8230; Le mandaron un oficio amedrent\u00e1ndolo y no hizo caso&#8230; Se las reviro comparando a Cuitl\u00e1huac con otros gobernadores panistas y lo exhibi\u00f3 de intolerante con alcaldes de oposici\u00f3n a MORENA en plena pandemia&#8230; No pudieron reponerse de ese golpe..<\/p>\n<p>Lo atacaron las \u00abfuerzas vivas\u00bb del Estado&#8230; Llam\u00e1ndolo \u00abchiquito\u00bb, lo ridiculizaron con sus moneros por su aspecto f\u00edsico&#8230; Y, este les volvi\u00f3 a responder con iron\u00eda, sobre las clases de matem\u00e1ticas que daba el gobernador por televisi\u00f3n y cuyo v\u00eddeo tuvieron que bajar por la \u00abmadrina\u00bb al \u00abMaistro Cuit\u00bb, como lo llamaban en redes sociales&#8230; Ahora en estos d\u00edas de Semana Santa&#8230; Les aplic\u00f3 otra t\u00e1ctica y le \u00abecho la bolita\u00bb al gobierno estatal&#8230; Y un d\u00eda despu\u00e9s el gobierno federal les ordena a gobernadores el cierre de playas&#8230; Vaya \u00abayuda\u00bb a Cuitl\u00e1huac&#8230;<\/p>\n<p>Al final, Yunes se volvi\u00f3 a adelantar a una pol\u00edtica aplicada por L\u00f3pez Obrador por la contingencia sanitaria&#8230; Un d\u00eda antes, el alcalde cierra tr\u00e1nsito veh\u00edcular a un costado de playas, pero exige que el gobierno estatal utilice la fuerza p\u00fablica para sacar a ba\u00f1istas que no quieran retirarse&#8230; Sin deberla, ni temerla, los involucr\u00f3 y cayeron en su \u00abjuego\u00bb&#8230; Eric le responde ayer al mediod\u00eda que era una \u00abmedida represora\u00bb y le record\u00f3 la fama de su Papa Yunes&#8230; Pero por la tarde todo cambio&#8230; Olga dio la orden: Gobernadores cierren playas&#8230; ZUCUTM&#8230;<\/p>\n<p>Y ahora con esa orden de la Secretar\u00eda de Gobernaci\u00f3n&#8230; \u00bfC\u00f3mo quedan Cuitl\u00e1huac y Eric?&#8230; \u00bfInoperantes y sin visi\u00f3n de gobierno ante una contigencia? o que simplemente \u00aboperan\u00bb pol\u00edticamente con el \u00abh\u00edgado\u00bb con alcaldes y pol\u00edticos que no les caen bien porque no son Morenos o abyectos a su ejercicio de poder&#8230; Pero para ser \u00abpasta\u00bb se tiene que ser un \u00abFettuccinni Alfredo\u00bb, no una simple sopa de \u00abcoditos\u00bb que se siente \u00abLasagna\u00bb&#8230; Eso parecer\u00eda que sucede con la actual clase pol\u00edtica estatal Morena&#8230; Sin forma y sin fondo&#8230;<\/p>\n<p>Pero eso pasa cuando te gana la inexperiencia&#8230; Ser luchador social, no es garant\u00eda de ser buen gobernante o pol\u00edtico sensato&#8230; \u00bfQuieren pruebas?&#8230; La falla m\u00e1s grave del gobierno del Estado, es que \u00aboperan\u00bb un pleito con un alcalde, que los deja muy mal parados ante la opini\u00f3n p\u00fablica&#8230; Sobre todo, porque ese mun\u00edcipe gobierna, uno de las ciudades donde hay m\u00e1s casos de COVID-19 en la entidad&#8230; Pero este, los envolvi\u00f3 y los tiene adentro&#8230; Nunca esperaron que la federaci\u00f3n ordenar\u00e1 lo mismo que el panista un d\u00eda despu\u00e9s&#8230; Ah\u00ed acabo todo&#8230;<\/p>\n<p>Tan grave es para los funcionarios estatales esta orden de S\u00e1nchez C\u00f3rdero, que si llega a presentarse un s\u00f3lo caso m\u00e1s de esta enfermedad y se confirma que se contagiaron por estar en las playas porte\u00f1as aunque fueran d\u00edas ante de la prohibici\u00f3n&#8230; \u00bfDe qui\u00e9n ser\u00e1 la culpa?&#8230; De nuevo ah\u00ed Cuitl\u00e1huac-Eric tienen la respuesta&#8230; Pero tambi\u00e9n es evidente, que hay algo, que ni el gobernador, ni el secretario de Gobierno se han dado cuenta desde el 2018 cuando tomaron el mando de la entidad&#8230; Y es que la ciudad que gobierna Yunes, se llama Veracruz&#8230;<\/p>\n<p>Veracruz es tal como se llama oficialmente el Estado&#8230; La capital ser\u00e1 Xalapa&#8230; Pero este municipio porte\u00f1o, se llama como su estado&#8230; Y al parecer, es la \u00fanica ciudad en el mundo que se llama como su entidad federativa, sin ser la capital&#8230; Al decir, Veracruz no se pone a pensar que es la ciudad&#8230; Piensa que es el Estado&#8230; Si tan s\u00f3lo tomaran eso en cuenta&#8230; Fueran m\u00e1s pr\u00e1cticos para iniciar sus \u00abguerras\u00bb pol\u00edticas y no quedar ridiculizados&#8230; Y si no se aplican&#8230; Les volver\u00e1 a pasar&#8230; \u00bfApuestan?&#8230;<\/p>\n<p>Por eso, lo que les hizo Yunes fue dejarlos sin defensa p\u00fablica, si es que se llegaran a presentar m\u00e1s casos de Coronavirus&#8230; Y, si este alcalde PERVERSAMENTE hace REPETIR una y otra vez, la declaraci\u00f3n de que no utilizaron la fuerza p\u00fablica para sacar a ba\u00f1istas de la playa&#8230; Simplemente, el \u00abpueblo bueno y sabio\u00bb los va a juzgar&#8230; Finalmente, Fernando lo \u00fanico que tiene que hacer, es sentarse y esperar&#8230; La falta de experiencia en el ejercicio pol\u00edtico de los funcionarios estatales hace que se \u00abempinen\u00bb solos&#8230;<\/p>\n<p>Obvio que el alcalde ya hizo su labor de \u00abembarrarlos\u00bb en el tema y estos caer en la provocaci\u00f3n&#8230; \u00bfPero acaso creen qu\u00e9 fue sin \u00abpremeditaci\u00f3n, alevos\u00eda y ventaja?&#8230; Ja Ja Ja&#8230; El Yunes les \u00abmeti\u00f3 un tiro en el p\u00ede\u00bb y el Gobernador y secretario de Gobierno no se dieron cuenta&#8230; Mejor lo hubieran ignorado y nada hubiera pasado&#8230; Pero les gan\u00f3 el \u00abhigado\u00bb y la \u00abSupremac\u00eda MORENA\u00bb y quedaron muy \u00abraspados\u00bb&#8230; Al final, Yunes est\u00e1 ocupando las fortalezas de MORENA para debilitarlos ante la sociedad&#8230; Y ya lo logr\u00f3&#8230; R\u00c9QUIEM&#8230;<\/p>\n","protected":false},"excerpt":{"rendered":"<p>Ricardo Ch\u00faa Sale y Vale LA SIMPLE ESTRATEGIA&#8230; El alcalde de Veracruz, Fernando Yunes, se la volvi\u00f3 aplicar al gobierno de Cuitl\u00e1huac Garc\u00eda&#8230; Una simple declaraci\u00f3n sobre el uso de la fuerza p\u00fablica para desalojar a turistas de las playas porte\u00f1as, realizada el mi\u00e9rcoles pasado&#8230; De nuevo, le \u00abrob\u00f3\u00bb espacios medi\u00e1ticos y redes sociales al [&hellip;]<\/p>\n","protected":false},"author":2,"featured_media":0,"comment_status":"open","ping_status":"open","sticky":false,"template":"","format":"standard","meta":{"tdm_status":"","tdm_grid_status":"","footnotes":""},"categories":[70],"tags":[17074,1681,12686,535,110,1003,687,13604,195],"class_list":{"0":"post-54185","1":"post","2":"type-post","3":"status-publish","4":"format-standard","6":"category-de-opinion","7":"tag-contingencia-sanitaria","8":"tag-cuitlahuac-garcia","9":"tag-eric-cisneros","10":"tag-fernando-yunes","11":"tag-gobernacion","12":"tag-lopez-obrador","13":"tag-olga-sanchez-cordero","14":"tag-ricardo-chua","15":"tag-veracruz"},"yoast_head":"<!-- This site is optimized with the Yoast SEO plugin v27.4 - https:\/\/yoast.com\/product\/yoast-seo-wordpress\/ -->\n<title>Soberbia de Morenos, m\u00e1s da\u00f1ina que el Covid-19 - Los pol\u00edticos Veracruz<\/title>\n<meta name=\"robots\" content=\"index, follow, max-snippet:-1, max-image-preview:large, max-video-preview:-1\" \/>\n<link rel=\"canonical\" href=\"https:\/\/lospoliticosveracruz.com\/?p=54185\" \/>\n<meta property=\"og:locale\" content=\"es_ES\" \/>\n<meta property=\"og:type\" content=\"article\" \/>\n<meta property=\"og:title\" content=\"Soberbia de Morenos, m\u00e1s da\u00f1ina que el Covid-19 - Los pol\u00edticos Veracruz\" \/>\n<meta property=\"og:description\" content=\"Ricardo Ch\u00faa Sale y Vale LA SIMPLE ESTRATEGIA&#8230; El alcalde de Veracruz, Fernando Yunes, se la volvi\u00f3 aplicar al gobierno de Cuitl\u00e1huac Garc\u00eda&#8230; Una simple declaraci\u00f3n sobre el uso de la fuerza p\u00fablica para desalojar a turistas de las playas porte\u00f1as, realizada el mi\u00e9rcoles pasado&#8230; De nuevo, le \u00abrob\u00f3\u00bb espacios medi\u00e1ticos y redes sociales al [&hellip;]\" \/>\n<meta property=\"og:url\" content=\"https:\/\/lospoliticosveracruz.com\/?p=54185\" \/>\n<meta property=\"og:site_name\" content=\"Los pol\u00edticos Veracruz\" \/>\n<meta property=\"article:publisher\" content=\"https:\/\/www.facebook.com\/people\/Notimemes-de-los-Polticos\/61565672886568\/\" \/>\n<meta property=\"article:published_time\" content=\"2020-04-10T16:01:46+00:00\" \/>\n<meta property=\"og:image\" content=\"https:\/\/lospoliticosveracruz.com\/wp-content\/uploads\/2016\/07\/Logo-Dor.jpg\" \/>\n\t<meta property=\"og:image:width\" content=\"200\" \/>\n\t<meta property=\"og:image:height\" content=\"200\" \/>\n\t<meta property=\"og:image:type\" content=\"image\/jpeg\" \/>\n<meta name=\"author\" content=\"Lo viste en Los Pol\u00edticos\" \/>\n<meta name=\"twitter:card\" content=\"summary_large_image\" \/>\n<meta name=\"twitter:creator\" content=\"@LosPoliticosVer\" \/>\n<meta name=\"twitter:site\" content=\"@LosPoliticosVer\" \/>\n<meta name=\"twitter:label1\" content=\"Escrito por\" \/>\n\t<meta name=\"twitter:data1\" content=\"Lo viste en Los Pol\u00edticos\" \/>\n\t<meta name=\"twitter:label2\" content=\"Tiempo de lectura\" \/>\n\t<meta name=\"twitter:data2\" content=\"5 minutos\" \/>\n<script type=\"application\/ld+json\" class=\"yoast-schema-graph\">{\"@context\":\"https:\\\/\\\/schema.org\",\"@graph\":[{\"@type\":\"Article\",\"@id\":\"https:\\\/\\\/lospoliticosveracruz.com\\\/?p=54185#article\",\"isPartOf\":{\"@id\":\"https:\\\/\\\/lospoliticosveracruz.com\\\/?p=54185\"},\"author\":{\"name\":\"Lo viste en Los Pol\u00edticos\",\"@id\":\"https:\\\/\\\/lospoliticosveracruz.com\\\/#\\\/schema\\\/person\\\/b8702bb0e538456e6efd07080bf2a4a2\"},\"headline\":\"Soberbia de Morenos, m\u00e1s da\u00f1ina que el Covid-19\",\"datePublished\":\"2020-04-10T16:01:46+00:00\",\"mainEntityOfPage\":{\"@id\":\"https:\\\/\\\/lospoliticosveracruz.com\\\/?p=54185\"},\"wordCount\":1095,\"commentCount\":1,\"publisher\":{\"@id\":\"https:\\\/\\\/lospoliticosveracruz.com\\\/#organization\"},\"keywords\":[\"Contingencia Sanitaria\",\"Cuitl\u00e1huac Garc\u00eda\",\"Eric Cisneros\",\"Fernando Yunes\",\"Gobernaci\u00f3n\",\"L\u00f3pez Obrador\",\"Olga S\u00e1nchez Cordero\",\"Ricardo Ch\u00faa\",\"Veracruz\"],\"articleSection\":[\"De Opini\u00f3n\"],\"inLanguage\":\"es\",\"potentialAction\":[{\"@type\":\"CommentAction\",\"name\":\"Comment\",\"target\":[\"https:\\\/\\\/lospoliticosveracruz.com\\\/?p=54185#respond\"]}]},{\"@type\":\"WebPage\",\"@id\":\"https:\\\/\\\/lospoliticosveracruz.com\\\/?p=54185\",\"url\":\"https:\\\/\\\/lospoliticosveracruz.com\\\/?p=54185\",\"name\":\"Soberbia de Morenos, m\u00e1s da\u00f1ina que el Covid-19 - Los pol\u00edticos Veracruz\",\"isPartOf\":{\"@id\":\"https:\\\/\\\/lospoliticosveracruz.com\\\/#website\"},\"datePublished\":\"2020-04-10T16:01:46+00:00\",\"breadcrumb\":{\"@id\":\"https:\\\/\\\/lospoliticosveracruz.com\\\/?p=54185#breadcrumb\"},\"inLanguage\":\"es\",\"potentialAction\":[{\"@type\":\"ReadAction\",\"target\":[\"https:\\\/\\\/lospoliticosveracruz.com\\\/?p=54185\"]}]},{\"@type\":\"BreadcrumbList\",\"@id\":\"https:\\\/\\\/lospoliticosveracruz.com\\\/?p=54185#breadcrumb\",\"itemListElement\":[{\"@type\":\"ListItem\",\"position\":1,\"name\":\"Portada\",\"item\":\"https:\\\/\\\/lospoliticosveracruz.com\\\/\"},{\"@type\":\"ListItem\",\"position\":2,\"name\":\"Soberbia de Morenos, m\u00e1s da\u00f1ina que el Covid-19\"}]},{\"@type\":\"WebSite\",\"@id\":\"https:\\\/\\\/lospoliticosveracruz.com\\\/#website\",\"url\":\"https:\\\/\\\/lospoliticosveracruz.com\\\/\",\"name\":\"Los pol\u00edticos Veracruz\",\"description\":\"\",\"publisher\":{\"@id\":\"https:\\\/\\\/lospoliticosveracruz.com\\\/#organization\"},\"potentialAction\":[{\"@type\":\"SearchAction\",\"target\":{\"@type\":\"EntryPoint\",\"urlTemplate\":\"https:\\\/\\\/lospoliticosveracruz.com\\\/?s={search_term_string}\"},\"query-input\":{\"@type\":\"PropertyValueSpecification\",\"valueRequired\":true,\"valueName\":\"search_term_string\"}}],\"inLanguage\":\"es\"},{\"@type\":\"Organization\",\"@id\":\"https:\\\/\\\/lospoliticosveracruz.com\\\/#organization\",\"name\":\"Los pol\u00edticos Veracruz\",\"url\":\"https:\\\/\\\/lospoliticosveracruz.com\\\/\",\"logo\":{\"@type\":\"ImageObject\",\"inLanguage\":\"es\",\"@id\":\"https:\\\/\\\/lospoliticosveracruz.com\\\/#\\\/schema\\\/logo\\\/image\\\/\",\"url\":\"https:\\\/\\\/lospoliticosveracruz.com\\\/wp-content\\\/uploads\\\/2025\\\/12\\\/Logo-Nuevo-LOS-POLITICOS-1.jpg\",\"contentUrl\":\"https:\\\/\\\/lospoliticosveracruz.com\\\/wp-content\\\/uploads\\\/2025\\\/12\\\/Logo-Nuevo-LOS-POLITICOS-1.jpg\",\"width\":260,\"height\":70,\"caption\":\"Los pol\u00edticos Veracruz\"},\"image\":{\"@id\":\"https:\\\/\\\/lospoliticosveracruz.com\\\/#\\\/schema\\\/logo\\\/image\\\/\"},\"sameAs\":[\"https:\\\/\\\/www.facebook.com\\\/people\\\/Notimemes-de-los-Polticos\\\/61565672886568\\\/\",\"https:\\\/\\\/x.com\\\/LosPoliticosVer\"]},{\"@type\":\"Person\",\"@id\":\"https:\\\/\\\/lospoliticosveracruz.com\\\/#\\\/schema\\\/person\\\/b8702bb0e538456e6efd07080bf2a4a2\",\"name\":\"Lo viste en Los Pol\u00edticos\",\"image\":{\"@type\":\"ImageObject\",\"inLanguage\":\"es\",\"@id\":\"https:\\\/\\\/secure.gravatar.com\\\/avatar\\\/3a8de04a2656d44082be478bd6c086daa447c4651605818287b9532d3d0bd435?s=96&d=mm&r=g\",\"url\":\"https:\\\/\\\/secure.gravatar.com\\\/avatar\\\/3a8de04a2656d44082be478bd6c086daa447c4651605818287b9532d3d0bd435?s=96&d=mm&r=g\",\"contentUrl\":\"https:\\\/\\\/secure.gravatar.com\\\/avatar\\\/3a8de04a2656d44082be478bd6c086daa447c4651605818287b9532d3d0bd435?s=96&d=mm&r=g\",\"caption\":\"Lo viste en Los Pol\u00edticos\"},\"url\":\"https:\\\/\\\/lospoliticosveracruz.com\\\/?author=2\"}]}<\/script>\n<!-- \/ Yoast SEO plugin. -->","yoast_head_json":{"title":"Soberbia de Morenos, m\u00e1s da\u00f1ina que el Covid-19 - Los pol\u00edticos Veracruz","robots":{"index":"index","follow":"follow","max-snippet":"max-snippet:-1","max-image-preview":"max-image-preview:large","max-video-preview":"max-video-preview:-1"},"canonical":"https:\/\/lospoliticosveracruz.com\/?p=54185","og_locale":"es_ES","og_type":"article","og_title":"Soberbia de Morenos, m\u00e1s da\u00f1ina que el Covid-19 - Los pol\u00edticos Veracruz","og_description":"Ricardo Ch\u00faa Sale y Vale LA SIMPLE ESTRATEGIA&#8230; El alcalde de Veracruz, Fernando Yunes, se la volvi\u00f3 aplicar al gobierno de Cuitl\u00e1huac Garc\u00eda&#8230; Una simple declaraci\u00f3n sobre el uso de la fuerza p\u00fablica para desalojar a turistas de las playas porte\u00f1as, realizada el mi\u00e9rcoles pasado&#8230; De nuevo, le \u00abrob\u00f3\u00bb espacios medi\u00e1ticos y redes sociales al [&hellip;]","og_url":"https:\/\/lospoliticosveracruz.com\/?p=54185","og_site_name":"Los pol\u00edticos Veracruz","article_publisher":"https:\/\/www.facebook.com\/people\/Notimemes-de-los-Polticos\/61565672886568\/","article_published_time":"2020-04-10T16:01:46+00:00","og_image":[{"width":200,"height":200,"url":"https:\/\/lospoliticosveracruz.com\/wp-content\/uploads\/2016\/07\/Logo-Dor.jpg","type":"image\/jpeg"}],"author":"Lo viste en Los Pol\u00edticos","twitter_card":"summary_large_image","twitter_creator":"@LosPoliticosVer","twitter_site":"@LosPoliticosVer","twitter_misc":{"Escrito por":"Lo viste en Los Pol\u00edticos","Tiempo de lectura":"5 minutos"},"schema":{"@context":"https:\/\/schema.org","@graph":[{"@type":"Article","@id":"https:\/\/lospoliticosveracruz.com\/?p=54185#article","isPartOf":{"@id":"https:\/\/lospoliticosveracruz.com\/?p=54185"},"author":{"name":"Lo viste en Los Pol\u00edticos","@id":"https:\/\/lospoliticosveracruz.com\/#\/schema\/person\/b8702bb0e538456e6efd07080bf2a4a2"},"headline":"Soberbia de Morenos, m\u00e1s da\u00f1ina que el Covid-19","datePublished":"2020-04-10T16:01:46+00:00","mainEntityOfPage":{"@id":"https:\/\/lospoliticosveracruz.com\/?p=54185"},"wordCount":1095,"commentCount":1,"publisher":{"@id":"https:\/\/lospoliticosveracruz.com\/#organization"},"keywords":["Contingencia Sanitaria","Cuitl\u00e1huac Garc\u00eda","Eric Cisneros","Fernando Yunes","Gobernaci\u00f3n","L\u00f3pez Obrador","Olga S\u00e1nchez Cordero","Ricardo Ch\u00faa","Veracruz"],"articleSection":["De Opini\u00f3n"],"inLanguage":"es","potentialAction":[{"@type":"CommentAction","name":"Comment","target":["https:\/\/lospoliticosveracruz.com\/?p=54185#respond"]}]},{"@type":"WebPage","@id":"https:\/\/lospoliticosveracruz.com\/?p=54185","url":"https:\/\/lospoliticosveracruz.com\/?p=54185","name":"Soberbia de Morenos, m\u00e1s da\u00f1ina que el Covid-19 - Los pol\u00edticos Veracruz","isPartOf":{"@id":"https:\/\/lospoliticosveracruz.com\/#website"},"datePublished":"2020-04-10T16:01:46+00:00","breadcrumb":{"@id":"https:\/\/lospoliticosveracruz.com\/?p=54185#breadcrumb"},"inLanguage":"es","potentialAction":[{"@type":"ReadAction","target":["https:\/\/lospoliticosveracruz.com\/?p=54185"]}]},{"@type":"BreadcrumbList","@id":"https:\/\/lospoliticosveracruz.com\/?p=54185#breadcrumb","itemListElement":[{"@type":"ListItem","position":1,"name":"Portada","item":"https:\/\/lospoliticosveracruz.com\/"},{"@type":"ListItem","position":2,"name":"Soberbia de Morenos, m\u00e1s da\u00f1ina que el Covid-19"}]},{"@type":"WebSite","@id":"https:\/\/lospoliticosveracruz.com\/#website","url":"https:\/\/lospoliticosveracruz.com\/","name":"Los pol\u00edticos Veracruz","description":"","publisher":{"@id":"https:\/\/lospoliticosveracruz.com\/#organization"},"potentialAction":[{"@type":"SearchAction","target":{"@type":"EntryPoint","urlTemplate":"https:\/\/lospoliticosveracruz.com\/?s={search_term_string}"},"query-input":{"@type":"PropertyValueSpecification","valueRequired":true,"valueName":"search_term_string"}}],"inLanguage":"es"},{"@type":"Organization","@id":"https:\/\/lospoliticosveracruz.com\/#organization","name":"Los pol\u00edticos Veracruz","url":"https:\/\/lospoliticosveracruz.com\/","logo":{"@type":"ImageObject","inLanguage":"es","@id":"https:\/\/lospoliticosveracruz.com\/#\/schema\/logo\/image\/","url":"https:\/\/lospoliticosveracruz.com\/wp-content\/uploads\/2025\/12\/Logo-Nuevo-LOS-POLITICOS-1.jpg","contentUrl":"https:\/\/lospoliticosveracruz.com\/wp-content\/uploads\/2025\/12\/Logo-Nuevo-LOS-POLITICOS-1.jpg","width":260,"height":70,"caption":"Los pol\u00edticos Veracruz"},"image":{"@id":"https:\/\/lospoliticosveracruz.com\/#\/schema\/logo\/image\/"},"sameAs":["https:\/\/www.facebook.com\/people\/Notimemes-de-los-Polticos\/61565672886568\/","https:\/\/x.com\/LosPoliticosVer"]},{"@type":"Person","@id":"https:\/\/lospoliticosveracruz.com\/#\/schema\/person\/b8702bb0e538456e6efd07080bf2a4a2","name":"Lo viste en Los Pol\u00edticos","image":{"@type":"ImageObject","inLanguage":"es","@id":"https:\/\/secure.gravatar.com\/avatar\/3a8de04a2656d44082be478bd6c086daa447c4651605818287b9532d3d0bd435?s=96&d=mm&r=g","url":"https:\/\/secure.gravatar.com\/avatar\/3a8de04a2656d44082be478bd6c086daa447c4651605818287b9532d3d0bd435?s=96&d=mm&r=g","contentUrl":"https:\/\/secure.gravatar.com\/avatar\/3a8de04a2656d44082be478bd6c086daa447c4651605818287b9532d3d0bd435?s=96&d=mm&r=g","caption":"Lo viste en Los Pol\u00edticos"},"url":"https:\/\/lospoliticosveracruz.com\/?author=2"}]}},"_links":{"self":[{"href":"https:\/\/lospoliticosveracruz.com\/index.php?rest_route=\/wp\/v2\/posts\/54185","targetHints":{"allow":["GET"]}}],"collection":[{"href":"https:\/\/lospoliticosveracruz.com\/index.php?rest_route=\/wp\/v2\/posts"}],"about":[{"href":"https:\/\/lospoliticosveracruz.com\/index.php?rest_route=\/wp\/v2\/types\/post"}],"author":[{"embeddable":true,"href":"https:\/\/lospoliticosveracruz.com\/index.php?rest_route=\/wp\/v2\/users\/2"}],"replies":[{"embeddable":true,"href":"https:\/\/lospoliticosveracruz.com\/index.php?rest_route=%2Fwp%2Fv2%2Fcomments&post=54185"}],"version-history":[{"count":1,"href":"https:\/\/lospoliticosveracruz.com\/index.php?rest_route=\/wp\/v2\/posts\/54185\/revisions"}],"predecessor-version":[{"id":54186,"href":"https:\/\/lospoliticosveracruz.com\/index.php?rest_route=\/wp\/v2\/posts\/54185\/revisions\/54186"}],"wp:attachment":[{"href":"https:\/\/lospoliticosveracruz.com\/index.php?rest_route=%2Fwp%2Fv2%2Fmedia&parent=54185"}],"wp:term":[{"taxonomy":"category","embeddable":true,"href":"https:\/\/lospoliticosveracruz.com\/index.php?rest_route=%2Fwp%2Fv2%2Fcategories&post=54185"},{"taxonomy":"post_tag","embeddable":true,"href":"https:\/\/lospoliticosveracruz.com\/index.php?rest_route=%2Fwp%2Fv2%2Ftags&post=54185"}],"curies":[{"name":"wp","href":"https:\/\/api.w.org\/{rel}","templated":true}]}}