{"id":54199,"date":"2020-04-11T09:12:03","date_gmt":"2020-04-11T14:12:03","guid":{"rendered":"http:\/\/www.lospoliticosveracruz.com.mx\/?p=54199"},"modified":"2020-04-11T09:12:03","modified_gmt":"2020-04-11T14:12:03","slug":"nahle-la-negociacion","status":"publish","type":"post","link":"https:\/\/lospoliticosveracruz.com\/?p=54199","title":{"rendered":"Nahle: La Negociaci\u00f3n"},"content":{"rendered":"<p class=\"s3\"><b>Brenda Caballero<\/b><\/p>\n<p class=\"s3\"><i>\u00a0N\u00fameros Rojos<\/i><\/p>\n<p class=\"s3\"><span class=\"s2\">Hace aproximadamente un mes, alguien me pregunt\u00f3: \u00bfPor qu\u00e9 la gasolina hab\u00eda bajado tanto su precio? A veces es complicado explicar que ese baj\u00f3n de precio (que siempre ansiamos los que tenemos veh\u00edculo), deriva de la reforma energ\u00e9tica, pues el precio del petr\u00f3leo ya no lo fija el gobierno mexicano, sino el mercado internacional, y que la disminuci\u00f3n de \u00e9ste depende de una guerra comercial estrat\u00e9gica. S\u00ed, de la guerra petrolera entre dos de los principales pa\u00edses productores de petr\u00f3leo: Rusia y Arabia Saudita.<\/span><\/p>\n<p class=\"s3\"><span class=\"s2\">El hecho de tener precios m\u00e1s baratos de la gasolina fue el resultado de una falta de acuerdos planteados en una reuni\u00f3n entre la Organizaci\u00f3n de Pa\u00edses Exportadores de Petr\u00f3leo (OPEP) y Rusia. Dicha reuni\u00f3n intentaba disminuir la producci\u00f3n de petr\u00f3leo en el mundo, ya que con la pandemia del Covid 19 hab\u00eda bajado considerablemente su demanda. Recordemos que China, gran consumidor del hidrocarburo, al cerrar sus f\u00e1bricas por ser el origen del brote de la pandemia, disminuy\u00f3 su consumo y por ende, compr\u00f3 menos barriles de petr\u00f3leo. En otros pa\u00edses ocurri\u00f3 lo mismo al entrar forzosamente en cuarentena; incluso nosotros mismos lo vivimos: no compramos gasolina, porque estamos en cuarentena, aunque el precio est\u00e9 bajo.<\/span><\/p>\n<p class=\"s3\"><span class=\"s2\">En esa reuni\u00f3n, Rusia manifest\u00f3 que disminuir su producci\u00f3n petrolera le afectar\u00eda, ya que las beneficiadas ser\u00edan compa\u00f1\u00edas petroleras privadas estadounidenses. En conclusi\u00f3n, \u201cse levant\u00f3\u201d de la mesa de negociaci\u00f3n y tom\u00f3 la decisi\u00f3n de incrementar su producci\u00f3n de petr\u00f3leo. A su vez, Arabia Saudita hizo lo mismo, por lo que al haber m\u00e1s producci\u00f3n en el mercado, el precio disminuy\u00f3. \u00bfRecuerda usted la ley de la oferta y la demanda? Pues bien, al aumentar la oferta del petr\u00f3leo, el precio del barril disminuy\u00f3, y de all\u00ed sus derivados.<\/span><\/p>\n<p class=\"s3\"><span class=\"s2\">Ahora bien, como ning\u00fan pleito es para siempre y m\u00e1s si de ganancias millonarias se trata, aunado a la recesi\u00f3n mundial acelerada por la pandemia del Covid 19, y como China ya est\u00e1 recuper\u00e1ndose y volviendo a producir, era necesario estabilizar el precio del petr\u00f3leo \u00bfde qu\u00e9 forma? Pues disminuyendo su producci\u00f3n, pues con el pleito nadie gana, ni M\u00e9xico, ya que nuestro pa\u00eds incrementa su recaudaci\u00f3n del Impuesto Especial Sobre Producci\u00f3n y Servicios (IEPS) a trav\u00e9s de la venta del combustible.<\/span><\/p>\n<p class=\"s3\"><span class=\"s2\">Haciendo n\u00fameros, aproximadamente el 30 por ciento de los ingresos federales es por venta de hidrocarburos. Y con la cuarentena \u00bfpues cu\u00e1l recaudaci\u00f3n?<\/span><\/p>\n<p class=\"s3\"><span class=\"s2\">Ante el panorama econ\u00f3mico mundial, los pa\u00edses miembros de la OPEP (Argelia, Angola, Rep\u00fablica Democr\u00e1tica del Congo, Guinea, Gab\u00f3n, Iraq, Kuwait, Nigeria, \u00a0Emiratos \u00c1rabes Unidos, liderados por Arabia Saudita) \u00a0y la \u00a0NO OPEP (Azerbaiy\u00e1n, Bahrein, Brunei, Kazajist\u00e1n Malasia, M\u00e9xico, Oman, Sud\u00e1n, Sud\u00e1n del Sur liderados por Rusia) organizaron la novena reuni\u00f3n ministerial extraordinaria para consensuar y acordar el precio del petr\u00f3leo. Ante la pandemia la reuni\u00f3n fue virtual entre los representantes de dichos pa\u00edses.<\/span><\/p>\n<p class=\"s3\"><span class=\"s2\">Roc\u00edo Nahle, secretaria de Energ\u00eda, fue la representante de nuestro pa\u00eds en la negociaci\u00f3n, y parece que le toc\u00f3 su Jueves Santo, pues a pesar de que tuite\u00f3 de que los pa\u00edses trabajaron en un consenso para estabilizar el precio del petr\u00f3leo, los encargados de cubrir informativamente la negociaci\u00f3n, manifestaron su asombro y hasta manejaron de in\u00e9dita la reuni\u00f3n por el tiempo que tard\u00f3 la Secretaria de Estado en llegar a un acuerdo que al final, ni se lleg\u00f3 a ello. <\/span><\/p>\n<p class=\"s3\"><span class=\"s2\">Todo indica que algo le pas\u00f3 a su computadora pues se le apag\u00f3 de repente \u00a1y pum! pues que sale de la negociaci\u00f3n mundial. Posteriormente a ello, le llovi\u00f3 de todo, hasta la solicitud de sacar a M\u00e9xico del Grupo por retrasar por horas el acuerdo, sin llegar a nada.<\/span><\/p>\n<p class=\"s3\"><span class=\"s2\">Tras esto, Roc\u00edo en su cuenta de twitter propuso que M\u00e9xico reducir\u00eda su producci\u00f3n de petr\u00f3leo a 100 mil barriles por d\u00eda los pr\u00f3ximos dos meses, y no los 400 mil como se hab\u00eda propuesto; incluso hasta Donald Trump entr\u00f3 \u201ca rescatarnos\u201d y proponer que Estados Unidos iba a poner 250 mil barriles&#8230;<\/span><\/p>\n<p class=\"s3\"><span class=\"s2\">Este viernes santo, se reanud\u00f3 la negociaci\u00f3n entre los pa\u00edses para llegar a un acuerdo OPEP Plus, incluido el G20; sin embargo no hubo consenso.<\/span><\/p>\n<p class=\"s3\"><span class=\"s2\">La corresponsal de Energy Intelligence, Amena Bakr, tuiteaba que Arabia Saudita planea emitir una declaraci\u00f3n culpando a M\u00e9xico por no aceptar reducir su producci\u00f3n (por la cantidad asignada de 400K). D\u00e9jeme comentarle que lo que le piden a M\u00e9xico es el mismo porcentaje para todos los pa\u00edses del grupo. Claro que depende de la producci\u00f3n total que se tenga.<\/span><\/p>\n<p class=\"s3\"><span class=\"s2\">La reuni\u00f3n hasta con el G20 del viernes no lleg\u00f3 a nada; incluso el problema de M\u00e9xico sigue sin resolverse al d\u00eda de hoy, ya que Nahle sigue en la postura de recortar \u00fanicamente la cuarta parte de lo que tocar\u00eda al pa\u00eds como parte del grupo.<\/span><\/p>\n<p class=\"s3\"><span class=\"s2\">Este s\u00e1bado habr\u00e1 nuevamente reuni\u00f3n \u00bfllegar\u00e1n a alg\u00fan acuerdo? \u00bfNos sacar\u00e1n de la No OPEP? \u00bfNos pondr\u00e1n altos aranceles? \u00bfO le deberemos la vida a Trump?<\/span><\/p>\n<p class=\"s3\">\n<p class=\"s3\"><span class=\"s2\">@NumerosRojos_BC<\/span><\/p>\n<p class=\"s3\"><span class=\"s4\">caballero_brenda@hotmail.com<\/span><\/p>\n","protected":false},"excerpt":{"rendered":"<p>Brenda Caballero \u00a0N\u00fameros Rojos Hace aproximadamente un mes, alguien me pregunt\u00f3: \u00bfPor qu\u00e9 la gasolina hab\u00eda bajado tanto su precio? A veces es complicado explicar que ese baj\u00f3n de precio (que siempre ansiamos los que tenemos veh\u00edculo), deriva de la reforma energ\u00e9tica, pues el precio del petr\u00f3leo ya no lo fija el gobierno mexicano, sino [&hellip;]<\/p>\n","protected":false},"author":2,"featured_media":0,"comment_status":"open","ping_status":"open","sticky":false,"template":"","format":"standard","meta":{"tdm_status":"","tdm_grid_status":"","footnotes":""},"categories":[70],"tags":[2687,2846,1351,17384,2019,3578],"class_list":{"0":"post-54199","1":"post","2":"type-post","3":"status-publish","4":"format-standard","6":"category-de-opinion","7":"tag-brenda-caballero","8":"tag-donald-trump","9":"tag-gasolina","10":"tag-opep","11":"tag-petroleo","12":"tag-rocio-nahle"},"yoast_head":"<!-- This site is optimized with the Yoast SEO plugin v27.4 - https:\/\/yoast.com\/product\/yoast-seo-wordpress\/ -->\n<title>Nahle: La Negociaci\u00f3n - Los pol\u00edticos Veracruz<\/title>\n<meta name=\"robots\" content=\"index, follow, max-snippet:-1, max-image-preview:large, max-video-preview:-1\" \/>\n<link rel=\"canonical\" href=\"https:\/\/lospoliticosveracruz.com\/?p=54199\" \/>\n<meta property=\"og:locale\" content=\"es_ES\" \/>\n<meta property=\"og:type\" content=\"article\" \/>\n<meta property=\"og:title\" content=\"Nahle: La Negociaci\u00f3n - Los pol\u00edticos Veracruz\" \/>\n<meta property=\"og:description\" content=\"Brenda Caballero \u00a0N\u00fameros Rojos Hace aproximadamente un mes, alguien me pregunt\u00f3: \u00bfPor qu\u00e9 la gasolina hab\u00eda bajado tanto su precio? A veces es complicado explicar que ese baj\u00f3n de precio (que siempre ansiamos los que tenemos veh\u00edculo), deriva de la reforma energ\u00e9tica, pues el precio del petr\u00f3leo ya no lo fija el gobierno mexicano, sino [&hellip;]\" \/>\n<meta property=\"og:url\" content=\"https:\/\/lospoliticosveracruz.com\/?p=54199\" \/>\n<meta property=\"og:site_name\" content=\"Los pol\u00edticos Veracruz\" \/>\n<meta property=\"article:publisher\" content=\"https:\/\/www.facebook.com\/people\/Notimemes-de-los-Polticos\/61565672886568\/\" \/>\n<meta property=\"article:published_time\" content=\"2020-04-11T14:12:03+00:00\" \/>\n<meta property=\"og:image\" content=\"https:\/\/lospoliticosveracruz.com\/wp-content\/uploads\/2016\/07\/Logo-Dor.jpg\" \/>\n\t<meta property=\"og:image:width\" content=\"200\" \/>\n\t<meta property=\"og:image:height\" content=\"200\" \/>\n\t<meta property=\"og:image:type\" content=\"image\/jpeg\" \/>\n<meta name=\"author\" content=\"Lo viste en Los Pol\u00edticos\" \/>\n<meta name=\"twitter:card\" content=\"summary_large_image\" \/>\n<meta name=\"twitter:creator\" content=\"@LosPoliticosVer\" \/>\n<meta name=\"twitter:site\" content=\"@LosPoliticosVer\" \/>\n<meta name=\"twitter:label1\" content=\"Escrito por\" \/>\n\t<meta name=\"twitter:data1\" content=\"Lo viste en Los Pol\u00edticos\" \/>\n\t<meta name=\"twitter:label2\" content=\"Tiempo de lectura\" \/>\n\t<meta name=\"twitter:data2\" content=\"5 minutos\" \/>\n<script type=\"application\/ld+json\" class=\"yoast-schema-graph\">{\"@context\":\"https:\\\/\\\/schema.org\",\"@graph\":[{\"@type\":\"Article\",\"@id\":\"https:\\\/\\\/lospoliticosveracruz.com\\\/?p=54199#article\",\"isPartOf\":{\"@id\":\"https:\\\/\\\/lospoliticosveracruz.com\\\/?p=54199\"},\"author\":{\"name\":\"Lo viste en Los Pol\u00edticos\",\"@id\":\"https:\\\/\\\/lospoliticosveracruz.com\\\/#\\\/schema\\\/person\\\/b8702bb0e538456e6efd07080bf2a4a2\"},\"headline\":\"Nahle: La Negociaci\u00f3n\",\"datePublished\":\"2020-04-11T14:12:03+00:00\",\"mainEntityOfPage\":{\"@id\":\"https:\\\/\\\/lospoliticosveracruz.com\\\/?p=54199\"},\"wordCount\":919,\"commentCount\":0,\"publisher\":{\"@id\":\"https:\\\/\\\/lospoliticosveracruz.com\\\/#organization\"},\"keywords\":[\"Brenda Caballero\",\"Donald Trump\",\"gasolina\",\"OPEP\",\"Petr\u00f3leo\",\"Roc\u00edo Nahle\"],\"articleSection\":[\"De Opini\u00f3n\"],\"inLanguage\":\"es\",\"potentialAction\":[{\"@type\":\"CommentAction\",\"name\":\"Comment\",\"target\":[\"https:\\\/\\\/lospoliticosveracruz.com\\\/?p=54199#respond\"]}]},{\"@type\":\"WebPage\",\"@id\":\"https:\\\/\\\/lospoliticosveracruz.com\\\/?p=54199\",\"url\":\"https:\\\/\\\/lospoliticosveracruz.com\\\/?p=54199\",\"name\":\"Nahle: La Negociaci\u00f3n - Los pol\u00edticos Veracruz\",\"isPartOf\":{\"@id\":\"https:\\\/\\\/lospoliticosveracruz.com\\\/#website\"},\"datePublished\":\"2020-04-11T14:12:03+00:00\",\"breadcrumb\":{\"@id\":\"https:\\\/\\\/lospoliticosveracruz.com\\\/?p=54199#breadcrumb\"},\"inLanguage\":\"es\",\"potentialAction\":[{\"@type\":\"ReadAction\",\"target\":[\"https:\\\/\\\/lospoliticosveracruz.com\\\/?p=54199\"]}]},{\"@type\":\"BreadcrumbList\",\"@id\":\"https:\\\/\\\/lospoliticosveracruz.com\\\/?p=54199#breadcrumb\",\"itemListElement\":[{\"@type\":\"ListItem\",\"position\":1,\"name\":\"Portada\",\"item\":\"https:\\\/\\\/lospoliticosveracruz.com\\\/\"},{\"@type\":\"ListItem\",\"position\":2,\"name\":\"Nahle: La Negociaci\u00f3n\"}]},{\"@type\":\"WebSite\",\"@id\":\"https:\\\/\\\/lospoliticosveracruz.com\\\/#website\",\"url\":\"https:\\\/\\\/lospoliticosveracruz.com\\\/\",\"name\":\"Los pol\u00edticos Veracruz\",\"description\":\"\",\"publisher\":{\"@id\":\"https:\\\/\\\/lospoliticosveracruz.com\\\/#organization\"},\"potentialAction\":[{\"@type\":\"SearchAction\",\"target\":{\"@type\":\"EntryPoint\",\"urlTemplate\":\"https:\\\/\\\/lospoliticosveracruz.com\\\/?s={search_term_string}\"},\"query-input\":{\"@type\":\"PropertyValueSpecification\",\"valueRequired\":true,\"valueName\":\"search_term_string\"}}],\"inLanguage\":\"es\"},{\"@type\":\"Organization\",\"@id\":\"https:\\\/\\\/lospoliticosveracruz.com\\\/#organization\",\"name\":\"Los pol\u00edticos Veracruz\",\"url\":\"https:\\\/\\\/lospoliticosveracruz.com\\\/\",\"logo\":{\"@type\":\"ImageObject\",\"inLanguage\":\"es\",\"@id\":\"https:\\\/\\\/lospoliticosveracruz.com\\\/#\\\/schema\\\/logo\\\/image\\\/\",\"url\":\"https:\\\/\\\/lospoliticosveracruz.com\\\/wp-content\\\/uploads\\\/2025\\\/12\\\/Logo-Nuevo-LOS-POLITICOS-1.jpg\",\"contentUrl\":\"https:\\\/\\\/lospoliticosveracruz.com\\\/wp-content\\\/uploads\\\/2025\\\/12\\\/Logo-Nuevo-LOS-POLITICOS-1.jpg\",\"width\":260,\"height\":70,\"caption\":\"Los pol\u00edticos Veracruz\"},\"image\":{\"@id\":\"https:\\\/\\\/lospoliticosveracruz.com\\\/#\\\/schema\\\/logo\\\/image\\\/\"},\"sameAs\":[\"https:\\\/\\\/www.facebook.com\\\/people\\\/Notimemes-de-los-Polticos\\\/61565672886568\\\/\",\"https:\\\/\\\/x.com\\\/LosPoliticosVer\"]},{\"@type\":\"Person\",\"@id\":\"https:\\\/\\\/lospoliticosveracruz.com\\\/#\\\/schema\\\/person\\\/b8702bb0e538456e6efd07080bf2a4a2\",\"name\":\"Lo viste en Los Pol\u00edticos\",\"image\":{\"@type\":\"ImageObject\",\"inLanguage\":\"es\",\"@id\":\"https:\\\/\\\/secure.gravatar.com\\\/avatar\\\/3a8de04a2656d44082be478bd6c086daa447c4651605818287b9532d3d0bd435?s=96&d=mm&r=g\",\"url\":\"https:\\\/\\\/secure.gravatar.com\\\/avatar\\\/3a8de04a2656d44082be478bd6c086daa447c4651605818287b9532d3d0bd435?s=96&d=mm&r=g\",\"contentUrl\":\"https:\\\/\\\/secure.gravatar.com\\\/avatar\\\/3a8de04a2656d44082be478bd6c086daa447c4651605818287b9532d3d0bd435?s=96&d=mm&r=g\",\"caption\":\"Lo viste en Los Pol\u00edticos\"},\"url\":\"https:\\\/\\\/lospoliticosveracruz.com\\\/?author=2\"}]}<\/script>\n<!-- \/ Yoast SEO plugin. -->","yoast_head_json":{"title":"Nahle: La Negociaci\u00f3n - Los pol\u00edticos Veracruz","robots":{"index":"index","follow":"follow","max-snippet":"max-snippet:-1","max-image-preview":"max-image-preview:large","max-video-preview":"max-video-preview:-1"},"canonical":"https:\/\/lospoliticosveracruz.com\/?p=54199","og_locale":"es_ES","og_type":"article","og_title":"Nahle: La Negociaci\u00f3n - Los pol\u00edticos Veracruz","og_description":"Brenda Caballero \u00a0N\u00fameros Rojos Hace aproximadamente un mes, alguien me pregunt\u00f3: \u00bfPor qu\u00e9 la gasolina hab\u00eda bajado tanto su precio? A veces es complicado explicar que ese baj\u00f3n de precio (que siempre ansiamos los que tenemos veh\u00edculo), deriva de la reforma energ\u00e9tica, pues el precio del petr\u00f3leo ya no lo fija el gobierno mexicano, sino [&hellip;]","og_url":"https:\/\/lospoliticosveracruz.com\/?p=54199","og_site_name":"Los pol\u00edticos Veracruz","article_publisher":"https:\/\/www.facebook.com\/people\/Notimemes-de-los-Polticos\/61565672886568\/","article_published_time":"2020-04-11T14:12:03+00:00","og_image":[{"width":200,"height":200,"url":"https:\/\/lospoliticosveracruz.com\/wp-content\/uploads\/2016\/07\/Logo-Dor.jpg","type":"image\/jpeg"}],"author":"Lo viste en Los Pol\u00edticos","twitter_card":"summary_large_image","twitter_creator":"@LosPoliticosVer","twitter_site":"@LosPoliticosVer","twitter_misc":{"Escrito por":"Lo viste en Los Pol\u00edticos","Tiempo de lectura":"5 minutos"},"schema":{"@context":"https:\/\/schema.org","@graph":[{"@type":"Article","@id":"https:\/\/lospoliticosveracruz.com\/?p=54199#article","isPartOf":{"@id":"https:\/\/lospoliticosveracruz.com\/?p=54199"},"author":{"name":"Lo viste en Los Pol\u00edticos","@id":"https:\/\/lospoliticosveracruz.com\/#\/schema\/person\/b8702bb0e538456e6efd07080bf2a4a2"},"headline":"Nahle: La Negociaci\u00f3n","datePublished":"2020-04-11T14:12:03+00:00","mainEntityOfPage":{"@id":"https:\/\/lospoliticosveracruz.com\/?p=54199"},"wordCount":919,"commentCount":0,"publisher":{"@id":"https:\/\/lospoliticosveracruz.com\/#organization"},"keywords":["Brenda Caballero","Donald Trump","gasolina","OPEP","Petr\u00f3leo","Roc\u00edo Nahle"],"articleSection":["De Opini\u00f3n"],"inLanguage":"es","potentialAction":[{"@type":"CommentAction","name":"Comment","target":["https:\/\/lospoliticosveracruz.com\/?p=54199#respond"]}]},{"@type":"WebPage","@id":"https:\/\/lospoliticosveracruz.com\/?p=54199","url":"https:\/\/lospoliticosveracruz.com\/?p=54199","name":"Nahle: La Negociaci\u00f3n - Los pol\u00edticos Veracruz","isPartOf":{"@id":"https:\/\/lospoliticosveracruz.com\/#website"},"datePublished":"2020-04-11T14:12:03+00:00","breadcrumb":{"@id":"https:\/\/lospoliticosveracruz.com\/?p=54199#breadcrumb"},"inLanguage":"es","potentialAction":[{"@type":"ReadAction","target":["https:\/\/lospoliticosveracruz.com\/?p=54199"]}]},{"@type":"BreadcrumbList","@id":"https:\/\/lospoliticosveracruz.com\/?p=54199#breadcrumb","itemListElement":[{"@type":"ListItem","position":1,"name":"Portada","item":"https:\/\/lospoliticosveracruz.com\/"},{"@type":"ListItem","position":2,"name":"Nahle: La Negociaci\u00f3n"}]},{"@type":"WebSite","@id":"https:\/\/lospoliticosveracruz.com\/#website","url":"https:\/\/lospoliticosveracruz.com\/","name":"Los pol\u00edticos Veracruz","description":"","publisher":{"@id":"https:\/\/lospoliticosveracruz.com\/#organization"},"potentialAction":[{"@type":"SearchAction","target":{"@type":"EntryPoint","urlTemplate":"https:\/\/lospoliticosveracruz.com\/?s={search_term_string}"},"query-input":{"@type":"PropertyValueSpecification","valueRequired":true,"valueName":"search_term_string"}}],"inLanguage":"es"},{"@type":"Organization","@id":"https:\/\/lospoliticosveracruz.com\/#organization","name":"Los pol\u00edticos Veracruz","url":"https:\/\/lospoliticosveracruz.com\/","logo":{"@type":"ImageObject","inLanguage":"es","@id":"https:\/\/lospoliticosveracruz.com\/#\/schema\/logo\/image\/","url":"https:\/\/lospoliticosveracruz.com\/wp-content\/uploads\/2025\/12\/Logo-Nuevo-LOS-POLITICOS-1.jpg","contentUrl":"https:\/\/lospoliticosveracruz.com\/wp-content\/uploads\/2025\/12\/Logo-Nuevo-LOS-POLITICOS-1.jpg","width":260,"height":70,"caption":"Los pol\u00edticos Veracruz"},"image":{"@id":"https:\/\/lospoliticosveracruz.com\/#\/schema\/logo\/image\/"},"sameAs":["https:\/\/www.facebook.com\/people\/Notimemes-de-los-Polticos\/61565672886568\/","https:\/\/x.com\/LosPoliticosVer"]},{"@type":"Person","@id":"https:\/\/lospoliticosveracruz.com\/#\/schema\/person\/b8702bb0e538456e6efd07080bf2a4a2","name":"Lo viste en Los Pol\u00edticos","image":{"@type":"ImageObject","inLanguage":"es","@id":"https:\/\/secure.gravatar.com\/avatar\/3a8de04a2656d44082be478bd6c086daa447c4651605818287b9532d3d0bd435?s=96&d=mm&r=g","url":"https:\/\/secure.gravatar.com\/avatar\/3a8de04a2656d44082be478bd6c086daa447c4651605818287b9532d3d0bd435?s=96&d=mm&r=g","contentUrl":"https:\/\/secure.gravatar.com\/avatar\/3a8de04a2656d44082be478bd6c086daa447c4651605818287b9532d3d0bd435?s=96&d=mm&r=g","caption":"Lo viste en Los Pol\u00edticos"},"url":"https:\/\/lospoliticosveracruz.com\/?author=2"}]}},"_links":{"self":[{"href":"https:\/\/lospoliticosveracruz.com\/index.php?rest_route=\/wp\/v2\/posts\/54199","targetHints":{"allow":["GET"]}}],"collection":[{"href":"https:\/\/lospoliticosveracruz.com\/index.php?rest_route=\/wp\/v2\/posts"}],"about":[{"href":"https:\/\/lospoliticosveracruz.com\/index.php?rest_route=\/wp\/v2\/types\/post"}],"author":[{"embeddable":true,"href":"https:\/\/lospoliticosveracruz.com\/index.php?rest_route=\/wp\/v2\/users\/2"}],"replies":[{"embeddable":true,"href":"https:\/\/lospoliticosveracruz.com\/index.php?rest_route=%2Fwp%2Fv2%2Fcomments&post=54199"}],"version-history":[{"count":1,"href":"https:\/\/lospoliticosveracruz.com\/index.php?rest_route=\/wp\/v2\/posts\/54199\/revisions"}],"predecessor-version":[{"id":54201,"href":"https:\/\/lospoliticosveracruz.com\/index.php?rest_route=\/wp\/v2\/posts\/54199\/revisions\/54201"}],"wp:attachment":[{"href":"https:\/\/lospoliticosveracruz.com\/index.php?rest_route=%2Fwp%2Fv2%2Fmedia&parent=54199"}],"wp:term":[{"taxonomy":"category","embeddable":true,"href":"https:\/\/lospoliticosveracruz.com\/index.php?rest_route=%2Fwp%2Fv2%2Fcategories&post=54199"},{"taxonomy":"post_tag","embeddable":true,"href":"https:\/\/lospoliticosveracruz.com\/index.php?rest_route=%2Fwp%2Fv2%2Ftags&post=54199"}],"curies":[{"name":"wp","href":"https:\/\/api.w.org\/{rel}","templated":true}]}}