{"id":54208,"date":"2020-04-11T10:24:08","date_gmt":"2020-04-11T15:24:08","guid":{"rendered":"http:\/\/www.lospoliticosveracruz.com.mx\/?p=54208"},"modified":"2020-04-11T10:24:08","modified_gmt":"2020-04-11T15:24:08","slug":"coronavirus-politico-alcanza-a-cuic","status":"publish","type":"post","link":"https:\/\/lospoliticosveracruz.com\/?p=54208","title":{"rendered":"\u00abCoronavirus pol\u00edtico\u00bb alcanza a Cuic"},"content":{"rendered":"<p><strong>Ricardo Ch\u00faa<\/strong><\/p>\n<p><em>Sale y Vale<\/em><\/p>\n<p>CUITL\u00c1HUAC, \u00bfQUO VADIS?&#8230;. Ayer \u00abViernes Santo\u00bb se confirm\u00f3 la \u00abCrucifici\u00f3n\u00bb de Cuitl\u00e1huac Garc\u00eda&#8230; A lo que se opuso en un principio&#8230; No le qued\u00f3 m\u00e1s remedio que hacerlo, el utilizar la fuerza p\u00fablica estatal para evitar que turistas, deportistas y transe\u00fantes pasearan por las playas del puerto&#8230; Quiso ponerse de \u00abRedentor\u00bb social y Mar\u00eda Olga S\u00e1nchez Cordero, le orden\u00f3 el cierre de costas y tuvo que actuar la polic\u00eda&#8230; Do\u00f1a Olga fue la que puso los \u00abclavos\u00bb a su cruz&#8230; Y le CUMPLE LA PETICI\u00d3N a Fernando Yunes, el alcalde de Veracruz&#8230;<\/p>\n<p>Ayer en redes sociales empezaron a circular v\u00eddeos de la Polic\u00eda Estatal ordenando a deportistas, no pidiendo o dialogando, que se retiraran del bulevar y se fueran a sus casas&#8230; Lo mismo paso en todos los Estados costeros&#8230; Pero aqu\u00ed como mantienen un pleito \u00abcasero\u00bb con Yunes, llamaron a esas medidas \u00abrepresoras\u00bb y que ellos fomentar\u00edan el di\u00e1logo&#8230; Pero una ORDEN de la ex ministra de la Suprema Corte de Justicia de la Naci\u00f3n bast\u00f3 para que Cuitl\u00e1huac se echara para atr\u00e1s&#8230; Dejando muy mal parado a Eric Cisneros&#8230; Solo era cuesti\u00f3n de tiempo&#8230;<\/p>\n<p>Pero en estos dos meses&#8230; Es la segunda ocasi\u00f3n que el gobernador de Veracruz y sus altos funcionarios pierden \u00abpleitos\u00bb pol\u00edticos y medi\u00e1ticos&#8230; Que ellos mismos provocan con sus acciones o medidas de gobierno, que no las miden y parecen que las hacen de manera \u00abchambona\u00bb o al \u00abah\u00ed se va\u00bb&#8230; Las consecuencias son costosas para su administraci\u00f3n&#8230; Ayer fue con Fernando Yunes&#8230; Pero hace unas semanas fue con el PRI estatal y hasta con el PRD en Veracruz&#8230;<\/p>\n<p>En d\u00edas posteriores que Cuitl\u00e1huac Garc\u00eda hab\u00eda regresado al gobierno federal m\u00e1s de 4 mil millones de pesos del subejercicio de su administraci\u00f3n del a\u00f1o fiscal del 2019 porque no los aplic\u00f3&#8230; Marlon Ram\u00edrez Mar\u00edn, dirigente estatal del PRI, le advirti\u00f3 al gobernador que la decisi\u00f3n de no aplicarlo y devolverlo a la federaci\u00f3n era algo que lo iba a lamentar&#8230; Pero nunca se pens\u00f3 que fuera tan pronto&#8230;. Si ese dinero se hubiera aplicado, la pandem\u00eda no fuera tan dif\u00edcil de superarla para los ciudadanos desde su casa&#8230; Pero hay recesi\u00f3n econ\u00f3mica&#8230;<\/p>\n<p>El PRD a trav\u00e9s de Jes\u00fas Mart\u00ednez, \u00abEl Crosty\u00bb, le dijo lo mismo al gobernador&#8230; Y como respuesta, le dieron una \u00abrefriega\u00bb medi\u00e1tica a Rogelio Franco&#8230; Pero al final de cuentas, el Cornavirus hizo patente algo, que ya se ten\u00eda estimado por la sociedad veracruzana&#8230; La debilidad del gobierno del Estado en tiempos de crisis&#8230; No tiene respuesta r\u00e1pida y prefiere la \u00abcamorra\u00bb pol\u00edtica antes de cumplir con sus obligaciones&#8230; En plena pandem\u00eda andaban paseando al l\u00edder nacional de MORENA, Alfonso Ram\u00edrez Cuellar en Xalapa&#8230; \u00bfO no?&#8230;<\/p>\n<p>Pero la CRISIS provocada por el COVID 19 los alcanz\u00f3&#8230; Y no supieron como actuar&#8230; Al ser tan dependientes de la federaci\u00f3n, los errores que cometen en Palacio Nacional, se los tienen que \u00abchutar\u00bb Palacio de Gobierno en Xalapa&#8230; Eso deja en una terrible inmovilidad al gobernador&#8230; Y como NO tiene una CLASE POL\u00cdTICA en MORENA fuerte a nivel nacional, que lo arrope, s\u00f3lo acepta lo que digan desde CDMX.. \u00bfTiene otra opci\u00f3n?&#8230; As\u00ed dif\u00edcilmente \u00abResucitar\u00e1\u00bb a los 3 d\u00edas&#8230; \u00bfQUO VADIS? Cuitl\u00e1huac&#8230; \u00bfQUO VADIS con Veracruz?&#8230; AMEN&#8230;<\/p>\n<p>LA PERSONALIZACI\u00d3N DE LA POL\u00cdTICA&#8230; En tiempos de la pandem\u00eda del Coronavirus en Veracruz y su contingencia sanitaria&#8230; Se hace evidente que as\u00ed como los gobiernos de todos niveles hacen crisis&#8230; Tambi\u00e9n los partidos pol\u00edticos se les empieza hacer evidente los errores, ahora que la sociedad est\u00e1 m\u00e1s atenta a lo que sucede en el pa\u00eds&#8230; Debido a que casi todo el d\u00eda est\u00e1n inmersos en las redes sociales o noticias por estar en casa&#8230; Ah\u00ed se dan cuenta de todo&#8230;. De como los pol\u00edticos act\u00faan en tiempos de crisis&#8230;<\/p>\n<p>As\u00ed que la crisis de los partidos&#8230; La desafecci\u00f3n de la pol\u00edtica por parte de los ciudadanos&#8230; La econom\u00eda cada vez m\u00e1s alejada de la poblaci\u00f3n en el sentido de emplearse, esto aunado al cambio tecnol\u00f3gico&#8230; Hacen que la poblaci\u00f3n no tenga confianza en lo p\u00fablico y es cuando la sociedad observa a las PERSONALIDADES para que suplan el rol de los partidos y las instituciones&#8230; Depositan su confianza en una persona conocida no en una experimentada en pol\u00edtica&#8230; Que en ocasiones. no son tan j\u00f3venes, porque su apuesta es sobre la experiencia&#8230;<\/p>\n<p>S\u00f3lo hay que recordar una excelente frase de Carlos Fuentes: \u00abLos Madero, Villa, Zapata est\u00e1n en la sociedad mexicana, s\u00f3lo que a\u00fan no los vemos, pero de all\u00ed saldr\u00e1n\u00bb&#8230; As\u00ed que no se asusten, si en 2021, los partidos de oposici\u00f3n a MORENA porque seguramente los Morenos seguir\u00e1n \u00abmontados\u00bb en su 4T, pese a la crisis que vivir\u00e1 el pa\u00eds en materia econ\u00f3mica y social por el Coronavirus&#8230; Ven que la reconstrucci\u00f3n de la democracia la hacen de nuevo otra vez de la sociedad&#8230; Ser\u00e1n las PERSONALIDADES sobre los pol\u00edticos&#8230;<\/p>\n<p>Pero como en este pa\u00eds, las historias se repiten y m\u00e1s en el escenario pol\u00edtico&#8230; Se ver\u00e1 dentro de unos meses, cuando este iniciando el proceso electoral federal despu\u00e9s de la pandemia, cambios en la pol\u00edtica c\u00f3mo fueron los primeros movimientos sociales que en los a\u00f1os 60&#8217;s cuando rompieron con el corporativismo del PRI&#8230; Los ferrocarrileros (Campa y Vallejo), electricistas (Galv\u00e1n) y los m\u00e9dicos&#8230; As\u00ed saldr\u00e1n de la sociedad&#8230; Ahora contra el partido en el poder que es MORENA&#8230;<\/p>\n<p>Hay que recordar que en ciencia pol\u00edtica y econom\u00eda&#8230; Existe una teor\u00eda de los ciclos y podr\u00eda aplicar, que ante el viejo autoritarismo (PRI), emergieron aquellos movimientos, y ahora con el nuevo autoritarismo (MORENA), tambi\u00e9n ser\u00e1 la sociedad la que salga a dar la cara&#8230; Y m\u00e1s en Veracruz, donde en los \u00faltimos 42 a\u00f1os de gobiernos estatales, han hecho lo m\u00e1s simple: \u00abPatear el bote\u00bb&#8230; En un ciclo perverso de Endeudamiento-Aumento de la pobreza y desigualdad-enriquecimiento del grupo gobernante en turno&#8230; Ahora, no es nada diferente&#8230;<\/p>\n<p>Por eso, la sociedad est\u00e1 \u00abhasta la.madre\u00bb de los actuales pol\u00edticos&#8230; Quienes les han robado hasta la esperanza&#8230; Ante ello, la personalizaci\u00f3n de la pol\u00edtica&#8230; El ciudadano regresa a lo simple, a lo cercano, a lo conocido&#8230; En MORENA, s\u00f3lo tienen a uno as\u00ed: el administrador General de Aduanas: Ricardo Ahued&#8230; Que es m\u00e1s priista que Fidel Herrera&#8230;Pero sabe \u00abnavegar\u00bb con la \u00abbandera\u00bb ciudadana&#8230; S\u00f3lo observen las ultimas encuestas&#8230; Los aspirantes independientes est\u00e1n arriba de partidos pol\u00edticos&#8230; Algo jam\u00e1s imaginado&#8230; Y es el comienzo&#8230;<\/p>\n<p>Quiz\u00e1s por ello, la tesis que dice de que si se acaban los pobres en este pa\u00eds&#8230; Los pol\u00edticos que tenemos tambi\u00e9n se extinguen, porque no est\u00e1n hechos para la democracia&#8230; OJO no es izquierda o derecha, no son los partidos pol\u00edticos sino que es un asunto de eficacia, exigencia, compromiso, educaci\u00f3n pol\u00edtica, preparaci\u00f3n y sobre todo car\u00e1cter para gobernar&#8230; La experiencia de las derrotas y triunfos y de c\u00f3mo te adaptas a los cambios&#8230; Para desgracia, la clase pol\u00edtica que actualmente gobierna en Veracruz.. No entiende nada de esto&#8230; CONSUMATUM EST&#8230;<\/p>\n","protected":false},"excerpt":{"rendered":"<p>Ricardo Ch\u00faa Sale y Vale CUITL\u00c1HUAC, \u00bfQUO VADIS?&#8230;. Ayer \u00abViernes Santo\u00bb se confirm\u00f3 la \u00abCrucifici\u00f3n\u00bb de Cuitl\u00e1huac Garc\u00eda&#8230; A lo que se opuso en un principio&#8230; No le qued\u00f3 m\u00e1s remedio que hacerlo, el utilizar la fuerza p\u00fablica estatal para evitar que turistas, deportistas y transe\u00fantes pasearan por las playas del puerto&#8230; Quiso ponerse de [&hellip;]<\/p>\n","protected":false},"author":2,"featured_media":50893,"comment_status":"open","ping_status":"open","sticky":false,"template":"","format":"standard","meta":{"tdm_status":"","tdm_grid_status":"","footnotes":""},"categories":[70],"tags":[17074,16264,12686,535,79,2908,1026,687,876,13604,108,96],"class_list":{"0":"post-54208","1":"post","2":"type-post","3":"status-publish","4":"format-standard","5":"has-post-thumbnail","7":"category-de-opinion","8":"tag-contingencia-sanitaria","9":"tag-coronavirus","10":"tag-eric-cisneros","11":"tag-fernando-yunes","12":"tag-fidel-herrera","13":"tag-marlon-ramirez-marin","14":"tag-morena","15":"tag-olga-sanchez-cordero","16":"tag-ricardo-ahued","17":"tag-ricardo-chua","18":"tag-rogelio-franco","19":"tag-xalapa"},"yoast_head":"<!-- This site is optimized with the Yoast SEO plugin v27.4 - https:\/\/yoast.com\/product\/yoast-seo-wordpress\/ -->\n<title>&quot;Coronavirus pol\u00edtico&quot; alcanza a Cuic - Los pol\u00edticos Veracruz<\/title>\n<meta name=\"robots\" content=\"index, follow, max-snippet:-1, max-image-preview:large, max-video-preview:-1\" \/>\n<link rel=\"canonical\" href=\"https:\/\/lospoliticosveracruz.com\/?p=54208\" \/>\n<meta property=\"og:locale\" content=\"es_ES\" \/>\n<meta property=\"og:type\" content=\"article\" \/>\n<meta property=\"og:title\" content=\"&quot;Coronavirus pol\u00edtico&quot; alcanza a Cuic - Los pol\u00edticos Veracruz\" \/>\n<meta property=\"og:description\" content=\"Ricardo Ch\u00faa Sale y Vale CUITL\u00c1HUAC, \u00bfQUO VADIS?&#8230;. Ayer \u00abViernes Santo\u00bb se confirm\u00f3 la \u00abCrucifici\u00f3n\u00bb de Cuitl\u00e1huac Garc\u00eda&#8230; A lo que se opuso en un principio&#8230; No le qued\u00f3 m\u00e1s remedio que hacerlo, el utilizar la fuerza p\u00fablica estatal para evitar que turistas, deportistas y transe\u00fantes pasearan por las playas del puerto&#8230; Quiso ponerse de [&hellip;]\" \/>\n<meta property=\"og:url\" content=\"https:\/\/lospoliticosveracruz.com\/?p=54208\" \/>\n<meta property=\"og:site_name\" content=\"Los pol\u00edticos Veracruz\" \/>\n<meta property=\"article:publisher\" content=\"https:\/\/www.facebook.com\/people\/Notimemes-de-los-Polticos\/61565672886568\/\" \/>\n<meta property=\"article:published_time\" content=\"2020-04-11T15:24:08+00:00\" \/>\n<meta property=\"og:image\" content=\"https:\/\/lospoliticosveracruz.com\/wp-content\/uploads\/2019\/11\/Cuic2.jpg\" \/>\n\t<meta property=\"og:image:width\" content=\"600\" \/>\n\t<meta property=\"og:image:height\" content=\"386\" \/>\n\t<meta property=\"og:image:type\" content=\"image\/jpeg\" \/>\n<meta name=\"author\" content=\"Lo viste en Los Pol\u00edticos\" \/>\n<meta name=\"twitter:card\" content=\"summary_large_image\" \/>\n<meta name=\"twitter:creator\" content=\"@LosPoliticosVer\" \/>\n<meta name=\"twitter:site\" content=\"@LosPoliticosVer\" \/>\n<meta name=\"twitter:label1\" content=\"Escrito por\" \/>\n\t<meta name=\"twitter:data1\" content=\"Lo viste en Los Pol\u00edticos\" \/>\n\t<meta name=\"twitter:label2\" content=\"Tiempo de lectura\" \/>\n\t<meta name=\"twitter:data2\" content=\"6 minutos\" \/>\n<script type=\"application\/ld+json\" class=\"yoast-schema-graph\">{\"@context\":\"https:\\\/\\\/schema.org\",\"@graph\":[{\"@type\":\"Article\",\"@id\":\"https:\\\/\\\/lospoliticosveracruz.com\\\/?p=54208#article\",\"isPartOf\":{\"@id\":\"https:\\\/\\\/lospoliticosveracruz.com\\\/?p=54208\"},\"author\":{\"name\":\"Lo viste en Los Pol\u00edticos\",\"@id\":\"https:\\\/\\\/lospoliticosveracruz.com\\\/#\\\/schema\\\/person\\\/b8702bb0e538456e6efd07080bf2a4a2\"},\"headline\":\"\u00abCoronavirus pol\u00edtico\u00bb alcanza a Cuic\",\"datePublished\":\"2020-04-11T15:24:08+00:00\",\"mainEntityOfPage\":{\"@id\":\"https:\\\/\\\/lospoliticosveracruz.com\\\/?p=54208\"},\"wordCount\":1284,\"commentCount\":0,\"publisher\":{\"@id\":\"https:\\\/\\\/lospoliticosveracruz.com\\\/#organization\"},\"image\":{\"@id\":\"https:\\\/\\\/lospoliticosveracruz.com\\\/?p=54208#primaryimage\"},\"thumbnailUrl\":\"https:\\\/\\\/lospoliticosveracruz.com\\\/wp-content\\\/uploads\\\/2019\\\/11\\\/Cuic2.jpg\",\"keywords\":[\"Contingencia Sanitaria\",\"coronavirus\",\"Eric Cisneros\",\"Fernando Yunes\",\"Fidel Herrera\",\"Marlon Ram\u00edrez Mar\u00edn\",\"Morena\",\"Olga S\u00e1nchez Cordero\",\"Ricardo Ahued\",\"Ricardo Ch\u00faa\",\"Rogelio Franco\",\"Xalapa\"],\"articleSection\":[\"De Opini\u00f3n\"],\"inLanguage\":\"es\",\"potentialAction\":[{\"@type\":\"CommentAction\",\"name\":\"Comment\",\"target\":[\"https:\\\/\\\/lospoliticosveracruz.com\\\/?p=54208#respond\"]}]},{\"@type\":\"WebPage\",\"@id\":\"https:\\\/\\\/lospoliticosveracruz.com\\\/?p=54208\",\"url\":\"https:\\\/\\\/lospoliticosveracruz.com\\\/?p=54208\",\"name\":\"\\\"Coronavirus pol\u00edtico\\\" alcanza a Cuic - Los pol\u00edticos Veracruz\",\"isPartOf\":{\"@id\":\"https:\\\/\\\/lospoliticosveracruz.com\\\/#website\"},\"primaryImageOfPage\":{\"@id\":\"https:\\\/\\\/lospoliticosveracruz.com\\\/?p=54208#primaryimage\"},\"image\":{\"@id\":\"https:\\\/\\\/lospoliticosveracruz.com\\\/?p=54208#primaryimage\"},\"thumbnailUrl\":\"https:\\\/\\\/lospoliticosveracruz.com\\\/wp-content\\\/uploads\\\/2019\\\/11\\\/Cuic2.jpg\",\"datePublished\":\"2020-04-11T15:24:08+00:00\",\"breadcrumb\":{\"@id\":\"https:\\\/\\\/lospoliticosveracruz.com\\\/?p=54208#breadcrumb\"},\"inLanguage\":\"es\",\"potentialAction\":[{\"@type\":\"ReadAction\",\"target\":[\"https:\\\/\\\/lospoliticosveracruz.com\\\/?p=54208\"]}]},{\"@type\":\"ImageObject\",\"inLanguage\":\"es\",\"@id\":\"https:\\\/\\\/lospoliticosveracruz.com\\\/?p=54208#primaryimage\",\"url\":\"https:\\\/\\\/lospoliticosveracruz.com\\\/wp-content\\\/uploads\\\/2019\\\/11\\\/Cuic2.jpg\",\"contentUrl\":\"https:\\\/\\\/lospoliticosveracruz.com\\\/wp-content\\\/uploads\\\/2019\\\/11\\\/Cuic2.jpg\",\"width\":600,\"height\":386},{\"@type\":\"BreadcrumbList\",\"@id\":\"https:\\\/\\\/lospoliticosveracruz.com\\\/?p=54208#breadcrumb\",\"itemListElement\":[{\"@type\":\"ListItem\",\"position\":1,\"name\":\"Portada\",\"item\":\"https:\\\/\\\/lospoliticosveracruz.com\\\/\"},{\"@type\":\"ListItem\",\"position\":2,\"name\":\"\u00abCoronavirus pol\u00edtico\u00bb alcanza a Cuic\"}]},{\"@type\":\"WebSite\",\"@id\":\"https:\\\/\\\/lospoliticosveracruz.com\\\/#website\",\"url\":\"https:\\\/\\\/lospoliticosveracruz.com\\\/\",\"name\":\"Los pol\u00edticos Veracruz\",\"description\":\"\",\"publisher\":{\"@id\":\"https:\\\/\\\/lospoliticosveracruz.com\\\/#organization\"},\"potentialAction\":[{\"@type\":\"SearchAction\",\"target\":{\"@type\":\"EntryPoint\",\"urlTemplate\":\"https:\\\/\\\/lospoliticosveracruz.com\\\/?s={search_term_string}\"},\"query-input\":{\"@type\":\"PropertyValueSpecification\",\"valueRequired\":true,\"valueName\":\"search_term_string\"}}],\"inLanguage\":\"es\"},{\"@type\":\"Organization\",\"@id\":\"https:\\\/\\\/lospoliticosveracruz.com\\\/#organization\",\"name\":\"Los pol\u00edticos Veracruz\",\"url\":\"https:\\\/\\\/lospoliticosveracruz.com\\\/\",\"logo\":{\"@type\":\"ImageObject\",\"inLanguage\":\"es\",\"@id\":\"https:\\\/\\\/lospoliticosveracruz.com\\\/#\\\/schema\\\/logo\\\/image\\\/\",\"url\":\"https:\\\/\\\/lospoliticosveracruz.com\\\/wp-content\\\/uploads\\\/2025\\\/12\\\/Logo-Nuevo-LOS-POLITICOS-1.jpg\",\"contentUrl\":\"https:\\\/\\\/lospoliticosveracruz.com\\\/wp-content\\\/uploads\\\/2025\\\/12\\\/Logo-Nuevo-LOS-POLITICOS-1.jpg\",\"width\":260,\"height\":70,\"caption\":\"Los pol\u00edticos Veracruz\"},\"image\":{\"@id\":\"https:\\\/\\\/lospoliticosveracruz.com\\\/#\\\/schema\\\/logo\\\/image\\\/\"},\"sameAs\":[\"https:\\\/\\\/www.facebook.com\\\/people\\\/Notimemes-de-los-Polticos\\\/61565672886568\\\/\",\"https:\\\/\\\/x.com\\\/LosPoliticosVer\"]},{\"@type\":\"Person\",\"@id\":\"https:\\\/\\\/lospoliticosveracruz.com\\\/#\\\/schema\\\/person\\\/b8702bb0e538456e6efd07080bf2a4a2\",\"name\":\"Lo viste en Los Pol\u00edticos\",\"image\":{\"@type\":\"ImageObject\",\"inLanguage\":\"es\",\"@id\":\"https:\\\/\\\/secure.gravatar.com\\\/avatar\\\/3a8de04a2656d44082be478bd6c086daa447c4651605818287b9532d3d0bd435?s=96&d=mm&r=g\",\"url\":\"https:\\\/\\\/secure.gravatar.com\\\/avatar\\\/3a8de04a2656d44082be478bd6c086daa447c4651605818287b9532d3d0bd435?s=96&d=mm&r=g\",\"contentUrl\":\"https:\\\/\\\/secure.gravatar.com\\\/avatar\\\/3a8de04a2656d44082be478bd6c086daa447c4651605818287b9532d3d0bd435?s=96&d=mm&r=g\",\"caption\":\"Lo viste en Los Pol\u00edticos\"},\"url\":\"https:\\\/\\\/lospoliticosveracruz.com\\\/?author=2\"}]}<\/script>\n<!-- \/ Yoast SEO plugin. -->","yoast_head_json":{"title":"\"Coronavirus pol\u00edtico\" alcanza a Cuic - Los pol\u00edticos Veracruz","robots":{"index":"index","follow":"follow","max-snippet":"max-snippet:-1","max-image-preview":"max-image-preview:large","max-video-preview":"max-video-preview:-1"},"canonical":"https:\/\/lospoliticosveracruz.com\/?p=54208","og_locale":"es_ES","og_type":"article","og_title":"\"Coronavirus pol\u00edtico\" alcanza a Cuic - Los pol\u00edticos Veracruz","og_description":"Ricardo Ch\u00faa Sale y Vale CUITL\u00c1HUAC, \u00bfQUO VADIS?&#8230;. Ayer \u00abViernes Santo\u00bb se confirm\u00f3 la \u00abCrucifici\u00f3n\u00bb de Cuitl\u00e1huac Garc\u00eda&#8230; A lo que se opuso en un principio&#8230; No le qued\u00f3 m\u00e1s remedio que hacerlo, el utilizar la fuerza p\u00fablica estatal para evitar que turistas, deportistas y transe\u00fantes pasearan por las playas del puerto&#8230; Quiso ponerse de [&hellip;]","og_url":"https:\/\/lospoliticosveracruz.com\/?p=54208","og_site_name":"Los pol\u00edticos Veracruz","article_publisher":"https:\/\/www.facebook.com\/people\/Notimemes-de-los-Polticos\/61565672886568\/","article_published_time":"2020-04-11T15:24:08+00:00","og_image":[{"width":600,"height":386,"url":"https:\/\/lospoliticosveracruz.com\/wp-content\/uploads\/2019\/11\/Cuic2.jpg","type":"image\/jpeg"}],"author":"Lo viste en Los Pol\u00edticos","twitter_card":"summary_large_image","twitter_creator":"@LosPoliticosVer","twitter_site":"@LosPoliticosVer","twitter_misc":{"Escrito por":"Lo viste en Los Pol\u00edticos","Tiempo de lectura":"6 minutos"},"schema":{"@context":"https:\/\/schema.org","@graph":[{"@type":"Article","@id":"https:\/\/lospoliticosveracruz.com\/?p=54208#article","isPartOf":{"@id":"https:\/\/lospoliticosveracruz.com\/?p=54208"},"author":{"name":"Lo viste en Los Pol\u00edticos","@id":"https:\/\/lospoliticosveracruz.com\/#\/schema\/person\/b8702bb0e538456e6efd07080bf2a4a2"},"headline":"\u00abCoronavirus pol\u00edtico\u00bb alcanza a Cuic","datePublished":"2020-04-11T15:24:08+00:00","mainEntityOfPage":{"@id":"https:\/\/lospoliticosveracruz.com\/?p=54208"},"wordCount":1284,"commentCount":0,"publisher":{"@id":"https:\/\/lospoliticosveracruz.com\/#organization"},"image":{"@id":"https:\/\/lospoliticosveracruz.com\/?p=54208#primaryimage"},"thumbnailUrl":"https:\/\/lospoliticosveracruz.com\/wp-content\/uploads\/2019\/11\/Cuic2.jpg","keywords":["Contingencia Sanitaria","coronavirus","Eric Cisneros","Fernando Yunes","Fidel Herrera","Marlon Ram\u00edrez Mar\u00edn","Morena","Olga S\u00e1nchez Cordero","Ricardo Ahued","Ricardo Ch\u00faa","Rogelio Franco","Xalapa"],"articleSection":["De Opini\u00f3n"],"inLanguage":"es","potentialAction":[{"@type":"CommentAction","name":"Comment","target":["https:\/\/lospoliticosveracruz.com\/?p=54208#respond"]}]},{"@type":"WebPage","@id":"https:\/\/lospoliticosveracruz.com\/?p=54208","url":"https:\/\/lospoliticosveracruz.com\/?p=54208","name":"\"Coronavirus pol\u00edtico\" alcanza a Cuic - Los pol\u00edticos Veracruz","isPartOf":{"@id":"https:\/\/lospoliticosveracruz.com\/#website"},"primaryImageOfPage":{"@id":"https:\/\/lospoliticosveracruz.com\/?p=54208#primaryimage"},"image":{"@id":"https:\/\/lospoliticosveracruz.com\/?p=54208#primaryimage"},"thumbnailUrl":"https:\/\/lospoliticosveracruz.com\/wp-content\/uploads\/2019\/11\/Cuic2.jpg","datePublished":"2020-04-11T15:24:08+00:00","breadcrumb":{"@id":"https:\/\/lospoliticosveracruz.com\/?p=54208#breadcrumb"},"inLanguage":"es","potentialAction":[{"@type":"ReadAction","target":["https:\/\/lospoliticosveracruz.com\/?p=54208"]}]},{"@type":"ImageObject","inLanguage":"es","@id":"https:\/\/lospoliticosveracruz.com\/?p=54208#primaryimage","url":"https:\/\/lospoliticosveracruz.com\/wp-content\/uploads\/2019\/11\/Cuic2.jpg","contentUrl":"https:\/\/lospoliticosveracruz.com\/wp-content\/uploads\/2019\/11\/Cuic2.jpg","width":600,"height":386},{"@type":"BreadcrumbList","@id":"https:\/\/lospoliticosveracruz.com\/?p=54208#breadcrumb","itemListElement":[{"@type":"ListItem","position":1,"name":"Portada","item":"https:\/\/lospoliticosveracruz.com\/"},{"@type":"ListItem","position":2,"name":"\u00abCoronavirus pol\u00edtico\u00bb alcanza a Cuic"}]},{"@type":"WebSite","@id":"https:\/\/lospoliticosveracruz.com\/#website","url":"https:\/\/lospoliticosveracruz.com\/","name":"Los pol\u00edticos Veracruz","description":"","publisher":{"@id":"https:\/\/lospoliticosveracruz.com\/#organization"},"potentialAction":[{"@type":"SearchAction","target":{"@type":"EntryPoint","urlTemplate":"https:\/\/lospoliticosveracruz.com\/?s={search_term_string}"},"query-input":{"@type":"PropertyValueSpecification","valueRequired":true,"valueName":"search_term_string"}}],"inLanguage":"es"},{"@type":"Organization","@id":"https:\/\/lospoliticosveracruz.com\/#organization","name":"Los pol\u00edticos Veracruz","url":"https:\/\/lospoliticosveracruz.com\/","logo":{"@type":"ImageObject","inLanguage":"es","@id":"https:\/\/lospoliticosveracruz.com\/#\/schema\/logo\/image\/","url":"https:\/\/lospoliticosveracruz.com\/wp-content\/uploads\/2025\/12\/Logo-Nuevo-LOS-POLITICOS-1.jpg","contentUrl":"https:\/\/lospoliticosveracruz.com\/wp-content\/uploads\/2025\/12\/Logo-Nuevo-LOS-POLITICOS-1.jpg","width":260,"height":70,"caption":"Los pol\u00edticos Veracruz"},"image":{"@id":"https:\/\/lospoliticosveracruz.com\/#\/schema\/logo\/image\/"},"sameAs":["https:\/\/www.facebook.com\/people\/Notimemes-de-los-Polticos\/61565672886568\/","https:\/\/x.com\/LosPoliticosVer"]},{"@type":"Person","@id":"https:\/\/lospoliticosveracruz.com\/#\/schema\/person\/b8702bb0e538456e6efd07080bf2a4a2","name":"Lo viste en Los Pol\u00edticos","image":{"@type":"ImageObject","inLanguage":"es","@id":"https:\/\/secure.gravatar.com\/avatar\/3a8de04a2656d44082be478bd6c086daa447c4651605818287b9532d3d0bd435?s=96&d=mm&r=g","url":"https:\/\/secure.gravatar.com\/avatar\/3a8de04a2656d44082be478bd6c086daa447c4651605818287b9532d3d0bd435?s=96&d=mm&r=g","contentUrl":"https:\/\/secure.gravatar.com\/avatar\/3a8de04a2656d44082be478bd6c086daa447c4651605818287b9532d3d0bd435?s=96&d=mm&r=g","caption":"Lo viste en Los Pol\u00edticos"},"url":"https:\/\/lospoliticosveracruz.com\/?author=2"}]}},"_links":{"self":[{"href":"https:\/\/lospoliticosveracruz.com\/index.php?rest_route=\/wp\/v2\/posts\/54208","targetHints":{"allow":["GET"]}}],"collection":[{"href":"https:\/\/lospoliticosveracruz.com\/index.php?rest_route=\/wp\/v2\/posts"}],"about":[{"href":"https:\/\/lospoliticosveracruz.com\/index.php?rest_route=\/wp\/v2\/types\/post"}],"author":[{"embeddable":true,"href":"https:\/\/lospoliticosveracruz.com\/index.php?rest_route=\/wp\/v2\/users\/2"}],"replies":[{"embeddable":true,"href":"https:\/\/lospoliticosveracruz.com\/index.php?rest_route=%2Fwp%2Fv2%2Fcomments&post=54208"}],"version-history":[{"count":1,"href":"https:\/\/lospoliticosveracruz.com\/index.php?rest_route=\/wp\/v2\/posts\/54208\/revisions"}],"predecessor-version":[{"id":54209,"href":"https:\/\/lospoliticosveracruz.com\/index.php?rest_route=\/wp\/v2\/posts\/54208\/revisions\/54209"}],"wp:featuredmedia":[{"embeddable":true,"href":"https:\/\/lospoliticosveracruz.com\/index.php?rest_route=\/wp\/v2\/media\/50893"}],"wp:attachment":[{"href":"https:\/\/lospoliticosveracruz.com\/index.php?rest_route=%2Fwp%2Fv2%2Fmedia&parent=54208"}],"wp:term":[{"taxonomy":"category","embeddable":true,"href":"https:\/\/lospoliticosveracruz.com\/index.php?rest_route=%2Fwp%2Fv2%2Fcategories&post=54208"},{"taxonomy":"post_tag","embeddable":true,"href":"https:\/\/lospoliticosveracruz.com\/index.php?rest_route=%2Fwp%2Fv2%2Ftags&post=54208"}],"curies":[{"name":"wp","href":"https:\/\/api.w.org\/{rel}","templated":true}]}}