{"id":54233,"date":"2020-04-13T10:40:07","date_gmt":"2020-04-13T15:40:07","guid":{"rendered":"http:\/\/www.lospoliticosveracruz.com.mx\/?p=54233"},"modified":"2020-04-13T10:40:07","modified_gmt":"2020-04-13T15:40:07","slug":"el-federalismo-y-cuitlahuac","status":"publish","type":"post","link":"https:\/\/lospoliticosveracruz.com\/?p=54233","title":{"rendered":"El Federalismo y Cuitl\u00e1huac"},"content":{"rendered":"<p><strong>Ricardo Ch\u00faa<\/strong><\/p>\n<p><em>Sale y Vale<\/em><\/p>\n<p>BUENA ACCI\u00d3N&#8230; Sin tanto aspaviento, sin estar publicitando que quieren donar sueldos o cosas por el estilo&#8230; Jorge Moreno Salinas, diputado local del PRI junto con el grupo parlamentario del PRI-PVEM donde est\u00e1n, Andrea Yunes Yunes, Erika Ayala y Antonio Garc\u00eda Reyes&#8230;. Est\u00e1n otorgando ayuda y apoyos a personas vulnerables afectados por la emergencia sanitaria del Coronavirus en distintos puntos del Estado&#8230; Todo de una manera discreta&#8230;<\/p>\n<p>Estos legisladores locales se han dado a la tarea de estar entregando alimentos, materiales necesarios para evitar contagios como los famosos \u00abcubre-bocas\u00bb y productos desinfectantes tan necesarios en estos momentos&#8230; Esta labor la realizan desde hace hace m\u00e1s de un mes en Boca del R\u00edo, Xalapa y Poza Rica, en avenidas, calles y hospitales, que son sitios donde se han presentado los casos de esta enfermedad&#8230; Y lo van a continuar durante el tiempo que dure la emergencia sanitaria&#8230; As\u00ed es, como debe ser&#8230; Discretos y sin publicidad&#8230;<\/p>\n<p>DIVISI\u00d3N, LA IMPLOSI\u00d3N DEL CORONAVIRUS&#8230; Si en Jap\u00f3n, que son una potencia econ\u00f3mica mundial, est\u00e1n temiendo que los efectos de la Pandem\u00eda del COVID-19 no se componga hasta el 2021 y que tendr\u00e1 efecto en su gobierno&#8230; Hay que imaginarse lo que pasar\u00e1 en M\u00e9xico, si la cosa sigue igual, si con apenas un mes de la contingencia, ya los gobernadores del pa\u00eds, le est\u00e1n pidiendo al gobierno de Andr\u00e9s Manuel L\u00f3pez Obrador, la revisi\u00f3n de la Ley de Coordinaci\u00f3n Fiscal&#8230; Al paso que vamos, el pa\u00eds se va a dividir&#8230;<\/p>\n<p>Ahora es Jalisco, con Enrique Alfaro; Nuevo Le\u00f3n, con Jaime Rodr\u00edguez Calder\u00f3n \u00abEl Bronco\u00bb (Que est\u00e1 agarrando su segundo aire); Coahuila, con Miguel Angel Riquelme Sol\u00eds; y,Chihuahua, con Javier Corral Jurado&#8230; Pero si el enfrentamiento contin\u00faa&#8230; Si el tema de la pandemia no acaba y la recesi\u00f3n econ\u00f3mica crece a niveles insospechados&#8230; Estos 4 personajes van a dividir al pa\u00eds&#8230; Puede ser el inicio de un \u00abadi\u00f3s\u00bb a la Rep\u00fablica y se vendr\u00edan movimientos \u00abseparatista\u00bb al estilo de Quebec y Barcelona&#8230; Ser\u00eda el momento&#8230;<\/p>\n<p>Esto puede sonar \u00abt\u00e9trico\u00bbe irreal para el sistema pol\u00edtico que vivimos&#8230; Pero hace 100 d\u00edas qui\u00e9n en Veracruz se imaginaba que el Coronavirus los tendr\u00eda confinados en casa, con todo y los problemas econ\u00f3micos, sociales, culturales y familiares que esto representa&#8230;. El tema peligroso aqu\u00ed, es que el sector empresarial, al verse desvalido, amenazado y peligrando sus inversiones por la decisi\u00f3n fiscal de L\u00f3pez Obrador&#8230; Pueden apoyar esa ruta&#8230; Nuevos Cacicazgos pol\u00edticos y empresariales regionales buscando ser legales&#8230;<\/p>\n<p>Por eso, exigen ahora que el gobierno federal est\u00e1 d\u00e9bil socialmente por la forma de enfrentar el Covid-19&#8230; Una nueva Ley de Coordinaci\u00f3n Fiscal en M\u00e9xico&#8230; Que no solo se beneficie a la federaci\u00f3n sino que los estados y municipios tengan m\u00e1s recursos&#8230; Y que no todo se lo quede el gobierno de L\u00f3pez Obrador&#8230; Hay que recordar que del 100 por ciento de la recaudaci\u00f3n nacional&#8230; 80 por ciento se la queda la federaci\u00f3n&#8230; 16 por ciento los Estados y 4 por ciento los municipios&#8230; Por ah\u00ed va la ruta&#8230;<\/p>\n<p>OJO&#8230;. Hay que recordar que el propio \u00abSubComandante Marcos\u00bb ya lo hab\u00eda advertido a la llegada de AMLO&#8230; Viene una IMPLOSI\u00d3N en M\u00e9xico&#8230; Y el pa\u00eds se partir\u00eda en 3&#8230; La parte norte de los ricos y empresarial que son los que est\u00e1n \u00abempujando\u00bb, lo de la nueva ley de coordinaci\u00f3n fiscal&#8230; La parte pol\u00edtica que son los del centro y la zona del baj\u00edo del pa\u00eds&#8230;La parte sur-sureste que seguir\u00e1 siendo pobre y con poblaci\u00f3n m\u00e1s vulnerable&#8230; Todo generado por la geograf\u00eda y el desarrollo de estas regiones&#8230; \u00bfY d\u00f3nde queda Veracruz?&#8230;<\/p>\n<p>LA ENCRUCIJADA DE CUITL\u00c1HUAC&#8230; En el Veracruz de Cuitl\u00e1huac Garc\u00eda, el sector empresarial y la clase productiva del Estado, le est\u00e1 pidiendo ayuda al gobierno estatal y ser gestor ante la federaci\u00f3n, por ser un gobernador cercano a L\u00f3pez Obrador, que los apoye con el tema de darle plazos para pagos de servicios e impuestos, con tal de no cerrar empresas y mantener empleos&#8230; Pero, les ha dicho QUE NO SE PUEDE&#8230; Y esos grupos ahora le dicen que urge revisar la coordinaci\u00f3n fiscal para favorecer a la entidad&#8230; ZUCUTUM&#8230;<\/p>\n<p>C\u00e1maras empresariales le han dicho al gobierno estatal, a trav\u00e9s de medios de comunicaci\u00f3n y redes sociales, que tiene que valorar la forma de rescatar financieramente a la entidad&#8230; Ante la pasividad de la federaci\u00f3n en hacerlo&#8230; Y que Cuitl\u00e1huac como gobernador debe seguir LA MISMA RUTA que sus hom\u00f3logos del occidente y norte del pa\u00eds tal como lo est\u00e1n proyectando&#8230;Y que esto no es algo salido de la nada sino que es un esquema planteado por el momento que se vive por la crisis de la pandemia del Coronavirus&#8230;<\/p>\n<p>Lo que le argumentan empresarios y sectores sociales al gobierno de Veracruz&#8230; Es que la entidad reporta grandes ingresos a la federaci\u00f3n por impuestos y recibe mucho menos de lo que aporta&#8230; Y que si Cuitl\u00e1huac se suma a esta petici\u00f3n de una Nueva Ley de Coordinaci\u00f3n Fiscal&#8230; Permitir\u00eda al Estado y sus municipios, como a la econom\u00eda en su conjunto, obtener los recursos para que no sigan siendo afectadas las condiciones de la poblaci\u00f3n&#8230; Reactivarla despu\u00e9s de que el Covid-19, la est\u00e1 quebrando a niveles insospechados&#8230;<\/p>\n<p>Pero estos sectores&#8230; No s\u00f3lo le piden eso al Gobernador sino tambi\u00e9n a los propios diputados del Congreso Local que empujen esta idea para presionar al gobierno federal&#8230; Para evitar que Veracruz \u00abquiebre\u00bb de manera total financieramente&#8230; Por ello, es que solicitan que mucha de esta recaudaci\u00f3n que se hace en el Estado, se quede aqu\u00ed tambi\u00e9n y no vaya todo a parar al gobierno federal.. Piden, pues, un verdadero federalismo, en virtud de que Veracruz se produce muy por encima de otras entidades que reciben subsidios&#8230; Y aqu\u00ed, no los hay&#8230;<\/p>\n<p>Vaya situaci\u00f3n que se le viene encima al gobierno estatal&#8230; Hace poco se\u00f1alamos \u00bfC\u00f3mo quer\u00eda ser recordado Cuitl\u00e1huac como gobernador?&#8230; \u00bfC\u00f3mo el que \u00abhundi\u00f3\u00bb a Veracruz o lo sac\u00f3 medio a flote?&#8230; Por ser uno de los gobernadores cercanos a AMLO&#8230; \u00bfSer\u00e1 capaz de rebelarse al Presidente por el bien de su poblaci\u00f3n?&#8230; Tal como lo han hecho otros gobernadores del pa\u00eds&#8230; \u00bfPodr\u00e1 resistir la presi\u00f3n de L\u00f3pez Obrador, Rocio Nahle y Secretar\u00eda de Hacienda, si se rebelar\u00e1 cuando Veracruz est\u00e9 sumido en plena crisis por la pandemia?&#8230; UFFF&#8230;<\/p>\n<p>Peor aun&#8230; Ser\u00e1 capaz de RESISTIR la presi\u00f3n social que le vendr\u00e1 de las 8 zonas urbanas que concentran el 80 por ciento de la poblaci\u00f3n de Veracruz&#8230; Cuando reclamen reactivaci\u00f3n econ\u00f3mica, salud y alimentos, si esto se sale del control&#8230; Ser\u00e1 capaz de soportar la presi\u00f3n empresarial&#8230; Ser\u00e1 capaz de soportar la presi\u00f3n pol\u00edtica de los partidos&#8230; Vienen los momentos de las decisiones m\u00e1s dif\u00edciles como Gobernador&#8230; Ojal\u00e1 se PREPARE para ello&#8230; Aqu\u00ed vale repetir: \u00bfQuo Vadis Cuitl\u00e1huac?&#8230; \u00bfQuo Vadis con Veracruz?&#8230; SIN AMEN&#8230;<\/p>\n","protected":false},"excerpt":{"rendered":"<p>Ricardo Ch\u00faa Sale y Vale BUENA ACCI\u00d3N&#8230; Sin tanto aspaviento, sin estar publicitando que quieren donar sueldos o cosas por el estilo&#8230; Jorge Moreno Salinas, diputado local del PRI junto con el grupo parlamentario del PRI-PVEM donde est\u00e1n, Andrea Yunes Yunes, Erika Ayala y Antonio Garc\u00eda Reyes&#8230;. Est\u00e1n otorgando ayuda y apoyos a personas vulnerables [&hellip;]<\/p>\n","protected":false},"author":2,"featured_media":48574,"comment_status":"open","ping_status":"open","sticky":false,"template":"","format":"standard","meta":{"tdm_status":"","tdm_grid_status":"","footnotes":""},"categories":[70],"tags":[5320,618,601,2354,2355,16264,16673,2825,9841,106,2811,3815,10055,17397,4619,16457,17396,1243,1267,251,195,96],"class_list":{"0":"post-54233","1":"post","2":"type-post","3":"status-publish","4":"format-standard","5":"has-post-thumbnail","7":"category-de-opinion","8":"tag-andrea-yunes-yunes","9":"tag-andres-manuel-lopez-obrador","10":"tag-boca-del-rio","11":"tag-chihuahua","12":"tag-coahuila","13":"tag-coronavirus","14":"tag-covid-19","15":"tag-el-bronco","16":"tag-enrique-alfaro","17":"tag-erika-ayala","18":"tag-jaime-rodriguez-calderon","19":"tag-jalisco","20":"tag-japon","21":"tag-javier-corral-jurado","22":"tag-jorge-moreno-salinas","23":"tag-ley-de-coordinacion-fiscal","24":"tag-miguel-angel-riquelme-solis","25":"tag-nuevo-leon","26":"tag-poza-rica","27":"tag-pri","28":"tag-veracruz","29":"tag-xalapa"},"yoast_head":"<!-- This site is optimized with the Yoast SEO plugin v27.4 - https:\/\/yoast.com\/product\/yoast-seo-wordpress\/ -->\n<title>El Federalismo y Cuitl\u00e1huac - Los pol\u00edticos Veracruz<\/title>\n<meta name=\"robots\" content=\"index, follow, max-snippet:-1, max-image-preview:large, max-video-preview:-1\" \/>\n<link rel=\"canonical\" href=\"https:\/\/lospoliticosveracruz.com\/?p=54233\" \/>\n<meta property=\"og:locale\" content=\"es_ES\" \/>\n<meta property=\"og:type\" content=\"article\" \/>\n<meta property=\"og:title\" content=\"El Federalismo y Cuitl\u00e1huac - Los pol\u00edticos Veracruz\" \/>\n<meta property=\"og:description\" content=\"Ricardo Ch\u00faa Sale y Vale BUENA ACCI\u00d3N&#8230; Sin tanto aspaviento, sin estar publicitando que quieren donar sueldos o cosas por el estilo&#8230; Jorge Moreno Salinas, diputado local del PRI junto con el grupo parlamentario del PRI-PVEM donde est\u00e1n, Andrea Yunes Yunes, Erika Ayala y Antonio Garc\u00eda Reyes&#8230;. Est\u00e1n otorgando ayuda y apoyos a personas vulnerables [&hellip;]\" \/>\n<meta property=\"og:url\" content=\"https:\/\/lospoliticosveracruz.com\/?p=54233\" \/>\n<meta property=\"og:site_name\" content=\"Los pol\u00edticos Veracruz\" \/>\n<meta property=\"article:publisher\" content=\"https:\/\/www.facebook.com\/people\/Notimemes-de-los-Polticos\/61565672886568\/\" \/>\n<meta property=\"article:published_time\" content=\"2020-04-13T15:40:07+00:00\" \/>\n<meta property=\"og:image\" content=\"https:\/\/lospoliticosveracruz.com\/wp-content\/uploads\/2019\/06\/AMLO-Cuic.jpg\" \/>\n\t<meta property=\"og:image:width\" content=\"574\" \/>\n\t<meta property=\"og:image:height\" content=\"419\" \/>\n\t<meta property=\"og:image:type\" content=\"image\/jpeg\" \/>\n<meta name=\"author\" content=\"Lo viste en Los Pol\u00edticos\" \/>\n<meta name=\"twitter:card\" content=\"summary_large_image\" \/>\n<meta name=\"twitter:creator\" content=\"@LosPoliticosVer\" \/>\n<meta name=\"twitter:site\" content=\"@LosPoliticosVer\" \/>\n<meta name=\"twitter:label1\" content=\"Escrito por\" \/>\n\t<meta name=\"twitter:data1\" content=\"Lo viste en Los Pol\u00edticos\" \/>\n\t<meta name=\"twitter:label2\" content=\"Tiempo de lectura\" \/>\n\t<meta name=\"twitter:data2\" content=\"6 minutos\" \/>\n<script type=\"application\/ld+json\" class=\"yoast-schema-graph\">{\"@context\":\"https:\\\/\\\/schema.org\",\"@graph\":[{\"@type\":\"Article\",\"@id\":\"https:\\\/\\\/lospoliticosveracruz.com\\\/?p=54233#article\",\"isPartOf\":{\"@id\":\"https:\\\/\\\/lospoliticosveracruz.com\\\/?p=54233\"},\"author\":{\"name\":\"Lo viste en Los Pol\u00edticos\",\"@id\":\"https:\\\/\\\/lospoliticosveracruz.com\\\/#\\\/schema\\\/person\\\/b8702bb0e538456e6efd07080bf2a4a2\"},\"headline\":\"El Federalismo y Cuitl\u00e1huac\",\"datePublished\":\"2020-04-13T15:40:07+00:00\",\"mainEntityOfPage\":{\"@id\":\"https:\\\/\\\/lospoliticosveracruz.com\\\/?p=54233\"},\"wordCount\":1240,\"commentCount\":0,\"publisher\":{\"@id\":\"https:\\\/\\\/lospoliticosveracruz.com\\\/#organization\"},\"image\":{\"@id\":\"https:\\\/\\\/lospoliticosveracruz.com\\\/?p=54233#primaryimage\"},\"thumbnailUrl\":\"https:\\\/\\\/lospoliticosveracruz.com\\\/wp-content\\\/uploads\\\/2019\\\/06\\\/AMLO-Cuic.jpg\",\"keywords\":[\"Andrea Yunes Yunes\",\"Andr\u00e9s Manuel L\u00f3pez Obrador\",\"Boca del R\u00edo\",\"Chihuahua\",\"Coahuila\",\"coronavirus\",\"Covid 19\",\"El Bronco\",\"Enrique Alfaro\",\"Erika Ayala\",\"Jaime Rodr\u00edguez Calder\u00f3n\",\"Jalisco\",\"Jap\u00f3n\",\"Javier Corral Jurado\",\"Jorge Moreno Salinas\",\"Ley de Coordinaci\u00f3n Fiscal\",\"Miguel Angel Riquelme Sol\u00eds\",\"Nuevo Le\u00f3n\",\"Poza Rica\",\"PRI\",\"Veracruz\",\"Xalapa\"],\"articleSection\":[\"De Opini\u00f3n\"],\"inLanguage\":\"es\",\"potentialAction\":[{\"@type\":\"CommentAction\",\"name\":\"Comment\",\"target\":[\"https:\\\/\\\/lospoliticosveracruz.com\\\/?p=54233#respond\"]}]},{\"@type\":\"WebPage\",\"@id\":\"https:\\\/\\\/lospoliticosveracruz.com\\\/?p=54233\",\"url\":\"https:\\\/\\\/lospoliticosveracruz.com\\\/?p=54233\",\"name\":\"El Federalismo y Cuitl\u00e1huac - Los pol\u00edticos Veracruz\",\"isPartOf\":{\"@id\":\"https:\\\/\\\/lospoliticosveracruz.com\\\/#website\"},\"primaryImageOfPage\":{\"@id\":\"https:\\\/\\\/lospoliticosveracruz.com\\\/?p=54233#primaryimage\"},\"image\":{\"@id\":\"https:\\\/\\\/lospoliticosveracruz.com\\\/?p=54233#primaryimage\"},\"thumbnailUrl\":\"https:\\\/\\\/lospoliticosveracruz.com\\\/wp-content\\\/uploads\\\/2019\\\/06\\\/AMLO-Cuic.jpg\",\"datePublished\":\"2020-04-13T15:40:07+00:00\",\"breadcrumb\":{\"@id\":\"https:\\\/\\\/lospoliticosveracruz.com\\\/?p=54233#breadcrumb\"},\"inLanguage\":\"es\",\"potentialAction\":[{\"@type\":\"ReadAction\",\"target\":[\"https:\\\/\\\/lospoliticosveracruz.com\\\/?p=54233\"]}]},{\"@type\":\"ImageObject\",\"inLanguage\":\"es\",\"@id\":\"https:\\\/\\\/lospoliticosveracruz.com\\\/?p=54233#primaryimage\",\"url\":\"https:\\\/\\\/lospoliticosveracruz.com\\\/wp-content\\\/uploads\\\/2019\\\/06\\\/AMLO-Cuic.jpg\",\"contentUrl\":\"https:\\\/\\\/lospoliticosveracruz.com\\\/wp-content\\\/uploads\\\/2019\\\/06\\\/AMLO-Cuic.jpg\",\"width\":574,\"height\":419},{\"@type\":\"BreadcrumbList\",\"@id\":\"https:\\\/\\\/lospoliticosveracruz.com\\\/?p=54233#breadcrumb\",\"itemListElement\":[{\"@type\":\"ListItem\",\"position\":1,\"name\":\"Portada\",\"item\":\"https:\\\/\\\/lospoliticosveracruz.com\\\/\"},{\"@type\":\"ListItem\",\"position\":2,\"name\":\"El Federalismo y Cuitl\u00e1huac\"}]},{\"@type\":\"WebSite\",\"@id\":\"https:\\\/\\\/lospoliticosveracruz.com\\\/#website\",\"url\":\"https:\\\/\\\/lospoliticosveracruz.com\\\/\",\"name\":\"Los pol\u00edticos Veracruz\",\"description\":\"\",\"publisher\":{\"@id\":\"https:\\\/\\\/lospoliticosveracruz.com\\\/#organization\"},\"potentialAction\":[{\"@type\":\"SearchAction\",\"target\":{\"@type\":\"EntryPoint\",\"urlTemplate\":\"https:\\\/\\\/lospoliticosveracruz.com\\\/?s={search_term_string}\"},\"query-input\":{\"@type\":\"PropertyValueSpecification\",\"valueRequired\":true,\"valueName\":\"search_term_string\"}}],\"inLanguage\":\"es\"},{\"@type\":\"Organization\",\"@id\":\"https:\\\/\\\/lospoliticosveracruz.com\\\/#organization\",\"name\":\"Los pol\u00edticos Veracruz\",\"url\":\"https:\\\/\\\/lospoliticosveracruz.com\\\/\",\"logo\":{\"@type\":\"ImageObject\",\"inLanguage\":\"es\",\"@id\":\"https:\\\/\\\/lospoliticosveracruz.com\\\/#\\\/schema\\\/logo\\\/image\\\/\",\"url\":\"https:\\\/\\\/lospoliticosveracruz.com\\\/wp-content\\\/uploads\\\/2025\\\/12\\\/Logo-Nuevo-LOS-POLITICOS-1.jpg\",\"contentUrl\":\"https:\\\/\\\/lospoliticosveracruz.com\\\/wp-content\\\/uploads\\\/2025\\\/12\\\/Logo-Nuevo-LOS-POLITICOS-1.jpg\",\"width\":260,\"height\":70,\"caption\":\"Los pol\u00edticos Veracruz\"},\"image\":{\"@id\":\"https:\\\/\\\/lospoliticosveracruz.com\\\/#\\\/schema\\\/logo\\\/image\\\/\"},\"sameAs\":[\"https:\\\/\\\/www.facebook.com\\\/people\\\/Notimemes-de-los-Polticos\\\/61565672886568\\\/\",\"https:\\\/\\\/x.com\\\/LosPoliticosVer\"]},{\"@type\":\"Person\",\"@id\":\"https:\\\/\\\/lospoliticosveracruz.com\\\/#\\\/schema\\\/person\\\/b8702bb0e538456e6efd07080bf2a4a2\",\"name\":\"Lo viste en Los Pol\u00edticos\",\"image\":{\"@type\":\"ImageObject\",\"inLanguage\":\"es\",\"@id\":\"https:\\\/\\\/secure.gravatar.com\\\/avatar\\\/3a8de04a2656d44082be478bd6c086daa447c4651605818287b9532d3d0bd435?s=96&d=mm&r=g\",\"url\":\"https:\\\/\\\/secure.gravatar.com\\\/avatar\\\/3a8de04a2656d44082be478bd6c086daa447c4651605818287b9532d3d0bd435?s=96&d=mm&r=g\",\"contentUrl\":\"https:\\\/\\\/secure.gravatar.com\\\/avatar\\\/3a8de04a2656d44082be478bd6c086daa447c4651605818287b9532d3d0bd435?s=96&d=mm&r=g\",\"caption\":\"Lo viste en Los Pol\u00edticos\"},\"url\":\"https:\\\/\\\/lospoliticosveracruz.com\\\/?author=2\"}]}<\/script>\n<!-- \/ Yoast SEO plugin. -->","yoast_head_json":{"title":"El Federalismo y Cuitl\u00e1huac - Los pol\u00edticos Veracruz","robots":{"index":"index","follow":"follow","max-snippet":"max-snippet:-1","max-image-preview":"max-image-preview:large","max-video-preview":"max-video-preview:-1"},"canonical":"https:\/\/lospoliticosveracruz.com\/?p=54233","og_locale":"es_ES","og_type":"article","og_title":"El Federalismo y Cuitl\u00e1huac - Los pol\u00edticos Veracruz","og_description":"Ricardo Ch\u00faa Sale y Vale BUENA ACCI\u00d3N&#8230; Sin tanto aspaviento, sin estar publicitando que quieren donar sueldos o cosas por el estilo&#8230; Jorge Moreno Salinas, diputado local del PRI junto con el grupo parlamentario del PRI-PVEM donde est\u00e1n, Andrea Yunes Yunes, Erika Ayala y Antonio Garc\u00eda Reyes&#8230;. Est\u00e1n otorgando ayuda y apoyos a personas vulnerables [&hellip;]","og_url":"https:\/\/lospoliticosveracruz.com\/?p=54233","og_site_name":"Los pol\u00edticos Veracruz","article_publisher":"https:\/\/www.facebook.com\/people\/Notimemes-de-los-Polticos\/61565672886568\/","article_published_time":"2020-04-13T15:40:07+00:00","og_image":[{"width":574,"height":419,"url":"https:\/\/lospoliticosveracruz.com\/wp-content\/uploads\/2019\/06\/AMLO-Cuic.jpg","type":"image\/jpeg"}],"author":"Lo viste en Los Pol\u00edticos","twitter_card":"summary_large_image","twitter_creator":"@LosPoliticosVer","twitter_site":"@LosPoliticosVer","twitter_misc":{"Escrito por":"Lo viste en Los Pol\u00edticos","Tiempo de lectura":"6 minutos"},"schema":{"@context":"https:\/\/schema.org","@graph":[{"@type":"Article","@id":"https:\/\/lospoliticosveracruz.com\/?p=54233#article","isPartOf":{"@id":"https:\/\/lospoliticosveracruz.com\/?p=54233"},"author":{"name":"Lo viste en Los Pol\u00edticos","@id":"https:\/\/lospoliticosveracruz.com\/#\/schema\/person\/b8702bb0e538456e6efd07080bf2a4a2"},"headline":"El Federalismo y Cuitl\u00e1huac","datePublished":"2020-04-13T15:40:07+00:00","mainEntityOfPage":{"@id":"https:\/\/lospoliticosveracruz.com\/?p=54233"},"wordCount":1240,"commentCount":0,"publisher":{"@id":"https:\/\/lospoliticosveracruz.com\/#organization"},"image":{"@id":"https:\/\/lospoliticosveracruz.com\/?p=54233#primaryimage"},"thumbnailUrl":"https:\/\/lospoliticosveracruz.com\/wp-content\/uploads\/2019\/06\/AMLO-Cuic.jpg","keywords":["Andrea Yunes Yunes","Andr\u00e9s Manuel L\u00f3pez Obrador","Boca del R\u00edo","Chihuahua","Coahuila","coronavirus","Covid 19","El Bronco","Enrique Alfaro","Erika Ayala","Jaime Rodr\u00edguez Calder\u00f3n","Jalisco","Jap\u00f3n","Javier Corral Jurado","Jorge Moreno Salinas","Ley de Coordinaci\u00f3n Fiscal","Miguel Angel Riquelme Sol\u00eds","Nuevo Le\u00f3n","Poza Rica","PRI","Veracruz","Xalapa"],"articleSection":["De Opini\u00f3n"],"inLanguage":"es","potentialAction":[{"@type":"CommentAction","name":"Comment","target":["https:\/\/lospoliticosveracruz.com\/?p=54233#respond"]}]},{"@type":"WebPage","@id":"https:\/\/lospoliticosveracruz.com\/?p=54233","url":"https:\/\/lospoliticosveracruz.com\/?p=54233","name":"El Federalismo y Cuitl\u00e1huac - Los pol\u00edticos Veracruz","isPartOf":{"@id":"https:\/\/lospoliticosveracruz.com\/#website"},"primaryImageOfPage":{"@id":"https:\/\/lospoliticosveracruz.com\/?p=54233#primaryimage"},"image":{"@id":"https:\/\/lospoliticosveracruz.com\/?p=54233#primaryimage"},"thumbnailUrl":"https:\/\/lospoliticosveracruz.com\/wp-content\/uploads\/2019\/06\/AMLO-Cuic.jpg","datePublished":"2020-04-13T15:40:07+00:00","breadcrumb":{"@id":"https:\/\/lospoliticosveracruz.com\/?p=54233#breadcrumb"},"inLanguage":"es","potentialAction":[{"@type":"ReadAction","target":["https:\/\/lospoliticosveracruz.com\/?p=54233"]}]},{"@type":"ImageObject","inLanguage":"es","@id":"https:\/\/lospoliticosveracruz.com\/?p=54233#primaryimage","url":"https:\/\/lospoliticosveracruz.com\/wp-content\/uploads\/2019\/06\/AMLO-Cuic.jpg","contentUrl":"https:\/\/lospoliticosveracruz.com\/wp-content\/uploads\/2019\/06\/AMLO-Cuic.jpg","width":574,"height":419},{"@type":"BreadcrumbList","@id":"https:\/\/lospoliticosveracruz.com\/?p=54233#breadcrumb","itemListElement":[{"@type":"ListItem","position":1,"name":"Portada","item":"https:\/\/lospoliticosveracruz.com\/"},{"@type":"ListItem","position":2,"name":"El Federalismo y Cuitl\u00e1huac"}]},{"@type":"WebSite","@id":"https:\/\/lospoliticosveracruz.com\/#website","url":"https:\/\/lospoliticosveracruz.com\/","name":"Los pol\u00edticos Veracruz","description":"","publisher":{"@id":"https:\/\/lospoliticosveracruz.com\/#organization"},"potentialAction":[{"@type":"SearchAction","target":{"@type":"EntryPoint","urlTemplate":"https:\/\/lospoliticosveracruz.com\/?s={search_term_string}"},"query-input":{"@type":"PropertyValueSpecification","valueRequired":true,"valueName":"search_term_string"}}],"inLanguage":"es"},{"@type":"Organization","@id":"https:\/\/lospoliticosveracruz.com\/#organization","name":"Los pol\u00edticos Veracruz","url":"https:\/\/lospoliticosveracruz.com\/","logo":{"@type":"ImageObject","inLanguage":"es","@id":"https:\/\/lospoliticosveracruz.com\/#\/schema\/logo\/image\/","url":"https:\/\/lospoliticosveracruz.com\/wp-content\/uploads\/2025\/12\/Logo-Nuevo-LOS-POLITICOS-1.jpg","contentUrl":"https:\/\/lospoliticosveracruz.com\/wp-content\/uploads\/2025\/12\/Logo-Nuevo-LOS-POLITICOS-1.jpg","width":260,"height":70,"caption":"Los pol\u00edticos Veracruz"},"image":{"@id":"https:\/\/lospoliticosveracruz.com\/#\/schema\/logo\/image\/"},"sameAs":["https:\/\/www.facebook.com\/people\/Notimemes-de-los-Polticos\/61565672886568\/","https:\/\/x.com\/LosPoliticosVer"]},{"@type":"Person","@id":"https:\/\/lospoliticosveracruz.com\/#\/schema\/person\/b8702bb0e538456e6efd07080bf2a4a2","name":"Lo viste en Los Pol\u00edticos","image":{"@type":"ImageObject","inLanguage":"es","@id":"https:\/\/secure.gravatar.com\/avatar\/3a8de04a2656d44082be478bd6c086daa447c4651605818287b9532d3d0bd435?s=96&d=mm&r=g","url":"https:\/\/secure.gravatar.com\/avatar\/3a8de04a2656d44082be478bd6c086daa447c4651605818287b9532d3d0bd435?s=96&d=mm&r=g","contentUrl":"https:\/\/secure.gravatar.com\/avatar\/3a8de04a2656d44082be478bd6c086daa447c4651605818287b9532d3d0bd435?s=96&d=mm&r=g","caption":"Lo viste en Los Pol\u00edticos"},"url":"https:\/\/lospoliticosveracruz.com\/?author=2"}]}},"_links":{"self":[{"href":"https:\/\/lospoliticosveracruz.com\/index.php?rest_route=\/wp\/v2\/posts\/54233","targetHints":{"allow":["GET"]}}],"collection":[{"href":"https:\/\/lospoliticosveracruz.com\/index.php?rest_route=\/wp\/v2\/posts"}],"about":[{"href":"https:\/\/lospoliticosveracruz.com\/index.php?rest_route=\/wp\/v2\/types\/post"}],"author":[{"embeddable":true,"href":"https:\/\/lospoliticosveracruz.com\/index.php?rest_route=\/wp\/v2\/users\/2"}],"replies":[{"embeddable":true,"href":"https:\/\/lospoliticosveracruz.com\/index.php?rest_route=%2Fwp%2Fv2%2Fcomments&post=54233"}],"version-history":[{"count":1,"href":"https:\/\/lospoliticosveracruz.com\/index.php?rest_route=\/wp\/v2\/posts\/54233\/revisions"}],"predecessor-version":[{"id":54234,"href":"https:\/\/lospoliticosveracruz.com\/index.php?rest_route=\/wp\/v2\/posts\/54233\/revisions\/54234"}],"wp:featuredmedia":[{"embeddable":true,"href":"https:\/\/lospoliticosveracruz.com\/index.php?rest_route=\/wp\/v2\/media\/48574"}],"wp:attachment":[{"href":"https:\/\/lospoliticosveracruz.com\/index.php?rest_route=%2Fwp%2Fv2%2Fmedia&parent=54233"}],"wp:term":[{"taxonomy":"category","embeddable":true,"href":"https:\/\/lospoliticosveracruz.com\/index.php?rest_route=%2Fwp%2Fv2%2Fcategories&post=54233"},{"taxonomy":"post_tag","embeddable":true,"href":"https:\/\/lospoliticosveracruz.com\/index.php?rest_route=%2Fwp%2Fv2%2Ftags&post=54233"}],"curies":[{"name":"wp","href":"https:\/\/api.w.org\/{rel}","templated":true}]}}