{"id":54254,"date":"2020-04-14T08:50:59","date_gmt":"2020-04-14T13:50:59","guid":{"rendered":"http:\/\/www.lospoliticosveracruz.com.mx\/?p=54254"},"modified":"2020-04-14T08:50:59","modified_gmt":"2020-04-14T13:50:59","slug":"15-meses-ineditos","status":"publish","type":"post","link":"https:\/\/lospoliticosveracruz.com\/?p=54254","title":{"rendered":"15 meses in\u00e9ditos"},"content":{"rendered":"<p><strong>Ricardo Ch\u00faa<\/strong><\/p>\n<p><em>Sale y Vale<\/em><\/p>\n<p>OJO&#8230; Dicen las \u00ablenguas de doble filo\u00bb que el personaje al que le vino como \u00abanillo al dedo\u00bb la contingencia sanitaria del Coronavirus&#8230; No es a un pol\u00edtico o gobernante de MORENA&#8230; NO&#8230; Es a un panista&#8230; Y ese personaje, es nada menos, que Joaqu\u00edn Rosendo Guzm\u00e1n Avil\u00e9s \u00abEl Chapito\u00bb&#8230;. Quien en este momento funge como dirigente estatal del PAN,&#8230; Ya que a diferencia de sus hom\u00f3logos del PRI y del PRD que anda activos en redes sociales&#8230; El de Tantoyuca est\u00e1 muy callado&#8230; Es m\u00e1s en demas\u00eda&#8230;<\/p>\n<p>Pero quienes saben del tema&#8230; Comentan que el panista anda \u00abcallao\u00bb no porque este tramando algo&#8230; NO&#8230; El \u00abChapito\u00bb ha guardado silencio en la \u00abcuarentena\u00bb porque s\u00f3lo esta ESPERANDO QUE EL TIEMPO PASE.. Y su CUENTA P\u00daBLICA cuando fue titular de SEDARPA en bienio de MIguel Angel Yunes&#8230;. Pase sin pena, ni gloria&#8230; S\u00f3lo que se la aprueben&#8230;. \u00bfQui\u00e9n se acuerda de ese problema que era un esc\u00e1ndalo en diciembre pasado?&#8230;. \u00bfNo le cay\u00f3 entonces como -anillo- al dedo?&#8230; El Chapito a la espera de su absoluci\u00f3n..<\/p>\n<p>LA EXHIBIDA&#8230; Vaya manera de hacerse presente de la diputada local, Nora Lagunes&#8230; Que de nuevo volvi\u00f3 ser noticia en su distrito en Huatusco&#8230; Ya que adem\u00e1s de publicitar toda la ayuda que ha llevado a este sitio, entregando gel y otro tipo de ayuda por el Covid-19&#8230; Pero aprovechando esa \u00abapoyo\u00bb lo hace a trav\u00e9s de una asociaci\u00f3n pol\u00edtica, que hacen patente que es ella y que esa reciprocidad lo espera de la gente en 2021&#8230; Cuando son elecciones para lo que se ofrezca&#8230;.<\/p>\n<p>Ayer especific\u00e1bamos la labor del grupo legislativo PRI-PVEM del Congreso Local&#8230;. Dado que ellos est\u00e1n ayudando a poblaci\u00f3n vulnerable, sin publicitarlo y de manera discreta&#8230;. Pero en Huatusco, Nora Lagunes hace todo lo contrario&#8230; Y lo que es peor, no respetando el tema de la Pandemia&#8230; Todav\u00eda en esos d\u00edas de entrega de apoyos, organiza partidos de b\u00e9isbol de infantes&#8230; Que va contra toda las reglas de aglomeraci\u00f3n de personas y no se respeta la \u00absana distancia\u00bb&#8230; Ojal\u00e1, de esas reuniones, no salga un ni\u00f1o contagiado de ese mal&#8230;<\/p>\n<p>Todo sucedi\u00f3 en la comunidad de \u00abSan Felipe\u00bb del municipio de Comapa, el pasado 4 de abril por la tarde, se organiz\u00f3 este juego de b\u00e9isbol&#8230; Al terminar, lleg\u00f3 un representante de Nora Lagunes, de nombre Rodrigo Blanco, quien entreg\u00f3 equipo deportivo a ni\u00f1os y les coment\u00f3 que \u00abapenas pasara la pandemia, se organizar\u00eda otro juego de beis para seguirlos apoyando\u00bb&#8230; Vaya caso&#8230; Por un lado promueve acciones contra el COVID y por otro junta ni\u00f1os que son \u00abcaldo de cultivo\u00bb de esta enfermedad&#8230; QUE INCONGRUENTE&#8230;<\/p>\n<p>MORENA, LA CA\u00cdDA&#8230;. Encuestas publicadas este lunes en distintos medios de comunicaci\u00f3n y redes sociales dan a conocer como el partido MORENA.. A dos a\u00f1os de haber tomado el poder pol\u00edtico en casi todo M\u00e9xico&#8230; Ha ca\u00eddo de enero a la fecha, de un 43 por ciento en aprobaci\u00f3n ciudadana, a s\u00f3lo un 18 por ciento en casi todas las entidades del pa\u00eds, incluido Veracruz&#8230; Duro golpe para el gobierno de Andr\u00e9s Manuel L\u00f3pez Obrador&#8230; Y el momento m\u00e1s tr\u00e1gico en materia pol\u00edtica para el gobernador, Cuitl\u00e1huac Garc\u00eda&#8230;<\/p>\n<p>El asunto de esta ca\u00edda se ver\u00e1 reflejado en el 2021 en las elecciones locales y federales&#8230; Se est\u00e1 viendo como est\u00e1n creciendo los perfiles pol\u00edticos y ciudadanos que tiene la oposici\u00f3n y m\u00e1s si logran una alianza PRI-PAN-PRD y quiz\u00e1s Movimiento Ciudadano&#8230; Y esa perdida de preferencias, tambi\u00e9n es debido a que MORENA no tiene una base&#8230; Menos cuadros pol\u00edticos suficientes&#8230; Ese es el verdadero conflicto de AMLO y sus gobernadores de MORENA&#8230;<\/p>\n<p>Pero hay que ver a los gobernadores de oposici\u00f3n en M\u00e9xico&#8230; De los cuales, se puede dividir en tres tipos: Los \u00ablambiscones\u00bb, los que le son contrarios a sus pol\u00edticas y en abierto&#8230; M\u00e1s los que navegan a donde conviene&#8230; Adem\u00e1s ya tiene encima, al menos, al 90 por ciento del empresariado en el pa\u00eds&#8230; Pero de todo eso, lo que es un l\u00e1stima es que ninguno de los 100 m\u00e1s ricos empresarios sale aun dar la cara para definir una postura&#8230; El miedo al SAT es inmenso y eso los hace que s\u00f3lo \u00abchillen\u00bb pero no participen&#8230;<\/p>\n<p>Al final&#8230; Esos 100 empresarios m\u00e1s ricos tambi\u00e9n se acomodan a sus intereses&#8230; Pero independientemente de la postura empresarial&#8230; MORENA cae en preferencias porque ya son demasiadas crisis juntas en contra del gobierno federal o estatal&#8230; Como nunca antes&#8230; Y a muchos de esos gobernadores Morenos se les nota incapaz de poder sacar a su partido a flote&#8230; Marcelo Ebrard les hace mucho el paro&#8230;. Pero no lo es todo&#8230; Sus mandatarios estatales con sus acciones est\u00e1n llevando a perder puntos a su partido&#8230;<\/p>\n<p>MORENA cae tambi\u00e9n porque L\u00f3pez Obrador est\u00e1 demostrado debilidad ante la sociedad civil y su credibilidad va a la baja&#8230; Como Cuitl\u00e1huac Garc\u00eda le pasa en Veracruz&#8230; Nunca en la historia moderna de M\u00e9xico se hab\u00eda visto que a 15 meses de gobierno&#8230; A un Presidente ya se le hayan puesto al \u00abbrinco\u00bb gobernadores, sociedad civil y algunas c\u00e1maras empresariales&#8230; M\u00e1s los frentes abiertos con medios de comunicaci\u00f3n.. Y hasta con el Ex Presidente, Felipe Calder\u00f3n&#8230;<\/p>\n<p>Adem\u00e1s se ve un gabinete federal OBSOLETO para enfrentar la pandemia&#8230; Por eso, las muestras de las encuestas se\u00f1alan la ca\u00edda.. En Veracruz, no tiene porque ser diferente&#8230; Aunado a las \u00abbroncas\u00bb internas de su partido, que aun no pueden elegir a un nuevo l\u00edder nacional&#8230; Sus pol\u00edticos se ven dudosos&#8230; Al final de cuentas, el Coronavirus le demostr\u00f3 a los Morenos que \u00abno son asintom\u00e1ticos\u00bb&#8230; Ya que nunca lo consolidaron como partido&#8230; Y ahora est\u00e1n pagando las consecuencias con esta \u00abenfermedad\u00bb de la desaprobaci\u00f3n ciudadana&#8230;<\/p>\n<p>En Veracruz y el pa\u00eds&#8230; MORENA tiene demasiadas tribus&#8230; Es parecida al PRD&#8230; Lleno de personajes que no son capaces de hacer pol\u00edtica&#8230; Sin oficio, ni preparaci\u00f3n&#8230; Por eso, los sondeos demuestran que el \u00abcolapso\u00bb pol\u00edtica vendr\u00e1 pasando la pandemia o las elecci\u00f3n del 2021&#8230; Ya que no se ve como contenga la crisis interna y ni como pedir el voto de confianza de la ciudadan\u00eda&#8230;. Ante esto su debilidad y el crecimiento de sus detractores crecer\u00e1&#8230; La crisis del COVID ya tuvo su primera victima pol\u00edtica: MORENA&#8230;. C\u00f3mo creen que le vaya a Veracruz de Cuit\u00e1huac Garc\u00eda&#8230; CONSUMATUM EST&#8230;<\/p>\n","protected":false},"excerpt":{"rendered":"<p>Ricardo Ch\u00faa Sale y Vale OJO&#8230; Dicen las \u00ablenguas de doble filo\u00bb que el personaje al que le vino como \u00abanillo al dedo\u00bb la contingencia sanitaria del Coronavirus&#8230; No es a un pol\u00edtico o gobernante de MORENA&#8230; NO&#8230; Es a un panista&#8230; Y ese personaje, es nada menos, que Joaqu\u00edn Rosendo Guzm\u00e1n Avil\u00e9s \u00abEl Chapito\u00bb&#8230;. [&hellip;]<\/p>\n","protected":false},"author":2,"featured_media":0,"comment_status":"open","ping_status":"open","sticky":false,"template":"","format":"standard","meta":{"tdm_status":"","tdm_grid_status":"","footnotes":""},"categories":[70],"tags":[618,17074,16264,16969,2814,1026,13604,195],"class_list":{"0":"post-54254","1":"post","2":"type-post","3":"status-publish","4":"format-standard","6":"category-de-opinion","7":"tag-andres-manuel-lopez-obrador","8":"tag-contingencia-sanitaria","9":"tag-coronavirus","10":"tag-cuarentena","11":"tag-joaquin-rosendo-guzman-aviles","12":"tag-morena","13":"tag-ricardo-chua","14":"tag-veracruz"},"yoast_head":"<!-- This site is optimized with the Yoast SEO plugin v27.4 - https:\/\/yoast.com\/product\/yoast-seo-wordpress\/ -->\n<title>15 meses in\u00e9ditos - Los pol\u00edticos Veracruz<\/title>\n<meta name=\"robots\" content=\"index, follow, max-snippet:-1, max-image-preview:large, max-video-preview:-1\" \/>\n<link rel=\"canonical\" href=\"https:\/\/lospoliticosveracruz.com\/?p=54254\" \/>\n<meta property=\"og:locale\" content=\"es_ES\" \/>\n<meta property=\"og:type\" content=\"article\" \/>\n<meta property=\"og:title\" content=\"15 meses in\u00e9ditos - Los pol\u00edticos Veracruz\" \/>\n<meta property=\"og:description\" content=\"Ricardo Ch\u00faa Sale y Vale OJO&#8230; Dicen las \u00ablenguas de doble filo\u00bb que el personaje al que le vino como \u00abanillo al dedo\u00bb la contingencia sanitaria del Coronavirus&#8230; No es a un pol\u00edtico o gobernante de MORENA&#8230; NO&#8230; Es a un panista&#8230; Y ese personaje, es nada menos, que Joaqu\u00edn Rosendo Guzm\u00e1n Avil\u00e9s \u00abEl Chapito\u00bb&#8230;. [&hellip;]\" \/>\n<meta property=\"og:url\" content=\"https:\/\/lospoliticosveracruz.com\/?p=54254\" \/>\n<meta property=\"og:site_name\" content=\"Los pol\u00edticos Veracruz\" \/>\n<meta property=\"article:publisher\" content=\"https:\/\/www.facebook.com\/people\/Notimemes-de-los-Polticos\/61565672886568\/\" \/>\n<meta property=\"article:published_time\" content=\"2020-04-14T13:50:59+00:00\" \/>\n<meta property=\"og:image\" content=\"https:\/\/lospoliticosveracruz.com\/wp-content\/uploads\/2016\/07\/Logo-Dor.jpg\" \/>\n\t<meta property=\"og:image:width\" content=\"200\" \/>\n\t<meta property=\"og:image:height\" content=\"200\" \/>\n\t<meta property=\"og:image:type\" content=\"image\/jpeg\" \/>\n<meta name=\"author\" content=\"Lo viste en Los Pol\u00edticos\" \/>\n<meta name=\"twitter:card\" content=\"summary_large_image\" \/>\n<meta name=\"twitter:creator\" content=\"@LosPoliticosVer\" \/>\n<meta name=\"twitter:site\" content=\"@LosPoliticosVer\" \/>\n<meta name=\"twitter:label1\" content=\"Escrito por\" \/>\n\t<meta name=\"twitter:data1\" content=\"Lo viste en Los Pol\u00edticos\" \/>\n\t<meta name=\"twitter:label2\" content=\"Tiempo de lectura\" \/>\n\t<meta name=\"twitter:data2\" content=\"6 minutos\" \/>\n<script type=\"application\/ld+json\" class=\"yoast-schema-graph\">{\"@context\":\"https:\\\/\\\/schema.org\",\"@graph\":[{\"@type\":\"Article\",\"@id\":\"https:\\\/\\\/lospoliticosveracruz.com\\\/?p=54254#article\",\"isPartOf\":{\"@id\":\"https:\\\/\\\/lospoliticosveracruz.com\\\/?p=54254\"},\"author\":{\"name\":\"Lo viste en Los Pol\u00edticos\",\"@id\":\"https:\\\/\\\/lospoliticosveracruz.com\\\/#\\\/schema\\\/person\\\/b8702bb0e538456e6efd07080bf2a4a2\"},\"headline\":\"15 meses in\u00e9ditos\",\"datePublished\":\"2020-04-14T13:50:59+00:00\",\"mainEntityOfPage\":{\"@id\":\"https:\\\/\\\/lospoliticosveracruz.com\\\/?p=54254\"},\"wordCount\":1133,\"commentCount\":0,\"publisher\":{\"@id\":\"https:\\\/\\\/lospoliticosveracruz.com\\\/#organization\"},\"keywords\":[\"Andr\u00e9s Manuel L\u00f3pez Obrador\",\"Contingencia Sanitaria\",\"coronavirus\",\"Cuarentena\",\"Joaqu\u00edn Rosendo Guzm\u00e1n Avil\u00e9s\",\"Morena\",\"Ricardo Ch\u00faa\",\"Veracruz\"],\"articleSection\":[\"De Opini\u00f3n\"],\"inLanguage\":\"es\",\"potentialAction\":[{\"@type\":\"CommentAction\",\"name\":\"Comment\",\"target\":[\"https:\\\/\\\/lospoliticosveracruz.com\\\/?p=54254#respond\"]}]},{\"@type\":\"WebPage\",\"@id\":\"https:\\\/\\\/lospoliticosveracruz.com\\\/?p=54254\",\"url\":\"https:\\\/\\\/lospoliticosveracruz.com\\\/?p=54254\",\"name\":\"15 meses in\u00e9ditos - Los pol\u00edticos Veracruz\",\"isPartOf\":{\"@id\":\"https:\\\/\\\/lospoliticosveracruz.com\\\/#website\"},\"datePublished\":\"2020-04-14T13:50:59+00:00\",\"breadcrumb\":{\"@id\":\"https:\\\/\\\/lospoliticosveracruz.com\\\/?p=54254#breadcrumb\"},\"inLanguage\":\"es\",\"potentialAction\":[{\"@type\":\"ReadAction\",\"target\":[\"https:\\\/\\\/lospoliticosveracruz.com\\\/?p=54254\"]}]},{\"@type\":\"BreadcrumbList\",\"@id\":\"https:\\\/\\\/lospoliticosveracruz.com\\\/?p=54254#breadcrumb\",\"itemListElement\":[{\"@type\":\"ListItem\",\"position\":1,\"name\":\"Portada\",\"item\":\"https:\\\/\\\/lospoliticosveracruz.com\\\/\"},{\"@type\":\"ListItem\",\"position\":2,\"name\":\"15 meses in\u00e9ditos\"}]},{\"@type\":\"WebSite\",\"@id\":\"https:\\\/\\\/lospoliticosveracruz.com\\\/#website\",\"url\":\"https:\\\/\\\/lospoliticosveracruz.com\\\/\",\"name\":\"Los pol\u00edticos Veracruz\",\"description\":\"\",\"publisher\":{\"@id\":\"https:\\\/\\\/lospoliticosveracruz.com\\\/#organization\"},\"potentialAction\":[{\"@type\":\"SearchAction\",\"target\":{\"@type\":\"EntryPoint\",\"urlTemplate\":\"https:\\\/\\\/lospoliticosveracruz.com\\\/?s={search_term_string}\"},\"query-input\":{\"@type\":\"PropertyValueSpecification\",\"valueRequired\":true,\"valueName\":\"search_term_string\"}}],\"inLanguage\":\"es\"},{\"@type\":\"Organization\",\"@id\":\"https:\\\/\\\/lospoliticosveracruz.com\\\/#organization\",\"name\":\"Los pol\u00edticos Veracruz\",\"url\":\"https:\\\/\\\/lospoliticosveracruz.com\\\/\",\"logo\":{\"@type\":\"ImageObject\",\"inLanguage\":\"es\",\"@id\":\"https:\\\/\\\/lospoliticosveracruz.com\\\/#\\\/schema\\\/logo\\\/image\\\/\",\"url\":\"https:\\\/\\\/lospoliticosveracruz.com\\\/wp-content\\\/uploads\\\/2025\\\/12\\\/Logo-Nuevo-LOS-POLITICOS-1.jpg\",\"contentUrl\":\"https:\\\/\\\/lospoliticosveracruz.com\\\/wp-content\\\/uploads\\\/2025\\\/12\\\/Logo-Nuevo-LOS-POLITICOS-1.jpg\",\"width\":260,\"height\":70,\"caption\":\"Los pol\u00edticos Veracruz\"},\"image\":{\"@id\":\"https:\\\/\\\/lospoliticosveracruz.com\\\/#\\\/schema\\\/logo\\\/image\\\/\"},\"sameAs\":[\"https:\\\/\\\/www.facebook.com\\\/people\\\/Notimemes-de-los-Polticos\\\/61565672886568\\\/\",\"https:\\\/\\\/x.com\\\/LosPoliticosVer\"]},{\"@type\":\"Person\",\"@id\":\"https:\\\/\\\/lospoliticosveracruz.com\\\/#\\\/schema\\\/person\\\/b8702bb0e538456e6efd07080bf2a4a2\",\"name\":\"Lo viste en Los Pol\u00edticos\",\"image\":{\"@type\":\"ImageObject\",\"inLanguage\":\"es\",\"@id\":\"https:\\\/\\\/secure.gravatar.com\\\/avatar\\\/3a8de04a2656d44082be478bd6c086daa447c4651605818287b9532d3d0bd435?s=96&d=mm&r=g\",\"url\":\"https:\\\/\\\/secure.gravatar.com\\\/avatar\\\/3a8de04a2656d44082be478bd6c086daa447c4651605818287b9532d3d0bd435?s=96&d=mm&r=g\",\"contentUrl\":\"https:\\\/\\\/secure.gravatar.com\\\/avatar\\\/3a8de04a2656d44082be478bd6c086daa447c4651605818287b9532d3d0bd435?s=96&d=mm&r=g\",\"caption\":\"Lo viste en Los Pol\u00edticos\"},\"url\":\"https:\\\/\\\/lospoliticosveracruz.com\\\/?author=2\"}]}<\/script>\n<!-- \/ Yoast SEO plugin. -->","yoast_head_json":{"title":"15 meses in\u00e9ditos - Los pol\u00edticos Veracruz","robots":{"index":"index","follow":"follow","max-snippet":"max-snippet:-1","max-image-preview":"max-image-preview:large","max-video-preview":"max-video-preview:-1"},"canonical":"https:\/\/lospoliticosveracruz.com\/?p=54254","og_locale":"es_ES","og_type":"article","og_title":"15 meses in\u00e9ditos - Los pol\u00edticos Veracruz","og_description":"Ricardo Ch\u00faa Sale y Vale OJO&#8230; Dicen las \u00ablenguas de doble filo\u00bb que el personaje al que le vino como \u00abanillo al dedo\u00bb la contingencia sanitaria del Coronavirus&#8230; No es a un pol\u00edtico o gobernante de MORENA&#8230; NO&#8230; Es a un panista&#8230; Y ese personaje, es nada menos, que Joaqu\u00edn Rosendo Guzm\u00e1n Avil\u00e9s \u00abEl Chapito\u00bb&#8230;. [&hellip;]","og_url":"https:\/\/lospoliticosveracruz.com\/?p=54254","og_site_name":"Los pol\u00edticos Veracruz","article_publisher":"https:\/\/www.facebook.com\/people\/Notimemes-de-los-Polticos\/61565672886568\/","article_published_time":"2020-04-14T13:50:59+00:00","og_image":[{"width":200,"height":200,"url":"https:\/\/lospoliticosveracruz.com\/wp-content\/uploads\/2016\/07\/Logo-Dor.jpg","type":"image\/jpeg"}],"author":"Lo viste en Los Pol\u00edticos","twitter_card":"summary_large_image","twitter_creator":"@LosPoliticosVer","twitter_site":"@LosPoliticosVer","twitter_misc":{"Escrito por":"Lo viste en Los Pol\u00edticos","Tiempo de lectura":"6 minutos"},"schema":{"@context":"https:\/\/schema.org","@graph":[{"@type":"Article","@id":"https:\/\/lospoliticosveracruz.com\/?p=54254#article","isPartOf":{"@id":"https:\/\/lospoliticosveracruz.com\/?p=54254"},"author":{"name":"Lo viste en Los Pol\u00edticos","@id":"https:\/\/lospoliticosveracruz.com\/#\/schema\/person\/b8702bb0e538456e6efd07080bf2a4a2"},"headline":"15 meses in\u00e9ditos","datePublished":"2020-04-14T13:50:59+00:00","mainEntityOfPage":{"@id":"https:\/\/lospoliticosveracruz.com\/?p=54254"},"wordCount":1133,"commentCount":0,"publisher":{"@id":"https:\/\/lospoliticosveracruz.com\/#organization"},"keywords":["Andr\u00e9s Manuel L\u00f3pez Obrador","Contingencia Sanitaria","coronavirus","Cuarentena","Joaqu\u00edn Rosendo Guzm\u00e1n Avil\u00e9s","Morena","Ricardo Ch\u00faa","Veracruz"],"articleSection":["De Opini\u00f3n"],"inLanguage":"es","potentialAction":[{"@type":"CommentAction","name":"Comment","target":["https:\/\/lospoliticosveracruz.com\/?p=54254#respond"]}]},{"@type":"WebPage","@id":"https:\/\/lospoliticosveracruz.com\/?p=54254","url":"https:\/\/lospoliticosveracruz.com\/?p=54254","name":"15 meses in\u00e9ditos - Los pol\u00edticos Veracruz","isPartOf":{"@id":"https:\/\/lospoliticosveracruz.com\/#website"},"datePublished":"2020-04-14T13:50:59+00:00","breadcrumb":{"@id":"https:\/\/lospoliticosveracruz.com\/?p=54254#breadcrumb"},"inLanguage":"es","potentialAction":[{"@type":"ReadAction","target":["https:\/\/lospoliticosveracruz.com\/?p=54254"]}]},{"@type":"BreadcrumbList","@id":"https:\/\/lospoliticosveracruz.com\/?p=54254#breadcrumb","itemListElement":[{"@type":"ListItem","position":1,"name":"Portada","item":"https:\/\/lospoliticosveracruz.com\/"},{"@type":"ListItem","position":2,"name":"15 meses in\u00e9ditos"}]},{"@type":"WebSite","@id":"https:\/\/lospoliticosveracruz.com\/#website","url":"https:\/\/lospoliticosveracruz.com\/","name":"Los pol\u00edticos Veracruz","description":"","publisher":{"@id":"https:\/\/lospoliticosveracruz.com\/#organization"},"potentialAction":[{"@type":"SearchAction","target":{"@type":"EntryPoint","urlTemplate":"https:\/\/lospoliticosveracruz.com\/?s={search_term_string}"},"query-input":{"@type":"PropertyValueSpecification","valueRequired":true,"valueName":"search_term_string"}}],"inLanguage":"es"},{"@type":"Organization","@id":"https:\/\/lospoliticosveracruz.com\/#organization","name":"Los pol\u00edticos Veracruz","url":"https:\/\/lospoliticosveracruz.com\/","logo":{"@type":"ImageObject","inLanguage":"es","@id":"https:\/\/lospoliticosveracruz.com\/#\/schema\/logo\/image\/","url":"https:\/\/lospoliticosveracruz.com\/wp-content\/uploads\/2025\/12\/Logo-Nuevo-LOS-POLITICOS-1.jpg","contentUrl":"https:\/\/lospoliticosveracruz.com\/wp-content\/uploads\/2025\/12\/Logo-Nuevo-LOS-POLITICOS-1.jpg","width":260,"height":70,"caption":"Los pol\u00edticos Veracruz"},"image":{"@id":"https:\/\/lospoliticosveracruz.com\/#\/schema\/logo\/image\/"},"sameAs":["https:\/\/www.facebook.com\/people\/Notimemes-de-los-Polticos\/61565672886568\/","https:\/\/x.com\/LosPoliticosVer"]},{"@type":"Person","@id":"https:\/\/lospoliticosveracruz.com\/#\/schema\/person\/b8702bb0e538456e6efd07080bf2a4a2","name":"Lo viste en Los Pol\u00edticos","image":{"@type":"ImageObject","inLanguage":"es","@id":"https:\/\/secure.gravatar.com\/avatar\/3a8de04a2656d44082be478bd6c086daa447c4651605818287b9532d3d0bd435?s=96&d=mm&r=g","url":"https:\/\/secure.gravatar.com\/avatar\/3a8de04a2656d44082be478bd6c086daa447c4651605818287b9532d3d0bd435?s=96&d=mm&r=g","contentUrl":"https:\/\/secure.gravatar.com\/avatar\/3a8de04a2656d44082be478bd6c086daa447c4651605818287b9532d3d0bd435?s=96&d=mm&r=g","caption":"Lo viste en Los Pol\u00edticos"},"url":"https:\/\/lospoliticosveracruz.com\/?author=2"}]}},"_links":{"self":[{"href":"https:\/\/lospoliticosveracruz.com\/index.php?rest_route=\/wp\/v2\/posts\/54254","targetHints":{"allow":["GET"]}}],"collection":[{"href":"https:\/\/lospoliticosveracruz.com\/index.php?rest_route=\/wp\/v2\/posts"}],"about":[{"href":"https:\/\/lospoliticosveracruz.com\/index.php?rest_route=\/wp\/v2\/types\/post"}],"author":[{"embeddable":true,"href":"https:\/\/lospoliticosveracruz.com\/index.php?rest_route=\/wp\/v2\/users\/2"}],"replies":[{"embeddable":true,"href":"https:\/\/lospoliticosveracruz.com\/index.php?rest_route=%2Fwp%2Fv2%2Fcomments&post=54254"}],"version-history":[{"count":1,"href":"https:\/\/lospoliticosveracruz.com\/index.php?rest_route=\/wp\/v2\/posts\/54254\/revisions"}],"predecessor-version":[{"id":54256,"href":"https:\/\/lospoliticosveracruz.com\/index.php?rest_route=\/wp\/v2\/posts\/54254\/revisions\/54256"}],"wp:attachment":[{"href":"https:\/\/lospoliticosveracruz.com\/index.php?rest_route=%2Fwp%2Fv2%2Fmedia&parent=54254"}],"wp:term":[{"taxonomy":"category","embeddable":true,"href":"https:\/\/lospoliticosveracruz.com\/index.php?rest_route=%2Fwp%2Fv2%2Fcategories&post=54254"},{"taxonomy":"post_tag","embeddable":true,"href":"https:\/\/lospoliticosveracruz.com\/index.php?rest_route=%2Fwp%2Fv2%2Ftags&post=54254"}],"curies":[{"name":"wp","href":"https:\/\/api.w.org\/{rel}","templated":true}]}}